{"id":3509,"date":"2021-05-17T01:10:37","date_gmt":"2021-05-17T04:10:37","guid":{"rendered":"https:\/\/ocoerente.com.br\/se\/?p=3509"},"modified":"2021-05-17T01:10:40","modified_gmt":"2021-05-17T04:10:40","slug":"bruno-covas-foi-um-grande-politico-um-prefeito-bastante-atuante-diz-prefeito-edvaldo","status":"publish","type":"post","link":"https:\/\/ocoerente.com.br\/se\/2021\/05\/17\/bruno-covas-foi-um-grande-politico-um-prefeito-bastante-atuante-diz-prefeito-edvaldo\/","title":{"rendered":"Bruno Covas foi um grande pol\u00edtico, um prefeito bastante atuante, diz prefeito Edvaldo."},"content":{"rendered":"\n<p>Bruno Covas foi um grande pol\u00edtico, um prefeito bastante atuante, reconhecido pela popula\u00e7\u00e3o de S\u00e3o Paulo, que o reelegeu no ano passado. Um jovem talento da pol\u00edtica brasileira, que nos deixa t\u00e3o prematuramente neste domingo, em decorr\u00eancia do c\u00e2ncer.<\/p>\n\n\n\n<p>Recentemente, se tornou o meu primeiro vice-presidente na Frente Nacional de Prefeitos, cargo que aceitou ocupar mesmo j\u00e1 estando em tratamento m\u00e9dico, o que demonstrou sua garra e disposi\u00e7\u00e3o para o trabalho e para a defesa dos munic\u00edpios.<\/p>\n\n\n\n<p>Bruno lutou bravamente contra a doen\u00e7a e sempre fez quest\u00e3o de se manter pr\u00f3ximo do trabalho e da sua miss\u00e3o de cuidar da maior cidade do Brasil. Toda a minha solidariedade aos familiares, em especial seu filho Tom\u00e1s, e amigos por esta perda t\u00e3o grande. V\u00e1 em paz, meu amigo! \ud83d\ude4f<\/p>\n","protected":false},"excerpt":{"rendered":"<p>Bruno Covas foi um grande pol\u00edtico, um prefeito bastante atuante, reconhecido pela popula\u00e7\u00e3o de S\u00e3o Paulo, que o reelegeu no ano passado. Um jovem talento da pol\u00edtica brasileira, que nos deixa t\u00e3o prematuramente neste domingo, em decorr\u00eancia do c\u00e2ncer. Recentemente, se tornou o meu primeiro vice-presidente na Frente Nacional de Prefeitos, cargo que aceitou ocupar [&hellip;]<\/p>\n","protected":false},"author":1,"featured_media":3510,"comment_status":"closed","ping_status":"closed","sticky":false,"template":"","format":"standard","meta":{"footnotes":""},"categories":[48,53],"tags":[],"class_list":["post-3509","post","type-post","status-publish","format-standard","has-post-thumbnail","hentry","category-brasil","category-destaques"],"yoast_head":"<!-- This site is optimized with the Yoast SEO plugin v27.4 - https:\/\/yoast.com\/product\/yoast-seo-wordpress\/ -->\n<title>Bruno Covas foi um grande pol\u00edtico, um prefeito bastante atuante, diz prefeito Edvaldo. - O Coerente<\/title>\n<meta name=\"robots\" content=\"index, follow, max-snippet:-1, max-image-preview:large, max-video-preview:-1\" \/>\n<link rel=\"canonical\" href=\"https:\/\/ocoerente.com.br\/se\/2021\/05\/17\/bruno-covas-foi-um-grande-politico-um-prefeito-bastante-atuante-diz-prefeito-edvaldo\/\" \/>\n<meta property=\"og:locale\" content=\"pt_BR\" \/>\n<meta property=\"og:type\" content=\"article\" \/>\n<meta property=\"og:title\" content=\"Bruno Covas foi um grande pol\u00edtico, um prefeito bastante atuante, diz prefeito Edvaldo. - O Coerente\" \/>\n<meta property=\"og:description\" content=\"Bruno Covas foi um grande pol\u00edtico, um prefeito bastante atuante, reconhecido pela popula\u00e7\u00e3o de S\u00e3o Paulo, que o reelegeu no ano passado. Um jovem talento da pol\u00edtica brasileira, que nos deixa t\u00e3o prematuramente neste domingo, em decorr\u00eancia do c\u00e2ncer. Recentemente, se tornou o meu primeiro vice-presidente na Frente Nacional de Prefeitos, cargo que aceitou ocupar [&hellip;]\" \/>\n<meta property=\"og:url\" content=\"https:\/\/ocoerente.com.br\/se\/2021\/05\/17\/bruno-covas-foi-um-grande-politico-um-prefeito-bastante-atuante-diz-prefeito-edvaldo\/\" \/>\n<meta property=\"og:site_name\" content=\"O Coerente\" \/>\n<meta property=\"article:published_time\" content=\"2021-05-17T04:10:37+00:00\" \/>\n<meta property=\"article:modified_time\" content=\"2021-05-17T04:10:40+00:00\" \/>\n<meta property=\"og:image\" content=\"https:\/\/ocoerente.com.br\/se\/wp-content\/uploads\/2021\/05\/brunoedvaldo.jpg\" \/>\n\t<meta property=\"og:image:width\" content=\"597\" \/>\n\t<meta property=\"og:image:height\" content=\"432\" \/>\n\t<meta property=\"og:image:type\" content=\"image\/jpeg\" \/>\n<meta name=\"author\" content=\"Reda\u00e7\u00e3o\" \/>\n<meta name=\"twitter:card\" content=\"summary_large_image\" \/>\n<meta name=\"twitter:label1\" content=\"Escrito por\" \/>\n\t<meta name=\"twitter:data1\" content=\"Reda\u00e7\u00e3o\" \/>\n\t<meta name=\"twitter:label2\" content=\"Est. tempo de leitura\" \/>\n\t<meta name=\"twitter:data2\" content=\"1 minuto\" \/>\n<script type=\"application\/ld+json\" class=\"yoast-schema-graph\">{\"@context\":\"https:\\\/\\\/schema.org\",\"@graph\":[{\"@type\":\"Article\",\"@id\":\"https:\\\/\\\/ocoerente.com.br\\\/se\\\/2021\\\/05\\\/17\\\/bruno-covas-foi-um-grande-politico-um-prefeito-bastante-atuante-diz-prefeito-edvaldo\\\/#article\",\"isPartOf\":{\"@id\":\"https:\\\/\\\/ocoerente.com.br\\\/se\\\/2021\\\/05\\\/17\\\/bruno-covas-foi-um-grande-politico-um-prefeito-bastante-atuante-diz-prefeito-edvaldo\\\/\"},\"author\":{\"name\":\"Reda\u00e7\u00e3o\",\"@id\":\"https:\\\/\\\/ocoerente.com.br\\\/se\\\/#\\\/schema\\\/person\\\/cc6bfd9fbca465e23543b0c963d8d037\"},\"headline\":\"Bruno Covas foi um grande pol\u00edtico, um prefeito bastante atuante, diz prefeito Edvaldo.\",\"datePublished\":\"2021-05-17T04:10:37+00:00\",\"dateModified\":\"2021-05-17T04:10:40+00:00\",\"mainEntityOfPage\":{\"@id\":\"https:\\\/\\\/ocoerente.com.br\\\/se\\\/2021\\\/05\\\/17\\\/bruno-covas-foi-um-grande-politico-um-prefeito-bastante-atuante-diz-prefeito-edvaldo\\\/\"},\"wordCount\":157,\"publisher\":{\"@id\":\"https:\\\/\\\/ocoerente.com.br\\\/se\\\/#\\\/schema\\\/person\\\/cc6bfd9fbca465e23543b0c963d8d037\"},\"image\":{\"@id\":\"https:\\\/\\\/ocoerente.com.br\\\/se\\\/2021\\\/05\\\/17\\\/bruno-covas-foi-um-grande-politico-um-prefeito-bastante-atuante-diz-prefeito-edvaldo\\\/#primaryimage\"},\"thumbnailUrl\":\"https:\\\/\\\/ocoerente.com.br\\\/se\\\/wp-content\\\/uploads\\\/2021\\\/05\\\/brunoedvaldo.jpg\",\"articleSection\":[\"Brasil\",\"Destaques\"],\"inLanguage\":\"pt-BR\"},{\"@type\":\"WebPage\",\"@id\":\"https:\\\/\\\/ocoerente.com.br\\\/se\\\/2021\\\/05\\\/17\\\/bruno-covas-foi-um-grande-politico-um-prefeito-bastante-atuante-diz-prefeito-edvaldo\\\/\",\"url\":\"https:\\\/\\\/ocoerente.com.br\\\/se\\\/2021\\\/05\\\/17\\\/bruno-covas-foi-um-grande-politico-um-prefeito-bastante-atuante-diz-prefeito-edvaldo\\\/\",\"name\":\"Bruno Covas foi um grande pol\u00edtico, um prefeito bastante atuante, diz prefeito Edvaldo. - O Coerente\",\"isPartOf\":{\"@id\":\"https:\\\/\\\/ocoerente.com.br\\\/se\\\/#website\"},\"primaryImageOfPage\":{\"@id\":\"https:\\\/\\\/ocoerente.com.br\\\/se\\\/2021\\\/05\\\/17\\\/bruno-covas-foi-um-grande-politico-um-prefeito-bastante-atuante-diz-prefeito-edvaldo\\\/#primaryimage\"},\"image\":{\"@id\":\"https:\\\/\\\/ocoerente.com.br\\\/se\\\/2021\\\/05\\\/17\\\/bruno-covas-foi-um-grande-politico-um-prefeito-bastante-atuante-diz-prefeito-edvaldo\\\/#primaryimage\"},\"thumbnailUrl\":\"https:\\\/\\\/ocoerente.com.br\\\/se\\\/wp-content\\\/uploads\\\/2021\\\/05\\\/brunoedvaldo.jpg\",\"datePublished\":\"2021-05-17T04:10:37+00:00\",\"dateModified\":\"2021-05-17T04:10:40+00:00\",\"breadcrumb\":{\"@id\":\"https:\\\/\\\/ocoerente.com.br\\\/se\\\/2021\\\/05\\\/17\\\/bruno-covas-foi-um-grande-politico-um-prefeito-bastante-atuante-diz-prefeito-edvaldo\\\/#breadcrumb\"},\"inLanguage\":\"pt-BR\",\"potentialAction\":[{\"@type\":\"ReadAction\",\"target\":[\"https:\\\/\\\/ocoerente.com.br\\\/se\\\/2021\\\/05\\\/17\\\/bruno-covas-foi-um-grande-politico-um-prefeito-bastante-atuante-diz-prefeito-edvaldo\\\/\"]}]},{\"@type\":\"ImageObject\",\"inLanguage\":\"pt-BR\",\"@id\":\"https:\\\/\\\/ocoerente.com.br\\\/se\\\/2021\\\/05\\\/17\\\/bruno-covas-foi-um-grande-politico-um-prefeito-bastante-atuante-diz-prefeito-edvaldo\\\/#primaryimage\",\"url\":\"https:\\\/\\\/ocoerente.com.br\\\/se\\\/wp-content\\\/uploads\\\/2021\\\/05\\\/brunoedvaldo.jpg\",\"contentUrl\":\"https:\\\/\\\/ocoerente.com.br\\\/se\\\/wp-content\\\/uploads\\\/2021\\\/05\\\/brunoedvaldo.jpg\",\"width\":597,\"height\":432},{\"@type\":\"BreadcrumbList\",\"@id\":\"https:\\\/\\\/ocoerente.com.br\\\/se\\\/2021\\\/05\\\/17\\\/bruno-covas-foi-um-grande-politico-um-prefeito-bastante-atuante-diz-prefeito-edvaldo\\\/#breadcrumb\",\"itemListElement\":[{\"@type\":\"ListItem\",\"position\":1,\"name\":\"In\u00edcio\",\"item\":\"https:\\\/\\\/ocoerente.com.br\\\/se\\\/\"},{\"@type\":\"ListItem\",\"position\":2,\"name\":\"Bruno Covas foi um grande pol\u00edtico, um prefeito bastante atuante, diz prefeito Edvaldo.\"}]},{\"@type\":\"WebSite\",\"@id\":\"https:\\\/\\\/ocoerente.com.br\\\/se\\\/#website\",\"url\":\"https:\\\/\\\/ocoerente.com.br\\\/se\\\/\",\"name\":\"O Coerente\",\"description\":\"\",\"publisher\":{\"@id\":\"https:\\\/\\\/ocoerente.com.br\\\/se\\\/#\\\/schema\\\/person\\\/cc6bfd9fbca465e23543b0c963d8d037\"},\"potentialAction\":[{\"@type\":\"SearchAction\",\"target\":{\"@type\":\"EntryPoint\",\"urlTemplate\":\"https:\\\/\\\/ocoerente.com.br\\\/se\\\/?s={search_term_string}\"},\"query-input\":{\"@type\":\"PropertyValueSpecification\",\"valueRequired\":true,\"valueName\":\"search_term_string\"}}],\"inLanguage\":\"pt-BR\"},{\"@type\":[\"Person\",\"Organization\"],\"@id\":\"https:\\\/\\\/ocoerente.com.br\\\/se\\\/#\\\/schema\\\/person\\\/cc6bfd9fbca465e23543b0c963d8d037\",\"name\":\"Reda\u00e7\u00e3o\",\"image\":{\"@type\":\"ImageObject\",\"inLanguage\":\"pt-BR\",\"@id\":\"https:\\\/\\\/ocoerente.com.br\\\/se\\\/wp-content\\\/uploads\\\/2020\\\/01\\\/ocoerente-1.png\",\"url\":\"https:\\\/\\\/ocoerente.com.br\\\/se\\\/wp-content\\\/uploads\\\/2020\\\/01\\\/ocoerente-1.png\",\"contentUrl\":\"https:\\\/\\\/ocoerente.com.br\\\/se\\\/wp-content\\\/uploads\\\/2020\\\/01\\\/ocoerente-1.png\",\"width\":50,\"height\":50,\"caption\":\"Reda\u00e7\u00e3o\"},\"logo\":{\"@id\":\"https:\\\/\\\/ocoerente.com.br\\\/se\\\/wp-content\\\/uploads\\\/2020\\\/01\\\/ocoerente-1.png\"},\"url\":\"https:\\\/\\\/ocoerente.com.br\\\/se\\\/author\\\/vasticlsales\\\/\"}]}<\/script>\n<!-- \/ Yoast SEO plugin. -->","yoast_head_json":{"title":"Bruno Covas foi um grande pol\u00edtico, um prefeito bastante atuante, diz prefeito Edvaldo. - O Coerente","robots":{"index":"index","follow":"follow","max-snippet":"max-snippet:-1","max-image-preview":"max-image-preview:large","max-video-preview":"max-video-preview:-1"},"canonical":"https:\/\/ocoerente.com.br\/se\/2021\/05\/17\/bruno-covas-foi-um-grande-politico-um-prefeito-bastante-atuante-diz-prefeito-edvaldo\/","og_locale":"pt_BR","og_type":"article","og_title":"Bruno Covas foi um grande pol\u00edtico, um prefeito bastante atuante, diz prefeito Edvaldo. - O Coerente","og_description":"Bruno Covas foi um grande pol\u00edtico, um prefeito bastante atuante, reconhecido pela popula\u00e7\u00e3o de S\u00e3o Paulo, que o reelegeu no ano passado. Um jovem talento da pol\u00edtica brasileira, que nos deixa t\u00e3o prematuramente neste domingo, em decorr\u00eancia do c\u00e2ncer. Recentemente, se tornou o meu primeiro vice-presidente na Frente Nacional de Prefeitos, cargo que aceitou ocupar [&hellip;]","og_url":"https:\/\/ocoerente.com.br\/se\/2021\/05\/17\/bruno-covas-foi-um-grande-politico-um-prefeito-bastante-atuante-diz-prefeito-edvaldo\/","og_site_name":"O Coerente","article_published_time":"2021-05-17T04:10:37+00:00","article_modified_time":"2021-05-17T04:10:40+00:00","og_image":[{"width":597,"height":432,"url":"https:\/\/ocoerente.com.br\/se\/wp-content\/uploads\/2021\/05\/brunoedvaldo.jpg","type":"image\/jpeg"}],"author":"Reda\u00e7\u00e3o","twitter_card":"summary_large_image","twitter_misc":{"Escrito por":"Reda\u00e7\u00e3o","Est. tempo de leitura":"1 minuto"},"schema":{"@context":"https:\/\/schema.org","@graph":[{"@type":"Article","@id":"https:\/\/ocoerente.com.br\/se\/2021\/05\/17\/bruno-covas-foi-um-grande-politico-um-prefeito-bastante-atuante-diz-prefeito-edvaldo\/#article","isPartOf":{"@id":"https:\/\/ocoerente.com.br\/se\/2021\/05\/17\/bruno-covas-foi-um-grande-politico-um-prefeito-bastante-atuante-diz-prefeito-edvaldo\/"},"author":{"name":"Reda\u00e7\u00e3o","@id":"https:\/\/ocoerente.com.br\/se\/#\/schema\/person\/cc6bfd9fbca465e23543b0c963d8d037"},"headline":"Bruno Covas foi um grande pol\u00edtico, um prefeito bastante atuante, diz prefeito Edvaldo.","datePublished":"2021-05-17T04:10:37+00:00","dateModified":"2021-05-17T04:10:40+00:00","mainEntityOfPage":{"@id":"https:\/\/ocoerente.com.br\/se\/2021\/05\/17\/bruno-covas-foi-um-grande-politico-um-prefeito-bastante-atuante-diz-prefeito-edvaldo\/"},"wordCount":157,"publisher":{"@id":"https:\/\/ocoerente.com.br\/se\/#\/schema\/person\/cc6bfd9fbca465e23543b0c963d8d037"},"image":{"@id":"https:\/\/ocoerente.com.br\/se\/2021\/05\/17\/bruno-covas-foi-um-grande-politico-um-prefeito-bastante-atuante-diz-prefeito-edvaldo\/#primaryimage"},"thumbnailUrl":"https:\/\/ocoerente.com.br\/se\/wp-content\/uploads\/2021\/05\/brunoedvaldo.jpg","articleSection":["Brasil","Destaques"],"inLanguage":"pt-BR"},{"@type":"WebPage","@id":"https:\/\/ocoerente.com.br\/se\/2021\/05\/17\/bruno-covas-foi-um-grande-politico-um-prefeito-bastante-atuante-diz-prefeito-edvaldo\/","url":"https:\/\/ocoerente.com.br\/se\/2021\/05\/17\/bruno-covas-foi-um-grande-politico-um-prefeito-bastante-atuante-diz-prefeito-edvaldo\/","name":"Bruno Covas foi um grande pol\u00edtico, um prefeito bastante atuante, diz prefeito Edvaldo. - O Coerente","isPartOf":{"@id":"https:\/\/ocoerente.com.br\/se\/#website"},"primaryImageOfPage":{"@id":"https:\/\/ocoerente.com.br\/se\/2021\/05\/17\/bruno-covas-foi-um-grande-politico-um-prefeito-bastante-atuante-diz-prefeito-edvaldo\/#primaryimage"},"image":{"@id":"https:\/\/ocoerente.com.br\/se\/2021\/05\/17\/bruno-covas-foi-um-grande-politico-um-prefeito-bastante-atuante-diz-prefeito-edvaldo\/#primaryimage"},"thumbnailUrl":"https:\/\/ocoerente.com.br\/se\/wp-content\/uploads\/2021\/05\/brunoedvaldo.jpg","datePublished":"2021-05-17T04:10:37+00:00","dateModified":"2021-05-17T04:10:40+00:00","breadcrumb":{"@id":"https:\/\/ocoerente.com.br\/se\/2021\/05\/17\/bruno-covas-foi-um-grande-politico-um-prefeito-bastante-atuante-diz-prefeito-edvaldo\/#breadcrumb"},"inLanguage":"pt-BR","potentialAction":[{"@type":"ReadAction","target":["https:\/\/ocoerente.com.br\/se\/2021\/05\/17\/bruno-covas-foi-um-grande-politico-um-prefeito-bastante-atuante-diz-prefeito-edvaldo\/"]}]},{"@type":"ImageObject","inLanguage":"pt-BR","@id":"https:\/\/ocoerente.com.br\/se\/2021\/05\/17\/bruno-covas-foi-um-grande-politico-um-prefeito-bastante-atuante-diz-prefeito-edvaldo\/#primaryimage","url":"https:\/\/ocoerente.com.br\/se\/wp-content\/uploads\/2021\/05\/brunoedvaldo.jpg","contentUrl":"https:\/\/ocoerente.com.br\/se\/wp-content\/uploads\/2021\/05\/brunoedvaldo.jpg","width":597,"height":432},{"@type":"BreadcrumbList","@id":"https:\/\/ocoerente.com.br\/se\/2021\/05\/17\/bruno-covas-foi-um-grande-politico-um-prefeito-bastante-atuante-diz-prefeito-edvaldo\/#breadcrumb","itemListElement":[{"@type":"ListItem","position":1,"name":"In\u00edcio","item":"https:\/\/ocoerente.com.br\/se\/"},{"@type":"ListItem","position":2,"name":"Bruno Covas foi um grande pol\u00edtico, um prefeito bastante atuante, diz prefeito Edvaldo."}]},{"@type":"WebSite","@id":"https:\/\/ocoerente.com.br\/se\/#website","url":"https:\/\/ocoerente.com.br\/se\/","name":"O Coerente","description":"","publisher":{"@id":"https:\/\/ocoerente.com.br\/se\/#\/schema\/person\/cc6bfd9fbca465e23543b0c963d8d037"},"potentialAction":[{"@type":"SearchAction","target":{"@type":"EntryPoint","urlTemplate":"https:\/\/ocoerente.com.br\/se\/?s={search_term_string}"},"query-input":{"@type":"PropertyValueSpecification","valueRequired":true,"valueName":"search_term_string"}}],"inLanguage":"pt-BR"},{"@type":["Person","Organization"],"@id":"https:\/\/ocoerente.com.br\/se\/#\/schema\/person\/cc6bfd9fbca465e23543b0c963d8d037","name":"Reda\u00e7\u00e3o","image":{"@type":"ImageObject","inLanguage":"pt-BR","@id":"https:\/\/ocoerente.com.br\/se\/wp-content\/uploads\/2020\/01\/ocoerente-1.png","url":"https:\/\/ocoerente.com.br\/se\/wp-content\/uploads\/2020\/01\/ocoerente-1.png","contentUrl":"https:\/\/ocoerente.com.br\/se\/wp-content\/uploads\/2020\/01\/ocoerente-1.png","width":50,"height":50,"caption":"Reda\u00e7\u00e3o"},"logo":{"@id":"https:\/\/ocoerente.com.br\/se\/wp-content\/uploads\/2020\/01\/ocoerente-1.png"},"url":"https:\/\/ocoerente.com.br\/se\/author\/vasticlsales\/"}]}},"_links":{"self":[{"href":"https:\/\/ocoerente.com.br\/se\/wp-json\/wp\/v2\/posts\/3509","targetHints":{"allow":["GET"]}}],"collection":[{"href":"https:\/\/ocoerente.com.br\/se\/wp-json\/wp\/v2\/posts"}],"about":[{"href":"https:\/\/ocoerente.com.br\/se\/wp-json\/wp\/v2\/types\/post"}],"author":[{"embeddable":true,"href":"https:\/\/ocoerente.com.br\/se\/wp-json\/wp\/v2\/users\/1"}],"replies":[{"embeddable":true,"href":"https:\/\/ocoerente.com.br\/se\/wp-json\/wp\/v2\/comments?post=3509"}],"version-history":[{"count":1,"href":"https:\/\/ocoerente.com.br\/se\/wp-json\/wp\/v2\/posts\/3509\/revisions"}],"predecessor-version":[{"id":3511,"href":"https:\/\/ocoerente.com.br\/se\/wp-json\/wp\/v2\/posts\/3509\/revisions\/3511"}],"wp:featuredmedia":[{"embeddable":true,"href":"https:\/\/ocoerente.com.br\/se\/wp-json\/wp\/v2\/media\/3510"}],"wp:attachment":[{"href":"https:\/\/ocoerente.com.br\/se\/wp-json\/wp\/v2\/media?parent=3509"}],"wp:term":[{"taxonomy":"category","embeddable":true,"href":"https:\/\/ocoerente.com.br\/se\/wp-json\/wp\/v2\/categories?post=3509"},{"taxonomy":"post_tag","embeddable":true,"href":"https:\/\/ocoerente.com.br\/se\/wp-json\/wp\/v2\/tags?post=3509"}],"curies":[{"name":"wp","href":"https:\/\/api.w.org\/{rel}","templated":true}]}}