{"id":3506,"date":"2021-05-17T01:06:12","date_gmt":"2021-05-17T04:06:12","guid":{"rendered":"https:\/\/ocoerente.com.br\/se\/?p=3506"},"modified":"2021-05-17T01:06:13","modified_gmt":"2021-05-17T04:06:13","slug":"a-revista-realce-por-si-e-um-fenomeno","status":"publish","type":"post","link":"https:\/\/ocoerente.com.br\/se\/2021\/05\/17\/a-revista-realce-por-si-e-um-fenomeno\/","title":{"rendered":"A revista Realce, por si, \u00e9 um fen\u00f4meno."},"content":{"rendered":"\n<p>A revista Realce, por si, \u00e9 um fen\u00f4meno. De resist\u00eancia &#8211; pois mant\u00e9m a tradi\u00e7\u00e3o do ve\u00edculo impresso -, de alcance &#8211; pois \u00e9 gigante na Internet e nas redes sociais &#8211; e de import\u00e2ncia &#8211; e aqui basta o exemplo do disputad\u00edssimo Pr\u00eamio Realce.<\/p>\n\n\n\n<p>O ex-prefeito de Itabaiana, Valmir de Francisquinho, dispensa apresenta\u00e7\u00f5es, seja pela sua trajet\u00f3ria vitoriosa, pela qualidade de suas gest\u00f5es e pela for\u00e7a de sua lideran\u00e7a pol\u00edtica.<\/p>\n\n\n\n<p>A\u00ed, uma edi\u00e7\u00e3o da revista Realce com Valmir de Francisquinho na capa \u00e9 certeza de sucesso, simples assim, n\u00e9?<\/p>\n\n\n\n<p>Ent\u00e3o, imagina a grata surpresa de se ver inserido nesse contexto em uma reportagem publicada nessa mesma edi\u00e7\u00e3o sobre lideran\u00e7as estudantis que marcaram a hist\u00f3ria de Lagarto? E, ainda melhor, estar nela acompanhado de figuras como o promotor de Justi\u00e7a Deijaniro Jonas, o ativista social e pol\u00edtico Juquinha, o advogado e pol\u00edtico Itamar Santana e o jornalista Anderson Rosa? O resultado s\u00f3 poderia ser a extrema felicidade pelo reconhecimento. N\u00e3o h\u00e1 outra forma para descrever essa situa\u00e7\u00e3o!<\/p>\n\n\n\n<p>Por isso agrade\u00e7o ao jornalista Netto Ribeiro que, pacientemente, ouviu o &#8220;audi\u00e3o&#8221; que lhe enviei quando me pediu um relato sobre o tempo em que presidi o Gr\u00eamio Livre Abelardo Romero Dantas e minhas impress\u00f5es sobre o movimento estudantil; agrade\u00e7o a Anderson Rosa, publisher da Realce; e ao jornalista Daniel Prata, do site O Papa Jaca, por disponibilizar o texto via link pra Internet todinha desse mund\u00e3o de Deus!<\/p>\n\n\n\n<p>Porque tomar as r\u00e9deas do seu presente para definir o rumo de seu futuro \u00e9 uma a\u00e7\u00e3o que precisa ser substanciada pelas experi\u00eancias do seu passado que te trouxeram at\u00e9 aqui.<\/p>\n\n\n\n<p>Agradecidamente,<\/p>\n\n\n\n<p>Anderson Christian<br>Jornalista<\/p>\n\n\n\n<p>Link no Instagram:<br><a href=\"https:\/\/www.instagram.com\/p\/CO7ywWHhLZX\/?igshid=o4ip4pcrzt8u\">https:\/\/www.instagram.com\/p\/CO7ywWHhLZX\/?igshid=o4ip4pcrzt8u<\/a><\/p>\n\n\n\n<p>Link n&#8217;O Papa Jaca (para ler a \u00edntegra da reportagem):<br><a href=\"https:\/\/opapajaca.com\/2021\/05\/15006\/\" target=\"_blank\" rel=\"noreferrer noopener\">https:\/\/opapajaca.com\/2021\/05\/15006\/<\/a><\/p>\n\n\n\n<p>\ud83d\udccc Voc\u00ea est\u00e1 numa lista de transmiss\u00e3o do WhatsApp. Caso n\u00e3o deseje receber esses links, entre em contato que excluirei seu n\u00famero. Obrigado! \ud83d\udccc<\/p>\n","protected":false},"excerpt":{"rendered":"<p>A revista Realce, por si, \u00e9 um fen\u00f4meno. De resist\u00eancia &#8211; pois mant\u00e9m a tradi\u00e7\u00e3o do ve\u00edculo impresso -, de alcance &#8211; pois \u00e9 gigante na Internet e nas redes sociais &#8211; e de import\u00e2ncia &#8211; e aqui basta o exemplo do disputad\u00edssimo Pr\u00eamio Realce. O ex-prefeito de Itabaiana, Valmir de Francisquinho, dispensa apresenta\u00e7\u00f5es, seja [&hellip;]<\/p>\n","protected":false},"author":1,"featured_media":3507,"comment_status":"closed","ping_status":"closed","sticky":false,"template":"","format":"standard","meta":{"footnotes":""},"categories":[53,43],"tags":[],"class_list":["post-3506","post","type-post","status-publish","format-standard","has-post-thumbnail","hentry","category-destaques","category-sergipe"],"yoast_head":"<!-- This site is optimized with the Yoast SEO plugin v27.4 - https:\/\/yoast.com\/product\/yoast-seo-wordpress\/ -->\n<title>A revista Realce, por si, \u00e9 um fen\u00f4meno. - O Coerente<\/title>\n<meta name=\"robots\" content=\"index, follow, max-snippet:-1, max-image-preview:large, max-video-preview:-1\" \/>\n<link rel=\"canonical\" href=\"https:\/\/ocoerente.com.br\/se\/2021\/05\/17\/a-revista-realce-por-si-e-um-fenomeno\/\" \/>\n<meta property=\"og:locale\" content=\"pt_BR\" \/>\n<meta property=\"og:type\" content=\"article\" \/>\n<meta property=\"og:title\" content=\"A revista Realce, por si, \u00e9 um fen\u00f4meno. - O Coerente\" \/>\n<meta property=\"og:description\" content=\"A revista Realce, por si, \u00e9 um fen\u00f4meno. De resist\u00eancia &#8211; pois mant\u00e9m a tradi\u00e7\u00e3o do ve\u00edculo impresso -, de alcance &#8211; pois \u00e9 gigante na Internet e nas redes sociais &#8211; e de import\u00e2ncia &#8211; e aqui basta o exemplo do disputad\u00edssimo Pr\u00eamio Realce. O ex-prefeito de Itabaiana, Valmir de Francisquinho, dispensa apresenta\u00e7\u00f5es, seja [&hellip;]\" \/>\n<meta property=\"og:url\" content=\"https:\/\/ocoerente.com.br\/se\/2021\/05\/17\/a-revista-realce-por-si-e-um-fenomeno\/\" \/>\n<meta property=\"og:site_name\" content=\"O Coerente\" \/>\n<meta property=\"article:published_time\" content=\"2021-05-17T04:06:12+00:00\" \/>\n<meta property=\"article:modified_time\" content=\"2021-05-17T04:06:13+00:00\" \/>\n<meta property=\"og:image\" content=\"https:\/\/ocoerente.com.br\/se\/wp-content\/uploads\/2021\/05\/realce.jpg\" \/>\n\t<meta property=\"og:image:width\" content=\"869\" \/>\n\t<meta property=\"og:image:height\" content=\"836\" \/>\n\t<meta property=\"og:image:type\" content=\"image\/jpeg\" \/>\n<meta name=\"author\" content=\"Reda\u00e7\u00e3o\" \/>\n<meta name=\"twitter:card\" content=\"summary_large_image\" \/>\n<meta name=\"twitter:label1\" content=\"Escrito por\" \/>\n\t<meta name=\"twitter:data1\" content=\"Reda\u00e7\u00e3o\" \/>\n\t<meta name=\"twitter:label2\" content=\"Est. tempo de leitura\" \/>\n\t<meta name=\"twitter:data2\" content=\"2 minutos\" \/>\n<script type=\"application\/ld+json\" class=\"yoast-schema-graph\">{\"@context\":\"https:\\\/\\\/schema.org\",\"@graph\":[{\"@type\":\"Article\",\"@id\":\"https:\\\/\\\/ocoerente.com.br\\\/se\\\/2021\\\/05\\\/17\\\/a-revista-realce-por-si-e-um-fenomeno\\\/#article\",\"isPartOf\":{\"@id\":\"https:\\\/\\\/ocoerente.com.br\\\/se\\\/2021\\\/05\\\/17\\\/a-revista-realce-por-si-e-um-fenomeno\\\/\"},\"author\":{\"name\":\"Reda\u00e7\u00e3o\",\"@id\":\"https:\\\/\\\/ocoerente.com.br\\\/se\\\/#\\\/schema\\\/person\\\/cc6bfd9fbca465e23543b0c963d8d037\"},\"headline\":\"A revista Realce, por si, \u00e9 um fen\u00f4meno.\",\"datePublished\":\"2021-05-17T04:06:12+00:00\",\"dateModified\":\"2021-05-17T04:06:13+00:00\",\"mainEntityOfPage\":{\"@id\":\"https:\\\/\\\/ocoerente.com.br\\\/se\\\/2021\\\/05\\\/17\\\/a-revista-realce-por-si-e-um-fenomeno\\\/\"},\"wordCount\":360,\"publisher\":{\"@id\":\"https:\\\/\\\/ocoerente.com.br\\\/se\\\/#\\\/schema\\\/person\\\/cc6bfd9fbca465e23543b0c963d8d037\"},\"image\":{\"@id\":\"https:\\\/\\\/ocoerente.com.br\\\/se\\\/2021\\\/05\\\/17\\\/a-revista-realce-por-si-e-um-fenomeno\\\/#primaryimage\"},\"thumbnailUrl\":\"https:\\\/\\\/ocoerente.com.br\\\/se\\\/wp-content\\\/uploads\\\/2021\\\/05\\\/realce.jpg\",\"articleSection\":[\"Destaques\",\"Sergipe\"],\"inLanguage\":\"pt-BR\"},{\"@type\":\"WebPage\",\"@id\":\"https:\\\/\\\/ocoerente.com.br\\\/se\\\/2021\\\/05\\\/17\\\/a-revista-realce-por-si-e-um-fenomeno\\\/\",\"url\":\"https:\\\/\\\/ocoerente.com.br\\\/se\\\/2021\\\/05\\\/17\\\/a-revista-realce-por-si-e-um-fenomeno\\\/\",\"name\":\"A revista Realce, por si, \u00e9 um fen\u00f4meno. - O Coerente\",\"isPartOf\":{\"@id\":\"https:\\\/\\\/ocoerente.com.br\\\/se\\\/#website\"},\"primaryImageOfPage\":{\"@id\":\"https:\\\/\\\/ocoerente.com.br\\\/se\\\/2021\\\/05\\\/17\\\/a-revista-realce-por-si-e-um-fenomeno\\\/#primaryimage\"},\"image\":{\"@id\":\"https:\\\/\\\/ocoerente.com.br\\\/se\\\/2021\\\/05\\\/17\\\/a-revista-realce-por-si-e-um-fenomeno\\\/#primaryimage\"},\"thumbnailUrl\":\"https:\\\/\\\/ocoerente.com.br\\\/se\\\/wp-content\\\/uploads\\\/2021\\\/05\\\/realce.jpg\",\"datePublished\":\"2021-05-17T04:06:12+00:00\",\"dateModified\":\"2021-05-17T04:06:13+00:00\",\"breadcrumb\":{\"@id\":\"https:\\\/\\\/ocoerente.com.br\\\/se\\\/2021\\\/05\\\/17\\\/a-revista-realce-por-si-e-um-fenomeno\\\/#breadcrumb\"},\"inLanguage\":\"pt-BR\",\"potentialAction\":[{\"@type\":\"ReadAction\",\"target\":[\"https:\\\/\\\/ocoerente.com.br\\\/se\\\/2021\\\/05\\\/17\\\/a-revista-realce-por-si-e-um-fenomeno\\\/\"]}]},{\"@type\":\"ImageObject\",\"inLanguage\":\"pt-BR\",\"@id\":\"https:\\\/\\\/ocoerente.com.br\\\/se\\\/2021\\\/05\\\/17\\\/a-revista-realce-por-si-e-um-fenomeno\\\/#primaryimage\",\"url\":\"https:\\\/\\\/ocoerente.com.br\\\/se\\\/wp-content\\\/uploads\\\/2021\\\/05\\\/realce.jpg\",\"contentUrl\":\"https:\\\/\\\/ocoerente.com.br\\\/se\\\/wp-content\\\/uploads\\\/2021\\\/05\\\/realce.jpg\",\"width\":869,\"height\":836},{\"@type\":\"BreadcrumbList\",\"@id\":\"https:\\\/\\\/ocoerente.com.br\\\/se\\\/2021\\\/05\\\/17\\\/a-revista-realce-por-si-e-um-fenomeno\\\/#breadcrumb\",\"itemListElement\":[{\"@type\":\"ListItem\",\"position\":1,\"name\":\"In\u00edcio\",\"item\":\"https:\\\/\\\/ocoerente.com.br\\\/se\\\/\"},{\"@type\":\"ListItem\",\"position\":2,\"name\":\"A revista Realce, por si, \u00e9 um fen\u00f4meno.\"}]},{\"@type\":\"WebSite\",\"@id\":\"https:\\\/\\\/ocoerente.com.br\\\/se\\\/#website\",\"url\":\"https:\\\/\\\/ocoerente.com.br\\\/se\\\/\",\"name\":\"O Coerente\",\"description\":\"\",\"publisher\":{\"@id\":\"https:\\\/\\\/ocoerente.com.br\\\/se\\\/#\\\/schema\\\/person\\\/cc6bfd9fbca465e23543b0c963d8d037\"},\"potentialAction\":[{\"@type\":\"SearchAction\",\"target\":{\"@type\":\"EntryPoint\",\"urlTemplate\":\"https:\\\/\\\/ocoerente.com.br\\\/se\\\/?s={search_term_string}\"},\"query-input\":{\"@type\":\"PropertyValueSpecification\",\"valueRequired\":true,\"valueName\":\"search_term_string\"}}],\"inLanguage\":\"pt-BR\"},{\"@type\":[\"Person\",\"Organization\"],\"@id\":\"https:\\\/\\\/ocoerente.com.br\\\/se\\\/#\\\/schema\\\/person\\\/cc6bfd9fbca465e23543b0c963d8d037\",\"name\":\"Reda\u00e7\u00e3o\",\"image\":{\"@type\":\"ImageObject\",\"inLanguage\":\"pt-BR\",\"@id\":\"https:\\\/\\\/ocoerente.com.br\\\/se\\\/wp-content\\\/uploads\\\/2020\\\/01\\\/ocoerente-1.png\",\"url\":\"https:\\\/\\\/ocoerente.com.br\\\/se\\\/wp-content\\\/uploads\\\/2020\\\/01\\\/ocoerente-1.png\",\"contentUrl\":\"https:\\\/\\\/ocoerente.com.br\\\/se\\\/wp-content\\\/uploads\\\/2020\\\/01\\\/ocoerente-1.png\",\"width\":50,\"height\":50,\"caption\":\"Reda\u00e7\u00e3o\"},\"logo\":{\"@id\":\"https:\\\/\\\/ocoerente.com.br\\\/se\\\/wp-content\\\/uploads\\\/2020\\\/01\\\/ocoerente-1.png\"},\"url\":\"https:\\\/\\\/ocoerente.com.br\\\/se\\\/author\\\/vasticlsales\\\/\"}]}<\/script>\n<!-- \/ Yoast SEO plugin. -->","yoast_head_json":{"title":"A revista Realce, por si, \u00e9 um fen\u00f4meno. - O Coerente","robots":{"index":"index","follow":"follow","max-snippet":"max-snippet:-1","max-image-preview":"max-image-preview:large","max-video-preview":"max-video-preview:-1"},"canonical":"https:\/\/ocoerente.com.br\/se\/2021\/05\/17\/a-revista-realce-por-si-e-um-fenomeno\/","og_locale":"pt_BR","og_type":"article","og_title":"A revista Realce, por si, \u00e9 um fen\u00f4meno. - O Coerente","og_description":"A revista Realce, por si, \u00e9 um fen\u00f4meno. De resist\u00eancia &#8211; pois mant\u00e9m a tradi\u00e7\u00e3o do ve\u00edculo impresso -, de alcance &#8211; pois \u00e9 gigante na Internet e nas redes sociais &#8211; e de import\u00e2ncia &#8211; e aqui basta o exemplo do disputad\u00edssimo Pr\u00eamio Realce. O ex-prefeito de Itabaiana, Valmir de Francisquinho, dispensa apresenta\u00e7\u00f5es, seja [&hellip;]","og_url":"https:\/\/ocoerente.com.br\/se\/2021\/05\/17\/a-revista-realce-por-si-e-um-fenomeno\/","og_site_name":"O Coerente","article_published_time":"2021-05-17T04:06:12+00:00","article_modified_time":"2021-05-17T04:06:13+00:00","og_image":[{"width":869,"height":836,"url":"https:\/\/ocoerente.com.br\/se\/wp-content\/uploads\/2021\/05\/realce.jpg","type":"image\/jpeg"}],"author":"Reda\u00e7\u00e3o","twitter_card":"summary_large_image","twitter_misc":{"Escrito por":"Reda\u00e7\u00e3o","Est. tempo de leitura":"2 minutos"},"schema":{"@context":"https:\/\/schema.org","@graph":[{"@type":"Article","@id":"https:\/\/ocoerente.com.br\/se\/2021\/05\/17\/a-revista-realce-por-si-e-um-fenomeno\/#article","isPartOf":{"@id":"https:\/\/ocoerente.com.br\/se\/2021\/05\/17\/a-revista-realce-por-si-e-um-fenomeno\/"},"author":{"name":"Reda\u00e7\u00e3o","@id":"https:\/\/ocoerente.com.br\/se\/#\/schema\/person\/cc6bfd9fbca465e23543b0c963d8d037"},"headline":"A revista Realce, por si, \u00e9 um fen\u00f4meno.","datePublished":"2021-05-17T04:06:12+00:00","dateModified":"2021-05-17T04:06:13+00:00","mainEntityOfPage":{"@id":"https:\/\/ocoerente.com.br\/se\/2021\/05\/17\/a-revista-realce-por-si-e-um-fenomeno\/"},"wordCount":360,"publisher":{"@id":"https:\/\/ocoerente.com.br\/se\/#\/schema\/person\/cc6bfd9fbca465e23543b0c963d8d037"},"image":{"@id":"https:\/\/ocoerente.com.br\/se\/2021\/05\/17\/a-revista-realce-por-si-e-um-fenomeno\/#primaryimage"},"thumbnailUrl":"https:\/\/ocoerente.com.br\/se\/wp-content\/uploads\/2021\/05\/realce.jpg","articleSection":["Destaques","Sergipe"],"inLanguage":"pt-BR"},{"@type":"WebPage","@id":"https:\/\/ocoerente.com.br\/se\/2021\/05\/17\/a-revista-realce-por-si-e-um-fenomeno\/","url":"https:\/\/ocoerente.com.br\/se\/2021\/05\/17\/a-revista-realce-por-si-e-um-fenomeno\/","name":"A revista Realce, por si, \u00e9 um fen\u00f4meno. - O Coerente","isPartOf":{"@id":"https:\/\/ocoerente.com.br\/se\/#website"},"primaryImageOfPage":{"@id":"https:\/\/ocoerente.com.br\/se\/2021\/05\/17\/a-revista-realce-por-si-e-um-fenomeno\/#primaryimage"},"image":{"@id":"https:\/\/ocoerente.com.br\/se\/2021\/05\/17\/a-revista-realce-por-si-e-um-fenomeno\/#primaryimage"},"thumbnailUrl":"https:\/\/ocoerente.com.br\/se\/wp-content\/uploads\/2021\/05\/realce.jpg","datePublished":"2021-05-17T04:06:12+00:00","dateModified":"2021-05-17T04:06:13+00:00","breadcrumb":{"@id":"https:\/\/ocoerente.com.br\/se\/2021\/05\/17\/a-revista-realce-por-si-e-um-fenomeno\/#breadcrumb"},"inLanguage":"pt-BR","potentialAction":[{"@type":"ReadAction","target":["https:\/\/ocoerente.com.br\/se\/2021\/05\/17\/a-revista-realce-por-si-e-um-fenomeno\/"]}]},{"@type":"ImageObject","inLanguage":"pt-BR","@id":"https:\/\/ocoerente.com.br\/se\/2021\/05\/17\/a-revista-realce-por-si-e-um-fenomeno\/#primaryimage","url":"https:\/\/ocoerente.com.br\/se\/wp-content\/uploads\/2021\/05\/realce.jpg","contentUrl":"https:\/\/ocoerente.com.br\/se\/wp-content\/uploads\/2021\/05\/realce.jpg","width":869,"height":836},{"@type":"BreadcrumbList","@id":"https:\/\/ocoerente.com.br\/se\/2021\/05\/17\/a-revista-realce-por-si-e-um-fenomeno\/#breadcrumb","itemListElement":[{"@type":"ListItem","position":1,"name":"In\u00edcio","item":"https:\/\/ocoerente.com.br\/se\/"},{"@type":"ListItem","position":2,"name":"A revista Realce, por si, \u00e9 um fen\u00f4meno."}]},{"@type":"WebSite","@id":"https:\/\/ocoerente.com.br\/se\/#website","url":"https:\/\/ocoerente.com.br\/se\/","name":"O Coerente","description":"","publisher":{"@id":"https:\/\/ocoerente.com.br\/se\/#\/schema\/person\/cc6bfd9fbca465e23543b0c963d8d037"},"potentialAction":[{"@type":"SearchAction","target":{"@type":"EntryPoint","urlTemplate":"https:\/\/ocoerente.com.br\/se\/?s={search_term_string}"},"query-input":{"@type":"PropertyValueSpecification","valueRequired":true,"valueName":"search_term_string"}}],"inLanguage":"pt-BR"},{"@type":["Person","Organization"],"@id":"https:\/\/ocoerente.com.br\/se\/#\/schema\/person\/cc6bfd9fbca465e23543b0c963d8d037","name":"Reda\u00e7\u00e3o","image":{"@type":"ImageObject","inLanguage":"pt-BR","@id":"https:\/\/ocoerente.com.br\/se\/wp-content\/uploads\/2020\/01\/ocoerente-1.png","url":"https:\/\/ocoerente.com.br\/se\/wp-content\/uploads\/2020\/01\/ocoerente-1.png","contentUrl":"https:\/\/ocoerente.com.br\/se\/wp-content\/uploads\/2020\/01\/ocoerente-1.png","width":50,"height":50,"caption":"Reda\u00e7\u00e3o"},"logo":{"@id":"https:\/\/ocoerente.com.br\/se\/wp-content\/uploads\/2020\/01\/ocoerente-1.png"},"url":"https:\/\/ocoerente.com.br\/se\/author\/vasticlsales\/"}]}},"_links":{"self":[{"href":"https:\/\/ocoerente.com.br\/se\/wp-json\/wp\/v2\/posts\/3506","targetHints":{"allow":["GET"]}}],"collection":[{"href":"https:\/\/ocoerente.com.br\/se\/wp-json\/wp\/v2\/posts"}],"about":[{"href":"https:\/\/ocoerente.com.br\/se\/wp-json\/wp\/v2\/types\/post"}],"author":[{"embeddable":true,"href":"https:\/\/ocoerente.com.br\/se\/wp-json\/wp\/v2\/users\/1"}],"replies":[{"embeddable":true,"href":"https:\/\/ocoerente.com.br\/se\/wp-json\/wp\/v2\/comments?post=3506"}],"version-history":[{"count":1,"href":"https:\/\/ocoerente.com.br\/se\/wp-json\/wp\/v2\/posts\/3506\/revisions"}],"predecessor-version":[{"id":3508,"href":"https:\/\/ocoerente.com.br\/se\/wp-json\/wp\/v2\/posts\/3506\/revisions\/3508"}],"wp:featuredmedia":[{"embeddable":true,"href":"https:\/\/ocoerente.com.br\/se\/wp-json\/wp\/v2\/media\/3507"}],"wp:attachment":[{"href":"https:\/\/ocoerente.com.br\/se\/wp-json\/wp\/v2\/media?parent=3506"}],"wp:term":[{"taxonomy":"category","embeddable":true,"href":"https:\/\/ocoerente.com.br\/se\/wp-json\/wp\/v2\/categories?post=3506"},{"taxonomy":"post_tag","embeddable":true,"href":"https:\/\/ocoerente.com.br\/se\/wp-json\/wp\/v2\/tags?post=3506"}],"curies":[{"name":"wp","href":"https:\/\/api.w.org\/{rel}","templated":true}]}}