{"id":3502,"date":"2021-05-17T01:01:51","date_gmt":"2021-05-17T04:01:51","guid":{"rendered":"https:\/\/ocoerente.com.br\/se\/?p=3502"},"modified":"2021-05-17T01:01:53","modified_gmt":"2021-05-17T04:01:53","slug":"cuide-se-campanha-fecomercio","status":"publish","type":"post","link":"https:\/\/ocoerente.com.br\/se\/2021\/05\/17\/cuide-se-campanha-fecomercio\/","title":{"rendered":"CUIDE-SE! (Campanha Fecom\u00e9rcio)"},"content":{"rendered":"\n<p>O Sistema Fecom\u00e9rcio\/Sesc\/Senac est\u00e1 na luta contra o coronav\u00edrus, juntamente com m\u00e9dicos, cantores, m\u00fasicos, artistas, ju\u00edzes, todas as classes e nossos colaboradores, para mostrar a import\u00e2ncia do uso de m\u00e1scaras corretamente, uso do \u00e1lcool 70% para higienizar as m\u00e3os e n\u00e3o fazer nenhum tipo de aglomera\u00e7\u00e3o nesse momento. Juntos, venceremos o v\u00edrus.<\/p>\n\n\n\n<figure class=\"wp-block-video\"><video height=\"360\" style=\"aspect-ratio: 640 \/ 360;\" width=\"640\" controls src=\"https:\/\/ocoerente.com.br\/se\/wp-content\/uploads\/2021\/05\/pandemialaercio.mp4\"><\/video><\/figure>\n\n\n\n<p>fecomercio<\/p>\n","protected":false},"excerpt":{"rendered":"<p>O Sistema Fecom\u00e9rcio\/Sesc\/Senac est\u00e1 na luta contra o coronav\u00edrus, juntamente com m\u00e9dicos, cantores, m\u00fasicos, artistas, ju\u00edzes, todas as classes e nossos colaboradores, para mostrar a import\u00e2ncia do uso de m\u00e1scaras corretamente, uso do \u00e1lcool 70% para higienizar as m\u00e3os e n\u00e3o fazer nenhum tipo de aglomera\u00e7\u00e3o nesse momento. Juntos, venceremos o v\u00edrus. fecomercio<\/p>\n","protected":false},"author":1,"featured_media":3503,"comment_status":"closed","ping_status":"closed","sticky":false,"template":"","format":"standard","meta":{"footnotes":""},"categories":[53,54],"tags":[],"class_list":["post-3502","post","type-post","status-publish","format-standard","has-post-thumbnail","hentry","category-destaques","category-saude"],"yoast_head":"<!-- This site is optimized with the Yoast SEO plugin v27.4 - https:\/\/yoast.com\/product\/yoast-seo-wordpress\/ -->\n<title>CUIDE-SE! (Campanha Fecom\u00e9rcio) - O Coerente<\/title>\n<meta name=\"robots\" content=\"index, follow, max-snippet:-1, max-image-preview:large, max-video-preview:-1\" \/>\n<link rel=\"canonical\" href=\"https:\/\/ocoerente.com.br\/se\/2021\/05\/17\/cuide-se-campanha-fecomercio\/\" \/>\n<meta property=\"og:locale\" content=\"pt_BR\" \/>\n<meta property=\"og:type\" content=\"article\" \/>\n<meta property=\"og:title\" content=\"CUIDE-SE! (Campanha Fecom\u00e9rcio) - O Coerente\" \/>\n<meta property=\"og:description\" content=\"O Sistema Fecom\u00e9rcio\/Sesc\/Senac est\u00e1 na luta contra o coronav\u00edrus, juntamente com m\u00e9dicos, cantores, m\u00fasicos, artistas, ju\u00edzes, todas as classes e nossos colaboradores, para mostrar a import\u00e2ncia do uso de m\u00e1scaras corretamente, uso do \u00e1lcool 70% para higienizar as m\u00e3os e n\u00e3o fazer nenhum tipo de aglomera\u00e7\u00e3o nesse momento. Juntos, venceremos o v\u00edrus. fecomercio\" \/>\n<meta property=\"og:url\" content=\"https:\/\/ocoerente.com.br\/se\/2021\/05\/17\/cuide-se-campanha-fecomercio\/\" \/>\n<meta property=\"og:site_name\" content=\"O Coerente\" \/>\n<meta property=\"article:published_time\" content=\"2021-05-17T04:01:51+00:00\" \/>\n<meta property=\"article:modified_time\" content=\"2021-05-17T04:01:53+00:00\" \/>\n<meta property=\"og:image\" content=\"https:\/\/ocoerente.com.br\/se\/wp-content\/uploads\/2021\/05\/fecomerciopan.jpg\" \/>\n\t<meta property=\"og:image:width\" content=\"720\" \/>\n\t<meta property=\"og:image:height\" content=\"406\" \/>\n\t<meta property=\"og:image:type\" content=\"image\/jpeg\" \/>\n<meta name=\"author\" content=\"Reda\u00e7\u00e3o\" \/>\n<meta name=\"twitter:card\" content=\"summary_large_image\" \/>\n<meta name=\"twitter:label1\" content=\"Escrito por\" \/>\n\t<meta name=\"twitter:data1\" content=\"Reda\u00e7\u00e3o\" \/>\n\t<meta name=\"twitter:label2\" content=\"Est. tempo de leitura\" \/>\n\t<meta name=\"twitter:data2\" content=\"1 minuto\" \/>\n<script type=\"application\/ld+json\" class=\"yoast-schema-graph\">{\"@context\":\"https:\\\/\\\/schema.org\",\"@graph\":[{\"@type\":\"Article\",\"@id\":\"https:\\\/\\\/ocoerente.com.br\\\/se\\\/2021\\\/05\\\/17\\\/cuide-se-campanha-fecomercio\\\/#article\",\"isPartOf\":{\"@id\":\"https:\\\/\\\/ocoerente.com.br\\\/se\\\/2021\\\/05\\\/17\\\/cuide-se-campanha-fecomercio\\\/\"},\"author\":{\"name\":\"Reda\u00e7\u00e3o\",\"@id\":\"https:\\\/\\\/ocoerente.com.br\\\/se\\\/#\\\/schema\\\/person\\\/cc6bfd9fbca465e23543b0c963d8d037\"},\"headline\":\"CUIDE-SE! (Campanha Fecom\u00e9rcio)\",\"datePublished\":\"2021-05-17T04:01:51+00:00\",\"dateModified\":\"2021-05-17T04:01:53+00:00\",\"mainEntityOfPage\":{\"@id\":\"https:\\\/\\\/ocoerente.com.br\\\/se\\\/2021\\\/05\\\/17\\\/cuide-se-campanha-fecomercio\\\/\"},\"wordCount\":69,\"publisher\":{\"@id\":\"https:\\\/\\\/ocoerente.com.br\\\/se\\\/#\\\/schema\\\/person\\\/cc6bfd9fbca465e23543b0c963d8d037\"},\"image\":{\"@id\":\"https:\\\/\\\/ocoerente.com.br\\\/se\\\/2021\\\/05\\\/17\\\/cuide-se-campanha-fecomercio\\\/#primaryimage\"},\"thumbnailUrl\":\"https:\\\/\\\/ocoerente.com.br\\\/se\\\/wp-content\\\/uploads\\\/2021\\\/05\\\/fecomerciopan.jpg\",\"articleSection\":[\"Destaques\",\"Sa\u00fade\"],\"inLanguage\":\"pt-BR\"},{\"@type\":\"WebPage\",\"@id\":\"https:\\\/\\\/ocoerente.com.br\\\/se\\\/2021\\\/05\\\/17\\\/cuide-se-campanha-fecomercio\\\/\",\"url\":\"https:\\\/\\\/ocoerente.com.br\\\/se\\\/2021\\\/05\\\/17\\\/cuide-se-campanha-fecomercio\\\/\",\"name\":\"CUIDE-SE! (Campanha Fecom\u00e9rcio) - O Coerente\",\"isPartOf\":{\"@id\":\"https:\\\/\\\/ocoerente.com.br\\\/se\\\/#website\"},\"primaryImageOfPage\":{\"@id\":\"https:\\\/\\\/ocoerente.com.br\\\/se\\\/2021\\\/05\\\/17\\\/cuide-se-campanha-fecomercio\\\/#primaryimage\"},\"image\":{\"@id\":\"https:\\\/\\\/ocoerente.com.br\\\/se\\\/2021\\\/05\\\/17\\\/cuide-se-campanha-fecomercio\\\/#primaryimage\"},\"thumbnailUrl\":\"https:\\\/\\\/ocoerente.com.br\\\/se\\\/wp-content\\\/uploads\\\/2021\\\/05\\\/fecomerciopan.jpg\",\"datePublished\":\"2021-05-17T04:01:51+00:00\",\"dateModified\":\"2021-05-17T04:01:53+00:00\",\"breadcrumb\":{\"@id\":\"https:\\\/\\\/ocoerente.com.br\\\/se\\\/2021\\\/05\\\/17\\\/cuide-se-campanha-fecomercio\\\/#breadcrumb\"},\"inLanguage\":\"pt-BR\",\"potentialAction\":[{\"@type\":\"ReadAction\",\"target\":[\"https:\\\/\\\/ocoerente.com.br\\\/se\\\/2021\\\/05\\\/17\\\/cuide-se-campanha-fecomercio\\\/\"]}]},{\"@type\":\"ImageObject\",\"inLanguage\":\"pt-BR\",\"@id\":\"https:\\\/\\\/ocoerente.com.br\\\/se\\\/2021\\\/05\\\/17\\\/cuide-se-campanha-fecomercio\\\/#primaryimage\",\"url\":\"https:\\\/\\\/ocoerente.com.br\\\/se\\\/wp-content\\\/uploads\\\/2021\\\/05\\\/fecomerciopan.jpg\",\"contentUrl\":\"https:\\\/\\\/ocoerente.com.br\\\/se\\\/wp-content\\\/uploads\\\/2021\\\/05\\\/fecomerciopan.jpg\",\"width\":720,\"height\":406},{\"@type\":\"BreadcrumbList\",\"@id\":\"https:\\\/\\\/ocoerente.com.br\\\/se\\\/2021\\\/05\\\/17\\\/cuide-se-campanha-fecomercio\\\/#breadcrumb\",\"itemListElement\":[{\"@type\":\"ListItem\",\"position\":1,\"name\":\"In\u00edcio\",\"item\":\"https:\\\/\\\/ocoerente.com.br\\\/se\\\/\"},{\"@type\":\"ListItem\",\"position\":2,\"name\":\"CUIDE-SE! (Campanha Fecom\u00e9rcio)\"}]},{\"@type\":\"WebSite\",\"@id\":\"https:\\\/\\\/ocoerente.com.br\\\/se\\\/#website\",\"url\":\"https:\\\/\\\/ocoerente.com.br\\\/se\\\/\",\"name\":\"O Coerente\",\"description\":\"\",\"publisher\":{\"@id\":\"https:\\\/\\\/ocoerente.com.br\\\/se\\\/#\\\/schema\\\/person\\\/cc6bfd9fbca465e23543b0c963d8d037\"},\"potentialAction\":[{\"@type\":\"SearchAction\",\"target\":{\"@type\":\"EntryPoint\",\"urlTemplate\":\"https:\\\/\\\/ocoerente.com.br\\\/se\\\/?s={search_term_string}\"},\"query-input\":{\"@type\":\"PropertyValueSpecification\",\"valueRequired\":true,\"valueName\":\"search_term_string\"}}],\"inLanguage\":\"pt-BR\"},{\"@type\":[\"Person\",\"Organization\"],\"@id\":\"https:\\\/\\\/ocoerente.com.br\\\/se\\\/#\\\/schema\\\/person\\\/cc6bfd9fbca465e23543b0c963d8d037\",\"name\":\"Reda\u00e7\u00e3o\",\"image\":{\"@type\":\"ImageObject\",\"inLanguage\":\"pt-BR\",\"@id\":\"https:\\\/\\\/ocoerente.com.br\\\/se\\\/wp-content\\\/uploads\\\/2020\\\/01\\\/ocoerente-1.png\",\"url\":\"https:\\\/\\\/ocoerente.com.br\\\/se\\\/wp-content\\\/uploads\\\/2020\\\/01\\\/ocoerente-1.png\",\"contentUrl\":\"https:\\\/\\\/ocoerente.com.br\\\/se\\\/wp-content\\\/uploads\\\/2020\\\/01\\\/ocoerente-1.png\",\"width\":50,\"height\":50,\"caption\":\"Reda\u00e7\u00e3o\"},\"logo\":{\"@id\":\"https:\\\/\\\/ocoerente.com.br\\\/se\\\/wp-content\\\/uploads\\\/2020\\\/01\\\/ocoerente-1.png\"},\"url\":\"https:\\\/\\\/ocoerente.com.br\\\/se\\\/author\\\/vasticlsales\\\/\"}]}<\/script>\n<!-- \/ Yoast SEO plugin. -->","yoast_head_json":{"title":"CUIDE-SE! (Campanha Fecom\u00e9rcio) - O Coerente","robots":{"index":"index","follow":"follow","max-snippet":"max-snippet:-1","max-image-preview":"max-image-preview:large","max-video-preview":"max-video-preview:-1"},"canonical":"https:\/\/ocoerente.com.br\/se\/2021\/05\/17\/cuide-se-campanha-fecomercio\/","og_locale":"pt_BR","og_type":"article","og_title":"CUIDE-SE! (Campanha Fecom\u00e9rcio) - O Coerente","og_description":"O Sistema Fecom\u00e9rcio\/Sesc\/Senac est\u00e1 na luta contra o coronav\u00edrus, juntamente com m\u00e9dicos, cantores, m\u00fasicos, artistas, ju\u00edzes, todas as classes e nossos colaboradores, para mostrar a import\u00e2ncia do uso de m\u00e1scaras corretamente, uso do \u00e1lcool 70% para higienizar as m\u00e3os e n\u00e3o fazer nenhum tipo de aglomera\u00e7\u00e3o nesse momento. Juntos, venceremos o v\u00edrus. fecomercio","og_url":"https:\/\/ocoerente.com.br\/se\/2021\/05\/17\/cuide-se-campanha-fecomercio\/","og_site_name":"O Coerente","article_published_time":"2021-05-17T04:01:51+00:00","article_modified_time":"2021-05-17T04:01:53+00:00","og_image":[{"width":720,"height":406,"url":"https:\/\/ocoerente.com.br\/se\/wp-content\/uploads\/2021\/05\/fecomerciopan.jpg","type":"image\/jpeg"}],"author":"Reda\u00e7\u00e3o","twitter_card":"summary_large_image","twitter_misc":{"Escrito por":"Reda\u00e7\u00e3o","Est. tempo de leitura":"1 minuto"},"schema":{"@context":"https:\/\/schema.org","@graph":[{"@type":"Article","@id":"https:\/\/ocoerente.com.br\/se\/2021\/05\/17\/cuide-se-campanha-fecomercio\/#article","isPartOf":{"@id":"https:\/\/ocoerente.com.br\/se\/2021\/05\/17\/cuide-se-campanha-fecomercio\/"},"author":{"name":"Reda\u00e7\u00e3o","@id":"https:\/\/ocoerente.com.br\/se\/#\/schema\/person\/cc6bfd9fbca465e23543b0c963d8d037"},"headline":"CUIDE-SE! (Campanha Fecom\u00e9rcio)","datePublished":"2021-05-17T04:01:51+00:00","dateModified":"2021-05-17T04:01:53+00:00","mainEntityOfPage":{"@id":"https:\/\/ocoerente.com.br\/se\/2021\/05\/17\/cuide-se-campanha-fecomercio\/"},"wordCount":69,"publisher":{"@id":"https:\/\/ocoerente.com.br\/se\/#\/schema\/person\/cc6bfd9fbca465e23543b0c963d8d037"},"image":{"@id":"https:\/\/ocoerente.com.br\/se\/2021\/05\/17\/cuide-se-campanha-fecomercio\/#primaryimage"},"thumbnailUrl":"https:\/\/ocoerente.com.br\/se\/wp-content\/uploads\/2021\/05\/fecomerciopan.jpg","articleSection":["Destaques","Sa\u00fade"],"inLanguage":"pt-BR"},{"@type":"WebPage","@id":"https:\/\/ocoerente.com.br\/se\/2021\/05\/17\/cuide-se-campanha-fecomercio\/","url":"https:\/\/ocoerente.com.br\/se\/2021\/05\/17\/cuide-se-campanha-fecomercio\/","name":"CUIDE-SE! (Campanha Fecom\u00e9rcio) - O Coerente","isPartOf":{"@id":"https:\/\/ocoerente.com.br\/se\/#website"},"primaryImageOfPage":{"@id":"https:\/\/ocoerente.com.br\/se\/2021\/05\/17\/cuide-se-campanha-fecomercio\/#primaryimage"},"image":{"@id":"https:\/\/ocoerente.com.br\/se\/2021\/05\/17\/cuide-se-campanha-fecomercio\/#primaryimage"},"thumbnailUrl":"https:\/\/ocoerente.com.br\/se\/wp-content\/uploads\/2021\/05\/fecomerciopan.jpg","datePublished":"2021-05-17T04:01:51+00:00","dateModified":"2021-05-17T04:01:53+00:00","breadcrumb":{"@id":"https:\/\/ocoerente.com.br\/se\/2021\/05\/17\/cuide-se-campanha-fecomercio\/#breadcrumb"},"inLanguage":"pt-BR","potentialAction":[{"@type":"ReadAction","target":["https:\/\/ocoerente.com.br\/se\/2021\/05\/17\/cuide-se-campanha-fecomercio\/"]}]},{"@type":"ImageObject","inLanguage":"pt-BR","@id":"https:\/\/ocoerente.com.br\/se\/2021\/05\/17\/cuide-se-campanha-fecomercio\/#primaryimage","url":"https:\/\/ocoerente.com.br\/se\/wp-content\/uploads\/2021\/05\/fecomerciopan.jpg","contentUrl":"https:\/\/ocoerente.com.br\/se\/wp-content\/uploads\/2021\/05\/fecomerciopan.jpg","width":720,"height":406},{"@type":"BreadcrumbList","@id":"https:\/\/ocoerente.com.br\/se\/2021\/05\/17\/cuide-se-campanha-fecomercio\/#breadcrumb","itemListElement":[{"@type":"ListItem","position":1,"name":"In\u00edcio","item":"https:\/\/ocoerente.com.br\/se\/"},{"@type":"ListItem","position":2,"name":"CUIDE-SE! (Campanha Fecom\u00e9rcio)"}]},{"@type":"WebSite","@id":"https:\/\/ocoerente.com.br\/se\/#website","url":"https:\/\/ocoerente.com.br\/se\/","name":"O Coerente","description":"","publisher":{"@id":"https:\/\/ocoerente.com.br\/se\/#\/schema\/person\/cc6bfd9fbca465e23543b0c963d8d037"},"potentialAction":[{"@type":"SearchAction","target":{"@type":"EntryPoint","urlTemplate":"https:\/\/ocoerente.com.br\/se\/?s={search_term_string}"},"query-input":{"@type":"PropertyValueSpecification","valueRequired":true,"valueName":"search_term_string"}}],"inLanguage":"pt-BR"},{"@type":["Person","Organization"],"@id":"https:\/\/ocoerente.com.br\/se\/#\/schema\/person\/cc6bfd9fbca465e23543b0c963d8d037","name":"Reda\u00e7\u00e3o","image":{"@type":"ImageObject","inLanguage":"pt-BR","@id":"https:\/\/ocoerente.com.br\/se\/wp-content\/uploads\/2020\/01\/ocoerente-1.png","url":"https:\/\/ocoerente.com.br\/se\/wp-content\/uploads\/2020\/01\/ocoerente-1.png","contentUrl":"https:\/\/ocoerente.com.br\/se\/wp-content\/uploads\/2020\/01\/ocoerente-1.png","width":50,"height":50,"caption":"Reda\u00e7\u00e3o"},"logo":{"@id":"https:\/\/ocoerente.com.br\/se\/wp-content\/uploads\/2020\/01\/ocoerente-1.png"},"url":"https:\/\/ocoerente.com.br\/se\/author\/vasticlsales\/"}]}},"_links":{"self":[{"href":"https:\/\/ocoerente.com.br\/se\/wp-json\/wp\/v2\/posts\/3502","targetHints":{"allow":["GET"]}}],"collection":[{"href":"https:\/\/ocoerente.com.br\/se\/wp-json\/wp\/v2\/posts"}],"about":[{"href":"https:\/\/ocoerente.com.br\/se\/wp-json\/wp\/v2\/types\/post"}],"author":[{"embeddable":true,"href":"https:\/\/ocoerente.com.br\/se\/wp-json\/wp\/v2\/users\/1"}],"replies":[{"embeddable":true,"href":"https:\/\/ocoerente.com.br\/se\/wp-json\/wp\/v2\/comments?post=3502"}],"version-history":[{"count":1,"href":"https:\/\/ocoerente.com.br\/se\/wp-json\/wp\/v2\/posts\/3502\/revisions"}],"predecessor-version":[{"id":3505,"href":"https:\/\/ocoerente.com.br\/se\/wp-json\/wp\/v2\/posts\/3502\/revisions\/3505"}],"wp:featuredmedia":[{"embeddable":true,"href":"https:\/\/ocoerente.com.br\/se\/wp-json\/wp\/v2\/media\/3503"}],"wp:attachment":[{"href":"https:\/\/ocoerente.com.br\/se\/wp-json\/wp\/v2\/media?parent=3502"}],"wp:term":[{"taxonomy":"category","embeddable":true,"href":"https:\/\/ocoerente.com.br\/se\/wp-json\/wp\/v2\/categories?post=3502"},{"taxonomy":"post_tag","embeddable":true,"href":"https:\/\/ocoerente.com.br\/se\/wp-json\/wp\/v2\/tags?post=3502"}],"curies":[{"name":"wp","href":"https:\/\/api.w.org\/{rel}","templated":true}]}}