{"id":3499,"date":"2021-05-17T00:56:51","date_gmt":"2021-05-17T03:56:51","guid":{"rendered":"https:\/\/ocoerente.com.br\/se\/?p=3499"},"modified":"2021-05-17T00:56:52","modified_gmt":"2021-05-17T03:56:52","slug":"a-certeza-da-vida","status":"publish","type":"post","link":"https:\/\/ocoerente.com.br\/se\/2021\/05\/17\/a-certeza-da-vida\/","title":{"rendered":"A certeza da vida"},"content":{"rendered":"\n<p>Jaci encontrou Oxal\u00e1 e Emanuel desolados naquele iniciar de noite. Presumira que estavam tristes por saberem dos massacres do&nbsp;<strong><a href=\"https:\/\/congressoemfoco.uol.com.br\/tag\/Jacarezinho\/\">Jacarezinho<\/a><\/strong>&nbsp;e de Saudades. N\u00e3o era a primeira vez em que ficavam arrasados diante das in\u00fameras chacinas que ocorrem impunes no Brasil. Jaci sabia que naquele momento eles pareciam reviver as cenas de Carandiru, Vig\u00e1rio Geral, Una\u00ed, El Dorado do Caraj\u00e1,&nbsp; Quintino, Lapa, Messejana ou Felisbugo. A iluminada amiga sabia da dor de seus companheiros, pois o seu pr\u00f3prio povo fora chacinado desde o aportar da primeira caravela europeia em sua milenar moradia. Da\u00ed ter sentido compaix\u00e3o pela dor de Emanuel quando ele chorou ao&nbsp; perceber que a sua Igreja na Candel\u00e1ria n\u00e3o pudera abrigar e proteger os oito jovens executados no dia 23 de julho de 1993.<\/p>\n\n\n\n<p>\u2013 Eu sei, Emanuel, que essas not\u00edcias causam perplexidades \u2013\u00a0<strong><a href=\"https:\/\/congressoemfoco.uol.com.br\/tag\/Jaci\/\">escutou Jaci,<\/a><\/strong>\u00a0ao se aproximar de\u00a0<strong><a href=\"https:\/\/congressoemfoco.uol.com.br\/tag\/Oxala\/\">Oxal\u00e1<\/a><\/strong>. \u2013 Afinal, como justificar a morte de crian\u00e7as e de adolescentes que apenas iniciavam a vida? Como dizer que o futuro estampado no rosto da pessoa que amamos agora \u00e9 apenas um nost\u00e1lgico passado? Como n\u00e3o ficar triste quando escutamos as pessoas falarem que mortes em comunidades pobres n\u00e3o t\u00eam rostos, nomes e hist\u00f3rias a serem contadas?<\/p>\n\n\n\n<p>\u2013 N\u00e3o tem mesmo como achar normal, Oxal\u00e1. \u00c9 realmente imposs\u00edvel ficar insens\u00edvel \u00e0 morte que surge sem qualquer motiva\u00e7\u00e3o l\u00f3gica \u2013 concordou Jaci, abra\u00e7ando, carinhosa, o seu querido orix\u00e1. \u2013 At\u00e9 porque os seres humanos n\u00e3o t\u00eam, salvo quando creem em nossas mensagens, qualquer certeza sobre o futuro da alma que deixou prematuramente o corpo. S\u00e3o d\u00favidas e mais d\u00favidas a inquietar o j\u00e1 inconformado cora\u00e7\u00e3o humano.<\/p>\n\n\n\n<p>\u2013 Especialmente aqueles que Mateus chama de hip\u00f3critas, \u201cpois se comprazem em orar em p\u00e9 nas sinagogas, e \u00e0s esquinas das ruas, para serem vistos pelos homens\u201d \u2013 disse&nbsp;<strong><a href=\"https:\/\/congressoemfoco.uol.com.br\/tag\/jesus\/\">Emanuel<\/a><\/strong>, interrompendo o seu sil\u00eancio reflexivo. \u2013 Esses que dizem rezar para Deus e, secretamente, negam tudo que pregamos. Meu Pai sabe o que \u00e9 necess\u00e1rio fazer quando um cora\u00e7\u00e3o corrompido pela hipocrisia reza em v\u00e3o.<\/p>\n\n\n\n<p>\u2013 \u201cSalvem-se desta gera\u00e7\u00e3o corrompida\u201d \u2013 descontraiu Oxal\u00e1, em voz impostada \u2013 N\u00e3o \u00e9 assim que est\u00e1 no \u201cAtos dos Ap\u00f3stolos\u201d?<\/p>\n\n\n\n<p>\u2013 Voc\u00eas lembram daquele xam\u00e3 do povo Lakota que nos visitou o ano passado? \u2013 perguntou Jaci, evitando, discretamente, o debate entre seus amigos. \u2013 Ando pensando muito nele, agora que a pandemia tem causado muita dor, desespero e desesperan\u00e7a.<\/p>\n\n\n\n<p>\u2013 Claro que sim \u2013 respondeu Oxal\u00e1. \u2013 Eu gostava quando ele falava que as pessoas deveriam \u201cviver para as gera\u00e7\u00f5es que ainda n\u00e3o nasceram\u201d. E que Emanuel emendava com um dos seus salmos, dizendo que \u201co teu nome ser\u00e1 lembrado de gera\u00e7\u00e3o em gera\u00e7\u00e3o\u201d.<\/p>\n\n\n\n<p>\u2013 Ele mesmo! Ontem, enquanto eu escutava Akuanduba tocar a sua flauta, a harmonia entrou em meu cora\u00e7\u00e3o e comecei a sorrir \u2013 assentiu Jaci. \u2013 Lembrei das gera\u00e7\u00f5es passadas, da minha gera\u00e7\u00e3o e das gera\u00e7\u00f5es futuras. E de voc\u00eas discutindo sobre a vida e os dilemas geracionais.<\/p>\n\n\n\n<p>\u2013 Tem certeza que n\u00e3o foi&nbsp;<strong><a href=\"https:\/\/congressoemfoco.uol.com.br\/tag\/Iansa\/\">Ians\u00e3<\/a><\/strong>&nbsp;que soprou em voc\u00ea essas coisas \u2013 brincou Oxal\u00e1. \u2013 Ela \u00e9 muito imprevis\u00edvel quando se trata da alma humana.<\/p>\n\n\n\n<p>\u2013 N\u00e3o me importa a autoria do pensamento. O que importa \u00e9 que ele ilumine os caminhos \u2013 fingiu-se zangada, Jaci.<\/p>\n\n\n\n<p>\u2013 \u201cFa\u00e7a-se a luz\u201d \u2013 brincou Emanuel. \u2013 E nos conte a g\u00eanese de seu pensamento.<\/p>\n\n\n\n<p>\u2013 Eu pensei em dizer que dever\u00edamos consolar os que sofrem dizendo que nada&nbsp; pode apagar do mundo a vida que aconteceu para algu\u00e9m, ainda que o seu corpo ateste o contr\u00e1rio \u2013 suspirou Jaci. \u2013 E quando a vida nasce para algu\u00e9m, independentemente da sua dura\u00e7\u00e3o, um fen\u00f4meno fant\u00e1stico ocorre de forma cont\u00ednua e indissol\u00favel, fazendo com que a vida seja uma certeza.<\/p>\n\n\n\n<p>\u2013 N\u00e3o foi o seu amigo xam\u00e3 quem disse que acreditava no dom da transmuta\u00e7\u00e3o da vida em outras vidas? \u2013 indagou Oxal\u00e1. \u2013 N\u00e3o foi ele quem disse que&nbsp; as descobertas, os sorrisos, os espa\u00e7os conquistados ou perdidos ao longo de uma vida n\u00e3o s\u00e3o destru\u00eddos pela morte do corpo. Da mesma forma as decep\u00e7\u00f5es, os choros e as dores de quem amamos, pois nos marcam com t\u00e3o intensidade que ficam tatuados em nossas vidas como se fossem por n\u00f3s diretamente adquiridos.<\/p>\n\n\n\n<p>\u2013 Exatamente! Ele nos disse que uma vida tem o poder de fazer novas vidas, alterar o destino de outras, absolver as caracter\u00edsticas de v\u00e1rias, incorporar-se \u00e0 de algumas ou at\u00e9 mesmo construir um outro tipo de vida \u2013 continuou Jaci, relembrando as indaga\u00e7\u00f5es de seu antigo visitante. \u2013 Como dizer que uma m\u00e3e n\u00e3o renasceu em sentimentos e experi\u00eancias durante a gravidez? Mesmo o nascimento de seu filho n\u00e3o conseguir\u00e1 apagar de sua mem\u00f3ria a certeza de que fora capaz de produzir uma nova esp\u00e9cie de luz. A vida que dela brotou tamb\u00e9m fez dela um novo ser. Como dizer que um filho n\u00e3o contribui e modifica a vida de um pai, fazendo-o sentir um pouco do gosto de ser Deus, por ter reproduzido algu\u00e9m \u00e0 sua imagem e semelhan\u00e7a? Como retirar de nossa carga gen\u00e9tica, emocional ou cultural as vidas de nossos antepassados? Como esconder o que aprendemos com os amigos, os amores e os professores que j\u00e1 passaram por nossas vidas?<\/p>\n\n\n\n<p>\u2013 Definitivamente a nossa vida \u00e9 tamb\u00e9m o somat\u00f3rio de outras vidas.&nbsp; \u2013 continuou, Jaci, diante do sil\u00eancio de seus amigos. \u2013 Enquanto estivermos vivos as gera\u00e7\u00f5es do ontem e do hoje estar\u00e3o vivas conosco. E enquanto as pessoas com quem convivermos estiverem vivas, n\u00f3s tamb\u00e9m teremos a certeza de que continuaremos vivos, mesmo ap\u00f3s o incerto dia em que dir\u00e3o que morremos. E estes com quem compartilhamos a nossa vida, transferindo um pouco de n\u00f3s, certamente viver\u00e3o conosco em outras vidas, at\u00e9 a eternidade. \u00c9 a vida transmudada em outras vidas, eternamente.<\/p>\n\n\n\n<p>\u2013 Obrigado Jaci! \u2013 agradeceu Oxal\u00e1 \u2013 Eu estava precisado dessa conversa. Quando eu encontrar Ians\u00e3 contarei do que voc\u00ea me disse. Acalenta-me saber que a vida permanece ativa, mesmo depois que o corpo se foi. A tarefa de quem fica \u00e9 manter acesa a chama que alimentou aquela vida, fazendo com que ela continue \u00fatil e imortal.<\/p>\n\n\n\n<p>\u2013 N\u00e3o h\u00e1 o que agradecer Oxal\u00e1! \u2013 sorriu Jaci. \u2013 Eu mesma ouvi voc\u00ea soprar aos ouvidos das pessoas que buscavam consolo nos terreiros, ap\u00f3s as perdas f\u00edsicas sofridas, que era importante conservar e colecionar as fotografias na manuten\u00e7\u00e3o da lembran\u00e7a dos tra\u00e7os f\u00edsicos. Reviver e relembrar as aventuras, as ideias, os sonhos e li\u00e7\u00f5es ensinadas tamb\u00e9m. E que n\u00e3o deixar morrer a hist\u00f3ria de quem fisicamente partiu \u00e9 uma miss\u00e3o geracional de quem ficou.<\/p>\n\n\n\n<p>\u2013 Sempre reaprendo, nestas horas em que a morte nos faz lembrar da fragilidade do corpo, que devo cada vez mais compartilhar a minha vida \u2013 concordou Emanuel. \u2013 Quanto mais abrirmos a vida para o pr\u00f3ximo, mais vivos continuaremos transmudados em outros corpos e cora\u00e7\u00f5es.<\/p>\n\n\n\n<p>\u2013 O ant\u00eddoto para a morte seria continuar nascendo e crescendo em outras vidas \u2013 arrematou Jaci.<\/p>\n\n\n\n<p><strong>O texto acima expressa a vis\u00e3o de quem o assina, n\u00e3o necessariamente do Congresso em Foco. Se voc\u00ea quer publicar algo sobre o mesmo tema, mas com um diferente ponto de vista, envie sua sugest\u00e3o de texto para\u00a0<\/strong><a href=\"mailto:redacao@congressoemfoco.com.br\"><strong>redacao@congressoemfoco.com.br<\/strong><\/a><strong>.<\/strong><\/p>\n\n\n\n<p>congressoemfoco<\/p>\n","protected":false},"excerpt":{"rendered":"<p>Jaci encontrou Oxal\u00e1 e Emanuel desolados naquele iniciar de noite. Presumira que estavam tristes por saberem dos massacres do&nbsp;Jacarezinho&nbsp;e de Saudades. N\u00e3o era a primeira vez em que ficavam arrasados diante das in\u00fameras chacinas que ocorrem impunes no Brasil. Jaci sabia que naquele momento eles pareciam reviver as cenas de Carandiru, Vig\u00e1rio Geral, Una\u00ed, El [&hellip;]<\/p>\n","protected":false},"author":1,"featured_media":3500,"comment_status":"closed","ping_status":"closed","sticky":false,"template":"","format":"standard","meta":{"footnotes":""},"categories":[48,53],"tags":[],"class_list":["post-3499","post","type-post","status-publish","format-standard","has-post-thumbnail","hentry","category-brasil","category-destaques"],"yoast_head":"<!-- This site is optimized with the Yoast SEO plugin v27.4 - https:\/\/yoast.com\/product\/yoast-seo-wordpress\/ -->\n<title>A certeza da vida - O Coerente<\/title>\n<meta name=\"robots\" content=\"index, follow, max-snippet:-1, max-image-preview:large, max-video-preview:-1\" \/>\n<link rel=\"canonical\" href=\"https:\/\/ocoerente.com.br\/se\/2021\/05\/17\/a-certeza-da-vida\/\" \/>\n<meta property=\"og:locale\" content=\"pt_BR\" \/>\n<meta property=\"og:type\" content=\"article\" \/>\n<meta property=\"og:title\" content=\"A certeza da vida - O Coerente\" \/>\n<meta property=\"og:description\" content=\"Jaci encontrou Oxal\u00e1 e Emanuel desolados naquele iniciar de noite. Presumira que estavam tristes por saberem dos massacres do&nbsp;Jacarezinho&nbsp;e de Saudades. N\u00e3o era a primeira vez em que ficavam arrasados diante das in\u00fameras chacinas que ocorrem impunes no Brasil. Jaci sabia que naquele momento eles pareciam reviver as cenas de Carandiru, Vig\u00e1rio Geral, Una\u00ed, El [&hellip;]\" \/>\n<meta property=\"og:url\" content=\"https:\/\/ocoerente.com.br\/se\/2021\/05\/17\/a-certeza-da-vida\/\" \/>\n<meta property=\"og:site_name\" content=\"O Coerente\" \/>\n<meta property=\"article:published_time\" content=\"2021-05-17T03:56:51+00:00\" \/>\n<meta property=\"article:modified_time\" content=\"2021-05-17T03:56:52+00:00\" \/>\n<meta property=\"og:image\" content=\"https:\/\/ocoerente.com.br\/se\/wp-content\/uploads\/2021\/05\/favela.jpg\" \/>\n\t<meta property=\"og:image:width\" content=\"399\" \/>\n\t<meta property=\"og:image:height\" content=\"270\" \/>\n\t<meta property=\"og:image:type\" content=\"image\/jpeg\" \/>\n<meta name=\"author\" content=\"Reda\u00e7\u00e3o\" \/>\n<meta name=\"twitter:card\" content=\"summary_large_image\" \/>\n<meta name=\"twitter:label1\" content=\"Escrito por\" \/>\n\t<meta name=\"twitter:data1\" content=\"Reda\u00e7\u00e3o\" \/>\n\t<meta name=\"twitter:label2\" content=\"Est. tempo de leitura\" \/>\n\t<meta name=\"twitter:data2\" content=\"6 minutos\" \/>\n<script type=\"application\/ld+json\" class=\"yoast-schema-graph\">{\"@context\":\"https:\\\/\\\/schema.org\",\"@graph\":[{\"@type\":\"Article\",\"@id\":\"https:\\\/\\\/ocoerente.com.br\\\/se\\\/2021\\\/05\\\/17\\\/a-certeza-da-vida\\\/#article\",\"isPartOf\":{\"@id\":\"https:\\\/\\\/ocoerente.com.br\\\/se\\\/2021\\\/05\\\/17\\\/a-certeza-da-vida\\\/\"},\"author\":{\"name\":\"Reda\u00e7\u00e3o\",\"@id\":\"https:\\\/\\\/ocoerente.com.br\\\/se\\\/#\\\/schema\\\/person\\\/cc6bfd9fbca465e23543b0c963d8d037\"},\"headline\":\"A certeza da vida\",\"datePublished\":\"2021-05-17T03:56:51+00:00\",\"dateModified\":\"2021-05-17T03:56:52+00:00\",\"mainEntityOfPage\":{\"@id\":\"https:\\\/\\\/ocoerente.com.br\\\/se\\\/2021\\\/05\\\/17\\\/a-certeza-da-vida\\\/\"},\"wordCount\":1255,\"publisher\":{\"@id\":\"https:\\\/\\\/ocoerente.com.br\\\/se\\\/#\\\/schema\\\/person\\\/cc6bfd9fbca465e23543b0c963d8d037\"},\"image\":{\"@id\":\"https:\\\/\\\/ocoerente.com.br\\\/se\\\/2021\\\/05\\\/17\\\/a-certeza-da-vida\\\/#primaryimage\"},\"thumbnailUrl\":\"https:\\\/\\\/ocoerente.com.br\\\/se\\\/wp-content\\\/uploads\\\/2021\\\/05\\\/favela.jpg\",\"articleSection\":[\"Brasil\",\"Destaques\"],\"inLanguage\":\"pt-BR\"},{\"@type\":\"WebPage\",\"@id\":\"https:\\\/\\\/ocoerente.com.br\\\/se\\\/2021\\\/05\\\/17\\\/a-certeza-da-vida\\\/\",\"url\":\"https:\\\/\\\/ocoerente.com.br\\\/se\\\/2021\\\/05\\\/17\\\/a-certeza-da-vida\\\/\",\"name\":\"A certeza da vida - O Coerente\",\"isPartOf\":{\"@id\":\"https:\\\/\\\/ocoerente.com.br\\\/se\\\/#website\"},\"primaryImageOfPage\":{\"@id\":\"https:\\\/\\\/ocoerente.com.br\\\/se\\\/2021\\\/05\\\/17\\\/a-certeza-da-vida\\\/#primaryimage\"},\"image\":{\"@id\":\"https:\\\/\\\/ocoerente.com.br\\\/se\\\/2021\\\/05\\\/17\\\/a-certeza-da-vida\\\/#primaryimage\"},\"thumbnailUrl\":\"https:\\\/\\\/ocoerente.com.br\\\/se\\\/wp-content\\\/uploads\\\/2021\\\/05\\\/favela.jpg\",\"datePublished\":\"2021-05-17T03:56:51+00:00\",\"dateModified\":\"2021-05-17T03:56:52+00:00\",\"breadcrumb\":{\"@id\":\"https:\\\/\\\/ocoerente.com.br\\\/se\\\/2021\\\/05\\\/17\\\/a-certeza-da-vida\\\/#breadcrumb\"},\"inLanguage\":\"pt-BR\",\"potentialAction\":[{\"@type\":\"ReadAction\",\"target\":[\"https:\\\/\\\/ocoerente.com.br\\\/se\\\/2021\\\/05\\\/17\\\/a-certeza-da-vida\\\/\"]}]},{\"@type\":\"ImageObject\",\"inLanguage\":\"pt-BR\",\"@id\":\"https:\\\/\\\/ocoerente.com.br\\\/se\\\/2021\\\/05\\\/17\\\/a-certeza-da-vida\\\/#primaryimage\",\"url\":\"https:\\\/\\\/ocoerente.com.br\\\/se\\\/wp-content\\\/uploads\\\/2021\\\/05\\\/favela.jpg\",\"contentUrl\":\"https:\\\/\\\/ocoerente.com.br\\\/se\\\/wp-content\\\/uploads\\\/2021\\\/05\\\/favela.jpg\",\"width\":399,\"height\":270},{\"@type\":\"BreadcrumbList\",\"@id\":\"https:\\\/\\\/ocoerente.com.br\\\/se\\\/2021\\\/05\\\/17\\\/a-certeza-da-vida\\\/#breadcrumb\",\"itemListElement\":[{\"@type\":\"ListItem\",\"position\":1,\"name\":\"In\u00edcio\",\"item\":\"https:\\\/\\\/ocoerente.com.br\\\/se\\\/\"},{\"@type\":\"ListItem\",\"position\":2,\"name\":\"A certeza da vida\"}]},{\"@type\":\"WebSite\",\"@id\":\"https:\\\/\\\/ocoerente.com.br\\\/se\\\/#website\",\"url\":\"https:\\\/\\\/ocoerente.com.br\\\/se\\\/\",\"name\":\"O Coerente\",\"description\":\"\",\"publisher\":{\"@id\":\"https:\\\/\\\/ocoerente.com.br\\\/se\\\/#\\\/schema\\\/person\\\/cc6bfd9fbca465e23543b0c963d8d037\"},\"potentialAction\":[{\"@type\":\"SearchAction\",\"target\":{\"@type\":\"EntryPoint\",\"urlTemplate\":\"https:\\\/\\\/ocoerente.com.br\\\/se\\\/?s={search_term_string}\"},\"query-input\":{\"@type\":\"PropertyValueSpecification\",\"valueRequired\":true,\"valueName\":\"search_term_string\"}}],\"inLanguage\":\"pt-BR\"},{\"@type\":[\"Person\",\"Organization\"],\"@id\":\"https:\\\/\\\/ocoerente.com.br\\\/se\\\/#\\\/schema\\\/person\\\/cc6bfd9fbca465e23543b0c963d8d037\",\"name\":\"Reda\u00e7\u00e3o\",\"image\":{\"@type\":\"ImageObject\",\"inLanguage\":\"pt-BR\",\"@id\":\"https:\\\/\\\/ocoerente.com.br\\\/se\\\/wp-content\\\/uploads\\\/2020\\\/01\\\/ocoerente-1.png\",\"url\":\"https:\\\/\\\/ocoerente.com.br\\\/se\\\/wp-content\\\/uploads\\\/2020\\\/01\\\/ocoerente-1.png\",\"contentUrl\":\"https:\\\/\\\/ocoerente.com.br\\\/se\\\/wp-content\\\/uploads\\\/2020\\\/01\\\/ocoerente-1.png\",\"width\":50,\"height\":50,\"caption\":\"Reda\u00e7\u00e3o\"},\"logo\":{\"@id\":\"https:\\\/\\\/ocoerente.com.br\\\/se\\\/wp-content\\\/uploads\\\/2020\\\/01\\\/ocoerente-1.png\"},\"url\":\"https:\\\/\\\/ocoerente.com.br\\\/se\\\/author\\\/vasticlsales\\\/\"}]}<\/script>\n<!-- \/ Yoast SEO plugin. -->","yoast_head_json":{"title":"A certeza da vida - O Coerente","robots":{"index":"index","follow":"follow","max-snippet":"max-snippet:-1","max-image-preview":"max-image-preview:large","max-video-preview":"max-video-preview:-1"},"canonical":"https:\/\/ocoerente.com.br\/se\/2021\/05\/17\/a-certeza-da-vida\/","og_locale":"pt_BR","og_type":"article","og_title":"A certeza da vida - O Coerente","og_description":"Jaci encontrou Oxal\u00e1 e Emanuel desolados naquele iniciar de noite. Presumira que estavam tristes por saberem dos massacres do&nbsp;Jacarezinho&nbsp;e de Saudades. N\u00e3o era a primeira vez em que ficavam arrasados diante das in\u00fameras chacinas que ocorrem impunes no Brasil. Jaci sabia que naquele momento eles pareciam reviver as cenas de Carandiru, Vig\u00e1rio Geral, Una\u00ed, El [&hellip;]","og_url":"https:\/\/ocoerente.com.br\/se\/2021\/05\/17\/a-certeza-da-vida\/","og_site_name":"O Coerente","article_published_time":"2021-05-17T03:56:51+00:00","article_modified_time":"2021-05-17T03:56:52+00:00","og_image":[{"width":399,"height":270,"url":"https:\/\/ocoerente.com.br\/se\/wp-content\/uploads\/2021\/05\/favela.jpg","type":"image\/jpeg"}],"author":"Reda\u00e7\u00e3o","twitter_card":"summary_large_image","twitter_misc":{"Escrito por":"Reda\u00e7\u00e3o","Est. tempo de leitura":"6 minutos"},"schema":{"@context":"https:\/\/schema.org","@graph":[{"@type":"Article","@id":"https:\/\/ocoerente.com.br\/se\/2021\/05\/17\/a-certeza-da-vida\/#article","isPartOf":{"@id":"https:\/\/ocoerente.com.br\/se\/2021\/05\/17\/a-certeza-da-vida\/"},"author":{"name":"Reda\u00e7\u00e3o","@id":"https:\/\/ocoerente.com.br\/se\/#\/schema\/person\/cc6bfd9fbca465e23543b0c963d8d037"},"headline":"A certeza da vida","datePublished":"2021-05-17T03:56:51+00:00","dateModified":"2021-05-17T03:56:52+00:00","mainEntityOfPage":{"@id":"https:\/\/ocoerente.com.br\/se\/2021\/05\/17\/a-certeza-da-vida\/"},"wordCount":1255,"publisher":{"@id":"https:\/\/ocoerente.com.br\/se\/#\/schema\/person\/cc6bfd9fbca465e23543b0c963d8d037"},"image":{"@id":"https:\/\/ocoerente.com.br\/se\/2021\/05\/17\/a-certeza-da-vida\/#primaryimage"},"thumbnailUrl":"https:\/\/ocoerente.com.br\/se\/wp-content\/uploads\/2021\/05\/favela.jpg","articleSection":["Brasil","Destaques"],"inLanguage":"pt-BR"},{"@type":"WebPage","@id":"https:\/\/ocoerente.com.br\/se\/2021\/05\/17\/a-certeza-da-vida\/","url":"https:\/\/ocoerente.com.br\/se\/2021\/05\/17\/a-certeza-da-vida\/","name":"A certeza da vida - O Coerente","isPartOf":{"@id":"https:\/\/ocoerente.com.br\/se\/#website"},"primaryImageOfPage":{"@id":"https:\/\/ocoerente.com.br\/se\/2021\/05\/17\/a-certeza-da-vida\/#primaryimage"},"image":{"@id":"https:\/\/ocoerente.com.br\/se\/2021\/05\/17\/a-certeza-da-vida\/#primaryimage"},"thumbnailUrl":"https:\/\/ocoerente.com.br\/se\/wp-content\/uploads\/2021\/05\/favela.jpg","datePublished":"2021-05-17T03:56:51+00:00","dateModified":"2021-05-17T03:56:52+00:00","breadcrumb":{"@id":"https:\/\/ocoerente.com.br\/se\/2021\/05\/17\/a-certeza-da-vida\/#breadcrumb"},"inLanguage":"pt-BR","potentialAction":[{"@type":"ReadAction","target":["https:\/\/ocoerente.com.br\/se\/2021\/05\/17\/a-certeza-da-vida\/"]}]},{"@type":"ImageObject","inLanguage":"pt-BR","@id":"https:\/\/ocoerente.com.br\/se\/2021\/05\/17\/a-certeza-da-vida\/#primaryimage","url":"https:\/\/ocoerente.com.br\/se\/wp-content\/uploads\/2021\/05\/favela.jpg","contentUrl":"https:\/\/ocoerente.com.br\/se\/wp-content\/uploads\/2021\/05\/favela.jpg","width":399,"height":270},{"@type":"BreadcrumbList","@id":"https:\/\/ocoerente.com.br\/se\/2021\/05\/17\/a-certeza-da-vida\/#breadcrumb","itemListElement":[{"@type":"ListItem","position":1,"name":"In\u00edcio","item":"https:\/\/ocoerente.com.br\/se\/"},{"@type":"ListItem","position":2,"name":"A certeza da vida"}]},{"@type":"WebSite","@id":"https:\/\/ocoerente.com.br\/se\/#website","url":"https:\/\/ocoerente.com.br\/se\/","name":"O Coerente","description":"","publisher":{"@id":"https:\/\/ocoerente.com.br\/se\/#\/schema\/person\/cc6bfd9fbca465e23543b0c963d8d037"},"potentialAction":[{"@type":"SearchAction","target":{"@type":"EntryPoint","urlTemplate":"https:\/\/ocoerente.com.br\/se\/?s={search_term_string}"},"query-input":{"@type":"PropertyValueSpecification","valueRequired":true,"valueName":"search_term_string"}}],"inLanguage":"pt-BR"},{"@type":["Person","Organization"],"@id":"https:\/\/ocoerente.com.br\/se\/#\/schema\/person\/cc6bfd9fbca465e23543b0c963d8d037","name":"Reda\u00e7\u00e3o","image":{"@type":"ImageObject","inLanguage":"pt-BR","@id":"https:\/\/ocoerente.com.br\/se\/wp-content\/uploads\/2020\/01\/ocoerente-1.png","url":"https:\/\/ocoerente.com.br\/se\/wp-content\/uploads\/2020\/01\/ocoerente-1.png","contentUrl":"https:\/\/ocoerente.com.br\/se\/wp-content\/uploads\/2020\/01\/ocoerente-1.png","width":50,"height":50,"caption":"Reda\u00e7\u00e3o"},"logo":{"@id":"https:\/\/ocoerente.com.br\/se\/wp-content\/uploads\/2020\/01\/ocoerente-1.png"},"url":"https:\/\/ocoerente.com.br\/se\/author\/vasticlsales\/"}]}},"_links":{"self":[{"href":"https:\/\/ocoerente.com.br\/se\/wp-json\/wp\/v2\/posts\/3499","targetHints":{"allow":["GET"]}}],"collection":[{"href":"https:\/\/ocoerente.com.br\/se\/wp-json\/wp\/v2\/posts"}],"about":[{"href":"https:\/\/ocoerente.com.br\/se\/wp-json\/wp\/v2\/types\/post"}],"author":[{"embeddable":true,"href":"https:\/\/ocoerente.com.br\/se\/wp-json\/wp\/v2\/users\/1"}],"replies":[{"embeddable":true,"href":"https:\/\/ocoerente.com.br\/se\/wp-json\/wp\/v2\/comments?post=3499"}],"version-history":[{"count":1,"href":"https:\/\/ocoerente.com.br\/se\/wp-json\/wp\/v2\/posts\/3499\/revisions"}],"predecessor-version":[{"id":3501,"href":"https:\/\/ocoerente.com.br\/se\/wp-json\/wp\/v2\/posts\/3499\/revisions\/3501"}],"wp:featuredmedia":[{"embeddable":true,"href":"https:\/\/ocoerente.com.br\/se\/wp-json\/wp\/v2\/media\/3500"}],"wp:attachment":[{"href":"https:\/\/ocoerente.com.br\/se\/wp-json\/wp\/v2\/media?parent=3499"}],"wp:term":[{"taxonomy":"category","embeddable":true,"href":"https:\/\/ocoerente.com.br\/se\/wp-json\/wp\/v2\/categories?post=3499"},{"taxonomy":"post_tag","embeddable":true,"href":"https:\/\/ocoerente.com.br\/se\/wp-json\/wp\/v2\/tags?post=3499"}],"curies":[{"name":"wp","href":"https:\/\/api.w.org\/{rel}","templated":true}]}}