{"id":3488,"date":"2021-05-15T00:01:32","date_gmt":"2021-05-15T03:01:32","guid":{"rendered":"https:\/\/ocoerente.com.br\/se\/?p=3488"},"modified":"2021-05-15T00:01:33","modified_gmt":"2021-05-15T03:01:33","slug":"os-correios-tem-importancia-estrategica-para-o-brasil-afirmou-joao-daniel-ao-se-posicionar-contrario-ao-pl-591-21","status":"publish","type":"post","link":"https:\/\/ocoerente.com.br\/se\/2021\/05\/15\/os-correios-tem-importancia-estrategica-para-o-brasil-afirmou-joao-daniel-ao-se-posicionar-contrario-ao-pl-591-21\/","title":{"rendered":"\u201cOs Correios t\u00eam import\u00e2ncia estrat\u00e9gica para o Brasil\u201d, afirmou Jo\u00e3o Daniel, ao se posicionar contr\u00e1rio ao PL 591\/21"},"content":{"rendered":"\n<p>Sem qualquer discuss\u00e3o ampla com a sociedade e trabalhadores, o governo enviou \u00e0 C\u00e2mara dos Deputados o projeto de lei 591\/2021, que trata da privatiza\u00e7\u00e3o dos Correios no pa\u00eds. A proposta autoriza a explora\u00e7\u00e3o dos servi\u00e7os postais pela iniciativa privada inclusive de servi\u00e7os que hoje s\u00e3o prestados pela estatal em regime de monop\u00f3lio. Audi\u00eancia p\u00fablica, realizada pela nesta sexta-feira, dia 14, Comiss\u00e3o de Legisla\u00e7\u00e3o Participativa da C\u00e2mara, atendendo ao requerimento dos deputados petistas Leonardo Monteiro, Jo\u00e3o Daniel, Erika Kokay, Patrus Ananis, Maria do Ros\u00e1rio e Vicentinho, debateu os impactos do processo de privatiza\u00e7\u00e3o dos correios para a popula\u00e7\u00e3o brasileira.<\/p>\n\n\n\n<p>A audi\u00eancia teve a participa\u00e7\u00e3o de representantes de diversas entidades representativas dos trabalhadores dos Correios. O deputado Jo\u00e3o Daniel, um dos autores do requerimento para a realiza\u00e7\u00e3o do debate, assegurou seu apoio \u00e0 luta organizada em defesa da manuten\u00e7\u00e3o dos Correios enquanto empresa p\u00fablica, estrat\u00e9gica, na defesa da soberania nacional. \u201cEstamos junto na defesa dos Correios, na defesa de todas as empresas e bancos estatais\u201d, disse o parlamentar, que tamb\u00e9m hoje j\u00e1 havia participado da audi\u00eancia p\u00fablica realizada na C\u00e2mara de Vereadores de Aracaju, organizada pelo mandato da vereadora Angela Melo, que tamb\u00e9m debateu a defesa dos Correios.<\/p>\n\n\n\n<p>\u201cSabemos a import\u00e2ncia e da hist\u00f3ria dessa empresa para o Brasil. Diz respeito \u00e0 quest\u00e3o da seguran\u00e7a, import\u00e2ncia estrat\u00e9gica e vida nacional\u201d, ressaltou, frisando que este grande movimento tem o objetivo de derrotar Bolsonaro e Paulo Guedes, ministro da Economia, segundo ele dois grandes vendedores do que n\u00e3o \u00e9 deles, pois querem vender nossas empresas. \u201cVamos \u00e0 luta em defesa dos Correios e contra esse projeto de lei de desestatiza\u00e7\u00e3o\u201d, completou.<\/p>\n\n\n\n<p>O representante da Federa\u00e7\u00e3o Interestadual dos Sindicatos dos Trabalhadores e<br>Trabalhadoras do Correios (Findect), Jos\u00e9 Aparecido Gimenes G\u00e2ndara, fez o relato, durante a audi\u00eancia, da queda na qualidade do atendimento devido \u00e0 redu\u00e7\u00e3o de 28% do seu pessoal, a partir do PDI\/PDV realizado pelos Correios de 2014 a 2019, sendo que nesse mesmo per\u00edodo a empresa aumentou seu faturamento em mais de 50%. Segundo ele, em 2014 os Correios contavam com 128 mil empregados, hoje s\u00e3o apenas 92 mil. \u201cE o resultado disso \u00e9 a redu\u00e7\u00e3o da qualidade com ac\u00famulo de servi\u00e7os de baixo valor agregado, a exemplo das cartas. O que os Correios est\u00e3o fazendo \u00e9 um crime e precisa ser registrado nessa comiss\u00e3o, porque os Correios est\u00e3o com as cartas l\u00e1 dentro e n\u00e3o tem funcion\u00e1rios para entregar essas correspond\u00eancias\u201d, denunciou, ao acrescentar que os servidores que permanecem est\u00e3o sendo assediados.<\/p>\n\n\n\n<p>N\u00e3o \u00e9 solu\u00e7\u00e3o<br>F\u00e1bio de Souza Oliveira, representante da Associa\u00e7\u00e3o Nacional dos Trabalhadores dos Correios (Anatect), alertou que a privatiza\u00e7\u00e3o n\u00e3o parece ser a solu\u00e7\u00e3o para os problemas que a empresa enfrenta. Segundo ele, n\u00e3o existe nenhuma experi\u00eancia hist\u00f3rica de pa\u00eds de grande extens\u00e3o territorial com correio privatizado. \u201cQuando o governo diz que vai privatizar, n\u00e3o tem nenhuma experi\u00eancia de sucesso de pa\u00eds de grande porte com correio privatizado\u201d, afirmou, ao defender que a C\u00e2mara n\u00e3o pode esse projeto de desestatiza\u00e7\u00e3o sem ouvir a popula\u00e7\u00e3o. \u201cOs Correios t\u00eam caracter\u00edsticas que justificam o monop\u00f3lio ou oligop\u00f3lio\u201d, acrescentou.<\/p>\n\n\n\n<p>Nos 20 maiores pa\u00edses do mundo, o servi\u00e7o de correios \u00e9 p\u00fablico, a exemplo da R\u00fassia, da China, Canad\u00e1, Estados Unidos, Austr\u00e1lia, \u00cdndia\u2026 o representante da Associa\u00e7\u00e3o dos Profissionais dos Correios, Marcos C\u00e9sar, destacou que no Brasil a natureza p\u00fablica deste servi\u00e7o est\u00e1 evidenciada na Constitui\u00e7\u00e3o, no seu artigo 21. Ele observou ainda que o custo anual de universaliza\u00e7\u00e3o do servi\u00e7o, no total de R$ 6 bilh\u00f5es, \u00e9 totalmente bancado pelos Correios e questionou como ficar\u00e1 essa quest\u00e3o caso haja uma desestatiza\u00e7\u00e3o. Ele colocou ainda que no Brasil o pre\u00e7o da tarifa de carta est\u00e1 bem abaixo da m\u00e9dia mundial, embora seja um dos maiores pa\u00edses em territ\u00f3rio.<\/p>\n\n\n\n<p><\/p>\n","protected":false},"excerpt":{"rendered":"<p>Sem qualquer discuss\u00e3o ampla com a sociedade e trabalhadores, o governo enviou \u00e0 C\u00e2mara dos Deputados o projeto de lei 591\/2021, que trata da privatiza\u00e7\u00e3o dos Correios no pa\u00eds. A proposta autoriza a explora\u00e7\u00e3o dos servi\u00e7os postais pela iniciativa privada inclusive de servi\u00e7os que hoje s\u00e3o prestados pela estatal em regime de monop\u00f3lio. Audi\u00eancia p\u00fablica, [&hellip;]<\/p>\n","protected":false},"author":1,"featured_media":3489,"comment_status":"closed","ping_status":"closed","sticky":false,"template":"","format":"standard","meta":{"footnotes":""},"categories":[53,44],"tags":[],"class_list":["post-3488","post","type-post","status-publish","format-standard","has-post-thumbnail","hentry","category-destaques","category-politica"],"yoast_head":"<!-- This site is optimized with the Yoast SEO plugin v27.4 - https:\/\/yoast.com\/product\/yoast-seo-wordpress\/ -->\n<title>\u201cOs Correios t\u00eam import\u00e2ncia estrat\u00e9gica para o Brasil\u201d, afirmou Jo\u00e3o Daniel, ao se posicionar contr\u00e1rio ao PL 591\/21 - O Coerente<\/title>\n<meta name=\"robots\" content=\"index, follow, max-snippet:-1, max-image-preview:large, max-video-preview:-1\" \/>\n<link rel=\"canonical\" href=\"https:\/\/ocoerente.com.br\/se\/2021\/05\/15\/os-correios-tem-importancia-estrategica-para-o-brasil-afirmou-joao-daniel-ao-se-posicionar-contrario-ao-pl-591-21\/\" \/>\n<meta property=\"og:locale\" content=\"pt_BR\" \/>\n<meta property=\"og:type\" content=\"article\" \/>\n<meta property=\"og:title\" content=\"\u201cOs Correios t\u00eam import\u00e2ncia estrat\u00e9gica para o Brasil\u201d, afirmou Jo\u00e3o Daniel, ao se posicionar contr\u00e1rio ao PL 591\/21 - O Coerente\" \/>\n<meta property=\"og:description\" content=\"Sem qualquer discuss\u00e3o ampla com a sociedade e trabalhadores, o governo enviou \u00e0 C\u00e2mara dos Deputados o projeto de lei 591\/2021, que trata da privatiza\u00e7\u00e3o dos Correios no pa\u00eds. A proposta autoriza a explora\u00e7\u00e3o dos servi\u00e7os postais pela iniciativa privada inclusive de servi\u00e7os que hoje s\u00e3o prestados pela estatal em regime de monop\u00f3lio. Audi\u00eancia p\u00fablica, [&hellip;]\" \/>\n<meta property=\"og:url\" content=\"https:\/\/ocoerente.com.br\/se\/2021\/05\/15\/os-correios-tem-importancia-estrategica-para-o-brasil-afirmou-joao-daniel-ao-se-posicionar-contrario-ao-pl-591-21\/\" \/>\n<meta property=\"og:site_name\" content=\"O Coerente\" \/>\n<meta property=\"article:published_time\" content=\"2021-05-15T03:01:32+00:00\" \/>\n<meta property=\"article:modified_time\" content=\"2021-05-15T03:01:33+00:00\" \/>\n<meta property=\"og:image\" content=\"https:\/\/ocoerente.com.br\/se\/wp-content\/uploads\/2021\/05\/correiossss.jpg\" \/>\n\t<meta property=\"og:image:width\" content=\"880\" \/>\n\t<meta property=\"og:image:height\" content=\"550\" \/>\n\t<meta property=\"og:image:type\" content=\"image\/jpeg\" \/>\n<meta name=\"author\" content=\"Reda\u00e7\u00e3o\" \/>\n<meta name=\"twitter:card\" content=\"summary_large_image\" \/>\n<meta name=\"twitter:label1\" content=\"Escrito por\" \/>\n\t<meta name=\"twitter:data1\" content=\"Reda\u00e7\u00e3o\" \/>\n\t<meta name=\"twitter:label2\" content=\"Est. tempo de leitura\" \/>\n\t<meta name=\"twitter:data2\" content=\"3 minutos\" \/>\n<script type=\"application\/ld+json\" class=\"yoast-schema-graph\">{\"@context\":\"https:\\\/\\\/schema.org\",\"@graph\":[{\"@type\":\"Article\",\"@id\":\"https:\\\/\\\/ocoerente.com.br\\\/se\\\/2021\\\/05\\\/15\\\/os-correios-tem-importancia-estrategica-para-o-brasil-afirmou-joao-daniel-ao-se-posicionar-contrario-ao-pl-591-21\\\/#article\",\"isPartOf\":{\"@id\":\"https:\\\/\\\/ocoerente.com.br\\\/se\\\/2021\\\/05\\\/15\\\/os-correios-tem-importancia-estrategica-para-o-brasil-afirmou-joao-daniel-ao-se-posicionar-contrario-ao-pl-591-21\\\/\"},\"author\":{\"name\":\"Reda\u00e7\u00e3o\",\"@id\":\"https:\\\/\\\/ocoerente.com.br\\\/se\\\/#\\\/schema\\\/person\\\/cc6bfd9fbca465e23543b0c963d8d037\"},\"headline\":\"\u201cOs Correios t\u00eam import\u00e2ncia estrat\u00e9gica para o Brasil\u201d, afirmou Jo\u00e3o Daniel, ao se posicionar contr\u00e1rio ao PL 591\\\/21\",\"datePublished\":\"2021-05-15T03:01:32+00:00\",\"dateModified\":\"2021-05-15T03:01:33+00:00\",\"mainEntityOfPage\":{\"@id\":\"https:\\\/\\\/ocoerente.com.br\\\/se\\\/2021\\\/05\\\/15\\\/os-correios-tem-importancia-estrategica-para-o-brasil-afirmou-joao-daniel-ao-se-posicionar-contrario-ao-pl-591-21\\\/\"},\"wordCount\":709,\"publisher\":{\"@id\":\"https:\\\/\\\/ocoerente.com.br\\\/se\\\/#\\\/schema\\\/person\\\/cc6bfd9fbca465e23543b0c963d8d037\"},\"image\":{\"@id\":\"https:\\\/\\\/ocoerente.com.br\\\/se\\\/2021\\\/05\\\/15\\\/os-correios-tem-importancia-estrategica-para-o-brasil-afirmou-joao-daniel-ao-se-posicionar-contrario-ao-pl-591-21\\\/#primaryimage\"},\"thumbnailUrl\":\"https:\\\/\\\/ocoerente.com.br\\\/se\\\/wp-content\\\/uploads\\\/2021\\\/05\\\/correiossss.jpg\",\"articleSection\":[\"Destaques\",\"Pol\u00edtica\"],\"inLanguage\":\"pt-BR\"},{\"@type\":\"WebPage\",\"@id\":\"https:\\\/\\\/ocoerente.com.br\\\/se\\\/2021\\\/05\\\/15\\\/os-correios-tem-importancia-estrategica-para-o-brasil-afirmou-joao-daniel-ao-se-posicionar-contrario-ao-pl-591-21\\\/\",\"url\":\"https:\\\/\\\/ocoerente.com.br\\\/se\\\/2021\\\/05\\\/15\\\/os-correios-tem-importancia-estrategica-para-o-brasil-afirmou-joao-daniel-ao-se-posicionar-contrario-ao-pl-591-21\\\/\",\"name\":\"\u201cOs Correios t\u00eam import\u00e2ncia estrat\u00e9gica para o Brasil\u201d, afirmou Jo\u00e3o Daniel, ao se posicionar contr\u00e1rio ao PL 591\\\/21 - O Coerente\",\"isPartOf\":{\"@id\":\"https:\\\/\\\/ocoerente.com.br\\\/se\\\/#website\"},\"primaryImageOfPage\":{\"@id\":\"https:\\\/\\\/ocoerente.com.br\\\/se\\\/2021\\\/05\\\/15\\\/os-correios-tem-importancia-estrategica-para-o-brasil-afirmou-joao-daniel-ao-se-posicionar-contrario-ao-pl-591-21\\\/#primaryimage\"},\"image\":{\"@id\":\"https:\\\/\\\/ocoerente.com.br\\\/se\\\/2021\\\/05\\\/15\\\/os-correios-tem-importancia-estrategica-para-o-brasil-afirmou-joao-daniel-ao-se-posicionar-contrario-ao-pl-591-21\\\/#primaryimage\"},\"thumbnailUrl\":\"https:\\\/\\\/ocoerente.com.br\\\/se\\\/wp-content\\\/uploads\\\/2021\\\/05\\\/correiossss.jpg\",\"datePublished\":\"2021-05-15T03:01:32+00:00\",\"dateModified\":\"2021-05-15T03:01:33+00:00\",\"breadcrumb\":{\"@id\":\"https:\\\/\\\/ocoerente.com.br\\\/se\\\/2021\\\/05\\\/15\\\/os-correios-tem-importancia-estrategica-para-o-brasil-afirmou-joao-daniel-ao-se-posicionar-contrario-ao-pl-591-21\\\/#breadcrumb\"},\"inLanguage\":\"pt-BR\",\"potentialAction\":[{\"@type\":\"ReadAction\",\"target\":[\"https:\\\/\\\/ocoerente.com.br\\\/se\\\/2021\\\/05\\\/15\\\/os-correios-tem-importancia-estrategica-para-o-brasil-afirmou-joao-daniel-ao-se-posicionar-contrario-ao-pl-591-21\\\/\"]}]},{\"@type\":\"ImageObject\",\"inLanguage\":\"pt-BR\",\"@id\":\"https:\\\/\\\/ocoerente.com.br\\\/se\\\/2021\\\/05\\\/15\\\/os-correios-tem-importancia-estrategica-para-o-brasil-afirmou-joao-daniel-ao-se-posicionar-contrario-ao-pl-591-21\\\/#primaryimage\",\"url\":\"https:\\\/\\\/ocoerente.com.br\\\/se\\\/wp-content\\\/uploads\\\/2021\\\/05\\\/correiossss.jpg\",\"contentUrl\":\"https:\\\/\\\/ocoerente.com.br\\\/se\\\/wp-content\\\/uploads\\\/2021\\\/05\\\/correiossss.jpg\",\"width\":880,\"height\":550},{\"@type\":\"BreadcrumbList\",\"@id\":\"https:\\\/\\\/ocoerente.com.br\\\/se\\\/2021\\\/05\\\/15\\\/os-correios-tem-importancia-estrategica-para-o-brasil-afirmou-joao-daniel-ao-se-posicionar-contrario-ao-pl-591-21\\\/#breadcrumb\",\"itemListElement\":[{\"@type\":\"ListItem\",\"position\":1,\"name\":\"In\u00edcio\",\"item\":\"https:\\\/\\\/ocoerente.com.br\\\/se\\\/\"},{\"@type\":\"ListItem\",\"position\":2,\"name\":\"\u201cOs Correios t\u00eam import\u00e2ncia estrat\u00e9gica para o Brasil\u201d, afirmou Jo\u00e3o Daniel, ao se posicionar contr\u00e1rio ao PL 591\\\/21\"}]},{\"@type\":\"WebSite\",\"@id\":\"https:\\\/\\\/ocoerente.com.br\\\/se\\\/#website\",\"url\":\"https:\\\/\\\/ocoerente.com.br\\\/se\\\/\",\"name\":\"O Coerente\",\"description\":\"\",\"publisher\":{\"@id\":\"https:\\\/\\\/ocoerente.com.br\\\/se\\\/#\\\/schema\\\/person\\\/cc6bfd9fbca465e23543b0c963d8d037\"},\"potentialAction\":[{\"@type\":\"SearchAction\",\"target\":{\"@type\":\"EntryPoint\",\"urlTemplate\":\"https:\\\/\\\/ocoerente.com.br\\\/se\\\/?s={search_term_string}\"},\"query-input\":{\"@type\":\"PropertyValueSpecification\",\"valueRequired\":true,\"valueName\":\"search_term_string\"}}],\"inLanguage\":\"pt-BR\"},{\"@type\":[\"Person\",\"Organization\"],\"@id\":\"https:\\\/\\\/ocoerente.com.br\\\/se\\\/#\\\/schema\\\/person\\\/cc6bfd9fbca465e23543b0c963d8d037\",\"name\":\"Reda\u00e7\u00e3o\",\"image\":{\"@type\":\"ImageObject\",\"inLanguage\":\"pt-BR\",\"@id\":\"https:\\\/\\\/ocoerente.com.br\\\/se\\\/wp-content\\\/uploads\\\/2020\\\/01\\\/ocoerente-1.png\",\"url\":\"https:\\\/\\\/ocoerente.com.br\\\/se\\\/wp-content\\\/uploads\\\/2020\\\/01\\\/ocoerente-1.png\",\"contentUrl\":\"https:\\\/\\\/ocoerente.com.br\\\/se\\\/wp-content\\\/uploads\\\/2020\\\/01\\\/ocoerente-1.png\",\"width\":50,\"height\":50,\"caption\":\"Reda\u00e7\u00e3o\"},\"logo\":{\"@id\":\"https:\\\/\\\/ocoerente.com.br\\\/se\\\/wp-content\\\/uploads\\\/2020\\\/01\\\/ocoerente-1.png\"},\"url\":\"https:\\\/\\\/ocoerente.com.br\\\/se\\\/author\\\/vasticlsales\\\/\"}]}<\/script>\n<!-- \/ Yoast SEO plugin. -->","yoast_head_json":{"title":"\u201cOs Correios t\u00eam import\u00e2ncia estrat\u00e9gica para o Brasil\u201d, afirmou Jo\u00e3o Daniel, ao se posicionar contr\u00e1rio ao PL 591\/21 - O Coerente","robots":{"index":"index","follow":"follow","max-snippet":"max-snippet:-1","max-image-preview":"max-image-preview:large","max-video-preview":"max-video-preview:-1"},"canonical":"https:\/\/ocoerente.com.br\/se\/2021\/05\/15\/os-correios-tem-importancia-estrategica-para-o-brasil-afirmou-joao-daniel-ao-se-posicionar-contrario-ao-pl-591-21\/","og_locale":"pt_BR","og_type":"article","og_title":"\u201cOs Correios t\u00eam import\u00e2ncia estrat\u00e9gica para o Brasil\u201d, afirmou Jo\u00e3o Daniel, ao se posicionar contr\u00e1rio ao PL 591\/21 - O Coerente","og_description":"Sem qualquer discuss\u00e3o ampla com a sociedade e trabalhadores, o governo enviou \u00e0 C\u00e2mara dos Deputados o projeto de lei 591\/2021, que trata da privatiza\u00e7\u00e3o dos Correios no pa\u00eds. A proposta autoriza a explora\u00e7\u00e3o dos servi\u00e7os postais pela iniciativa privada inclusive de servi\u00e7os que hoje s\u00e3o prestados pela estatal em regime de monop\u00f3lio. Audi\u00eancia p\u00fablica, [&hellip;]","og_url":"https:\/\/ocoerente.com.br\/se\/2021\/05\/15\/os-correios-tem-importancia-estrategica-para-o-brasil-afirmou-joao-daniel-ao-se-posicionar-contrario-ao-pl-591-21\/","og_site_name":"O Coerente","article_published_time":"2021-05-15T03:01:32+00:00","article_modified_time":"2021-05-15T03:01:33+00:00","og_image":[{"width":880,"height":550,"url":"https:\/\/ocoerente.com.br\/se\/wp-content\/uploads\/2021\/05\/correiossss.jpg","type":"image\/jpeg"}],"author":"Reda\u00e7\u00e3o","twitter_card":"summary_large_image","twitter_misc":{"Escrito por":"Reda\u00e7\u00e3o","Est. tempo de leitura":"3 minutos"},"schema":{"@context":"https:\/\/schema.org","@graph":[{"@type":"Article","@id":"https:\/\/ocoerente.com.br\/se\/2021\/05\/15\/os-correios-tem-importancia-estrategica-para-o-brasil-afirmou-joao-daniel-ao-se-posicionar-contrario-ao-pl-591-21\/#article","isPartOf":{"@id":"https:\/\/ocoerente.com.br\/se\/2021\/05\/15\/os-correios-tem-importancia-estrategica-para-o-brasil-afirmou-joao-daniel-ao-se-posicionar-contrario-ao-pl-591-21\/"},"author":{"name":"Reda\u00e7\u00e3o","@id":"https:\/\/ocoerente.com.br\/se\/#\/schema\/person\/cc6bfd9fbca465e23543b0c963d8d037"},"headline":"\u201cOs Correios t\u00eam import\u00e2ncia estrat\u00e9gica para o Brasil\u201d, afirmou Jo\u00e3o Daniel, ao se posicionar contr\u00e1rio ao PL 591\/21","datePublished":"2021-05-15T03:01:32+00:00","dateModified":"2021-05-15T03:01:33+00:00","mainEntityOfPage":{"@id":"https:\/\/ocoerente.com.br\/se\/2021\/05\/15\/os-correios-tem-importancia-estrategica-para-o-brasil-afirmou-joao-daniel-ao-se-posicionar-contrario-ao-pl-591-21\/"},"wordCount":709,"publisher":{"@id":"https:\/\/ocoerente.com.br\/se\/#\/schema\/person\/cc6bfd9fbca465e23543b0c963d8d037"},"image":{"@id":"https:\/\/ocoerente.com.br\/se\/2021\/05\/15\/os-correios-tem-importancia-estrategica-para-o-brasil-afirmou-joao-daniel-ao-se-posicionar-contrario-ao-pl-591-21\/#primaryimage"},"thumbnailUrl":"https:\/\/ocoerente.com.br\/se\/wp-content\/uploads\/2021\/05\/correiossss.jpg","articleSection":["Destaques","Pol\u00edtica"],"inLanguage":"pt-BR"},{"@type":"WebPage","@id":"https:\/\/ocoerente.com.br\/se\/2021\/05\/15\/os-correios-tem-importancia-estrategica-para-o-brasil-afirmou-joao-daniel-ao-se-posicionar-contrario-ao-pl-591-21\/","url":"https:\/\/ocoerente.com.br\/se\/2021\/05\/15\/os-correios-tem-importancia-estrategica-para-o-brasil-afirmou-joao-daniel-ao-se-posicionar-contrario-ao-pl-591-21\/","name":"\u201cOs Correios t\u00eam import\u00e2ncia estrat\u00e9gica para o Brasil\u201d, afirmou Jo\u00e3o Daniel, ao se posicionar contr\u00e1rio ao PL 591\/21 - O Coerente","isPartOf":{"@id":"https:\/\/ocoerente.com.br\/se\/#website"},"primaryImageOfPage":{"@id":"https:\/\/ocoerente.com.br\/se\/2021\/05\/15\/os-correios-tem-importancia-estrategica-para-o-brasil-afirmou-joao-daniel-ao-se-posicionar-contrario-ao-pl-591-21\/#primaryimage"},"image":{"@id":"https:\/\/ocoerente.com.br\/se\/2021\/05\/15\/os-correios-tem-importancia-estrategica-para-o-brasil-afirmou-joao-daniel-ao-se-posicionar-contrario-ao-pl-591-21\/#primaryimage"},"thumbnailUrl":"https:\/\/ocoerente.com.br\/se\/wp-content\/uploads\/2021\/05\/correiossss.jpg","datePublished":"2021-05-15T03:01:32+00:00","dateModified":"2021-05-15T03:01:33+00:00","breadcrumb":{"@id":"https:\/\/ocoerente.com.br\/se\/2021\/05\/15\/os-correios-tem-importancia-estrategica-para-o-brasil-afirmou-joao-daniel-ao-se-posicionar-contrario-ao-pl-591-21\/#breadcrumb"},"inLanguage":"pt-BR","potentialAction":[{"@type":"ReadAction","target":["https:\/\/ocoerente.com.br\/se\/2021\/05\/15\/os-correios-tem-importancia-estrategica-para-o-brasil-afirmou-joao-daniel-ao-se-posicionar-contrario-ao-pl-591-21\/"]}]},{"@type":"ImageObject","inLanguage":"pt-BR","@id":"https:\/\/ocoerente.com.br\/se\/2021\/05\/15\/os-correios-tem-importancia-estrategica-para-o-brasil-afirmou-joao-daniel-ao-se-posicionar-contrario-ao-pl-591-21\/#primaryimage","url":"https:\/\/ocoerente.com.br\/se\/wp-content\/uploads\/2021\/05\/correiossss.jpg","contentUrl":"https:\/\/ocoerente.com.br\/se\/wp-content\/uploads\/2021\/05\/correiossss.jpg","width":880,"height":550},{"@type":"BreadcrumbList","@id":"https:\/\/ocoerente.com.br\/se\/2021\/05\/15\/os-correios-tem-importancia-estrategica-para-o-brasil-afirmou-joao-daniel-ao-se-posicionar-contrario-ao-pl-591-21\/#breadcrumb","itemListElement":[{"@type":"ListItem","position":1,"name":"In\u00edcio","item":"https:\/\/ocoerente.com.br\/se\/"},{"@type":"ListItem","position":2,"name":"\u201cOs Correios t\u00eam import\u00e2ncia estrat\u00e9gica para o Brasil\u201d, afirmou Jo\u00e3o Daniel, ao se posicionar contr\u00e1rio ao PL 591\/21"}]},{"@type":"WebSite","@id":"https:\/\/ocoerente.com.br\/se\/#website","url":"https:\/\/ocoerente.com.br\/se\/","name":"O Coerente","description":"","publisher":{"@id":"https:\/\/ocoerente.com.br\/se\/#\/schema\/person\/cc6bfd9fbca465e23543b0c963d8d037"},"potentialAction":[{"@type":"SearchAction","target":{"@type":"EntryPoint","urlTemplate":"https:\/\/ocoerente.com.br\/se\/?s={search_term_string}"},"query-input":{"@type":"PropertyValueSpecification","valueRequired":true,"valueName":"search_term_string"}}],"inLanguage":"pt-BR"},{"@type":["Person","Organization"],"@id":"https:\/\/ocoerente.com.br\/se\/#\/schema\/person\/cc6bfd9fbca465e23543b0c963d8d037","name":"Reda\u00e7\u00e3o","image":{"@type":"ImageObject","inLanguage":"pt-BR","@id":"https:\/\/ocoerente.com.br\/se\/wp-content\/uploads\/2020\/01\/ocoerente-1.png","url":"https:\/\/ocoerente.com.br\/se\/wp-content\/uploads\/2020\/01\/ocoerente-1.png","contentUrl":"https:\/\/ocoerente.com.br\/se\/wp-content\/uploads\/2020\/01\/ocoerente-1.png","width":50,"height":50,"caption":"Reda\u00e7\u00e3o"},"logo":{"@id":"https:\/\/ocoerente.com.br\/se\/wp-content\/uploads\/2020\/01\/ocoerente-1.png"},"url":"https:\/\/ocoerente.com.br\/se\/author\/vasticlsales\/"}]}},"_links":{"self":[{"href":"https:\/\/ocoerente.com.br\/se\/wp-json\/wp\/v2\/posts\/3488","targetHints":{"allow":["GET"]}}],"collection":[{"href":"https:\/\/ocoerente.com.br\/se\/wp-json\/wp\/v2\/posts"}],"about":[{"href":"https:\/\/ocoerente.com.br\/se\/wp-json\/wp\/v2\/types\/post"}],"author":[{"embeddable":true,"href":"https:\/\/ocoerente.com.br\/se\/wp-json\/wp\/v2\/users\/1"}],"replies":[{"embeddable":true,"href":"https:\/\/ocoerente.com.br\/se\/wp-json\/wp\/v2\/comments?post=3488"}],"version-history":[{"count":1,"href":"https:\/\/ocoerente.com.br\/se\/wp-json\/wp\/v2\/posts\/3488\/revisions"}],"predecessor-version":[{"id":3490,"href":"https:\/\/ocoerente.com.br\/se\/wp-json\/wp\/v2\/posts\/3488\/revisions\/3490"}],"wp:featuredmedia":[{"embeddable":true,"href":"https:\/\/ocoerente.com.br\/se\/wp-json\/wp\/v2\/media\/3489"}],"wp:attachment":[{"href":"https:\/\/ocoerente.com.br\/se\/wp-json\/wp\/v2\/media?parent=3488"}],"wp:term":[{"taxonomy":"category","embeddable":true,"href":"https:\/\/ocoerente.com.br\/se\/wp-json\/wp\/v2\/categories?post=3488"},{"taxonomy":"post_tag","embeddable":true,"href":"https:\/\/ocoerente.com.br\/se\/wp-json\/wp\/v2\/tags?post=3488"}],"curies":[{"name":"wp","href":"https:\/\/api.w.org\/{rel}","templated":true}]}}