{"id":3482,"date":"2021-05-14T23:55:34","date_gmt":"2021-05-15T02:55:34","guid":{"rendered":"https:\/\/ocoerente.com.br\/se\/?p=3482"},"modified":"2021-05-14T23:55:35","modified_gmt":"2021-05-15T02:55:35","slug":"em-live-com-nutricionista-fabio-mitidieri-destaca-a-importancia-do-uso-medicinal-da-cannabis-em-pacientes-com-epilepsia","status":"publish","type":"post","link":"https:\/\/ocoerente.com.br\/se\/2021\/05\/14\/em-live-com-nutricionista-fabio-mitidieri-destaca-a-importancia-do-uso-medicinal-da-cannabis-em-pacientes-com-epilepsia\/","title":{"rendered":"Em live com nutricionista, F\u00e1bio Mitidieri destaca a import\u00e2ncia do uso medicinal da Cannabis em pacientes com epilepsia"},"content":{"rendered":"\n<p>O deputado F\u00e1bio Mitidieri participou de live interativa com a nutricionista Wanessa Brito, na \u00faltima quata-feira (12). Em pauta, a import\u00e2ncia do uso medicinal da Cannabis para o tratamento de doen\u00e7as espec\u00edficas como a epilepsia.<\/p>\n\n\n\n<p>Durante a conversa de quase uma hora, o parlamentar destacou a import\u00e2ncia da comercializa\u00e7\u00e3o de medicamentos que contenham extratos, substratos ou partes da planta Cannabis Sativa em sua formula\u00e7\u00e3o para tratamento de doen\u00e7as como enxaquecas cr\u00f4nicas, doen\u00e7a de Parkinson, esclerose, Alzheimer, autismo.<\/p>\n\n\n\n<p>\u201cO canabidiol \u00e9 utilizado n\u00e3o s\u00f3 para epilepsia, mas para doen\u00e7as neurodegenerativas, enxaquecas cr\u00f4nicas, doen\u00e7a de Parkinson, esclerose, Alzheimer, ou seja, um tratamento que \u00e9 um divisor de \u00e1guas na vida das pessoas e das fam\u00edlias dos pacientes&#8221;, disse o deputado.<\/p>\n\n\n\n<p>Autor do Projeto de Lei 399\/2015, que tem o intuito de viabilizar essa comercializa\u00e7\u00e3o de medicamentos e o cultivo regulado e fiscalizado no Brasil da planta, F\u00e1bio interagiu com a convidada, que contou a hist\u00f3ria da sua filha de cinco anos, Maria Luiza Andrade, que nasceu com paralisia cerebral, o que ocasionava as epilepsias.<\/p>\n\n\n\n<p>\u201cMalu chegava a ter de 20 a 60 crises epil\u00e9pticas por dia. Conhecemos o tratamento com a subst\u00e2ncia pelo Fant\u00e1stico &#8211; programa da Rede Globo &#8211; e fomos atr\u00e1s. Primeiro a gente importava da Inglaterra, com o tempo conhecemos uma ONG na Para\u00edba, que facilitava a compra dessa medica\u00e7\u00e3o. Com quatro meses Malu j\u00e1 n\u00e3o tinha mais convuls\u00f5es\u201d, garantiu a nutricionista, que n\u00e3o escondeu sua felicidade com o assunto.<\/p>\n\n\n\n<p>Ambos aproveitaram a oportunidade para expor a import\u00e2ncia da tramita\u00e7\u00e3o do Projeto de Lei na C\u00e2mara dos Deputados, que se aprovado, far\u00e1 com que os medicamentos cheguem at\u00e9 o SUS, sendo fornecido de maneira gratuita.<\/p>\n\n\n\n<p>Neste m\u00eas, o relator da pauta, deputado Luciano Bucci (PSB-PR), apresentou um texto em favor do uso medicinal na comiss\u00e3o especial da C\u00e2mara dos Deputados e as discuss\u00f5es seguem em plen\u00e1rio para aprova\u00e7\u00e3o do PL.<\/p>\n","protected":false},"excerpt":{"rendered":"<p>O deputado F\u00e1bio Mitidieri participou de live interativa com a nutricionista Wanessa Brito, na \u00faltima quata-feira (12). Em pauta, a import\u00e2ncia do uso medicinal da Cannabis para o tratamento de doen\u00e7as espec\u00edficas como a epilepsia. Durante a conversa de quase uma hora, o parlamentar destacou a import\u00e2ncia da comercializa\u00e7\u00e3o de medicamentos que contenham extratos, substratos [&hellip;]<\/p>\n","protected":false},"author":1,"featured_media":3483,"comment_status":"closed","ping_status":"closed","sticky":false,"template":"","format":"standard","meta":{"footnotes":""},"categories":[53,54],"tags":[],"class_list":["post-3482","post","type-post","status-publish","format-standard","has-post-thumbnail","hentry","category-destaques","category-saude"],"yoast_head":"<!-- This site is optimized with the Yoast SEO plugin v27.4 - https:\/\/yoast.com\/product\/yoast-seo-wordpress\/ -->\n<title>Em live com nutricionista, F\u00e1bio Mitidieri destaca a import\u00e2ncia do uso medicinal da Cannabis em pacientes com epilepsia - O Coerente<\/title>\n<meta name=\"robots\" content=\"index, follow, max-snippet:-1, max-image-preview:large, max-video-preview:-1\" \/>\n<link rel=\"canonical\" href=\"https:\/\/ocoerente.com.br\/se\/2021\/05\/14\/em-live-com-nutricionista-fabio-mitidieri-destaca-a-importancia-do-uso-medicinal-da-cannabis-em-pacientes-com-epilepsia\/\" \/>\n<meta property=\"og:locale\" content=\"pt_BR\" \/>\n<meta property=\"og:type\" content=\"article\" \/>\n<meta property=\"og:title\" content=\"Em live com nutricionista, F\u00e1bio Mitidieri destaca a import\u00e2ncia do uso medicinal da Cannabis em pacientes com epilepsia - O Coerente\" \/>\n<meta property=\"og:description\" content=\"O deputado F\u00e1bio Mitidieri participou de live interativa com a nutricionista Wanessa Brito, na \u00faltima quata-feira (12). Em pauta, a import\u00e2ncia do uso medicinal da Cannabis para o tratamento de doen\u00e7as espec\u00edficas como a epilepsia. Durante a conversa de quase uma hora, o parlamentar destacou a import\u00e2ncia da comercializa\u00e7\u00e3o de medicamentos que contenham extratos, substratos [&hellip;]\" \/>\n<meta property=\"og:url\" content=\"https:\/\/ocoerente.com.br\/se\/2021\/05\/14\/em-live-com-nutricionista-fabio-mitidieri-destaca-a-importancia-do-uso-medicinal-da-cannabis-em-pacientes-com-epilepsia\/\" \/>\n<meta property=\"og:site_name\" content=\"O Coerente\" \/>\n<meta property=\"article:published_time\" content=\"2021-05-15T02:55:34+00:00\" \/>\n<meta property=\"article:modified_time\" content=\"2021-05-15T02:55:35+00:00\" \/>\n<meta property=\"og:image\" content=\"https:\/\/ocoerente.com.br\/se\/wp-content\/uploads\/2021\/05\/mitilive.jpg\" \/>\n\t<meta property=\"og:image:width\" content=\"1026\" \/>\n\t<meta property=\"og:image:height\" content=\"817\" \/>\n\t<meta property=\"og:image:type\" content=\"image\/jpeg\" \/>\n<meta name=\"author\" content=\"Reda\u00e7\u00e3o\" \/>\n<meta name=\"twitter:card\" content=\"summary_large_image\" \/>\n<meta name=\"twitter:label1\" content=\"Escrito por\" \/>\n\t<meta name=\"twitter:data1\" content=\"Reda\u00e7\u00e3o\" \/>\n\t<meta name=\"twitter:label2\" content=\"Est. tempo de leitura\" \/>\n\t<meta name=\"twitter:data2\" content=\"2 minutos\" \/>\n<script type=\"application\/ld+json\" class=\"yoast-schema-graph\">{\"@context\":\"https:\\\/\\\/schema.org\",\"@graph\":[{\"@type\":\"Article\",\"@id\":\"https:\\\/\\\/ocoerente.com.br\\\/se\\\/2021\\\/05\\\/14\\\/em-live-com-nutricionista-fabio-mitidieri-destaca-a-importancia-do-uso-medicinal-da-cannabis-em-pacientes-com-epilepsia\\\/#article\",\"isPartOf\":{\"@id\":\"https:\\\/\\\/ocoerente.com.br\\\/se\\\/2021\\\/05\\\/14\\\/em-live-com-nutricionista-fabio-mitidieri-destaca-a-importancia-do-uso-medicinal-da-cannabis-em-pacientes-com-epilepsia\\\/\"},\"author\":{\"name\":\"Reda\u00e7\u00e3o\",\"@id\":\"https:\\\/\\\/ocoerente.com.br\\\/se\\\/#\\\/schema\\\/person\\\/cc6bfd9fbca465e23543b0c963d8d037\"},\"headline\":\"Em live com nutricionista, F\u00e1bio Mitidieri destaca a import\u00e2ncia do uso medicinal da Cannabis em pacientes com epilepsia\",\"datePublished\":\"2021-05-15T02:55:34+00:00\",\"dateModified\":\"2021-05-15T02:55:35+00:00\",\"mainEntityOfPage\":{\"@id\":\"https:\\\/\\\/ocoerente.com.br\\\/se\\\/2021\\\/05\\\/14\\\/em-live-com-nutricionista-fabio-mitidieri-destaca-a-importancia-do-uso-medicinal-da-cannabis-em-pacientes-com-epilepsia\\\/\"},\"wordCount\":361,\"publisher\":{\"@id\":\"https:\\\/\\\/ocoerente.com.br\\\/se\\\/#\\\/schema\\\/person\\\/cc6bfd9fbca465e23543b0c963d8d037\"},\"image\":{\"@id\":\"https:\\\/\\\/ocoerente.com.br\\\/se\\\/2021\\\/05\\\/14\\\/em-live-com-nutricionista-fabio-mitidieri-destaca-a-importancia-do-uso-medicinal-da-cannabis-em-pacientes-com-epilepsia\\\/#primaryimage\"},\"thumbnailUrl\":\"https:\\\/\\\/ocoerente.com.br\\\/se\\\/wp-content\\\/uploads\\\/2021\\\/05\\\/mitilive.jpg\",\"articleSection\":[\"Destaques\",\"Sa\u00fade\"],\"inLanguage\":\"pt-BR\"},{\"@type\":\"WebPage\",\"@id\":\"https:\\\/\\\/ocoerente.com.br\\\/se\\\/2021\\\/05\\\/14\\\/em-live-com-nutricionista-fabio-mitidieri-destaca-a-importancia-do-uso-medicinal-da-cannabis-em-pacientes-com-epilepsia\\\/\",\"url\":\"https:\\\/\\\/ocoerente.com.br\\\/se\\\/2021\\\/05\\\/14\\\/em-live-com-nutricionista-fabio-mitidieri-destaca-a-importancia-do-uso-medicinal-da-cannabis-em-pacientes-com-epilepsia\\\/\",\"name\":\"Em live com nutricionista, F\u00e1bio Mitidieri destaca a import\u00e2ncia do uso medicinal da Cannabis em pacientes com epilepsia - O Coerente\",\"isPartOf\":{\"@id\":\"https:\\\/\\\/ocoerente.com.br\\\/se\\\/#website\"},\"primaryImageOfPage\":{\"@id\":\"https:\\\/\\\/ocoerente.com.br\\\/se\\\/2021\\\/05\\\/14\\\/em-live-com-nutricionista-fabio-mitidieri-destaca-a-importancia-do-uso-medicinal-da-cannabis-em-pacientes-com-epilepsia\\\/#primaryimage\"},\"image\":{\"@id\":\"https:\\\/\\\/ocoerente.com.br\\\/se\\\/2021\\\/05\\\/14\\\/em-live-com-nutricionista-fabio-mitidieri-destaca-a-importancia-do-uso-medicinal-da-cannabis-em-pacientes-com-epilepsia\\\/#primaryimage\"},\"thumbnailUrl\":\"https:\\\/\\\/ocoerente.com.br\\\/se\\\/wp-content\\\/uploads\\\/2021\\\/05\\\/mitilive.jpg\",\"datePublished\":\"2021-05-15T02:55:34+00:00\",\"dateModified\":\"2021-05-15T02:55:35+00:00\",\"breadcrumb\":{\"@id\":\"https:\\\/\\\/ocoerente.com.br\\\/se\\\/2021\\\/05\\\/14\\\/em-live-com-nutricionista-fabio-mitidieri-destaca-a-importancia-do-uso-medicinal-da-cannabis-em-pacientes-com-epilepsia\\\/#breadcrumb\"},\"inLanguage\":\"pt-BR\",\"potentialAction\":[{\"@type\":\"ReadAction\",\"target\":[\"https:\\\/\\\/ocoerente.com.br\\\/se\\\/2021\\\/05\\\/14\\\/em-live-com-nutricionista-fabio-mitidieri-destaca-a-importancia-do-uso-medicinal-da-cannabis-em-pacientes-com-epilepsia\\\/\"]}]},{\"@type\":\"ImageObject\",\"inLanguage\":\"pt-BR\",\"@id\":\"https:\\\/\\\/ocoerente.com.br\\\/se\\\/2021\\\/05\\\/14\\\/em-live-com-nutricionista-fabio-mitidieri-destaca-a-importancia-do-uso-medicinal-da-cannabis-em-pacientes-com-epilepsia\\\/#primaryimage\",\"url\":\"https:\\\/\\\/ocoerente.com.br\\\/se\\\/wp-content\\\/uploads\\\/2021\\\/05\\\/mitilive.jpg\",\"contentUrl\":\"https:\\\/\\\/ocoerente.com.br\\\/se\\\/wp-content\\\/uploads\\\/2021\\\/05\\\/mitilive.jpg\",\"width\":1026,\"height\":817},{\"@type\":\"BreadcrumbList\",\"@id\":\"https:\\\/\\\/ocoerente.com.br\\\/se\\\/2021\\\/05\\\/14\\\/em-live-com-nutricionista-fabio-mitidieri-destaca-a-importancia-do-uso-medicinal-da-cannabis-em-pacientes-com-epilepsia\\\/#breadcrumb\",\"itemListElement\":[{\"@type\":\"ListItem\",\"position\":1,\"name\":\"In\u00edcio\",\"item\":\"https:\\\/\\\/ocoerente.com.br\\\/se\\\/\"},{\"@type\":\"ListItem\",\"position\":2,\"name\":\"Em live com nutricionista, F\u00e1bio Mitidieri destaca a import\u00e2ncia do uso medicinal da Cannabis em pacientes com epilepsia\"}]},{\"@type\":\"WebSite\",\"@id\":\"https:\\\/\\\/ocoerente.com.br\\\/se\\\/#website\",\"url\":\"https:\\\/\\\/ocoerente.com.br\\\/se\\\/\",\"name\":\"O Coerente\",\"description\":\"\",\"publisher\":{\"@id\":\"https:\\\/\\\/ocoerente.com.br\\\/se\\\/#\\\/schema\\\/person\\\/cc6bfd9fbca465e23543b0c963d8d037\"},\"potentialAction\":[{\"@type\":\"SearchAction\",\"target\":{\"@type\":\"EntryPoint\",\"urlTemplate\":\"https:\\\/\\\/ocoerente.com.br\\\/se\\\/?s={search_term_string}\"},\"query-input\":{\"@type\":\"PropertyValueSpecification\",\"valueRequired\":true,\"valueName\":\"search_term_string\"}}],\"inLanguage\":\"pt-BR\"},{\"@type\":[\"Person\",\"Organization\"],\"@id\":\"https:\\\/\\\/ocoerente.com.br\\\/se\\\/#\\\/schema\\\/person\\\/cc6bfd9fbca465e23543b0c963d8d037\",\"name\":\"Reda\u00e7\u00e3o\",\"image\":{\"@type\":\"ImageObject\",\"inLanguage\":\"pt-BR\",\"@id\":\"https:\\\/\\\/ocoerente.com.br\\\/se\\\/wp-content\\\/uploads\\\/2020\\\/01\\\/ocoerente-1.png\",\"url\":\"https:\\\/\\\/ocoerente.com.br\\\/se\\\/wp-content\\\/uploads\\\/2020\\\/01\\\/ocoerente-1.png\",\"contentUrl\":\"https:\\\/\\\/ocoerente.com.br\\\/se\\\/wp-content\\\/uploads\\\/2020\\\/01\\\/ocoerente-1.png\",\"width\":50,\"height\":50,\"caption\":\"Reda\u00e7\u00e3o\"},\"logo\":{\"@id\":\"https:\\\/\\\/ocoerente.com.br\\\/se\\\/wp-content\\\/uploads\\\/2020\\\/01\\\/ocoerente-1.png\"},\"url\":\"https:\\\/\\\/ocoerente.com.br\\\/se\\\/author\\\/vasticlsales\\\/\"}]}<\/script>\n<!-- \/ Yoast SEO plugin. -->","yoast_head_json":{"title":"Em live com nutricionista, F\u00e1bio Mitidieri destaca a import\u00e2ncia do uso medicinal da Cannabis em pacientes com epilepsia - O Coerente","robots":{"index":"index","follow":"follow","max-snippet":"max-snippet:-1","max-image-preview":"max-image-preview:large","max-video-preview":"max-video-preview:-1"},"canonical":"https:\/\/ocoerente.com.br\/se\/2021\/05\/14\/em-live-com-nutricionista-fabio-mitidieri-destaca-a-importancia-do-uso-medicinal-da-cannabis-em-pacientes-com-epilepsia\/","og_locale":"pt_BR","og_type":"article","og_title":"Em live com nutricionista, F\u00e1bio Mitidieri destaca a import\u00e2ncia do uso medicinal da Cannabis em pacientes com epilepsia - O Coerente","og_description":"O deputado F\u00e1bio Mitidieri participou de live interativa com a nutricionista Wanessa Brito, na \u00faltima quata-feira (12). Em pauta, a import\u00e2ncia do uso medicinal da Cannabis para o tratamento de doen\u00e7as espec\u00edficas como a epilepsia. Durante a conversa de quase uma hora, o parlamentar destacou a import\u00e2ncia da comercializa\u00e7\u00e3o de medicamentos que contenham extratos, substratos [&hellip;]","og_url":"https:\/\/ocoerente.com.br\/se\/2021\/05\/14\/em-live-com-nutricionista-fabio-mitidieri-destaca-a-importancia-do-uso-medicinal-da-cannabis-em-pacientes-com-epilepsia\/","og_site_name":"O Coerente","article_published_time":"2021-05-15T02:55:34+00:00","article_modified_time":"2021-05-15T02:55:35+00:00","og_image":[{"width":1026,"height":817,"url":"https:\/\/ocoerente.com.br\/se\/wp-content\/uploads\/2021\/05\/mitilive.jpg","type":"image\/jpeg"}],"author":"Reda\u00e7\u00e3o","twitter_card":"summary_large_image","twitter_misc":{"Escrito por":"Reda\u00e7\u00e3o","Est. tempo de leitura":"2 minutos"},"schema":{"@context":"https:\/\/schema.org","@graph":[{"@type":"Article","@id":"https:\/\/ocoerente.com.br\/se\/2021\/05\/14\/em-live-com-nutricionista-fabio-mitidieri-destaca-a-importancia-do-uso-medicinal-da-cannabis-em-pacientes-com-epilepsia\/#article","isPartOf":{"@id":"https:\/\/ocoerente.com.br\/se\/2021\/05\/14\/em-live-com-nutricionista-fabio-mitidieri-destaca-a-importancia-do-uso-medicinal-da-cannabis-em-pacientes-com-epilepsia\/"},"author":{"name":"Reda\u00e7\u00e3o","@id":"https:\/\/ocoerente.com.br\/se\/#\/schema\/person\/cc6bfd9fbca465e23543b0c963d8d037"},"headline":"Em live com nutricionista, F\u00e1bio Mitidieri destaca a import\u00e2ncia do uso medicinal da Cannabis em pacientes com epilepsia","datePublished":"2021-05-15T02:55:34+00:00","dateModified":"2021-05-15T02:55:35+00:00","mainEntityOfPage":{"@id":"https:\/\/ocoerente.com.br\/se\/2021\/05\/14\/em-live-com-nutricionista-fabio-mitidieri-destaca-a-importancia-do-uso-medicinal-da-cannabis-em-pacientes-com-epilepsia\/"},"wordCount":361,"publisher":{"@id":"https:\/\/ocoerente.com.br\/se\/#\/schema\/person\/cc6bfd9fbca465e23543b0c963d8d037"},"image":{"@id":"https:\/\/ocoerente.com.br\/se\/2021\/05\/14\/em-live-com-nutricionista-fabio-mitidieri-destaca-a-importancia-do-uso-medicinal-da-cannabis-em-pacientes-com-epilepsia\/#primaryimage"},"thumbnailUrl":"https:\/\/ocoerente.com.br\/se\/wp-content\/uploads\/2021\/05\/mitilive.jpg","articleSection":["Destaques","Sa\u00fade"],"inLanguage":"pt-BR"},{"@type":"WebPage","@id":"https:\/\/ocoerente.com.br\/se\/2021\/05\/14\/em-live-com-nutricionista-fabio-mitidieri-destaca-a-importancia-do-uso-medicinal-da-cannabis-em-pacientes-com-epilepsia\/","url":"https:\/\/ocoerente.com.br\/se\/2021\/05\/14\/em-live-com-nutricionista-fabio-mitidieri-destaca-a-importancia-do-uso-medicinal-da-cannabis-em-pacientes-com-epilepsia\/","name":"Em live com nutricionista, F\u00e1bio Mitidieri destaca a import\u00e2ncia do uso medicinal da Cannabis em pacientes com epilepsia - O Coerente","isPartOf":{"@id":"https:\/\/ocoerente.com.br\/se\/#website"},"primaryImageOfPage":{"@id":"https:\/\/ocoerente.com.br\/se\/2021\/05\/14\/em-live-com-nutricionista-fabio-mitidieri-destaca-a-importancia-do-uso-medicinal-da-cannabis-em-pacientes-com-epilepsia\/#primaryimage"},"image":{"@id":"https:\/\/ocoerente.com.br\/se\/2021\/05\/14\/em-live-com-nutricionista-fabio-mitidieri-destaca-a-importancia-do-uso-medicinal-da-cannabis-em-pacientes-com-epilepsia\/#primaryimage"},"thumbnailUrl":"https:\/\/ocoerente.com.br\/se\/wp-content\/uploads\/2021\/05\/mitilive.jpg","datePublished":"2021-05-15T02:55:34+00:00","dateModified":"2021-05-15T02:55:35+00:00","breadcrumb":{"@id":"https:\/\/ocoerente.com.br\/se\/2021\/05\/14\/em-live-com-nutricionista-fabio-mitidieri-destaca-a-importancia-do-uso-medicinal-da-cannabis-em-pacientes-com-epilepsia\/#breadcrumb"},"inLanguage":"pt-BR","potentialAction":[{"@type":"ReadAction","target":["https:\/\/ocoerente.com.br\/se\/2021\/05\/14\/em-live-com-nutricionista-fabio-mitidieri-destaca-a-importancia-do-uso-medicinal-da-cannabis-em-pacientes-com-epilepsia\/"]}]},{"@type":"ImageObject","inLanguage":"pt-BR","@id":"https:\/\/ocoerente.com.br\/se\/2021\/05\/14\/em-live-com-nutricionista-fabio-mitidieri-destaca-a-importancia-do-uso-medicinal-da-cannabis-em-pacientes-com-epilepsia\/#primaryimage","url":"https:\/\/ocoerente.com.br\/se\/wp-content\/uploads\/2021\/05\/mitilive.jpg","contentUrl":"https:\/\/ocoerente.com.br\/se\/wp-content\/uploads\/2021\/05\/mitilive.jpg","width":1026,"height":817},{"@type":"BreadcrumbList","@id":"https:\/\/ocoerente.com.br\/se\/2021\/05\/14\/em-live-com-nutricionista-fabio-mitidieri-destaca-a-importancia-do-uso-medicinal-da-cannabis-em-pacientes-com-epilepsia\/#breadcrumb","itemListElement":[{"@type":"ListItem","position":1,"name":"In\u00edcio","item":"https:\/\/ocoerente.com.br\/se\/"},{"@type":"ListItem","position":2,"name":"Em live com nutricionista, F\u00e1bio Mitidieri destaca a import\u00e2ncia do uso medicinal da Cannabis em pacientes com epilepsia"}]},{"@type":"WebSite","@id":"https:\/\/ocoerente.com.br\/se\/#website","url":"https:\/\/ocoerente.com.br\/se\/","name":"O Coerente","description":"","publisher":{"@id":"https:\/\/ocoerente.com.br\/se\/#\/schema\/person\/cc6bfd9fbca465e23543b0c963d8d037"},"potentialAction":[{"@type":"SearchAction","target":{"@type":"EntryPoint","urlTemplate":"https:\/\/ocoerente.com.br\/se\/?s={search_term_string}"},"query-input":{"@type":"PropertyValueSpecification","valueRequired":true,"valueName":"search_term_string"}}],"inLanguage":"pt-BR"},{"@type":["Person","Organization"],"@id":"https:\/\/ocoerente.com.br\/se\/#\/schema\/person\/cc6bfd9fbca465e23543b0c963d8d037","name":"Reda\u00e7\u00e3o","image":{"@type":"ImageObject","inLanguage":"pt-BR","@id":"https:\/\/ocoerente.com.br\/se\/wp-content\/uploads\/2020\/01\/ocoerente-1.png","url":"https:\/\/ocoerente.com.br\/se\/wp-content\/uploads\/2020\/01\/ocoerente-1.png","contentUrl":"https:\/\/ocoerente.com.br\/se\/wp-content\/uploads\/2020\/01\/ocoerente-1.png","width":50,"height":50,"caption":"Reda\u00e7\u00e3o"},"logo":{"@id":"https:\/\/ocoerente.com.br\/se\/wp-content\/uploads\/2020\/01\/ocoerente-1.png"},"url":"https:\/\/ocoerente.com.br\/se\/author\/vasticlsales\/"}]}},"_links":{"self":[{"href":"https:\/\/ocoerente.com.br\/se\/wp-json\/wp\/v2\/posts\/3482","targetHints":{"allow":["GET"]}}],"collection":[{"href":"https:\/\/ocoerente.com.br\/se\/wp-json\/wp\/v2\/posts"}],"about":[{"href":"https:\/\/ocoerente.com.br\/se\/wp-json\/wp\/v2\/types\/post"}],"author":[{"embeddable":true,"href":"https:\/\/ocoerente.com.br\/se\/wp-json\/wp\/v2\/users\/1"}],"replies":[{"embeddable":true,"href":"https:\/\/ocoerente.com.br\/se\/wp-json\/wp\/v2\/comments?post=3482"}],"version-history":[{"count":1,"href":"https:\/\/ocoerente.com.br\/se\/wp-json\/wp\/v2\/posts\/3482\/revisions"}],"predecessor-version":[{"id":3484,"href":"https:\/\/ocoerente.com.br\/se\/wp-json\/wp\/v2\/posts\/3482\/revisions\/3484"}],"wp:featuredmedia":[{"embeddable":true,"href":"https:\/\/ocoerente.com.br\/se\/wp-json\/wp\/v2\/media\/3483"}],"wp:attachment":[{"href":"https:\/\/ocoerente.com.br\/se\/wp-json\/wp\/v2\/media?parent=3482"}],"wp:term":[{"taxonomy":"category","embeddable":true,"href":"https:\/\/ocoerente.com.br\/se\/wp-json\/wp\/v2\/categories?post=3482"},{"taxonomy":"post_tag","embeddable":true,"href":"https:\/\/ocoerente.com.br\/se\/wp-json\/wp\/v2\/tags?post=3482"}],"curies":[{"name":"wp","href":"https:\/\/api.w.org\/{rel}","templated":true}]}}