{"id":3479,"date":"2021-05-14T23:53:33","date_gmt":"2021-05-15T02:53:33","guid":{"rendered":"https:\/\/ocoerente.com.br\/se\/?p=3479"},"modified":"2021-05-14T23:53:34","modified_gmt":"2021-05-15T02:53:34","slug":"georgeo-ate-quando-os-pacientes-oncologicos-vao-ser-penalizados-pela-falta-de-compromisso-do-governo","status":"publish","type":"post","link":"https:\/\/ocoerente.com.br\/se\/2021\/05\/14\/georgeo-ate-quando-os-pacientes-oncologicos-vao-ser-penalizados-pela-falta-de-compromisso-do-governo\/","title":{"rendered":"GEORGEO: \u201cAT\u00c9 QUANDO OS PACIENTES ONCOL\u00d3GICOS V\u00c3O SER PENALIZADOS PELA FALTA DE COMPROMISSO DO GOVERNO&#8221;"},"content":{"rendered":"\n<p>\u201cAt\u00e9 quando os pacientes oncol\u00f3gicos v\u00e3o ser penalizados pela falta de compromisso do Governo?\u201d Com este questionamento, o deputado estadual Georgeo Passos (Cidadania) cobrou da Secretaria Estadual da Sa\u00fade uma manuten\u00e7\u00e3o preventiva e eficaz na m\u00e1quina de radioterapia do setor de Oncologia do Hospital Jo\u00e3o Alves Filho. De acordo com o parlamentar, mais uma vez a m\u00e1quina est\u00e1 quebrada.<\/p>\n\n\n\n<p>O deputado disse que recebeu um pedido da vereadora por Aracaju, Sheyla Galba (Cidadania) para que ele tratasse deste tema em plen\u00e1rio. \u201cEsta semana recebemos um apelo da vereadora Sheyla Galba, em que ela nos relatou a preocupa\u00e7\u00e3o com os constantes defeitos que a m\u00e1quina de radioterapia do Hospital Jo\u00e3o Alves apresenta. Esta n\u00e3o \u00e9 a primeira vez que esta m\u00e1quina quebra. \u00c9 uma situa\u00e7\u00e3o recorrente\u201d.<\/p>\n\n\n\n<p>\u201cA vereadora nos explicou que todas as vezes que acontece alguma com a m\u00e1quina de radioterapia, os pacientes que j\u00e1 sofrem com os sintomas do c\u00e2ncer, t\u00eam que parar o tratamento e conseq\u00fcentemente come\u00e7ar do zero, ap\u00f3s o conserto da m\u00e1quina. N\u00f3s sabemos que estas pausas s\u00e3o muito complicadas em um tratamento de c\u00e2ncer, pois a doen\u00e7a avan\u00e7a a passos largos. N\u00e3o podemos penalizar os sergipanos que sofrem com o c\u00e2ncer\u201d.<\/p>\n\n\n\n<p>Georgeo tamb\u00e9m cobrou mais agilidade do Governo em rela\u00e7\u00e3o \u00e0s demandas oncol\u00f3gicas em Sergipe. \u201cO Governo vive dizendo que vai dar prioridade a Oncologia, mas n\u00e3o \u00e9 isso que acontece. As obras do Hospital do C\u00e2ncer n\u00e3o avan\u00e7am, ainda estamos na terraplanagem. Tamb\u00e9m temos estes defeitos que acontecem freq\u00fcentemente e nossos pacientes n\u00e3o est\u00e3o recebendo o tratamento necess\u00e1rio\u201d.<\/p>\n\n\n\n<p>A vereadora Sheyla Galba disse que a solu\u00e7\u00e3o para este problema \u00e9 manuten\u00e7\u00e3o preventiva. \u201cTemos duas m\u00e1quinas em Sergipe e uma delas n\u00e3o quebra, pois existe uma manuten\u00e7\u00e3o preventiva. O problema \u00e9 que a SES ainda vai iniciar o preg\u00e3o para a contrata\u00e7\u00e3o de uma empresa de manuten\u00e7\u00e3o e os pacientes oncol\u00f3gicos n\u00e3o tem este tempo. Por isso, fizemos este apelo ao deputado Georgeo Passos para que ele nos ajudasse com esta cobran\u00e7a\u201d.<\/p>\n\n\n\n<p>georgeo<\/p>\n","protected":false},"excerpt":{"rendered":"<p>\u201cAt\u00e9 quando os pacientes oncol\u00f3gicos v\u00e3o ser penalizados pela falta de compromisso do Governo?\u201d Com este questionamento, o deputado estadual Georgeo Passos (Cidadania) cobrou da Secretaria Estadual da Sa\u00fade uma manuten\u00e7\u00e3o preventiva e eficaz na m\u00e1quina de radioterapia do setor de Oncologia do Hospital Jo\u00e3o Alves Filho. De acordo com o parlamentar, mais uma vez [&hellip;]<\/p>\n","protected":false},"author":1,"featured_media":3480,"comment_status":"closed","ping_status":"closed","sticky":false,"template":"","format":"standard","meta":{"footnotes":""},"categories":[53,54],"tags":[],"class_list":["post-3479","post","type-post","status-publish","format-standard","has-post-thumbnail","hentry","category-destaques","category-saude"],"yoast_head":"<!-- This site is optimized with the Yoast SEO plugin v27.4 - https:\/\/yoast.com\/product\/yoast-seo-wordpress\/ -->\n<title>GEORGEO: \u201cAT\u00c9 QUANDO OS PACIENTES ONCOL\u00d3GICOS V\u00c3O SER PENALIZADOS PELA FALTA DE COMPROMISSO DO GOVERNO&quot; - O Coerente<\/title>\n<meta name=\"robots\" content=\"index, follow, max-snippet:-1, max-image-preview:large, max-video-preview:-1\" \/>\n<link rel=\"canonical\" href=\"https:\/\/ocoerente.com.br\/se\/2021\/05\/14\/georgeo-ate-quando-os-pacientes-oncologicos-vao-ser-penalizados-pela-falta-de-compromisso-do-governo\/\" \/>\n<meta property=\"og:locale\" content=\"pt_BR\" \/>\n<meta property=\"og:type\" content=\"article\" \/>\n<meta property=\"og:title\" content=\"GEORGEO: \u201cAT\u00c9 QUANDO OS PACIENTES ONCOL\u00d3GICOS V\u00c3O SER PENALIZADOS PELA FALTA DE COMPROMISSO DO GOVERNO&quot; - O Coerente\" \/>\n<meta property=\"og:description\" content=\"\u201cAt\u00e9 quando os pacientes oncol\u00f3gicos v\u00e3o ser penalizados pela falta de compromisso do Governo?\u201d Com este questionamento, o deputado estadual Georgeo Passos (Cidadania) cobrou da Secretaria Estadual da Sa\u00fade uma manuten\u00e7\u00e3o preventiva e eficaz na m\u00e1quina de radioterapia do setor de Oncologia do Hospital Jo\u00e3o Alves Filho. De acordo com o parlamentar, mais uma vez [&hellip;]\" \/>\n<meta property=\"og:url\" content=\"https:\/\/ocoerente.com.br\/se\/2021\/05\/14\/georgeo-ate-quando-os-pacientes-oncologicos-vao-ser-penalizados-pela-falta-de-compromisso-do-governo\/\" \/>\n<meta property=\"og:site_name\" content=\"O Coerente\" \/>\n<meta property=\"article:published_time\" content=\"2021-05-15T02:53:33+00:00\" \/>\n<meta property=\"article:modified_time\" content=\"2021-05-15T02:53:34+00:00\" \/>\n<meta property=\"og:image\" content=\"https:\/\/ocoerente.com.br\/se\/wp-content\/uploads\/2021\/05\/Georgeon-P.jpg\" \/>\n\t<meta property=\"og:image:width\" content=\"1600\" \/>\n\t<meta property=\"og:image:height\" content=\"1067\" \/>\n\t<meta property=\"og:image:type\" content=\"image\/jpeg\" \/>\n<meta name=\"author\" content=\"Reda\u00e7\u00e3o\" \/>\n<meta name=\"twitter:card\" content=\"summary_large_image\" \/>\n<meta name=\"twitter:label1\" content=\"Escrito por\" \/>\n\t<meta name=\"twitter:data1\" content=\"Reda\u00e7\u00e3o\" \/>\n\t<meta name=\"twitter:label2\" content=\"Est. tempo de leitura\" \/>\n\t<meta name=\"twitter:data2\" content=\"2 minutos\" \/>\n<script type=\"application\/ld+json\" class=\"yoast-schema-graph\">{\"@context\":\"https:\\\/\\\/schema.org\",\"@graph\":[{\"@type\":\"Article\",\"@id\":\"https:\\\/\\\/ocoerente.com.br\\\/se\\\/2021\\\/05\\\/14\\\/georgeo-ate-quando-os-pacientes-oncologicos-vao-ser-penalizados-pela-falta-de-compromisso-do-governo\\\/#article\",\"isPartOf\":{\"@id\":\"https:\\\/\\\/ocoerente.com.br\\\/se\\\/2021\\\/05\\\/14\\\/georgeo-ate-quando-os-pacientes-oncologicos-vao-ser-penalizados-pela-falta-de-compromisso-do-governo\\\/\"},\"author\":{\"name\":\"Reda\u00e7\u00e3o\",\"@id\":\"https:\\\/\\\/ocoerente.com.br\\\/se\\\/#\\\/schema\\\/person\\\/cc6bfd9fbca465e23543b0c963d8d037\"},\"headline\":\"GEORGEO: \u201cAT\u00c9 QUANDO OS PACIENTES ONCOL\u00d3GICOS V\u00c3O SER PENALIZADOS PELA FALTA DE COMPROMISSO DO GOVERNO&#8221;\",\"datePublished\":\"2021-05-15T02:53:33+00:00\",\"dateModified\":\"2021-05-15T02:53:34+00:00\",\"mainEntityOfPage\":{\"@id\":\"https:\\\/\\\/ocoerente.com.br\\\/se\\\/2021\\\/05\\\/14\\\/georgeo-ate-quando-os-pacientes-oncologicos-vao-ser-penalizados-pela-falta-de-compromisso-do-governo\\\/\"},\"wordCount\":391,\"publisher\":{\"@id\":\"https:\\\/\\\/ocoerente.com.br\\\/se\\\/#\\\/schema\\\/person\\\/cc6bfd9fbca465e23543b0c963d8d037\"},\"image\":{\"@id\":\"https:\\\/\\\/ocoerente.com.br\\\/se\\\/2021\\\/05\\\/14\\\/georgeo-ate-quando-os-pacientes-oncologicos-vao-ser-penalizados-pela-falta-de-compromisso-do-governo\\\/#primaryimage\"},\"thumbnailUrl\":\"https:\\\/\\\/ocoerente.com.br\\\/se\\\/wp-content\\\/uploads\\\/2021\\\/05\\\/Georgeon-P.jpg\",\"articleSection\":[\"Destaques\",\"Sa\u00fade\"],\"inLanguage\":\"pt-BR\"},{\"@type\":\"WebPage\",\"@id\":\"https:\\\/\\\/ocoerente.com.br\\\/se\\\/2021\\\/05\\\/14\\\/georgeo-ate-quando-os-pacientes-oncologicos-vao-ser-penalizados-pela-falta-de-compromisso-do-governo\\\/\",\"url\":\"https:\\\/\\\/ocoerente.com.br\\\/se\\\/2021\\\/05\\\/14\\\/georgeo-ate-quando-os-pacientes-oncologicos-vao-ser-penalizados-pela-falta-de-compromisso-do-governo\\\/\",\"name\":\"GEORGEO: \u201cAT\u00c9 QUANDO OS PACIENTES ONCOL\u00d3GICOS V\u00c3O SER PENALIZADOS PELA FALTA DE COMPROMISSO DO GOVERNO\\\" - O Coerente\",\"isPartOf\":{\"@id\":\"https:\\\/\\\/ocoerente.com.br\\\/se\\\/#website\"},\"primaryImageOfPage\":{\"@id\":\"https:\\\/\\\/ocoerente.com.br\\\/se\\\/2021\\\/05\\\/14\\\/georgeo-ate-quando-os-pacientes-oncologicos-vao-ser-penalizados-pela-falta-de-compromisso-do-governo\\\/#primaryimage\"},\"image\":{\"@id\":\"https:\\\/\\\/ocoerente.com.br\\\/se\\\/2021\\\/05\\\/14\\\/georgeo-ate-quando-os-pacientes-oncologicos-vao-ser-penalizados-pela-falta-de-compromisso-do-governo\\\/#primaryimage\"},\"thumbnailUrl\":\"https:\\\/\\\/ocoerente.com.br\\\/se\\\/wp-content\\\/uploads\\\/2021\\\/05\\\/Georgeon-P.jpg\",\"datePublished\":\"2021-05-15T02:53:33+00:00\",\"dateModified\":\"2021-05-15T02:53:34+00:00\",\"breadcrumb\":{\"@id\":\"https:\\\/\\\/ocoerente.com.br\\\/se\\\/2021\\\/05\\\/14\\\/georgeo-ate-quando-os-pacientes-oncologicos-vao-ser-penalizados-pela-falta-de-compromisso-do-governo\\\/#breadcrumb\"},\"inLanguage\":\"pt-BR\",\"potentialAction\":[{\"@type\":\"ReadAction\",\"target\":[\"https:\\\/\\\/ocoerente.com.br\\\/se\\\/2021\\\/05\\\/14\\\/georgeo-ate-quando-os-pacientes-oncologicos-vao-ser-penalizados-pela-falta-de-compromisso-do-governo\\\/\"]}]},{\"@type\":\"ImageObject\",\"inLanguage\":\"pt-BR\",\"@id\":\"https:\\\/\\\/ocoerente.com.br\\\/se\\\/2021\\\/05\\\/14\\\/georgeo-ate-quando-os-pacientes-oncologicos-vao-ser-penalizados-pela-falta-de-compromisso-do-governo\\\/#primaryimage\",\"url\":\"https:\\\/\\\/ocoerente.com.br\\\/se\\\/wp-content\\\/uploads\\\/2021\\\/05\\\/Georgeon-P.jpg\",\"contentUrl\":\"https:\\\/\\\/ocoerente.com.br\\\/se\\\/wp-content\\\/uploads\\\/2021\\\/05\\\/Georgeon-P.jpg\",\"width\":1600,\"height\":1067},{\"@type\":\"BreadcrumbList\",\"@id\":\"https:\\\/\\\/ocoerente.com.br\\\/se\\\/2021\\\/05\\\/14\\\/georgeo-ate-quando-os-pacientes-oncologicos-vao-ser-penalizados-pela-falta-de-compromisso-do-governo\\\/#breadcrumb\",\"itemListElement\":[{\"@type\":\"ListItem\",\"position\":1,\"name\":\"In\u00edcio\",\"item\":\"https:\\\/\\\/ocoerente.com.br\\\/se\\\/\"},{\"@type\":\"ListItem\",\"position\":2,\"name\":\"GEORGEO: \u201cAT\u00c9 QUANDO OS PACIENTES ONCOL\u00d3GICOS V\u00c3O SER PENALIZADOS PELA FALTA DE COMPROMISSO DO GOVERNO&#8221;\"}]},{\"@type\":\"WebSite\",\"@id\":\"https:\\\/\\\/ocoerente.com.br\\\/se\\\/#website\",\"url\":\"https:\\\/\\\/ocoerente.com.br\\\/se\\\/\",\"name\":\"O Coerente\",\"description\":\"\",\"publisher\":{\"@id\":\"https:\\\/\\\/ocoerente.com.br\\\/se\\\/#\\\/schema\\\/person\\\/cc6bfd9fbca465e23543b0c963d8d037\"},\"potentialAction\":[{\"@type\":\"SearchAction\",\"target\":{\"@type\":\"EntryPoint\",\"urlTemplate\":\"https:\\\/\\\/ocoerente.com.br\\\/se\\\/?s={search_term_string}\"},\"query-input\":{\"@type\":\"PropertyValueSpecification\",\"valueRequired\":true,\"valueName\":\"search_term_string\"}}],\"inLanguage\":\"pt-BR\"},{\"@type\":[\"Person\",\"Organization\"],\"@id\":\"https:\\\/\\\/ocoerente.com.br\\\/se\\\/#\\\/schema\\\/person\\\/cc6bfd9fbca465e23543b0c963d8d037\",\"name\":\"Reda\u00e7\u00e3o\",\"image\":{\"@type\":\"ImageObject\",\"inLanguage\":\"pt-BR\",\"@id\":\"https:\\\/\\\/ocoerente.com.br\\\/se\\\/wp-content\\\/uploads\\\/2020\\\/01\\\/ocoerente-1.png\",\"url\":\"https:\\\/\\\/ocoerente.com.br\\\/se\\\/wp-content\\\/uploads\\\/2020\\\/01\\\/ocoerente-1.png\",\"contentUrl\":\"https:\\\/\\\/ocoerente.com.br\\\/se\\\/wp-content\\\/uploads\\\/2020\\\/01\\\/ocoerente-1.png\",\"width\":50,\"height\":50,\"caption\":\"Reda\u00e7\u00e3o\"},\"logo\":{\"@id\":\"https:\\\/\\\/ocoerente.com.br\\\/se\\\/wp-content\\\/uploads\\\/2020\\\/01\\\/ocoerente-1.png\"},\"url\":\"https:\\\/\\\/ocoerente.com.br\\\/se\\\/author\\\/vasticlsales\\\/\"}]}<\/script>\n<!-- \/ Yoast SEO plugin. -->","yoast_head_json":{"title":"GEORGEO: \u201cAT\u00c9 QUANDO OS PACIENTES ONCOL\u00d3GICOS V\u00c3O SER PENALIZADOS PELA FALTA DE COMPROMISSO DO GOVERNO\" - O Coerente","robots":{"index":"index","follow":"follow","max-snippet":"max-snippet:-1","max-image-preview":"max-image-preview:large","max-video-preview":"max-video-preview:-1"},"canonical":"https:\/\/ocoerente.com.br\/se\/2021\/05\/14\/georgeo-ate-quando-os-pacientes-oncologicos-vao-ser-penalizados-pela-falta-de-compromisso-do-governo\/","og_locale":"pt_BR","og_type":"article","og_title":"GEORGEO: \u201cAT\u00c9 QUANDO OS PACIENTES ONCOL\u00d3GICOS V\u00c3O SER PENALIZADOS PELA FALTA DE COMPROMISSO DO GOVERNO\" - O Coerente","og_description":"\u201cAt\u00e9 quando os pacientes oncol\u00f3gicos v\u00e3o ser penalizados pela falta de compromisso do Governo?\u201d Com este questionamento, o deputado estadual Georgeo Passos (Cidadania) cobrou da Secretaria Estadual da Sa\u00fade uma manuten\u00e7\u00e3o preventiva e eficaz na m\u00e1quina de radioterapia do setor de Oncologia do Hospital Jo\u00e3o Alves Filho. De acordo com o parlamentar, mais uma vez [&hellip;]","og_url":"https:\/\/ocoerente.com.br\/se\/2021\/05\/14\/georgeo-ate-quando-os-pacientes-oncologicos-vao-ser-penalizados-pela-falta-de-compromisso-do-governo\/","og_site_name":"O Coerente","article_published_time":"2021-05-15T02:53:33+00:00","article_modified_time":"2021-05-15T02:53:34+00:00","og_image":[{"width":1600,"height":1067,"url":"https:\/\/ocoerente.com.br\/se\/wp-content\/uploads\/2021\/05\/Georgeon-P.jpg","type":"image\/jpeg"}],"author":"Reda\u00e7\u00e3o","twitter_card":"summary_large_image","twitter_misc":{"Escrito por":"Reda\u00e7\u00e3o","Est. tempo de leitura":"2 minutos"},"schema":{"@context":"https:\/\/schema.org","@graph":[{"@type":"Article","@id":"https:\/\/ocoerente.com.br\/se\/2021\/05\/14\/georgeo-ate-quando-os-pacientes-oncologicos-vao-ser-penalizados-pela-falta-de-compromisso-do-governo\/#article","isPartOf":{"@id":"https:\/\/ocoerente.com.br\/se\/2021\/05\/14\/georgeo-ate-quando-os-pacientes-oncologicos-vao-ser-penalizados-pela-falta-de-compromisso-do-governo\/"},"author":{"name":"Reda\u00e7\u00e3o","@id":"https:\/\/ocoerente.com.br\/se\/#\/schema\/person\/cc6bfd9fbca465e23543b0c963d8d037"},"headline":"GEORGEO: \u201cAT\u00c9 QUANDO OS PACIENTES ONCOL\u00d3GICOS V\u00c3O SER PENALIZADOS PELA FALTA DE COMPROMISSO DO GOVERNO&#8221;","datePublished":"2021-05-15T02:53:33+00:00","dateModified":"2021-05-15T02:53:34+00:00","mainEntityOfPage":{"@id":"https:\/\/ocoerente.com.br\/se\/2021\/05\/14\/georgeo-ate-quando-os-pacientes-oncologicos-vao-ser-penalizados-pela-falta-de-compromisso-do-governo\/"},"wordCount":391,"publisher":{"@id":"https:\/\/ocoerente.com.br\/se\/#\/schema\/person\/cc6bfd9fbca465e23543b0c963d8d037"},"image":{"@id":"https:\/\/ocoerente.com.br\/se\/2021\/05\/14\/georgeo-ate-quando-os-pacientes-oncologicos-vao-ser-penalizados-pela-falta-de-compromisso-do-governo\/#primaryimage"},"thumbnailUrl":"https:\/\/ocoerente.com.br\/se\/wp-content\/uploads\/2021\/05\/Georgeon-P.jpg","articleSection":["Destaques","Sa\u00fade"],"inLanguage":"pt-BR"},{"@type":"WebPage","@id":"https:\/\/ocoerente.com.br\/se\/2021\/05\/14\/georgeo-ate-quando-os-pacientes-oncologicos-vao-ser-penalizados-pela-falta-de-compromisso-do-governo\/","url":"https:\/\/ocoerente.com.br\/se\/2021\/05\/14\/georgeo-ate-quando-os-pacientes-oncologicos-vao-ser-penalizados-pela-falta-de-compromisso-do-governo\/","name":"GEORGEO: \u201cAT\u00c9 QUANDO OS PACIENTES ONCOL\u00d3GICOS V\u00c3O SER PENALIZADOS PELA FALTA DE COMPROMISSO DO GOVERNO\" - O Coerente","isPartOf":{"@id":"https:\/\/ocoerente.com.br\/se\/#website"},"primaryImageOfPage":{"@id":"https:\/\/ocoerente.com.br\/se\/2021\/05\/14\/georgeo-ate-quando-os-pacientes-oncologicos-vao-ser-penalizados-pela-falta-de-compromisso-do-governo\/#primaryimage"},"image":{"@id":"https:\/\/ocoerente.com.br\/se\/2021\/05\/14\/georgeo-ate-quando-os-pacientes-oncologicos-vao-ser-penalizados-pela-falta-de-compromisso-do-governo\/#primaryimage"},"thumbnailUrl":"https:\/\/ocoerente.com.br\/se\/wp-content\/uploads\/2021\/05\/Georgeon-P.jpg","datePublished":"2021-05-15T02:53:33+00:00","dateModified":"2021-05-15T02:53:34+00:00","breadcrumb":{"@id":"https:\/\/ocoerente.com.br\/se\/2021\/05\/14\/georgeo-ate-quando-os-pacientes-oncologicos-vao-ser-penalizados-pela-falta-de-compromisso-do-governo\/#breadcrumb"},"inLanguage":"pt-BR","potentialAction":[{"@type":"ReadAction","target":["https:\/\/ocoerente.com.br\/se\/2021\/05\/14\/georgeo-ate-quando-os-pacientes-oncologicos-vao-ser-penalizados-pela-falta-de-compromisso-do-governo\/"]}]},{"@type":"ImageObject","inLanguage":"pt-BR","@id":"https:\/\/ocoerente.com.br\/se\/2021\/05\/14\/georgeo-ate-quando-os-pacientes-oncologicos-vao-ser-penalizados-pela-falta-de-compromisso-do-governo\/#primaryimage","url":"https:\/\/ocoerente.com.br\/se\/wp-content\/uploads\/2021\/05\/Georgeon-P.jpg","contentUrl":"https:\/\/ocoerente.com.br\/se\/wp-content\/uploads\/2021\/05\/Georgeon-P.jpg","width":1600,"height":1067},{"@type":"BreadcrumbList","@id":"https:\/\/ocoerente.com.br\/se\/2021\/05\/14\/georgeo-ate-quando-os-pacientes-oncologicos-vao-ser-penalizados-pela-falta-de-compromisso-do-governo\/#breadcrumb","itemListElement":[{"@type":"ListItem","position":1,"name":"In\u00edcio","item":"https:\/\/ocoerente.com.br\/se\/"},{"@type":"ListItem","position":2,"name":"GEORGEO: \u201cAT\u00c9 QUANDO OS PACIENTES ONCOL\u00d3GICOS V\u00c3O SER PENALIZADOS PELA FALTA DE COMPROMISSO DO GOVERNO&#8221;"}]},{"@type":"WebSite","@id":"https:\/\/ocoerente.com.br\/se\/#website","url":"https:\/\/ocoerente.com.br\/se\/","name":"O Coerente","description":"","publisher":{"@id":"https:\/\/ocoerente.com.br\/se\/#\/schema\/person\/cc6bfd9fbca465e23543b0c963d8d037"},"potentialAction":[{"@type":"SearchAction","target":{"@type":"EntryPoint","urlTemplate":"https:\/\/ocoerente.com.br\/se\/?s={search_term_string}"},"query-input":{"@type":"PropertyValueSpecification","valueRequired":true,"valueName":"search_term_string"}}],"inLanguage":"pt-BR"},{"@type":["Person","Organization"],"@id":"https:\/\/ocoerente.com.br\/se\/#\/schema\/person\/cc6bfd9fbca465e23543b0c963d8d037","name":"Reda\u00e7\u00e3o","image":{"@type":"ImageObject","inLanguage":"pt-BR","@id":"https:\/\/ocoerente.com.br\/se\/wp-content\/uploads\/2020\/01\/ocoerente-1.png","url":"https:\/\/ocoerente.com.br\/se\/wp-content\/uploads\/2020\/01\/ocoerente-1.png","contentUrl":"https:\/\/ocoerente.com.br\/se\/wp-content\/uploads\/2020\/01\/ocoerente-1.png","width":50,"height":50,"caption":"Reda\u00e7\u00e3o"},"logo":{"@id":"https:\/\/ocoerente.com.br\/se\/wp-content\/uploads\/2020\/01\/ocoerente-1.png"},"url":"https:\/\/ocoerente.com.br\/se\/author\/vasticlsales\/"}]}},"_links":{"self":[{"href":"https:\/\/ocoerente.com.br\/se\/wp-json\/wp\/v2\/posts\/3479","targetHints":{"allow":["GET"]}}],"collection":[{"href":"https:\/\/ocoerente.com.br\/se\/wp-json\/wp\/v2\/posts"}],"about":[{"href":"https:\/\/ocoerente.com.br\/se\/wp-json\/wp\/v2\/types\/post"}],"author":[{"embeddable":true,"href":"https:\/\/ocoerente.com.br\/se\/wp-json\/wp\/v2\/users\/1"}],"replies":[{"embeddable":true,"href":"https:\/\/ocoerente.com.br\/se\/wp-json\/wp\/v2\/comments?post=3479"}],"version-history":[{"count":1,"href":"https:\/\/ocoerente.com.br\/se\/wp-json\/wp\/v2\/posts\/3479\/revisions"}],"predecessor-version":[{"id":3481,"href":"https:\/\/ocoerente.com.br\/se\/wp-json\/wp\/v2\/posts\/3479\/revisions\/3481"}],"wp:featuredmedia":[{"embeddable":true,"href":"https:\/\/ocoerente.com.br\/se\/wp-json\/wp\/v2\/media\/3480"}],"wp:attachment":[{"href":"https:\/\/ocoerente.com.br\/se\/wp-json\/wp\/v2\/media?parent=3479"}],"wp:term":[{"taxonomy":"category","embeddable":true,"href":"https:\/\/ocoerente.com.br\/se\/wp-json\/wp\/v2\/categories?post=3479"},{"taxonomy":"post_tag","embeddable":true,"href":"https:\/\/ocoerente.com.br\/se\/wp-json\/wp\/v2\/tags?post=3479"}],"curies":[{"name":"wp","href":"https:\/\/api.w.org\/{rel}","templated":true}]}}