{"id":3475,"date":"2021-05-14T23:51:33","date_gmt":"2021-05-15T02:51:33","guid":{"rendered":"https:\/\/ocoerente.com.br\/se\/?p=3475"},"modified":"2021-05-14T23:51:34","modified_gmt":"2021-05-15T02:51:34","slug":"joaquim-da-janelinha-enaltece-os-enfermeiros-pelo-seu-dia","status":"publish","type":"post","link":"https:\/\/ocoerente.com.br\/se\/2021\/05\/14\/joaquim-da-janelinha-enaltece-os-enfermeiros-pelo-seu-dia\/","title":{"rendered":"Joaquim da Janelinha enaltece os enfermeiros pelo seu dia"},"content":{"rendered":"\n<p>O parlamentar Joaquim da Janelinha (PROS) utilizou o espa\u00e7o na Sess\u00e3o Ordin\u00e1ria da \u00faltima quarta-feira, 12, para parabenizar os enfermeiros pelo seu dia comemorativo.<\/p>\n\n\n\n<p>\u201cDia 12 de maio \u00e9 comemorado o Dia Internacional da Enfermagem e do Enfermeiro. Para estes anjos de m\u00e1scara, toda gratid\u00e3o do mundo. Somos gratos por termos aguerridos como voc\u00eas nessa linha de frente t\u00e3o \u00e1rdua, que h\u00e1 mais de um ano, nesse momento de pandemia mundial, dedicam e arriscam diariamente as suas vidas de forma incans\u00e1vel\u201d, disse Joaquim.<\/p>\n\n\n\n<p>O vereador citou que a alian\u00e7a com essa categoria \u00e9 muito forte, e que, inclusive, recentemente publicou atrav\u00e9s das suas redes sociais oficiais, o seu apoio ao Projeto de Lei (PL) 2564\/2020, que tramitou na C\u00e2mara Federal e que estabelece o piso salarial nacional para Enfermeiros(as), Auxiliares e T\u00e9cnicas de Enfermagem.<\/p>\n\n\n\n<p>\u201cA aprova\u00e7\u00e3o dessa PL atendeu a solicita\u00e7\u00e3o de milhares de profissionais de Enfermagem e se mostrou como um importante elemento de reconhecer e dignificar essa categoria.<br>Sem d\u00favida que eu disse sim \u00e0 valoriza\u00e7\u00e3o dos profissionais de enfermagem e aprova\u00e7\u00e3o do piso salarial nacional\u201d, reafirmou Joaquim.<\/p>\n\n\n\n<p>Giro por Aracaju<\/p>\n\n\n\n<p>Assim que finalizou a sess\u00e3o remota na C\u00e2mara de Vereadores, o parlamentar foi at\u00e9 a Prefeitura Municipal de Aracaju para tratar de demandas com o secret\u00e1rio de governo Evandro Galdino, que segundo ele, \u00e9 sempre muito atencioso. Joaquim tamb\u00e9m esteve fazendo acompanhamento e registros ao lado da sua assessoria, pelo bairro Farol\u00e2ndia para atender solicita\u00e7\u00f5es de tapa-buracos e desobstru\u00e7\u00e3o de esgotos.<\/p>\n\n\n\n<p>\u201cTratei tamb\u00e9m com a assessoria da vice-prefeita de Aracaju, Katarina Feitoza (PSD), para agendar uma reuni\u00e3o e apresentar as necessidades tamb\u00e9m dos amigos do loteamento Para\u00edso do Sul e Jardim Recreio, localizados no bairro Santa Maria\u201d, finalizou.<\/p>\n","protected":false},"excerpt":{"rendered":"<p>O parlamentar Joaquim da Janelinha (PROS) utilizou o espa\u00e7o na Sess\u00e3o Ordin\u00e1ria da \u00faltima quarta-feira, 12, para parabenizar os enfermeiros pelo seu dia comemorativo. \u201cDia 12 de maio \u00e9 comemorado o Dia Internacional da Enfermagem e do Enfermeiro. Para estes anjos de m\u00e1scara, toda gratid\u00e3o do mundo. Somos gratos por termos aguerridos como voc\u00eas nessa [&hellip;]<\/p>\n","protected":false},"author":1,"featured_media":3477,"comment_status":"closed","ping_status":"closed","sticky":false,"template":"","format":"standard","meta":{"footnotes":""},"categories":[53,44],"tags":[],"class_list":["post-3475","post","type-post","status-publish","format-standard","has-post-thumbnail","hentry","category-destaques","category-politica"],"yoast_head":"<!-- This site is optimized with the Yoast SEO plugin v27.4 - https:\/\/yoast.com\/product\/yoast-seo-wordpress\/ -->\n<title>Joaquim da Janelinha enaltece os enfermeiros pelo seu dia - O Coerente<\/title>\n<meta name=\"robots\" content=\"index, follow, max-snippet:-1, max-image-preview:large, max-video-preview:-1\" \/>\n<link rel=\"canonical\" href=\"https:\/\/ocoerente.com.br\/se\/2021\/05\/14\/joaquim-da-janelinha-enaltece-os-enfermeiros-pelo-seu-dia\/\" \/>\n<meta property=\"og:locale\" content=\"pt_BR\" \/>\n<meta property=\"og:type\" content=\"article\" \/>\n<meta property=\"og:title\" content=\"Joaquim da Janelinha enaltece os enfermeiros pelo seu dia - O Coerente\" \/>\n<meta property=\"og:description\" content=\"O parlamentar Joaquim da Janelinha (PROS) utilizou o espa\u00e7o na Sess\u00e3o Ordin\u00e1ria da \u00faltima quarta-feira, 12, para parabenizar os enfermeiros pelo seu dia comemorativo. \u201cDia 12 de maio \u00e9 comemorado o Dia Internacional da Enfermagem e do Enfermeiro. Para estes anjos de m\u00e1scara, toda gratid\u00e3o do mundo. Somos gratos por termos aguerridos como voc\u00eas nessa [&hellip;]\" \/>\n<meta property=\"og:url\" content=\"https:\/\/ocoerente.com.br\/se\/2021\/05\/14\/joaquim-da-janelinha-enaltece-os-enfermeiros-pelo-seu-dia\/\" \/>\n<meta property=\"og:site_name\" content=\"O Coerente\" \/>\n<meta property=\"article:published_time\" content=\"2021-05-15T02:51:33+00:00\" \/>\n<meta property=\"article:modified_time\" content=\"2021-05-15T02:51:34+00:00\" \/>\n<meta property=\"og:image\" content=\"https:\/\/ocoerente.com.br\/se\/wp-content\/uploads\/2021\/05\/janelinhaaaa.jpg\" \/>\n\t<meta property=\"og:image:width\" content=\"1239\" \/>\n\t<meta property=\"og:image:height\" content=\"684\" \/>\n\t<meta property=\"og:image:type\" content=\"image\/jpeg\" \/>\n<meta name=\"author\" content=\"Reda\u00e7\u00e3o\" \/>\n<meta name=\"twitter:card\" content=\"summary_large_image\" \/>\n<meta name=\"twitter:label1\" content=\"Escrito por\" \/>\n\t<meta name=\"twitter:data1\" content=\"Reda\u00e7\u00e3o\" \/>\n\t<meta name=\"twitter:label2\" content=\"Est. tempo de leitura\" \/>\n\t<meta name=\"twitter:data2\" content=\"2 minutos\" \/>\n<script type=\"application\/ld+json\" class=\"yoast-schema-graph\">{\"@context\":\"https:\\\/\\\/schema.org\",\"@graph\":[{\"@type\":\"Article\",\"@id\":\"https:\\\/\\\/ocoerente.com.br\\\/se\\\/2021\\\/05\\\/14\\\/joaquim-da-janelinha-enaltece-os-enfermeiros-pelo-seu-dia\\\/#article\",\"isPartOf\":{\"@id\":\"https:\\\/\\\/ocoerente.com.br\\\/se\\\/2021\\\/05\\\/14\\\/joaquim-da-janelinha-enaltece-os-enfermeiros-pelo-seu-dia\\\/\"},\"author\":{\"name\":\"Reda\u00e7\u00e3o\",\"@id\":\"https:\\\/\\\/ocoerente.com.br\\\/se\\\/#\\\/schema\\\/person\\\/cc6bfd9fbca465e23543b0c963d8d037\"},\"headline\":\"Joaquim da Janelinha enaltece os enfermeiros pelo seu dia\",\"datePublished\":\"2021-05-15T02:51:33+00:00\",\"dateModified\":\"2021-05-15T02:51:34+00:00\",\"mainEntityOfPage\":{\"@id\":\"https:\\\/\\\/ocoerente.com.br\\\/se\\\/2021\\\/05\\\/14\\\/joaquim-da-janelinha-enaltece-os-enfermeiros-pelo-seu-dia\\\/\"},\"wordCount\":312,\"publisher\":{\"@id\":\"https:\\\/\\\/ocoerente.com.br\\\/se\\\/#\\\/schema\\\/person\\\/cc6bfd9fbca465e23543b0c963d8d037\"},\"image\":{\"@id\":\"https:\\\/\\\/ocoerente.com.br\\\/se\\\/2021\\\/05\\\/14\\\/joaquim-da-janelinha-enaltece-os-enfermeiros-pelo-seu-dia\\\/#primaryimage\"},\"thumbnailUrl\":\"https:\\\/\\\/ocoerente.com.br\\\/se\\\/wp-content\\\/uploads\\\/2021\\\/05\\\/janelinhaaaa.jpg\",\"articleSection\":[\"Destaques\",\"Pol\u00edtica\"],\"inLanguage\":\"pt-BR\"},{\"@type\":\"WebPage\",\"@id\":\"https:\\\/\\\/ocoerente.com.br\\\/se\\\/2021\\\/05\\\/14\\\/joaquim-da-janelinha-enaltece-os-enfermeiros-pelo-seu-dia\\\/\",\"url\":\"https:\\\/\\\/ocoerente.com.br\\\/se\\\/2021\\\/05\\\/14\\\/joaquim-da-janelinha-enaltece-os-enfermeiros-pelo-seu-dia\\\/\",\"name\":\"Joaquim da Janelinha enaltece os enfermeiros pelo seu dia - O Coerente\",\"isPartOf\":{\"@id\":\"https:\\\/\\\/ocoerente.com.br\\\/se\\\/#website\"},\"primaryImageOfPage\":{\"@id\":\"https:\\\/\\\/ocoerente.com.br\\\/se\\\/2021\\\/05\\\/14\\\/joaquim-da-janelinha-enaltece-os-enfermeiros-pelo-seu-dia\\\/#primaryimage\"},\"image\":{\"@id\":\"https:\\\/\\\/ocoerente.com.br\\\/se\\\/2021\\\/05\\\/14\\\/joaquim-da-janelinha-enaltece-os-enfermeiros-pelo-seu-dia\\\/#primaryimage\"},\"thumbnailUrl\":\"https:\\\/\\\/ocoerente.com.br\\\/se\\\/wp-content\\\/uploads\\\/2021\\\/05\\\/janelinhaaaa.jpg\",\"datePublished\":\"2021-05-15T02:51:33+00:00\",\"dateModified\":\"2021-05-15T02:51:34+00:00\",\"breadcrumb\":{\"@id\":\"https:\\\/\\\/ocoerente.com.br\\\/se\\\/2021\\\/05\\\/14\\\/joaquim-da-janelinha-enaltece-os-enfermeiros-pelo-seu-dia\\\/#breadcrumb\"},\"inLanguage\":\"pt-BR\",\"potentialAction\":[{\"@type\":\"ReadAction\",\"target\":[\"https:\\\/\\\/ocoerente.com.br\\\/se\\\/2021\\\/05\\\/14\\\/joaquim-da-janelinha-enaltece-os-enfermeiros-pelo-seu-dia\\\/\"]}]},{\"@type\":\"ImageObject\",\"inLanguage\":\"pt-BR\",\"@id\":\"https:\\\/\\\/ocoerente.com.br\\\/se\\\/2021\\\/05\\\/14\\\/joaquim-da-janelinha-enaltece-os-enfermeiros-pelo-seu-dia\\\/#primaryimage\",\"url\":\"https:\\\/\\\/ocoerente.com.br\\\/se\\\/wp-content\\\/uploads\\\/2021\\\/05\\\/janelinhaaaa.jpg\",\"contentUrl\":\"https:\\\/\\\/ocoerente.com.br\\\/se\\\/wp-content\\\/uploads\\\/2021\\\/05\\\/janelinhaaaa.jpg\",\"width\":1239,\"height\":684},{\"@type\":\"BreadcrumbList\",\"@id\":\"https:\\\/\\\/ocoerente.com.br\\\/se\\\/2021\\\/05\\\/14\\\/joaquim-da-janelinha-enaltece-os-enfermeiros-pelo-seu-dia\\\/#breadcrumb\",\"itemListElement\":[{\"@type\":\"ListItem\",\"position\":1,\"name\":\"In\u00edcio\",\"item\":\"https:\\\/\\\/ocoerente.com.br\\\/se\\\/\"},{\"@type\":\"ListItem\",\"position\":2,\"name\":\"Joaquim da Janelinha enaltece os enfermeiros pelo seu dia\"}]},{\"@type\":\"WebSite\",\"@id\":\"https:\\\/\\\/ocoerente.com.br\\\/se\\\/#website\",\"url\":\"https:\\\/\\\/ocoerente.com.br\\\/se\\\/\",\"name\":\"O Coerente\",\"description\":\"\",\"publisher\":{\"@id\":\"https:\\\/\\\/ocoerente.com.br\\\/se\\\/#\\\/schema\\\/person\\\/cc6bfd9fbca465e23543b0c963d8d037\"},\"potentialAction\":[{\"@type\":\"SearchAction\",\"target\":{\"@type\":\"EntryPoint\",\"urlTemplate\":\"https:\\\/\\\/ocoerente.com.br\\\/se\\\/?s={search_term_string}\"},\"query-input\":{\"@type\":\"PropertyValueSpecification\",\"valueRequired\":true,\"valueName\":\"search_term_string\"}}],\"inLanguage\":\"pt-BR\"},{\"@type\":[\"Person\",\"Organization\"],\"@id\":\"https:\\\/\\\/ocoerente.com.br\\\/se\\\/#\\\/schema\\\/person\\\/cc6bfd9fbca465e23543b0c963d8d037\",\"name\":\"Reda\u00e7\u00e3o\",\"image\":{\"@type\":\"ImageObject\",\"inLanguage\":\"pt-BR\",\"@id\":\"https:\\\/\\\/ocoerente.com.br\\\/se\\\/wp-content\\\/uploads\\\/2020\\\/01\\\/ocoerente-1.png\",\"url\":\"https:\\\/\\\/ocoerente.com.br\\\/se\\\/wp-content\\\/uploads\\\/2020\\\/01\\\/ocoerente-1.png\",\"contentUrl\":\"https:\\\/\\\/ocoerente.com.br\\\/se\\\/wp-content\\\/uploads\\\/2020\\\/01\\\/ocoerente-1.png\",\"width\":50,\"height\":50,\"caption\":\"Reda\u00e7\u00e3o\"},\"logo\":{\"@id\":\"https:\\\/\\\/ocoerente.com.br\\\/se\\\/wp-content\\\/uploads\\\/2020\\\/01\\\/ocoerente-1.png\"},\"url\":\"https:\\\/\\\/ocoerente.com.br\\\/se\\\/author\\\/vasticlsales\\\/\"}]}<\/script>\n<!-- \/ Yoast SEO plugin. -->","yoast_head_json":{"title":"Joaquim da Janelinha enaltece os enfermeiros pelo seu dia - O Coerente","robots":{"index":"index","follow":"follow","max-snippet":"max-snippet:-1","max-image-preview":"max-image-preview:large","max-video-preview":"max-video-preview:-1"},"canonical":"https:\/\/ocoerente.com.br\/se\/2021\/05\/14\/joaquim-da-janelinha-enaltece-os-enfermeiros-pelo-seu-dia\/","og_locale":"pt_BR","og_type":"article","og_title":"Joaquim da Janelinha enaltece os enfermeiros pelo seu dia - O Coerente","og_description":"O parlamentar Joaquim da Janelinha (PROS) utilizou o espa\u00e7o na Sess\u00e3o Ordin\u00e1ria da \u00faltima quarta-feira, 12, para parabenizar os enfermeiros pelo seu dia comemorativo. \u201cDia 12 de maio \u00e9 comemorado o Dia Internacional da Enfermagem e do Enfermeiro. Para estes anjos de m\u00e1scara, toda gratid\u00e3o do mundo. Somos gratos por termos aguerridos como voc\u00eas nessa [&hellip;]","og_url":"https:\/\/ocoerente.com.br\/se\/2021\/05\/14\/joaquim-da-janelinha-enaltece-os-enfermeiros-pelo-seu-dia\/","og_site_name":"O Coerente","article_published_time":"2021-05-15T02:51:33+00:00","article_modified_time":"2021-05-15T02:51:34+00:00","og_image":[{"width":1239,"height":684,"url":"https:\/\/ocoerente.com.br\/se\/wp-content\/uploads\/2021\/05\/janelinhaaaa.jpg","type":"image\/jpeg"}],"author":"Reda\u00e7\u00e3o","twitter_card":"summary_large_image","twitter_misc":{"Escrito por":"Reda\u00e7\u00e3o","Est. tempo de leitura":"2 minutos"},"schema":{"@context":"https:\/\/schema.org","@graph":[{"@type":"Article","@id":"https:\/\/ocoerente.com.br\/se\/2021\/05\/14\/joaquim-da-janelinha-enaltece-os-enfermeiros-pelo-seu-dia\/#article","isPartOf":{"@id":"https:\/\/ocoerente.com.br\/se\/2021\/05\/14\/joaquim-da-janelinha-enaltece-os-enfermeiros-pelo-seu-dia\/"},"author":{"name":"Reda\u00e7\u00e3o","@id":"https:\/\/ocoerente.com.br\/se\/#\/schema\/person\/cc6bfd9fbca465e23543b0c963d8d037"},"headline":"Joaquim da Janelinha enaltece os enfermeiros pelo seu dia","datePublished":"2021-05-15T02:51:33+00:00","dateModified":"2021-05-15T02:51:34+00:00","mainEntityOfPage":{"@id":"https:\/\/ocoerente.com.br\/se\/2021\/05\/14\/joaquim-da-janelinha-enaltece-os-enfermeiros-pelo-seu-dia\/"},"wordCount":312,"publisher":{"@id":"https:\/\/ocoerente.com.br\/se\/#\/schema\/person\/cc6bfd9fbca465e23543b0c963d8d037"},"image":{"@id":"https:\/\/ocoerente.com.br\/se\/2021\/05\/14\/joaquim-da-janelinha-enaltece-os-enfermeiros-pelo-seu-dia\/#primaryimage"},"thumbnailUrl":"https:\/\/ocoerente.com.br\/se\/wp-content\/uploads\/2021\/05\/janelinhaaaa.jpg","articleSection":["Destaques","Pol\u00edtica"],"inLanguage":"pt-BR"},{"@type":"WebPage","@id":"https:\/\/ocoerente.com.br\/se\/2021\/05\/14\/joaquim-da-janelinha-enaltece-os-enfermeiros-pelo-seu-dia\/","url":"https:\/\/ocoerente.com.br\/se\/2021\/05\/14\/joaquim-da-janelinha-enaltece-os-enfermeiros-pelo-seu-dia\/","name":"Joaquim da Janelinha enaltece os enfermeiros pelo seu dia - O Coerente","isPartOf":{"@id":"https:\/\/ocoerente.com.br\/se\/#website"},"primaryImageOfPage":{"@id":"https:\/\/ocoerente.com.br\/se\/2021\/05\/14\/joaquim-da-janelinha-enaltece-os-enfermeiros-pelo-seu-dia\/#primaryimage"},"image":{"@id":"https:\/\/ocoerente.com.br\/se\/2021\/05\/14\/joaquim-da-janelinha-enaltece-os-enfermeiros-pelo-seu-dia\/#primaryimage"},"thumbnailUrl":"https:\/\/ocoerente.com.br\/se\/wp-content\/uploads\/2021\/05\/janelinhaaaa.jpg","datePublished":"2021-05-15T02:51:33+00:00","dateModified":"2021-05-15T02:51:34+00:00","breadcrumb":{"@id":"https:\/\/ocoerente.com.br\/se\/2021\/05\/14\/joaquim-da-janelinha-enaltece-os-enfermeiros-pelo-seu-dia\/#breadcrumb"},"inLanguage":"pt-BR","potentialAction":[{"@type":"ReadAction","target":["https:\/\/ocoerente.com.br\/se\/2021\/05\/14\/joaquim-da-janelinha-enaltece-os-enfermeiros-pelo-seu-dia\/"]}]},{"@type":"ImageObject","inLanguage":"pt-BR","@id":"https:\/\/ocoerente.com.br\/se\/2021\/05\/14\/joaquim-da-janelinha-enaltece-os-enfermeiros-pelo-seu-dia\/#primaryimage","url":"https:\/\/ocoerente.com.br\/se\/wp-content\/uploads\/2021\/05\/janelinhaaaa.jpg","contentUrl":"https:\/\/ocoerente.com.br\/se\/wp-content\/uploads\/2021\/05\/janelinhaaaa.jpg","width":1239,"height":684},{"@type":"BreadcrumbList","@id":"https:\/\/ocoerente.com.br\/se\/2021\/05\/14\/joaquim-da-janelinha-enaltece-os-enfermeiros-pelo-seu-dia\/#breadcrumb","itemListElement":[{"@type":"ListItem","position":1,"name":"In\u00edcio","item":"https:\/\/ocoerente.com.br\/se\/"},{"@type":"ListItem","position":2,"name":"Joaquim da Janelinha enaltece os enfermeiros pelo seu dia"}]},{"@type":"WebSite","@id":"https:\/\/ocoerente.com.br\/se\/#website","url":"https:\/\/ocoerente.com.br\/se\/","name":"O Coerente","description":"","publisher":{"@id":"https:\/\/ocoerente.com.br\/se\/#\/schema\/person\/cc6bfd9fbca465e23543b0c963d8d037"},"potentialAction":[{"@type":"SearchAction","target":{"@type":"EntryPoint","urlTemplate":"https:\/\/ocoerente.com.br\/se\/?s={search_term_string}"},"query-input":{"@type":"PropertyValueSpecification","valueRequired":true,"valueName":"search_term_string"}}],"inLanguage":"pt-BR"},{"@type":["Person","Organization"],"@id":"https:\/\/ocoerente.com.br\/se\/#\/schema\/person\/cc6bfd9fbca465e23543b0c963d8d037","name":"Reda\u00e7\u00e3o","image":{"@type":"ImageObject","inLanguage":"pt-BR","@id":"https:\/\/ocoerente.com.br\/se\/wp-content\/uploads\/2020\/01\/ocoerente-1.png","url":"https:\/\/ocoerente.com.br\/se\/wp-content\/uploads\/2020\/01\/ocoerente-1.png","contentUrl":"https:\/\/ocoerente.com.br\/se\/wp-content\/uploads\/2020\/01\/ocoerente-1.png","width":50,"height":50,"caption":"Reda\u00e7\u00e3o"},"logo":{"@id":"https:\/\/ocoerente.com.br\/se\/wp-content\/uploads\/2020\/01\/ocoerente-1.png"},"url":"https:\/\/ocoerente.com.br\/se\/author\/vasticlsales\/"}]}},"_links":{"self":[{"href":"https:\/\/ocoerente.com.br\/se\/wp-json\/wp\/v2\/posts\/3475","targetHints":{"allow":["GET"]}}],"collection":[{"href":"https:\/\/ocoerente.com.br\/se\/wp-json\/wp\/v2\/posts"}],"about":[{"href":"https:\/\/ocoerente.com.br\/se\/wp-json\/wp\/v2\/types\/post"}],"author":[{"embeddable":true,"href":"https:\/\/ocoerente.com.br\/se\/wp-json\/wp\/v2\/users\/1"}],"replies":[{"embeddable":true,"href":"https:\/\/ocoerente.com.br\/se\/wp-json\/wp\/v2\/comments?post=3475"}],"version-history":[{"count":1,"href":"https:\/\/ocoerente.com.br\/se\/wp-json\/wp\/v2\/posts\/3475\/revisions"}],"predecessor-version":[{"id":3478,"href":"https:\/\/ocoerente.com.br\/se\/wp-json\/wp\/v2\/posts\/3475\/revisions\/3478"}],"wp:featuredmedia":[{"embeddable":true,"href":"https:\/\/ocoerente.com.br\/se\/wp-json\/wp\/v2\/media\/3477"}],"wp:attachment":[{"href":"https:\/\/ocoerente.com.br\/se\/wp-json\/wp\/v2\/media?parent=3475"}],"wp:term":[{"taxonomy":"category","embeddable":true,"href":"https:\/\/ocoerente.com.br\/se\/wp-json\/wp\/v2\/categories?post=3475"},{"taxonomy":"post_tag","embeddable":true,"href":"https:\/\/ocoerente.com.br\/se\/wp-json\/wp\/v2\/tags?post=3475"}],"curies":[{"name":"wp","href":"https:\/\/api.w.org\/{rel}","templated":true}]}}