{"id":3338,"date":"2021-05-03T13:35:42","date_gmt":"2021-05-03T16:35:42","guid":{"rendered":"https:\/\/ocoerente.com.br\/se\/?p=3338"},"modified":"2021-05-03T13:35:43","modified_gmt":"2021-05-03T16:35:43","slug":"aracaju-inicia-aplicacao-das-segundas-doses-da-coronavac-e-da-astrazeneca-primeiras-doses-da-pfizer-e-vacinacao-de-pessoas-com-comorbidades-na-terca-feira-4","status":"publish","type":"post","link":"https:\/\/ocoerente.com.br\/se\/2021\/05\/03\/aracaju-inicia-aplicacao-das-segundas-doses-da-coronavac-e-da-astrazeneca-primeiras-doses-da-pfizer-e-vacinacao-de-pessoas-com-comorbidades-na-terca-feira-4\/","title":{"rendered":"Aracaju inicia aplica\u00e7\u00e3o das segundas doses da Coronavac e da AstraZeneca, primeiras doses da Pfizer e vacina\u00e7\u00e3o de pessoas com comorbidades na ter\u00e7a-feira, 4"},"content":{"rendered":"\n<p>A partir desta ter\u00e7a-feira, dia 4, a Prefeitura de Aracaju, por meio da Secretaria Municipal da Sa\u00fade, reorganiza o cronograma vacinal contra covid-19 para iniciar a administra\u00e7\u00e3o da segunda dose da Coronavac e da AstraZeneca para idosos e profissionais de sa\u00fade, distribui\u00e7\u00e3o das vacinas Pfizer exclusivamente para profissionais de sa\u00fade e vacina\u00e7\u00e3o de pessoas com comorbidades.<\/p>\n\n\n\n<p>O reordenamento do cronograma \u00e9 necess\u00e1rio para evitar perdas de doses. A administra\u00e7\u00e3o da segunda dose de AstraZeneca para idosos e profissionais de sa\u00fade que receberam a primeira dose do imunizante em fevereiro ocorrer\u00e1, de acordo com a data prevista no cart\u00e3o vacinal, somente nas Unidades B\u00e1sicas de Sa\u00fade Jos\u00e9 Augusto Barreto, Augusto Franco, C\u00e2ndida Alves, Ed\u00e9zio Vieira de Melo, Adel Nunes, Marx de Carvalho, Hugo Gurgel, Santa Terezinha, Manoel de Souza CRAS Jo\u00e3o Oliveira Sobral.<\/p>\n\n\n\n<p>As pessoas que foram vacinadas no posto volante do Parque da Sementeira ou na escola Presidente Vargas tamb\u00e9m devem buscar essas UBS.<\/p>\n\n\n\n<p>Para ter acesso, basta apresentar cart\u00e3o de vacina\u00e7\u00e3o, documento com foto e comprovante de resid\u00eancia. O funcionamento \u00e9 de segunda \u00e0 sexta-feira, das 8h \u00e0s 16h.<\/p>\n\n\n\n<p><strong>Primeira dose Pfizer<\/strong><\/p>\n\n\n\n<p>J\u00e1 as doses de vacinas da Pfizer, enviadas pelo governo Federal, ser\u00e3o destinadas apenas para profissionais de Sa\u00fade tamb\u00e9m a partir desta ter\u00e7a-feira, 4. Para evitar aglomera\u00e7\u00e3o e perda de doses, a administra\u00e7\u00e3o do imunizante ocorrer\u00e1 somente na Escola Municipal Presidente Vargas, das 8h \u00e0s 17 horas, de segunda a sexta-feira, mediante cadastro no site da Prefeitura de Aracaju. O intervalo de doses \u00e9 de 21 dias.<\/p>\n\n\n\n<p>Conforme o Minist\u00e9rio da Sa\u00fade, os frascos ser\u00e3o entregues em temperaturas entre -25\u00baC e -15\u00baC, cuja conserva\u00e7\u00e3o pode ser feita apenas durante 14 dias. Ap\u00f3s entrar na rede de frio, com temperaturas de armazenamento entre 2\u00baC e 8\u00baC, o prazo para aplica\u00e7\u00e3o \u00e9 de cinco dias.<\/p>\n\n\n\n<p>Para maior seguran\u00e7a dos profissionais que receber\u00e3o esse tipo de vacina, a SMS recomenda o repouso de 30 minutos, no local de vacina\u00e7\u00e3o, ap\u00f3s a administra\u00e7\u00e3o do imunizante.<\/p>\n\n\n\n<p><strong>Pessoas com comorbidades<\/strong><\/p>\n\n\n\n<p>A vacina\u00e7\u00e3o de pessoas com comorbidades ser\u00e1 dividida por idade e segue crit\u00e9rios estabelecidos pelo Minist\u00e9rio da Sa\u00fade.<\/p>\n\n\n\n<p>A partir de ter\u00e7a-feira, come\u00e7am a receber a vacina pessoas com doen\u00e7a renal cr\u00f4nica acima de 18 anos; gestante e pu\u00e9rperas com comorbidades acima de 18 anos; pessoas com defici\u00eancia permanente cadastradas no Programa de Benef\u00edcio de Presta\u00e7\u00e3o Continuada (BPC), acima de 59 anos, pessoas com comorbidades de 59 anos completos de acordo com o Plano Nacional de Imuniza\u00e7\u00e3o (PNI)<\/p>\n\n\n\n<p>Para receber a vacina, a pessoa pode realizar o cadastro para o drive do Parque da Sementeira, anexando documentos e relat\u00f3rio m\u00e9dico ou buscar as Unidades B\u00e1sicas de Sa\u00fade Jos\u00e9 Augusto Barreto, Augusto Franco, C\u00e2ndida Alves, Ed\u00e9zio Vieira de Melo, Adel Nunes, Marx de Carvalho, Hugo Gurgel, Santa Terezinha, Manoel de Souza CRAS Jo\u00e3o Oliveira Sobral, das 8 \u00e0s 16 horas, com documento com foto, comprovante de resid\u00eancia e relat\u00f3rio m\u00e9dico datado dos \u00faltimos seis meses.<\/p>\n\n\n\n<p><strong>CoronaVac<\/strong><\/p>\n\n\n\n<p>Nesta ter\u00e7a, Aracaju retoma administra\u00e7\u00e3o da segunda dose de CoronaVac que estava suspensa por conta do atraso no repasse de vacinas por parte do Minist\u00e9rio da Sa\u00fade.<br>Com o recebimento de pouco mais de duas mil doses, o munic\u00edpio ir\u00e1 imunizar pessoas que receberam a primeira dose de CoronaVac dias 01 e 02 de abril amanh\u00e3 no drive do parque da Sementeira, mediante apresenta\u00e7\u00e3o do mesmo c\u00f3digo utilizado na primeira dose, e nas Unidades B\u00e1sicas de Sa\u00fade Francisco Fonseca, Oswaldo de Souza, Am\u00e9lia Leite, Col\u00e9gio CCPA- quadra acesso pela rua Jos\u00e9 Humberto Pinto do Valle-Grageru e Esta\u00e7\u00e3o Cidadania \u2013 Esporte<\/p>\n","protected":false},"excerpt":{"rendered":"<p>A partir desta ter\u00e7a-feira, dia 4, a Prefeitura de Aracaju, por meio da Secretaria Municipal da Sa\u00fade, reorganiza o cronograma vacinal contra covid-19 para iniciar a administra\u00e7\u00e3o da segunda dose da Coronavac e da AstraZeneca para idosos e profissionais de sa\u00fade, distribui\u00e7\u00e3o das vacinas Pfizer exclusivamente para profissionais de sa\u00fade e vacina\u00e7\u00e3o de pessoas com [&hellip;]<\/p>\n","protected":false},"author":1,"featured_media":3321,"comment_status":"closed","ping_status":"closed","sticky":false,"template":"","format":"standard","meta":{"footnotes":""},"categories":[53,54],"tags":[],"class_list":["post-3338","post","type-post","status-publish","format-standard","has-post-thumbnail","hentry","category-destaques","category-saude"],"yoast_head":"<!-- This site is optimized with the Yoast SEO plugin v27.4 - https:\/\/yoast.com\/product\/yoast-seo-wordpress\/ -->\n<title>Aracaju inicia aplica\u00e7\u00e3o das segundas doses da Coronavac e da AstraZeneca, primeiras doses da Pfizer e vacina\u00e7\u00e3o de pessoas com comorbidades na ter\u00e7a-feira, 4 - O Coerente<\/title>\n<meta name=\"robots\" content=\"index, follow, max-snippet:-1, max-image-preview:large, max-video-preview:-1\" \/>\n<link rel=\"canonical\" href=\"https:\/\/ocoerente.com.br\/se\/2021\/05\/03\/aracaju-inicia-aplicacao-das-segundas-doses-da-coronavac-e-da-astrazeneca-primeiras-doses-da-pfizer-e-vacinacao-de-pessoas-com-comorbidades-na-terca-feira-4\/\" \/>\n<meta property=\"og:locale\" content=\"pt_BR\" \/>\n<meta property=\"og:type\" content=\"article\" \/>\n<meta property=\"og:title\" content=\"Aracaju inicia aplica\u00e7\u00e3o das segundas doses da Coronavac e da AstraZeneca, primeiras doses da Pfizer e vacina\u00e7\u00e3o de pessoas com comorbidades na ter\u00e7a-feira, 4 - O Coerente\" \/>\n<meta property=\"og:description\" content=\"A partir desta ter\u00e7a-feira, dia 4, a Prefeitura de Aracaju, por meio da Secretaria Municipal da Sa\u00fade, reorganiza o cronograma vacinal contra covid-19 para iniciar a administra\u00e7\u00e3o da segunda dose da Coronavac e da AstraZeneca para idosos e profissionais de sa\u00fade, distribui\u00e7\u00e3o das vacinas Pfizer exclusivamente para profissionais de sa\u00fade e vacina\u00e7\u00e3o de pessoas com [&hellip;]\" \/>\n<meta property=\"og:url\" content=\"https:\/\/ocoerente.com.br\/se\/2021\/05\/03\/aracaju-inicia-aplicacao-das-segundas-doses-da-coronavac-e-da-astrazeneca-primeiras-doses-da-pfizer-e-vacinacao-de-pessoas-com-comorbidades-na-terca-feira-4\/\" \/>\n<meta property=\"og:site_name\" content=\"O Coerente\" \/>\n<meta property=\"article:published_time\" content=\"2021-05-03T16:35:42+00:00\" \/>\n<meta property=\"article:modified_time\" content=\"2021-05-03T16:35:43+00:00\" \/>\n<meta property=\"og:image\" content=\"https:\/\/ocoerente.com.br\/se\/wp-content\/uploads\/2021\/04\/coronavacsegundadose.jpg\" \/>\n\t<meta property=\"og:image:width\" content=\"984\" \/>\n\t<meta property=\"og:image:height\" content=\"736\" \/>\n\t<meta property=\"og:image:type\" content=\"image\/jpeg\" \/>\n<meta name=\"author\" content=\"Reda\u00e7\u00e3o\" \/>\n<meta name=\"twitter:card\" content=\"summary_large_image\" \/>\n<meta name=\"twitter:label1\" content=\"Escrito por\" \/>\n\t<meta name=\"twitter:data1\" content=\"Reda\u00e7\u00e3o\" \/>\n\t<meta name=\"twitter:label2\" content=\"Est. tempo de leitura\" \/>\n\t<meta name=\"twitter:data2\" content=\"3 minutos\" \/>\n<script type=\"application\/ld+json\" class=\"yoast-schema-graph\">{\"@context\":\"https:\\\/\\\/schema.org\",\"@graph\":[{\"@type\":\"Article\",\"@id\":\"https:\\\/\\\/ocoerente.com.br\\\/se\\\/2021\\\/05\\\/03\\\/aracaju-inicia-aplicacao-das-segundas-doses-da-coronavac-e-da-astrazeneca-primeiras-doses-da-pfizer-e-vacinacao-de-pessoas-com-comorbidades-na-terca-feira-4\\\/#article\",\"isPartOf\":{\"@id\":\"https:\\\/\\\/ocoerente.com.br\\\/se\\\/2021\\\/05\\\/03\\\/aracaju-inicia-aplicacao-das-segundas-doses-da-coronavac-e-da-astrazeneca-primeiras-doses-da-pfizer-e-vacinacao-de-pessoas-com-comorbidades-na-terca-feira-4\\\/\"},\"author\":{\"name\":\"Reda\u00e7\u00e3o\",\"@id\":\"https:\\\/\\\/ocoerente.com.br\\\/se\\\/#\\\/schema\\\/person\\\/cc6bfd9fbca465e23543b0c963d8d037\"},\"headline\":\"Aracaju inicia aplica\u00e7\u00e3o das segundas doses da Coronavac e da AstraZeneca, primeiras doses da Pfizer e vacina\u00e7\u00e3o de pessoas com comorbidades na ter\u00e7a-feira, 4\",\"datePublished\":\"2021-05-03T16:35:42+00:00\",\"dateModified\":\"2021-05-03T16:35:43+00:00\",\"mainEntityOfPage\":{\"@id\":\"https:\\\/\\\/ocoerente.com.br\\\/se\\\/2021\\\/05\\\/03\\\/aracaju-inicia-aplicacao-das-segundas-doses-da-coronavac-e-da-astrazeneca-primeiras-doses-da-pfizer-e-vacinacao-de-pessoas-com-comorbidades-na-terca-feira-4\\\/\"},\"wordCount\":662,\"publisher\":{\"@id\":\"https:\\\/\\\/ocoerente.com.br\\\/se\\\/#\\\/schema\\\/person\\\/cc6bfd9fbca465e23543b0c963d8d037\"},\"image\":{\"@id\":\"https:\\\/\\\/ocoerente.com.br\\\/se\\\/2021\\\/05\\\/03\\\/aracaju-inicia-aplicacao-das-segundas-doses-da-coronavac-e-da-astrazeneca-primeiras-doses-da-pfizer-e-vacinacao-de-pessoas-com-comorbidades-na-terca-feira-4\\\/#primaryimage\"},\"thumbnailUrl\":\"https:\\\/\\\/ocoerente.com.br\\\/se\\\/wp-content\\\/uploads\\\/2021\\\/04\\\/coronavacsegundadose.jpg\",\"articleSection\":[\"Destaques\",\"Sa\u00fade\"],\"inLanguage\":\"pt-BR\"},{\"@type\":\"WebPage\",\"@id\":\"https:\\\/\\\/ocoerente.com.br\\\/se\\\/2021\\\/05\\\/03\\\/aracaju-inicia-aplicacao-das-segundas-doses-da-coronavac-e-da-astrazeneca-primeiras-doses-da-pfizer-e-vacinacao-de-pessoas-com-comorbidades-na-terca-feira-4\\\/\",\"url\":\"https:\\\/\\\/ocoerente.com.br\\\/se\\\/2021\\\/05\\\/03\\\/aracaju-inicia-aplicacao-das-segundas-doses-da-coronavac-e-da-astrazeneca-primeiras-doses-da-pfizer-e-vacinacao-de-pessoas-com-comorbidades-na-terca-feira-4\\\/\",\"name\":\"Aracaju inicia aplica\u00e7\u00e3o das segundas doses da Coronavac e da AstraZeneca, primeiras doses da Pfizer e vacina\u00e7\u00e3o de pessoas com comorbidades na ter\u00e7a-feira, 4 - O Coerente\",\"isPartOf\":{\"@id\":\"https:\\\/\\\/ocoerente.com.br\\\/se\\\/#website\"},\"primaryImageOfPage\":{\"@id\":\"https:\\\/\\\/ocoerente.com.br\\\/se\\\/2021\\\/05\\\/03\\\/aracaju-inicia-aplicacao-das-segundas-doses-da-coronavac-e-da-astrazeneca-primeiras-doses-da-pfizer-e-vacinacao-de-pessoas-com-comorbidades-na-terca-feira-4\\\/#primaryimage\"},\"image\":{\"@id\":\"https:\\\/\\\/ocoerente.com.br\\\/se\\\/2021\\\/05\\\/03\\\/aracaju-inicia-aplicacao-das-segundas-doses-da-coronavac-e-da-astrazeneca-primeiras-doses-da-pfizer-e-vacinacao-de-pessoas-com-comorbidades-na-terca-feira-4\\\/#primaryimage\"},\"thumbnailUrl\":\"https:\\\/\\\/ocoerente.com.br\\\/se\\\/wp-content\\\/uploads\\\/2021\\\/04\\\/coronavacsegundadose.jpg\",\"datePublished\":\"2021-05-03T16:35:42+00:00\",\"dateModified\":\"2021-05-03T16:35:43+00:00\",\"breadcrumb\":{\"@id\":\"https:\\\/\\\/ocoerente.com.br\\\/se\\\/2021\\\/05\\\/03\\\/aracaju-inicia-aplicacao-das-segundas-doses-da-coronavac-e-da-astrazeneca-primeiras-doses-da-pfizer-e-vacinacao-de-pessoas-com-comorbidades-na-terca-feira-4\\\/#breadcrumb\"},\"inLanguage\":\"pt-BR\",\"potentialAction\":[{\"@type\":\"ReadAction\",\"target\":[\"https:\\\/\\\/ocoerente.com.br\\\/se\\\/2021\\\/05\\\/03\\\/aracaju-inicia-aplicacao-das-segundas-doses-da-coronavac-e-da-astrazeneca-primeiras-doses-da-pfizer-e-vacinacao-de-pessoas-com-comorbidades-na-terca-feira-4\\\/\"]}]},{\"@type\":\"ImageObject\",\"inLanguage\":\"pt-BR\",\"@id\":\"https:\\\/\\\/ocoerente.com.br\\\/se\\\/2021\\\/05\\\/03\\\/aracaju-inicia-aplicacao-das-segundas-doses-da-coronavac-e-da-astrazeneca-primeiras-doses-da-pfizer-e-vacinacao-de-pessoas-com-comorbidades-na-terca-feira-4\\\/#primaryimage\",\"url\":\"https:\\\/\\\/ocoerente.com.br\\\/se\\\/wp-content\\\/uploads\\\/2021\\\/04\\\/coronavacsegundadose.jpg\",\"contentUrl\":\"https:\\\/\\\/ocoerente.com.br\\\/se\\\/wp-content\\\/uploads\\\/2021\\\/04\\\/coronavacsegundadose.jpg\",\"width\":984,\"height\":736},{\"@type\":\"BreadcrumbList\",\"@id\":\"https:\\\/\\\/ocoerente.com.br\\\/se\\\/2021\\\/05\\\/03\\\/aracaju-inicia-aplicacao-das-segundas-doses-da-coronavac-e-da-astrazeneca-primeiras-doses-da-pfizer-e-vacinacao-de-pessoas-com-comorbidades-na-terca-feira-4\\\/#breadcrumb\",\"itemListElement\":[{\"@type\":\"ListItem\",\"position\":1,\"name\":\"In\u00edcio\",\"item\":\"https:\\\/\\\/ocoerente.com.br\\\/se\\\/\"},{\"@type\":\"ListItem\",\"position\":2,\"name\":\"Aracaju inicia aplica\u00e7\u00e3o das segundas doses da Coronavac e da AstraZeneca, primeiras doses da Pfizer e vacina\u00e7\u00e3o de pessoas com comorbidades na ter\u00e7a-feira, 4\"}]},{\"@type\":\"WebSite\",\"@id\":\"https:\\\/\\\/ocoerente.com.br\\\/se\\\/#website\",\"url\":\"https:\\\/\\\/ocoerente.com.br\\\/se\\\/\",\"name\":\"O Coerente\",\"description\":\"\",\"publisher\":{\"@id\":\"https:\\\/\\\/ocoerente.com.br\\\/se\\\/#\\\/schema\\\/person\\\/cc6bfd9fbca465e23543b0c963d8d037\"},\"potentialAction\":[{\"@type\":\"SearchAction\",\"target\":{\"@type\":\"EntryPoint\",\"urlTemplate\":\"https:\\\/\\\/ocoerente.com.br\\\/se\\\/?s={search_term_string}\"},\"query-input\":{\"@type\":\"PropertyValueSpecification\",\"valueRequired\":true,\"valueName\":\"search_term_string\"}}],\"inLanguage\":\"pt-BR\"},{\"@type\":[\"Person\",\"Organization\"],\"@id\":\"https:\\\/\\\/ocoerente.com.br\\\/se\\\/#\\\/schema\\\/person\\\/cc6bfd9fbca465e23543b0c963d8d037\",\"name\":\"Reda\u00e7\u00e3o\",\"image\":{\"@type\":\"ImageObject\",\"inLanguage\":\"pt-BR\",\"@id\":\"https:\\\/\\\/ocoerente.com.br\\\/se\\\/wp-content\\\/uploads\\\/2020\\\/01\\\/ocoerente-1.png\",\"url\":\"https:\\\/\\\/ocoerente.com.br\\\/se\\\/wp-content\\\/uploads\\\/2020\\\/01\\\/ocoerente-1.png\",\"contentUrl\":\"https:\\\/\\\/ocoerente.com.br\\\/se\\\/wp-content\\\/uploads\\\/2020\\\/01\\\/ocoerente-1.png\",\"width\":50,\"height\":50,\"caption\":\"Reda\u00e7\u00e3o\"},\"logo\":{\"@id\":\"https:\\\/\\\/ocoerente.com.br\\\/se\\\/wp-content\\\/uploads\\\/2020\\\/01\\\/ocoerente-1.png\"},\"url\":\"https:\\\/\\\/ocoerente.com.br\\\/se\\\/author\\\/vasticlsales\\\/\"}]}<\/script>\n<!-- \/ Yoast SEO plugin. -->","yoast_head_json":{"title":"Aracaju inicia aplica\u00e7\u00e3o das segundas doses da Coronavac e da AstraZeneca, primeiras doses da Pfizer e vacina\u00e7\u00e3o de pessoas com comorbidades na ter\u00e7a-feira, 4 - O Coerente","robots":{"index":"index","follow":"follow","max-snippet":"max-snippet:-1","max-image-preview":"max-image-preview:large","max-video-preview":"max-video-preview:-1"},"canonical":"https:\/\/ocoerente.com.br\/se\/2021\/05\/03\/aracaju-inicia-aplicacao-das-segundas-doses-da-coronavac-e-da-astrazeneca-primeiras-doses-da-pfizer-e-vacinacao-de-pessoas-com-comorbidades-na-terca-feira-4\/","og_locale":"pt_BR","og_type":"article","og_title":"Aracaju inicia aplica\u00e7\u00e3o das segundas doses da Coronavac e da AstraZeneca, primeiras doses da Pfizer e vacina\u00e7\u00e3o de pessoas com comorbidades na ter\u00e7a-feira, 4 - O Coerente","og_description":"A partir desta ter\u00e7a-feira, dia 4, a Prefeitura de Aracaju, por meio da Secretaria Municipal da Sa\u00fade, reorganiza o cronograma vacinal contra covid-19 para iniciar a administra\u00e7\u00e3o da segunda dose da Coronavac e da AstraZeneca para idosos e profissionais de sa\u00fade, distribui\u00e7\u00e3o das vacinas Pfizer exclusivamente para profissionais de sa\u00fade e vacina\u00e7\u00e3o de pessoas com [&hellip;]","og_url":"https:\/\/ocoerente.com.br\/se\/2021\/05\/03\/aracaju-inicia-aplicacao-das-segundas-doses-da-coronavac-e-da-astrazeneca-primeiras-doses-da-pfizer-e-vacinacao-de-pessoas-com-comorbidades-na-terca-feira-4\/","og_site_name":"O Coerente","article_published_time":"2021-05-03T16:35:42+00:00","article_modified_time":"2021-05-03T16:35:43+00:00","og_image":[{"width":984,"height":736,"url":"https:\/\/ocoerente.com.br\/se\/wp-content\/uploads\/2021\/04\/coronavacsegundadose.jpg","type":"image\/jpeg"}],"author":"Reda\u00e7\u00e3o","twitter_card":"summary_large_image","twitter_misc":{"Escrito por":"Reda\u00e7\u00e3o","Est. tempo de leitura":"3 minutos"},"schema":{"@context":"https:\/\/schema.org","@graph":[{"@type":"Article","@id":"https:\/\/ocoerente.com.br\/se\/2021\/05\/03\/aracaju-inicia-aplicacao-das-segundas-doses-da-coronavac-e-da-astrazeneca-primeiras-doses-da-pfizer-e-vacinacao-de-pessoas-com-comorbidades-na-terca-feira-4\/#article","isPartOf":{"@id":"https:\/\/ocoerente.com.br\/se\/2021\/05\/03\/aracaju-inicia-aplicacao-das-segundas-doses-da-coronavac-e-da-astrazeneca-primeiras-doses-da-pfizer-e-vacinacao-de-pessoas-com-comorbidades-na-terca-feira-4\/"},"author":{"name":"Reda\u00e7\u00e3o","@id":"https:\/\/ocoerente.com.br\/se\/#\/schema\/person\/cc6bfd9fbca465e23543b0c963d8d037"},"headline":"Aracaju inicia aplica\u00e7\u00e3o das segundas doses da Coronavac e da AstraZeneca, primeiras doses da Pfizer e vacina\u00e7\u00e3o de pessoas com comorbidades na ter\u00e7a-feira, 4","datePublished":"2021-05-03T16:35:42+00:00","dateModified":"2021-05-03T16:35:43+00:00","mainEntityOfPage":{"@id":"https:\/\/ocoerente.com.br\/se\/2021\/05\/03\/aracaju-inicia-aplicacao-das-segundas-doses-da-coronavac-e-da-astrazeneca-primeiras-doses-da-pfizer-e-vacinacao-de-pessoas-com-comorbidades-na-terca-feira-4\/"},"wordCount":662,"publisher":{"@id":"https:\/\/ocoerente.com.br\/se\/#\/schema\/person\/cc6bfd9fbca465e23543b0c963d8d037"},"image":{"@id":"https:\/\/ocoerente.com.br\/se\/2021\/05\/03\/aracaju-inicia-aplicacao-das-segundas-doses-da-coronavac-e-da-astrazeneca-primeiras-doses-da-pfizer-e-vacinacao-de-pessoas-com-comorbidades-na-terca-feira-4\/#primaryimage"},"thumbnailUrl":"https:\/\/ocoerente.com.br\/se\/wp-content\/uploads\/2021\/04\/coronavacsegundadose.jpg","articleSection":["Destaques","Sa\u00fade"],"inLanguage":"pt-BR"},{"@type":"WebPage","@id":"https:\/\/ocoerente.com.br\/se\/2021\/05\/03\/aracaju-inicia-aplicacao-das-segundas-doses-da-coronavac-e-da-astrazeneca-primeiras-doses-da-pfizer-e-vacinacao-de-pessoas-com-comorbidades-na-terca-feira-4\/","url":"https:\/\/ocoerente.com.br\/se\/2021\/05\/03\/aracaju-inicia-aplicacao-das-segundas-doses-da-coronavac-e-da-astrazeneca-primeiras-doses-da-pfizer-e-vacinacao-de-pessoas-com-comorbidades-na-terca-feira-4\/","name":"Aracaju inicia aplica\u00e7\u00e3o das segundas doses da Coronavac e da AstraZeneca, primeiras doses da Pfizer e vacina\u00e7\u00e3o de pessoas com comorbidades na ter\u00e7a-feira, 4 - O Coerente","isPartOf":{"@id":"https:\/\/ocoerente.com.br\/se\/#website"},"primaryImageOfPage":{"@id":"https:\/\/ocoerente.com.br\/se\/2021\/05\/03\/aracaju-inicia-aplicacao-das-segundas-doses-da-coronavac-e-da-astrazeneca-primeiras-doses-da-pfizer-e-vacinacao-de-pessoas-com-comorbidades-na-terca-feira-4\/#primaryimage"},"image":{"@id":"https:\/\/ocoerente.com.br\/se\/2021\/05\/03\/aracaju-inicia-aplicacao-das-segundas-doses-da-coronavac-e-da-astrazeneca-primeiras-doses-da-pfizer-e-vacinacao-de-pessoas-com-comorbidades-na-terca-feira-4\/#primaryimage"},"thumbnailUrl":"https:\/\/ocoerente.com.br\/se\/wp-content\/uploads\/2021\/04\/coronavacsegundadose.jpg","datePublished":"2021-05-03T16:35:42+00:00","dateModified":"2021-05-03T16:35:43+00:00","breadcrumb":{"@id":"https:\/\/ocoerente.com.br\/se\/2021\/05\/03\/aracaju-inicia-aplicacao-das-segundas-doses-da-coronavac-e-da-astrazeneca-primeiras-doses-da-pfizer-e-vacinacao-de-pessoas-com-comorbidades-na-terca-feira-4\/#breadcrumb"},"inLanguage":"pt-BR","potentialAction":[{"@type":"ReadAction","target":["https:\/\/ocoerente.com.br\/se\/2021\/05\/03\/aracaju-inicia-aplicacao-das-segundas-doses-da-coronavac-e-da-astrazeneca-primeiras-doses-da-pfizer-e-vacinacao-de-pessoas-com-comorbidades-na-terca-feira-4\/"]}]},{"@type":"ImageObject","inLanguage":"pt-BR","@id":"https:\/\/ocoerente.com.br\/se\/2021\/05\/03\/aracaju-inicia-aplicacao-das-segundas-doses-da-coronavac-e-da-astrazeneca-primeiras-doses-da-pfizer-e-vacinacao-de-pessoas-com-comorbidades-na-terca-feira-4\/#primaryimage","url":"https:\/\/ocoerente.com.br\/se\/wp-content\/uploads\/2021\/04\/coronavacsegundadose.jpg","contentUrl":"https:\/\/ocoerente.com.br\/se\/wp-content\/uploads\/2021\/04\/coronavacsegundadose.jpg","width":984,"height":736},{"@type":"BreadcrumbList","@id":"https:\/\/ocoerente.com.br\/se\/2021\/05\/03\/aracaju-inicia-aplicacao-das-segundas-doses-da-coronavac-e-da-astrazeneca-primeiras-doses-da-pfizer-e-vacinacao-de-pessoas-com-comorbidades-na-terca-feira-4\/#breadcrumb","itemListElement":[{"@type":"ListItem","position":1,"name":"In\u00edcio","item":"https:\/\/ocoerente.com.br\/se\/"},{"@type":"ListItem","position":2,"name":"Aracaju inicia aplica\u00e7\u00e3o das segundas doses da Coronavac e da AstraZeneca, primeiras doses da Pfizer e vacina\u00e7\u00e3o de pessoas com comorbidades na ter\u00e7a-feira, 4"}]},{"@type":"WebSite","@id":"https:\/\/ocoerente.com.br\/se\/#website","url":"https:\/\/ocoerente.com.br\/se\/","name":"O Coerente","description":"","publisher":{"@id":"https:\/\/ocoerente.com.br\/se\/#\/schema\/person\/cc6bfd9fbca465e23543b0c963d8d037"},"potentialAction":[{"@type":"SearchAction","target":{"@type":"EntryPoint","urlTemplate":"https:\/\/ocoerente.com.br\/se\/?s={search_term_string}"},"query-input":{"@type":"PropertyValueSpecification","valueRequired":true,"valueName":"search_term_string"}}],"inLanguage":"pt-BR"},{"@type":["Person","Organization"],"@id":"https:\/\/ocoerente.com.br\/se\/#\/schema\/person\/cc6bfd9fbca465e23543b0c963d8d037","name":"Reda\u00e7\u00e3o","image":{"@type":"ImageObject","inLanguage":"pt-BR","@id":"https:\/\/ocoerente.com.br\/se\/wp-content\/uploads\/2020\/01\/ocoerente-1.png","url":"https:\/\/ocoerente.com.br\/se\/wp-content\/uploads\/2020\/01\/ocoerente-1.png","contentUrl":"https:\/\/ocoerente.com.br\/se\/wp-content\/uploads\/2020\/01\/ocoerente-1.png","width":50,"height":50,"caption":"Reda\u00e7\u00e3o"},"logo":{"@id":"https:\/\/ocoerente.com.br\/se\/wp-content\/uploads\/2020\/01\/ocoerente-1.png"},"url":"https:\/\/ocoerente.com.br\/se\/author\/vasticlsales\/"}]}},"_links":{"self":[{"href":"https:\/\/ocoerente.com.br\/se\/wp-json\/wp\/v2\/posts\/3338","targetHints":{"allow":["GET"]}}],"collection":[{"href":"https:\/\/ocoerente.com.br\/se\/wp-json\/wp\/v2\/posts"}],"about":[{"href":"https:\/\/ocoerente.com.br\/se\/wp-json\/wp\/v2\/types\/post"}],"author":[{"embeddable":true,"href":"https:\/\/ocoerente.com.br\/se\/wp-json\/wp\/v2\/users\/1"}],"replies":[{"embeddable":true,"href":"https:\/\/ocoerente.com.br\/se\/wp-json\/wp\/v2\/comments?post=3338"}],"version-history":[{"count":1,"href":"https:\/\/ocoerente.com.br\/se\/wp-json\/wp\/v2\/posts\/3338\/revisions"}],"predecessor-version":[{"id":3340,"href":"https:\/\/ocoerente.com.br\/se\/wp-json\/wp\/v2\/posts\/3338\/revisions\/3340"}],"wp:featuredmedia":[{"embeddable":true,"href":"https:\/\/ocoerente.com.br\/se\/wp-json\/wp\/v2\/media\/3321"}],"wp:attachment":[{"href":"https:\/\/ocoerente.com.br\/se\/wp-json\/wp\/v2\/media?parent=3338"}],"wp:term":[{"taxonomy":"category","embeddable":true,"href":"https:\/\/ocoerente.com.br\/se\/wp-json\/wp\/v2\/categories?post=3338"},{"taxonomy":"post_tag","embeddable":true,"href":"https:\/\/ocoerente.com.br\/se\/wp-json\/wp\/v2\/tags?post=3338"}],"curies":[{"name":"wp","href":"https:\/\/api.w.org\/{rel}","templated":true}]}}