{"id":3323,"date":"2021-04-29T03:03:27","date_gmt":"2021-04-29T06:03:27","guid":{"rendered":"https:\/\/ocoerente.com.br\/se\/?p=3323"},"modified":"2021-04-29T03:03:28","modified_gmt":"2021-04-29T06:03:28","slug":"novas-medidas-restritivas-do-governo-de-sergipe-validas-ate-o-dia-13-05-2021","status":"publish","type":"post","link":"https:\/\/ocoerente.com.br\/se\/2021\/04\/29\/novas-medidas-restritivas-do-governo-de-sergipe-validas-ate-o-dia-13-05-2021\/","title":{"rendered":"Novas medidas restritivas do governo de Sergipe &#8211; v\u00e1lidas at\u00e9 o dia 13\/05\/2021"},"content":{"rendered":"\n<p>Diante do cen\u00e1rio epidemiol\u00f3gico da Covid-19 em Sergipe, em que alcan\u00e7amos uma estabilidade controlada no n\u00famero de casos e \u00f3bitos, mas num patamar elevado e ainda de grande ocupa\u00e7\u00e3o de leitos p\u00fablicos e privados, o Comit\u00ea T\u00e9cnico Cient\u00edfico e de Atividades Especiais decidiu por prorrogar a maioria das medidas restritivas at\u00e9 o dia 13 de maio, com a suspens\u00e3o das atividades educacionais presenciais, cujo retorno estava previsto para o pr\u00f3ximo dia 3, e poder\u00e3o voltar, apenas parcialmente, a partir do dia 10.<\/p>\n\n\n\n<p>O toque de recolher segue em todo o estado diariamente, das 22h \u00e0s 5h do dia subsequente. As restri\u00e7\u00f5es maiores aos finais de semana continuam para atividades n\u00e3o essenciais e especiais. Mas a partir dos dias 8 e 9 de maio, os munic\u00edpios localizados fora da regi\u00e3o metropolitana de Aracaju &#8211; que contempla al\u00e9m da Capital, Barra dos Coqueiros, S\u00e3o Crist\u00f3v\u00e3o e Nossa Senhora do Socorro &#8211; podem flexibilizar as restri\u00e7\u00f5es de s\u00e1bados e domingos, caso achem pertinente, de acordo com a realidade de cada um. Esta diferencia\u00e7\u00e3o ocorre pela preval\u00eancia de casos da Covid-19 na regi\u00e3o metropolitana de Aracaju em rela\u00e7\u00e3o aos outros munic\u00edpios.<\/p>\n\n\n\n<p>As atividades escolares presenciais da rede p\u00fablica estadual, para alunos dos primeiros e segundos anos do Ensino Fundamental, estar\u00e3o autorizadas a retornar a partir do dia 10 de maio, assim como para a rede privada de ensino. Na rede p\u00fablica municipal, cada munic\u00edpio ter\u00e1 autonomia para o retorno das aulas tamb\u00e9m a partir desta data. Esta medida foi tomada pelo efeito pedag\u00f3gico e social que o retorno das atividades presenciais ter\u00e1 na vida dos jovens nesta faixa-et\u00e1ria, que est\u00e1 sendo uma das mais afetadas na sua forma\u00e7\u00e3o pela pandemia. Tanto na rede p\u00fablica quanto na particular, as escolas dever\u00e3o ofertar os dois tipos de ensino e os pais ter\u00e3o autonomia para decidir sobre o retorno presencial.<\/p>\n\n\n\n<p>No Ensino Superior, al\u00e9m das aulas pr\u00e1ticas j\u00e1 autorizadas, podem retornar apenas as atividades presenciais relacionadas ao \u00faltimo periodo de cada curso, tamb\u00e9m a partir de 10 de maio. Aulas presenciais em cursos livres, incluindo os preparat\u00f3rios para concursos, idiomas e afins permanecem suspensas.<\/p>\n\n\n\n<figure class=\"wp-block-gallery columns-3 is-cropped wp-block-gallery-1 is-layout-flex wp-block-gallery-is-layout-flex\"><ul class=\"blocks-gallery-grid\"><li class=\"blocks-gallery-item\"><figure><img loading=\"lazy\" decoding=\"async\" width=\"1024\" height=\"1024\" src=\"https:\/\/ocoerente.com.br\/se\/wp-content\/uploads\/2021\/04\/1a-1024x1024.jpg\" alt=\"\" data-id=\"3325\" data-full-url=\"https:\/\/ocoerente.com.br\/se\/wp-content\/uploads\/2021\/04\/1a.jpg\" data-link=\"https:\/\/ocoerente.com.br\/se\/?attachment_id=3325\" class=\"wp-image-3325\" srcset=\"https:\/\/ocoerente.com.br\/se\/wp-content\/uploads\/2021\/04\/1a-1024x1024.jpg 1024w, https:\/\/ocoerente.com.br\/se\/wp-content\/uploads\/2021\/04\/1a-300x300.jpg 300w, https:\/\/ocoerente.com.br\/se\/wp-content\/uploads\/2021\/04\/1a-150x150.jpg 150w, https:\/\/ocoerente.com.br\/se\/wp-content\/uploads\/2021\/04\/1a-768x768.jpg 768w, https:\/\/ocoerente.com.br\/se\/wp-content\/uploads\/2021\/04\/1a-75x75.jpg 75w, https:\/\/ocoerente.com.br\/se\/wp-content\/uploads\/2021\/04\/1a-750x750.jpg 750w, https:\/\/ocoerente.com.br\/se\/wp-content\/uploads\/2021\/04\/1a.jpg 1080w\" sizes=\"auto, (max-width: 1024px) 100vw, 1024px\" \/><\/figure><\/li><li class=\"blocks-gallery-item\"><figure><img loading=\"lazy\" decoding=\"async\" width=\"1024\" height=\"1024\" src=\"https:\/\/ocoerente.com.br\/se\/wp-content\/uploads\/2021\/04\/2-1024x1024.jpg\" alt=\"\" data-id=\"3326\" data-full-url=\"https:\/\/ocoerente.com.br\/se\/wp-content\/uploads\/2021\/04\/2.jpg\" data-link=\"https:\/\/ocoerente.com.br\/se\/?attachment_id=3326\" class=\"wp-image-3326\" srcset=\"https:\/\/ocoerente.com.br\/se\/wp-content\/uploads\/2021\/04\/2-1024x1024.jpg 1024w, https:\/\/ocoerente.com.br\/se\/wp-content\/uploads\/2021\/04\/2-300x300.jpg 300w, https:\/\/ocoerente.com.br\/se\/wp-content\/uploads\/2021\/04\/2-150x150.jpg 150w, https:\/\/ocoerente.com.br\/se\/wp-content\/uploads\/2021\/04\/2-768x768.jpg 768w, https:\/\/ocoerente.com.br\/se\/wp-content\/uploads\/2021\/04\/2-75x75.jpg 75w, https:\/\/ocoerente.com.br\/se\/wp-content\/uploads\/2021\/04\/2-750x750.jpg 750w, https:\/\/ocoerente.com.br\/se\/wp-content\/uploads\/2021\/04\/2.jpg 1080w\" sizes=\"auto, (max-width: 1024px) 100vw, 1024px\" \/><\/figure><\/li><li class=\"blocks-gallery-item\"><figure><img loading=\"lazy\" decoding=\"async\" width=\"1024\" height=\"1024\" src=\"https:\/\/ocoerente.com.br\/se\/wp-content\/uploads\/2021\/04\/3-1024x1024.jpg\" alt=\"\" data-id=\"3327\" data-full-url=\"https:\/\/ocoerente.com.br\/se\/wp-content\/uploads\/2021\/04\/3.jpg\" data-link=\"https:\/\/ocoerente.com.br\/se\/?attachment_id=3327\" class=\"wp-image-3327\" srcset=\"https:\/\/ocoerente.com.br\/se\/wp-content\/uploads\/2021\/04\/3-1024x1024.jpg 1024w, https:\/\/ocoerente.com.br\/se\/wp-content\/uploads\/2021\/04\/3-300x300.jpg 300w, https:\/\/ocoerente.com.br\/se\/wp-content\/uploads\/2021\/04\/3-150x150.jpg 150w, https:\/\/ocoerente.com.br\/se\/wp-content\/uploads\/2021\/04\/3-768x768.jpg 768w, https:\/\/ocoerente.com.br\/se\/wp-content\/uploads\/2021\/04\/3-75x75.jpg 75w, https:\/\/ocoerente.com.br\/se\/wp-content\/uploads\/2021\/04\/3-750x750.jpg 750w, https:\/\/ocoerente.com.br\/se\/wp-content\/uploads\/2021\/04\/3.jpg 1080w\" sizes=\"auto, (max-width: 1024px) 100vw, 1024px\" \/><\/figure><\/li><li class=\"blocks-gallery-item\"><figure><img loading=\"lazy\" decoding=\"async\" width=\"1080\" height=\"1080\" src=\"https:\/\/ocoerente.com.br\/se\/wp-content\/uploads\/2021\/04\/4-1024x1024.jpg\" alt=\"\" data-id=\"3328\" data-full-url=\"https:\/\/ocoerente.com.br\/se\/wp-content\/uploads\/2021\/04\/4.jpg\" data-link=\"https:\/\/ocoerente.com.br\/se\/?attachment_id=3328\" class=\"wp-image-3328\" srcset=\"https:\/\/ocoerente.com.br\/se\/wp-content\/uploads\/2021\/04\/4-1024x1024.jpg 1024w, https:\/\/ocoerente.com.br\/se\/wp-content\/uploads\/2021\/04\/4-300x300.jpg 300w, https:\/\/ocoerente.com.br\/se\/wp-content\/uploads\/2021\/04\/4-150x150.jpg 150w, https:\/\/ocoerente.com.br\/se\/wp-content\/uploads\/2021\/04\/4-768x768.jpg 768w, https:\/\/ocoerente.com.br\/se\/wp-content\/uploads\/2021\/04\/4-75x75.jpg 75w, https:\/\/ocoerente.com.br\/se\/wp-content\/uploads\/2021\/04\/4-750x750.jpg 750w, https:\/\/ocoerente.com.br\/se\/wp-content\/uploads\/2021\/04\/4.jpg 1080w\" sizes=\"auto, (max-width: 1080px) 100vw, 1080px\" \/><\/figure><\/li><li class=\"blocks-gallery-item\"><figure><img loading=\"lazy\" decoding=\"async\" width=\"1024\" height=\"1024\" src=\"https:\/\/ocoerente.com.br\/se\/wp-content\/uploads\/2021\/04\/5-1024x1024.jpg\" alt=\"\" data-id=\"3329\" data-full-url=\"https:\/\/ocoerente.com.br\/se\/wp-content\/uploads\/2021\/04\/5.jpg\" data-link=\"https:\/\/ocoerente.com.br\/se\/?attachment_id=3329\" class=\"wp-image-3329\" srcset=\"https:\/\/ocoerente.com.br\/se\/wp-content\/uploads\/2021\/04\/5-1024x1024.jpg 1024w, https:\/\/ocoerente.com.br\/se\/wp-content\/uploads\/2021\/04\/5-300x300.jpg 300w, https:\/\/ocoerente.com.br\/se\/wp-content\/uploads\/2021\/04\/5-150x150.jpg 150w, https:\/\/ocoerente.com.br\/se\/wp-content\/uploads\/2021\/04\/5-768x768.jpg 768w, https:\/\/ocoerente.com.br\/se\/wp-content\/uploads\/2021\/04\/5-75x75.jpg 75w, https:\/\/ocoerente.com.br\/se\/wp-content\/uploads\/2021\/04\/5-750x750.jpg 750w, https:\/\/ocoerente.com.br\/se\/wp-content\/uploads\/2021\/04\/5.jpg 1080w\" sizes=\"auto, (max-width: 1024px) 100vw, 1024px\" \/><\/figure><\/li><\/ul><\/figure>\n","protected":false},"excerpt":{"rendered":"<p>Diante do cen\u00e1rio epidemiol\u00f3gico da Covid-19 em Sergipe, em que alcan\u00e7amos uma estabilidade controlada no n\u00famero de casos e \u00f3bitos, mas num patamar elevado e ainda de grande ocupa\u00e7\u00e3o de leitos p\u00fablicos e privados, o Comit\u00ea T\u00e9cnico Cient\u00edfico e de Atividades Especiais decidiu por prorrogar a maioria das medidas restritivas at\u00e9 o dia 13 de [&hellip;]<\/p>\n","protected":false},"author":1,"featured_media":3324,"comment_status":"closed","ping_status":"closed","sticky":false,"template":"","format":"standard","meta":{"footnotes":""},"categories":[53,43],"tags":[],"class_list":["post-3323","post","type-post","status-publish","format-standard","has-post-thumbnail","hentry","category-destaques","category-sergipe"],"yoast_head":"<!-- This site is optimized with the Yoast SEO plugin v27.4 - https:\/\/yoast.com\/product\/yoast-seo-wordpress\/ -->\n<title>Novas medidas restritivas do governo de Sergipe - v\u00e1lidas at\u00e9 o dia 13\/05\/2021 - O Coerente<\/title>\n<meta name=\"robots\" content=\"index, follow, max-snippet:-1, max-image-preview:large, max-video-preview:-1\" \/>\n<link rel=\"canonical\" href=\"https:\/\/ocoerente.com.br\/se\/2021\/04\/29\/novas-medidas-restritivas-do-governo-de-sergipe-validas-ate-o-dia-13-05-2021\/\" \/>\n<meta property=\"og:locale\" content=\"pt_BR\" \/>\n<meta property=\"og:type\" content=\"article\" \/>\n<meta property=\"og:title\" content=\"Novas medidas restritivas do governo de Sergipe - v\u00e1lidas at\u00e9 o dia 13\/05\/2021 - O Coerente\" \/>\n<meta property=\"og:description\" content=\"Diante do cen\u00e1rio epidemiol\u00f3gico da Covid-19 em Sergipe, em que alcan\u00e7amos uma estabilidade controlada no n\u00famero de casos e \u00f3bitos, mas num patamar elevado e ainda de grande ocupa\u00e7\u00e3o de leitos p\u00fablicos e privados, o Comit\u00ea T\u00e9cnico Cient\u00edfico e de Atividades Especiais decidiu por prorrogar a maioria das medidas restritivas at\u00e9 o dia 13 de [&hellip;]\" \/>\n<meta property=\"og:url\" content=\"https:\/\/ocoerente.com.br\/se\/2021\/04\/29\/novas-medidas-restritivas-do-governo-de-sergipe-validas-ate-o-dia-13-05-2021\/\" \/>\n<meta property=\"og:site_name\" content=\"O Coerente\" \/>\n<meta property=\"article:published_time\" content=\"2021-04-29T06:03:27+00:00\" \/>\n<meta property=\"article:modified_time\" content=\"2021-04-29T06:03:28+00:00\" \/>\n<meta property=\"og:image\" content=\"https:\/\/ocoerente.com.br\/se\/wp-content\/uploads\/2021\/04\/1.jpg\" \/>\n\t<meta property=\"og:image:width\" content=\"1080\" \/>\n\t<meta property=\"og:image:height\" content=\"1080\" \/>\n\t<meta property=\"og:image:type\" content=\"image\/jpeg\" \/>\n<meta name=\"author\" content=\"Reda\u00e7\u00e3o\" \/>\n<meta name=\"twitter:card\" content=\"summary_large_image\" \/>\n<meta name=\"twitter:label1\" content=\"Escrito por\" \/>\n\t<meta name=\"twitter:data1\" content=\"Reda\u00e7\u00e3o\" \/>\n\t<meta name=\"twitter:label2\" content=\"Est. tempo de leitura\" \/>\n\t<meta name=\"twitter:data2\" content=\"3 minutos\" \/>\n<script type=\"application\/ld+json\" class=\"yoast-schema-graph\">{\"@context\":\"https:\\\/\\\/schema.org\",\"@graph\":[{\"@type\":\"Article\",\"@id\":\"https:\\\/\\\/ocoerente.com.br\\\/se\\\/2021\\\/04\\\/29\\\/novas-medidas-restritivas-do-governo-de-sergipe-validas-ate-o-dia-13-05-2021\\\/#article\",\"isPartOf\":{\"@id\":\"https:\\\/\\\/ocoerente.com.br\\\/se\\\/2021\\\/04\\\/29\\\/novas-medidas-restritivas-do-governo-de-sergipe-validas-ate-o-dia-13-05-2021\\\/\"},\"author\":{\"name\":\"Reda\u00e7\u00e3o\",\"@id\":\"https:\\\/\\\/ocoerente.com.br\\\/se\\\/#\\\/schema\\\/person\\\/cc6bfd9fbca465e23543b0c963d8d037\"},\"headline\":\"Novas medidas restritivas do governo de Sergipe &#8211; v\u00e1lidas at\u00e9 o dia 13\\\/05\\\/2021\",\"datePublished\":\"2021-04-29T06:03:27+00:00\",\"dateModified\":\"2021-04-29T06:03:28+00:00\",\"mainEntityOfPage\":{\"@id\":\"https:\\\/\\\/ocoerente.com.br\\\/se\\\/2021\\\/04\\\/29\\\/novas-medidas-restritivas-do-governo-de-sergipe-validas-ate-o-dia-13-05-2021\\\/\"},\"wordCount\":394,\"publisher\":{\"@id\":\"https:\\\/\\\/ocoerente.com.br\\\/se\\\/#\\\/schema\\\/person\\\/cc6bfd9fbca465e23543b0c963d8d037\"},\"image\":{\"@id\":\"https:\\\/\\\/ocoerente.com.br\\\/se\\\/2021\\\/04\\\/29\\\/novas-medidas-restritivas-do-governo-de-sergipe-validas-ate-o-dia-13-05-2021\\\/#primaryimage\"},\"thumbnailUrl\":\"https:\\\/\\\/ocoerente.com.br\\\/se\\\/wp-content\\\/uploads\\\/2021\\\/04\\\/1.jpg\",\"articleSection\":[\"Destaques\",\"Sergipe\"],\"inLanguage\":\"pt-BR\"},{\"@type\":\"WebPage\",\"@id\":\"https:\\\/\\\/ocoerente.com.br\\\/se\\\/2021\\\/04\\\/29\\\/novas-medidas-restritivas-do-governo-de-sergipe-validas-ate-o-dia-13-05-2021\\\/\",\"url\":\"https:\\\/\\\/ocoerente.com.br\\\/se\\\/2021\\\/04\\\/29\\\/novas-medidas-restritivas-do-governo-de-sergipe-validas-ate-o-dia-13-05-2021\\\/\",\"name\":\"Novas medidas restritivas do governo de Sergipe - v\u00e1lidas at\u00e9 o dia 13\\\/05\\\/2021 - O Coerente\",\"isPartOf\":{\"@id\":\"https:\\\/\\\/ocoerente.com.br\\\/se\\\/#website\"},\"primaryImageOfPage\":{\"@id\":\"https:\\\/\\\/ocoerente.com.br\\\/se\\\/2021\\\/04\\\/29\\\/novas-medidas-restritivas-do-governo-de-sergipe-validas-ate-o-dia-13-05-2021\\\/#primaryimage\"},\"image\":{\"@id\":\"https:\\\/\\\/ocoerente.com.br\\\/se\\\/2021\\\/04\\\/29\\\/novas-medidas-restritivas-do-governo-de-sergipe-validas-ate-o-dia-13-05-2021\\\/#primaryimage\"},\"thumbnailUrl\":\"https:\\\/\\\/ocoerente.com.br\\\/se\\\/wp-content\\\/uploads\\\/2021\\\/04\\\/1.jpg\",\"datePublished\":\"2021-04-29T06:03:27+00:00\",\"dateModified\":\"2021-04-29T06:03:28+00:00\",\"breadcrumb\":{\"@id\":\"https:\\\/\\\/ocoerente.com.br\\\/se\\\/2021\\\/04\\\/29\\\/novas-medidas-restritivas-do-governo-de-sergipe-validas-ate-o-dia-13-05-2021\\\/#breadcrumb\"},\"inLanguage\":\"pt-BR\",\"potentialAction\":[{\"@type\":\"ReadAction\",\"target\":[\"https:\\\/\\\/ocoerente.com.br\\\/se\\\/2021\\\/04\\\/29\\\/novas-medidas-restritivas-do-governo-de-sergipe-validas-ate-o-dia-13-05-2021\\\/\"]}]},{\"@type\":\"ImageObject\",\"inLanguage\":\"pt-BR\",\"@id\":\"https:\\\/\\\/ocoerente.com.br\\\/se\\\/2021\\\/04\\\/29\\\/novas-medidas-restritivas-do-governo-de-sergipe-validas-ate-o-dia-13-05-2021\\\/#primaryimage\",\"url\":\"https:\\\/\\\/ocoerente.com.br\\\/se\\\/wp-content\\\/uploads\\\/2021\\\/04\\\/1.jpg\",\"contentUrl\":\"https:\\\/\\\/ocoerente.com.br\\\/se\\\/wp-content\\\/uploads\\\/2021\\\/04\\\/1.jpg\",\"width\":1080,\"height\":1080},{\"@type\":\"BreadcrumbList\",\"@id\":\"https:\\\/\\\/ocoerente.com.br\\\/se\\\/2021\\\/04\\\/29\\\/novas-medidas-restritivas-do-governo-de-sergipe-validas-ate-o-dia-13-05-2021\\\/#breadcrumb\",\"itemListElement\":[{\"@type\":\"ListItem\",\"position\":1,\"name\":\"In\u00edcio\",\"item\":\"https:\\\/\\\/ocoerente.com.br\\\/se\\\/\"},{\"@type\":\"ListItem\",\"position\":2,\"name\":\"Novas medidas restritivas do governo de Sergipe &#8211; v\u00e1lidas at\u00e9 o dia 13\\\/05\\\/2021\"}]},{\"@type\":\"WebSite\",\"@id\":\"https:\\\/\\\/ocoerente.com.br\\\/se\\\/#website\",\"url\":\"https:\\\/\\\/ocoerente.com.br\\\/se\\\/\",\"name\":\"O Coerente\",\"description\":\"\",\"publisher\":{\"@id\":\"https:\\\/\\\/ocoerente.com.br\\\/se\\\/#\\\/schema\\\/person\\\/cc6bfd9fbca465e23543b0c963d8d037\"},\"potentialAction\":[{\"@type\":\"SearchAction\",\"target\":{\"@type\":\"EntryPoint\",\"urlTemplate\":\"https:\\\/\\\/ocoerente.com.br\\\/se\\\/?s={search_term_string}\"},\"query-input\":{\"@type\":\"PropertyValueSpecification\",\"valueRequired\":true,\"valueName\":\"search_term_string\"}}],\"inLanguage\":\"pt-BR\"},{\"@type\":[\"Person\",\"Organization\"],\"@id\":\"https:\\\/\\\/ocoerente.com.br\\\/se\\\/#\\\/schema\\\/person\\\/cc6bfd9fbca465e23543b0c963d8d037\",\"name\":\"Reda\u00e7\u00e3o\",\"image\":{\"@type\":\"ImageObject\",\"inLanguage\":\"pt-BR\",\"@id\":\"https:\\\/\\\/ocoerente.com.br\\\/se\\\/wp-content\\\/uploads\\\/2020\\\/01\\\/ocoerente-1.png\",\"url\":\"https:\\\/\\\/ocoerente.com.br\\\/se\\\/wp-content\\\/uploads\\\/2020\\\/01\\\/ocoerente-1.png\",\"contentUrl\":\"https:\\\/\\\/ocoerente.com.br\\\/se\\\/wp-content\\\/uploads\\\/2020\\\/01\\\/ocoerente-1.png\",\"width\":50,\"height\":50,\"caption\":\"Reda\u00e7\u00e3o\"},\"logo\":{\"@id\":\"https:\\\/\\\/ocoerente.com.br\\\/se\\\/wp-content\\\/uploads\\\/2020\\\/01\\\/ocoerente-1.png\"},\"url\":\"https:\\\/\\\/ocoerente.com.br\\\/se\\\/author\\\/vasticlsales\\\/\"}]}<\/script>\n<!-- \/ Yoast SEO plugin. -->","yoast_head_json":{"title":"Novas medidas restritivas do governo de Sergipe - v\u00e1lidas at\u00e9 o dia 13\/05\/2021 - O Coerente","robots":{"index":"index","follow":"follow","max-snippet":"max-snippet:-1","max-image-preview":"max-image-preview:large","max-video-preview":"max-video-preview:-1"},"canonical":"https:\/\/ocoerente.com.br\/se\/2021\/04\/29\/novas-medidas-restritivas-do-governo-de-sergipe-validas-ate-o-dia-13-05-2021\/","og_locale":"pt_BR","og_type":"article","og_title":"Novas medidas restritivas do governo de Sergipe - v\u00e1lidas at\u00e9 o dia 13\/05\/2021 - O Coerente","og_description":"Diante do cen\u00e1rio epidemiol\u00f3gico da Covid-19 em Sergipe, em que alcan\u00e7amos uma estabilidade controlada no n\u00famero de casos e \u00f3bitos, mas num patamar elevado e ainda de grande ocupa\u00e7\u00e3o de leitos p\u00fablicos e privados, o Comit\u00ea T\u00e9cnico Cient\u00edfico e de Atividades Especiais decidiu por prorrogar a maioria das medidas restritivas at\u00e9 o dia 13 de [&hellip;]","og_url":"https:\/\/ocoerente.com.br\/se\/2021\/04\/29\/novas-medidas-restritivas-do-governo-de-sergipe-validas-ate-o-dia-13-05-2021\/","og_site_name":"O Coerente","article_published_time":"2021-04-29T06:03:27+00:00","article_modified_time":"2021-04-29T06:03:28+00:00","og_image":[{"width":1080,"height":1080,"url":"https:\/\/ocoerente.com.br\/se\/wp-content\/uploads\/2021\/04\/1.jpg","type":"image\/jpeg"}],"author":"Reda\u00e7\u00e3o","twitter_card":"summary_large_image","twitter_misc":{"Escrito por":"Reda\u00e7\u00e3o","Est. tempo de leitura":"3 minutos"},"schema":{"@context":"https:\/\/schema.org","@graph":[{"@type":"Article","@id":"https:\/\/ocoerente.com.br\/se\/2021\/04\/29\/novas-medidas-restritivas-do-governo-de-sergipe-validas-ate-o-dia-13-05-2021\/#article","isPartOf":{"@id":"https:\/\/ocoerente.com.br\/se\/2021\/04\/29\/novas-medidas-restritivas-do-governo-de-sergipe-validas-ate-o-dia-13-05-2021\/"},"author":{"name":"Reda\u00e7\u00e3o","@id":"https:\/\/ocoerente.com.br\/se\/#\/schema\/person\/cc6bfd9fbca465e23543b0c963d8d037"},"headline":"Novas medidas restritivas do governo de Sergipe &#8211; v\u00e1lidas at\u00e9 o dia 13\/05\/2021","datePublished":"2021-04-29T06:03:27+00:00","dateModified":"2021-04-29T06:03:28+00:00","mainEntityOfPage":{"@id":"https:\/\/ocoerente.com.br\/se\/2021\/04\/29\/novas-medidas-restritivas-do-governo-de-sergipe-validas-ate-o-dia-13-05-2021\/"},"wordCount":394,"publisher":{"@id":"https:\/\/ocoerente.com.br\/se\/#\/schema\/person\/cc6bfd9fbca465e23543b0c963d8d037"},"image":{"@id":"https:\/\/ocoerente.com.br\/se\/2021\/04\/29\/novas-medidas-restritivas-do-governo-de-sergipe-validas-ate-o-dia-13-05-2021\/#primaryimage"},"thumbnailUrl":"https:\/\/ocoerente.com.br\/se\/wp-content\/uploads\/2021\/04\/1.jpg","articleSection":["Destaques","Sergipe"],"inLanguage":"pt-BR"},{"@type":"WebPage","@id":"https:\/\/ocoerente.com.br\/se\/2021\/04\/29\/novas-medidas-restritivas-do-governo-de-sergipe-validas-ate-o-dia-13-05-2021\/","url":"https:\/\/ocoerente.com.br\/se\/2021\/04\/29\/novas-medidas-restritivas-do-governo-de-sergipe-validas-ate-o-dia-13-05-2021\/","name":"Novas medidas restritivas do governo de Sergipe - v\u00e1lidas at\u00e9 o dia 13\/05\/2021 - O Coerente","isPartOf":{"@id":"https:\/\/ocoerente.com.br\/se\/#website"},"primaryImageOfPage":{"@id":"https:\/\/ocoerente.com.br\/se\/2021\/04\/29\/novas-medidas-restritivas-do-governo-de-sergipe-validas-ate-o-dia-13-05-2021\/#primaryimage"},"image":{"@id":"https:\/\/ocoerente.com.br\/se\/2021\/04\/29\/novas-medidas-restritivas-do-governo-de-sergipe-validas-ate-o-dia-13-05-2021\/#primaryimage"},"thumbnailUrl":"https:\/\/ocoerente.com.br\/se\/wp-content\/uploads\/2021\/04\/1.jpg","datePublished":"2021-04-29T06:03:27+00:00","dateModified":"2021-04-29T06:03:28+00:00","breadcrumb":{"@id":"https:\/\/ocoerente.com.br\/se\/2021\/04\/29\/novas-medidas-restritivas-do-governo-de-sergipe-validas-ate-o-dia-13-05-2021\/#breadcrumb"},"inLanguage":"pt-BR","potentialAction":[{"@type":"ReadAction","target":["https:\/\/ocoerente.com.br\/se\/2021\/04\/29\/novas-medidas-restritivas-do-governo-de-sergipe-validas-ate-o-dia-13-05-2021\/"]}]},{"@type":"ImageObject","inLanguage":"pt-BR","@id":"https:\/\/ocoerente.com.br\/se\/2021\/04\/29\/novas-medidas-restritivas-do-governo-de-sergipe-validas-ate-o-dia-13-05-2021\/#primaryimage","url":"https:\/\/ocoerente.com.br\/se\/wp-content\/uploads\/2021\/04\/1.jpg","contentUrl":"https:\/\/ocoerente.com.br\/se\/wp-content\/uploads\/2021\/04\/1.jpg","width":1080,"height":1080},{"@type":"BreadcrumbList","@id":"https:\/\/ocoerente.com.br\/se\/2021\/04\/29\/novas-medidas-restritivas-do-governo-de-sergipe-validas-ate-o-dia-13-05-2021\/#breadcrumb","itemListElement":[{"@type":"ListItem","position":1,"name":"In\u00edcio","item":"https:\/\/ocoerente.com.br\/se\/"},{"@type":"ListItem","position":2,"name":"Novas medidas restritivas do governo de Sergipe &#8211; v\u00e1lidas at\u00e9 o dia 13\/05\/2021"}]},{"@type":"WebSite","@id":"https:\/\/ocoerente.com.br\/se\/#website","url":"https:\/\/ocoerente.com.br\/se\/","name":"O Coerente","description":"","publisher":{"@id":"https:\/\/ocoerente.com.br\/se\/#\/schema\/person\/cc6bfd9fbca465e23543b0c963d8d037"},"potentialAction":[{"@type":"SearchAction","target":{"@type":"EntryPoint","urlTemplate":"https:\/\/ocoerente.com.br\/se\/?s={search_term_string}"},"query-input":{"@type":"PropertyValueSpecification","valueRequired":true,"valueName":"search_term_string"}}],"inLanguage":"pt-BR"},{"@type":["Person","Organization"],"@id":"https:\/\/ocoerente.com.br\/se\/#\/schema\/person\/cc6bfd9fbca465e23543b0c963d8d037","name":"Reda\u00e7\u00e3o","image":{"@type":"ImageObject","inLanguage":"pt-BR","@id":"https:\/\/ocoerente.com.br\/se\/wp-content\/uploads\/2020\/01\/ocoerente-1.png","url":"https:\/\/ocoerente.com.br\/se\/wp-content\/uploads\/2020\/01\/ocoerente-1.png","contentUrl":"https:\/\/ocoerente.com.br\/se\/wp-content\/uploads\/2020\/01\/ocoerente-1.png","width":50,"height":50,"caption":"Reda\u00e7\u00e3o"},"logo":{"@id":"https:\/\/ocoerente.com.br\/se\/wp-content\/uploads\/2020\/01\/ocoerente-1.png"},"url":"https:\/\/ocoerente.com.br\/se\/author\/vasticlsales\/"}]}},"_links":{"self":[{"href":"https:\/\/ocoerente.com.br\/se\/wp-json\/wp\/v2\/posts\/3323","targetHints":{"allow":["GET"]}}],"collection":[{"href":"https:\/\/ocoerente.com.br\/se\/wp-json\/wp\/v2\/posts"}],"about":[{"href":"https:\/\/ocoerente.com.br\/se\/wp-json\/wp\/v2\/types\/post"}],"author":[{"embeddable":true,"href":"https:\/\/ocoerente.com.br\/se\/wp-json\/wp\/v2\/users\/1"}],"replies":[{"embeddable":true,"href":"https:\/\/ocoerente.com.br\/se\/wp-json\/wp\/v2\/comments?post=3323"}],"version-history":[{"count":1,"href":"https:\/\/ocoerente.com.br\/se\/wp-json\/wp\/v2\/posts\/3323\/revisions"}],"predecessor-version":[{"id":3330,"href":"https:\/\/ocoerente.com.br\/se\/wp-json\/wp\/v2\/posts\/3323\/revisions\/3330"}],"wp:featuredmedia":[{"embeddable":true,"href":"https:\/\/ocoerente.com.br\/se\/wp-json\/wp\/v2\/media\/3324"}],"wp:attachment":[{"href":"https:\/\/ocoerente.com.br\/se\/wp-json\/wp\/v2\/media?parent=3323"}],"wp:term":[{"taxonomy":"category","embeddable":true,"href":"https:\/\/ocoerente.com.br\/se\/wp-json\/wp\/v2\/categories?post=3323"},{"taxonomy":"post_tag","embeddable":true,"href":"https:\/\/ocoerente.com.br\/se\/wp-json\/wp\/v2\/tags?post=3323"}],"curies":[{"name":"wp","href":"https:\/\/api.w.org\/{rel}","templated":true}]}}