{"id":3317,"date":"2021-04-28T14:18:42","date_gmt":"2021-04-28T17:18:42","guid":{"rendered":"https:\/\/ocoerente.com.br\/se\/?p=3317"},"modified":"2021-04-28T14:18:47","modified_gmt":"2021-04-28T17:18:47","slug":"apesar-da-cautela-dia-das-maes-deve-movimentar-economia-em-maio-diz-fcdl","status":"publish","type":"post","link":"https:\/\/ocoerente.com.br\/se\/2021\/04\/28\/apesar-da-cautela-dia-das-maes-deve-movimentar-economia-em-maio-diz-fcdl\/","title":{"rendered":"Apesar da cautela, Dia das M\u00e3es deve movimentar economia em maio, diz FCDL"},"content":{"rendered":"\n<p>Para a Federa\u00e7\u00e3o das C\u00e2maras de Dirigentes Lojistas de Sergipe (FCDL), a segunda melhor data em compras para o com\u00e9rcio, o Dia das M\u00e3es, a ser comemorado no segundo domingo de maio, 09, deve impulsionar as vendas no primeiro quadrimestre do ano e movimentar a economia em Sergipe.<\/p>\n\n\n\n<p>Segundo o presidente da entidade em Sergipe, Edivaldo Cunha, a pandemia vai ainda continuar atrapalhando os planos dos lojistas para uma maior movimenta\u00e7\u00e3o, em raz\u00e3o das dificuldades das pessoas face ao desemprego, incertezas e instabilidade.<\/p>\n\n\n\n<p>\u201cEstamos vendo uma clientela cautelosa em rela\u00e7\u00e3o ao atual momento, por\u00e9m o Dia das M\u00e3es \u00e9 uma data muito sentimental, que tem apelo emocional e de sensibilidade dos filhos, netos e familiares. Por isso, com base nos dados nacionais, creio que teremos uma movimenta\u00e7\u00e3o de aquecimento da economia\u201d, opina o presidente da FCDL.<\/p>\n\n\n\n<p>De acordo com dados da CNDL, o Dia das M\u00e3es deve movimentar nacionalmente cerca de R$ 24,3 bilh\u00f5es na economia, o que motivar\u00e1 a ida de 123 milh\u00f5es de brasileiros \u00e0s compras nos pr\u00f3ximos 15 dias por conta da data.<\/p>\n\n\n\n<p>A entidade nacional lojista prev\u00ea ainda que 77% dos brasileiros pretendem ir \u00e0s compras, no entanto apesar de a m\u00e9dia de valor do presente ser de R$ 197, a FCDL\/Sergipe cr\u00ea que o valor pode ficar abaixo da m\u00e9dia em raz\u00e3o do atual momento da economia, a pandemia e incertezas no futuro.<\/p>\n\n\n\n<p>\u201cRoupas, cal\u00e7ados, acess\u00f3rios, artigos de inform\u00e1tica, celulares podem puxar as vendas no Dia das M\u00e3es no com\u00e9rcio sergipano e pode girar algo em torno 24 milh\u00f5es de reais por conta dessa data t\u00e3o marcante na vida de todos n\u00f3s\u201d, aponta Edivaldo Cunha.<\/p>\n","protected":false},"excerpt":{"rendered":"<p>Para a Federa\u00e7\u00e3o das C\u00e2maras de Dirigentes Lojistas de Sergipe (FCDL), a segunda melhor data em compras para o com\u00e9rcio, o Dia das M\u00e3es, a ser comemorado no segundo domingo de maio, 09, deve impulsionar as vendas no primeiro quadrimestre do ano e movimentar a economia em Sergipe. Segundo o presidente da entidade em Sergipe, [&hellip;]<\/p>\n","protected":false},"author":1,"featured_media":3318,"comment_status":"closed","ping_status":"closed","sticky":false,"template":"","format":"standard","meta":{"footnotes":""},"categories":[53,55],"tags":[],"class_list":["post-3317","post","type-post","status-publish","format-standard","has-post-thumbnail","hentry","category-destaques","category-economia"],"yoast_head":"<!-- This site is optimized with the Yoast SEO plugin v27.4 - https:\/\/yoast.com\/product\/yoast-seo-wordpress\/ -->\n<title>Apesar da cautela, Dia das M\u00e3es deve movimentar economia em maio, diz FCDL - O Coerente<\/title>\n<meta name=\"robots\" content=\"index, follow, max-snippet:-1, max-image-preview:large, max-video-preview:-1\" \/>\n<link rel=\"canonical\" href=\"https:\/\/ocoerente.com.br\/se\/2021\/04\/28\/apesar-da-cautela-dia-das-maes-deve-movimentar-economia-em-maio-diz-fcdl\/\" \/>\n<meta property=\"og:locale\" content=\"pt_BR\" \/>\n<meta property=\"og:type\" content=\"article\" \/>\n<meta property=\"og:title\" content=\"Apesar da cautela, Dia das M\u00e3es deve movimentar economia em maio, diz FCDL - O Coerente\" \/>\n<meta property=\"og:description\" content=\"Para a Federa\u00e7\u00e3o das C\u00e2maras de Dirigentes Lojistas de Sergipe (FCDL), a segunda melhor data em compras para o com\u00e9rcio, o Dia das M\u00e3es, a ser comemorado no segundo domingo de maio, 09, deve impulsionar as vendas no primeiro quadrimestre do ano e movimentar a economia em Sergipe. Segundo o presidente da entidade em Sergipe, [&hellip;]\" \/>\n<meta property=\"og:url\" content=\"https:\/\/ocoerente.com.br\/se\/2021\/04\/28\/apesar-da-cautela-dia-das-maes-deve-movimentar-economia-em-maio-diz-fcdl\/\" \/>\n<meta property=\"og:site_name\" content=\"O Coerente\" \/>\n<meta property=\"article:published_time\" content=\"2021-04-28T17:18:42+00:00\" \/>\n<meta property=\"article:modified_time\" content=\"2021-04-28T17:18:47+00:00\" \/>\n<meta property=\"og:image\" content=\"https:\/\/ocoerente.com.br\/se\/wp-content\/uploads\/2021\/04\/diamaes.jpg\" \/>\n\t<meta property=\"og:image:width\" content=\"512\" \/>\n\t<meta property=\"og:image:height\" content=\"358\" \/>\n\t<meta property=\"og:image:type\" content=\"image\/jpeg\" \/>\n<meta name=\"author\" content=\"Reda\u00e7\u00e3o\" \/>\n<meta name=\"twitter:card\" content=\"summary_large_image\" \/>\n<meta name=\"twitter:label1\" content=\"Escrito por\" \/>\n\t<meta name=\"twitter:data1\" content=\"Reda\u00e7\u00e3o\" \/>\n\t<meta name=\"twitter:label2\" content=\"Est. tempo de leitura\" \/>\n\t<meta name=\"twitter:data2\" content=\"2 minutos\" \/>\n<script type=\"application\/ld+json\" class=\"yoast-schema-graph\">{\"@context\":\"https:\\\/\\\/schema.org\",\"@graph\":[{\"@type\":\"Article\",\"@id\":\"https:\\\/\\\/ocoerente.com.br\\\/se\\\/2021\\\/04\\\/28\\\/apesar-da-cautela-dia-das-maes-deve-movimentar-economia-em-maio-diz-fcdl\\\/#article\",\"isPartOf\":{\"@id\":\"https:\\\/\\\/ocoerente.com.br\\\/se\\\/2021\\\/04\\\/28\\\/apesar-da-cautela-dia-das-maes-deve-movimentar-economia-em-maio-diz-fcdl\\\/\"},\"author\":{\"name\":\"Reda\u00e7\u00e3o\",\"@id\":\"https:\\\/\\\/ocoerente.com.br\\\/se\\\/#\\\/schema\\\/person\\\/cc6bfd9fbca465e23543b0c963d8d037\"},\"headline\":\"Apesar da cautela, Dia das M\u00e3es deve movimentar economia em maio, diz FCDL\",\"datePublished\":\"2021-04-28T17:18:42+00:00\",\"dateModified\":\"2021-04-28T17:18:47+00:00\",\"mainEntityOfPage\":{\"@id\":\"https:\\\/\\\/ocoerente.com.br\\\/se\\\/2021\\\/04\\\/28\\\/apesar-da-cautela-dia-das-maes-deve-movimentar-economia-em-maio-diz-fcdl\\\/\"},\"wordCount\":302,\"publisher\":{\"@id\":\"https:\\\/\\\/ocoerente.com.br\\\/se\\\/#\\\/schema\\\/person\\\/cc6bfd9fbca465e23543b0c963d8d037\"},\"image\":{\"@id\":\"https:\\\/\\\/ocoerente.com.br\\\/se\\\/2021\\\/04\\\/28\\\/apesar-da-cautela-dia-das-maes-deve-movimentar-economia-em-maio-diz-fcdl\\\/#primaryimage\"},\"thumbnailUrl\":\"https:\\\/\\\/ocoerente.com.br\\\/se\\\/wp-content\\\/uploads\\\/2021\\\/04\\\/diamaes.jpg\",\"articleSection\":[\"Destaques\",\"Economia\"],\"inLanguage\":\"pt-BR\"},{\"@type\":\"WebPage\",\"@id\":\"https:\\\/\\\/ocoerente.com.br\\\/se\\\/2021\\\/04\\\/28\\\/apesar-da-cautela-dia-das-maes-deve-movimentar-economia-em-maio-diz-fcdl\\\/\",\"url\":\"https:\\\/\\\/ocoerente.com.br\\\/se\\\/2021\\\/04\\\/28\\\/apesar-da-cautela-dia-das-maes-deve-movimentar-economia-em-maio-diz-fcdl\\\/\",\"name\":\"Apesar da cautela, Dia das M\u00e3es deve movimentar economia em maio, diz FCDL - O Coerente\",\"isPartOf\":{\"@id\":\"https:\\\/\\\/ocoerente.com.br\\\/se\\\/#website\"},\"primaryImageOfPage\":{\"@id\":\"https:\\\/\\\/ocoerente.com.br\\\/se\\\/2021\\\/04\\\/28\\\/apesar-da-cautela-dia-das-maes-deve-movimentar-economia-em-maio-diz-fcdl\\\/#primaryimage\"},\"image\":{\"@id\":\"https:\\\/\\\/ocoerente.com.br\\\/se\\\/2021\\\/04\\\/28\\\/apesar-da-cautela-dia-das-maes-deve-movimentar-economia-em-maio-diz-fcdl\\\/#primaryimage\"},\"thumbnailUrl\":\"https:\\\/\\\/ocoerente.com.br\\\/se\\\/wp-content\\\/uploads\\\/2021\\\/04\\\/diamaes.jpg\",\"datePublished\":\"2021-04-28T17:18:42+00:00\",\"dateModified\":\"2021-04-28T17:18:47+00:00\",\"breadcrumb\":{\"@id\":\"https:\\\/\\\/ocoerente.com.br\\\/se\\\/2021\\\/04\\\/28\\\/apesar-da-cautela-dia-das-maes-deve-movimentar-economia-em-maio-diz-fcdl\\\/#breadcrumb\"},\"inLanguage\":\"pt-BR\",\"potentialAction\":[{\"@type\":\"ReadAction\",\"target\":[\"https:\\\/\\\/ocoerente.com.br\\\/se\\\/2021\\\/04\\\/28\\\/apesar-da-cautela-dia-das-maes-deve-movimentar-economia-em-maio-diz-fcdl\\\/\"]}]},{\"@type\":\"ImageObject\",\"inLanguage\":\"pt-BR\",\"@id\":\"https:\\\/\\\/ocoerente.com.br\\\/se\\\/2021\\\/04\\\/28\\\/apesar-da-cautela-dia-das-maes-deve-movimentar-economia-em-maio-diz-fcdl\\\/#primaryimage\",\"url\":\"https:\\\/\\\/ocoerente.com.br\\\/se\\\/wp-content\\\/uploads\\\/2021\\\/04\\\/diamaes.jpg\",\"contentUrl\":\"https:\\\/\\\/ocoerente.com.br\\\/se\\\/wp-content\\\/uploads\\\/2021\\\/04\\\/diamaes.jpg\",\"width\":512,\"height\":358},{\"@type\":\"BreadcrumbList\",\"@id\":\"https:\\\/\\\/ocoerente.com.br\\\/se\\\/2021\\\/04\\\/28\\\/apesar-da-cautela-dia-das-maes-deve-movimentar-economia-em-maio-diz-fcdl\\\/#breadcrumb\",\"itemListElement\":[{\"@type\":\"ListItem\",\"position\":1,\"name\":\"In\u00edcio\",\"item\":\"https:\\\/\\\/ocoerente.com.br\\\/se\\\/\"},{\"@type\":\"ListItem\",\"position\":2,\"name\":\"Apesar da cautela, Dia das M\u00e3es deve movimentar economia em maio, diz FCDL\"}]},{\"@type\":\"WebSite\",\"@id\":\"https:\\\/\\\/ocoerente.com.br\\\/se\\\/#website\",\"url\":\"https:\\\/\\\/ocoerente.com.br\\\/se\\\/\",\"name\":\"O Coerente\",\"description\":\"\",\"publisher\":{\"@id\":\"https:\\\/\\\/ocoerente.com.br\\\/se\\\/#\\\/schema\\\/person\\\/cc6bfd9fbca465e23543b0c963d8d037\"},\"potentialAction\":[{\"@type\":\"SearchAction\",\"target\":{\"@type\":\"EntryPoint\",\"urlTemplate\":\"https:\\\/\\\/ocoerente.com.br\\\/se\\\/?s={search_term_string}\"},\"query-input\":{\"@type\":\"PropertyValueSpecification\",\"valueRequired\":true,\"valueName\":\"search_term_string\"}}],\"inLanguage\":\"pt-BR\"},{\"@type\":[\"Person\",\"Organization\"],\"@id\":\"https:\\\/\\\/ocoerente.com.br\\\/se\\\/#\\\/schema\\\/person\\\/cc6bfd9fbca465e23543b0c963d8d037\",\"name\":\"Reda\u00e7\u00e3o\",\"image\":{\"@type\":\"ImageObject\",\"inLanguage\":\"pt-BR\",\"@id\":\"https:\\\/\\\/ocoerente.com.br\\\/se\\\/wp-content\\\/uploads\\\/2020\\\/01\\\/ocoerente-1.png\",\"url\":\"https:\\\/\\\/ocoerente.com.br\\\/se\\\/wp-content\\\/uploads\\\/2020\\\/01\\\/ocoerente-1.png\",\"contentUrl\":\"https:\\\/\\\/ocoerente.com.br\\\/se\\\/wp-content\\\/uploads\\\/2020\\\/01\\\/ocoerente-1.png\",\"width\":50,\"height\":50,\"caption\":\"Reda\u00e7\u00e3o\"},\"logo\":{\"@id\":\"https:\\\/\\\/ocoerente.com.br\\\/se\\\/wp-content\\\/uploads\\\/2020\\\/01\\\/ocoerente-1.png\"},\"url\":\"https:\\\/\\\/ocoerente.com.br\\\/se\\\/author\\\/vasticlsales\\\/\"}]}<\/script>\n<!-- \/ Yoast SEO plugin. -->","yoast_head_json":{"title":"Apesar da cautela, Dia das M\u00e3es deve movimentar economia em maio, diz FCDL - O Coerente","robots":{"index":"index","follow":"follow","max-snippet":"max-snippet:-1","max-image-preview":"max-image-preview:large","max-video-preview":"max-video-preview:-1"},"canonical":"https:\/\/ocoerente.com.br\/se\/2021\/04\/28\/apesar-da-cautela-dia-das-maes-deve-movimentar-economia-em-maio-diz-fcdl\/","og_locale":"pt_BR","og_type":"article","og_title":"Apesar da cautela, Dia das M\u00e3es deve movimentar economia em maio, diz FCDL - O Coerente","og_description":"Para a Federa\u00e7\u00e3o das C\u00e2maras de Dirigentes Lojistas de Sergipe (FCDL), a segunda melhor data em compras para o com\u00e9rcio, o Dia das M\u00e3es, a ser comemorado no segundo domingo de maio, 09, deve impulsionar as vendas no primeiro quadrimestre do ano e movimentar a economia em Sergipe. Segundo o presidente da entidade em Sergipe, [&hellip;]","og_url":"https:\/\/ocoerente.com.br\/se\/2021\/04\/28\/apesar-da-cautela-dia-das-maes-deve-movimentar-economia-em-maio-diz-fcdl\/","og_site_name":"O Coerente","article_published_time":"2021-04-28T17:18:42+00:00","article_modified_time":"2021-04-28T17:18:47+00:00","og_image":[{"width":512,"height":358,"url":"https:\/\/ocoerente.com.br\/se\/wp-content\/uploads\/2021\/04\/diamaes.jpg","type":"image\/jpeg"}],"author":"Reda\u00e7\u00e3o","twitter_card":"summary_large_image","twitter_misc":{"Escrito por":"Reda\u00e7\u00e3o","Est. tempo de leitura":"2 minutos"},"schema":{"@context":"https:\/\/schema.org","@graph":[{"@type":"Article","@id":"https:\/\/ocoerente.com.br\/se\/2021\/04\/28\/apesar-da-cautela-dia-das-maes-deve-movimentar-economia-em-maio-diz-fcdl\/#article","isPartOf":{"@id":"https:\/\/ocoerente.com.br\/se\/2021\/04\/28\/apesar-da-cautela-dia-das-maes-deve-movimentar-economia-em-maio-diz-fcdl\/"},"author":{"name":"Reda\u00e7\u00e3o","@id":"https:\/\/ocoerente.com.br\/se\/#\/schema\/person\/cc6bfd9fbca465e23543b0c963d8d037"},"headline":"Apesar da cautela, Dia das M\u00e3es deve movimentar economia em maio, diz FCDL","datePublished":"2021-04-28T17:18:42+00:00","dateModified":"2021-04-28T17:18:47+00:00","mainEntityOfPage":{"@id":"https:\/\/ocoerente.com.br\/se\/2021\/04\/28\/apesar-da-cautela-dia-das-maes-deve-movimentar-economia-em-maio-diz-fcdl\/"},"wordCount":302,"publisher":{"@id":"https:\/\/ocoerente.com.br\/se\/#\/schema\/person\/cc6bfd9fbca465e23543b0c963d8d037"},"image":{"@id":"https:\/\/ocoerente.com.br\/se\/2021\/04\/28\/apesar-da-cautela-dia-das-maes-deve-movimentar-economia-em-maio-diz-fcdl\/#primaryimage"},"thumbnailUrl":"https:\/\/ocoerente.com.br\/se\/wp-content\/uploads\/2021\/04\/diamaes.jpg","articleSection":["Destaques","Economia"],"inLanguage":"pt-BR"},{"@type":"WebPage","@id":"https:\/\/ocoerente.com.br\/se\/2021\/04\/28\/apesar-da-cautela-dia-das-maes-deve-movimentar-economia-em-maio-diz-fcdl\/","url":"https:\/\/ocoerente.com.br\/se\/2021\/04\/28\/apesar-da-cautela-dia-das-maes-deve-movimentar-economia-em-maio-diz-fcdl\/","name":"Apesar da cautela, Dia das M\u00e3es deve movimentar economia em maio, diz FCDL - O Coerente","isPartOf":{"@id":"https:\/\/ocoerente.com.br\/se\/#website"},"primaryImageOfPage":{"@id":"https:\/\/ocoerente.com.br\/se\/2021\/04\/28\/apesar-da-cautela-dia-das-maes-deve-movimentar-economia-em-maio-diz-fcdl\/#primaryimage"},"image":{"@id":"https:\/\/ocoerente.com.br\/se\/2021\/04\/28\/apesar-da-cautela-dia-das-maes-deve-movimentar-economia-em-maio-diz-fcdl\/#primaryimage"},"thumbnailUrl":"https:\/\/ocoerente.com.br\/se\/wp-content\/uploads\/2021\/04\/diamaes.jpg","datePublished":"2021-04-28T17:18:42+00:00","dateModified":"2021-04-28T17:18:47+00:00","breadcrumb":{"@id":"https:\/\/ocoerente.com.br\/se\/2021\/04\/28\/apesar-da-cautela-dia-das-maes-deve-movimentar-economia-em-maio-diz-fcdl\/#breadcrumb"},"inLanguage":"pt-BR","potentialAction":[{"@type":"ReadAction","target":["https:\/\/ocoerente.com.br\/se\/2021\/04\/28\/apesar-da-cautela-dia-das-maes-deve-movimentar-economia-em-maio-diz-fcdl\/"]}]},{"@type":"ImageObject","inLanguage":"pt-BR","@id":"https:\/\/ocoerente.com.br\/se\/2021\/04\/28\/apesar-da-cautela-dia-das-maes-deve-movimentar-economia-em-maio-diz-fcdl\/#primaryimage","url":"https:\/\/ocoerente.com.br\/se\/wp-content\/uploads\/2021\/04\/diamaes.jpg","contentUrl":"https:\/\/ocoerente.com.br\/se\/wp-content\/uploads\/2021\/04\/diamaes.jpg","width":512,"height":358},{"@type":"BreadcrumbList","@id":"https:\/\/ocoerente.com.br\/se\/2021\/04\/28\/apesar-da-cautela-dia-das-maes-deve-movimentar-economia-em-maio-diz-fcdl\/#breadcrumb","itemListElement":[{"@type":"ListItem","position":1,"name":"In\u00edcio","item":"https:\/\/ocoerente.com.br\/se\/"},{"@type":"ListItem","position":2,"name":"Apesar da cautela, Dia das M\u00e3es deve movimentar economia em maio, diz FCDL"}]},{"@type":"WebSite","@id":"https:\/\/ocoerente.com.br\/se\/#website","url":"https:\/\/ocoerente.com.br\/se\/","name":"O Coerente","description":"","publisher":{"@id":"https:\/\/ocoerente.com.br\/se\/#\/schema\/person\/cc6bfd9fbca465e23543b0c963d8d037"},"potentialAction":[{"@type":"SearchAction","target":{"@type":"EntryPoint","urlTemplate":"https:\/\/ocoerente.com.br\/se\/?s={search_term_string}"},"query-input":{"@type":"PropertyValueSpecification","valueRequired":true,"valueName":"search_term_string"}}],"inLanguage":"pt-BR"},{"@type":["Person","Organization"],"@id":"https:\/\/ocoerente.com.br\/se\/#\/schema\/person\/cc6bfd9fbca465e23543b0c963d8d037","name":"Reda\u00e7\u00e3o","image":{"@type":"ImageObject","inLanguage":"pt-BR","@id":"https:\/\/ocoerente.com.br\/se\/wp-content\/uploads\/2020\/01\/ocoerente-1.png","url":"https:\/\/ocoerente.com.br\/se\/wp-content\/uploads\/2020\/01\/ocoerente-1.png","contentUrl":"https:\/\/ocoerente.com.br\/se\/wp-content\/uploads\/2020\/01\/ocoerente-1.png","width":50,"height":50,"caption":"Reda\u00e7\u00e3o"},"logo":{"@id":"https:\/\/ocoerente.com.br\/se\/wp-content\/uploads\/2020\/01\/ocoerente-1.png"},"url":"https:\/\/ocoerente.com.br\/se\/author\/vasticlsales\/"}]}},"_links":{"self":[{"href":"https:\/\/ocoerente.com.br\/se\/wp-json\/wp\/v2\/posts\/3317","targetHints":{"allow":["GET"]}}],"collection":[{"href":"https:\/\/ocoerente.com.br\/se\/wp-json\/wp\/v2\/posts"}],"about":[{"href":"https:\/\/ocoerente.com.br\/se\/wp-json\/wp\/v2\/types\/post"}],"author":[{"embeddable":true,"href":"https:\/\/ocoerente.com.br\/se\/wp-json\/wp\/v2\/users\/1"}],"replies":[{"embeddable":true,"href":"https:\/\/ocoerente.com.br\/se\/wp-json\/wp\/v2\/comments?post=3317"}],"version-history":[{"count":1,"href":"https:\/\/ocoerente.com.br\/se\/wp-json\/wp\/v2\/posts\/3317\/revisions"}],"predecessor-version":[{"id":3319,"href":"https:\/\/ocoerente.com.br\/se\/wp-json\/wp\/v2\/posts\/3317\/revisions\/3319"}],"wp:featuredmedia":[{"embeddable":true,"href":"https:\/\/ocoerente.com.br\/se\/wp-json\/wp\/v2\/media\/3318"}],"wp:attachment":[{"href":"https:\/\/ocoerente.com.br\/se\/wp-json\/wp\/v2\/media?parent=3317"}],"wp:term":[{"taxonomy":"category","embeddable":true,"href":"https:\/\/ocoerente.com.br\/se\/wp-json\/wp\/v2\/categories?post=3317"},{"taxonomy":"post_tag","embeddable":true,"href":"https:\/\/ocoerente.com.br\/se\/wp-json\/wp\/v2\/tags?post=3317"}],"curies":[{"name":"wp","href":"https:\/\/api.w.org\/{rel}","templated":true}]}}