{"id":3314,"date":"2021-04-28T14:12:37","date_gmt":"2021-04-28T17:12:37","guid":{"rendered":"https:\/\/ocoerente.com.br\/se\/?p=3314"},"modified":"2021-04-28T14:12:39","modified_gmt":"2021-04-28T17:12:39","slug":"joao-daniel-apela-para-inclusao-de-dividas-da-agricultura-familiar-na-mp-1017","status":"publish","type":"post","link":"https:\/\/ocoerente.com.br\/se\/2021\/04\/28\/joao-daniel-apela-para-inclusao-de-dividas-da-agricultura-familiar-na-mp-1017\/","title":{"rendered":"Jo\u00e3o Daniel apela para inclus\u00e3o de d\u00edvidas da agricultura familiar na MP 1017"},"content":{"rendered":"\n<p>Ao apelar ao relator da Medida Provis\u00f3ria 1017\/2020 e ao presidente do C\u00e2mara, o deputado federal Jo\u00e3o Daniel (PT\/SE) tentou incluir na MP as d\u00edvidas de pequenos agricultores da agricultura familiar e de \u00e1reas de reforma agr\u00e1ria, principalmente das regi\u00f5es Norte e Nordeste. A MP, analisada e votada na sess\u00e3o desta ter\u00e7a-feira, dia 27, trata de concess\u00e3o de descontos para empresas quitarem ou renegociarem d\u00edvidas junto ao Fundo de Investimento da Amaz\u00f4nia (Finam) e Fundo de Investimento do Nordeste (Finor).<\/p>\n\n\n\n<p>A solicita\u00e7\u00e3o de inclus\u00e3o das d\u00edvidas desses agricultores foi uma forma apontada por Jo\u00e3o Daniel para contemplar aqueles que n\u00e3o foram atendidos pela lei 13.340\/2016, porque o ent\u00e3o presidente Michel Temer n\u00e3o honrou com os recursos do Tesouro para garantir que fosse resolvida a quest\u00e3o das d\u00edvidas rurais. \u201cTemos uma demanda grande dessas regi\u00f5es que n\u00e3o foi resolvida com a lei 13.340. Por isso o BNB tem recursos para financiar a agricultura familiar, mas grande parte desses agricultores tem dificuldade de buscar esse financiamento, por isso n\u00e3o conseguimos incluir. Nesse sentido, fizemos esse apelo ao relator, deputado Danilo Forte, para que sejam inclu\u00eddas as medidas do projeto de lei 823\/2021 \u2013 a Lei Assis Carvalho 2 -, em que h\u00e1 um compromisso do governo e apelo ao presidente Artur Lira que coloque em aprecia\u00e7\u00e3o e vota\u00e7\u00e3o e que nessa MP seja inclu\u00edda a parte de d\u00edvidas para os pequenos agricultores e \u00e1reas de reforma agr\u00e1ria, principalmente no Norte e Nordeste\u201d, apelou o deputado.<\/p>\n\n\n\n<p>Em contrapartida, Jo\u00e3o Daniel tamb\u00e9m questionou o texto complacente do relator para com os grandes empreendimentos, que foram financiados com esses fundos constitucionais e com recursos p\u00fablicos, que com os altos percentuais de descontos para renegocia\u00e7\u00e3o e quita\u00e7\u00e3o alterados no texto apresentado por ele, os grandes ter\u00e3o grandes benef\u00edcios. Mesmo com o voto contr\u00e1rio da bancada do Partido dos Trabalhadores, a Medida Provis\u00f3ria 1017 foi aprovada.<\/p>\n\n\n\n<p>Felizmente, os destaques apresentados pela bancada do PT conseguiram barrar o \u201cpresente\u201d proposto pelo relator para os grandes devedores, no projeto de lei de convers\u00e3o da MP, pois aumentava de 10% ou 15% para 75% ou 80% o desconto para a quita\u00e7\u00e3o da d\u00edvida. Ou seja, praticamente perdoava. Com o destaque do Partido dos Trabalhadores, o artigo 2\u00ba, que trata da quest\u00e3o, voltou ao seu texto original. Outro destaque do PT aprovado foi com rela\u00e7\u00e3o ao artigo 3\u00ba, que manteve o texto original da medida provis\u00f3ria com descontos de 5% e 10% para renegocia\u00e7\u00e3o das d\u00edvidas e n\u00e3o 70% e 75% como queria o relator.<\/p>\n\n\n\n<p>Tamb\u00e9m foi aprovado destaque do PT que retirou do texto a previs\u00e3o de autoriza\u00e7\u00e3o da extin\u00e7\u00e3o do Finor e Finam ap\u00f3s o cumprimento das suas obriga\u00e7\u00f5es. O principal argumento da bancada \u00e9 que, passado esse momento de crise que o pa\u00eds vive, os fundos ser\u00e3o necess\u00e1rios para ajudar as empresas a alavancarem suas atividades e, consequentemente, promover a retomada do emprego no pa\u00eds.<\/p>\n\n\n\n<p><em>Por Edjane Oliveira, da Assessoria de Imprensa<\/em><\/p>\n\n\n\n<p><em>Com informa\u00e7\u00f5es do PT na C\u00e2mara<\/em><\/p>\n","protected":false},"excerpt":{"rendered":"<p>Ao apelar ao relator da Medida Provis\u00f3ria 1017\/2020 e ao presidente do C\u00e2mara, o deputado federal Jo\u00e3o Daniel (PT\/SE) tentou incluir na MP as d\u00edvidas de pequenos agricultores da agricultura familiar e de \u00e1reas de reforma agr\u00e1ria, principalmente das regi\u00f5es Norte e Nordeste. A MP, analisada e votada na sess\u00e3o desta ter\u00e7a-feira, dia 27, trata [&hellip;]<\/p>\n","protected":false},"author":1,"featured_media":3315,"comment_status":"closed","ping_status":"closed","sticky":false,"template":"","format":"standard","meta":{"footnotes":""},"categories":[48,53],"tags":[],"class_list":["post-3314","post","type-post","status-publish","format-standard","has-post-thumbnail","hentry","category-brasil","category-destaques"],"yoast_head":"<!-- This site is optimized with the Yoast SEO plugin v27.4 - https:\/\/yoast.com\/product\/yoast-seo-wordpress\/ -->\n<title>Jo\u00e3o Daniel apela para inclus\u00e3o de d\u00edvidas da agricultura familiar na MP 1017 - O Coerente<\/title>\n<meta name=\"robots\" content=\"index, follow, max-snippet:-1, max-image-preview:large, max-video-preview:-1\" \/>\n<link rel=\"canonical\" href=\"https:\/\/ocoerente.com.br\/se\/2021\/04\/28\/joao-daniel-apela-para-inclusao-de-dividas-da-agricultura-familiar-na-mp-1017\/\" \/>\n<meta property=\"og:locale\" content=\"pt_BR\" \/>\n<meta property=\"og:type\" content=\"article\" \/>\n<meta property=\"og:title\" content=\"Jo\u00e3o Daniel apela para inclus\u00e3o de d\u00edvidas da agricultura familiar na MP 1017 - O Coerente\" \/>\n<meta property=\"og:description\" content=\"Ao apelar ao relator da Medida Provis\u00f3ria 1017\/2020 e ao presidente do C\u00e2mara, o deputado federal Jo\u00e3o Daniel (PT\/SE) tentou incluir na MP as d\u00edvidas de pequenos agricultores da agricultura familiar e de \u00e1reas de reforma agr\u00e1ria, principalmente das regi\u00f5es Norte e Nordeste. A MP, analisada e votada na sess\u00e3o desta ter\u00e7a-feira, dia 27, trata [&hellip;]\" \/>\n<meta property=\"og:url\" content=\"https:\/\/ocoerente.com.br\/se\/2021\/04\/28\/joao-daniel-apela-para-inclusao-de-dividas-da-agricultura-familiar-na-mp-1017\/\" \/>\n<meta property=\"og:site_name\" content=\"O Coerente\" \/>\n<meta property=\"article:published_time\" content=\"2021-04-28T17:12:37+00:00\" \/>\n<meta property=\"article:modified_time\" content=\"2021-04-28T17:12:39+00:00\" \/>\n<meta property=\"og:image\" content=\"https:\/\/ocoerente.com.br\/se\/wp-content\/uploads\/2021\/04\/MP-Finor-Finam-270421.jpg\" \/>\n\t<meta property=\"og:image:width\" content=\"671\" \/>\n\t<meta property=\"og:image:height\" content=\"445\" \/>\n\t<meta property=\"og:image:type\" content=\"image\/jpeg\" \/>\n<meta name=\"author\" content=\"Reda\u00e7\u00e3o\" \/>\n<meta name=\"twitter:card\" content=\"summary_large_image\" \/>\n<meta name=\"twitter:label1\" content=\"Escrito por\" \/>\n\t<meta name=\"twitter:data1\" content=\"Reda\u00e7\u00e3o\" \/>\n\t<meta name=\"twitter:label2\" content=\"Est. tempo de leitura\" \/>\n\t<meta name=\"twitter:data2\" content=\"3 minutos\" \/>\n<script type=\"application\/ld+json\" class=\"yoast-schema-graph\">{\"@context\":\"https:\\\/\\\/schema.org\",\"@graph\":[{\"@type\":\"Article\",\"@id\":\"https:\\\/\\\/ocoerente.com.br\\\/se\\\/2021\\\/04\\\/28\\\/joao-daniel-apela-para-inclusao-de-dividas-da-agricultura-familiar-na-mp-1017\\\/#article\",\"isPartOf\":{\"@id\":\"https:\\\/\\\/ocoerente.com.br\\\/se\\\/2021\\\/04\\\/28\\\/joao-daniel-apela-para-inclusao-de-dividas-da-agricultura-familiar-na-mp-1017\\\/\"},\"author\":{\"name\":\"Reda\u00e7\u00e3o\",\"@id\":\"https:\\\/\\\/ocoerente.com.br\\\/se\\\/#\\\/schema\\\/person\\\/cc6bfd9fbca465e23543b0c963d8d037\"},\"headline\":\"Jo\u00e3o Daniel apela para inclus\u00e3o de d\u00edvidas da agricultura familiar na MP 1017\",\"datePublished\":\"2021-04-28T17:12:37+00:00\",\"dateModified\":\"2021-04-28T17:12:39+00:00\",\"mainEntityOfPage\":{\"@id\":\"https:\\\/\\\/ocoerente.com.br\\\/se\\\/2021\\\/04\\\/28\\\/joao-daniel-apela-para-inclusao-de-dividas-da-agricultura-familiar-na-mp-1017\\\/\"},\"wordCount\":546,\"publisher\":{\"@id\":\"https:\\\/\\\/ocoerente.com.br\\\/se\\\/#\\\/schema\\\/person\\\/cc6bfd9fbca465e23543b0c963d8d037\"},\"image\":{\"@id\":\"https:\\\/\\\/ocoerente.com.br\\\/se\\\/2021\\\/04\\\/28\\\/joao-daniel-apela-para-inclusao-de-dividas-da-agricultura-familiar-na-mp-1017\\\/#primaryimage\"},\"thumbnailUrl\":\"https:\\\/\\\/ocoerente.com.br\\\/se\\\/wp-content\\\/uploads\\\/2021\\\/04\\\/MP-Finor-Finam-270421.jpg\",\"articleSection\":[\"Brasil\",\"Destaques\"],\"inLanguage\":\"pt-BR\"},{\"@type\":\"WebPage\",\"@id\":\"https:\\\/\\\/ocoerente.com.br\\\/se\\\/2021\\\/04\\\/28\\\/joao-daniel-apela-para-inclusao-de-dividas-da-agricultura-familiar-na-mp-1017\\\/\",\"url\":\"https:\\\/\\\/ocoerente.com.br\\\/se\\\/2021\\\/04\\\/28\\\/joao-daniel-apela-para-inclusao-de-dividas-da-agricultura-familiar-na-mp-1017\\\/\",\"name\":\"Jo\u00e3o Daniel apela para inclus\u00e3o de d\u00edvidas da agricultura familiar na MP 1017 - O Coerente\",\"isPartOf\":{\"@id\":\"https:\\\/\\\/ocoerente.com.br\\\/se\\\/#website\"},\"primaryImageOfPage\":{\"@id\":\"https:\\\/\\\/ocoerente.com.br\\\/se\\\/2021\\\/04\\\/28\\\/joao-daniel-apela-para-inclusao-de-dividas-da-agricultura-familiar-na-mp-1017\\\/#primaryimage\"},\"image\":{\"@id\":\"https:\\\/\\\/ocoerente.com.br\\\/se\\\/2021\\\/04\\\/28\\\/joao-daniel-apela-para-inclusao-de-dividas-da-agricultura-familiar-na-mp-1017\\\/#primaryimage\"},\"thumbnailUrl\":\"https:\\\/\\\/ocoerente.com.br\\\/se\\\/wp-content\\\/uploads\\\/2021\\\/04\\\/MP-Finor-Finam-270421.jpg\",\"datePublished\":\"2021-04-28T17:12:37+00:00\",\"dateModified\":\"2021-04-28T17:12:39+00:00\",\"breadcrumb\":{\"@id\":\"https:\\\/\\\/ocoerente.com.br\\\/se\\\/2021\\\/04\\\/28\\\/joao-daniel-apela-para-inclusao-de-dividas-da-agricultura-familiar-na-mp-1017\\\/#breadcrumb\"},\"inLanguage\":\"pt-BR\",\"potentialAction\":[{\"@type\":\"ReadAction\",\"target\":[\"https:\\\/\\\/ocoerente.com.br\\\/se\\\/2021\\\/04\\\/28\\\/joao-daniel-apela-para-inclusao-de-dividas-da-agricultura-familiar-na-mp-1017\\\/\"]}]},{\"@type\":\"ImageObject\",\"inLanguage\":\"pt-BR\",\"@id\":\"https:\\\/\\\/ocoerente.com.br\\\/se\\\/2021\\\/04\\\/28\\\/joao-daniel-apela-para-inclusao-de-dividas-da-agricultura-familiar-na-mp-1017\\\/#primaryimage\",\"url\":\"https:\\\/\\\/ocoerente.com.br\\\/se\\\/wp-content\\\/uploads\\\/2021\\\/04\\\/MP-Finor-Finam-270421.jpg\",\"contentUrl\":\"https:\\\/\\\/ocoerente.com.br\\\/se\\\/wp-content\\\/uploads\\\/2021\\\/04\\\/MP-Finor-Finam-270421.jpg\",\"width\":671,\"height\":445},{\"@type\":\"BreadcrumbList\",\"@id\":\"https:\\\/\\\/ocoerente.com.br\\\/se\\\/2021\\\/04\\\/28\\\/joao-daniel-apela-para-inclusao-de-dividas-da-agricultura-familiar-na-mp-1017\\\/#breadcrumb\",\"itemListElement\":[{\"@type\":\"ListItem\",\"position\":1,\"name\":\"In\u00edcio\",\"item\":\"https:\\\/\\\/ocoerente.com.br\\\/se\\\/\"},{\"@type\":\"ListItem\",\"position\":2,\"name\":\"Jo\u00e3o Daniel apela para inclus\u00e3o de d\u00edvidas da agricultura familiar na MP 1017\"}]},{\"@type\":\"WebSite\",\"@id\":\"https:\\\/\\\/ocoerente.com.br\\\/se\\\/#website\",\"url\":\"https:\\\/\\\/ocoerente.com.br\\\/se\\\/\",\"name\":\"O Coerente\",\"description\":\"\",\"publisher\":{\"@id\":\"https:\\\/\\\/ocoerente.com.br\\\/se\\\/#\\\/schema\\\/person\\\/cc6bfd9fbca465e23543b0c963d8d037\"},\"potentialAction\":[{\"@type\":\"SearchAction\",\"target\":{\"@type\":\"EntryPoint\",\"urlTemplate\":\"https:\\\/\\\/ocoerente.com.br\\\/se\\\/?s={search_term_string}\"},\"query-input\":{\"@type\":\"PropertyValueSpecification\",\"valueRequired\":true,\"valueName\":\"search_term_string\"}}],\"inLanguage\":\"pt-BR\"},{\"@type\":[\"Person\",\"Organization\"],\"@id\":\"https:\\\/\\\/ocoerente.com.br\\\/se\\\/#\\\/schema\\\/person\\\/cc6bfd9fbca465e23543b0c963d8d037\",\"name\":\"Reda\u00e7\u00e3o\",\"image\":{\"@type\":\"ImageObject\",\"inLanguage\":\"pt-BR\",\"@id\":\"https:\\\/\\\/ocoerente.com.br\\\/se\\\/wp-content\\\/uploads\\\/2020\\\/01\\\/ocoerente-1.png\",\"url\":\"https:\\\/\\\/ocoerente.com.br\\\/se\\\/wp-content\\\/uploads\\\/2020\\\/01\\\/ocoerente-1.png\",\"contentUrl\":\"https:\\\/\\\/ocoerente.com.br\\\/se\\\/wp-content\\\/uploads\\\/2020\\\/01\\\/ocoerente-1.png\",\"width\":50,\"height\":50,\"caption\":\"Reda\u00e7\u00e3o\"},\"logo\":{\"@id\":\"https:\\\/\\\/ocoerente.com.br\\\/se\\\/wp-content\\\/uploads\\\/2020\\\/01\\\/ocoerente-1.png\"},\"url\":\"https:\\\/\\\/ocoerente.com.br\\\/se\\\/author\\\/vasticlsales\\\/\"}]}<\/script>\n<!-- \/ Yoast SEO plugin. -->","yoast_head_json":{"title":"Jo\u00e3o Daniel apela para inclus\u00e3o de d\u00edvidas da agricultura familiar na MP 1017 - O Coerente","robots":{"index":"index","follow":"follow","max-snippet":"max-snippet:-1","max-image-preview":"max-image-preview:large","max-video-preview":"max-video-preview:-1"},"canonical":"https:\/\/ocoerente.com.br\/se\/2021\/04\/28\/joao-daniel-apela-para-inclusao-de-dividas-da-agricultura-familiar-na-mp-1017\/","og_locale":"pt_BR","og_type":"article","og_title":"Jo\u00e3o Daniel apela para inclus\u00e3o de d\u00edvidas da agricultura familiar na MP 1017 - O Coerente","og_description":"Ao apelar ao relator da Medida Provis\u00f3ria 1017\/2020 e ao presidente do C\u00e2mara, o deputado federal Jo\u00e3o Daniel (PT\/SE) tentou incluir na MP as d\u00edvidas de pequenos agricultores da agricultura familiar e de \u00e1reas de reforma agr\u00e1ria, principalmente das regi\u00f5es Norte e Nordeste. A MP, analisada e votada na sess\u00e3o desta ter\u00e7a-feira, dia 27, trata [&hellip;]","og_url":"https:\/\/ocoerente.com.br\/se\/2021\/04\/28\/joao-daniel-apela-para-inclusao-de-dividas-da-agricultura-familiar-na-mp-1017\/","og_site_name":"O Coerente","article_published_time":"2021-04-28T17:12:37+00:00","article_modified_time":"2021-04-28T17:12:39+00:00","og_image":[{"width":671,"height":445,"url":"https:\/\/ocoerente.com.br\/se\/wp-content\/uploads\/2021\/04\/MP-Finor-Finam-270421.jpg","type":"image\/jpeg"}],"author":"Reda\u00e7\u00e3o","twitter_card":"summary_large_image","twitter_misc":{"Escrito por":"Reda\u00e7\u00e3o","Est. tempo de leitura":"3 minutos"},"schema":{"@context":"https:\/\/schema.org","@graph":[{"@type":"Article","@id":"https:\/\/ocoerente.com.br\/se\/2021\/04\/28\/joao-daniel-apela-para-inclusao-de-dividas-da-agricultura-familiar-na-mp-1017\/#article","isPartOf":{"@id":"https:\/\/ocoerente.com.br\/se\/2021\/04\/28\/joao-daniel-apela-para-inclusao-de-dividas-da-agricultura-familiar-na-mp-1017\/"},"author":{"name":"Reda\u00e7\u00e3o","@id":"https:\/\/ocoerente.com.br\/se\/#\/schema\/person\/cc6bfd9fbca465e23543b0c963d8d037"},"headline":"Jo\u00e3o Daniel apela para inclus\u00e3o de d\u00edvidas da agricultura familiar na MP 1017","datePublished":"2021-04-28T17:12:37+00:00","dateModified":"2021-04-28T17:12:39+00:00","mainEntityOfPage":{"@id":"https:\/\/ocoerente.com.br\/se\/2021\/04\/28\/joao-daniel-apela-para-inclusao-de-dividas-da-agricultura-familiar-na-mp-1017\/"},"wordCount":546,"publisher":{"@id":"https:\/\/ocoerente.com.br\/se\/#\/schema\/person\/cc6bfd9fbca465e23543b0c963d8d037"},"image":{"@id":"https:\/\/ocoerente.com.br\/se\/2021\/04\/28\/joao-daniel-apela-para-inclusao-de-dividas-da-agricultura-familiar-na-mp-1017\/#primaryimage"},"thumbnailUrl":"https:\/\/ocoerente.com.br\/se\/wp-content\/uploads\/2021\/04\/MP-Finor-Finam-270421.jpg","articleSection":["Brasil","Destaques"],"inLanguage":"pt-BR"},{"@type":"WebPage","@id":"https:\/\/ocoerente.com.br\/se\/2021\/04\/28\/joao-daniel-apela-para-inclusao-de-dividas-da-agricultura-familiar-na-mp-1017\/","url":"https:\/\/ocoerente.com.br\/se\/2021\/04\/28\/joao-daniel-apela-para-inclusao-de-dividas-da-agricultura-familiar-na-mp-1017\/","name":"Jo\u00e3o Daniel apela para inclus\u00e3o de d\u00edvidas da agricultura familiar na MP 1017 - O Coerente","isPartOf":{"@id":"https:\/\/ocoerente.com.br\/se\/#website"},"primaryImageOfPage":{"@id":"https:\/\/ocoerente.com.br\/se\/2021\/04\/28\/joao-daniel-apela-para-inclusao-de-dividas-da-agricultura-familiar-na-mp-1017\/#primaryimage"},"image":{"@id":"https:\/\/ocoerente.com.br\/se\/2021\/04\/28\/joao-daniel-apela-para-inclusao-de-dividas-da-agricultura-familiar-na-mp-1017\/#primaryimage"},"thumbnailUrl":"https:\/\/ocoerente.com.br\/se\/wp-content\/uploads\/2021\/04\/MP-Finor-Finam-270421.jpg","datePublished":"2021-04-28T17:12:37+00:00","dateModified":"2021-04-28T17:12:39+00:00","breadcrumb":{"@id":"https:\/\/ocoerente.com.br\/se\/2021\/04\/28\/joao-daniel-apela-para-inclusao-de-dividas-da-agricultura-familiar-na-mp-1017\/#breadcrumb"},"inLanguage":"pt-BR","potentialAction":[{"@type":"ReadAction","target":["https:\/\/ocoerente.com.br\/se\/2021\/04\/28\/joao-daniel-apela-para-inclusao-de-dividas-da-agricultura-familiar-na-mp-1017\/"]}]},{"@type":"ImageObject","inLanguage":"pt-BR","@id":"https:\/\/ocoerente.com.br\/se\/2021\/04\/28\/joao-daniel-apela-para-inclusao-de-dividas-da-agricultura-familiar-na-mp-1017\/#primaryimage","url":"https:\/\/ocoerente.com.br\/se\/wp-content\/uploads\/2021\/04\/MP-Finor-Finam-270421.jpg","contentUrl":"https:\/\/ocoerente.com.br\/se\/wp-content\/uploads\/2021\/04\/MP-Finor-Finam-270421.jpg","width":671,"height":445},{"@type":"BreadcrumbList","@id":"https:\/\/ocoerente.com.br\/se\/2021\/04\/28\/joao-daniel-apela-para-inclusao-de-dividas-da-agricultura-familiar-na-mp-1017\/#breadcrumb","itemListElement":[{"@type":"ListItem","position":1,"name":"In\u00edcio","item":"https:\/\/ocoerente.com.br\/se\/"},{"@type":"ListItem","position":2,"name":"Jo\u00e3o Daniel apela para inclus\u00e3o de d\u00edvidas da agricultura familiar na MP 1017"}]},{"@type":"WebSite","@id":"https:\/\/ocoerente.com.br\/se\/#website","url":"https:\/\/ocoerente.com.br\/se\/","name":"O Coerente","description":"","publisher":{"@id":"https:\/\/ocoerente.com.br\/se\/#\/schema\/person\/cc6bfd9fbca465e23543b0c963d8d037"},"potentialAction":[{"@type":"SearchAction","target":{"@type":"EntryPoint","urlTemplate":"https:\/\/ocoerente.com.br\/se\/?s={search_term_string}"},"query-input":{"@type":"PropertyValueSpecification","valueRequired":true,"valueName":"search_term_string"}}],"inLanguage":"pt-BR"},{"@type":["Person","Organization"],"@id":"https:\/\/ocoerente.com.br\/se\/#\/schema\/person\/cc6bfd9fbca465e23543b0c963d8d037","name":"Reda\u00e7\u00e3o","image":{"@type":"ImageObject","inLanguage":"pt-BR","@id":"https:\/\/ocoerente.com.br\/se\/wp-content\/uploads\/2020\/01\/ocoerente-1.png","url":"https:\/\/ocoerente.com.br\/se\/wp-content\/uploads\/2020\/01\/ocoerente-1.png","contentUrl":"https:\/\/ocoerente.com.br\/se\/wp-content\/uploads\/2020\/01\/ocoerente-1.png","width":50,"height":50,"caption":"Reda\u00e7\u00e3o"},"logo":{"@id":"https:\/\/ocoerente.com.br\/se\/wp-content\/uploads\/2020\/01\/ocoerente-1.png"},"url":"https:\/\/ocoerente.com.br\/se\/author\/vasticlsales\/"}]}},"_links":{"self":[{"href":"https:\/\/ocoerente.com.br\/se\/wp-json\/wp\/v2\/posts\/3314","targetHints":{"allow":["GET"]}}],"collection":[{"href":"https:\/\/ocoerente.com.br\/se\/wp-json\/wp\/v2\/posts"}],"about":[{"href":"https:\/\/ocoerente.com.br\/se\/wp-json\/wp\/v2\/types\/post"}],"author":[{"embeddable":true,"href":"https:\/\/ocoerente.com.br\/se\/wp-json\/wp\/v2\/users\/1"}],"replies":[{"embeddable":true,"href":"https:\/\/ocoerente.com.br\/se\/wp-json\/wp\/v2\/comments?post=3314"}],"version-history":[{"count":1,"href":"https:\/\/ocoerente.com.br\/se\/wp-json\/wp\/v2\/posts\/3314\/revisions"}],"predecessor-version":[{"id":3316,"href":"https:\/\/ocoerente.com.br\/se\/wp-json\/wp\/v2\/posts\/3314\/revisions\/3316"}],"wp:featuredmedia":[{"embeddable":true,"href":"https:\/\/ocoerente.com.br\/se\/wp-json\/wp\/v2\/media\/3315"}],"wp:attachment":[{"href":"https:\/\/ocoerente.com.br\/se\/wp-json\/wp\/v2\/media?parent=3314"}],"wp:term":[{"taxonomy":"category","embeddable":true,"href":"https:\/\/ocoerente.com.br\/se\/wp-json\/wp\/v2\/categories?post=3314"},{"taxonomy":"post_tag","embeddable":true,"href":"https:\/\/ocoerente.com.br\/se\/wp-json\/wp\/v2\/tags?post=3314"}],"curies":[{"name":"wp","href":"https:\/\/api.w.org\/{rel}","templated":true}]}}