{"id":3312,"date":"2021-04-28T14:11:28","date_gmt":"2021-04-28T17:11:28","guid":{"rendered":"https:\/\/ocoerente.com.br\/se\/?p=3312"},"modified":"2021-04-28T14:11:30","modified_gmt":"2021-04-28T17:11:30","slug":"aracaju-precisou-suspender-a-vacinacao-de-coronavac-por-falta-de-insumos-enviados-pelo-governo-federal","status":"publish","type":"post","link":"https:\/\/ocoerente.com.br\/se\/2021\/04\/28\/aracaju-precisou-suspender-a-vacinacao-de-coronavac-por-falta-de-insumos-enviados-pelo-governo-federal\/","title":{"rendered":"Aracaju precisou suspender a vacina\u00e7\u00e3o de CoronaVac por falta de insumos enviados pelo Governo Federal"},"content":{"rendered":"\n<h2 class=\"wp-block-heading\">\ud83d\udc89Aracaju precisou suspender a vacina\u00e7\u00e3o de CoronaVac por falta de insumos enviados pelo Governo Federal, por\u00e9m o Prefeito @edvaldonogueira j\u00e1 enviou um of\u00edcio em car\u00e1ter de urg\u00eancia ao Minist\u00e9rio da Sa\u00fade solicitando o envio de novas doses para a Capital.<\/h2>\n\n\n\n<p>\ud83d\ude37No momento, a vacina AstraZeneca para profissionais de sa\u00fade, de seguran\u00e7a e de salvamento continua sendo aplicada normalmente para quem necessita da primeira dose do imunizante. A Prefeitura continua atuando diariamente para dar continuidade ao trabalho do programa #VacinAju e retomar\u00e1 a plena vacina\u00e7\u00e3o assim que o apelo do gestor do munic\u00edpio for atendido pela \u00f3rg\u00e3o federal.<\/p>\n","protected":false},"excerpt":{"rendered":"<p>\ud83d\udc89Aracaju precisou suspender a vacina\u00e7\u00e3o de CoronaVac por falta de insumos enviados pelo Governo Federal, por\u00e9m o Prefeito @edvaldonogueira j\u00e1 enviou um of\u00edcio em car\u00e1ter de urg\u00eancia ao Minist\u00e9rio da Sa\u00fade solicitando o envio de novas doses para a Capital. \ud83d\ude37No momento, a vacina AstraZeneca para profissionais de sa\u00fade, de seguran\u00e7a e de salvamento continua [&hellip;]<\/p>\n","protected":false},"author":1,"featured_media":3277,"comment_status":"closed","ping_status":"closed","sticky":false,"template":"","format":"standard","meta":{"footnotes":""},"categories":[53,54],"tags":[],"class_list":["post-3312","post","type-post","status-publish","format-standard","has-post-thumbnail","hentry","category-destaques","category-saude"],"yoast_head":"<!-- This site is optimized with the Yoast SEO plugin v27.4 - https:\/\/yoast.com\/product\/yoast-seo-wordpress\/ -->\n<title>Aracaju precisou suspender a vacina\u00e7\u00e3o de CoronaVac por falta de insumos enviados pelo Governo Federal - O Coerente<\/title>\n<meta name=\"robots\" content=\"index, follow, max-snippet:-1, max-image-preview:large, max-video-preview:-1\" \/>\n<link rel=\"canonical\" href=\"https:\/\/ocoerente.com.br\/se\/2021\/04\/28\/aracaju-precisou-suspender-a-vacinacao-de-coronavac-por-falta-de-insumos-enviados-pelo-governo-federal\/\" \/>\n<meta property=\"og:locale\" content=\"pt_BR\" \/>\n<meta property=\"og:type\" content=\"article\" \/>\n<meta property=\"og:title\" content=\"Aracaju precisou suspender a vacina\u00e7\u00e3o de CoronaVac por falta de insumos enviados pelo Governo Federal - O Coerente\" \/>\n<meta property=\"og:description\" content=\"\ud83d\udc89Aracaju precisou suspender a vacina\u00e7\u00e3o de CoronaVac por falta de insumos enviados pelo Governo Federal, por\u00e9m o Prefeito @edvaldonogueira j\u00e1 enviou um of\u00edcio em car\u00e1ter de urg\u00eancia ao Minist\u00e9rio da Sa\u00fade solicitando o envio de novas doses para a Capital. \ud83d\ude37No momento, a vacina AstraZeneca para profissionais de sa\u00fade, de seguran\u00e7a e de salvamento continua [&hellip;]\" \/>\n<meta property=\"og:url\" content=\"https:\/\/ocoerente.com.br\/se\/2021\/04\/28\/aracaju-precisou-suspender-a-vacinacao-de-coronavac-por-falta-de-insumos-enviados-pelo-governo-federal\/\" \/>\n<meta property=\"og:site_name\" content=\"O Coerente\" \/>\n<meta property=\"article:published_time\" content=\"2021-04-28T17:11:28+00:00\" \/>\n<meta property=\"article:modified_time\" content=\"2021-04-28T17:11:30+00:00\" \/>\n<meta property=\"og:image\" content=\"https:\/\/ocoerente.com.br\/se\/wp-content\/uploads\/2021\/04\/coronavac.jpg\" \/>\n\t<meta property=\"og:image:width\" content=\"1280\" \/>\n\t<meta property=\"og:image:height\" content=\"853\" \/>\n\t<meta property=\"og:image:type\" content=\"image\/jpeg\" \/>\n<meta name=\"author\" content=\"Reda\u00e7\u00e3o\" \/>\n<meta name=\"twitter:card\" content=\"summary_large_image\" \/>\n<meta name=\"twitter:label1\" content=\"Escrito por\" \/>\n\t<meta name=\"twitter:data1\" content=\"Reda\u00e7\u00e3o\" \/>\n\t<meta name=\"twitter:label2\" content=\"Est. tempo de leitura\" \/>\n\t<meta name=\"twitter:data2\" content=\"1 minuto\" \/>\n<script type=\"application\/ld+json\" class=\"yoast-schema-graph\">{\"@context\":\"https:\\\/\\\/schema.org\",\"@graph\":[{\"@type\":\"Article\",\"@id\":\"https:\\\/\\\/ocoerente.com.br\\\/se\\\/2021\\\/04\\\/28\\\/aracaju-precisou-suspender-a-vacinacao-de-coronavac-por-falta-de-insumos-enviados-pelo-governo-federal\\\/#article\",\"isPartOf\":{\"@id\":\"https:\\\/\\\/ocoerente.com.br\\\/se\\\/2021\\\/04\\\/28\\\/aracaju-precisou-suspender-a-vacinacao-de-coronavac-por-falta-de-insumos-enviados-pelo-governo-federal\\\/\"},\"author\":{\"name\":\"Reda\u00e7\u00e3o\",\"@id\":\"https:\\\/\\\/ocoerente.com.br\\\/se\\\/#\\\/schema\\\/person\\\/cc6bfd9fbca465e23543b0c963d8d037\"},\"headline\":\"Aracaju precisou suspender a vacina\u00e7\u00e3o de CoronaVac por falta de insumos enviados pelo Governo Federal\",\"datePublished\":\"2021-04-28T17:11:28+00:00\",\"dateModified\":\"2021-04-28T17:11:30+00:00\",\"mainEntityOfPage\":{\"@id\":\"https:\\\/\\\/ocoerente.com.br\\\/se\\\/2021\\\/04\\\/28\\\/aracaju-precisou-suspender-a-vacinacao-de-coronavac-por-falta-de-insumos-enviados-pelo-governo-federal\\\/\"},\"wordCount\":125,\"publisher\":{\"@id\":\"https:\\\/\\\/ocoerente.com.br\\\/se\\\/#\\\/schema\\\/person\\\/cc6bfd9fbca465e23543b0c963d8d037\"},\"image\":{\"@id\":\"https:\\\/\\\/ocoerente.com.br\\\/se\\\/2021\\\/04\\\/28\\\/aracaju-precisou-suspender-a-vacinacao-de-coronavac-por-falta-de-insumos-enviados-pelo-governo-federal\\\/#primaryimage\"},\"thumbnailUrl\":\"https:\\\/\\\/ocoerente.com.br\\\/se\\\/wp-content\\\/uploads\\\/2021\\\/04\\\/coronavac.jpg\",\"articleSection\":[\"Destaques\",\"Sa\u00fade\"],\"inLanguage\":\"pt-BR\"},{\"@type\":\"WebPage\",\"@id\":\"https:\\\/\\\/ocoerente.com.br\\\/se\\\/2021\\\/04\\\/28\\\/aracaju-precisou-suspender-a-vacinacao-de-coronavac-por-falta-de-insumos-enviados-pelo-governo-federal\\\/\",\"url\":\"https:\\\/\\\/ocoerente.com.br\\\/se\\\/2021\\\/04\\\/28\\\/aracaju-precisou-suspender-a-vacinacao-de-coronavac-por-falta-de-insumos-enviados-pelo-governo-federal\\\/\",\"name\":\"Aracaju precisou suspender a vacina\u00e7\u00e3o de CoronaVac por falta de insumos enviados pelo Governo Federal - O Coerente\",\"isPartOf\":{\"@id\":\"https:\\\/\\\/ocoerente.com.br\\\/se\\\/#website\"},\"primaryImageOfPage\":{\"@id\":\"https:\\\/\\\/ocoerente.com.br\\\/se\\\/2021\\\/04\\\/28\\\/aracaju-precisou-suspender-a-vacinacao-de-coronavac-por-falta-de-insumos-enviados-pelo-governo-federal\\\/#primaryimage\"},\"image\":{\"@id\":\"https:\\\/\\\/ocoerente.com.br\\\/se\\\/2021\\\/04\\\/28\\\/aracaju-precisou-suspender-a-vacinacao-de-coronavac-por-falta-de-insumos-enviados-pelo-governo-federal\\\/#primaryimage\"},\"thumbnailUrl\":\"https:\\\/\\\/ocoerente.com.br\\\/se\\\/wp-content\\\/uploads\\\/2021\\\/04\\\/coronavac.jpg\",\"datePublished\":\"2021-04-28T17:11:28+00:00\",\"dateModified\":\"2021-04-28T17:11:30+00:00\",\"breadcrumb\":{\"@id\":\"https:\\\/\\\/ocoerente.com.br\\\/se\\\/2021\\\/04\\\/28\\\/aracaju-precisou-suspender-a-vacinacao-de-coronavac-por-falta-de-insumos-enviados-pelo-governo-federal\\\/#breadcrumb\"},\"inLanguage\":\"pt-BR\",\"potentialAction\":[{\"@type\":\"ReadAction\",\"target\":[\"https:\\\/\\\/ocoerente.com.br\\\/se\\\/2021\\\/04\\\/28\\\/aracaju-precisou-suspender-a-vacinacao-de-coronavac-por-falta-de-insumos-enviados-pelo-governo-federal\\\/\"]}]},{\"@type\":\"ImageObject\",\"inLanguage\":\"pt-BR\",\"@id\":\"https:\\\/\\\/ocoerente.com.br\\\/se\\\/2021\\\/04\\\/28\\\/aracaju-precisou-suspender-a-vacinacao-de-coronavac-por-falta-de-insumos-enviados-pelo-governo-federal\\\/#primaryimage\",\"url\":\"https:\\\/\\\/ocoerente.com.br\\\/se\\\/wp-content\\\/uploads\\\/2021\\\/04\\\/coronavac.jpg\",\"contentUrl\":\"https:\\\/\\\/ocoerente.com.br\\\/se\\\/wp-content\\\/uploads\\\/2021\\\/04\\\/coronavac.jpg\",\"width\":1280,\"height\":853},{\"@type\":\"BreadcrumbList\",\"@id\":\"https:\\\/\\\/ocoerente.com.br\\\/se\\\/2021\\\/04\\\/28\\\/aracaju-precisou-suspender-a-vacinacao-de-coronavac-por-falta-de-insumos-enviados-pelo-governo-federal\\\/#breadcrumb\",\"itemListElement\":[{\"@type\":\"ListItem\",\"position\":1,\"name\":\"In\u00edcio\",\"item\":\"https:\\\/\\\/ocoerente.com.br\\\/se\\\/\"},{\"@type\":\"ListItem\",\"position\":2,\"name\":\"Aracaju precisou suspender a vacina\u00e7\u00e3o de CoronaVac por falta de insumos enviados pelo Governo Federal\"}]},{\"@type\":\"WebSite\",\"@id\":\"https:\\\/\\\/ocoerente.com.br\\\/se\\\/#website\",\"url\":\"https:\\\/\\\/ocoerente.com.br\\\/se\\\/\",\"name\":\"O Coerente\",\"description\":\"\",\"publisher\":{\"@id\":\"https:\\\/\\\/ocoerente.com.br\\\/se\\\/#\\\/schema\\\/person\\\/cc6bfd9fbca465e23543b0c963d8d037\"},\"potentialAction\":[{\"@type\":\"SearchAction\",\"target\":{\"@type\":\"EntryPoint\",\"urlTemplate\":\"https:\\\/\\\/ocoerente.com.br\\\/se\\\/?s={search_term_string}\"},\"query-input\":{\"@type\":\"PropertyValueSpecification\",\"valueRequired\":true,\"valueName\":\"search_term_string\"}}],\"inLanguage\":\"pt-BR\"},{\"@type\":[\"Person\",\"Organization\"],\"@id\":\"https:\\\/\\\/ocoerente.com.br\\\/se\\\/#\\\/schema\\\/person\\\/cc6bfd9fbca465e23543b0c963d8d037\",\"name\":\"Reda\u00e7\u00e3o\",\"image\":{\"@type\":\"ImageObject\",\"inLanguage\":\"pt-BR\",\"@id\":\"https:\\\/\\\/ocoerente.com.br\\\/se\\\/wp-content\\\/uploads\\\/2020\\\/01\\\/ocoerente-1.png\",\"url\":\"https:\\\/\\\/ocoerente.com.br\\\/se\\\/wp-content\\\/uploads\\\/2020\\\/01\\\/ocoerente-1.png\",\"contentUrl\":\"https:\\\/\\\/ocoerente.com.br\\\/se\\\/wp-content\\\/uploads\\\/2020\\\/01\\\/ocoerente-1.png\",\"width\":50,\"height\":50,\"caption\":\"Reda\u00e7\u00e3o\"},\"logo\":{\"@id\":\"https:\\\/\\\/ocoerente.com.br\\\/se\\\/wp-content\\\/uploads\\\/2020\\\/01\\\/ocoerente-1.png\"},\"url\":\"https:\\\/\\\/ocoerente.com.br\\\/se\\\/author\\\/vasticlsales\\\/\"}]}<\/script>\n<!-- \/ Yoast SEO plugin. -->","yoast_head_json":{"title":"Aracaju precisou suspender a vacina\u00e7\u00e3o de CoronaVac por falta de insumos enviados pelo Governo Federal - O Coerente","robots":{"index":"index","follow":"follow","max-snippet":"max-snippet:-1","max-image-preview":"max-image-preview:large","max-video-preview":"max-video-preview:-1"},"canonical":"https:\/\/ocoerente.com.br\/se\/2021\/04\/28\/aracaju-precisou-suspender-a-vacinacao-de-coronavac-por-falta-de-insumos-enviados-pelo-governo-federal\/","og_locale":"pt_BR","og_type":"article","og_title":"Aracaju precisou suspender a vacina\u00e7\u00e3o de CoronaVac por falta de insumos enviados pelo Governo Federal - O Coerente","og_description":"\ud83d\udc89Aracaju precisou suspender a vacina\u00e7\u00e3o de CoronaVac por falta de insumos enviados pelo Governo Federal, por\u00e9m o Prefeito @edvaldonogueira j\u00e1 enviou um of\u00edcio em car\u00e1ter de urg\u00eancia ao Minist\u00e9rio da Sa\u00fade solicitando o envio de novas doses para a Capital. \ud83d\ude37No momento, a vacina AstraZeneca para profissionais de sa\u00fade, de seguran\u00e7a e de salvamento continua [&hellip;]","og_url":"https:\/\/ocoerente.com.br\/se\/2021\/04\/28\/aracaju-precisou-suspender-a-vacinacao-de-coronavac-por-falta-de-insumos-enviados-pelo-governo-federal\/","og_site_name":"O Coerente","article_published_time":"2021-04-28T17:11:28+00:00","article_modified_time":"2021-04-28T17:11:30+00:00","og_image":[{"width":1280,"height":853,"url":"https:\/\/ocoerente.com.br\/se\/wp-content\/uploads\/2021\/04\/coronavac.jpg","type":"image\/jpeg"}],"author":"Reda\u00e7\u00e3o","twitter_card":"summary_large_image","twitter_misc":{"Escrito por":"Reda\u00e7\u00e3o","Est. tempo de leitura":"1 minuto"},"schema":{"@context":"https:\/\/schema.org","@graph":[{"@type":"Article","@id":"https:\/\/ocoerente.com.br\/se\/2021\/04\/28\/aracaju-precisou-suspender-a-vacinacao-de-coronavac-por-falta-de-insumos-enviados-pelo-governo-federal\/#article","isPartOf":{"@id":"https:\/\/ocoerente.com.br\/se\/2021\/04\/28\/aracaju-precisou-suspender-a-vacinacao-de-coronavac-por-falta-de-insumos-enviados-pelo-governo-federal\/"},"author":{"name":"Reda\u00e7\u00e3o","@id":"https:\/\/ocoerente.com.br\/se\/#\/schema\/person\/cc6bfd9fbca465e23543b0c963d8d037"},"headline":"Aracaju precisou suspender a vacina\u00e7\u00e3o de CoronaVac por falta de insumos enviados pelo Governo Federal","datePublished":"2021-04-28T17:11:28+00:00","dateModified":"2021-04-28T17:11:30+00:00","mainEntityOfPage":{"@id":"https:\/\/ocoerente.com.br\/se\/2021\/04\/28\/aracaju-precisou-suspender-a-vacinacao-de-coronavac-por-falta-de-insumos-enviados-pelo-governo-federal\/"},"wordCount":125,"publisher":{"@id":"https:\/\/ocoerente.com.br\/se\/#\/schema\/person\/cc6bfd9fbca465e23543b0c963d8d037"},"image":{"@id":"https:\/\/ocoerente.com.br\/se\/2021\/04\/28\/aracaju-precisou-suspender-a-vacinacao-de-coronavac-por-falta-de-insumos-enviados-pelo-governo-federal\/#primaryimage"},"thumbnailUrl":"https:\/\/ocoerente.com.br\/se\/wp-content\/uploads\/2021\/04\/coronavac.jpg","articleSection":["Destaques","Sa\u00fade"],"inLanguage":"pt-BR"},{"@type":"WebPage","@id":"https:\/\/ocoerente.com.br\/se\/2021\/04\/28\/aracaju-precisou-suspender-a-vacinacao-de-coronavac-por-falta-de-insumos-enviados-pelo-governo-federal\/","url":"https:\/\/ocoerente.com.br\/se\/2021\/04\/28\/aracaju-precisou-suspender-a-vacinacao-de-coronavac-por-falta-de-insumos-enviados-pelo-governo-federal\/","name":"Aracaju precisou suspender a vacina\u00e7\u00e3o de CoronaVac por falta de insumos enviados pelo Governo Federal - O Coerente","isPartOf":{"@id":"https:\/\/ocoerente.com.br\/se\/#website"},"primaryImageOfPage":{"@id":"https:\/\/ocoerente.com.br\/se\/2021\/04\/28\/aracaju-precisou-suspender-a-vacinacao-de-coronavac-por-falta-de-insumos-enviados-pelo-governo-federal\/#primaryimage"},"image":{"@id":"https:\/\/ocoerente.com.br\/se\/2021\/04\/28\/aracaju-precisou-suspender-a-vacinacao-de-coronavac-por-falta-de-insumos-enviados-pelo-governo-federal\/#primaryimage"},"thumbnailUrl":"https:\/\/ocoerente.com.br\/se\/wp-content\/uploads\/2021\/04\/coronavac.jpg","datePublished":"2021-04-28T17:11:28+00:00","dateModified":"2021-04-28T17:11:30+00:00","breadcrumb":{"@id":"https:\/\/ocoerente.com.br\/se\/2021\/04\/28\/aracaju-precisou-suspender-a-vacinacao-de-coronavac-por-falta-de-insumos-enviados-pelo-governo-federal\/#breadcrumb"},"inLanguage":"pt-BR","potentialAction":[{"@type":"ReadAction","target":["https:\/\/ocoerente.com.br\/se\/2021\/04\/28\/aracaju-precisou-suspender-a-vacinacao-de-coronavac-por-falta-de-insumos-enviados-pelo-governo-federal\/"]}]},{"@type":"ImageObject","inLanguage":"pt-BR","@id":"https:\/\/ocoerente.com.br\/se\/2021\/04\/28\/aracaju-precisou-suspender-a-vacinacao-de-coronavac-por-falta-de-insumos-enviados-pelo-governo-federal\/#primaryimage","url":"https:\/\/ocoerente.com.br\/se\/wp-content\/uploads\/2021\/04\/coronavac.jpg","contentUrl":"https:\/\/ocoerente.com.br\/se\/wp-content\/uploads\/2021\/04\/coronavac.jpg","width":1280,"height":853},{"@type":"BreadcrumbList","@id":"https:\/\/ocoerente.com.br\/se\/2021\/04\/28\/aracaju-precisou-suspender-a-vacinacao-de-coronavac-por-falta-de-insumos-enviados-pelo-governo-federal\/#breadcrumb","itemListElement":[{"@type":"ListItem","position":1,"name":"In\u00edcio","item":"https:\/\/ocoerente.com.br\/se\/"},{"@type":"ListItem","position":2,"name":"Aracaju precisou suspender a vacina\u00e7\u00e3o de CoronaVac por falta de insumos enviados pelo Governo Federal"}]},{"@type":"WebSite","@id":"https:\/\/ocoerente.com.br\/se\/#website","url":"https:\/\/ocoerente.com.br\/se\/","name":"O Coerente","description":"","publisher":{"@id":"https:\/\/ocoerente.com.br\/se\/#\/schema\/person\/cc6bfd9fbca465e23543b0c963d8d037"},"potentialAction":[{"@type":"SearchAction","target":{"@type":"EntryPoint","urlTemplate":"https:\/\/ocoerente.com.br\/se\/?s={search_term_string}"},"query-input":{"@type":"PropertyValueSpecification","valueRequired":true,"valueName":"search_term_string"}}],"inLanguage":"pt-BR"},{"@type":["Person","Organization"],"@id":"https:\/\/ocoerente.com.br\/se\/#\/schema\/person\/cc6bfd9fbca465e23543b0c963d8d037","name":"Reda\u00e7\u00e3o","image":{"@type":"ImageObject","inLanguage":"pt-BR","@id":"https:\/\/ocoerente.com.br\/se\/wp-content\/uploads\/2020\/01\/ocoerente-1.png","url":"https:\/\/ocoerente.com.br\/se\/wp-content\/uploads\/2020\/01\/ocoerente-1.png","contentUrl":"https:\/\/ocoerente.com.br\/se\/wp-content\/uploads\/2020\/01\/ocoerente-1.png","width":50,"height":50,"caption":"Reda\u00e7\u00e3o"},"logo":{"@id":"https:\/\/ocoerente.com.br\/se\/wp-content\/uploads\/2020\/01\/ocoerente-1.png"},"url":"https:\/\/ocoerente.com.br\/se\/author\/vasticlsales\/"}]}},"_links":{"self":[{"href":"https:\/\/ocoerente.com.br\/se\/wp-json\/wp\/v2\/posts\/3312","targetHints":{"allow":["GET"]}}],"collection":[{"href":"https:\/\/ocoerente.com.br\/se\/wp-json\/wp\/v2\/posts"}],"about":[{"href":"https:\/\/ocoerente.com.br\/se\/wp-json\/wp\/v2\/types\/post"}],"author":[{"embeddable":true,"href":"https:\/\/ocoerente.com.br\/se\/wp-json\/wp\/v2\/users\/1"}],"replies":[{"embeddable":true,"href":"https:\/\/ocoerente.com.br\/se\/wp-json\/wp\/v2\/comments?post=3312"}],"version-history":[{"count":1,"href":"https:\/\/ocoerente.com.br\/se\/wp-json\/wp\/v2\/posts\/3312\/revisions"}],"predecessor-version":[{"id":3313,"href":"https:\/\/ocoerente.com.br\/se\/wp-json\/wp\/v2\/posts\/3312\/revisions\/3313"}],"wp:featuredmedia":[{"embeddable":true,"href":"https:\/\/ocoerente.com.br\/se\/wp-json\/wp\/v2\/media\/3277"}],"wp:attachment":[{"href":"https:\/\/ocoerente.com.br\/se\/wp-json\/wp\/v2\/media?parent=3312"}],"wp:term":[{"taxonomy":"category","embeddable":true,"href":"https:\/\/ocoerente.com.br\/se\/wp-json\/wp\/v2\/categories?post=3312"},{"taxonomy":"post_tag","embeddable":true,"href":"https:\/\/ocoerente.com.br\/se\/wp-json\/wp\/v2\/tags?post=3312"}],"curies":[{"name":"wp","href":"https:\/\/api.w.org\/{rel}","templated":true}]}}