{"id":3309,"date":"2021-04-28T14:10:16","date_gmt":"2021-04-28T17:10:16","guid":{"rendered":"https:\/\/ocoerente.com.br\/se\/?p=3309"},"modified":"2021-04-28T14:10:18","modified_gmt":"2021-04-28T17:10:18","slug":"prefeitura-orienta-sobre-eficacia-da-coronavac-em-prazo-maior-que-28-dias","status":"publish","type":"post","link":"https:\/\/ocoerente.com.br\/se\/2021\/04\/28\/prefeitura-orienta-sobre-eficacia-da-coronavac-em-prazo-maior-que-28-dias\/","title":{"rendered":"Prefeitura orienta sobre efic\u00e1cia da CoronaVac em prazo maior que 28 dias"},"content":{"rendered":"\n<p>Para que haja uma imunidade eficaz, a vacina\u00e7\u00e3o contra a covid-19 deve acontecer por meio de duas doses. Assim como em todo o pa\u00eds, a Prefeitura de Aracaju utiliza dois tipos de vacina, a CoronaVac e a AstraZeneca, sendo que a primeira possui um intervalo de 28 dias entre as aplica\u00e7\u00f5es, prazo que representa um n\u00edvel de efic\u00e1cia de 62,3%.&nbsp;<\/p>\n\n\n\n<p>A execu\u00e7\u00e3o do Plano Municipal de Imuniza\u00e7\u00e3o tem como fator preponderante o repasse de doses, via Minist\u00e9rio da Sa\u00fade, o que vem acontecendo desde o dia 18 de janeiro, mesmo que de maneira gradativa. Entretanto, diante da limita\u00e7\u00e3o atual, no envio de novas doses de CoronaVac, pelo MS aos estados e munic\u00edpios, a capital adotar\u00e1 novas medidas com base na nota t\u00e9cnica que ser\u00e1 enviada pelo \u00f3rg\u00e3o.&nbsp;<\/p>\n\n\n\n<p>Sobre a extens\u00e3o do prazo para aplica\u00e7\u00e3o entre as duas doses, a infectologista da Secretaria Municipal da Sa\u00fade (SMS), Fabr\u00edzia Tavares, explica que, obedecendo a uma razoabilidade de distanciamento, \u00e9 poss\u00edvel manter a mem\u00f3ria imune capaz de n\u00e3o comprometer os n\u00edveis de efic\u00e1cia.&nbsp;<\/p>\n\n\n\n<p>\u201cA primeira dose seria um \u201cdespertar\u201d da nossa imunidade para ter uma resposta inicial ao v\u00edrus. E ap\u00f3s um per\u00edodo razo\u00e1vel, a depender de cada vacina, seria necess\u00e1rio um booster, ou seja, uma nova dose, para reafirmar e manter em n\u00edveis satisfat\u00f3rios a nossa imunidade. Especificamente no caso da CoronaVac, cujo intervalo deve ser de 28 dias, o Programa Nacional de Imuniza\u00e7\u00e3o orienta que n\u00e3o existe um tempo ainda determinado entre as doses que justifique a inefic\u00e1cia e a n\u00e3o realiza\u00e7\u00e3o da segunda dose mesmo em intervalo estendido\u201d, declarou.&nbsp;<\/p>\n\n\n\n<p>A SMS tem atuado de maneira a realizar a correta aplica\u00e7\u00e3o dos imunizantes, de acordo com os procedimentos estabelecidos pelo Minist\u00e9rio da Sa\u00fade, t\u00e3o logo novas doses da vacina CoronaVac sejam repassadas ao Munic\u00edpio.<\/p>\n\n\n\n<p>&#8220;Esperamos que a chegada dessas novas doses n\u00e3o demore, para que n\u00e3o se exceda esse per\u00edodo de razoabilidade imune, e nos afastemos tanto das constata\u00e7\u00f5es dos estudos cl\u00ednicos encontrados nas pesquisas das vacinas. A recomenda\u00e7\u00e3o absoluta, at\u00e9 o momento, \u00e9 que deve ser feita sim a segunda dose das vacinas, mesmo excedendo os 28 dias pra CoronaVac e os 90 dias para a AstraZeneca&#8221;, declarou.<\/p>\n\n\n\n<p><strong>Nota T\u00e9cnica<\/strong><\/p>\n\n\n\n<p>Assim como projeta o munic\u00edpio de Aracaju e seguindo o que orienta a Nota T\u00e9cnica N\u00ba 457\/2021, do Minist\u00e9rio da Sa\u00fade \u201cainda que ocorram atrasos no esquema vacinal, o mesmo dever\u00e1 ser completado com a administra\u00e7\u00e3o da segunda dose o mais r\u00e1pido poss\u00edvel\u201d.<\/p>\n\n\n\n<p>Ainda de acordo com o documento, \u201ca\u00e7\u00f5es est\u00e3o sendo viabilizadas para o apoio \u00e0s 27 Unidades Federativas, de forma a promover a garantia da compensa\u00e7\u00e3o e fechamento dos esquemas (D1+D2) dos grupos priorit\u00e1rios iniciados, com as novas remessas a serem recebidas na primeira quinzena de maio\u201d.\u00a0\u00a0<\/p>\n\n\n\n<p>AAN<\/p>\n","protected":false},"excerpt":{"rendered":"<p>Para que haja uma imunidade eficaz, a vacina\u00e7\u00e3o contra a covid-19 deve acontecer por meio de duas doses. Assim como em todo o pa\u00eds, a Prefeitura de Aracaju utiliza dois tipos de vacina, a CoronaVac e a AstraZeneca, sendo que a primeira possui um intervalo de 28 dias entre as aplica\u00e7\u00f5es, prazo que representa um [&hellip;]<\/p>\n","protected":false},"author":1,"featured_media":3310,"comment_status":"closed","ping_status":"closed","sticky":false,"template":"","format":"standard","meta":{"footnotes":""},"categories":[53,54],"tags":[],"class_list":["post-3309","post","type-post","status-publish","format-standard","has-post-thumbnail","hentry","category-destaques","category-saude"],"yoast_head":"<!-- This site is optimized with the Yoast SEO plugin v27.4 - https:\/\/yoast.com\/product\/yoast-seo-wordpress\/ -->\n<title>Prefeitura orienta sobre efic\u00e1cia da CoronaVac em prazo maior que 28 dias - O Coerente<\/title>\n<meta name=\"robots\" content=\"index, follow, max-snippet:-1, max-image-preview:large, max-video-preview:-1\" \/>\n<link rel=\"canonical\" href=\"https:\/\/ocoerente.com.br\/se\/2021\/04\/28\/prefeitura-orienta-sobre-eficacia-da-coronavac-em-prazo-maior-que-28-dias\/\" \/>\n<meta property=\"og:locale\" content=\"pt_BR\" \/>\n<meta property=\"og:type\" content=\"article\" \/>\n<meta property=\"og:title\" content=\"Prefeitura orienta sobre efic\u00e1cia da CoronaVac em prazo maior que 28 dias - O Coerente\" \/>\n<meta property=\"og:description\" content=\"Para que haja uma imunidade eficaz, a vacina\u00e7\u00e3o contra a covid-19 deve acontecer por meio de duas doses. Assim como em todo o pa\u00eds, a Prefeitura de Aracaju utiliza dois tipos de vacina, a CoronaVac e a AstraZeneca, sendo que a primeira possui um intervalo de 28 dias entre as aplica\u00e7\u00f5es, prazo que representa um [&hellip;]\" \/>\n<meta property=\"og:url\" content=\"https:\/\/ocoerente.com.br\/se\/2021\/04\/28\/prefeitura-orienta-sobre-eficacia-da-coronavac-em-prazo-maior-que-28-dias\/\" \/>\n<meta property=\"og:site_name\" content=\"O Coerente\" \/>\n<meta property=\"article:published_time\" content=\"2021-04-28T17:10:16+00:00\" \/>\n<meta property=\"article:modified_time\" content=\"2021-04-28T17:10:18+00:00\" \/>\n<meta property=\"og:image\" content=\"https:\/\/ocoerente.com.br\/se\/wp-content\/uploads\/2021\/04\/drfabrizia_tavares.jpg\" \/>\n\t<meta property=\"og:image:width\" content=\"1400\" \/>\n\t<meta property=\"og:image:height\" content=\"986\" \/>\n\t<meta property=\"og:image:type\" content=\"image\/jpeg\" \/>\n<meta name=\"author\" content=\"Reda\u00e7\u00e3o\" \/>\n<meta name=\"twitter:card\" content=\"summary_large_image\" \/>\n<meta name=\"twitter:label1\" content=\"Escrito por\" \/>\n\t<meta name=\"twitter:data1\" content=\"Reda\u00e7\u00e3o\" \/>\n\t<meta name=\"twitter:label2\" content=\"Est. tempo de leitura\" \/>\n\t<meta name=\"twitter:data2\" content=\"2 minutos\" \/>\n<script type=\"application\/ld+json\" class=\"yoast-schema-graph\">{\"@context\":\"https:\\\/\\\/schema.org\",\"@graph\":[{\"@type\":\"Article\",\"@id\":\"https:\\\/\\\/ocoerente.com.br\\\/se\\\/2021\\\/04\\\/28\\\/prefeitura-orienta-sobre-eficacia-da-coronavac-em-prazo-maior-que-28-dias\\\/#article\",\"isPartOf\":{\"@id\":\"https:\\\/\\\/ocoerente.com.br\\\/se\\\/2021\\\/04\\\/28\\\/prefeitura-orienta-sobre-eficacia-da-coronavac-em-prazo-maior-que-28-dias\\\/\"},\"author\":{\"name\":\"Reda\u00e7\u00e3o\",\"@id\":\"https:\\\/\\\/ocoerente.com.br\\\/se\\\/#\\\/schema\\\/person\\\/cc6bfd9fbca465e23543b0c963d8d037\"},\"headline\":\"Prefeitura orienta sobre efic\u00e1cia da CoronaVac em prazo maior que 28 dias\",\"datePublished\":\"2021-04-28T17:10:16+00:00\",\"dateModified\":\"2021-04-28T17:10:18+00:00\",\"mainEntityOfPage\":{\"@id\":\"https:\\\/\\\/ocoerente.com.br\\\/se\\\/2021\\\/04\\\/28\\\/prefeitura-orienta-sobre-eficacia-da-coronavac-em-prazo-maior-que-28-dias\\\/\"},\"wordCount\":514,\"publisher\":{\"@id\":\"https:\\\/\\\/ocoerente.com.br\\\/se\\\/#\\\/schema\\\/person\\\/cc6bfd9fbca465e23543b0c963d8d037\"},\"image\":{\"@id\":\"https:\\\/\\\/ocoerente.com.br\\\/se\\\/2021\\\/04\\\/28\\\/prefeitura-orienta-sobre-eficacia-da-coronavac-em-prazo-maior-que-28-dias\\\/#primaryimage\"},\"thumbnailUrl\":\"https:\\\/\\\/ocoerente.com.br\\\/se\\\/wp-content\\\/uploads\\\/2021\\\/04\\\/drfabrizia_tavares.jpg\",\"articleSection\":[\"Destaques\",\"Sa\u00fade\"],\"inLanguage\":\"pt-BR\"},{\"@type\":\"WebPage\",\"@id\":\"https:\\\/\\\/ocoerente.com.br\\\/se\\\/2021\\\/04\\\/28\\\/prefeitura-orienta-sobre-eficacia-da-coronavac-em-prazo-maior-que-28-dias\\\/\",\"url\":\"https:\\\/\\\/ocoerente.com.br\\\/se\\\/2021\\\/04\\\/28\\\/prefeitura-orienta-sobre-eficacia-da-coronavac-em-prazo-maior-que-28-dias\\\/\",\"name\":\"Prefeitura orienta sobre efic\u00e1cia da CoronaVac em prazo maior que 28 dias - O Coerente\",\"isPartOf\":{\"@id\":\"https:\\\/\\\/ocoerente.com.br\\\/se\\\/#website\"},\"primaryImageOfPage\":{\"@id\":\"https:\\\/\\\/ocoerente.com.br\\\/se\\\/2021\\\/04\\\/28\\\/prefeitura-orienta-sobre-eficacia-da-coronavac-em-prazo-maior-que-28-dias\\\/#primaryimage\"},\"image\":{\"@id\":\"https:\\\/\\\/ocoerente.com.br\\\/se\\\/2021\\\/04\\\/28\\\/prefeitura-orienta-sobre-eficacia-da-coronavac-em-prazo-maior-que-28-dias\\\/#primaryimage\"},\"thumbnailUrl\":\"https:\\\/\\\/ocoerente.com.br\\\/se\\\/wp-content\\\/uploads\\\/2021\\\/04\\\/drfabrizia_tavares.jpg\",\"datePublished\":\"2021-04-28T17:10:16+00:00\",\"dateModified\":\"2021-04-28T17:10:18+00:00\",\"breadcrumb\":{\"@id\":\"https:\\\/\\\/ocoerente.com.br\\\/se\\\/2021\\\/04\\\/28\\\/prefeitura-orienta-sobre-eficacia-da-coronavac-em-prazo-maior-que-28-dias\\\/#breadcrumb\"},\"inLanguage\":\"pt-BR\",\"potentialAction\":[{\"@type\":\"ReadAction\",\"target\":[\"https:\\\/\\\/ocoerente.com.br\\\/se\\\/2021\\\/04\\\/28\\\/prefeitura-orienta-sobre-eficacia-da-coronavac-em-prazo-maior-que-28-dias\\\/\"]}]},{\"@type\":\"ImageObject\",\"inLanguage\":\"pt-BR\",\"@id\":\"https:\\\/\\\/ocoerente.com.br\\\/se\\\/2021\\\/04\\\/28\\\/prefeitura-orienta-sobre-eficacia-da-coronavac-em-prazo-maior-que-28-dias\\\/#primaryimage\",\"url\":\"https:\\\/\\\/ocoerente.com.br\\\/se\\\/wp-content\\\/uploads\\\/2021\\\/04\\\/drfabrizia_tavares.jpg\",\"contentUrl\":\"https:\\\/\\\/ocoerente.com.br\\\/se\\\/wp-content\\\/uploads\\\/2021\\\/04\\\/drfabrizia_tavares.jpg\",\"width\":1400,\"height\":986},{\"@type\":\"BreadcrumbList\",\"@id\":\"https:\\\/\\\/ocoerente.com.br\\\/se\\\/2021\\\/04\\\/28\\\/prefeitura-orienta-sobre-eficacia-da-coronavac-em-prazo-maior-que-28-dias\\\/#breadcrumb\",\"itemListElement\":[{\"@type\":\"ListItem\",\"position\":1,\"name\":\"In\u00edcio\",\"item\":\"https:\\\/\\\/ocoerente.com.br\\\/se\\\/\"},{\"@type\":\"ListItem\",\"position\":2,\"name\":\"Prefeitura orienta sobre efic\u00e1cia da CoronaVac em prazo maior que 28 dias\"}]},{\"@type\":\"WebSite\",\"@id\":\"https:\\\/\\\/ocoerente.com.br\\\/se\\\/#website\",\"url\":\"https:\\\/\\\/ocoerente.com.br\\\/se\\\/\",\"name\":\"O Coerente\",\"description\":\"\",\"publisher\":{\"@id\":\"https:\\\/\\\/ocoerente.com.br\\\/se\\\/#\\\/schema\\\/person\\\/cc6bfd9fbca465e23543b0c963d8d037\"},\"potentialAction\":[{\"@type\":\"SearchAction\",\"target\":{\"@type\":\"EntryPoint\",\"urlTemplate\":\"https:\\\/\\\/ocoerente.com.br\\\/se\\\/?s={search_term_string}\"},\"query-input\":{\"@type\":\"PropertyValueSpecification\",\"valueRequired\":true,\"valueName\":\"search_term_string\"}}],\"inLanguage\":\"pt-BR\"},{\"@type\":[\"Person\",\"Organization\"],\"@id\":\"https:\\\/\\\/ocoerente.com.br\\\/se\\\/#\\\/schema\\\/person\\\/cc6bfd9fbca465e23543b0c963d8d037\",\"name\":\"Reda\u00e7\u00e3o\",\"image\":{\"@type\":\"ImageObject\",\"inLanguage\":\"pt-BR\",\"@id\":\"https:\\\/\\\/ocoerente.com.br\\\/se\\\/wp-content\\\/uploads\\\/2020\\\/01\\\/ocoerente-1.png\",\"url\":\"https:\\\/\\\/ocoerente.com.br\\\/se\\\/wp-content\\\/uploads\\\/2020\\\/01\\\/ocoerente-1.png\",\"contentUrl\":\"https:\\\/\\\/ocoerente.com.br\\\/se\\\/wp-content\\\/uploads\\\/2020\\\/01\\\/ocoerente-1.png\",\"width\":50,\"height\":50,\"caption\":\"Reda\u00e7\u00e3o\"},\"logo\":{\"@id\":\"https:\\\/\\\/ocoerente.com.br\\\/se\\\/wp-content\\\/uploads\\\/2020\\\/01\\\/ocoerente-1.png\"},\"url\":\"https:\\\/\\\/ocoerente.com.br\\\/se\\\/author\\\/vasticlsales\\\/\"}]}<\/script>\n<!-- \/ Yoast SEO plugin. -->","yoast_head_json":{"title":"Prefeitura orienta sobre efic\u00e1cia da CoronaVac em prazo maior que 28 dias - O Coerente","robots":{"index":"index","follow":"follow","max-snippet":"max-snippet:-1","max-image-preview":"max-image-preview:large","max-video-preview":"max-video-preview:-1"},"canonical":"https:\/\/ocoerente.com.br\/se\/2021\/04\/28\/prefeitura-orienta-sobre-eficacia-da-coronavac-em-prazo-maior-que-28-dias\/","og_locale":"pt_BR","og_type":"article","og_title":"Prefeitura orienta sobre efic\u00e1cia da CoronaVac em prazo maior que 28 dias - O Coerente","og_description":"Para que haja uma imunidade eficaz, a vacina\u00e7\u00e3o contra a covid-19 deve acontecer por meio de duas doses. Assim como em todo o pa\u00eds, a Prefeitura de Aracaju utiliza dois tipos de vacina, a CoronaVac e a AstraZeneca, sendo que a primeira possui um intervalo de 28 dias entre as aplica\u00e7\u00f5es, prazo que representa um [&hellip;]","og_url":"https:\/\/ocoerente.com.br\/se\/2021\/04\/28\/prefeitura-orienta-sobre-eficacia-da-coronavac-em-prazo-maior-que-28-dias\/","og_site_name":"O Coerente","article_published_time":"2021-04-28T17:10:16+00:00","article_modified_time":"2021-04-28T17:10:18+00:00","og_image":[{"width":1400,"height":986,"url":"https:\/\/ocoerente.com.br\/se\/wp-content\/uploads\/2021\/04\/drfabrizia_tavares.jpg","type":"image\/jpeg"}],"author":"Reda\u00e7\u00e3o","twitter_card":"summary_large_image","twitter_misc":{"Escrito por":"Reda\u00e7\u00e3o","Est. tempo de leitura":"2 minutos"},"schema":{"@context":"https:\/\/schema.org","@graph":[{"@type":"Article","@id":"https:\/\/ocoerente.com.br\/se\/2021\/04\/28\/prefeitura-orienta-sobre-eficacia-da-coronavac-em-prazo-maior-que-28-dias\/#article","isPartOf":{"@id":"https:\/\/ocoerente.com.br\/se\/2021\/04\/28\/prefeitura-orienta-sobre-eficacia-da-coronavac-em-prazo-maior-que-28-dias\/"},"author":{"name":"Reda\u00e7\u00e3o","@id":"https:\/\/ocoerente.com.br\/se\/#\/schema\/person\/cc6bfd9fbca465e23543b0c963d8d037"},"headline":"Prefeitura orienta sobre efic\u00e1cia da CoronaVac em prazo maior que 28 dias","datePublished":"2021-04-28T17:10:16+00:00","dateModified":"2021-04-28T17:10:18+00:00","mainEntityOfPage":{"@id":"https:\/\/ocoerente.com.br\/se\/2021\/04\/28\/prefeitura-orienta-sobre-eficacia-da-coronavac-em-prazo-maior-que-28-dias\/"},"wordCount":514,"publisher":{"@id":"https:\/\/ocoerente.com.br\/se\/#\/schema\/person\/cc6bfd9fbca465e23543b0c963d8d037"},"image":{"@id":"https:\/\/ocoerente.com.br\/se\/2021\/04\/28\/prefeitura-orienta-sobre-eficacia-da-coronavac-em-prazo-maior-que-28-dias\/#primaryimage"},"thumbnailUrl":"https:\/\/ocoerente.com.br\/se\/wp-content\/uploads\/2021\/04\/drfabrizia_tavares.jpg","articleSection":["Destaques","Sa\u00fade"],"inLanguage":"pt-BR"},{"@type":"WebPage","@id":"https:\/\/ocoerente.com.br\/se\/2021\/04\/28\/prefeitura-orienta-sobre-eficacia-da-coronavac-em-prazo-maior-que-28-dias\/","url":"https:\/\/ocoerente.com.br\/se\/2021\/04\/28\/prefeitura-orienta-sobre-eficacia-da-coronavac-em-prazo-maior-que-28-dias\/","name":"Prefeitura orienta sobre efic\u00e1cia da CoronaVac em prazo maior que 28 dias - O Coerente","isPartOf":{"@id":"https:\/\/ocoerente.com.br\/se\/#website"},"primaryImageOfPage":{"@id":"https:\/\/ocoerente.com.br\/se\/2021\/04\/28\/prefeitura-orienta-sobre-eficacia-da-coronavac-em-prazo-maior-que-28-dias\/#primaryimage"},"image":{"@id":"https:\/\/ocoerente.com.br\/se\/2021\/04\/28\/prefeitura-orienta-sobre-eficacia-da-coronavac-em-prazo-maior-que-28-dias\/#primaryimage"},"thumbnailUrl":"https:\/\/ocoerente.com.br\/se\/wp-content\/uploads\/2021\/04\/drfabrizia_tavares.jpg","datePublished":"2021-04-28T17:10:16+00:00","dateModified":"2021-04-28T17:10:18+00:00","breadcrumb":{"@id":"https:\/\/ocoerente.com.br\/se\/2021\/04\/28\/prefeitura-orienta-sobre-eficacia-da-coronavac-em-prazo-maior-que-28-dias\/#breadcrumb"},"inLanguage":"pt-BR","potentialAction":[{"@type":"ReadAction","target":["https:\/\/ocoerente.com.br\/se\/2021\/04\/28\/prefeitura-orienta-sobre-eficacia-da-coronavac-em-prazo-maior-que-28-dias\/"]}]},{"@type":"ImageObject","inLanguage":"pt-BR","@id":"https:\/\/ocoerente.com.br\/se\/2021\/04\/28\/prefeitura-orienta-sobre-eficacia-da-coronavac-em-prazo-maior-que-28-dias\/#primaryimage","url":"https:\/\/ocoerente.com.br\/se\/wp-content\/uploads\/2021\/04\/drfabrizia_tavares.jpg","contentUrl":"https:\/\/ocoerente.com.br\/se\/wp-content\/uploads\/2021\/04\/drfabrizia_tavares.jpg","width":1400,"height":986},{"@type":"BreadcrumbList","@id":"https:\/\/ocoerente.com.br\/se\/2021\/04\/28\/prefeitura-orienta-sobre-eficacia-da-coronavac-em-prazo-maior-que-28-dias\/#breadcrumb","itemListElement":[{"@type":"ListItem","position":1,"name":"In\u00edcio","item":"https:\/\/ocoerente.com.br\/se\/"},{"@type":"ListItem","position":2,"name":"Prefeitura orienta sobre efic\u00e1cia da CoronaVac em prazo maior que 28 dias"}]},{"@type":"WebSite","@id":"https:\/\/ocoerente.com.br\/se\/#website","url":"https:\/\/ocoerente.com.br\/se\/","name":"O Coerente","description":"","publisher":{"@id":"https:\/\/ocoerente.com.br\/se\/#\/schema\/person\/cc6bfd9fbca465e23543b0c963d8d037"},"potentialAction":[{"@type":"SearchAction","target":{"@type":"EntryPoint","urlTemplate":"https:\/\/ocoerente.com.br\/se\/?s={search_term_string}"},"query-input":{"@type":"PropertyValueSpecification","valueRequired":true,"valueName":"search_term_string"}}],"inLanguage":"pt-BR"},{"@type":["Person","Organization"],"@id":"https:\/\/ocoerente.com.br\/se\/#\/schema\/person\/cc6bfd9fbca465e23543b0c963d8d037","name":"Reda\u00e7\u00e3o","image":{"@type":"ImageObject","inLanguage":"pt-BR","@id":"https:\/\/ocoerente.com.br\/se\/wp-content\/uploads\/2020\/01\/ocoerente-1.png","url":"https:\/\/ocoerente.com.br\/se\/wp-content\/uploads\/2020\/01\/ocoerente-1.png","contentUrl":"https:\/\/ocoerente.com.br\/se\/wp-content\/uploads\/2020\/01\/ocoerente-1.png","width":50,"height":50,"caption":"Reda\u00e7\u00e3o"},"logo":{"@id":"https:\/\/ocoerente.com.br\/se\/wp-content\/uploads\/2020\/01\/ocoerente-1.png"},"url":"https:\/\/ocoerente.com.br\/se\/author\/vasticlsales\/"}]}},"_links":{"self":[{"href":"https:\/\/ocoerente.com.br\/se\/wp-json\/wp\/v2\/posts\/3309","targetHints":{"allow":["GET"]}}],"collection":[{"href":"https:\/\/ocoerente.com.br\/se\/wp-json\/wp\/v2\/posts"}],"about":[{"href":"https:\/\/ocoerente.com.br\/se\/wp-json\/wp\/v2\/types\/post"}],"author":[{"embeddable":true,"href":"https:\/\/ocoerente.com.br\/se\/wp-json\/wp\/v2\/users\/1"}],"replies":[{"embeddable":true,"href":"https:\/\/ocoerente.com.br\/se\/wp-json\/wp\/v2\/comments?post=3309"}],"version-history":[{"count":1,"href":"https:\/\/ocoerente.com.br\/se\/wp-json\/wp\/v2\/posts\/3309\/revisions"}],"predecessor-version":[{"id":3311,"href":"https:\/\/ocoerente.com.br\/se\/wp-json\/wp\/v2\/posts\/3309\/revisions\/3311"}],"wp:featuredmedia":[{"embeddable":true,"href":"https:\/\/ocoerente.com.br\/se\/wp-json\/wp\/v2\/media\/3310"}],"wp:attachment":[{"href":"https:\/\/ocoerente.com.br\/se\/wp-json\/wp\/v2\/media?parent=3309"}],"wp:term":[{"taxonomy":"category","embeddable":true,"href":"https:\/\/ocoerente.com.br\/se\/wp-json\/wp\/v2\/categories?post=3309"},{"taxonomy":"post_tag","embeddable":true,"href":"https:\/\/ocoerente.com.br\/se\/wp-json\/wp\/v2\/tags?post=3309"}],"curies":[{"name":"wp","href":"https:\/\/api.w.org\/{rel}","templated":true}]}}