{"id":2860,"date":"2021-03-15T01:00:25","date_gmt":"2021-03-15T04:00:25","guid":{"rendered":"https:\/\/ocoerente.com.br\/se\/?p=2860"},"modified":"2021-03-15T01:00:26","modified_gmt":"2021-03-15T04:00:26","slug":"prefeitura-de-aracaju-passa-a-ofertar-105-leitos-exclusivos-para-covid-19","status":"publish","type":"post","link":"https:\/\/ocoerente.com.br\/se\/2021\/03\/15\/prefeitura-de-aracaju-passa-a-ofertar-105-leitos-exclusivos-para-covid-19\/","title":{"rendered":"Prefeitura de Aracaju passa a ofertar 105 leitos exclusivos para covid-19"},"content":{"rendered":"\n<p>Neste domingo, 14, por interm\u00e9dio de equipes da Secretaria Municipal da Sa\u00fade (SMS), a Prefeitura de Aracaju realizou uma for\u00e7a-tarefa para a estrutura\u00e7\u00e3o dos 28 leitos de retaguarda, montados no Hospital de Urg\u00eancias Governador Jo\u00e3o Alves Filho (Huse), os quais devem ser disponibilizados para atendimento de pacientes da capital com covid-19.\u00a0<br>A previs\u00e3o \u00e9 de que, com a finaliza\u00e7\u00e3o da montagem, seja feita a transfer\u00eancia dos pacientes que atualmente se encontram nas urg\u00eancias dos hospitais municipais Fernando Franco e Nestor Piva.\u00a0<\/p>\n\n\n\n<p>Com os 28 leitos implantados no Huse, a rede municipal passa a ofertar 105 vagas, considerando as 33 vagas no Nestor Piva, 25 no Fernando Franco e as 19 no Hospital S\u00e3o Jos\u00e9.\u00a0<br>\u201cEsses leitos ser\u00e3o muito importantes porque o momento que n\u00f3s estamos vivendo \u00e9 de superlota\u00e7\u00e3o de leitos, principalmente de portas de urg\u00eancia. Aqui em Aracaju, n\u00f3s temos duas portas que s\u00e3o o Hospital Nestor Piva e o Hospital Fernando de Franco e, diariamente, esses leitos est\u00e3o completamente ocupados. Ent\u00e3o, esses leitos v\u00eam no momento ideal, para que a gente consiga deixar essas portas abertas para os pacientes que est\u00e3o adoecendo\u201d, explica a secret\u00e1ria da Sa\u00fade de Aracaju, Waneska Barboza.\u00a0<\/p>\n\n\n\n<p>O objetivo \u00e9 priorizar os casos mais cr\u00edticos, contando com a estrutura que o Huse disp\u00f5e. \u201cVamos priorizar os pacientes mais cr\u00edticos, visto que n\u00f3s estamos na estrutura do maior hospital do estado, que tem condi\u00e7\u00f5es de dar uma assist\u00eancia melhor a esses pacientes. N\u00f3s estamos esperando que ainda hoje j\u00e1 comece a receber pacientes, inclusive j\u00e1 pedimos aos dois hospitais que elencassem seus pacientes que t\u00eam condi\u00e7\u00f5es de vir para c\u00e1. J\u00e1 deixamos a nossa ambul\u00e2ncia preparada, entramos em contato com a regula\u00e7\u00e3o municipal para assim que acabar de preparar tudo, j\u00e1 comece a receber esses pacientes e a desafogar as portas de urg\u00eancia dando um tratamento melhor, inclusive para os pacientes cr\u00edticos que est\u00e3o l\u00e1 e necessitando, inclusive, de leitos de UTI\u201d, ressaltou Waneska.<\/p>\n\n\n\n<p>Leitos de retaguardaOs leitos estruturados no Huse para atendimento covid pelo munic\u00edpio de Aracaju s\u00e3o leitos de retaguarda, tanto de enfermaria, quanto de estabiliza\u00e7\u00e3o. Como o objetivo \u00e9 desafogar as portas de urg\u00eancia e emerg\u00eancia, pacientes atendidos pelos hospitais municipais que necessitam de interna\u00e7\u00e3o e est\u00e3o com quadro mais cr\u00edtico ser\u00e3o transferidos dos hospitais municipais para assist\u00eancia nesses novos leitos.\u00a0<\/p>\n\n\n\n<p>De acordo com a coordenadora dos leitos de retaguarda, Natalia Coelho, as equipes j\u00e1 est\u00e3o atuando desde a tarde deste domingo, 14. \u201cForam trazidos todos os equipamentos, os materiais e iniciamos essa for\u00e7a-tarefa para abrir os leitos o mais r\u00e1pido poss\u00edvel. N\u00f3s vamos ter, trabalhando por turno, 30 profissionais, entre m\u00e9dicos, enfermeiros, t\u00e9cnicos e pessoal do administrativo. E eles j\u00e1 est\u00e3o trabalhando para deixarmos tudo pronto e recebermos os primeiros pacientes\u201d, declarou.<\/p>\n\n\n\n<p>AAN<\/p>\n","protected":false},"excerpt":{"rendered":"<p>Neste domingo, 14, por interm\u00e9dio de equipes da Secretaria Municipal da Sa\u00fade (SMS), a Prefeitura de Aracaju realizou uma for\u00e7a-tarefa para a estrutura\u00e7\u00e3o dos 28 leitos de retaguarda, montados no Hospital de Urg\u00eancias Governador Jo\u00e3o Alves Filho (Huse), os quais devem ser disponibilizados para atendimento de pacientes da capital com covid-19.\u00a0A previs\u00e3o \u00e9 de que, [&hellip;]<\/p>\n","protected":false},"author":1,"featured_media":2861,"comment_status":"closed","ping_status":"closed","sticky":false,"template":"","format":"standard","meta":{"footnotes":""},"categories":[53,54],"tags":[],"class_list":["post-2860","post","type-post","status-publish","format-standard","has-post-thumbnail","hentry","category-destaques","category-saude"],"yoast_head":"<!-- This site is optimized with the Yoast SEO plugin v27.4 - https:\/\/yoast.com\/product\/yoast-seo-wordpress\/ -->\n<title>Prefeitura de Aracaju passa a ofertar 105 leitos exclusivos para covid-19 - O Coerente<\/title>\n<meta name=\"robots\" content=\"index, follow, max-snippet:-1, max-image-preview:large, max-video-preview:-1\" \/>\n<link rel=\"canonical\" href=\"https:\/\/ocoerente.com.br\/se\/2021\/03\/15\/prefeitura-de-aracaju-passa-a-ofertar-105-leitos-exclusivos-para-covid-19\/\" \/>\n<meta property=\"og:locale\" content=\"pt_BR\" \/>\n<meta property=\"og:type\" content=\"article\" \/>\n<meta property=\"og:title\" content=\"Prefeitura de Aracaju passa a ofertar 105 leitos exclusivos para covid-19 - O Coerente\" \/>\n<meta property=\"og:description\" content=\"Neste domingo, 14, por interm\u00e9dio de equipes da Secretaria Municipal da Sa\u00fade (SMS), a Prefeitura de Aracaju realizou uma for\u00e7a-tarefa para a estrutura\u00e7\u00e3o dos 28 leitos de retaguarda, montados no Hospital de Urg\u00eancias Governador Jo\u00e3o Alves Filho (Huse), os quais devem ser disponibilizados para atendimento de pacientes da capital com covid-19.\u00a0A previs\u00e3o \u00e9 de que, [&hellip;]\" \/>\n<meta property=\"og:url\" content=\"https:\/\/ocoerente.com.br\/se\/2021\/03\/15\/prefeitura-de-aracaju-passa-a-ofertar-105-leitos-exclusivos-para-covid-19\/\" \/>\n<meta property=\"og:site_name\" content=\"O Coerente\" \/>\n<meta property=\"article:published_time\" content=\"2021-03-15T04:00:25+00:00\" \/>\n<meta property=\"article:modified_time\" content=\"2021-03-15T04:00:26+00:00\" \/>\n<meta property=\"og:image\" content=\"https:\/\/ocoerente.com.br\/se\/wp-content\/uploads\/2021\/03\/leitoscovid150unidades.jpg\" \/>\n\t<meta property=\"og:image:width\" content=\"1280\" \/>\n\t<meta property=\"og:image:height\" content=\"853\" \/>\n\t<meta property=\"og:image:type\" content=\"image\/jpeg\" \/>\n<meta name=\"author\" content=\"Reda\u00e7\u00e3o\" \/>\n<meta name=\"twitter:card\" content=\"summary_large_image\" \/>\n<meta name=\"twitter:label1\" content=\"Escrito por\" \/>\n\t<meta name=\"twitter:data1\" content=\"Reda\u00e7\u00e3o\" \/>\n\t<meta name=\"twitter:label2\" content=\"Est. tempo de leitura\" \/>\n\t<meta name=\"twitter:data2\" content=\"2 minutos\" \/>\n<script type=\"application\/ld+json\" class=\"yoast-schema-graph\">{\"@context\":\"https:\\\/\\\/schema.org\",\"@graph\":[{\"@type\":\"Article\",\"@id\":\"https:\\\/\\\/ocoerente.com.br\\\/se\\\/2021\\\/03\\\/15\\\/prefeitura-de-aracaju-passa-a-ofertar-105-leitos-exclusivos-para-covid-19\\\/#article\",\"isPartOf\":{\"@id\":\"https:\\\/\\\/ocoerente.com.br\\\/se\\\/2021\\\/03\\\/15\\\/prefeitura-de-aracaju-passa-a-ofertar-105-leitos-exclusivos-para-covid-19\\\/\"},\"author\":{\"name\":\"Reda\u00e7\u00e3o\",\"@id\":\"https:\\\/\\\/ocoerente.com.br\\\/se\\\/#\\\/schema\\\/person\\\/cc6bfd9fbca465e23543b0c963d8d037\"},\"headline\":\"Prefeitura de Aracaju passa a ofertar 105 leitos exclusivos para covid-19\",\"datePublished\":\"2021-03-15T04:00:25+00:00\",\"dateModified\":\"2021-03-15T04:00:26+00:00\",\"mainEntityOfPage\":{\"@id\":\"https:\\\/\\\/ocoerente.com.br\\\/se\\\/2021\\\/03\\\/15\\\/prefeitura-de-aracaju-passa-a-ofertar-105-leitos-exclusivos-para-covid-19\\\/\"},\"wordCount\":504,\"publisher\":{\"@id\":\"https:\\\/\\\/ocoerente.com.br\\\/se\\\/#\\\/schema\\\/person\\\/cc6bfd9fbca465e23543b0c963d8d037\"},\"image\":{\"@id\":\"https:\\\/\\\/ocoerente.com.br\\\/se\\\/2021\\\/03\\\/15\\\/prefeitura-de-aracaju-passa-a-ofertar-105-leitos-exclusivos-para-covid-19\\\/#primaryimage\"},\"thumbnailUrl\":\"https:\\\/\\\/ocoerente.com.br\\\/se\\\/wp-content\\\/uploads\\\/2021\\\/03\\\/leitoscovid150unidades.jpg\",\"articleSection\":[\"Destaques\",\"Sa\u00fade\"],\"inLanguage\":\"pt-BR\"},{\"@type\":\"WebPage\",\"@id\":\"https:\\\/\\\/ocoerente.com.br\\\/se\\\/2021\\\/03\\\/15\\\/prefeitura-de-aracaju-passa-a-ofertar-105-leitos-exclusivos-para-covid-19\\\/\",\"url\":\"https:\\\/\\\/ocoerente.com.br\\\/se\\\/2021\\\/03\\\/15\\\/prefeitura-de-aracaju-passa-a-ofertar-105-leitos-exclusivos-para-covid-19\\\/\",\"name\":\"Prefeitura de Aracaju passa a ofertar 105 leitos exclusivos para covid-19 - O Coerente\",\"isPartOf\":{\"@id\":\"https:\\\/\\\/ocoerente.com.br\\\/se\\\/#website\"},\"primaryImageOfPage\":{\"@id\":\"https:\\\/\\\/ocoerente.com.br\\\/se\\\/2021\\\/03\\\/15\\\/prefeitura-de-aracaju-passa-a-ofertar-105-leitos-exclusivos-para-covid-19\\\/#primaryimage\"},\"image\":{\"@id\":\"https:\\\/\\\/ocoerente.com.br\\\/se\\\/2021\\\/03\\\/15\\\/prefeitura-de-aracaju-passa-a-ofertar-105-leitos-exclusivos-para-covid-19\\\/#primaryimage\"},\"thumbnailUrl\":\"https:\\\/\\\/ocoerente.com.br\\\/se\\\/wp-content\\\/uploads\\\/2021\\\/03\\\/leitoscovid150unidades.jpg\",\"datePublished\":\"2021-03-15T04:00:25+00:00\",\"dateModified\":\"2021-03-15T04:00:26+00:00\",\"breadcrumb\":{\"@id\":\"https:\\\/\\\/ocoerente.com.br\\\/se\\\/2021\\\/03\\\/15\\\/prefeitura-de-aracaju-passa-a-ofertar-105-leitos-exclusivos-para-covid-19\\\/#breadcrumb\"},\"inLanguage\":\"pt-BR\",\"potentialAction\":[{\"@type\":\"ReadAction\",\"target\":[\"https:\\\/\\\/ocoerente.com.br\\\/se\\\/2021\\\/03\\\/15\\\/prefeitura-de-aracaju-passa-a-ofertar-105-leitos-exclusivos-para-covid-19\\\/\"]}]},{\"@type\":\"ImageObject\",\"inLanguage\":\"pt-BR\",\"@id\":\"https:\\\/\\\/ocoerente.com.br\\\/se\\\/2021\\\/03\\\/15\\\/prefeitura-de-aracaju-passa-a-ofertar-105-leitos-exclusivos-para-covid-19\\\/#primaryimage\",\"url\":\"https:\\\/\\\/ocoerente.com.br\\\/se\\\/wp-content\\\/uploads\\\/2021\\\/03\\\/leitoscovid150unidades.jpg\",\"contentUrl\":\"https:\\\/\\\/ocoerente.com.br\\\/se\\\/wp-content\\\/uploads\\\/2021\\\/03\\\/leitoscovid150unidades.jpg\",\"width\":1280,\"height\":853},{\"@type\":\"BreadcrumbList\",\"@id\":\"https:\\\/\\\/ocoerente.com.br\\\/se\\\/2021\\\/03\\\/15\\\/prefeitura-de-aracaju-passa-a-ofertar-105-leitos-exclusivos-para-covid-19\\\/#breadcrumb\",\"itemListElement\":[{\"@type\":\"ListItem\",\"position\":1,\"name\":\"In\u00edcio\",\"item\":\"https:\\\/\\\/ocoerente.com.br\\\/se\\\/\"},{\"@type\":\"ListItem\",\"position\":2,\"name\":\"Prefeitura de Aracaju passa a ofertar 105 leitos exclusivos para covid-19\"}]},{\"@type\":\"WebSite\",\"@id\":\"https:\\\/\\\/ocoerente.com.br\\\/se\\\/#website\",\"url\":\"https:\\\/\\\/ocoerente.com.br\\\/se\\\/\",\"name\":\"O Coerente\",\"description\":\"\",\"publisher\":{\"@id\":\"https:\\\/\\\/ocoerente.com.br\\\/se\\\/#\\\/schema\\\/person\\\/cc6bfd9fbca465e23543b0c963d8d037\"},\"potentialAction\":[{\"@type\":\"SearchAction\",\"target\":{\"@type\":\"EntryPoint\",\"urlTemplate\":\"https:\\\/\\\/ocoerente.com.br\\\/se\\\/?s={search_term_string}\"},\"query-input\":{\"@type\":\"PropertyValueSpecification\",\"valueRequired\":true,\"valueName\":\"search_term_string\"}}],\"inLanguage\":\"pt-BR\"},{\"@type\":[\"Person\",\"Organization\"],\"@id\":\"https:\\\/\\\/ocoerente.com.br\\\/se\\\/#\\\/schema\\\/person\\\/cc6bfd9fbca465e23543b0c963d8d037\",\"name\":\"Reda\u00e7\u00e3o\",\"image\":{\"@type\":\"ImageObject\",\"inLanguage\":\"pt-BR\",\"@id\":\"https:\\\/\\\/ocoerente.com.br\\\/se\\\/wp-content\\\/uploads\\\/2020\\\/01\\\/ocoerente-1.png\",\"url\":\"https:\\\/\\\/ocoerente.com.br\\\/se\\\/wp-content\\\/uploads\\\/2020\\\/01\\\/ocoerente-1.png\",\"contentUrl\":\"https:\\\/\\\/ocoerente.com.br\\\/se\\\/wp-content\\\/uploads\\\/2020\\\/01\\\/ocoerente-1.png\",\"width\":50,\"height\":50,\"caption\":\"Reda\u00e7\u00e3o\"},\"logo\":{\"@id\":\"https:\\\/\\\/ocoerente.com.br\\\/se\\\/wp-content\\\/uploads\\\/2020\\\/01\\\/ocoerente-1.png\"},\"url\":\"https:\\\/\\\/ocoerente.com.br\\\/se\\\/author\\\/vasticlsales\\\/\"}]}<\/script>\n<!-- \/ Yoast SEO plugin. -->","yoast_head_json":{"title":"Prefeitura de Aracaju passa a ofertar 105 leitos exclusivos para covid-19 - O Coerente","robots":{"index":"index","follow":"follow","max-snippet":"max-snippet:-1","max-image-preview":"max-image-preview:large","max-video-preview":"max-video-preview:-1"},"canonical":"https:\/\/ocoerente.com.br\/se\/2021\/03\/15\/prefeitura-de-aracaju-passa-a-ofertar-105-leitos-exclusivos-para-covid-19\/","og_locale":"pt_BR","og_type":"article","og_title":"Prefeitura de Aracaju passa a ofertar 105 leitos exclusivos para covid-19 - O Coerente","og_description":"Neste domingo, 14, por interm\u00e9dio de equipes da Secretaria Municipal da Sa\u00fade (SMS), a Prefeitura de Aracaju realizou uma for\u00e7a-tarefa para a estrutura\u00e7\u00e3o dos 28 leitos de retaguarda, montados no Hospital de Urg\u00eancias Governador Jo\u00e3o Alves Filho (Huse), os quais devem ser disponibilizados para atendimento de pacientes da capital com covid-19.\u00a0A previs\u00e3o \u00e9 de que, [&hellip;]","og_url":"https:\/\/ocoerente.com.br\/se\/2021\/03\/15\/prefeitura-de-aracaju-passa-a-ofertar-105-leitos-exclusivos-para-covid-19\/","og_site_name":"O Coerente","article_published_time":"2021-03-15T04:00:25+00:00","article_modified_time":"2021-03-15T04:00:26+00:00","og_image":[{"width":1280,"height":853,"url":"https:\/\/ocoerente.com.br\/se\/wp-content\/uploads\/2021\/03\/leitoscovid150unidades.jpg","type":"image\/jpeg"}],"author":"Reda\u00e7\u00e3o","twitter_card":"summary_large_image","twitter_misc":{"Escrito por":"Reda\u00e7\u00e3o","Est. tempo de leitura":"2 minutos"},"schema":{"@context":"https:\/\/schema.org","@graph":[{"@type":"Article","@id":"https:\/\/ocoerente.com.br\/se\/2021\/03\/15\/prefeitura-de-aracaju-passa-a-ofertar-105-leitos-exclusivos-para-covid-19\/#article","isPartOf":{"@id":"https:\/\/ocoerente.com.br\/se\/2021\/03\/15\/prefeitura-de-aracaju-passa-a-ofertar-105-leitos-exclusivos-para-covid-19\/"},"author":{"name":"Reda\u00e7\u00e3o","@id":"https:\/\/ocoerente.com.br\/se\/#\/schema\/person\/cc6bfd9fbca465e23543b0c963d8d037"},"headline":"Prefeitura de Aracaju passa a ofertar 105 leitos exclusivos para covid-19","datePublished":"2021-03-15T04:00:25+00:00","dateModified":"2021-03-15T04:00:26+00:00","mainEntityOfPage":{"@id":"https:\/\/ocoerente.com.br\/se\/2021\/03\/15\/prefeitura-de-aracaju-passa-a-ofertar-105-leitos-exclusivos-para-covid-19\/"},"wordCount":504,"publisher":{"@id":"https:\/\/ocoerente.com.br\/se\/#\/schema\/person\/cc6bfd9fbca465e23543b0c963d8d037"},"image":{"@id":"https:\/\/ocoerente.com.br\/se\/2021\/03\/15\/prefeitura-de-aracaju-passa-a-ofertar-105-leitos-exclusivos-para-covid-19\/#primaryimage"},"thumbnailUrl":"https:\/\/ocoerente.com.br\/se\/wp-content\/uploads\/2021\/03\/leitoscovid150unidades.jpg","articleSection":["Destaques","Sa\u00fade"],"inLanguage":"pt-BR"},{"@type":"WebPage","@id":"https:\/\/ocoerente.com.br\/se\/2021\/03\/15\/prefeitura-de-aracaju-passa-a-ofertar-105-leitos-exclusivos-para-covid-19\/","url":"https:\/\/ocoerente.com.br\/se\/2021\/03\/15\/prefeitura-de-aracaju-passa-a-ofertar-105-leitos-exclusivos-para-covid-19\/","name":"Prefeitura de Aracaju passa a ofertar 105 leitos exclusivos para covid-19 - O Coerente","isPartOf":{"@id":"https:\/\/ocoerente.com.br\/se\/#website"},"primaryImageOfPage":{"@id":"https:\/\/ocoerente.com.br\/se\/2021\/03\/15\/prefeitura-de-aracaju-passa-a-ofertar-105-leitos-exclusivos-para-covid-19\/#primaryimage"},"image":{"@id":"https:\/\/ocoerente.com.br\/se\/2021\/03\/15\/prefeitura-de-aracaju-passa-a-ofertar-105-leitos-exclusivos-para-covid-19\/#primaryimage"},"thumbnailUrl":"https:\/\/ocoerente.com.br\/se\/wp-content\/uploads\/2021\/03\/leitoscovid150unidades.jpg","datePublished":"2021-03-15T04:00:25+00:00","dateModified":"2021-03-15T04:00:26+00:00","breadcrumb":{"@id":"https:\/\/ocoerente.com.br\/se\/2021\/03\/15\/prefeitura-de-aracaju-passa-a-ofertar-105-leitos-exclusivos-para-covid-19\/#breadcrumb"},"inLanguage":"pt-BR","potentialAction":[{"@type":"ReadAction","target":["https:\/\/ocoerente.com.br\/se\/2021\/03\/15\/prefeitura-de-aracaju-passa-a-ofertar-105-leitos-exclusivos-para-covid-19\/"]}]},{"@type":"ImageObject","inLanguage":"pt-BR","@id":"https:\/\/ocoerente.com.br\/se\/2021\/03\/15\/prefeitura-de-aracaju-passa-a-ofertar-105-leitos-exclusivos-para-covid-19\/#primaryimage","url":"https:\/\/ocoerente.com.br\/se\/wp-content\/uploads\/2021\/03\/leitoscovid150unidades.jpg","contentUrl":"https:\/\/ocoerente.com.br\/se\/wp-content\/uploads\/2021\/03\/leitoscovid150unidades.jpg","width":1280,"height":853},{"@type":"BreadcrumbList","@id":"https:\/\/ocoerente.com.br\/se\/2021\/03\/15\/prefeitura-de-aracaju-passa-a-ofertar-105-leitos-exclusivos-para-covid-19\/#breadcrumb","itemListElement":[{"@type":"ListItem","position":1,"name":"In\u00edcio","item":"https:\/\/ocoerente.com.br\/se\/"},{"@type":"ListItem","position":2,"name":"Prefeitura de Aracaju passa a ofertar 105 leitos exclusivos para covid-19"}]},{"@type":"WebSite","@id":"https:\/\/ocoerente.com.br\/se\/#website","url":"https:\/\/ocoerente.com.br\/se\/","name":"O Coerente","description":"","publisher":{"@id":"https:\/\/ocoerente.com.br\/se\/#\/schema\/person\/cc6bfd9fbca465e23543b0c963d8d037"},"potentialAction":[{"@type":"SearchAction","target":{"@type":"EntryPoint","urlTemplate":"https:\/\/ocoerente.com.br\/se\/?s={search_term_string}"},"query-input":{"@type":"PropertyValueSpecification","valueRequired":true,"valueName":"search_term_string"}}],"inLanguage":"pt-BR"},{"@type":["Person","Organization"],"@id":"https:\/\/ocoerente.com.br\/se\/#\/schema\/person\/cc6bfd9fbca465e23543b0c963d8d037","name":"Reda\u00e7\u00e3o","image":{"@type":"ImageObject","inLanguage":"pt-BR","@id":"https:\/\/ocoerente.com.br\/se\/wp-content\/uploads\/2020\/01\/ocoerente-1.png","url":"https:\/\/ocoerente.com.br\/se\/wp-content\/uploads\/2020\/01\/ocoerente-1.png","contentUrl":"https:\/\/ocoerente.com.br\/se\/wp-content\/uploads\/2020\/01\/ocoerente-1.png","width":50,"height":50,"caption":"Reda\u00e7\u00e3o"},"logo":{"@id":"https:\/\/ocoerente.com.br\/se\/wp-content\/uploads\/2020\/01\/ocoerente-1.png"},"url":"https:\/\/ocoerente.com.br\/se\/author\/vasticlsales\/"}]}},"_links":{"self":[{"href":"https:\/\/ocoerente.com.br\/se\/wp-json\/wp\/v2\/posts\/2860","targetHints":{"allow":["GET"]}}],"collection":[{"href":"https:\/\/ocoerente.com.br\/se\/wp-json\/wp\/v2\/posts"}],"about":[{"href":"https:\/\/ocoerente.com.br\/se\/wp-json\/wp\/v2\/types\/post"}],"author":[{"embeddable":true,"href":"https:\/\/ocoerente.com.br\/se\/wp-json\/wp\/v2\/users\/1"}],"replies":[{"embeddable":true,"href":"https:\/\/ocoerente.com.br\/se\/wp-json\/wp\/v2\/comments?post=2860"}],"version-history":[{"count":1,"href":"https:\/\/ocoerente.com.br\/se\/wp-json\/wp\/v2\/posts\/2860\/revisions"}],"predecessor-version":[{"id":2862,"href":"https:\/\/ocoerente.com.br\/se\/wp-json\/wp\/v2\/posts\/2860\/revisions\/2862"}],"wp:featuredmedia":[{"embeddable":true,"href":"https:\/\/ocoerente.com.br\/se\/wp-json\/wp\/v2\/media\/2861"}],"wp:attachment":[{"href":"https:\/\/ocoerente.com.br\/se\/wp-json\/wp\/v2\/media?parent=2860"}],"wp:term":[{"taxonomy":"category","embeddable":true,"href":"https:\/\/ocoerente.com.br\/se\/wp-json\/wp\/v2\/categories?post=2860"},{"taxonomy":"post_tag","embeddable":true,"href":"https:\/\/ocoerente.com.br\/se\/wp-json\/wp\/v2\/tags?post=2860"}],"curies":[{"name":"wp","href":"https:\/\/api.w.org\/{rel}","templated":true}]}}