{"id":2857,"date":"2021-03-15T00:58:24","date_gmt":"2021-03-15T03:58:24","guid":{"rendered":"https:\/\/ocoerente.com.br\/se\/?p=2857"},"modified":"2021-03-15T00:58:25","modified_gmt":"2021-03-15T03:58:25","slug":"morre-o-ex-reitor-da-ufs-professor-clodoaldo-alencar","status":"publish","type":"post","link":"https:\/\/ocoerente.com.br\/se\/2021\/03\/15\/morre-o-ex-reitor-da-ufs-professor-clodoaldo-alencar\/","title":{"rendered":"Morre o ex-reitor da UFS, professor Clodoaldo Alencar"},"content":{"rendered":"\n<p>Morreu neste s\u00e1bado (13) o professor Clodoaldo Alencar Filho, de 88 anos. Ele foi um dos primeiros reitores eleitos da Universidade Federal de Sergipe (UFS), ap\u00f3s a ditadura militar e a retomada da democracia no Brasil. O falecimento do professor foi confirmado pela fam\u00edlia.<\/p>\n\n\n\n<p>\u201cEsse tio querido, lindo, inteligente, amigo e muito amado, desencarnou naturalmente hoje em casa. Que ele desperte com os seres celestiais, com a luz divina, com o Alt\u00edssimo e com seus irm\u00e3os e entes queridos. Amor, bem e gratid\u00e3o, grande professor Clodoaldo Alencar Filho\u201d, escreveu em uma rede social a fam\u00edlia.<\/p>\n\n\n\n<p>Teatr\u00f3logo e escritor da Academia Sergipana de Letras, Clodoaldo Alencar era formado em Letras \u2013 Ingl\u00eas, pela Faculdade Cat\u00f3lica de Filosofia, Ele atuou de forma decisiva na pol\u00edtica e na cultural, bem como no r\u00e1dio, no teatro, na imprensa escrita e na gest\u00e3o p\u00fablica municipal de Aracaju, no per\u00edodo de 1963 a 1967, na gest\u00e3o do prefeito Godofredo Diniz Gon\u00e7alves. Em seguida se elegeu reitor da UFS pela comunidade universit\u00e1ria. Ele administrou a universidade por cinco anos, no per\u00edodo de 1988 a 1992.<\/p>\n\n\n\n<p>Clodoaldo Alencar Filho era natural de Est\u00e2ncia (SE). Ele era filho do poeta Clodoaldo Alencar e de dona Eurydice Fontes de Alencar. Foi casado com a professora Agla\u00e9 D\u2019\u00c1vila Fontes, com quem teve dois filhos: Del e Jo\u00e3o Marcelo.<\/p>\n\n\n\n<p>Clodoaldo era irm\u00e3o do ex-ministro do Superior Tribunal de Justi\u00e7a e ex-professor da UFS, Luiz Carlos Fontes de Alencar, do artista pl\u00e1stico Leonardo de Alencar e do poeta e teatr\u00f3logo Hunald de Alencar, ambos falecidos em 2016.<\/p>\n\n\n\n<p>A Universidade Federal de Sergipe, o Governo do Estado, a Assembleia Legislativa, a Prefeitura de Aracaju e a C\u00e2mara Municipal lamentaram a morte do professor.<\/p>\n\n\n\n<p><br>Por Reda\u00e7\u00e3o &#8211; Hora News<br>Foto: Divulga\u00e7\u00e3o<\/p>\n","protected":false},"excerpt":{"rendered":"<p>Morreu neste s\u00e1bado (13) o professor Clodoaldo Alencar Filho, de 88 anos. Ele foi um dos primeiros reitores eleitos da Universidade Federal de Sergipe (UFS), ap\u00f3s a ditadura militar e a retomada da democracia no Brasil. O falecimento do professor foi confirmado pela fam\u00edlia. \u201cEsse tio querido, lindo, inteligente, amigo e muito amado, desencarnou naturalmente [&hellip;]<\/p>\n","protected":false},"author":1,"featured_media":2858,"comment_status":"closed","ping_status":"closed","sticky":false,"template":"","format":"standard","meta":{"footnotes":""},"categories":[53,43],"tags":[],"class_list":["post-2857","post","type-post","status-publish","format-standard","has-post-thumbnail","hentry","category-destaques","category-sergipe"],"yoast_head":"<!-- This site is optimized with the Yoast SEO plugin v27.4 - https:\/\/yoast.com\/product\/yoast-seo-wordpress\/ -->\n<title>Morre o ex-reitor da UFS, professor Clodoaldo Alencar - O Coerente<\/title>\n<meta name=\"robots\" content=\"index, follow, max-snippet:-1, max-image-preview:large, max-video-preview:-1\" \/>\n<link rel=\"canonical\" href=\"https:\/\/ocoerente.com.br\/se\/2021\/03\/15\/morre-o-ex-reitor-da-ufs-professor-clodoaldo-alencar\/\" \/>\n<meta property=\"og:locale\" content=\"pt_BR\" \/>\n<meta property=\"og:type\" content=\"article\" \/>\n<meta property=\"og:title\" content=\"Morre o ex-reitor da UFS, professor Clodoaldo Alencar - O Coerente\" \/>\n<meta property=\"og:description\" content=\"Morreu neste s\u00e1bado (13) o professor Clodoaldo Alencar Filho, de 88 anos. Ele foi um dos primeiros reitores eleitos da Universidade Federal de Sergipe (UFS), ap\u00f3s a ditadura militar e a retomada da democracia no Brasil. O falecimento do professor foi confirmado pela fam\u00edlia. \u201cEsse tio querido, lindo, inteligente, amigo e muito amado, desencarnou naturalmente [&hellip;]\" \/>\n<meta property=\"og:url\" content=\"https:\/\/ocoerente.com.br\/se\/2021\/03\/15\/morre-o-ex-reitor-da-ufs-professor-clodoaldo-alencar\/\" \/>\n<meta property=\"og:site_name\" content=\"O Coerente\" \/>\n<meta property=\"article:published_time\" content=\"2021-03-15T03:58:24+00:00\" \/>\n<meta property=\"article:modified_time\" content=\"2021-03-15T03:58:25+00:00\" \/>\n<meta property=\"og:image\" content=\"https:\/\/ocoerente.com.br\/se\/wp-content\/uploads\/2021\/03\/profufs.jpg\" \/>\n\t<meta property=\"og:image:width\" content=\"600\" \/>\n\t<meta property=\"og:image:height\" content=\"346\" \/>\n\t<meta property=\"og:image:type\" content=\"image\/jpeg\" \/>\n<meta name=\"author\" content=\"Reda\u00e7\u00e3o\" \/>\n<meta name=\"twitter:card\" content=\"summary_large_image\" \/>\n<meta name=\"twitter:label1\" content=\"Escrito por\" \/>\n\t<meta name=\"twitter:data1\" content=\"Reda\u00e7\u00e3o\" \/>\n\t<meta name=\"twitter:label2\" content=\"Est. tempo de leitura\" \/>\n\t<meta name=\"twitter:data2\" content=\"2 minutos\" \/>\n<script type=\"application\/ld+json\" class=\"yoast-schema-graph\">{\"@context\":\"https:\\\/\\\/schema.org\",\"@graph\":[{\"@type\":\"Article\",\"@id\":\"https:\\\/\\\/ocoerente.com.br\\\/se\\\/2021\\\/03\\\/15\\\/morre-o-ex-reitor-da-ufs-professor-clodoaldo-alencar\\\/#article\",\"isPartOf\":{\"@id\":\"https:\\\/\\\/ocoerente.com.br\\\/se\\\/2021\\\/03\\\/15\\\/morre-o-ex-reitor-da-ufs-professor-clodoaldo-alencar\\\/\"},\"author\":{\"name\":\"Reda\u00e7\u00e3o\",\"@id\":\"https:\\\/\\\/ocoerente.com.br\\\/se\\\/#\\\/schema\\\/person\\\/cc6bfd9fbca465e23543b0c963d8d037\"},\"headline\":\"Morre o ex-reitor da UFS, professor Clodoaldo Alencar\",\"datePublished\":\"2021-03-15T03:58:24+00:00\",\"dateModified\":\"2021-03-15T03:58:25+00:00\",\"mainEntityOfPage\":{\"@id\":\"https:\\\/\\\/ocoerente.com.br\\\/se\\\/2021\\\/03\\\/15\\\/morre-o-ex-reitor-da-ufs-professor-clodoaldo-alencar\\\/\"},\"wordCount\":314,\"publisher\":{\"@id\":\"https:\\\/\\\/ocoerente.com.br\\\/se\\\/#\\\/schema\\\/person\\\/cc6bfd9fbca465e23543b0c963d8d037\"},\"image\":{\"@id\":\"https:\\\/\\\/ocoerente.com.br\\\/se\\\/2021\\\/03\\\/15\\\/morre-o-ex-reitor-da-ufs-professor-clodoaldo-alencar\\\/#primaryimage\"},\"thumbnailUrl\":\"https:\\\/\\\/ocoerente.com.br\\\/se\\\/wp-content\\\/uploads\\\/2021\\\/03\\\/profufs.jpg\",\"articleSection\":[\"Destaques\",\"Sergipe\"],\"inLanguage\":\"pt-BR\"},{\"@type\":\"WebPage\",\"@id\":\"https:\\\/\\\/ocoerente.com.br\\\/se\\\/2021\\\/03\\\/15\\\/morre-o-ex-reitor-da-ufs-professor-clodoaldo-alencar\\\/\",\"url\":\"https:\\\/\\\/ocoerente.com.br\\\/se\\\/2021\\\/03\\\/15\\\/morre-o-ex-reitor-da-ufs-professor-clodoaldo-alencar\\\/\",\"name\":\"Morre o ex-reitor da UFS, professor Clodoaldo Alencar - O Coerente\",\"isPartOf\":{\"@id\":\"https:\\\/\\\/ocoerente.com.br\\\/se\\\/#website\"},\"primaryImageOfPage\":{\"@id\":\"https:\\\/\\\/ocoerente.com.br\\\/se\\\/2021\\\/03\\\/15\\\/morre-o-ex-reitor-da-ufs-professor-clodoaldo-alencar\\\/#primaryimage\"},\"image\":{\"@id\":\"https:\\\/\\\/ocoerente.com.br\\\/se\\\/2021\\\/03\\\/15\\\/morre-o-ex-reitor-da-ufs-professor-clodoaldo-alencar\\\/#primaryimage\"},\"thumbnailUrl\":\"https:\\\/\\\/ocoerente.com.br\\\/se\\\/wp-content\\\/uploads\\\/2021\\\/03\\\/profufs.jpg\",\"datePublished\":\"2021-03-15T03:58:24+00:00\",\"dateModified\":\"2021-03-15T03:58:25+00:00\",\"breadcrumb\":{\"@id\":\"https:\\\/\\\/ocoerente.com.br\\\/se\\\/2021\\\/03\\\/15\\\/morre-o-ex-reitor-da-ufs-professor-clodoaldo-alencar\\\/#breadcrumb\"},\"inLanguage\":\"pt-BR\",\"potentialAction\":[{\"@type\":\"ReadAction\",\"target\":[\"https:\\\/\\\/ocoerente.com.br\\\/se\\\/2021\\\/03\\\/15\\\/morre-o-ex-reitor-da-ufs-professor-clodoaldo-alencar\\\/\"]}]},{\"@type\":\"ImageObject\",\"inLanguage\":\"pt-BR\",\"@id\":\"https:\\\/\\\/ocoerente.com.br\\\/se\\\/2021\\\/03\\\/15\\\/morre-o-ex-reitor-da-ufs-professor-clodoaldo-alencar\\\/#primaryimage\",\"url\":\"https:\\\/\\\/ocoerente.com.br\\\/se\\\/wp-content\\\/uploads\\\/2021\\\/03\\\/profufs.jpg\",\"contentUrl\":\"https:\\\/\\\/ocoerente.com.br\\\/se\\\/wp-content\\\/uploads\\\/2021\\\/03\\\/profufs.jpg\",\"width\":600,\"height\":346},{\"@type\":\"BreadcrumbList\",\"@id\":\"https:\\\/\\\/ocoerente.com.br\\\/se\\\/2021\\\/03\\\/15\\\/morre-o-ex-reitor-da-ufs-professor-clodoaldo-alencar\\\/#breadcrumb\",\"itemListElement\":[{\"@type\":\"ListItem\",\"position\":1,\"name\":\"In\u00edcio\",\"item\":\"https:\\\/\\\/ocoerente.com.br\\\/se\\\/\"},{\"@type\":\"ListItem\",\"position\":2,\"name\":\"Morre o ex-reitor da UFS, professor Clodoaldo Alencar\"}]},{\"@type\":\"WebSite\",\"@id\":\"https:\\\/\\\/ocoerente.com.br\\\/se\\\/#website\",\"url\":\"https:\\\/\\\/ocoerente.com.br\\\/se\\\/\",\"name\":\"O Coerente\",\"description\":\"\",\"publisher\":{\"@id\":\"https:\\\/\\\/ocoerente.com.br\\\/se\\\/#\\\/schema\\\/person\\\/cc6bfd9fbca465e23543b0c963d8d037\"},\"potentialAction\":[{\"@type\":\"SearchAction\",\"target\":{\"@type\":\"EntryPoint\",\"urlTemplate\":\"https:\\\/\\\/ocoerente.com.br\\\/se\\\/?s={search_term_string}\"},\"query-input\":{\"@type\":\"PropertyValueSpecification\",\"valueRequired\":true,\"valueName\":\"search_term_string\"}}],\"inLanguage\":\"pt-BR\"},{\"@type\":[\"Person\",\"Organization\"],\"@id\":\"https:\\\/\\\/ocoerente.com.br\\\/se\\\/#\\\/schema\\\/person\\\/cc6bfd9fbca465e23543b0c963d8d037\",\"name\":\"Reda\u00e7\u00e3o\",\"image\":{\"@type\":\"ImageObject\",\"inLanguage\":\"pt-BR\",\"@id\":\"https:\\\/\\\/ocoerente.com.br\\\/se\\\/wp-content\\\/uploads\\\/2020\\\/01\\\/ocoerente-1.png\",\"url\":\"https:\\\/\\\/ocoerente.com.br\\\/se\\\/wp-content\\\/uploads\\\/2020\\\/01\\\/ocoerente-1.png\",\"contentUrl\":\"https:\\\/\\\/ocoerente.com.br\\\/se\\\/wp-content\\\/uploads\\\/2020\\\/01\\\/ocoerente-1.png\",\"width\":50,\"height\":50,\"caption\":\"Reda\u00e7\u00e3o\"},\"logo\":{\"@id\":\"https:\\\/\\\/ocoerente.com.br\\\/se\\\/wp-content\\\/uploads\\\/2020\\\/01\\\/ocoerente-1.png\"},\"url\":\"https:\\\/\\\/ocoerente.com.br\\\/se\\\/author\\\/vasticlsales\\\/\"}]}<\/script>\n<!-- \/ Yoast SEO plugin. -->","yoast_head_json":{"title":"Morre o ex-reitor da UFS, professor Clodoaldo Alencar - O Coerente","robots":{"index":"index","follow":"follow","max-snippet":"max-snippet:-1","max-image-preview":"max-image-preview:large","max-video-preview":"max-video-preview:-1"},"canonical":"https:\/\/ocoerente.com.br\/se\/2021\/03\/15\/morre-o-ex-reitor-da-ufs-professor-clodoaldo-alencar\/","og_locale":"pt_BR","og_type":"article","og_title":"Morre o ex-reitor da UFS, professor Clodoaldo Alencar - O Coerente","og_description":"Morreu neste s\u00e1bado (13) o professor Clodoaldo Alencar Filho, de 88 anos. Ele foi um dos primeiros reitores eleitos da Universidade Federal de Sergipe (UFS), ap\u00f3s a ditadura militar e a retomada da democracia no Brasil. O falecimento do professor foi confirmado pela fam\u00edlia. \u201cEsse tio querido, lindo, inteligente, amigo e muito amado, desencarnou naturalmente [&hellip;]","og_url":"https:\/\/ocoerente.com.br\/se\/2021\/03\/15\/morre-o-ex-reitor-da-ufs-professor-clodoaldo-alencar\/","og_site_name":"O Coerente","article_published_time":"2021-03-15T03:58:24+00:00","article_modified_time":"2021-03-15T03:58:25+00:00","og_image":[{"width":600,"height":346,"url":"https:\/\/ocoerente.com.br\/se\/wp-content\/uploads\/2021\/03\/profufs.jpg","type":"image\/jpeg"}],"author":"Reda\u00e7\u00e3o","twitter_card":"summary_large_image","twitter_misc":{"Escrito por":"Reda\u00e7\u00e3o","Est. tempo de leitura":"2 minutos"},"schema":{"@context":"https:\/\/schema.org","@graph":[{"@type":"Article","@id":"https:\/\/ocoerente.com.br\/se\/2021\/03\/15\/morre-o-ex-reitor-da-ufs-professor-clodoaldo-alencar\/#article","isPartOf":{"@id":"https:\/\/ocoerente.com.br\/se\/2021\/03\/15\/morre-o-ex-reitor-da-ufs-professor-clodoaldo-alencar\/"},"author":{"name":"Reda\u00e7\u00e3o","@id":"https:\/\/ocoerente.com.br\/se\/#\/schema\/person\/cc6bfd9fbca465e23543b0c963d8d037"},"headline":"Morre o ex-reitor da UFS, professor Clodoaldo Alencar","datePublished":"2021-03-15T03:58:24+00:00","dateModified":"2021-03-15T03:58:25+00:00","mainEntityOfPage":{"@id":"https:\/\/ocoerente.com.br\/se\/2021\/03\/15\/morre-o-ex-reitor-da-ufs-professor-clodoaldo-alencar\/"},"wordCount":314,"publisher":{"@id":"https:\/\/ocoerente.com.br\/se\/#\/schema\/person\/cc6bfd9fbca465e23543b0c963d8d037"},"image":{"@id":"https:\/\/ocoerente.com.br\/se\/2021\/03\/15\/morre-o-ex-reitor-da-ufs-professor-clodoaldo-alencar\/#primaryimage"},"thumbnailUrl":"https:\/\/ocoerente.com.br\/se\/wp-content\/uploads\/2021\/03\/profufs.jpg","articleSection":["Destaques","Sergipe"],"inLanguage":"pt-BR"},{"@type":"WebPage","@id":"https:\/\/ocoerente.com.br\/se\/2021\/03\/15\/morre-o-ex-reitor-da-ufs-professor-clodoaldo-alencar\/","url":"https:\/\/ocoerente.com.br\/se\/2021\/03\/15\/morre-o-ex-reitor-da-ufs-professor-clodoaldo-alencar\/","name":"Morre o ex-reitor da UFS, professor Clodoaldo Alencar - O Coerente","isPartOf":{"@id":"https:\/\/ocoerente.com.br\/se\/#website"},"primaryImageOfPage":{"@id":"https:\/\/ocoerente.com.br\/se\/2021\/03\/15\/morre-o-ex-reitor-da-ufs-professor-clodoaldo-alencar\/#primaryimage"},"image":{"@id":"https:\/\/ocoerente.com.br\/se\/2021\/03\/15\/morre-o-ex-reitor-da-ufs-professor-clodoaldo-alencar\/#primaryimage"},"thumbnailUrl":"https:\/\/ocoerente.com.br\/se\/wp-content\/uploads\/2021\/03\/profufs.jpg","datePublished":"2021-03-15T03:58:24+00:00","dateModified":"2021-03-15T03:58:25+00:00","breadcrumb":{"@id":"https:\/\/ocoerente.com.br\/se\/2021\/03\/15\/morre-o-ex-reitor-da-ufs-professor-clodoaldo-alencar\/#breadcrumb"},"inLanguage":"pt-BR","potentialAction":[{"@type":"ReadAction","target":["https:\/\/ocoerente.com.br\/se\/2021\/03\/15\/morre-o-ex-reitor-da-ufs-professor-clodoaldo-alencar\/"]}]},{"@type":"ImageObject","inLanguage":"pt-BR","@id":"https:\/\/ocoerente.com.br\/se\/2021\/03\/15\/morre-o-ex-reitor-da-ufs-professor-clodoaldo-alencar\/#primaryimage","url":"https:\/\/ocoerente.com.br\/se\/wp-content\/uploads\/2021\/03\/profufs.jpg","contentUrl":"https:\/\/ocoerente.com.br\/se\/wp-content\/uploads\/2021\/03\/profufs.jpg","width":600,"height":346},{"@type":"BreadcrumbList","@id":"https:\/\/ocoerente.com.br\/se\/2021\/03\/15\/morre-o-ex-reitor-da-ufs-professor-clodoaldo-alencar\/#breadcrumb","itemListElement":[{"@type":"ListItem","position":1,"name":"In\u00edcio","item":"https:\/\/ocoerente.com.br\/se\/"},{"@type":"ListItem","position":2,"name":"Morre o ex-reitor da UFS, professor Clodoaldo Alencar"}]},{"@type":"WebSite","@id":"https:\/\/ocoerente.com.br\/se\/#website","url":"https:\/\/ocoerente.com.br\/se\/","name":"O Coerente","description":"","publisher":{"@id":"https:\/\/ocoerente.com.br\/se\/#\/schema\/person\/cc6bfd9fbca465e23543b0c963d8d037"},"potentialAction":[{"@type":"SearchAction","target":{"@type":"EntryPoint","urlTemplate":"https:\/\/ocoerente.com.br\/se\/?s={search_term_string}"},"query-input":{"@type":"PropertyValueSpecification","valueRequired":true,"valueName":"search_term_string"}}],"inLanguage":"pt-BR"},{"@type":["Person","Organization"],"@id":"https:\/\/ocoerente.com.br\/se\/#\/schema\/person\/cc6bfd9fbca465e23543b0c963d8d037","name":"Reda\u00e7\u00e3o","image":{"@type":"ImageObject","inLanguage":"pt-BR","@id":"https:\/\/ocoerente.com.br\/se\/wp-content\/uploads\/2020\/01\/ocoerente-1.png","url":"https:\/\/ocoerente.com.br\/se\/wp-content\/uploads\/2020\/01\/ocoerente-1.png","contentUrl":"https:\/\/ocoerente.com.br\/se\/wp-content\/uploads\/2020\/01\/ocoerente-1.png","width":50,"height":50,"caption":"Reda\u00e7\u00e3o"},"logo":{"@id":"https:\/\/ocoerente.com.br\/se\/wp-content\/uploads\/2020\/01\/ocoerente-1.png"},"url":"https:\/\/ocoerente.com.br\/se\/author\/vasticlsales\/"}]}},"_links":{"self":[{"href":"https:\/\/ocoerente.com.br\/se\/wp-json\/wp\/v2\/posts\/2857","targetHints":{"allow":["GET"]}}],"collection":[{"href":"https:\/\/ocoerente.com.br\/se\/wp-json\/wp\/v2\/posts"}],"about":[{"href":"https:\/\/ocoerente.com.br\/se\/wp-json\/wp\/v2\/types\/post"}],"author":[{"embeddable":true,"href":"https:\/\/ocoerente.com.br\/se\/wp-json\/wp\/v2\/users\/1"}],"replies":[{"embeddable":true,"href":"https:\/\/ocoerente.com.br\/se\/wp-json\/wp\/v2\/comments?post=2857"}],"version-history":[{"count":1,"href":"https:\/\/ocoerente.com.br\/se\/wp-json\/wp\/v2\/posts\/2857\/revisions"}],"predecessor-version":[{"id":2859,"href":"https:\/\/ocoerente.com.br\/se\/wp-json\/wp\/v2\/posts\/2857\/revisions\/2859"}],"wp:featuredmedia":[{"embeddable":true,"href":"https:\/\/ocoerente.com.br\/se\/wp-json\/wp\/v2\/media\/2858"}],"wp:attachment":[{"href":"https:\/\/ocoerente.com.br\/se\/wp-json\/wp\/v2\/media?parent=2857"}],"wp:term":[{"taxonomy":"category","embeddable":true,"href":"https:\/\/ocoerente.com.br\/se\/wp-json\/wp\/v2\/categories?post=2857"},{"taxonomy":"post_tag","embeddable":true,"href":"https:\/\/ocoerente.com.br\/se\/wp-json\/wp\/v2\/tags?post=2857"}],"curies":[{"name":"wp","href":"https:\/\/api.w.org\/{rel}","templated":true}]}}