{"id":2854,"date":"2021-03-13T19:06:18","date_gmt":"2021-03-13T22:06:18","guid":{"rendered":"https:\/\/ocoerente.com.br\/se\/?p=2854"},"modified":"2021-03-13T19:06:19","modified_gmt":"2021-03-13T22:06:19","slug":"unidade-de-saude-no-mosqueiro-sera-reconstruida-atraves-de-emenda-de-fabio-mitidieri","status":"publish","type":"post","link":"https:\/\/ocoerente.com.br\/se\/2021\/03\/13\/unidade-de-saude-no-mosqueiro-sera-reconstruida-atraves-de-emenda-de-fabio-mitidieri\/","title":{"rendered":"Unidade de Sa\u00fade no Mosqueiro ser\u00e1 reconstru\u00edda atrav\u00e9s de emenda de F\u00e1bio Mitidieri"},"content":{"rendered":"\n<p>O deputado federal F\u00e1bio Mitidieri destinou uma emenda parlamentar de R$663 mil para a reconstru\u00e7\u00e3o da Unidade B\u00e1sica de Sa\u00fade Niceu Dantas, no Mosqueiro, em Aracaju. A ordem de servi\u00e7o foi assinada hoje pelo prefeito Edvaldo Nogueira e os secret\u00e1rios municipais da Infraestrutura e da Sa\u00fade, S\u00e9rgio Ferrari e Waneska Barboza. A UBS ser\u00e1 entregue em oito meses.<\/p>\n\n\n\n<p>A popula\u00e7\u00e3o do Mosqueiro tinha uma unidade de sa\u00fade que foi demolida pela antiga gest\u00e3o e estava sendo assistida de forma provis\u00f3ria em um pr\u00e9dio alugado. O deputado federal F\u00e1bio Mitidieri se sensibilizou com a situa\u00e7\u00e3o e em parceria com a prefeitura da capital sergipana garantiu os recursos para a constru\u00e7\u00e3o.<\/p>\n\n\n\n<p>\u201cEstou em Bras\u00edlia e n\u00e3o pude estar presente na assinatura da ordem de servi\u00e7o. A comunidade do Mosqueiro merece ser assistida da melhor forma poss\u00edvel. O recurso j\u00e1 est\u00e1 garantido e o prefeito Edvaldo pode ter a certeza que vou enviar mais recursos para aumentar o tamanho da UBS que ter\u00e1 um atendimento de primeira qualidade\u201d concluiu.<\/p>\n\n\n\n<p>O prefeito de Aracaju, Edvaldo Mosqueiro, agradeceu ao parlamentar por transformar um sonho em realidade. Com pouco menos de um m\u00eas das elei\u00e7\u00f5es, o chefe do executivo segue com uma agenda intensa e vai priorizar o desenvolvimento na Zona de Expans\u00e3o.<\/p>\n\n\n\n<p>\u201cEssa unidade s\u00f3 poder\u00e1 ser\u00e1 reconstru\u00edda gra\u00e7as \u00e0 emenda de Mitidieri. J\u00e1 estamos trabalhando para ampliar o local colocando tr\u00eas equipes de sa\u00fade da fam\u00edlia para a popula\u00e7\u00e3o dando muito mais qualidade de vida para todos\u201d, afirmou.<br><br>Foto: Ana L\u00edcia Menezes\/PMA<\/p>\n","protected":false},"excerpt":{"rendered":"<p>O deputado federal F\u00e1bio Mitidieri destinou uma emenda parlamentar de R$663 mil para a reconstru\u00e7\u00e3o da Unidade B\u00e1sica de Sa\u00fade Niceu Dantas, no Mosqueiro, em Aracaju. A ordem de servi\u00e7o foi assinada hoje pelo prefeito Edvaldo Nogueira e os secret\u00e1rios municipais da Infraestrutura e da Sa\u00fade, S\u00e9rgio Ferrari e Waneska Barboza. A UBS ser\u00e1 entregue [&hellip;]<\/p>\n","protected":false},"author":1,"featured_media":2855,"comment_status":"closed","ping_status":"closed","sticky":false,"template":"","format":"standard","meta":{"footnotes":""},"categories":[53,43],"tags":[],"class_list":["post-2854","post","type-post","status-publish","format-standard","has-post-thumbnail","hentry","category-destaques","category-sergipe"],"yoast_head":"<!-- This site is optimized with the Yoast SEO plugin v27.4 - https:\/\/yoast.com\/product\/yoast-seo-wordpress\/ -->\n<title>Unidade de Sa\u00fade no Mosqueiro ser\u00e1 reconstru\u00edda atrav\u00e9s de emenda de F\u00e1bio Mitidieri - O Coerente<\/title>\n<meta name=\"robots\" content=\"index, follow, max-snippet:-1, max-image-preview:large, max-video-preview:-1\" \/>\n<link rel=\"canonical\" href=\"https:\/\/ocoerente.com.br\/se\/2021\/03\/13\/unidade-de-saude-no-mosqueiro-sera-reconstruida-atraves-de-emenda-de-fabio-mitidieri\/\" \/>\n<meta property=\"og:locale\" content=\"pt_BR\" \/>\n<meta property=\"og:type\" content=\"article\" \/>\n<meta property=\"og:title\" content=\"Unidade de Sa\u00fade no Mosqueiro ser\u00e1 reconstru\u00edda atrav\u00e9s de emenda de F\u00e1bio Mitidieri - O Coerente\" \/>\n<meta property=\"og:description\" content=\"O deputado federal F\u00e1bio Mitidieri destinou uma emenda parlamentar de R$663 mil para a reconstru\u00e7\u00e3o da Unidade B\u00e1sica de Sa\u00fade Niceu Dantas, no Mosqueiro, em Aracaju. A ordem de servi\u00e7o foi assinada hoje pelo prefeito Edvaldo Nogueira e os secret\u00e1rios municipais da Infraestrutura e da Sa\u00fade, S\u00e9rgio Ferrari e Waneska Barboza. A UBS ser\u00e1 entregue [&hellip;]\" \/>\n<meta property=\"og:url\" content=\"https:\/\/ocoerente.com.br\/se\/2021\/03\/13\/unidade-de-saude-no-mosqueiro-sera-reconstruida-atraves-de-emenda-de-fabio-mitidieri\/\" \/>\n<meta property=\"og:site_name\" content=\"O Coerente\" \/>\n<meta property=\"article:published_time\" content=\"2021-03-13T22:06:18+00:00\" \/>\n<meta property=\"article:modified_time\" content=\"2021-03-13T22:06:19+00:00\" \/>\n<meta property=\"og:image\" content=\"https:\/\/ocoerente.com.br\/se\/wp-content\/uploads\/2021\/03\/ALM3820-scaled.jpg\" \/>\n\t<meta property=\"og:image:width\" content=\"2560\" \/>\n\t<meta property=\"og:image:height\" content=\"1709\" \/>\n\t<meta property=\"og:image:type\" content=\"image\/jpeg\" \/>\n<meta name=\"author\" content=\"Reda\u00e7\u00e3o\" \/>\n<meta name=\"twitter:card\" content=\"summary_large_image\" \/>\n<meta name=\"twitter:label1\" content=\"Escrito por\" \/>\n\t<meta name=\"twitter:data1\" content=\"Reda\u00e7\u00e3o\" \/>\n\t<meta name=\"twitter:label2\" content=\"Est. tempo de leitura\" \/>\n\t<meta name=\"twitter:data2\" content=\"2 minutos\" \/>\n<script type=\"application\/ld+json\" class=\"yoast-schema-graph\">{\"@context\":\"https:\\\/\\\/schema.org\",\"@graph\":[{\"@type\":\"Article\",\"@id\":\"https:\\\/\\\/ocoerente.com.br\\\/se\\\/2021\\\/03\\\/13\\\/unidade-de-saude-no-mosqueiro-sera-reconstruida-atraves-de-emenda-de-fabio-mitidieri\\\/#article\",\"isPartOf\":{\"@id\":\"https:\\\/\\\/ocoerente.com.br\\\/se\\\/2021\\\/03\\\/13\\\/unidade-de-saude-no-mosqueiro-sera-reconstruida-atraves-de-emenda-de-fabio-mitidieri\\\/\"},\"author\":{\"name\":\"Reda\u00e7\u00e3o\",\"@id\":\"https:\\\/\\\/ocoerente.com.br\\\/se\\\/#\\\/schema\\\/person\\\/cc6bfd9fbca465e23543b0c963d8d037\"},\"headline\":\"Unidade de Sa\u00fade no Mosqueiro ser\u00e1 reconstru\u00edda atrav\u00e9s de emenda de F\u00e1bio Mitidieri\",\"datePublished\":\"2021-03-13T22:06:18+00:00\",\"dateModified\":\"2021-03-13T22:06:19+00:00\",\"mainEntityOfPage\":{\"@id\":\"https:\\\/\\\/ocoerente.com.br\\\/se\\\/2021\\\/03\\\/13\\\/unidade-de-saude-no-mosqueiro-sera-reconstruida-atraves-de-emenda-de-fabio-mitidieri\\\/\"},\"wordCount\":295,\"publisher\":{\"@id\":\"https:\\\/\\\/ocoerente.com.br\\\/se\\\/#\\\/schema\\\/person\\\/cc6bfd9fbca465e23543b0c963d8d037\"},\"image\":{\"@id\":\"https:\\\/\\\/ocoerente.com.br\\\/se\\\/2021\\\/03\\\/13\\\/unidade-de-saude-no-mosqueiro-sera-reconstruida-atraves-de-emenda-de-fabio-mitidieri\\\/#primaryimage\"},\"thumbnailUrl\":\"https:\\\/\\\/ocoerente.com.br\\\/se\\\/wp-content\\\/uploads\\\/2021\\\/03\\\/ALM3820-scaled.jpg\",\"articleSection\":[\"Destaques\",\"Sergipe\"],\"inLanguage\":\"pt-BR\"},{\"@type\":\"WebPage\",\"@id\":\"https:\\\/\\\/ocoerente.com.br\\\/se\\\/2021\\\/03\\\/13\\\/unidade-de-saude-no-mosqueiro-sera-reconstruida-atraves-de-emenda-de-fabio-mitidieri\\\/\",\"url\":\"https:\\\/\\\/ocoerente.com.br\\\/se\\\/2021\\\/03\\\/13\\\/unidade-de-saude-no-mosqueiro-sera-reconstruida-atraves-de-emenda-de-fabio-mitidieri\\\/\",\"name\":\"Unidade de Sa\u00fade no Mosqueiro ser\u00e1 reconstru\u00edda atrav\u00e9s de emenda de F\u00e1bio Mitidieri - O Coerente\",\"isPartOf\":{\"@id\":\"https:\\\/\\\/ocoerente.com.br\\\/se\\\/#website\"},\"primaryImageOfPage\":{\"@id\":\"https:\\\/\\\/ocoerente.com.br\\\/se\\\/2021\\\/03\\\/13\\\/unidade-de-saude-no-mosqueiro-sera-reconstruida-atraves-de-emenda-de-fabio-mitidieri\\\/#primaryimage\"},\"image\":{\"@id\":\"https:\\\/\\\/ocoerente.com.br\\\/se\\\/2021\\\/03\\\/13\\\/unidade-de-saude-no-mosqueiro-sera-reconstruida-atraves-de-emenda-de-fabio-mitidieri\\\/#primaryimage\"},\"thumbnailUrl\":\"https:\\\/\\\/ocoerente.com.br\\\/se\\\/wp-content\\\/uploads\\\/2021\\\/03\\\/ALM3820-scaled.jpg\",\"datePublished\":\"2021-03-13T22:06:18+00:00\",\"dateModified\":\"2021-03-13T22:06:19+00:00\",\"breadcrumb\":{\"@id\":\"https:\\\/\\\/ocoerente.com.br\\\/se\\\/2021\\\/03\\\/13\\\/unidade-de-saude-no-mosqueiro-sera-reconstruida-atraves-de-emenda-de-fabio-mitidieri\\\/#breadcrumb\"},\"inLanguage\":\"pt-BR\",\"potentialAction\":[{\"@type\":\"ReadAction\",\"target\":[\"https:\\\/\\\/ocoerente.com.br\\\/se\\\/2021\\\/03\\\/13\\\/unidade-de-saude-no-mosqueiro-sera-reconstruida-atraves-de-emenda-de-fabio-mitidieri\\\/\"]}]},{\"@type\":\"ImageObject\",\"inLanguage\":\"pt-BR\",\"@id\":\"https:\\\/\\\/ocoerente.com.br\\\/se\\\/2021\\\/03\\\/13\\\/unidade-de-saude-no-mosqueiro-sera-reconstruida-atraves-de-emenda-de-fabio-mitidieri\\\/#primaryimage\",\"url\":\"https:\\\/\\\/ocoerente.com.br\\\/se\\\/wp-content\\\/uploads\\\/2021\\\/03\\\/ALM3820-scaled.jpg\",\"contentUrl\":\"https:\\\/\\\/ocoerente.com.br\\\/se\\\/wp-content\\\/uploads\\\/2021\\\/03\\\/ALM3820-scaled.jpg\",\"width\":2560,\"height\":1709},{\"@type\":\"BreadcrumbList\",\"@id\":\"https:\\\/\\\/ocoerente.com.br\\\/se\\\/2021\\\/03\\\/13\\\/unidade-de-saude-no-mosqueiro-sera-reconstruida-atraves-de-emenda-de-fabio-mitidieri\\\/#breadcrumb\",\"itemListElement\":[{\"@type\":\"ListItem\",\"position\":1,\"name\":\"In\u00edcio\",\"item\":\"https:\\\/\\\/ocoerente.com.br\\\/se\\\/\"},{\"@type\":\"ListItem\",\"position\":2,\"name\":\"Unidade de Sa\u00fade no Mosqueiro ser\u00e1 reconstru\u00edda atrav\u00e9s de emenda de F\u00e1bio Mitidieri\"}]},{\"@type\":\"WebSite\",\"@id\":\"https:\\\/\\\/ocoerente.com.br\\\/se\\\/#website\",\"url\":\"https:\\\/\\\/ocoerente.com.br\\\/se\\\/\",\"name\":\"O Coerente\",\"description\":\"\",\"publisher\":{\"@id\":\"https:\\\/\\\/ocoerente.com.br\\\/se\\\/#\\\/schema\\\/person\\\/cc6bfd9fbca465e23543b0c963d8d037\"},\"potentialAction\":[{\"@type\":\"SearchAction\",\"target\":{\"@type\":\"EntryPoint\",\"urlTemplate\":\"https:\\\/\\\/ocoerente.com.br\\\/se\\\/?s={search_term_string}\"},\"query-input\":{\"@type\":\"PropertyValueSpecification\",\"valueRequired\":true,\"valueName\":\"search_term_string\"}}],\"inLanguage\":\"pt-BR\"},{\"@type\":[\"Person\",\"Organization\"],\"@id\":\"https:\\\/\\\/ocoerente.com.br\\\/se\\\/#\\\/schema\\\/person\\\/cc6bfd9fbca465e23543b0c963d8d037\",\"name\":\"Reda\u00e7\u00e3o\",\"image\":{\"@type\":\"ImageObject\",\"inLanguage\":\"pt-BR\",\"@id\":\"https:\\\/\\\/ocoerente.com.br\\\/se\\\/wp-content\\\/uploads\\\/2020\\\/01\\\/ocoerente-1.png\",\"url\":\"https:\\\/\\\/ocoerente.com.br\\\/se\\\/wp-content\\\/uploads\\\/2020\\\/01\\\/ocoerente-1.png\",\"contentUrl\":\"https:\\\/\\\/ocoerente.com.br\\\/se\\\/wp-content\\\/uploads\\\/2020\\\/01\\\/ocoerente-1.png\",\"width\":50,\"height\":50,\"caption\":\"Reda\u00e7\u00e3o\"},\"logo\":{\"@id\":\"https:\\\/\\\/ocoerente.com.br\\\/se\\\/wp-content\\\/uploads\\\/2020\\\/01\\\/ocoerente-1.png\"},\"url\":\"https:\\\/\\\/ocoerente.com.br\\\/se\\\/author\\\/vasticlsales\\\/\"}]}<\/script>\n<!-- \/ Yoast SEO plugin. -->","yoast_head_json":{"title":"Unidade de Sa\u00fade no Mosqueiro ser\u00e1 reconstru\u00edda atrav\u00e9s de emenda de F\u00e1bio Mitidieri - O Coerente","robots":{"index":"index","follow":"follow","max-snippet":"max-snippet:-1","max-image-preview":"max-image-preview:large","max-video-preview":"max-video-preview:-1"},"canonical":"https:\/\/ocoerente.com.br\/se\/2021\/03\/13\/unidade-de-saude-no-mosqueiro-sera-reconstruida-atraves-de-emenda-de-fabio-mitidieri\/","og_locale":"pt_BR","og_type":"article","og_title":"Unidade de Sa\u00fade no Mosqueiro ser\u00e1 reconstru\u00edda atrav\u00e9s de emenda de F\u00e1bio Mitidieri - O Coerente","og_description":"O deputado federal F\u00e1bio Mitidieri destinou uma emenda parlamentar de R$663 mil para a reconstru\u00e7\u00e3o da Unidade B\u00e1sica de Sa\u00fade Niceu Dantas, no Mosqueiro, em Aracaju. A ordem de servi\u00e7o foi assinada hoje pelo prefeito Edvaldo Nogueira e os secret\u00e1rios municipais da Infraestrutura e da Sa\u00fade, S\u00e9rgio Ferrari e Waneska Barboza. A UBS ser\u00e1 entregue [&hellip;]","og_url":"https:\/\/ocoerente.com.br\/se\/2021\/03\/13\/unidade-de-saude-no-mosqueiro-sera-reconstruida-atraves-de-emenda-de-fabio-mitidieri\/","og_site_name":"O Coerente","article_published_time":"2021-03-13T22:06:18+00:00","article_modified_time":"2021-03-13T22:06:19+00:00","og_image":[{"width":2560,"height":1709,"url":"https:\/\/ocoerente.com.br\/se\/wp-content\/uploads\/2021\/03\/ALM3820-scaled.jpg","type":"image\/jpeg"}],"author":"Reda\u00e7\u00e3o","twitter_card":"summary_large_image","twitter_misc":{"Escrito por":"Reda\u00e7\u00e3o","Est. tempo de leitura":"2 minutos"},"schema":{"@context":"https:\/\/schema.org","@graph":[{"@type":"Article","@id":"https:\/\/ocoerente.com.br\/se\/2021\/03\/13\/unidade-de-saude-no-mosqueiro-sera-reconstruida-atraves-de-emenda-de-fabio-mitidieri\/#article","isPartOf":{"@id":"https:\/\/ocoerente.com.br\/se\/2021\/03\/13\/unidade-de-saude-no-mosqueiro-sera-reconstruida-atraves-de-emenda-de-fabio-mitidieri\/"},"author":{"name":"Reda\u00e7\u00e3o","@id":"https:\/\/ocoerente.com.br\/se\/#\/schema\/person\/cc6bfd9fbca465e23543b0c963d8d037"},"headline":"Unidade de Sa\u00fade no Mosqueiro ser\u00e1 reconstru\u00edda atrav\u00e9s de emenda de F\u00e1bio Mitidieri","datePublished":"2021-03-13T22:06:18+00:00","dateModified":"2021-03-13T22:06:19+00:00","mainEntityOfPage":{"@id":"https:\/\/ocoerente.com.br\/se\/2021\/03\/13\/unidade-de-saude-no-mosqueiro-sera-reconstruida-atraves-de-emenda-de-fabio-mitidieri\/"},"wordCount":295,"publisher":{"@id":"https:\/\/ocoerente.com.br\/se\/#\/schema\/person\/cc6bfd9fbca465e23543b0c963d8d037"},"image":{"@id":"https:\/\/ocoerente.com.br\/se\/2021\/03\/13\/unidade-de-saude-no-mosqueiro-sera-reconstruida-atraves-de-emenda-de-fabio-mitidieri\/#primaryimage"},"thumbnailUrl":"https:\/\/ocoerente.com.br\/se\/wp-content\/uploads\/2021\/03\/ALM3820-scaled.jpg","articleSection":["Destaques","Sergipe"],"inLanguage":"pt-BR"},{"@type":"WebPage","@id":"https:\/\/ocoerente.com.br\/se\/2021\/03\/13\/unidade-de-saude-no-mosqueiro-sera-reconstruida-atraves-de-emenda-de-fabio-mitidieri\/","url":"https:\/\/ocoerente.com.br\/se\/2021\/03\/13\/unidade-de-saude-no-mosqueiro-sera-reconstruida-atraves-de-emenda-de-fabio-mitidieri\/","name":"Unidade de Sa\u00fade no Mosqueiro ser\u00e1 reconstru\u00edda atrav\u00e9s de emenda de F\u00e1bio Mitidieri - O Coerente","isPartOf":{"@id":"https:\/\/ocoerente.com.br\/se\/#website"},"primaryImageOfPage":{"@id":"https:\/\/ocoerente.com.br\/se\/2021\/03\/13\/unidade-de-saude-no-mosqueiro-sera-reconstruida-atraves-de-emenda-de-fabio-mitidieri\/#primaryimage"},"image":{"@id":"https:\/\/ocoerente.com.br\/se\/2021\/03\/13\/unidade-de-saude-no-mosqueiro-sera-reconstruida-atraves-de-emenda-de-fabio-mitidieri\/#primaryimage"},"thumbnailUrl":"https:\/\/ocoerente.com.br\/se\/wp-content\/uploads\/2021\/03\/ALM3820-scaled.jpg","datePublished":"2021-03-13T22:06:18+00:00","dateModified":"2021-03-13T22:06:19+00:00","breadcrumb":{"@id":"https:\/\/ocoerente.com.br\/se\/2021\/03\/13\/unidade-de-saude-no-mosqueiro-sera-reconstruida-atraves-de-emenda-de-fabio-mitidieri\/#breadcrumb"},"inLanguage":"pt-BR","potentialAction":[{"@type":"ReadAction","target":["https:\/\/ocoerente.com.br\/se\/2021\/03\/13\/unidade-de-saude-no-mosqueiro-sera-reconstruida-atraves-de-emenda-de-fabio-mitidieri\/"]}]},{"@type":"ImageObject","inLanguage":"pt-BR","@id":"https:\/\/ocoerente.com.br\/se\/2021\/03\/13\/unidade-de-saude-no-mosqueiro-sera-reconstruida-atraves-de-emenda-de-fabio-mitidieri\/#primaryimage","url":"https:\/\/ocoerente.com.br\/se\/wp-content\/uploads\/2021\/03\/ALM3820-scaled.jpg","contentUrl":"https:\/\/ocoerente.com.br\/se\/wp-content\/uploads\/2021\/03\/ALM3820-scaled.jpg","width":2560,"height":1709},{"@type":"BreadcrumbList","@id":"https:\/\/ocoerente.com.br\/se\/2021\/03\/13\/unidade-de-saude-no-mosqueiro-sera-reconstruida-atraves-de-emenda-de-fabio-mitidieri\/#breadcrumb","itemListElement":[{"@type":"ListItem","position":1,"name":"In\u00edcio","item":"https:\/\/ocoerente.com.br\/se\/"},{"@type":"ListItem","position":2,"name":"Unidade de Sa\u00fade no Mosqueiro ser\u00e1 reconstru\u00edda atrav\u00e9s de emenda de F\u00e1bio Mitidieri"}]},{"@type":"WebSite","@id":"https:\/\/ocoerente.com.br\/se\/#website","url":"https:\/\/ocoerente.com.br\/se\/","name":"O Coerente","description":"","publisher":{"@id":"https:\/\/ocoerente.com.br\/se\/#\/schema\/person\/cc6bfd9fbca465e23543b0c963d8d037"},"potentialAction":[{"@type":"SearchAction","target":{"@type":"EntryPoint","urlTemplate":"https:\/\/ocoerente.com.br\/se\/?s={search_term_string}"},"query-input":{"@type":"PropertyValueSpecification","valueRequired":true,"valueName":"search_term_string"}}],"inLanguage":"pt-BR"},{"@type":["Person","Organization"],"@id":"https:\/\/ocoerente.com.br\/se\/#\/schema\/person\/cc6bfd9fbca465e23543b0c963d8d037","name":"Reda\u00e7\u00e3o","image":{"@type":"ImageObject","inLanguage":"pt-BR","@id":"https:\/\/ocoerente.com.br\/se\/wp-content\/uploads\/2020\/01\/ocoerente-1.png","url":"https:\/\/ocoerente.com.br\/se\/wp-content\/uploads\/2020\/01\/ocoerente-1.png","contentUrl":"https:\/\/ocoerente.com.br\/se\/wp-content\/uploads\/2020\/01\/ocoerente-1.png","width":50,"height":50,"caption":"Reda\u00e7\u00e3o"},"logo":{"@id":"https:\/\/ocoerente.com.br\/se\/wp-content\/uploads\/2020\/01\/ocoerente-1.png"},"url":"https:\/\/ocoerente.com.br\/se\/author\/vasticlsales\/"}]}},"_links":{"self":[{"href":"https:\/\/ocoerente.com.br\/se\/wp-json\/wp\/v2\/posts\/2854","targetHints":{"allow":["GET"]}}],"collection":[{"href":"https:\/\/ocoerente.com.br\/se\/wp-json\/wp\/v2\/posts"}],"about":[{"href":"https:\/\/ocoerente.com.br\/se\/wp-json\/wp\/v2\/types\/post"}],"author":[{"embeddable":true,"href":"https:\/\/ocoerente.com.br\/se\/wp-json\/wp\/v2\/users\/1"}],"replies":[{"embeddable":true,"href":"https:\/\/ocoerente.com.br\/se\/wp-json\/wp\/v2\/comments?post=2854"}],"version-history":[{"count":1,"href":"https:\/\/ocoerente.com.br\/se\/wp-json\/wp\/v2\/posts\/2854\/revisions"}],"predecessor-version":[{"id":2856,"href":"https:\/\/ocoerente.com.br\/se\/wp-json\/wp\/v2\/posts\/2854\/revisions\/2856"}],"wp:featuredmedia":[{"embeddable":true,"href":"https:\/\/ocoerente.com.br\/se\/wp-json\/wp\/v2\/media\/2855"}],"wp:attachment":[{"href":"https:\/\/ocoerente.com.br\/se\/wp-json\/wp\/v2\/media?parent=2854"}],"wp:term":[{"taxonomy":"category","embeddable":true,"href":"https:\/\/ocoerente.com.br\/se\/wp-json\/wp\/v2\/categories?post=2854"},{"taxonomy":"post_tag","embeddable":true,"href":"https:\/\/ocoerente.com.br\/se\/wp-json\/wp\/v2\/tags?post=2854"}],"curies":[{"name":"wp","href":"https:\/\/api.w.org\/{rel}","templated":true}]}}