{"id":2851,"date":"2021-03-13T19:05:11","date_gmt":"2021-03-13T22:05:11","guid":{"rendered":"https:\/\/ocoerente.com.br\/se\/?p=2851"},"modified":"2021-03-13T19:05:12","modified_gmt":"2021-03-13T22:05:12","slug":"fabio-mitidieri-defende-medidas-emergenciais-para-empresas-que-promovem-eventos","status":"publish","type":"post","link":"https:\/\/ocoerente.com.br\/se\/2021\/03\/13\/fabio-mitidieri-defende-medidas-emergenciais-para-empresas-que-promovem-eventos\/","title":{"rendered":"F\u00e1bio Mitidieri defende medidas emergenciais para empresas que promovem eventos"},"content":{"rendered":"\n<p>O deputado federal F\u00e1bio Mitidieri (PSD-SE) esteve nesta quarta-feira, 10, em Bras\u00edlia, em um caf\u00e9 da manh\u00e3 organizado pela Associa\u00e7\u00e3o Brasileira dos Promotores de Eventos (Abrape) onde se comprometeu a apoiar as negocia\u00e7\u00f5es no Congresso Nacional por medidas emergenciais para a sobreviv\u00eancia das empresas e dos empregos ligados ao setor.<\/p>\n\n\n\n<p>O setor de eventos emprega mais de 2 milh\u00f5es de pessoas, gerando coloca\u00e7\u00f5es que superam a ind\u00fastria automobil\u00edstica, por exemplo. Com mais de 97% das atividades paralisadas por causa da pandemia do novo coronav\u00edrus, a \u00e1rea de eventos na cultura e entretenimento no Brasil vive um cen\u00e1rio delicado com empresas enfrentando dificuldades financeiras onde j\u00e1 eliminaram mais de 450 mil postos de empregos.<\/p>\n\n\n\n<p>Est\u00e1 previsto para ser votado hoje no Plen\u00e1rio da C\u00e2mara dos Deputados, a urg\u00eancia do Projeto de Lei que cria o Programa Emergencial de Retomada do Setor de Eventos \u2013 PERSE. Ele obriga as institui\u00e7\u00f5es financeiras federais a disponibilizar para as empresas do setor linhas de cr\u00e9dito espec\u00edficas para o fomento de atividades, capital de giro e para a aquisi\u00e7\u00e3o de equipamentos e tamb\u00e9m da condi\u00e7\u00e3o especial para renegocia\u00e7\u00e3o de d\u00e9bitos que eventualmente essas empresas tenham mesmo se forem optantes do Simples Nacional.<\/p>\n\n\n\n<p>F\u00e1bio Mitidieri votar\u00e1 pela a aprova\u00e7\u00e3o do PL e tamb\u00e9m vai conversar com o deputado federal Felipe Carreras (PSB-PE) para melhorar o texto sugerindo um ano de car\u00eancia no empr\u00e9stimo financeiro e que ele seja subsidiado pelo Governo Federal. Para o parlamentar sergipano, o principal objetivo neste momento \u00e9 preservar o maior n\u00famero de empregos e dar condi\u00e7\u00e3o para as empresas seguirem atuando assim que a pandemia for superada.<\/p>\n\n\n\n<p>\u201c\u00c9 um setor que gera muita renda em todo o Brasil. Estamos sem eventos h\u00e1 mais de um ano e n\u00e3o podemos deixar um grande n\u00famero de pessoas desamparadas. A proposta do projeto de lei \u00e9 boa, mas acredito que podemos aperfei\u00e7oar o texto para ajudar ainda mais os empres\u00e1rios do setor\u201d, afirmou.<\/p>\n\n\n\n<p>Estiveram presente mais de 120 produtores de todo o Brasil. Entre os produtores de Sergipe estavam Fabiano Oliveira, organizador do Pr\u00e9-Caju e vereador de Aracaju, Gustavo Paix\u00e3o, organizador da Odonto Fantasy, Teo Santana, que realiza grandes festivais, e o produtor teatral, Andr\u00e9 Vilela.<\/p>\n\n\n\n<p>Teo Santana ressalta que as dificuldades s\u00e3o grandes. A sua empresa teve que demitir 80% das pessoas e conta com uma a\u00e7\u00e3o do Congresso Nacional para n\u00e3o fechar a empresa.<br>Fomos os primeiros a parar e ainda n\u00e3o temos nenhuma perspectiva de retorno. A dificuldade \u00e9 muito grande e conto com o apoio da bancada sergipana, principalmente de F\u00e1bio Mitidieri, meu amigo e que j\u00e1 se mostrou sens\u00edvel \u00e0 nossa situa\u00e7\u00e3o\u201d, disse o empres\u00e1rio.<\/p>\n\n\n\n<p>Rafael Moura<br>Assessor de imprensa \u2013 Deputado F\u00e1bio Mitidieri<br>(61)99627-9926<\/p>\n","protected":false},"excerpt":{"rendered":"<p>O deputado federal F\u00e1bio Mitidieri (PSD-SE) esteve nesta quarta-feira, 10, em Bras\u00edlia, em um caf\u00e9 da manh\u00e3 organizado pela Associa\u00e7\u00e3o Brasileira dos Promotores de Eventos (Abrape) onde se comprometeu a apoiar as negocia\u00e7\u00f5es no Congresso Nacional por medidas emergenciais para a sobreviv\u00eancia das empresas e dos empregos ligados ao setor. O setor de eventos emprega [&hellip;]<\/p>\n","protected":false},"author":1,"featured_media":2852,"comment_status":"closed","ping_status":"closed","sticky":false,"template":"","format":"standard","meta":{"footnotes":""},"categories":[48,53],"tags":[],"class_list":["post-2851","post","type-post","status-publish","format-standard","has-post-thumbnail","hentry","category-brasil","category-destaques"],"yoast_head":"<!-- This site is optimized with the Yoast SEO plugin v27.4 - https:\/\/yoast.com\/product\/yoast-seo-wordpress\/ -->\n<title>F\u00e1bio Mitidieri defende medidas emergenciais para empresas que promovem eventos - O Coerente<\/title>\n<meta name=\"robots\" content=\"index, follow, max-snippet:-1, max-image-preview:large, max-video-preview:-1\" \/>\n<link rel=\"canonical\" href=\"https:\/\/ocoerente.com.br\/se\/2021\/03\/13\/fabio-mitidieri-defende-medidas-emergenciais-para-empresas-que-promovem-eventos\/\" \/>\n<meta property=\"og:locale\" content=\"pt_BR\" \/>\n<meta property=\"og:type\" content=\"article\" \/>\n<meta property=\"og:title\" content=\"F\u00e1bio Mitidieri defende medidas emergenciais para empresas que promovem eventos - O Coerente\" \/>\n<meta property=\"og:description\" content=\"O deputado federal F\u00e1bio Mitidieri (PSD-SE) esteve nesta quarta-feira, 10, em Bras\u00edlia, em um caf\u00e9 da manh\u00e3 organizado pela Associa\u00e7\u00e3o Brasileira dos Promotores de Eventos (Abrape) onde se comprometeu a apoiar as negocia\u00e7\u00f5es no Congresso Nacional por medidas emergenciais para a sobreviv\u00eancia das empresas e dos empregos ligados ao setor. O setor de eventos emprega [&hellip;]\" \/>\n<meta property=\"og:url\" content=\"https:\/\/ocoerente.com.br\/se\/2021\/03\/13\/fabio-mitidieri-defende-medidas-emergenciais-para-empresas-que-promovem-eventos\/\" \/>\n<meta property=\"og:site_name\" content=\"O Coerente\" \/>\n<meta property=\"article:published_time\" content=\"2021-03-13T22:05:11+00:00\" \/>\n<meta property=\"article:modified_time\" content=\"2021-03-13T22:05:12+00:00\" \/>\n<meta property=\"og:image\" content=\"https:\/\/ocoerente.com.br\/se\/wp-content\/uploads\/2021\/03\/20210210_091820-scaled.jpg\" \/>\n\t<meta property=\"og:image:width\" content=\"2560\" \/>\n\t<meta property=\"og:image:height\" content=\"1920\" \/>\n\t<meta property=\"og:image:type\" content=\"image\/jpeg\" \/>\n<meta name=\"author\" content=\"Reda\u00e7\u00e3o\" \/>\n<meta name=\"twitter:card\" content=\"summary_large_image\" \/>\n<meta name=\"twitter:label1\" content=\"Escrito por\" \/>\n\t<meta name=\"twitter:data1\" content=\"Reda\u00e7\u00e3o\" \/>\n\t<meta name=\"twitter:label2\" content=\"Est. tempo de leitura\" \/>\n\t<meta name=\"twitter:data2\" content=\"2 minutos\" \/>\n<script type=\"application\/ld+json\" class=\"yoast-schema-graph\">{\"@context\":\"https:\\\/\\\/schema.org\",\"@graph\":[{\"@type\":\"Article\",\"@id\":\"https:\\\/\\\/ocoerente.com.br\\\/se\\\/2021\\\/03\\\/13\\\/fabio-mitidieri-defende-medidas-emergenciais-para-empresas-que-promovem-eventos\\\/#article\",\"isPartOf\":{\"@id\":\"https:\\\/\\\/ocoerente.com.br\\\/se\\\/2021\\\/03\\\/13\\\/fabio-mitidieri-defende-medidas-emergenciais-para-empresas-que-promovem-eventos\\\/\"},\"author\":{\"name\":\"Reda\u00e7\u00e3o\",\"@id\":\"https:\\\/\\\/ocoerente.com.br\\\/se\\\/#\\\/schema\\\/person\\\/cc6bfd9fbca465e23543b0c963d8d037\"},\"headline\":\"F\u00e1bio Mitidieri defende medidas emergenciais para empresas que promovem eventos\",\"datePublished\":\"2021-03-13T22:05:11+00:00\",\"dateModified\":\"2021-03-13T22:05:12+00:00\",\"mainEntityOfPage\":{\"@id\":\"https:\\\/\\\/ocoerente.com.br\\\/se\\\/2021\\\/03\\\/13\\\/fabio-mitidieri-defende-medidas-emergenciais-para-empresas-que-promovem-eventos\\\/\"},\"wordCount\":486,\"publisher\":{\"@id\":\"https:\\\/\\\/ocoerente.com.br\\\/se\\\/#\\\/schema\\\/person\\\/cc6bfd9fbca465e23543b0c963d8d037\"},\"image\":{\"@id\":\"https:\\\/\\\/ocoerente.com.br\\\/se\\\/2021\\\/03\\\/13\\\/fabio-mitidieri-defende-medidas-emergenciais-para-empresas-que-promovem-eventos\\\/#primaryimage\"},\"thumbnailUrl\":\"https:\\\/\\\/ocoerente.com.br\\\/se\\\/wp-content\\\/uploads\\\/2021\\\/03\\\/20210210_091820-scaled.jpg\",\"articleSection\":[\"Brasil\",\"Destaques\"],\"inLanguage\":\"pt-BR\"},{\"@type\":\"WebPage\",\"@id\":\"https:\\\/\\\/ocoerente.com.br\\\/se\\\/2021\\\/03\\\/13\\\/fabio-mitidieri-defende-medidas-emergenciais-para-empresas-que-promovem-eventos\\\/\",\"url\":\"https:\\\/\\\/ocoerente.com.br\\\/se\\\/2021\\\/03\\\/13\\\/fabio-mitidieri-defende-medidas-emergenciais-para-empresas-que-promovem-eventos\\\/\",\"name\":\"F\u00e1bio Mitidieri defende medidas emergenciais para empresas que promovem eventos - O Coerente\",\"isPartOf\":{\"@id\":\"https:\\\/\\\/ocoerente.com.br\\\/se\\\/#website\"},\"primaryImageOfPage\":{\"@id\":\"https:\\\/\\\/ocoerente.com.br\\\/se\\\/2021\\\/03\\\/13\\\/fabio-mitidieri-defende-medidas-emergenciais-para-empresas-que-promovem-eventos\\\/#primaryimage\"},\"image\":{\"@id\":\"https:\\\/\\\/ocoerente.com.br\\\/se\\\/2021\\\/03\\\/13\\\/fabio-mitidieri-defende-medidas-emergenciais-para-empresas-que-promovem-eventos\\\/#primaryimage\"},\"thumbnailUrl\":\"https:\\\/\\\/ocoerente.com.br\\\/se\\\/wp-content\\\/uploads\\\/2021\\\/03\\\/20210210_091820-scaled.jpg\",\"datePublished\":\"2021-03-13T22:05:11+00:00\",\"dateModified\":\"2021-03-13T22:05:12+00:00\",\"breadcrumb\":{\"@id\":\"https:\\\/\\\/ocoerente.com.br\\\/se\\\/2021\\\/03\\\/13\\\/fabio-mitidieri-defende-medidas-emergenciais-para-empresas-que-promovem-eventos\\\/#breadcrumb\"},\"inLanguage\":\"pt-BR\",\"potentialAction\":[{\"@type\":\"ReadAction\",\"target\":[\"https:\\\/\\\/ocoerente.com.br\\\/se\\\/2021\\\/03\\\/13\\\/fabio-mitidieri-defende-medidas-emergenciais-para-empresas-que-promovem-eventos\\\/\"]}]},{\"@type\":\"ImageObject\",\"inLanguage\":\"pt-BR\",\"@id\":\"https:\\\/\\\/ocoerente.com.br\\\/se\\\/2021\\\/03\\\/13\\\/fabio-mitidieri-defende-medidas-emergenciais-para-empresas-que-promovem-eventos\\\/#primaryimage\",\"url\":\"https:\\\/\\\/ocoerente.com.br\\\/se\\\/wp-content\\\/uploads\\\/2021\\\/03\\\/20210210_091820-scaled.jpg\",\"contentUrl\":\"https:\\\/\\\/ocoerente.com.br\\\/se\\\/wp-content\\\/uploads\\\/2021\\\/03\\\/20210210_091820-scaled.jpg\",\"width\":2560,\"height\":1920},{\"@type\":\"BreadcrumbList\",\"@id\":\"https:\\\/\\\/ocoerente.com.br\\\/se\\\/2021\\\/03\\\/13\\\/fabio-mitidieri-defende-medidas-emergenciais-para-empresas-que-promovem-eventos\\\/#breadcrumb\",\"itemListElement\":[{\"@type\":\"ListItem\",\"position\":1,\"name\":\"In\u00edcio\",\"item\":\"https:\\\/\\\/ocoerente.com.br\\\/se\\\/\"},{\"@type\":\"ListItem\",\"position\":2,\"name\":\"F\u00e1bio Mitidieri defende medidas emergenciais para empresas que promovem eventos\"}]},{\"@type\":\"WebSite\",\"@id\":\"https:\\\/\\\/ocoerente.com.br\\\/se\\\/#website\",\"url\":\"https:\\\/\\\/ocoerente.com.br\\\/se\\\/\",\"name\":\"O Coerente\",\"description\":\"\",\"publisher\":{\"@id\":\"https:\\\/\\\/ocoerente.com.br\\\/se\\\/#\\\/schema\\\/person\\\/cc6bfd9fbca465e23543b0c963d8d037\"},\"potentialAction\":[{\"@type\":\"SearchAction\",\"target\":{\"@type\":\"EntryPoint\",\"urlTemplate\":\"https:\\\/\\\/ocoerente.com.br\\\/se\\\/?s={search_term_string}\"},\"query-input\":{\"@type\":\"PropertyValueSpecification\",\"valueRequired\":true,\"valueName\":\"search_term_string\"}}],\"inLanguage\":\"pt-BR\"},{\"@type\":[\"Person\",\"Organization\"],\"@id\":\"https:\\\/\\\/ocoerente.com.br\\\/se\\\/#\\\/schema\\\/person\\\/cc6bfd9fbca465e23543b0c963d8d037\",\"name\":\"Reda\u00e7\u00e3o\",\"image\":{\"@type\":\"ImageObject\",\"inLanguage\":\"pt-BR\",\"@id\":\"https:\\\/\\\/ocoerente.com.br\\\/se\\\/wp-content\\\/uploads\\\/2020\\\/01\\\/ocoerente-1.png\",\"url\":\"https:\\\/\\\/ocoerente.com.br\\\/se\\\/wp-content\\\/uploads\\\/2020\\\/01\\\/ocoerente-1.png\",\"contentUrl\":\"https:\\\/\\\/ocoerente.com.br\\\/se\\\/wp-content\\\/uploads\\\/2020\\\/01\\\/ocoerente-1.png\",\"width\":50,\"height\":50,\"caption\":\"Reda\u00e7\u00e3o\"},\"logo\":{\"@id\":\"https:\\\/\\\/ocoerente.com.br\\\/se\\\/wp-content\\\/uploads\\\/2020\\\/01\\\/ocoerente-1.png\"},\"url\":\"https:\\\/\\\/ocoerente.com.br\\\/se\\\/author\\\/vasticlsales\\\/\"}]}<\/script>\n<!-- \/ Yoast SEO plugin. -->","yoast_head_json":{"title":"F\u00e1bio Mitidieri defende medidas emergenciais para empresas que promovem eventos - O Coerente","robots":{"index":"index","follow":"follow","max-snippet":"max-snippet:-1","max-image-preview":"max-image-preview:large","max-video-preview":"max-video-preview:-1"},"canonical":"https:\/\/ocoerente.com.br\/se\/2021\/03\/13\/fabio-mitidieri-defende-medidas-emergenciais-para-empresas-que-promovem-eventos\/","og_locale":"pt_BR","og_type":"article","og_title":"F\u00e1bio Mitidieri defende medidas emergenciais para empresas que promovem eventos - O Coerente","og_description":"O deputado federal F\u00e1bio Mitidieri (PSD-SE) esteve nesta quarta-feira, 10, em Bras\u00edlia, em um caf\u00e9 da manh\u00e3 organizado pela Associa\u00e7\u00e3o Brasileira dos Promotores de Eventos (Abrape) onde se comprometeu a apoiar as negocia\u00e7\u00f5es no Congresso Nacional por medidas emergenciais para a sobreviv\u00eancia das empresas e dos empregos ligados ao setor. O setor de eventos emprega [&hellip;]","og_url":"https:\/\/ocoerente.com.br\/se\/2021\/03\/13\/fabio-mitidieri-defende-medidas-emergenciais-para-empresas-que-promovem-eventos\/","og_site_name":"O Coerente","article_published_time":"2021-03-13T22:05:11+00:00","article_modified_time":"2021-03-13T22:05:12+00:00","og_image":[{"width":2560,"height":1920,"url":"https:\/\/ocoerente.com.br\/se\/wp-content\/uploads\/2021\/03\/20210210_091820-scaled.jpg","type":"image\/jpeg"}],"author":"Reda\u00e7\u00e3o","twitter_card":"summary_large_image","twitter_misc":{"Escrito por":"Reda\u00e7\u00e3o","Est. tempo de leitura":"2 minutos"},"schema":{"@context":"https:\/\/schema.org","@graph":[{"@type":"Article","@id":"https:\/\/ocoerente.com.br\/se\/2021\/03\/13\/fabio-mitidieri-defende-medidas-emergenciais-para-empresas-que-promovem-eventos\/#article","isPartOf":{"@id":"https:\/\/ocoerente.com.br\/se\/2021\/03\/13\/fabio-mitidieri-defende-medidas-emergenciais-para-empresas-que-promovem-eventos\/"},"author":{"name":"Reda\u00e7\u00e3o","@id":"https:\/\/ocoerente.com.br\/se\/#\/schema\/person\/cc6bfd9fbca465e23543b0c963d8d037"},"headline":"F\u00e1bio Mitidieri defende medidas emergenciais para empresas que promovem eventos","datePublished":"2021-03-13T22:05:11+00:00","dateModified":"2021-03-13T22:05:12+00:00","mainEntityOfPage":{"@id":"https:\/\/ocoerente.com.br\/se\/2021\/03\/13\/fabio-mitidieri-defende-medidas-emergenciais-para-empresas-que-promovem-eventos\/"},"wordCount":486,"publisher":{"@id":"https:\/\/ocoerente.com.br\/se\/#\/schema\/person\/cc6bfd9fbca465e23543b0c963d8d037"},"image":{"@id":"https:\/\/ocoerente.com.br\/se\/2021\/03\/13\/fabio-mitidieri-defende-medidas-emergenciais-para-empresas-que-promovem-eventos\/#primaryimage"},"thumbnailUrl":"https:\/\/ocoerente.com.br\/se\/wp-content\/uploads\/2021\/03\/20210210_091820-scaled.jpg","articleSection":["Brasil","Destaques"],"inLanguage":"pt-BR"},{"@type":"WebPage","@id":"https:\/\/ocoerente.com.br\/se\/2021\/03\/13\/fabio-mitidieri-defende-medidas-emergenciais-para-empresas-que-promovem-eventos\/","url":"https:\/\/ocoerente.com.br\/se\/2021\/03\/13\/fabio-mitidieri-defende-medidas-emergenciais-para-empresas-que-promovem-eventos\/","name":"F\u00e1bio Mitidieri defende medidas emergenciais para empresas que promovem eventos - O Coerente","isPartOf":{"@id":"https:\/\/ocoerente.com.br\/se\/#website"},"primaryImageOfPage":{"@id":"https:\/\/ocoerente.com.br\/se\/2021\/03\/13\/fabio-mitidieri-defende-medidas-emergenciais-para-empresas-que-promovem-eventos\/#primaryimage"},"image":{"@id":"https:\/\/ocoerente.com.br\/se\/2021\/03\/13\/fabio-mitidieri-defende-medidas-emergenciais-para-empresas-que-promovem-eventos\/#primaryimage"},"thumbnailUrl":"https:\/\/ocoerente.com.br\/se\/wp-content\/uploads\/2021\/03\/20210210_091820-scaled.jpg","datePublished":"2021-03-13T22:05:11+00:00","dateModified":"2021-03-13T22:05:12+00:00","breadcrumb":{"@id":"https:\/\/ocoerente.com.br\/se\/2021\/03\/13\/fabio-mitidieri-defende-medidas-emergenciais-para-empresas-que-promovem-eventos\/#breadcrumb"},"inLanguage":"pt-BR","potentialAction":[{"@type":"ReadAction","target":["https:\/\/ocoerente.com.br\/se\/2021\/03\/13\/fabio-mitidieri-defende-medidas-emergenciais-para-empresas-que-promovem-eventos\/"]}]},{"@type":"ImageObject","inLanguage":"pt-BR","@id":"https:\/\/ocoerente.com.br\/se\/2021\/03\/13\/fabio-mitidieri-defende-medidas-emergenciais-para-empresas-que-promovem-eventos\/#primaryimage","url":"https:\/\/ocoerente.com.br\/se\/wp-content\/uploads\/2021\/03\/20210210_091820-scaled.jpg","contentUrl":"https:\/\/ocoerente.com.br\/se\/wp-content\/uploads\/2021\/03\/20210210_091820-scaled.jpg","width":2560,"height":1920},{"@type":"BreadcrumbList","@id":"https:\/\/ocoerente.com.br\/se\/2021\/03\/13\/fabio-mitidieri-defende-medidas-emergenciais-para-empresas-que-promovem-eventos\/#breadcrumb","itemListElement":[{"@type":"ListItem","position":1,"name":"In\u00edcio","item":"https:\/\/ocoerente.com.br\/se\/"},{"@type":"ListItem","position":2,"name":"F\u00e1bio Mitidieri defende medidas emergenciais para empresas que promovem eventos"}]},{"@type":"WebSite","@id":"https:\/\/ocoerente.com.br\/se\/#website","url":"https:\/\/ocoerente.com.br\/se\/","name":"O Coerente","description":"","publisher":{"@id":"https:\/\/ocoerente.com.br\/se\/#\/schema\/person\/cc6bfd9fbca465e23543b0c963d8d037"},"potentialAction":[{"@type":"SearchAction","target":{"@type":"EntryPoint","urlTemplate":"https:\/\/ocoerente.com.br\/se\/?s={search_term_string}"},"query-input":{"@type":"PropertyValueSpecification","valueRequired":true,"valueName":"search_term_string"}}],"inLanguage":"pt-BR"},{"@type":["Person","Organization"],"@id":"https:\/\/ocoerente.com.br\/se\/#\/schema\/person\/cc6bfd9fbca465e23543b0c963d8d037","name":"Reda\u00e7\u00e3o","image":{"@type":"ImageObject","inLanguage":"pt-BR","@id":"https:\/\/ocoerente.com.br\/se\/wp-content\/uploads\/2020\/01\/ocoerente-1.png","url":"https:\/\/ocoerente.com.br\/se\/wp-content\/uploads\/2020\/01\/ocoerente-1.png","contentUrl":"https:\/\/ocoerente.com.br\/se\/wp-content\/uploads\/2020\/01\/ocoerente-1.png","width":50,"height":50,"caption":"Reda\u00e7\u00e3o"},"logo":{"@id":"https:\/\/ocoerente.com.br\/se\/wp-content\/uploads\/2020\/01\/ocoerente-1.png"},"url":"https:\/\/ocoerente.com.br\/se\/author\/vasticlsales\/"}]}},"_links":{"self":[{"href":"https:\/\/ocoerente.com.br\/se\/wp-json\/wp\/v2\/posts\/2851","targetHints":{"allow":["GET"]}}],"collection":[{"href":"https:\/\/ocoerente.com.br\/se\/wp-json\/wp\/v2\/posts"}],"about":[{"href":"https:\/\/ocoerente.com.br\/se\/wp-json\/wp\/v2\/types\/post"}],"author":[{"embeddable":true,"href":"https:\/\/ocoerente.com.br\/se\/wp-json\/wp\/v2\/users\/1"}],"replies":[{"embeddable":true,"href":"https:\/\/ocoerente.com.br\/se\/wp-json\/wp\/v2\/comments?post=2851"}],"version-history":[{"count":1,"href":"https:\/\/ocoerente.com.br\/se\/wp-json\/wp\/v2\/posts\/2851\/revisions"}],"predecessor-version":[{"id":2853,"href":"https:\/\/ocoerente.com.br\/se\/wp-json\/wp\/v2\/posts\/2851\/revisions\/2853"}],"wp:featuredmedia":[{"embeddable":true,"href":"https:\/\/ocoerente.com.br\/se\/wp-json\/wp\/v2\/media\/2852"}],"wp:attachment":[{"href":"https:\/\/ocoerente.com.br\/se\/wp-json\/wp\/v2\/media?parent=2851"}],"wp:term":[{"taxonomy":"category","embeddable":true,"href":"https:\/\/ocoerente.com.br\/se\/wp-json\/wp\/v2\/categories?post=2851"},{"taxonomy":"post_tag","embeddable":true,"href":"https:\/\/ocoerente.com.br\/se\/wp-json\/wp\/v2\/tags?post=2851"}],"curies":[{"name":"wp","href":"https:\/\/api.w.org\/{rel}","templated":true}]}}