{"id":2848,"date":"2021-03-13T19:00:34","date_gmt":"2021-03-13T22:00:34","guid":{"rendered":"https:\/\/ocoerente.com.br\/se\/?p=2848"},"modified":"2021-03-13T19:00:35","modified_gmt":"2021-03-13T22:00:35","slug":"com-imobilismo-do-itamaraty-senado-fara-ofensiva-por-vacinas-emergenciais-e-ajuda-humanitaria","status":"publish","type":"post","link":"https:\/\/ocoerente.com.br\/se\/2021\/03\/13\/com-imobilismo-do-itamaraty-senado-fara-ofensiva-por-vacinas-emergenciais-e-ajuda-humanitaria\/","title":{"rendered":"Com imobilismo do Itamaraty, Senado far\u00e1 ofensiva por vacinas emergenciais e ajuda humanit\u00e1ria"},"content":{"rendered":"\n<p>Com a falta de a\u00e7\u00e3o da diplomacia brasileira, o\u00a0<a href=\"https:\/\/g1.globo.com\/tudo-sobre\/senado-federal\/\">Senado<\/a>\u00a0vai iniciar uma mobiliza\u00e7\u00e3o para conseguir ajuda humanit\u00e1ria de pa\u00edses e organismos internacionais. O objetivo \u00e9 a aquisi\u00e7\u00e3o imediata de vacinas para conter o\u00a0<a href=\"https:\/\/g1.globo.com\/bemestar\/coronavirus\/noticia\/2021\/03\/11\/1-ano-de-pandemia-graficos-mostram-o-que-funcionou-no-combate-a-covid-e-quais-os-caminhos-para-o-brasil.ghtml\">agravamento exponencial da pandemia de coronav\u00edrus<\/a>\u00a0no pa\u00eds.<\/p>\n\n\n\n<p>O tema entrou em pauta no Legislativo nesta semana, depois de uma conversa do senador Rog\u00e9rio Carvalho (PT-SE) com o presidente da Casa, senador<a href=\"https:\/\/g1.globo.com\/politica\/politico\/rodrigo-otavio-soares-pacheco\/\">&nbsp;Rodrigo Pacheco&nbsp;<\/a>(DEM-MG).<\/p>\n\n\n\n<p>Pacheco autorizou que a mobiliza\u00e7\u00e3o do Senado se d\u00ea via Comiss\u00e3o de Rela\u00e7\u00f5es Exteriores, atualmente presidida por&nbsp;<a href=\"https:\/\/g1.globo.com\/politica\/politico\/katia-abreu\/\">K\u00e1tia Abreu<\/a>&nbsp;(PP-TO).<\/p>\n\n\n\n<p>&#8220;\u00c9 preciso acionar uma ajuda humanit\u00e1ria imediatamente. Caso contr\u00e1rio, teremos 500 mil mortos at\u00e9 junho. E quando a vacina chegar, a cat\u00e1strofe j\u00e1 ter\u00e1 acontecido&#8221;, alertou Rog\u00e9rio Carvalho.<\/p>\n\n\n\n<p>&#8220;Temos que conseguir vacinas emergenciais para conter essa nova variante. Caso contr\u00e1rio, o Brasil pode colocar a perder tudo o que o que o mundo tem feito para controlar a pandemia. Nesse ritmo, surgir\u00e3o novas variantes num pa\u00eds de mais 200 milh\u00f5es de habitantes. \u00c9 preciso interromper esse ciclo. Por isso, \u00e9 preciso apelar para o mundo&#8221;, ponderou o senador, que j\u00e1 foi secret\u00e1rio de Sa\u00fade de Sergipe.<\/p>\n\n\n\n<p>Carvalho reconhece que, nesse momento, s\u00f3 h\u00e1 vacinas para pa\u00edses que compraram com anteced\u00eancia. \u201cPor isso, temos que fazer uma troca com pa\u00edses que j\u00e1 possuem vacinas para receber antecipadamente\u201d, refor\u00e7ou.<\/p>\n\n\n\n<h2 class=\"wp-block-heading\"><strong>Carta de governadores<\/strong><\/h2>\n\n\n\n<p>Na semana passada, diante do agravamento dos casos de Covid-19 no pa\u00eds e da dissemina\u00e7\u00e3o da nova variante brasileira do coronav\u00edrus, governadores de 14 estados pediram, em&nbsp;<a href=\"https:\/\/g1.globo.com\/politica\/blog\/gerson-camarotti\/post\/2021\/03\/04\/governadores-enviam-carta-a-bolsonaro-e-pedem-aquisicao-de-mais-vacinas-contra-covid-19.ghtml\">carta enviada ao presidente Jair Bolsonaro<\/a>, que o governo federal adote medidas e procure organismos internacionais a fim de adquirir mais doses de vacinas.<\/p>\n\n\n\n<p>Os governadores alegam no documento que est\u00e3o no &#8220;limite&#8221; e que a vacina\u00e7\u00e3o em massa &#8220;\u00e9 a alternativa que se afigura como a mais recomend\u00e1vel, e, provavelmente, a \u00fanica capaz de deter a pandemia&#8221;.<\/p>\n\n\n\n<p>&#8220;Neste momento, h\u00e1 novas, reais e importantes justificativas para que o Brasil obtenha, com celeridade, novas remessas de imunizantes, a principal delas \u00e9 a chegada e a r\u00e1pida dissemina\u00e7\u00e3o, j\u00e1 no est\u00e1gio de transmiss\u00e3o comunit\u00e1ria, da nova variante P1, que tem se revelado ainda mais letal, prejudicando os esfor\u00e7os para proteger a vida de nossas cidad\u00e3s e cidad\u00e3os, bem como de suas fam\u00edlias&#8221;, afirmam os governadores no documento.<\/p>\n\n\n\n<p>G1<\/p>\n","protected":false},"excerpt":{"rendered":"<p>Com a falta de a\u00e7\u00e3o da diplomacia brasileira, o\u00a0Senado\u00a0vai iniciar uma mobiliza\u00e7\u00e3o para conseguir ajuda humanit\u00e1ria de pa\u00edses e organismos internacionais. O objetivo \u00e9 a aquisi\u00e7\u00e3o imediata de vacinas para conter o\u00a0agravamento exponencial da pandemia de coronav\u00edrus\u00a0no pa\u00eds. O tema entrou em pauta no Legislativo nesta semana, depois de uma conversa do senador Rog\u00e9rio Carvalho [&hellip;]<\/p>\n","protected":false},"author":1,"featured_media":2849,"comment_status":"closed","ping_status":"closed","sticky":false,"template":"","format":"standard","meta":{"footnotes":""},"categories":[53,54],"tags":[],"class_list":["post-2848","post","type-post","status-publish","format-standard","has-post-thumbnail","hentry","category-destaques","category-saude"],"yoast_head":"<!-- This site is optimized with the Yoast SEO plugin v27.4 - https:\/\/yoast.com\/product\/yoast-seo-wordpress\/ -->\n<title>Com imobilismo do Itamaraty, Senado far\u00e1 ofensiva por vacinas emergenciais e ajuda humanit\u00e1ria - O Coerente<\/title>\n<meta name=\"robots\" content=\"index, follow, max-snippet:-1, max-image-preview:large, max-video-preview:-1\" \/>\n<link rel=\"canonical\" href=\"https:\/\/ocoerente.com.br\/se\/2021\/03\/13\/com-imobilismo-do-itamaraty-senado-fara-ofensiva-por-vacinas-emergenciais-e-ajuda-humanitaria\/\" \/>\n<meta property=\"og:locale\" content=\"pt_BR\" \/>\n<meta property=\"og:type\" content=\"article\" \/>\n<meta property=\"og:title\" content=\"Com imobilismo do Itamaraty, Senado far\u00e1 ofensiva por vacinas emergenciais e ajuda humanit\u00e1ria - O Coerente\" \/>\n<meta property=\"og:description\" content=\"Com a falta de a\u00e7\u00e3o da diplomacia brasileira, o\u00a0Senado\u00a0vai iniciar uma mobiliza\u00e7\u00e3o para conseguir ajuda humanit\u00e1ria de pa\u00edses e organismos internacionais. O objetivo \u00e9 a aquisi\u00e7\u00e3o imediata de vacinas para conter o\u00a0agravamento exponencial da pandemia de coronav\u00edrus\u00a0no pa\u00eds. O tema entrou em pauta no Legislativo nesta semana, depois de uma conversa do senador Rog\u00e9rio Carvalho [&hellip;]\" \/>\n<meta property=\"og:url\" content=\"https:\/\/ocoerente.com.br\/se\/2021\/03\/13\/com-imobilismo-do-itamaraty-senado-fara-ofensiva-por-vacinas-emergenciais-e-ajuda-humanitaria\/\" \/>\n<meta property=\"og:site_name\" content=\"O Coerente\" \/>\n<meta property=\"article:published_time\" content=\"2021-03-13T22:00:34+00:00\" \/>\n<meta property=\"article:modified_time\" content=\"2021-03-13T22:00:35+00:00\" \/>\n<meta property=\"og:image\" content=\"https:\/\/ocoerente.com.br\/se\/wp-content\/uploads\/2021\/03\/vacinasvarias.jpg\" \/>\n\t<meta property=\"og:image:width\" content=\"1392\" \/>\n\t<meta property=\"og:image:height\" content=\"835\" \/>\n\t<meta property=\"og:image:type\" content=\"image\/jpeg\" \/>\n<meta name=\"author\" content=\"Reda\u00e7\u00e3o\" \/>\n<meta name=\"twitter:card\" content=\"summary_large_image\" \/>\n<meta name=\"twitter:label1\" content=\"Escrito por\" \/>\n\t<meta name=\"twitter:data1\" content=\"Reda\u00e7\u00e3o\" \/>\n\t<meta name=\"twitter:label2\" content=\"Est. tempo de leitura\" \/>\n\t<meta name=\"twitter:data2\" content=\"2 minutos\" \/>\n<script type=\"application\/ld+json\" class=\"yoast-schema-graph\">{\"@context\":\"https:\\\/\\\/schema.org\",\"@graph\":[{\"@type\":\"Article\",\"@id\":\"https:\\\/\\\/ocoerente.com.br\\\/se\\\/2021\\\/03\\\/13\\\/com-imobilismo-do-itamaraty-senado-fara-ofensiva-por-vacinas-emergenciais-e-ajuda-humanitaria\\\/#article\",\"isPartOf\":{\"@id\":\"https:\\\/\\\/ocoerente.com.br\\\/se\\\/2021\\\/03\\\/13\\\/com-imobilismo-do-itamaraty-senado-fara-ofensiva-por-vacinas-emergenciais-e-ajuda-humanitaria\\\/\"},\"author\":{\"name\":\"Reda\u00e7\u00e3o\",\"@id\":\"https:\\\/\\\/ocoerente.com.br\\\/se\\\/#\\\/schema\\\/person\\\/cc6bfd9fbca465e23543b0c963d8d037\"},\"headline\":\"Com imobilismo do Itamaraty, Senado far\u00e1 ofensiva por vacinas emergenciais e ajuda humanit\u00e1ria\",\"datePublished\":\"2021-03-13T22:00:34+00:00\",\"dateModified\":\"2021-03-13T22:00:35+00:00\",\"mainEntityOfPage\":{\"@id\":\"https:\\\/\\\/ocoerente.com.br\\\/se\\\/2021\\\/03\\\/13\\\/com-imobilismo-do-itamaraty-senado-fara-ofensiva-por-vacinas-emergenciais-e-ajuda-humanitaria\\\/\"},\"wordCount\":424,\"publisher\":{\"@id\":\"https:\\\/\\\/ocoerente.com.br\\\/se\\\/#\\\/schema\\\/person\\\/cc6bfd9fbca465e23543b0c963d8d037\"},\"image\":{\"@id\":\"https:\\\/\\\/ocoerente.com.br\\\/se\\\/2021\\\/03\\\/13\\\/com-imobilismo-do-itamaraty-senado-fara-ofensiva-por-vacinas-emergenciais-e-ajuda-humanitaria\\\/#primaryimage\"},\"thumbnailUrl\":\"https:\\\/\\\/ocoerente.com.br\\\/se\\\/wp-content\\\/uploads\\\/2021\\\/03\\\/vacinasvarias.jpg\",\"articleSection\":[\"Destaques\",\"Sa\u00fade\"],\"inLanguage\":\"pt-BR\"},{\"@type\":\"WebPage\",\"@id\":\"https:\\\/\\\/ocoerente.com.br\\\/se\\\/2021\\\/03\\\/13\\\/com-imobilismo-do-itamaraty-senado-fara-ofensiva-por-vacinas-emergenciais-e-ajuda-humanitaria\\\/\",\"url\":\"https:\\\/\\\/ocoerente.com.br\\\/se\\\/2021\\\/03\\\/13\\\/com-imobilismo-do-itamaraty-senado-fara-ofensiva-por-vacinas-emergenciais-e-ajuda-humanitaria\\\/\",\"name\":\"Com imobilismo do Itamaraty, Senado far\u00e1 ofensiva por vacinas emergenciais e ajuda humanit\u00e1ria - O Coerente\",\"isPartOf\":{\"@id\":\"https:\\\/\\\/ocoerente.com.br\\\/se\\\/#website\"},\"primaryImageOfPage\":{\"@id\":\"https:\\\/\\\/ocoerente.com.br\\\/se\\\/2021\\\/03\\\/13\\\/com-imobilismo-do-itamaraty-senado-fara-ofensiva-por-vacinas-emergenciais-e-ajuda-humanitaria\\\/#primaryimage\"},\"image\":{\"@id\":\"https:\\\/\\\/ocoerente.com.br\\\/se\\\/2021\\\/03\\\/13\\\/com-imobilismo-do-itamaraty-senado-fara-ofensiva-por-vacinas-emergenciais-e-ajuda-humanitaria\\\/#primaryimage\"},\"thumbnailUrl\":\"https:\\\/\\\/ocoerente.com.br\\\/se\\\/wp-content\\\/uploads\\\/2021\\\/03\\\/vacinasvarias.jpg\",\"datePublished\":\"2021-03-13T22:00:34+00:00\",\"dateModified\":\"2021-03-13T22:00:35+00:00\",\"breadcrumb\":{\"@id\":\"https:\\\/\\\/ocoerente.com.br\\\/se\\\/2021\\\/03\\\/13\\\/com-imobilismo-do-itamaraty-senado-fara-ofensiva-por-vacinas-emergenciais-e-ajuda-humanitaria\\\/#breadcrumb\"},\"inLanguage\":\"pt-BR\",\"potentialAction\":[{\"@type\":\"ReadAction\",\"target\":[\"https:\\\/\\\/ocoerente.com.br\\\/se\\\/2021\\\/03\\\/13\\\/com-imobilismo-do-itamaraty-senado-fara-ofensiva-por-vacinas-emergenciais-e-ajuda-humanitaria\\\/\"]}]},{\"@type\":\"ImageObject\",\"inLanguage\":\"pt-BR\",\"@id\":\"https:\\\/\\\/ocoerente.com.br\\\/se\\\/2021\\\/03\\\/13\\\/com-imobilismo-do-itamaraty-senado-fara-ofensiva-por-vacinas-emergenciais-e-ajuda-humanitaria\\\/#primaryimage\",\"url\":\"https:\\\/\\\/ocoerente.com.br\\\/se\\\/wp-content\\\/uploads\\\/2021\\\/03\\\/vacinasvarias.jpg\",\"contentUrl\":\"https:\\\/\\\/ocoerente.com.br\\\/se\\\/wp-content\\\/uploads\\\/2021\\\/03\\\/vacinasvarias.jpg\",\"width\":1392,\"height\":835},{\"@type\":\"BreadcrumbList\",\"@id\":\"https:\\\/\\\/ocoerente.com.br\\\/se\\\/2021\\\/03\\\/13\\\/com-imobilismo-do-itamaraty-senado-fara-ofensiva-por-vacinas-emergenciais-e-ajuda-humanitaria\\\/#breadcrumb\",\"itemListElement\":[{\"@type\":\"ListItem\",\"position\":1,\"name\":\"In\u00edcio\",\"item\":\"https:\\\/\\\/ocoerente.com.br\\\/se\\\/\"},{\"@type\":\"ListItem\",\"position\":2,\"name\":\"Com imobilismo do Itamaraty, Senado far\u00e1 ofensiva por vacinas emergenciais e ajuda humanit\u00e1ria\"}]},{\"@type\":\"WebSite\",\"@id\":\"https:\\\/\\\/ocoerente.com.br\\\/se\\\/#website\",\"url\":\"https:\\\/\\\/ocoerente.com.br\\\/se\\\/\",\"name\":\"O Coerente\",\"description\":\"\",\"publisher\":{\"@id\":\"https:\\\/\\\/ocoerente.com.br\\\/se\\\/#\\\/schema\\\/person\\\/cc6bfd9fbca465e23543b0c963d8d037\"},\"potentialAction\":[{\"@type\":\"SearchAction\",\"target\":{\"@type\":\"EntryPoint\",\"urlTemplate\":\"https:\\\/\\\/ocoerente.com.br\\\/se\\\/?s={search_term_string}\"},\"query-input\":{\"@type\":\"PropertyValueSpecification\",\"valueRequired\":true,\"valueName\":\"search_term_string\"}}],\"inLanguage\":\"pt-BR\"},{\"@type\":[\"Person\",\"Organization\"],\"@id\":\"https:\\\/\\\/ocoerente.com.br\\\/se\\\/#\\\/schema\\\/person\\\/cc6bfd9fbca465e23543b0c963d8d037\",\"name\":\"Reda\u00e7\u00e3o\",\"image\":{\"@type\":\"ImageObject\",\"inLanguage\":\"pt-BR\",\"@id\":\"https:\\\/\\\/ocoerente.com.br\\\/se\\\/wp-content\\\/uploads\\\/2020\\\/01\\\/ocoerente-1.png\",\"url\":\"https:\\\/\\\/ocoerente.com.br\\\/se\\\/wp-content\\\/uploads\\\/2020\\\/01\\\/ocoerente-1.png\",\"contentUrl\":\"https:\\\/\\\/ocoerente.com.br\\\/se\\\/wp-content\\\/uploads\\\/2020\\\/01\\\/ocoerente-1.png\",\"width\":50,\"height\":50,\"caption\":\"Reda\u00e7\u00e3o\"},\"logo\":{\"@id\":\"https:\\\/\\\/ocoerente.com.br\\\/se\\\/wp-content\\\/uploads\\\/2020\\\/01\\\/ocoerente-1.png\"},\"url\":\"https:\\\/\\\/ocoerente.com.br\\\/se\\\/author\\\/vasticlsales\\\/\"}]}<\/script>\n<!-- \/ Yoast SEO plugin. -->","yoast_head_json":{"title":"Com imobilismo do Itamaraty, Senado far\u00e1 ofensiva por vacinas emergenciais e ajuda humanit\u00e1ria - O Coerente","robots":{"index":"index","follow":"follow","max-snippet":"max-snippet:-1","max-image-preview":"max-image-preview:large","max-video-preview":"max-video-preview:-1"},"canonical":"https:\/\/ocoerente.com.br\/se\/2021\/03\/13\/com-imobilismo-do-itamaraty-senado-fara-ofensiva-por-vacinas-emergenciais-e-ajuda-humanitaria\/","og_locale":"pt_BR","og_type":"article","og_title":"Com imobilismo do Itamaraty, Senado far\u00e1 ofensiva por vacinas emergenciais e ajuda humanit\u00e1ria - O Coerente","og_description":"Com a falta de a\u00e7\u00e3o da diplomacia brasileira, o\u00a0Senado\u00a0vai iniciar uma mobiliza\u00e7\u00e3o para conseguir ajuda humanit\u00e1ria de pa\u00edses e organismos internacionais. O objetivo \u00e9 a aquisi\u00e7\u00e3o imediata de vacinas para conter o\u00a0agravamento exponencial da pandemia de coronav\u00edrus\u00a0no pa\u00eds. O tema entrou em pauta no Legislativo nesta semana, depois de uma conversa do senador Rog\u00e9rio Carvalho [&hellip;]","og_url":"https:\/\/ocoerente.com.br\/se\/2021\/03\/13\/com-imobilismo-do-itamaraty-senado-fara-ofensiva-por-vacinas-emergenciais-e-ajuda-humanitaria\/","og_site_name":"O Coerente","article_published_time":"2021-03-13T22:00:34+00:00","article_modified_time":"2021-03-13T22:00:35+00:00","og_image":[{"width":1392,"height":835,"url":"https:\/\/ocoerente.com.br\/se\/wp-content\/uploads\/2021\/03\/vacinasvarias.jpg","type":"image\/jpeg"}],"author":"Reda\u00e7\u00e3o","twitter_card":"summary_large_image","twitter_misc":{"Escrito por":"Reda\u00e7\u00e3o","Est. tempo de leitura":"2 minutos"},"schema":{"@context":"https:\/\/schema.org","@graph":[{"@type":"Article","@id":"https:\/\/ocoerente.com.br\/se\/2021\/03\/13\/com-imobilismo-do-itamaraty-senado-fara-ofensiva-por-vacinas-emergenciais-e-ajuda-humanitaria\/#article","isPartOf":{"@id":"https:\/\/ocoerente.com.br\/se\/2021\/03\/13\/com-imobilismo-do-itamaraty-senado-fara-ofensiva-por-vacinas-emergenciais-e-ajuda-humanitaria\/"},"author":{"name":"Reda\u00e7\u00e3o","@id":"https:\/\/ocoerente.com.br\/se\/#\/schema\/person\/cc6bfd9fbca465e23543b0c963d8d037"},"headline":"Com imobilismo do Itamaraty, Senado far\u00e1 ofensiva por vacinas emergenciais e ajuda humanit\u00e1ria","datePublished":"2021-03-13T22:00:34+00:00","dateModified":"2021-03-13T22:00:35+00:00","mainEntityOfPage":{"@id":"https:\/\/ocoerente.com.br\/se\/2021\/03\/13\/com-imobilismo-do-itamaraty-senado-fara-ofensiva-por-vacinas-emergenciais-e-ajuda-humanitaria\/"},"wordCount":424,"publisher":{"@id":"https:\/\/ocoerente.com.br\/se\/#\/schema\/person\/cc6bfd9fbca465e23543b0c963d8d037"},"image":{"@id":"https:\/\/ocoerente.com.br\/se\/2021\/03\/13\/com-imobilismo-do-itamaraty-senado-fara-ofensiva-por-vacinas-emergenciais-e-ajuda-humanitaria\/#primaryimage"},"thumbnailUrl":"https:\/\/ocoerente.com.br\/se\/wp-content\/uploads\/2021\/03\/vacinasvarias.jpg","articleSection":["Destaques","Sa\u00fade"],"inLanguage":"pt-BR"},{"@type":"WebPage","@id":"https:\/\/ocoerente.com.br\/se\/2021\/03\/13\/com-imobilismo-do-itamaraty-senado-fara-ofensiva-por-vacinas-emergenciais-e-ajuda-humanitaria\/","url":"https:\/\/ocoerente.com.br\/se\/2021\/03\/13\/com-imobilismo-do-itamaraty-senado-fara-ofensiva-por-vacinas-emergenciais-e-ajuda-humanitaria\/","name":"Com imobilismo do Itamaraty, Senado far\u00e1 ofensiva por vacinas emergenciais e ajuda humanit\u00e1ria - O Coerente","isPartOf":{"@id":"https:\/\/ocoerente.com.br\/se\/#website"},"primaryImageOfPage":{"@id":"https:\/\/ocoerente.com.br\/se\/2021\/03\/13\/com-imobilismo-do-itamaraty-senado-fara-ofensiva-por-vacinas-emergenciais-e-ajuda-humanitaria\/#primaryimage"},"image":{"@id":"https:\/\/ocoerente.com.br\/se\/2021\/03\/13\/com-imobilismo-do-itamaraty-senado-fara-ofensiva-por-vacinas-emergenciais-e-ajuda-humanitaria\/#primaryimage"},"thumbnailUrl":"https:\/\/ocoerente.com.br\/se\/wp-content\/uploads\/2021\/03\/vacinasvarias.jpg","datePublished":"2021-03-13T22:00:34+00:00","dateModified":"2021-03-13T22:00:35+00:00","breadcrumb":{"@id":"https:\/\/ocoerente.com.br\/se\/2021\/03\/13\/com-imobilismo-do-itamaraty-senado-fara-ofensiva-por-vacinas-emergenciais-e-ajuda-humanitaria\/#breadcrumb"},"inLanguage":"pt-BR","potentialAction":[{"@type":"ReadAction","target":["https:\/\/ocoerente.com.br\/se\/2021\/03\/13\/com-imobilismo-do-itamaraty-senado-fara-ofensiva-por-vacinas-emergenciais-e-ajuda-humanitaria\/"]}]},{"@type":"ImageObject","inLanguage":"pt-BR","@id":"https:\/\/ocoerente.com.br\/se\/2021\/03\/13\/com-imobilismo-do-itamaraty-senado-fara-ofensiva-por-vacinas-emergenciais-e-ajuda-humanitaria\/#primaryimage","url":"https:\/\/ocoerente.com.br\/se\/wp-content\/uploads\/2021\/03\/vacinasvarias.jpg","contentUrl":"https:\/\/ocoerente.com.br\/se\/wp-content\/uploads\/2021\/03\/vacinasvarias.jpg","width":1392,"height":835},{"@type":"BreadcrumbList","@id":"https:\/\/ocoerente.com.br\/se\/2021\/03\/13\/com-imobilismo-do-itamaraty-senado-fara-ofensiva-por-vacinas-emergenciais-e-ajuda-humanitaria\/#breadcrumb","itemListElement":[{"@type":"ListItem","position":1,"name":"In\u00edcio","item":"https:\/\/ocoerente.com.br\/se\/"},{"@type":"ListItem","position":2,"name":"Com imobilismo do Itamaraty, Senado far\u00e1 ofensiva por vacinas emergenciais e ajuda humanit\u00e1ria"}]},{"@type":"WebSite","@id":"https:\/\/ocoerente.com.br\/se\/#website","url":"https:\/\/ocoerente.com.br\/se\/","name":"O Coerente","description":"","publisher":{"@id":"https:\/\/ocoerente.com.br\/se\/#\/schema\/person\/cc6bfd9fbca465e23543b0c963d8d037"},"potentialAction":[{"@type":"SearchAction","target":{"@type":"EntryPoint","urlTemplate":"https:\/\/ocoerente.com.br\/se\/?s={search_term_string}"},"query-input":{"@type":"PropertyValueSpecification","valueRequired":true,"valueName":"search_term_string"}}],"inLanguage":"pt-BR"},{"@type":["Person","Organization"],"@id":"https:\/\/ocoerente.com.br\/se\/#\/schema\/person\/cc6bfd9fbca465e23543b0c963d8d037","name":"Reda\u00e7\u00e3o","image":{"@type":"ImageObject","inLanguage":"pt-BR","@id":"https:\/\/ocoerente.com.br\/se\/wp-content\/uploads\/2020\/01\/ocoerente-1.png","url":"https:\/\/ocoerente.com.br\/se\/wp-content\/uploads\/2020\/01\/ocoerente-1.png","contentUrl":"https:\/\/ocoerente.com.br\/se\/wp-content\/uploads\/2020\/01\/ocoerente-1.png","width":50,"height":50,"caption":"Reda\u00e7\u00e3o"},"logo":{"@id":"https:\/\/ocoerente.com.br\/se\/wp-content\/uploads\/2020\/01\/ocoerente-1.png"},"url":"https:\/\/ocoerente.com.br\/se\/author\/vasticlsales\/"}]}},"_links":{"self":[{"href":"https:\/\/ocoerente.com.br\/se\/wp-json\/wp\/v2\/posts\/2848","targetHints":{"allow":["GET"]}}],"collection":[{"href":"https:\/\/ocoerente.com.br\/se\/wp-json\/wp\/v2\/posts"}],"about":[{"href":"https:\/\/ocoerente.com.br\/se\/wp-json\/wp\/v2\/types\/post"}],"author":[{"embeddable":true,"href":"https:\/\/ocoerente.com.br\/se\/wp-json\/wp\/v2\/users\/1"}],"replies":[{"embeddable":true,"href":"https:\/\/ocoerente.com.br\/se\/wp-json\/wp\/v2\/comments?post=2848"}],"version-history":[{"count":1,"href":"https:\/\/ocoerente.com.br\/se\/wp-json\/wp\/v2\/posts\/2848\/revisions"}],"predecessor-version":[{"id":2850,"href":"https:\/\/ocoerente.com.br\/se\/wp-json\/wp\/v2\/posts\/2848\/revisions\/2850"}],"wp:featuredmedia":[{"embeddable":true,"href":"https:\/\/ocoerente.com.br\/se\/wp-json\/wp\/v2\/media\/2849"}],"wp:attachment":[{"href":"https:\/\/ocoerente.com.br\/se\/wp-json\/wp\/v2\/media?parent=2848"}],"wp:term":[{"taxonomy":"category","embeddable":true,"href":"https:\/\/ocoerente.com.br\/se\/wp-json\/wp\/v2\/categories?post=2848"},{"taxonomy":"post_tag","embeddable":true,"href":"https:\/\/ocoerente.com.br\/se\/wp-json\/wp\/v2\/tags?post=2848"}],"curies":[{"name":"wp","href":"https:\/\/api.w.org\/{rel}","templated":true}]}}