{"id":2845,"date":"2021-03-13T18:53:21","date_gmt":"2021-03-13T21:53:21","guid":{"rendered":"https:\/\/ocoerente.com.br\/se\/?p=2845"},"modified":"2021-03-13T18:53:22","modified_gmt":"2021-03-13T21:53:22","slug":"covid-19-ampliacao-da-testagem-aumenta-sensacao-de-seguranca-entre-aracajuanos","status":"publish","type":"post","link":"https:\/\/ocoerente.com.br\/se\/2021\/03\/13\/covid-19-ampliacao-da-testagem-aumenta-sensacao-de-seguranca-entre-aracajuanos\/","title":{"rendered":"Covid-19: amplia\u00e7\u00e3o da testagem aumenta sensa\u00e7\u00e3o de seguran\u00e7a entre aracajuanos"},"content":{"rendered":"\n<p>Como forma de ultrapassar mais um momento de crise causado pela pandemia do coronav\u00edrus, a Prefeitura de Aracaju, por meio da Secretaria Municipal da Sa\u00fade (SMS), al\u00e9m de avan\u00e7ar na campanha de vacina\u00e7\u00e3o, tem ampliado a rede de testagem para diagn\u00f3stico da covid-19, com o programa TestAju.<\/p>\n\n\n\n<p>Nesta sexta-feira, 12, o espa\u00e7o de testagem foi montado ao lado da Unidade B\u00e1sica de Sa\u00fade (UBS) Carlos Hardmam C\u00f4rtes, no bairro Soledade. A medida tem aumentado a sensa\u00e7\u00e3o de seguran\u00e7a entre aracajuanos, uma vez que permite um maior entendimento e controle da circula\u00e7\u00e3o do v\u00edrus.<br><br>A escolha dos espa\u00e7os p\u00fablicos para a elabora\u00e7\u00e3o do cronograma leva em considera\u00e7\u00e3o o cen\u00e1rio epidemiol\u00f3gico dos bairros da cidade, a partir do qual se consegue visualizar, por meio do monitoramento, os n\u00fameros de casos por bairro.<br><br>Ao chegar no local, o cidad\u00e3o recebe uma senha e, quando chamado, a partir da ordem de chegada, realiza um cadastro, a partir do qual a SMS ser\u00e1 notificada sobre se o paciente encontra assintom\u00e1tico ou n\u00e3o. Depois, a equipe cria a etiqueta de identifica\u00e7\u00e3o, com nome, data de nascimento e dia da coleta, entre outros dados que permitam o monitoramento.<br><br>Em seguida, a coleta \u00e9 feita atrav\u00e9s do swab (cotonete de haste longa), utilizado para testes RT-PCR. O material retirado, o DNA, \u00e9 enviado ao Laborat\u00f3rio Central de Sa\u00fade P\u00fablica de Sergipe (Lacen), que analisar\u00e1 a amostra. O tempo m\u00e9dio para entrega da an\u00e1lise fica entre 3 e 5 dias.<br><br>O aracajuano pode verificar o resultado do teste por meio da\u00a0<a href=\"http:\/\/ajuinteligente.aracaju.se.gov.br\/#\/protocolo\">plataforma digital AjuInteligente<\/a>\u00a0ou por telefone, pelo n\u00famero 0800-729-3534, op\u00e7\u00e3o 1.<br><br>O servi\u00e7o tem sido prestado tr\u00eas vezes na semana, segundas, quartas e sextas-feiras, com em m\u00e9dia 200 coletas realizadas por dia.<br><br>O agente policial Elinesio Eliseu foi um dos primeiros a chegar. \u201cEu vim com tr\u00eas colegas de trabalho, pois a nossa chefe testou positivo. Ent\u00e3o, para proteger nossa fam\u00edlia e outros colegas de trabalho, viemos fazer o teste. \u00c9 muito importante manter esse controle sobre os casos\u201d, diz.<br><br>O motorista Daniel Reis ficou feliz com a log\u00edstica implementada pela administra\u00e7\u00e3o municipal. \u201cO atendimento foi excelente, tudo muito bem organizado. A iniciativa \u00e9 muito v\u00e1lida. Espero que as pessoas contribuam, tomando todos os cuidados, cumprindo o isolamento e usando m\u00e1scara\u201d, afirma.<br><br>A ideia de que todos devem contribuir para que mais esse momento dif\u00edcil seja ultrapassado tamb\u00e9m \u00e9 defendida pela professora Andr\u00e9ia Gomes. \u201cA amplia\u00e7\u00e3o dos testes traz mais seguran\u00e7a para a popula\u00e7\u00e3o. Mas todos precisam se conscientizar, vir at\u00e9 o local de testagem, para protegerem n\u00e3o s\u00f3 a si mesmos, mas a comunidade. O processo aqui foi c\u00e9lere, com tudo bem controlado, ressalta.<br><br>O que move aqueles que procuram pelos testes \u00e9 a busca por uma sensa\u00e7\u00e3o de seguran\u00e7a, uma vez que o conhecimento da poss\u00edvel contamina\u00e7\u00e3o pode permitir a quebra da cadeia de transmiss\u00e3o.<br><br>\u201cEu acho bastante v\u00e1lido esse projeto que o Munic\u00edpio est\u00e1 praticando. Eu me sinto mais seguro, porque, caso eu esteja com o v\u00edrus, poderei redobrar os cuidados para tentar me proteger, os meus familiares e consequentemente a comunidade\u201d, ressalta o atendente de Telemarketing Yago Melo.<\/p>\n\n\n\n<p>AAN<\/p>\n","protected":false},"excerpt":{"rendered":"<p>Como forma de ultrapassar mais um momento de crise causado pela pandemia do coronav\u00edrus, a Prefeitura de Aracaju, por meio da Secretaria Municipal da Sa\u00fade (SMS), al\u00e9m de avan\u00e7ar na campanha de vacina\u00e7\u00e3o, tem ampliado a rede de testagem para diagn\u00f3stico da covid-19, com o programa TestAju. Nesta sexta-feira, 12, o espa\u00e7o de testagem foi [&hellip;]<\/p>\n","protected":false},"author":1,"featured_media":2846,"comment_status":"closed","ping_status":"closed","sticky":false,"template":"","format":"standard","meta":{"footnotes":""},"categories":[53,54],"tags":[],"class_list":["post-2845","post","type-post","status-publish","format-standard","has-post-thumbnail","hentry","category-destaques","category-saude"],"yoast_head":"<!-- This site is optimized with the Yoast SEO plugin v27.4 - https:\/\/yoast.com\/product\/yoast-seo-wordpress\/ -->\n<title>Covid-19: amplia\u00e7\u00e3o da testagem aumenta sensa\u00e7\u00e3o de seguran\u00e7a entre aracajuanos - O Coerente<\/title>\n<meta name=\"robots\" content=\"index, follow, max-snippet:-1, max-image-preview:large, max-video-preview:-1\" \/>\n<link rel=\"canonical\" href=\"https:\/\/ocoerente.com.br\/se\/2021\/03\/13\/covid-19-ampliacao-da-testagem-aumenta-sensacao-de-seguranca-entre-aracajuanos\/\" \/>\n<meta property=\"og:locale\" content=\"pt_BR\" \/>\n<meta property=\"og:type\" content=\"article\" \/>\n<meta property=\"og:title\" content=\"Covid-19: amplia\u00e7\u00e3o da testagem aumenta sensa\u00e7\u00e3o de seguran\u00e7a entre aracajuanos - O Coerente\" \/>\n<meta property=\"og:description\" content=\"Como forma de ultrapassar mais um momento de crise causado pela pandemia do coronav\u00edrus, a Prefeitura de Aracaju, por meio da Secretaria Municipal da Sa\u00fade (SMS), al\u00e9m de avan\u00e7ar na campanha de vacina\u00e7\u00e3o, tem ampliado a rede de testagem para diagn\u00f3stico da covid-19, com o programa TestAju. Nesta sexta-feira, 12, o espa\u00e7o de testagem foi [&hellip;]\" \/>\n<meta property=\"og:url\" content=\"https:\/\/ocoerente.com.br\/se\/2021\/03\/13\/covid-19-ampliacao-da-testagem-aumenta-sensacao-de-seguranca-entre-aracajuanos\/\" \/>\n<meta property=\"og:site_name\" content=\"O Coerente\" \/>\n<meta property=\"article:published_time\" content=\"2021-03-13T21:53:21+00:00\" \/>\n<meta property=\"article:modified_time\" content=\"2021-03-13T21:53:22+00:00\" \/>\n<meta property=\"og:image\" content=\"https:\/\/ocoerente.com.br\/se\/wp-content\/uploads\/2021\/03\/testaju_na_soledadefotos_sergio_silva_63_copy.jpg\" \/>\n\t<meta property=\"og:image:width\" content=\"1400\" \/>\n\t<meta property=\"og:image:height\" content=\"933\" \/>\n\t<meta property=\"og:image:type\" content=\"image\/jpeg\" \/>\n<meta name=\"author\" content=\"Reda\u00e7\u00e3o\" \/>\n<meta name=\"twitter:card\" content=\"summary_large_image\" \/>\n<meta name=\"twitter:label1\" content=\"Escrito por\" \/>\n\t<meta name=\"twitter:data1\" content=\"Reda\u00e7\u00e3o\" \/>\n\t<meta name=\"twitter:label2\" content=\"Est. tempo de leitura\" \/>\n\t<meta name=\"twitter:data2\" content=\"3 minutos\" \/>\n<script type=\"application\/ld+json\" class=\"yoast-schema-graph\">{\"@context\":\"https:\\\/\\\/schema.org\",\"@graph\":[{\"@type\":\"Article\",\"@id\":\"https:\\\/\\\/ocoerente.com.br\\\/se\\\/2021\\\/03\\\/13\\\/covid-19-ampliacao-da-testagem-aumenta-sensacao-de-seguranca-entre-aracajuanos\\\/#article\",\"isPartOf\":{\"@id\":\"https:\\\/\\\/ocoerente.com.br\\\/se\\\/2021\\\/03\\\/13\\\/covid-19-ampliacao-da-testagem-aumenta-sensacao-de-seguranca-entre-aracajuanos\\\/\"},\"author\":{\"name\":\"Reda\u00e7\u00e3o\",\"@id\":\"https:\\\/\\\/ocoerente.com.br\\\/se\\\/#\\\/schema\\\/person\\\/cc6bfd9fbca465e23543b0c963d8d037\"},\"headline\":\"Covid-19: amplia\u00e7\u00e3o da testagem aumenta sensa\u00e7\u00e3o de seguran\u00e7a entre aracajuanos\",\"datePublished\":\"2021-03-13T21:53:21+00:00\",\"dateModified\":\"2021-03-13T21:53:22+00:00\",\"mainEntityOfPage\":{\"@id\":\"https:\\\/\\\/ocoerente.com.br\\\/se\\\/2021\\\/03\\\/13\\\/covid-19-ampliacao-da-testagem-aumenta-sensacao-de-seguranca-entre-aracajuanos\\\/\"},\"wordCount\":577,\"publisher\":{\"@id\":\"https:\\\/\\\/ocoerente.com.br\\\/se\\\/#\\\/schema\\\/person\\\/cc6bfd9fbca465e23543b0c963d8d037\"},\"image\":{\"@id\":\"https:\\\/\\\/ocoerente.com.br\\\/se\\\/2021\\\/03\\\/13\\\/covid-19-ampliacao-da-testagem-aumenta-sensacao-de-seguranca-entre-aracajuanos\\\/#primaryimage\"},\"thumbnailUrl\":\"https:\\\/\\\/ocoerente.com.br\\\/se\\\/wp-content\\\/uploads\\\/2021\\\/03\\\/testaju_na_soledadefotos_sergio_silva_63_copy.jpg\",\"articleSection\":[\"Destaques\",\"Sa\u00fade\"],\"inLanguage\":\"pt-BR\"},{\"@type\":\"WebPage\",\"@id\":\"https:\\\/\\\/ocoerente.com.br\\\/se\\\/2021\\\/03\\\/13\\\/covid-19-ampliacao-da-testagem-aumenta-sensacao-de-seguranca-entre-aracajuanos\\\/\",\"url\":\"https:\\\/\\\/ocoerente.com.br\\\/se\\\/2021\\\/03\\\/13\\\/covid-19-ampliacao-da-testagem-aumenta-sensacao-de-seguranca-entre-aracajuanos\\\/\",\"name\":\"Covid-19: amplia\u00e7\u00e3o da testagem aumenta sensa\u00e7\u00e3o de seguran\u00e7a entre aracajuanos - O Coerente\",\"isPartOf\":{\"@id\":\"https:\\\/\\\/ocoerente.com.br\\\/se\\\/#website\"},\"primaryImageOfPage\":{\"@id\":\"https:\\\/\\\/ocoerente.com.br\\\/se\\\/2021\\\/03\\\/13\\\/covid-19-ampliacao-da-testagem-aumenta-sensacao-de-seguranca-entre-aracajuanos\\\/#primaryimage\"},\"image\":{\"@id\":\"https:\\\/\\\/ocoerente.com.br\\\/se\\\/2021\\\/03\\\/13\\\/covid-19-ampliacao-da-testagem-aumenta-sensacao-de-seguranca-entre-aracajuanos\\\/#primaryimage\"},\"thumbnailUrl\":\"https:\\\/\\\/ocoerente.com.br\\\/se\\\/wp-content\\\/uploads\\\/2021\\\/03\\\/testaju_na_soledadefotos_sergio_silva_63_copy.jpg\",\"datePublished\":\"2021-03-13T21:53:21+00:00\",\"dateModified\":\"2021-03-13T21:53:22+00:00\",\"breadcrumb\":{\"@id\":\"https:\\\/\\\/ocoerente.com.br\\\/se\\\/2021\\\/03\\\/13\\\/covid-19-ampliacao-da-testagem-aumenta-sensacao-de-seguranca-entre-aracajuanos\\\/#breadcrumb\"},\"inLanguage\":\"pt-BR\",\"potentialAction\":[{\"@type\":\"ReadAction\",\"target\":[\"https:\\\/\\\/ocoerente.com.br\\\/se\\\/2021\\\/03\\\/13\\\/covid-19-ampliacao-da-testagem-aumenta-sensacao-de-seguranca-entre-aracajuanos\\\/\"]}]},{\"@type\":\"ImageObject\",\"inLanguage\":\"pt-BR\",\"@id\":\"https:\\\/\\\/ocoerente.com.br\\\/se\\\/2021\\\/03\\\/13\\\/covid-19-ampliacao-da-testagem-aumenta-sensacao-de-seguranca-entre-aracajuanos\\\/#primaryimage\",\"url\":\"https:\\\/\\\/ocoerente.com.br\\\/se\\\/wp-content\\\/uploads\\\/2021\\\/03\\\/testaju_na_soledadefotos_sergio_silva_63_copy.jpg\",\"contentUrl\":\"https:\\\/\\\/ocoerente.com.br\\\/se\\\/wp-content\\\/uploads\\\/2021\\\/03\\\/testaju_na_soledadefotos_sergio_silva_63_copy.jpg\",\"width\":1400,\"height\":933},{\"@type\":\"BreadcrumbList\",\"@id\":\"https:\\\/\\\/ocoerente.com.br\\\/se\\\/2021\\\/03\\\/13\\\/covid-19-ampliacao-da-testagem-aumenta-sensacao-de-seguranca-entre-aracajuanos\\\/#breadcrumb\",\"itemListElement\":[{\"@type\":\"ListItem\",\"position\":1,\"name\":\"In\u00edcio\",\"item\":\"https:\\\/\\\/ocoerente.com.br\\\/se\\\/\"},{\"@type\":\"ListItem\",\"position\":2,\"name\":\"Covid-19: amplia\u00e7\u00e3o da testagem aumenta sensa\u00e7\u00e3o de seguran\u00e7a entre aracajuanos\"}]},{\"@type\":\"WebSite\",\"@id\":\"https:\\\/\\\/ocoerente.com.br\\\/se\\\/#website\",\"url\":\"https:\\\/\\\/ocoerente.com.br\\\/se\\\/\",\"name\":\"O Coerente\",\"description\":\"\",\"publisher\":{\"@id\":\"https:\\\/\\\/ocoerente.com.br\\\/se\\\/#\\\/schema\\\/person\\\/cc6bfd9fbca465e23543b0c963d8d037\"},\"potentialAction\":[{\"@type\":\"SearchAction\",\"target\":{\"@type\":\"EntryPoint\",\"urlTemplate\":\"https:\\\/\\\/ocoerente.com.br\\\/se\\\/?s={search_term_string}\"},\"query-input\":{\"@type\":\"PropertyValueSpecification\",\"valueRequired\":true,\"valueName\":\"search_term_string\"}}],\"inLanguage\":\"pt-BR\"},{\"@type\":[\"Person\",\"Organization\"],\"@id\":\"https:\\\/\\\/ocoerente.com.br\\\/se\\\/#\\\/schema\\\/person\\\/cc6bfd9fbca465e23543b0c963d8d037\",\"name\":\"Reda\u00e7\u00e3o\",\"image\":{\"@type\":\"ImageObject\",\"inLanguage\":\"pt-BR\",\"@id\":\"https:\\\/\\\/ocoerente.com.br\\\/se\\\/wp-content\\\/uploads\\\/2020\\\/01\\\/ocoerente-1.png\",\"url\":\"https:\\\/\\\/ocoerente.com.br\\\/se\\\/wp-content\\\/uploads\\\/2020\\\/01\\\/ocoerente-1.png\",\"contentUrl\":\"https:\\\/\\\/ocoerente.com.br\\\/se\\\/wp-content\\\/uploads\\\/2020\\\/01\\\/ocoerente-1.png\",\"width\":50,\"height\":50,\"caption\":\"Reda\u00e7\u00e3o\"},\"logo\":{\"@id\":\"https:\\\/\\\/ocoerente.com.br\\\/se\\\/wp-content\\\/uploads\\\/2020\\\/01\\\/ocoerente-1.png\"},\"url\":\"https:\\\/\\\/ocoerente.com.br\\\/se\\\/author\\\/vasticlsales\\\/\"}]}<\/script>\n<!-- \/ Yoast SEO plugin. -->","yoast_head_json":{"title":"Covid-19: amplia\u00e7\u00e3o da testagem aumenta sensa\u00e7\u00e3o de seguran\u00e7a entre aracajuanos - O Coerente","robots":{"index":"index","follow":"follow","max-snippet":"max-snippet:-1","max-image-preview":"max-image-preview:large","max-video-preview":"max-video-preview:-1"},"canonical":"https:\/\/ocoerente.com.br\/se\/2021\/03\/13\/covid-19-ampliacao-da-testagem-aumenta-sensacao-de-seguranca-entre-aracajuanos\/","og_locale":"pt_BR","og_type":"article","og_title":"Covid-19: amplia\u00e7\u00e3o da testagem aumenta sensa\u00e7\u00e3o de seguran\u00e7a entre aracajuanos - O Coerente","og_description":"Como forma de ultrapassar mais um momento de crise causado pela pandemia do coronav\u00edrus, a Prefeitura de Aracaju, por meio da Secretaria Municipal da Sa\u00fade (SMS), al\u00e9m de avan\u00e7ar na campanha de vacina\u00e7\u00e3o, tem ampliado a rede de testagem para diagn\u00f3stico da covid-19, com o programa TestAju. Nesta sexta-feira, 12, o espa\u00e7o de testagem foi [&hellip;]","og_url":"https:\/\/ocoerente.com.br\/se\/2021\/03\/13\/covid-19-ampliacao-da-testagem-aumenta-sensacao-de-seguranca-entre-aracajuanos\/","og_site_name":"O Coerente","article_published_time":"2021-03-13T21:53:21+00:00","article_modified_time":"2021-03-13T21:53:22+00:00","og_image":[{"width":1400,"height":933,"url":"https:\/\/ocoerente.com.br\/se\/wp-content\/uploads\/2021\/03\/testaju_na_soledadefotos_sergio_silva_63_copy.jpg","type":"image\/jpeg"}],"author":"Reda\u00e7\u00e3o","twitter_card":"summary_large_image","twitter_misc":{"Escrito por":"Reda\u00e7\u00e3o","Est. tempo de leitura":"3 minutos"},"schema":{"@context":"https:\/\/schema.org","@graph":[{"@type":"Article","@id":"https:\/\/ocoerente.com.br\/se\/2021\/03\/13\/covid-19-ampliacao-da-testagem-aumenta-sensacao-de-seguranca-entre-aracajuanos\/#article","isPartOf":{"@id":"https:\/\/ocoerente.com.br\/se\/2021\/03\/13\/covid-19-ampliacao-da-testagem-aumenta-sensacao-de-seguranca-entre-aracajuanos\/"},"author":{"name":"Reda\u00e7\u00e3o","@id":"https:\/\/ocoerente.com.br\/se\/#\/schema\/person\/cc6bfd9fbca465e23543b0c963d8d037"},"headline":"Covid-19: amplia\u00e7\u00e3o da testagem aumenta sensa\u00e7\u00e3o de seguran\u00e7a entre aracajuanos","datePublished":"2021-03-13T21:53:21+00:00","dateModified":"2021-03-13T21:53:22+00:00","mainEntityOfPage":{"@id":"https:\/\/ocoerente.com.br\/se\/2021\/03\/13\/covid-19-ampliacao-da-testagem-aumenta-sensacao-de-seguranca-entre-aracajuanos\/"},"wordCount":577,"publisher":{"@id":"https:\/\/ocoerente.com.br\/se\/#\/schema\/person\/cc6bfd9fbca465e23543b0c963d8d037"},"image":{"@id":"https:\/\/ocoerente.com.br\/se\/2021\/03\/13\/covid-19-ampliacao-da-testagem-aumenta-sensacao-de-seguranca-entre-aracajuanos\/#primaryimage"},"thumbnailUrl":"https:\/\/ocoerente.com.br\/se\/wp-content\/uploads\/2021\/03\/testaju_na_soledadefotos_sergio_silva_63_copy.jpg","articleSection":["Destaques","Sa\u00fade"],"inLanguage":"pt-BR"},{"@type":"WebPage","@id":"https:\/\/ocoerente.com.br\/se\/2021\/03\/13\/covid-19-ampliacao-da-testagem-aumenta-sensacao-de-seguranca-entre-aracajuanos\/","url":"https:\/\/ocoerente.com.br\/se\/2021\/03\/13\/covid-19-ampliacao-da-testagem-aumenta-sensacao-de-seguranca-entre-aracajuanos\/","name":"Covid-19: amplia\u00e7\u00e3o da testagem aumenta sensa\u00e7\u00e3o de seguran\u00e7a entre aracajuanos - O Coerente","isPartOf":{"@id":"https:\/\/ocoerente.com.br\/se\/#website"},"primaryImageOfPage":{"@id":"https:\/\/ocoerente.com.br\/se\/2021\/03\/13\/covid-19-ampliacao-da-testagem-aumenta-sensacao-de-seguranca-entre-aracajuanos\/#primaryimage"},"image":{"@id":"https:\/\/ocoerente.com.br\/se\/2021\/03\/13\/covid-19-ampliacao-da-testagem-aumenta-sensacao-de-seguranca-entre-aracajuanos\/#primaryimage"},"thumbnailUrl":"https:\/\/ocoerente.com.br\/se\/wp-content\/uploads\/2021\/03\/testaju_na_soledadefotos_sergio_silva_63_copy.jpg","datePublished":"2021-03-13T21:53:21+00:00","dateModified":"2021-03-13T21:53:22+00:00","breadcrumb":{"@id":"https:\/\/ocoerente.com.br\/se\/2021\/03\/13\/covid-19-ampliacao-da-testagem-aumenta-sensacao-de-seguranca-entre-aracajuanos\/#breadcrumb"},"inLanguage":"pt-BR","potentialAction":[{"@type":"ReadAction","target":["https:\/\/ocoerente.com.br\/se\/2021\/03\/13\/covid-19-ampliacao-da-testagem-aumenta-sensacao-de-seguranca-entre-aracajuanos\/"]}]},{"@type":"ImageObject","inLanguage":"pt-BR","@id":"https:\/\/ocoerente.com.br\/se\/2021\/03\/13\/covid-19-ampliacao-da-testagem-aumenta-sensacao-de-seguranca-entre-aracajuanos\/#primaryimage","url":"https:\/\/ocoerente.com.br\/se\/wp-content\/uploads\/2021\/03\/testaju_na_soledadefotos_sergio_silva_63_copy.jpg","contentUrl":"https:\/\/ocoerente.com.br\/se\/wp-content\/uploads\/2021\/03\/testaju_na_soledadefotos_sergio_silva_63_copy.jpg","width":1400,"height":933},{"@type":"BreadcrumbList","@id":"https:\/\/ocoerente.com.br\/se\/2021\/03\/13\/covid-19-ampliacao-da-testagem-aumenta-sensacao-de-seguranca-entre-aracajuanos\/#breadcrumb","itemListElement":[{"@type":"ListItem","position":1,"name":"In\u00edcio","item":"https:\/\/ocoerente.com.br\/se\/"},{"@type":"ListItem","position":2,"name":"Covid-19: amplia\u00e7\u00e3o da testagem aumenta sensa\u00e7\u00e3o de seguran\u00e7a entre aracajuanos"}]},{"@type":"WebSite","@id":"https:\/\/ocoerente.com.br\/se\/#website","url":"https:\/\/ocoerente.com.br\/se\/","name":"O Coerente","description":"","publisher":{"@id":"https:\/\/ocoerente.com.br\/se\/#\/schema\/person\/cc6bfd9fbca465e23543b0c963d8d037"},"potentialAction":[{"@type":"SearchAction","target":{"@type":"EntryPoint","urlTemplate":"https:\/\/ocoerente.com.br\/se\/?s={search_term_string}"},"query-input":{"@type":"PropertyValueSpecification","valueRequired":true,"valueName":"search_term_string"}}],"inLanguage":"pt-BR"},{"@type":["Person","Organization"],"@id":"https:\/\/ocoerente.com.br\/se\/#\/schema\/person\/cc6bfd9fbca465e23543b0c963d8d037","name":"Reda\u00e7\u00e3o","image":{"@type":"ImageObject","inLanguage":"pt-BR","@id":"https:\/\/ocoerente.com.br\/se\/wp-content\/uploads\/2020\/01\/ocoerente-1.png","url":"https:\/\/ocoerente.com.br\/se\/wp-content\/uploads\/2020\/01\/ocoerente-1.png","contentUrl":"https:\/\/ocoerente.com.br\/se\/wp-content\/uploads\/2020\/01\/ocoerente-1.png","width":50,"height":50,"caption":"Reda\u00e7\u00e3o"},"logo":{"@id":"https:\/\/ocoerente.com.br\/se\/wp-content\/uploads\/2020\/01\/ocoerente-1.png"},"url":"https:\/\/ocoerente.com.br\/se\/author\/vasticlsales\/"}]}},"_links":{"self":[{"href":"https:\/\/ocoerente.com.br\/se\/wp-json\/wp\/v2\/posts\/2845","targetHints":{"allow":["GET"]}}],"collection":[{"href":"https:\/\/ocoerente.com.br\/se\/wp-json\/wp\/v2\/posts"}],"about":[{"href":"https:\/\/ocoerente.com.br\/se\/wp-json\/wp\/v2\/types\/post"}],"author":[{"embeddable":true,"href":"https:\/\/ocoerente.com.br\/se\/wp-json\/wp\/v2\/users\/1"}],"replies":[{"embeddable":true,"href":"https:\/\/ocoerente.com.br\/se\/wp-json\/wp\/v2\/comments?post=2845"}],"version-history":[{"count":1,"href":"https:\/\/ocoerente.com.br\/se\/wp-json\/wp\/v2\/posts\/2845\/revisions"}],"predecessor-version":[{"id":2847,"href":"https:\/\/ocoerente.com.br\/se\/wp-json\/wp\/v2\/posts\/2845\/revisions\/2847"}],"wp:featuredmedia":[{"embeddable":true,"href":"https:\/\/ocoerente.com.br\/se\/wp-json\/wp\/v2\/media\/2846"}],"wp:attachment":[{"href":"https:\/\/ocoerente.com.br\/se\/wp-json\/wp\/v2\/media?parent=2845"}],"wp:term":[{"taxonomy":"category","embeddable":true,"href":"https:\/\/ocoerente.com.br\/se\/wp-json\/wp\/v2\/categories?post=2845"},{"taxonomy":"post_tag","embeddable":true,"href":"https:\/\/ocoerente.com.br\/se\/wp-json\/wp\/v2\/tags?post=2845"}],"curies":[{"name":"wp","href":"https:\/\/api.w.org\/{rel}","templated":true}]}}