{"id":2841,"date":"2021-03-13T18:52:04","date_gmt":"2021-03-13T21:52:04","guid":{"rendered":"https:\/\/ocoerente.com.br\/se\/?p=2841"},"modified":"2021-03-13T18:52:05","modified_gmt":"2021-03-13T21:52:05","slug":"podcast-mobilidade-urbana-empregos-e-consorcio-de-vacinas-ouca-agora","status":"publish","type":"post","link":"https:\/\/ocoerente.com.br\/se\/2021\/03\/13\/podcast-mobilidade-urbana-empregos-e-consorcio-de-vacinas-ouca-agora\/","title":{"rendered":"Podcast: mobilidade urbana, empregos e cons\u00f3rcio de vacinas; ou\u00e7a agora"},"content":{"rendered":"\n<p>A Prefeitura de Aracaju vem trabalhando nos grandes corredores das avenidas Beira Mar, Hermes Fontes, Ad\u00e9lia Franco, Jos\u00e9 Carlos Silva e Rio de Janeiro. Os servi\u00e7os preveem a execu\u00e7\u00e3o de diversas obras de infraestrutura com o intuito de melhorar o tr\u00e2nsito de pedestres, ciclistas e ve\u00edculos. Neste sentido, a Empresa Municipal de Obras e Urbaniza\u00e7\u00e3o (Emurb) est\u00e1 implantando um novo eixo vi\u00e1rio no bairro 17 de Mar\u00e7o, na zona Sul da cidade.<br><br>Apesar de ser um bairro bastante habitado, a liga\u00e7\u00e3o do 17 de Mar\u00e7o com a cidade atualmente \u00e9 feita apenas por duas vias: atrav\u00e9s da Aruana e do bairro Santa Maria. \u201cEssa situa\u00e7\u00e3o, por\u00e9m, mudar\u00e1 em breve. A nova obra consiste na implanta\u00e7\u00e3o de infraestrutura para interliga\u00e7\u00e3o das avenidas Alexandre Alcino e Jo\u00e3o Batista Costa, na lateral do Aeroporto de Aracaju\u201d, explica o presidente da Emurb, S\u00e9rgio Ferrari.<br><br>Com um investimento de R$8,7 mi, a nova avenida tem um projeto moderno e arrojado com 1,2 km metros de pista dupla. No local, tamb\u00e9m ser\u00e1 implantada uma ciclovia, 3,5 km e meio de passeios, obedecendo as normas de acessibilidade, e ilumina\u00e7\u00e3o com a tecnologia Led em toda a extens\u00e3o.<br><br><strong>Empregos<\/strong><br>A Funda\u00e7\u00e3o Municipal de Forma\u00e7\u00e3o para o Trabalho (Fundat), vem atuando continuamente para proporcionar aos cidad\u00e3os acesso ao mercado formal, mediando a oferta de vagas e possibilitando capacita\u00e7\u00f5es e qualifica\u00e7\u00f5es profissionais. Para isso, a Funda\u00e7\u00e3o possui um banco de dados de curr\u00edculos, no qual as pessoas s\u00e3o inseridas e solicitadas \u00e0 medida que seu perfil se encaixa em uma oferta de emprego.<br><br>\u201cPra se ter uma ideia, somente no ano passado foram convocados para entrevistas de empregos 1.961 cidad\u00e3os, dos quais 972 foram contratados. Nesse per\u00edodo, 4.824 cidad\u00e3os foram capacitados por meio de cursos e oficinas ofertadas pela Fundat&#8221;, destaca Edivaneide Lima, que preside a Funda\u00e7\u00e3o.<br><br>Para se cadastrar ou atualizar os cadastros visando conseguir ofertas e oportunidade de empregos, o cidad\u00e3o deve se dirigir \u00e0 sede da Fundat, na conflu\u00eancia dos cal\u00e7ad\u00f5es das ruas Jo\u00e3o Pessoa com Laranjeiras, no hor\u00e1rio das 7h \u00e0s 13 horas, ou por interm\u00e9dio do telefone 99132-1200.<br><br><strong>Cons\u00f3rcio de vacinas<\/strong><br>O prefeito Edvaldo Nogueira enviou, na tarde de segunda-feira (8), para a C\u00e2mara Municipal de Aracaju, o Projeto de Lei que valida o protocolo de inten\u00e7\u00f5es firmado pela Prefeitura com outros munic\u00edpios brasileiros para a cria\u00e7\u00e3o do Cons\u00f3rcio P\u00fablico Nacional, com a finalidade de adquirir vacinas para o combate \u00e0 pandemia do novo coronav\u00edrus, medicamentos, insumos e equipamentos na \u00e1rea da sa\u00fade.<br><br>Ele fez a entrega do Projeto de Lei aos novos l\u00edder e vice-l\u00edder da bancada governista, vereadores Antonio Bittencourt e F\u00e1bio Meireles. O propositura foi aprovada em tempo recorde na quarta-feira, dia 10, habilitando o munic\u00edpio ao cons\u00f3rcio.<\/p>\n\n\n\n<p>Na mensagem enviada ao parlamento municipal, o gestor reiterou que um dos principais motivos para a cria\u00e7\u00e3o do cons\u00f3rcio p\u00fablico \u00e9 o recrudescimento da doen\u00e7a em todo o territ\u00f3rio nacional.<br><br>O prefeito ressalta que a retomada do conv\u00edvio social, assim como da atividade econ\u00f4mica e da gera\u00e7\u00e3o de emprego e renda, est\u00e1 diretamente atrelada \u00e0 efic\u00e1cia da campanha de vacina\u00e7\u00e3o, no \u00e2mbito nacional.<br><br>\u201cA iniciativa de construir condi\u00e7\u00f5es pol\u00edticas, administrativas, jur\u00eddicas e diplom\u00e1ticas para aquisi\u00e7\u00e3o de vacinas por parte dos munic\u00edpios n\u00e3o rivaliza, nem se sobrep\u00f5e \u00e0s iniciativas do governo federal e estaduais, mas se soma. O objetivo \u00e9 buscar vacinas alternativas que n\u00e3o est\u00e3o sendo adquiridas pelo governo federal\u201d, refor\u00e7ou Edvaldo.<br><br>No momento, existem dez vacinas aprovadas por organiza\u00e7\u00f5es internacionais. A propositura, enviada \u00e0 C\u00e2mara, foi adequada aos termos da lei federal 11.107\/2005 e seu decreto regulador 6.017\/2007.<\/p>\n\n\n\n<p><strong>A Cidade em A\u00e7\u00e3o<\/strong><br>Todas essas pautas est\u00e3o presentes na edi\u00e7\u00e3o desta quinta-feira, 11, do podcast A Cidade em A\u00e7\u00e3o. O programa, produzido pela Secretaria da Comunica\u00e7\u00e3o Social da Prefeitura de Aracaju, apresenta e discute, uma vez por semana, temas relevantes para a cidade e para a popula\u00e7\u00e3o aracajuana.<br><br>A edi\u00e7\u00e3o #68 e demais programas do A Cidade Em A\u00e7\u00e3o podem ser acessados, a qualquer momento, nos perfis da Prefeitura de Aracaju nas plataformas digitais de transmiss\u00e3o de \u00e1udio e v\u00eddeo.<\/p>\n\n\n\n<p><strong>Acesse<\/strong><br>Spotify:\u00a0<a href=\"https:\/\/open.spotify.com\/episode\/0Wn93pI70pmzOE0rYZYWdS?si=sfPYoyvqS72RezjwZxUesg&amp;nd=1\">https:\/\/spoti.fi\/2PXWaLH<\/a><br>Soundcloud:\u00a0<a href=\"https:\/\/soundcloud.com\/prefaracaju\/68-a-cidade-em-acao-mobilidade-urbana-empregos-e-consorcio-de-vacinacao\">https:\/\/bit.ly\/3t8Dd6Z<\/a><br>Youtube:\u00a0<a href=\"https:\/\/www.youtube.com\/watch?v=WEIcFZ3YEwY&amp;feature=youtu.be\">https:\/\/bit.ly\/3cBDIAb<\/a><br><br>Ou\u00e7a, divulgue, compartilhe!<\/p>\n\n\n\n<figure class=\"wp-block-image size-large is-resized\"><img loading=\"lazy\" decoding=\"async\" src=\"https:\/\/ocoerente.com.br\/se\/wp-content\/uploads\/2021\/03\/podaracaju.jpg\" alt=\"\" class=\"wp-image-2842\" width=\"510\" height=\"510\" srcset=\"https:\/\/ocoerente.com.br\/se\/wp-content\/uploads\/2021\/03\/podaracaju.jpg 1000w, https:\/\/ocoerente.com.br\/se\/wp-content\/uploads\/2021\/03\/podaracaju-300x300.jpg 300w, https:\/\/ocoerente.com.br\/se\/wp-content\/uploads\/2021\/03\/podaracaju-150x150.jpg 150w, https:\/\/ocoerente.com.br\/se\/wp-content\/uploads\/2021\/03\/podaracaju-768x768.jpg 768w, https:\/\/ocoerente.com.br\/se\/wp-content\/uploads\/2021\/03\/podaracaju-75x75.jpg 75w, https:\/\/ocoerente.com.br\/se\/wp-content\/uploads\/2021\/03\/podaracaju-750x750.jpg 750w\" sizes=\"auto, (max-width: 510px) 100vw, 510px\" \/><\/figure>\n","protected":false},"excerpt":{"rendered":"<p>A Prefeitura de Aracaju vem trabalhando nos grandes corredores das avenidas Beira Mar, Hermes Fontes, Ad\u00e9lia Franco, Jos\u00e9 Carlos Silva e Rio de Janeiro. Os servi\u00e7os preveem a execu\u00e7\u00e3o de diversas obras de infraestrutura com o intuito de melhorar o tr\u00e2nsito de pedestres, ciclistas e ve\u00edculos. Neste sentido, a Empresa Municipal de Obras e Urbaniza\u00e7\u00e3o [&hellip;]<\/p>\n","protected":false},"author":1,"featured_media":2843,"comment_status":"closed","ping_status":"closed","sticky":false,"template":"","format":"standard","meta":{"footnotes":""},"categories":[53,54],"tags":[],"class_list":["post-2841","post","type-post","status-publish","format-standard","has-post-thumbnail","hentry","category-destaques","category-saude"],"yoast_head":"<!-- This site is optimized with the Yoast SEO plugin v27.4 - https:\/\/yoast.com\/product\/yoast-seo-wordpress\/ -->\n<title>Podcast: mobilidade urbana, empregos e cons\u00f3rcio de vacinas; ou\u00e7a agora - O Coerente<\/title>\n<meta name=\"robots\" content=\"index, follow, max-snippet:-1, max-image-preview:large, max-video-preview:-1\" \/>\n<link rel=\"canonical\" href=\"https:\/\/ocoerente.com.br\/se\/2021\/03\/13\/podcast-mobilidade-urbana-empregos-e-consorcio-de-vacinas-ouca-agora\/\" \/>\n<meta property=\"og:locale\" content=\"pt_BR\" \/>\n<meta property=\"og:type\" content=\"article\" \/>\n<meta property=\"og:title\" content=\"Podcast: mobilidade urbana, empregos e cons\u00f3rcio de vacinas; ou\u00e7a agora - O Coerente\" \/>\n<meta property=\"og:description\" content=\"A Prefeitura de Aracaju vem trabalhando nos grandes corredores das avenidas Beira Mar, Hermes Fontes, Ad\u00e9lia Franco, Jos\u00e9 Carlos Silva e Rio de Janeiro. Os servi\u00e7os preveem a execu\u00e7\u00e3o de diversas obras de infraestrutura com o intuito de melhorar o tr\u00e2nsito de pedestres, ciclistas e ve\u00edculos. Neste sentido, a Empresa Municipal de Obras e Urbaniza\u00e7\u00e3o [&hellip;]\" \/>\n<meta property=\"og:url\" content=\"https:\/\/ocoerente.com.br\/se\/2021\/03\/13\/podcast-mobilidade-urbana-empregos-e-consorcio-de-vacinas-ouca-agora\/\" \/>\n<meta property=\"og:site_name\" content=\"O Coerente\" \/>\n<meta property=\"article:published_time\" content=\"2021-03-13T21:52:04+00:00\" \/>\n<meta property=\"article:modified_time\" content=\"2021-03-13T21:52:05+00:00\" \/>\n<meta property=\"og:image\" content=\"https:\/\/ocoerente.com.br\/se\/wp-content\/uploads\/2021\/03\/podaracaju-1.jpg\" \/>\n\t<meta property=\"og:image:width\" content=\"1000\" \/>\n\t<meta property=\"og:image:height\" content=\"1000\" \/>\n\t<meta property=\"og:image:type\" content=\"image\/jpeg\" \/>\n<meta name=\"author\" content=\"Reda\u00e7\u00e3o\" \/>\n<meta name=\"twitter:card\" content=\"summary_large_image\" \/>\n<meta name=\"twitter:label1\" content=\"Escrito por\" \/>\n\t<meta name=\"twitter:data1\" content=\"Reda\u00e7\u00e3o\" \/>\n\t<meta name=\"twitter:label2\" content=\"Est. tempo de leitura\" \/>\n\t<meta name=\"twitter:data2\" content=\"4 minutos\" \/>\n<script type=\"application\/ld+json\" class=\"yoast-schema-graph\">{\"@context\":\"https:\\\/\\\/schema.org\",\"@graph\":[{\"@type\":\"Article\",\"@id\":\"https:\\\/\\\/ocoerente.com.br\\\/se\\\/2021\\\/03\\\/13\\\/podcast-mobilidade-urbana-empregos-e-consorcio-de-vacinas-ouca-agora\\\/#article\",\"isPartOf\":{\"@id\":\"https:\\\/\\\/ocoerente.com.br\\\/se\\\/2021\\\/03\\\/13\\\/podcast-mobilidade-urbana-empregos-e-consorcio-de-vacinas-ouca-agora\\\/\"},\"author\":{\"name\":\"Reda\u00e7\u00e3o\",\"@id\":\"https:\\\/\\\/ocoerente.com.br\\\/se\\\/#\\\/schema\\\/person\\\/cc6bfd9fbca465e23543b0c963d8d037\"},\"headline\":\"Podcast: mobilidade urbana, empregos e cons\u00f3rcio de vacinas; ou\u00e7a agora\",\"datePublished\":\"2021-03-13T21:52:04+00:00\",\"dateModified\":\"2021-03-13T21:52:05+00:00\",\"mainEntityOfPage\":{\"@id\":\"https:\\\/\\\/ocoerente.com.br\\\/se\\\/2021\\\/03\\\/13\\\/podcast-mobilidade-urbana-empregos-e-consorcio-de-vacinas-ouca-agora\\\/\"},\"wordCount\":764,\"publisher\":{\"@id\":\"https:\\\/\\\/ocoerente.com.br\\\/se\\\/#\\\/schema\\\/person\\\/cc6bfd9fbca465e23543b0c963d8d037\"},\"image\":{\"@id\":\"https:\\\/\\\/ocoerente.com.br\\\/se\\\/2021\\\/03\\\/13\\\/podcast-mobilidade-urbana-empregos-e-consorcio-de-vacinas-ouca-agora\\\/#primaryimage\"},\"thumbnailUrl\":\"https:\\\/\\\/ocoerente.com.br\\\/se\\\/wp-content\\\/uploads\\\/2021\\\/03\\\/podaracaju-1.jpg\",\"articleSection\":[\"Destaques\",\"Sa\u00fade\"],\"inLanguage\":\"pt-BR\"},{\"@type\":\"WebPage\",\"@id\":\"https:\\\/\\\/ocoerente.com.br\\\/se\\\/2021\\\/03\\\/13\\\/podcast-mobilidade-urbana-empregos-e-consorcio-de-vacinas-ouca-agora\\\/\",\"url\":\"https:\\\/\\\/ocoerente.com.br\\\/se\\\/2021\\\/03\\\/13\\\/podcast-mobilidade-urbana-empregos-e-consorcio-de-vacinas-ouca-agora\\\/\",\"name\":\"Podcast: mobilidade urbana, empregos e cons\u00f3rcio de vacinas; ou\u00e7a agora - O Coerente\",\"isPartOf\":{\"@id\":\"https:\\\/\\\/ocoerente.com.br\\\/se\\\/#website\"},\"primaryImageOfPage\":{\"@id\":\"https:\\\/\\\/ocoerente.com.br\\\/se\\\/2021\\\/03\\\/13\\\/podcast-mobilidade-urbana-empregos-e-consorcio-de-vacinas-ouca-agora\\\/#primaryimage\"},\"image\":{\"@id\":\"https:\\\/\\\/ocoerente.com.br\\\/se\\\/2021\\\/03\\\/13\\\/podcast-mobilidade-urbana-empregos-e-consorcio-de-vacinas-ouca-agora\\\/#primaryimage\"},\"thumbnailUrl\":\"https:\\\/\\\/ocoerente.com.br\\\/se\\\/wp-content\\\/uploads\\\/2021\\\/03\\\/podaracaju-1.jpg\",\"datePublished\":\"2021-03-13T21:52:04+00:00\",\"dateModified\":\"2021-03-13T21:52:05+00:00\",\"breadcrumb\":{\"@id\":\"https:\\\/\\\/ocoerente.com.br\\\/se\\\/2021\\\/03\\\/13\\\/podcast-mobilidade-urbana-empregos-e-consorcio-de-vacinas-ouca-agora\\\/#breadcrumb\"},\"inLanguage\":\"pt-BR\",\"potentialAction\":[{\"@type\":\"ReadAction\",\"target\":[\"https:\\\/\\\/ocoerente.com.br\\\/se\\\/2021\\\/03\\\/13\\\/podcast-mobilidade-urbana-empregos-e-consorcio-de-vacinas-ouca-agora\\\/\"]}]},{\"@type\":\"ImageObject\",\"inLanguage\":\"pt-BR\",\"@id\":\"https:\\\/\\\/ocoerente.com.br\\\/se\\\/2021\\\/03\\\/13\\\/podcast-mobilidade-urbana-empregos-e-consorcio-de-vacinas-ouca-agora\\\/#primaryimage\",\"url\":\"https:\\\/\\\/ocoerente.com.br\\\/se\\\/wp-content\\\/uploads\\\/2021\\\/03\\\/podaracaju-1.jpg\",\"contentUrl\":\"https:\\\/\\\/ocoerente.com.br\\\/se\\\/wp-content\\\/uploads\\\/2021\\\/03\\\/podaracaju-1.jpg\",\"width\":1000,\"height\":1000},{\"@type\":\"BreadcrumbList\",\"@id\":\"https:\\\/\\\/ocoerente.com.br\\\/se\\\/2021\\\/03\\\/13\\\/podcast-mobilidade-urbana-empregos-e-consorcio-de-vacinas-ouca-agora\\\/#breadcrumb\",\"itemListElement\":[{\"@type\":\"ListItem\",\"position\":1,\"name\":\"In\u00edcio\",\"item\":\"https:\\\/\\\/ocoerente.com.br\\\/se\\\/\"},{\"@type\":\"ListItem\",\"position\":2,\"name\":\"Podcast: mobilidade urbana, empregos e cons\u00f3rcio de vacinas; ou\u00e7a agora\"}]},{\"@type\":\"WebSite\",\"@id\":\"https:\\\/\\\/ocoerente.com.br\\\/se\\\/#website\",\"url\":\"https:\\\/\\\/ocoerente.com.br\\\/se\\\/\",\"name\":\"O Coerente\",\"description\":\"\",\"publisher\":{\"@id\":\"https:\\\/\\\/ocoerente.com.br\\\/se\\\/#\\\/schema\\\/person\\\/cc6bfd9fbca465e23543b0c963d8d037\"},\"potentialAction\":[{\"@type\":\"SearchAction\",\"target\":{\"@type\":\"EntryPoint\",\"urlTemplate\":\"https:\\\/\\\/ocoerente.com.br\\\/se\\\/?s={search_term_string}\"},\"query-input\":{\"@type\":\"PropertyValueSpecification\",\"valueRequired\":true,\"valueName\":\"search_term_string\"}}],\"inLanguage\":\"pt-BR\"},{\"@type\":[\"Person\",\"Organization\"],\"@id\":\"https:\\\/\\\/ocoerente.com.br\\\/se\\\/#\\\/schema\\\/person\\\/cc6bfd9fbca465e23543b0c963d8d037\",\"name\":\"Reda\u00e7\u00e3o\",\"image\":{\"@type\":\"ImageObject\",\"inLanguage\":\"pt-BR\",\"@id\":\"https:\\\/\\\/ocoerente.com.br\\\/se\\\/wp-content\\\/uploads\\\/2020\\\/01\\\/ocoerente-1.png\",\"url\":\"https:\\\/\\\/ocoerente.com.br\\\/se\\\/wp-content\\\/uploads\\\/2020\\\/01\\\/ocoerente-1.png\",\"contentUrl\":\"https:\\\/\\\/ocoerente.com.br\\\/se\\\/wp-content\\\/uploads\\\/2020\\\/01\\\/ocoerente-1.png\",\"width\":50,\"height\":50,\"caption\":\"Reda\u00e7\u00e3o\"},\"logo\":{\"@id\":\"https:\\\/\\\/ocoerente.com.br\\\/se\\\/wp-content\\\/uploads\\\/2020\\\/01\\\/ocoerente-1.png\"},\"url\":\"https:\\\/\\\/ocoerente.com.br\\\/se\\\/author\\\/vasticlsales\\\/\"}]}<\/script>\n<!-- \/ Yoast SEO plugin. -->","yoast_head_json":{"title":"Podcast: mobilidade urbana, empregos e cons\u00f3rcio de vacinas; ou\u00e7a agora - O Coerente","robots":{"index":"index","follow":"follow","max-snippet":"max-snippet:-1","max-image-preview":"max-image-preview:large","max-video-preview":"max-video-preview:-1"},"canonical":"https:\/\/ocoerente.com.br\/se\/2021\/03\/13\/podcast-mobilidade-urbana-empregos-e-consorcio-de-vacinas-ouca-agora\/","og_locale":"pt_BR","og_type":"article","og_title":"Podcast: mobilidade urbana, empregos e cons\u00f3rcio de vacinas; ou\u00e7a agora - O Coerente","og_description":"A Prefeitura de Aracaju vem trabalhando nos grandes corredores das avenidas Beira Mar, Hermes Fontes, Ad\u00e9lia Franco, Jos\u00e9 Carlos Silva e Rio de Janeiro. Os servi\u00e7os preveem a execu\u00e7\u00e3o de diversas obras de infraestrutura com o intuito de melhorar o tr\u00e2nsito de pedestres, ciclistas e ve\u00edculos. Neste sentido, a Empresa Municipal de Obras e Urbaniza\u00e7\u00e3o [&hellip;]","og_url":"https:\/\/ocoerente.com.br\/se\/2021\/03\/13\/podcast-mobilidade-urbana-empregos-e-consorcio-de-vacinas-ouca-agora\/","og_site_name":"O Coerente","article_published_time":"2021-03-13T21:52:04+00:00","article_modified_time":"2021-03-13T21:52:05+00:00","og_image":[{"width":1000,"height":1000,"url":"https:\/\/ocoerente.com.br\/se\/wp-content\/uploads\/2021\/03\/podaracaju-1.jpg","type":"image\/jpeg"}],"author":"Reda\u00e7\u00e3o","twitter_card":"summary_large_image","twitter_misc":{"Escrito por":"Reda\u00e7\u00e3o","Est. tempo de leitura":"4 minutos"},"schema":{"@context":"https:\/\/schema.org","@graph":[{"@type":"Article","@id":"https:\/\/ocoerente.com.br\/se\/2021\/03\/13\/podcast-mobilidade-urbana-empregos-e-consorcio-de-vacinas-ouca-agora\/#article","isPartOf":{"@id":"https:\/\/ocoerente.com.br\/se\/2021\/03\/13\/podcast-mobilidade-urbana-empregos-e-consorcio-de-vacinas-ouca-agora\/"},"author":{"name":"Reda\u00e7\u00e3o","@id":"https:\/\/ocoerente.com.br\/se\/#\/schema\/person\/cc6bfd9fbca465e23543b0c963d8d037"},"headline":"Podcast: mobilidade urbana, empregos e cons\u00f3rcio de vacinas; ou\u00e7a agora","datePublished":"2021-03-13T21:52:04+00:00","dateModified":"2021-03-13T21:52:05+00:00","mainEntityOfPage":{"@id":"https:\/\/ocoerente.com.br\/se\/2021\/03\/13\/podcast-mobilidade-urbana-empregos-e-consorcio-de-vacinas-ouca-agora\/"},"wordCount":764,"publisher":{"@id":"https:\/\/ocoerente.com.br\/se\/#\/schema\/person\/cc6bfd9fbca465e23543b0c963d8d037"},"image":{"@id":"https:\/\/ocoerente.com.br\/se\/2021\/03\/13\/podcast-mobilidade-urbana-empregos-e-consorcio-de-vacinas-ouca-agora\/#primaryimage"},"thumbnailUrl":"https:\/\/ocoerente.com.br\/se\/wp-content\/uploads\/2021\/03\/podaracaju-1.jpg","articleSection":["Destaques","Sa\u00fade"],"inLanguage":"pt-BR"},{"@type":"WebPage","@id":"https:\/\/ocoerente.com.br\/se\/2021\/03\/13\/podcast-mobilidade-urbana-empregos-e-consorcio-de-vacinas-ouca-agora\/","url":"https:\/\/ocoerente.com.br\/se\/2021\/03\/13\/podcast-mobilidade-urbana-empregos-e-consorcio-de-vacinas-ouca-agora\/","name":"Podcast: mobilidade urbana, empregos e cons\u00f3rcio de vacinas; ou\u00e7a agora - O Coerente","isPartOf":{"@id":"https:\/\/ocoerente.com.br\/se\/#website"},"primaryImageOfPage":{"@id":"https:\/\/ocoerente.com.br\/se\/2021\/03\/13\/podcast-mobilidade-urbana-empregos-e-consorcio-de-vacinas-ouca-agora\/#primaryimage"},"image":{"@id":"https:\/\/ocoerente.com.br\/se\/2021\/03\/13\/podcast-mobilidade-urbana-empregos-e-consorcio-de-vacinas-ouca-agora\/#primaryimage"},"thumbnailUrl":"https:\/\/ocoerente.com.br\/se\/wp-content\/uploads\/2021\/03\/podaracaju-1.jpg","datePublished":"2021-03-13T21:52:04+00:00","dateModified":"2021-03-13T21:52:05+00:00","breadcrumb":{"@id":"https:\/\/ocoerente.com.br\/se\/2021\/03\/13\/podcast-mobilidade-urbana-empregos-e-consorcio-de-vacinas-ouca-agora\/#breadcrumb"},"inLanguage":"pt-BR","potentialAction":[{"@type":"ReadAction","target":["https:\/\/ocoerente.com.br\/se\/2021\/03\/13\/podcast-mobilidade-urbana-empregos-e-consorcio-de-vacinas-ouca-agora\/"]}]},{"@type":"ImageObject","inLanguage":"pt-BR","@id":"https:\/\/ocoerente.com.br\/se\/2021\/03\/13\/podcast-mobilidade-urbana-empregos-e-consorcio-de-vacinas-ouca-agora\/#primaryimage","url":"https:\/\/ocoerente.com.br\/se\/wp-content\/uploads\/2021\/03\/podaracaju-1.jpg","contentUrl":"https:\/\/ocoerente.com.br\/se\/wp-content\/uploads\/2021\/03\/podaracaju-1.jpg","width":1000,"height":1000},{"@type":"BreadcrumbList","@id":"https:\/\/ocoerente.com.br\/se\/2021\/03\/13\/podcast-mobilidade-urbana-empregos-e-consorcio-de-vacinas-ouca-agora\/#breadcrumb","itemListElement":[{"@type":"ListItem","position":1,"name":"In\u00edcio","item":"https:\/\/ocoerente.com.br\/se\/"},{"@type":"ListItem","position":2,"name":"Podcast: mobilidade urbana, empregos e cons\u00f3rcio de vacinas; ou\u00e7a agora"}]},{"@type":"WebSite","@id":"https:\/\/ocoerente.com.br\/se\/#website","url":"https:\/\/ocoerente.com.br\/se\/","name":"O Coerente","description":"","publisher":{"@id":"https:\/\/ocoerente.com.br\/se\/#\/schema\/person\/cc6bfd9fbca465e23543b0c963d8d037"},"potentialAction":[{"@type":"SearchAction","target":{"@type":"EntryPoint","urlTemplate":"https:\/\/ocoerente.com.br\/se\/?s={search_term_string}"},"query-input":{"@type":"PropertyValueSpecification","valueRequired":true,"valueName":"search_term_string"}}],"inLanguage":"pt-BR"},{"@type":["Person","Organization"],"@id":"https:\/\/ocoerente.com.br\/se\/#\/schema\/person\/cc6bfd9fbca465e23543b0c963d8d037","name":"Reda\u00e7\u00e3o","image":{"@type":"ImageObject","inLanguage":"pt-BR","@id":"https:\/\/ocoerente.com.br\/se\/wp-content\/uploads\/2020\/01\/ocoerente-1.png","url":"https:\/\/ocoerente.com.br\/se\/wp-content\/uploads\/2020\/01\/ocoerente-1.png","contentUrl":"https:\/\/ocoerente.com.br\/se\/wp-content\/uploads\/2020\/01\/ocoerente-1.png","width":50,"height":50,"caption":"Reda\u00e7\u00e3o"},"logo":{"@id":"https:\/\/ocoerente.com.br\/se\/wp-content\/uploads\/2020\/01\/ocoerente-1.png"},"url":"https:\/\/ocoerente.com.br\/se\/author\/vasticlsales\/"}]}},"_links":{"self":[{"href":"https:\/\/ocoerente.com.br\/se\/wp-json\/wp\/v2\/posts\/2841","targetHints":{"allow":["GET"]}}],"collection":[{"href":"https:\/\/ocoerente.com.br\/se\/wp-json\/wp\/v2\/posts"}],"about":[{"href":"https:\/\/ocoerente.com.br\/se\/wp-json\/wp\/v2\/types\/post"}],"author":[{"embeddable":true,"href":"https:\/\/ocoerente.com.br\/se\/wp-json\/wp\/v2\/users\/1"}],"replies":[{"embeddable":true,"href":"https:\/\/ocoerente.com.br\/se\/wp-json\/wp\/v2\/comments?post=2841"}],"version-history":[{"count":1,"href":"https:\/\/ocoerente.com.br\/se\/wp-json\/wp\/v2\/posts\/2841\/revisions"}],"predecessor-version":[{"id":2844,"href":"https:\/\/ocoerente.com.br\/se\/wp-json\/wp\/v2\/posts\/2841\/revisions\/2844"}],"wp:featuredmedia":[{"embeddable":true,"href":"https:\/\/ocoerente.com.br\/se\/wp-json\/wp\/v2\/media\/2843"}],"wp:attachment":[{"href":"https:\/\/ocoerente.com.br\/se\/wp-json\/wp\/v2\/media?parent=2841"}],"wp:term":[{"taxonomy":"category","embeddable":true,"href":"https:\/\/ocoerente.com.br\/se\/wp-json\/wp\/v2\/categories?post=2841"},{"taxonomy":"post_tag","embeddable":true,"href":"https:\/\/ocoerente.com.br\/se\/wp-json\/wp\/v2\/tags?post=2841"}],"curies":[{"name":"wp","href":"https:\/\/api.w.org\/{rel}","templated":true}]}}