{"id":2836,"date":"2021-03-12T03:58:08","date_gmt":"2021-03-12T06:58:08","guid":{"rendered":"https:\/\/ocoerente.com.br\/se\/?p=2836"},"modified":"2021-03-12T03:58:09","modified_gmt":"2021-03-12T06:58:09","slug":"nova-resolucao-traz-restricoes-para-o-comercio-e-atividades-educacionais","status":"publish","type":"post","link":"https:\/\/ocoerente.com.br\/se\/2021\/03\/12\/nova-resolucao-traz-restricoes-para-o-comercio-e-atividades-educacionais\/","title":{"rendered":"Nova Resolu\u00e7\u00e3o traz restri\u00e7\u00f5es para o com\u00e9rcio e atividades educacionais"},"content":{"rendered":"\n<p><em>As medidas refletem o agravamento do cen\u00e1rio epidemiol\u00f3gico dos \u00faltimos dias no estado<\/em>.<\/p>\n\n\n\n<p>O governador Belivaldo Chagas divulgou, nesta quinta-feira (11), novas restri\u00e7\u00f5es para o com\u00e9rcio e atividades educacionais e a manuten\u00e7\u00e3o das medidas restritivas anunciadas na \u00faltima quinta para combater a dissemina\u00e7\u00e3o do coronav\u00edrus. O an\u00fancio foi feito durante coletiva de imprensa posterior \u00e0 reuni\u00e3o com o Comit\u00ea T\u00e9cnico-Cient\u00edfico e de Atividades Especiais (Ctcae).<\/p>\n\n\n\n<p>As medidas refletem o agravamento do cen\u00e1rio epidemiol\u00f3gico dos \u00faltimos dias no estado. Sergipe atingiu o n\u00famero de 604 internados totais &#8211; UTI e enfermaria- nesta quarta-feira (10), somente em leitos de UTI houve um crescimento de interna\u00e7\u00f5es de 49,1% em rela\u00e7\u00e3o aos \u00faltimos 14 dias.&nbsp;<\/p>\n\n\n\n<p>\u201cInfelizmente, tivemos aumento nos casos de pessoas contaminadas e de \u00f3bitos. A m\u00e9dia de novos casos aumentou de 40 % em uma semana, \u00e9 preocupante. Com&nbsp;rela\u00e7\u00e3o \u00e0 m\u00e9dia de testes, n\u00f3s conseguimos crescer. Aumentando a testagem, a gente observa uma quantidade maior de pessoas contaminadas. O total de internados cresceu muito, ontem observamos um total 144 pacientes internados em UTI na rede SUS, isso est\u00e1 se aproximando do pico, no m\u00eas de julho de 2020, quando chegamos a 166. Naquele per\u00edodo, t\u00ednhamos 209 leitos de UTI Covid-19, estamos agora com 183, porque essa semana a Secretaria conseguiu abrir mais 11 leitos. A previs\u00e3o \u00e9 que at\u00e9 segunda-feira, possamos abrir mais 16 leitos de UTI, o que significa que ficaremos com 199 leitos de UTI, mas isso n\u00e3o significa dizer que temos que relaxar com as medidas\u201d, disse Belivaldo Chagas.&nbsp;<\/p>\n\n\n\n<p>De acordo com o boletim epidemiol\u00f3gico divulgado nesta quarta, 98% dos leitos de UTI da rede privada est\u00e3o ocupados em Sergipe e 78,7% da rede p\u00fablica. Segundo o relat\u00f3rio do Ctcae, somente na rede privada, as interna\u00e7\u00f5es cresceram 60% nos \u00faltimos 14 dias, sendo 62,9% de aumento nas UTIs e 57,9% nas enfermarias. J\u00e1 a m\u00e9dia de \u00f3bitos geral da semana \u00e9 de 11, o que representa um aumento de 32,5% em rela\u00e7\u00e3o \u00e0 semana anterior. \u201cCom rela\u00e7\u00e3o a \u00f3bitos, a m\u00e9dia cresceu para 11 \u00f3bitos por dia, significa que poderemos ultrapassar 300 \u00f3bitos no m\u00eas de mar\u00e7o\u201d, alertou o governador.<br>&nbsp;<br>O governador explicou que todas as medidas ser\u00e3o reavaliadas na pr\u00f3xima quinta-feira (18). \u201cN\u00f3s decidimos que nesse per\u00edodo mais cr\u00edtico, vamos nos reunir a cada 8 dias. O que estamos anunciando hoje, s\u00e3o medidas que tendem a se exaurir at\u00e9 o dia 22. A gente espera que esse efeito Carnaval possa diminuir nos pr\u00f3ximos dias. Ent\u00e3o, se chegarmos na reuni\u00e3o do pr\u00f3ximo dia 18, e sentirmos que pode haver queda, podemos considerar flexibilizar, mas se sentirmos que continua essa crescente, medidas outras ser\u00e3o anunciadas, na pr\u00f3xima quinta-feira. O que est\u00e1 se fazendo hoje \u00e9 um trabalho, por conta do colapso que j\u00e1 \u00e9 uma realidade na nossa rede\u201d, argumentou.&nbsp;<\/p>\n\n\n\n<p>Conforme a&nbsp;<a href=\"https:\/\/www.se.gov.br\/uploads\/download\/midia\/83\/de98956561831f08f275e612b424a451.pdf\">Resolu\u00e7\u00e3o<\/a>, o retorno das aulas presenciais na rede p\u00fablica, previsto para o pr\u00f3ximo dia 22, foi&nbsp;adiado para 05 de abril. Na rede privada, as aulas presenciais ficam suspensas at\u00e9 o dia 5 de abril. Creches, ber\u00e7\u00e1rios e escolas de ensino infantil continuam funcionando. No Ensino Superior, apenas as aulas e atividades pr\u00e1ticas de cursos de ensino superior e profissionalizante seguem autorizadas.<\/p>\n\n\n\n<p>Atividades religiosas, de qualquer credo ou rito, inclu\u00eddos&nbsp;templos, igrejas e demais estabelecimentos poder\u00e3o funcionar at\u00e9 as 18h, respeitada a limita\u00e7\u00e3o m\u00e1xima de 30%<br>do estabelecimento, ficando vedado o funcionamento nos dias 20 e 21 de mar\u00e7o de 2021.<\/p>\n\n\n\n<p>J\u00e1 as academias de gin\u00e1stica&nbsp;ter\u00e3o redu\u00e7\u00e3o da ocupa\u00e7\u00e3o m\u00e1xima de clientes, de 50% para 30% e poder\u00e3o funcionar durante os dias de semana (segunda a sexta-feira).<\/p>\n\n\n\n<p>Quanto \u00e0 Administra\u00e7\u00e3o P\u00fablica, o quantitativo ser\u00e1 reduzido tamb\u00e9m para 30%. \u201cE vamos aproveitar o feriado municipal de 17 de mar\u00e7o, em Aracaju, para decretar ponto facultativo para os demais munic\u00edpios, para que a gente mantenha mais as pessoas em casa\u201d.<\/p>\n\n\n\n<p><strong>Atividades econ\u00f4micas&nbsp;<\/strong><\/p>\n\n\n\n<p>Barbearias, sal\u00f5es de beleza e de higiene pessoal poder\u00e3o funcionar com 30% de capacidade de segunda a sexta-feira, entre as 5h e as 22h. \u201cA gente n\u00e3o quer prejudicar o com\u00e9rcio de ningu\u00e9m. Pretendemos com isso, diminuir a quantidade de pessoas circulando\u201d.<\/p>\n\n\n\n<p>Em Aracaju, quanto ao com\u00e9rcio em geral, haver\u00e1 altera\u00e7\u00e3o de hor\u00e1rio de funcionamento. Nos bairros do Centro, o com\u00e9rcio considerado n\u00e3o-essencial funcionar\u00e1 entre 9h e 17h, e nos outros bairros de 10h at\u00e9 18h.<\/p>\n\n\n\n<p>\u201cCom rela\u00e7\u00e3o a shoppings e galerias e centros comerciais, permanecer\u00e1 da forma que est\u00e1&nbsp;at\u00e9 22 de mar\u00e7o. Restaurantes, lanchonetes, sorveterias e bares afins, estamos reduzindo ainda mais, de 50% para 30%. \u00c9 preciso deixar claro uma coisa: \u00e0s vezes parece que queremos resolver o problema da pandemia punindo os propriet\u00e1rios de bares e restaurantes. Mas est\u00e1 mais que comprovado cientificamente que o uso de m\u00e1scaras inibe a contamina\u00e7\u00e3o. Num restaurante voc\u00ea n\u00e3o come ou bebe com m\u00e1scara. A cada momento que se tira a m\u00e1scara para comer ou tomar um gole de cerveja, voc\u00ea pode contaminar o ambiente. E cada cidad\u00e3o que chega nesse espa\u00e7o, pode se contaminar ou contaminar outro\u201d, declarou o governador, ressaltando que medidas est\u00e3o sendo discutidas com a equipe econ\u00f4mica do Governo em prol do setor, para amenizar as perdas dos setores.<\/p>\n\n\n\n<p>Segundo o governador, a medida visa tamb\u00e9m diminuir o fluxo de pessoas no transporte p\u00fablico. \u201cN\u00f3s resolvemos fazer a altera\u00e7\u00e3o do hor\u00e1rio de funcionamento do com\u00e9rcio e isso deve diminuir a quantidade dos trabalhadores que, para chegarem nos seus postos de trabalho, usam o transporte p\u00fablico\u201d. &nbsp;<\/p>\n\n\n\n<p>As demais medidas restritivas anunciadas, na quinta-feira passada, continuam obrigat\u00f3rias. Portanto, est\u00e1 mantida a proibi\u00e7\u00e3o de eventos de qualquer tipo (festivo, t\u00e9cnico, corporativo, social, cultural, esportivo, comemorativo). J\u00e1 parques de divers\u00e3o, circos e similares est\u00e3o proibidos de funcionar na semana e nos finais de semana.<\/p>\n\n\n\n<div class=\"wp-block-algori-pdf-viewer-block-algori-pdf-viewer\"><iframe class=\"wp-block-algori-pdf-viewer-block-algori-pdf-viewer-iframe\" src=\"https:\/\/ocoerente.com.br\/se\/wp-content\/plugins\/algori-pdf-viewer\/dist\/web\/viewer.html?file=https%3A%2F%2Focoerente.com.br%2Fse%2Fwp-content%2Fuploads%2F2021%2F03%2FResolucao-012-11032020.pdf\" style=\"width:700px;height:1000px\"><\/iframe><\/div>\n\n\n\n<p><\/p>\n","protected":false},"excerpt":{"rendered":"<p>As medidas refletem o agravamento do cen\u00e1rio epidemiol\u00f3gico dos \u00faltimos dias no estado. O governador Belivaldo Chagas divulgou, nesta quinta-feira (11), novas restri\u00e7\u00f5es para o com\u00e9rcio e atividades educacionais e a manuten\u00e7\u00e3o das medidas restritivas anunciadas na \u00faltima quinta para combater a dissemina\u00e7\u00e3o do coronav\u00edrus. O an\u00fancio foi feito durante coletiva de imprensa posterior \u00e0 [&hellip;]<\/p>\n","protected":false},"author":1,"featured_media":2838,"comment_status":"closed","ping_status":"closed","sticky":false,"template":"","format":"standard","meta":{"footnotes":""},"categories":[53,43],"tags":[],"class_list":["post-2836","post","type-post","status-publish","format-standard","has-post-thumbnail","hentry","category-destaques","category-sergipe"],"yoast_head":"<!-- This site is optimized with the Yoast SEO plugin v27.4 - https:\/\/yoast.com\/product\/yoast-seo-wordpress\/ -->\n<title>Nova Resolu\u00e7\u00e3o traz restri\u00e7\u00f5es para o com\u00e9rcio e atividades educacionais - O Coerente<\/title>\n<meta name=\"robots\" content=\"index, follow, max-snippet:-1, max-image-preview:large, max-video-preview:-1\" \/>\n<link rel=\"canonical\" href=\"https:\/\/ocoerente.com.br\/se\/2021\/03\/12\/nova-resolucao-traz-restricoes-para-o-comercio-e-atividades-educacionais\/\" \/>\n<meta property=\"og:locale\" content=\"pt_BR\" \/>\n<meta property=\"og:type\" content=\"article\" \/>\n<meta property=\"og:title\" content=\"Nova Resolu\u00e7\u00e3o traz restri\u00e7\u00f5es para o com\u00e9rcio e atividades educacionais - O Coerente\" \/>\n<meta property=\"og:description\" content=\"As medidas refletem o agravamento do cen\u00e1rio epidemiol\u00f3gico dos \u00faltimos dias no estado. O governador Belivaldo Chagas divulgou, nesta quinta-feira (11), novas restri\u00e7\u00f5es para o com\u00e9rcio e atividades educacionais e a manuten\u00e7\u00e3o das medidas restritivas anunciadas na \u00faltima quinta para combater a dissemina\u00e7\u00e3o do coronav\u00edrus. O an\u00fancio foi feito durante coletiva de imprensa posterior \u00e0 [&hellip;]\" \/>\n<meta property=\"og:url\" content=\"https:\/\/ocoerente.com.br\/se\/2021\/03\/12\/nova-resolucao-traz-restricoes-para-o-comercio-e-atividades-educacionais\/\" \/>\n<meta property=\"og:site_name\" content=\"O Coerente\" \/>\n<meta property=\"article:published_time\" content=\"2021-03-12T06:58:08+00:00\" \/>\n<meta property=\"article:modified_time\" content=\"2021-03-12T06:58:09+00:00\" \/>\n<meta property=\"og:image\" content=\"https:\/\/ocoerente.com.br\/se\/wp-content\/uploads\/2021\/03\/govbelicovid-scaled.jpg\" \/>\n\t<meta property=\"og:image:width\" content=\"2560\" \/>\n\t<meta property=\"og:image:height\" content=\"1707\" \/>\n\t<meta property=\"og:image:type\" content=\"image\/jpeg\" \/>\n<meta name=\"author\" content=\"Reda\u00e7\u00e3o\" \/>\n<meta name=\"twitter:card\" content=\"summary_large_image\" \/>\n<meta name=\"twitter:label1\" content=\"Escrito por\" \/>\n\t<meta name=\"twitter:data1\" content=\"Reda\u00e7\u00e3o\" \/>\n\t<meta name=\"twitter:label2\" content=\"Est. tempo de leitura\" \/>\n\t<meta name=\"twitter:data2\" content=\"5 minutos\" \/>\n<script type=\"application\/ld+json\" class=\"yoast-schema-graph\">{\"@context\":\"https:\\\/\\\/schema.org\",\"@graph\":[{\"@type\":\"Article\",\"@id\":\"https:\\\/\\\/ocoerente.com.br\\\/se\\\/2021\\\/03\\\/12\\\/nova-resolucao-traz-restricoes-para-o-comercio-e-atividades-educacionais\\\/#article\",\"isPartOf\":{\"@id\":\"https:\\\/\\\/ocoerente.com.br\\\/se\\\/2021\\\/03\\\/12\\\/nova-resolucao-traz-restricoes-para-o-comercio-e-atividades-educacionais\\\/\"},\"author\":{\"name\":\"Reda\u00e7\u00e3o\",\"@id\":\"https:\\\/\\\/ocoerente.com.br\\\/se\\\/#\\\/schema\\\/person\\\/cc6bfd9fbca465e23543b0c963d8d037\"},\"headline\":\"Nova Resolu\u00e7\u00e3o traz restri\u00e7\u00f5es para o com\u00e9rcio e atividades educacionais\",\"datePublished\":\"2021-03-12T06:58:08+00:00\",\"dateModified\":\"2021-03-12T06:58:09+00:00\",\"mainEntityOfPage\":{\"@id\":\"https:\\\/\\\/ocoerente.com.br\\\/se\\\/2021\\\/03\\\/12\\\/nova-resolucao-traz-restricoes-para-o-comercio-e-atividades-educacionais\\\/\"},\"wordCount\":1013,\"publisher\":{\"@id\":\"https:\\\/\\\/ocoerente.com.br\\\/se\\\/#\\\/schema\\\/person\\\/cc6bfd9fbca465e23543b0c963d8d037\"},\"image\":{\"@id\":\"https:\\\/\\\/ocoerente.com.br\\\/se\\\/2021\\\/03\\\/12\\\/nova-resolucao-traz-restricoes-para-o-comercio-e-atividades-educacionais\\\/#primaryimage\"},\"thumbnailUrl\":\"https:\\\/\\\/ocoerente.com.br\\\/se\\\/wp-content\\\/uploads\\\/2021\\\/03\\\/govbelicovid-scaled.jpg\",\"articleSection\":[\"Destaques\",\"Sergipe\"],\"inLanguage\":\"pt-BR\"},{\"@type\":\"WebPage\",\"@id\":\"https:\\\/\\\/ocoerente.com.br\\\/se\\\/2021\\\/03\\\/12\\\/nova-resolucao-traz-restricoes-para-o-comercio-e-atividades-educacionais\\\/\",\"url\":\"https:\\\/\\\/ocoerente.com.br\\\/se\\\/2021\\\/03\\\/12\\\/nova-resolucao-traz-restricoes-para-o-comercio-e-atividades-educacionais\\\/\",\"name\":\"Nova Resolu\u00e7\u00e3o traz restri\u00e7\u00f5es para o com\u00e9rcio e atividades educacionais - O Coerente\",\"isPartOf\":{\"@id\":\"https:\\\/\\\/ocoerente.com.br\\\/se\\\/#website\"},\"primaryImageOfPage\":{\"@id\":\"https:\\\/\\\/ocoerente.com.br\\\/se\\\/2021\\\/03\\\/12\\\/nova-resolucao-traz-restricoes-para-o-comercio-e-atividades-educacionais\\\/#primaryimage\"},\"image\":{\"@id\":\"https:\\\/\\\/ocoerente.com.br\\\/se\\\/2021\\\/03\\\/12\\\/nova-resolucao-traz-restricoes-para-o-comercio-e-atividades-educacionais\\\/#primaryimage\"},\"thumbnailUrl\":\"https:\\\/\\\/ocoerente.com.br\\\/se\\\/wp-content\\\/uploads\\\/2021\\\/03\\\/govbelicovid-scaled.jpg\",\"datePublished\":\"2021-03-12T06:58:08+00:00\",\"dateModified\":\"2021-03-12T06:58:09+00:00\",\"breadcrumb\":{\"@id\":\"https:\\\/\\\/ocoerente.com.br\\\/se\\\/2021\\\/03\\\/12\\\/nova-resolucao-traz-restricoes-para-o-comercio-e-atividades-educacionais\\\/#breadcrumb\"},\"inLanguage\":\"pt-BR\",\"potentialAction\":[{\"@type\":\"ReadAction\",\"target\":[\"https:\\\/\\\/ocoerente.com.br\\\/se\\\/2021\\\/03\\\/12\\\/nova-resolucao-traz-restricoes-para-o-comercio-e-atividades-educacionais\\\/\"]}]},{\"@type\":\"ImageObject\",\"inLanguage\":\"pt-BR\",\"@id\":\"https:\\\/\\\/ocoerente.com.br\\\/se\\\/2021\\\/03\\\/12\\\/nova-resolucao-traz-restricoes-para-o-comercio-e-atividades-educacionais\\\/#primaryimage\",\"url\":\"https:\\\/\\\/ocoerente.com.br\\\/se\\\/wp-content\\\/uploads\\\/2021\\\/03\\\/govbelicovid-scaled.jpg\",\"contentUrl\":\"https:\\\/\\\/ocoerente.com.br\\\/se\\\/wp-content\\\/uploads\\\/2021\\\/03\\\/govbelicovid-scaled.jpg\",\"width\":2560,\"height\":1707},{\"@type\":\"BreadcrumbList\",\"@id\":\"https:\\\/\\\/ocoerente.com.br\\\/se\\\/2021\\\/03\\\/12\\\/nova-resolucao-traz-restricoes-para-o-comercio-e-atividades-educacionais\\\/#breadcrumb\",\"itemListElement\":[{\"@type\":\"ListItem\",\"position\":1,\"name\":\"In\u00edcio\",\"item\":\"https:\\\/\\\/ocoerente.com.br\\\/se\\\/\"},{\"@type\":\"ListItem\",\"position\":2,\"name\":\"Nova Resolu\u00e7\u00e3o traz restri\u00e7\u00f5es para o com\u00e9rcio e atividades educacionais\"}]},{\"@type\":\"WebSite\",\"@id\":\"https:\\\/\\\/ocoerente.com.br\\\/se\\\/#website\",\"url\":\"https:\\\/\\\/ocoerente.com.br\\\/se\\\/\",\"name\":\"O Coerente\",\"description\":\"\",\"publisher\":{\"@id\":\"https:\\\/\\\/ocoerente.com.br\\\/se\\\/#\\\/schema\\\/person\\\/cc6bfd9fbca465e23543b0c963d8d037\"},\"potentialAction\":[{\"@type\":\"SearchAction\",\"target\":{\"@type\":\"EntryPoint\",\"urlTemplate\":\"https:\\\/\\\/ocoerente.com.br\\\/se\\\/?s={search_term_string}\"},\"query-input\":{\"@type\":\"PropertyValueSpecification\",\"valueRequired\":true,\"valueName\":\"search_term_string\"}}],\"inLanguage\":\"pt-BR\"},{\"@type\":[\"Person\",\"Organization\"],\"@id\":\"https:\\\/\\\/ocoerente.com.br\\\/se\\\/#\\\/schema\\\/person\\\/cc6bfd9fbca465e23543b0c963d8d037\",\"name\":\"Reda\u00e7\u00e3o\",\"image\":{\"@type\":\"ImageObject\",\"inLanguage\":\"pt-BR\",\"@id\":\"https:\\\/\\\/ocoerente.com.br\\\/se\\\/wp-content\\\/uploads\\\/2020\\\/01\\\/ocoerente-1.png\",\"url\":\"https:\\\/\\\/ocoerente.com.br\\\/se\\\/wp-content\\\/uploads\\\/2020\\\/01\\\/ocoerente-1.png\",\"contentUrl\":\"https:\\\/\\\/ocoerente.com.br\\\/se\\\/wp-content\\\/uploads\\\/2020\\\/01\\\/ocoerente-1.png\",\"width\":50,\"height\":50,\"caption\":\"Reda\u00e7\u00e3o\"},\"logo\":{\"@id\":\"https:\\\/\\\/ocoerente.com.br\\\/se\\\/wp-content\\\/uploads\\\/2020\\\/01\\\/ocoerente-1.png\"},\"url\":\"https:\\\/\\\/ocoerente.com.br\\\/se\\\/author\\\/vasticlsales\\\/\"}]}<\/script>\n<!-- \/ Yoast SEO plugin. -->","yoast_head_json":{"title":"Nova Resolu\u00e7\u00e3o traz restri\u00e7\u00f5es para o com\u00e9rcio e atividades educacionais - O Coerente","robots":{"index":"index","follow":"follow","max-snippet":"max-snippet:-1","max-image-preview":"max-image-preview:large","max-video-preview":"max-video-preview:-1"},"canonical":"https:\/\/ocoerente.com.br\/se\/2021\/03\/12\/nova-resolucao-traz-restricoes-para-o-comercio-e-atividades-educacionais\/","og_locale":"pt_BR","og_type":"article","og_title":"Nova Resolu\u00e7\u00e3o traz restri\u00e7\u00f5es para o com\u00e9rcio e atividades educacionais - O Coerente","og_description":"As medidas refletem o agravamento do cen\u00e1rio epidemiol\u00f3gico dos \u00faltimos dias no estado. O governador Belivaldo Chagas divulgou, nesta quinta-feira (11), novas restri\u00e7\u00f5es para o com\u00e9rcio e atividades educacionais e a manuten\u00e7\u00e3o das medidas restritivas anunciadas na \u00faltima quinta para combater a dissemina\u00e7\u00e3o do coronav\u00edrus. O an\u00fancio foi feito durante coletiva de imprensa posterior \u00e0 [&hellip;]","og_url":"https:\/\/ocoerente.com.br\/se\/2021\/03\/12\/nova-resolucao-traz-restricoes-para-o-comercio-e-atividades-educacionais\/","og_site_name":"O Coerente","article_published_time":"2021-03-12T06:58:08+00:00","article_modified_time":"2021-03-12T06:58:09+00:00","og_image":[{"width":2560,"height":1707,"url":"https:\/\/ocoerente.com.br\/se\/wp-content\/uploads\/2021\/03\/govbelicovid-scaled.jpg","type":"image\/jpeg"}],"author":"Reda\u00e7\u00e3o","twitter_card":"summary_large_image","twitter_misc":{"Escrito por":"Reda\u00e7\u00e3o","Est. tempo de leitura":"5 minutos"},"schema":{"@context":"https:\/\/schema.org","@graph":[{"@type":"Article","@id":"https:\/\/ocoerente.com.br\/se\/2021\/03\/12\/nova-resolucao-traz-restricoes-para-o-comercio-e-atividades-educacionais\/#article","isPartOf":{"@id":"https:\/\/ocoerente.com.br\/se\/2021\/03\/12\/nova-resolucao-traz-restricoes-para-o-comercio-e-atividades-educacionais\/"},"author":{"name":"Reda\u00e7\u00e3o","@id":"https:\/\/ocoerente.com.br\/se\/#\/schema\/person\/cc6bfd9fbca465e23543b0c963d8d037"},"headline":"Nova Resolu\u00e7\u00e3o traz restri\u00e7\u00f5es para o com\u00e9rcio e atividades educacionais","datePublished":"2021-03-12T06:58:08+00:00","dateModified":"2021-03-12T06:58:09+00:00","mainEntityOfPage":{"@id":"https:\/\/ocoerente.com.br\/se\/2021\/03\/12\/nova-resolucao-traz-restricoes-para-o-comercio-e-atividades-educacionais\/"},"wordCount":1013,"publisher":{"@id":"https:\/\/ocoerente.com.br\/se\/#\/schema\/person\/cc6bfd9fbca465e23543b0c963d8d037"},"image":{"@id":"https:\/\/ocoerente.com.br\/se\/2021\/03\/12\/nova-resolucao-traz-restricoes-para-o-comercio-e-atividades-educacionais\/#primaryimage"},"thumbnailUrl":"https:\/\/ocoerente.com.br\/se\/wp-content\/uploads\/2021\/03\/govbelicovid-scaled.jpg","articleSection":["Destaques","Sergipe"],"inLanguage":"pt-BR"},{"@type":"WebPage","@id":"https:\/\/ocoerente.com.br\/se\/2021\/03\/12\/nova-resolucao-traz-restricoes-para-o-comercio-e-atividades-educacionais\/","url":"https:\/\/ocoerente.com.br\/se\/2021\/03\/12\/nova-resolucao-traz-restricoes-para-o-comercio-e-atividades-educacionais\/","name":"Nova Resolu\u00e7\u00e3o traz restri\u00e7\u00f5es para o com\u00e9rcio e atividades educacionais - O Coerente","isPartOf":{"@id":"https:\/\/ocoerente.com.br\/se\/#website"},"primaryImageOfPage":{"@id":"https:\/\/ocoerente.com.br\/se\/2021\/03\/12\/nova-resolucao-traz-restricoes-para-o-comercio-e-atividades-educacionais\/#primaryimage"},"image":{"@id":"https:\/\/ocoerente.com.br\/se\/2021\/03\/12\/nova-resolucao-traz-restricoes-para-o-comercio-e-atividades-educacionais\/#primaryimage"},"thumbnailUrl":"https:\/\/ocoerente.com.br\/se\/wp-content\/uploads\/2021\/03\/govbelicovid-scaled.jpg","datePublished":"2021-03-12T06:58:08+00:00","dateModified":"2021-03-12T06:58:09+00:00","breadcrumb":{"@id":"https:\/\/ocoerente.com.br\/se\/2021\/03\/12\/nova-resolucao-traz-restricoes-para-o-comercio-e-atividades-educacionais\/#breadcrumb"},"inLanguage":"pt-BR","potentialAction":[{"@type":"ReadAction","target":["https:\/\/ocoerente.com.br\/se\/2021\/03\/12\/nova-resolucao-traz-restricoes-para-o-comercio-e-atividades-educacionais\/"]}]},{"@type":"ImageObject","inLanguage":"pt-BR","@id":"https:\/\/ocoerente.com.br\/se\/2021\/03\/12\/nova-resolucao-traz-restricoes-para-o-comercio-e-atividades-educacionais\/#primaryimage","url":"https:\/\/ocoerente.com.br\/se\/wp-content\/uploads\/2021\/03\/govbelicovid-scaled.jpg","contentUrl":"https:\/\/ocoerente.com.br\/se\/wp-content\/uploads\/2021\/03\/govbelicovid-scaled.jpg","width":2560,"height":1707},{"@type":"BreadcrumbList","@id":"https:\/\/ocoerente.com.br\/se\/2021\/03\/12\/nova-resolucao-traz-restricoes-para-o-comercio-e-atividades-educacionais\/#breadcrumb","itemListElement":[{"@type":"ListItem","position":1,"name":"In\u00edcio","item":"https:\/\/ocoerente.com.br\/se\/"},{"@type":"ListItem","position":2,"name":"Nova Resolu\u00e7\u00e3o traz restri\u00e7\u00f5es para o com\u00e9rcio e atividades educacionais"}]},{"@type":"WebSite","@id":"https:\/\/ocoerente.com.br\/se\/#website","url":"https:\/\/ocoerente.com.br\/se\/","name":"O Coerente","description":"","publisher":{"@id":"https:\/\/ocoerente.com.br\/se\/#\/schema\/person\/cc6bfd9fbca465e23543b0c963d8d037"},"potentialAction":[{"@type":"SearchAction","target":{"@type":"EntryPoint","urlTemplate":"https:\/\/ocoerente.com.br\/se\/?s={search_term_string}"},"query-input":{"@type":"PropertyValueSpecification","valueRequired":true,"valueName":"search_term_string"}}],"inLanguage":"pt-BR"},{"@type":["Person","Organization"],"@id":"https:\/\/ocoerente.com.br\/se\/#\/schema\/person\/cc6bfd9fbca465e23543b0c963d8d037","name":"Reda\u00e7\u00e3o","image":{"@type":"ImageObject","inLanguage":"pt-BR","@id":"https:\/\/ocoerente.com.br\/se\/wp-content\/uploads\/2020\/01\/ocoerente-1.png","url":"https:\/\/ocoerente.com.br\/se\/wp-content\/uploads\/2020\/01\/ocoerente-1.png","contentUrl":"https:\/\/ocoerente.com.br\/se\/wp-content\/uploads\/2020\/01\/ocoerente-1.png","width":50,"height":50,"caption":"Reda\u00e7\u00e3o"},"logo":{"@id":"https:\/\/ocoerente.com.br\/se\/wp-content\/uploads\/2020\/01\/ocoerente-1.png"},"url":"https:\/\/ocoerente.com.br\/se\/author\/vasticlsales\/"}]}},"_links":{"self":[{"href":"https:\/\/ocoerente.com.br\/se\/wp-json\/wp\/v2\/posts\/2836","targetHints":{"allow":["GET"]}}],"collection":[{"href":"https:\/\/ocoerente.com.br\/se\/wp-json\/wp\/v2\/posts"}],"about":[{"href":"https:\/\/ocoerente.com.br\/se\/wp-json\/wp\/v2\/types\/post"}],"author":[{"embeddable":true,"href":"https:\/\/ocoerente.com.br\/se\/wp-json\/wp\/v2\/users\/1"}],"replies":[{"embeddable":true,"href":"https:\/\/ocoerente.com.br\/se\/wp-json\/wp\/v2\/comments?post=2836"}],"version-history":[{"count":1,"href":"https:\/\/ocoerente.com.br\/se\/wp-json\/wp\/v2\/posts\/2836\/revisions"}],"predecessor-version":[{"id":2839,"href":"https:\/\/ocoerente.com.br\/se\/wp-json\/wp\/v2\/posts\/2836\/revisions\/2839"}],"wp:featuredmedia":[{"embeddable":true,"href":"https:\/\/ocoerente.com.br\/se\/wp-json\/wp\/v2\/media\/2838"}],"wp:attachment":[{"href":"https:\/\/ocoerente.com.br\/se\/wp-json\/wp\/v2\/media?parent=2836"}],"wp:term":[{"taxonomy":"category","embeddable":true,"href":"https:\/\/ocoerente.com.br\/se\/wp-json\/wp\/v2\/categories?post=2836"},{"taxonomy":"post_tag","embeddable":true,"href":"https:\/\/ocoerente.com.br\/se\/wp-json\/wp\/v2\/tags?post=2836"}],"curies":[{"name":"wp","href":"https:\/\/api.w.org\/{rel}","templated":true}]}}