{"id":2833,"date":"2021-03-11T03:34:03","date_gmt":"2021-03-11T06:34:03","guid":{"rendered":"https:\/\/ocoerente.com.br\/se\/?p=2833"},"modified":"2021-03-11T03:34:04","modified_gmt":"2021-03-11T06:34:04","slug":"edvaldo-sanciona-lei-que-assegura-adesao-de-aracaju-ao-consorcio-publico-para-compra-de-vacinas","status":"publish","type":"post","link":"https:\/\/ocoerente.com.br\/se\/2021\/03\/11\/edvaldo-sanciona-lei-que-assegura-adesao-de-aracaju-ao-consorcio-publico-para-compra-de-vacinas\/","title":{"rendered":"Edvaldo sanciona lei que assegura ades\u00e3o de Aracaju ao cons\u00f3rcio p\u00fablico para compra de vacinas"},"content":{"rendered":"\n<p>O prefeito Edvaldo Nogueira sancionou, na tarde desta quarta-feira, 10, a lei que garante a participa\u00e7\u00e3o de Aracaju no cons\u00f3rcio p\u00fablico nacional para aquisi\u00e7\u00e3o de vacinas contra a covid-19, al\u00e9m de medicamentos e insumos para o combate \u00e0 pandemia. O ato foi realizado na sede do Centro Administrativo e contou com a&nbsp; presen\u00e7a dos vereadores da base aliada. A propositura, enviada \u00e0 C\u00e2mara na \u00faltima segunda-feira, 8, foi aprovada por unanimidade.<br><br>&#8220;A aprova\u00e7\u00e3o desse projeto no dia hoje, com a celeridade que foi feita, em tr\u00eas vota\u00e7\u00f5es, \u00e9 motivo de grande felicidade, visto que o cons\u00f3rcio ter\u00e1 grande import\u00e2ncia. Ele ser\u00e1 um mecanismo, tanto para a compra de vacinas quanto para a compra de insumos, medicamentos e equipamentos de sa\u00fade para o enfrentamento \u00e0 pandemia. Por isso, quero agradecer a C\u00e2mara Municipal, pela aprova\u00e7\u00e3o do projeto que garante a ades\u00e3o de Aracaju ao cons\u00f3rcio das cidades brasileiras&#8221;, destacou&nbsp; o prefeito.<br><br>A institui\u00e7\u00e3o do cons\u00f3rcio ocorrer\u00e1 no dia 22 de mar\u00e7o, em assembleia para escolha do presidente do grupo, com a participa\u00e7\u00e3o de todos os munic\u00edpios que tiverem a ades\u00e3o confirmada at\u00e9 o pr\u00f3ximo dia 19. At\u00e9 o momento, mais de 2.200 cidades j\u00e1 assinaram o Protocolo de Inten\u00e7\u00f5es.<br><br>Ao sancionar a lei, Edvaldo refor\u00e7ou que a cria\u00e7\u00e3o do cons\u00f3rcio n\u00e3o &#8220;abre uma disputa com o governo federal para a compra de vacinas, mas representa a uni\u00e3o de esfor\u00e7os para vencer o coronav\u00edrus&#8221;. &#8220;A prova disso \u00e9 que vamos em busca de imunizantes produzidos por laborat\u00f3rios que n\u00e3o estejam em negocia\u00e7\u00e3o com a Uni\u00e3o. Caso sejam adquiridos com recursos do pr\u00f3prio governo federal, ser\u00e3o inclu\u00eddos no Plano Nacional de Imuniza\u00e7\u00e3o e distribu\u00eddos nacionalmente. \u00c9 um grande avan\u00e7o&#8221;, reiterou.<br><br>O gestor enfatizou ainda o momento que o pa\u00eds tem enfrentado, de crescimento exponencial da doen\u00e7a, e ressaltou que, em virtude disso, &#8220;os entes federativos precisam, mais do que nunca, se unir para acelerar o processo de vacina\u00e7\u00e3o&#8221;. &#8220;Temos presenciado a crise no sistema de sa\u00fade de muitas cidades e isso exige de n\u00f3s uma a\u00e7\u00e3o imediata.&nbsp; Precisamos continuar incentivando o distanciamento social, adotando medidas para conter o avan\u00e7o da doen\u00e7a, mas precisamos mais ainda de vacinas. Temos que vacinar. E para isso, temos que deixar as diferen\u00e7as de lado para que possamos superar este momento&#8221;, salientou.<br><br><strong>Protocolo de Inten\u00e7\u00f5es<\/strong><\/p>\n\n\n\n<p>No \u00faltimo dia 1\u00ba, o prefeito Edvaldo Nogueira assinou o Protocolo de Inten\u00e7\u00f5es manifestando interesse em incluir Aracaju no cons\u00f3rcio p\u00fablico nacional. A iniciativa \u00e9 liderada pela Frente Nacional de Prefeitos (FNP) e surgiu ap\u00f3s a decis\u00e3o do Supremo Tribunal Federal, autorizando a compra de imunizantes por Estados e munic\u00edpios. Atualmente, existem 10 vacinas aprovadas por organiza\u00e7\u00f5es internacionais.<br><br>A cria\u00e7\u00e3o de um novo cons\u00f3rcio se d\u00e1 como alternativa \u00e0 inviabilidade de se utilizar os cons\u00f3rcios j\u00e1 existentes, seja por restri\u00e7\u00f5es de finalidade, abrang\u00eancia territorial ou pela inexist\u00eancia de imagem internacional consolidada. A proposta \u00e9 que as maiores cidades do pa\u00eds, que j\u00e1 possuem protagonismo e trajet\u00f3ria de atua\u00e7\u00e3o internacional, possam fazer parte da iniciativa, fortalecendo ainda mais a a\u00e7\u00e3o.<br><br>Acompanharam o ato o presidente da C\u00e2mara, vereador Josenito Vitale, os vereadores Breno Garibalde, Anderson de Tuca, Ricardo Vasconcelos, Joaquim do Janelinha, Fabiano Oliveira, F\u00e1bio Meireles, Soneca, Ant\u00f4nio Bittencourt, Pastor Diego, S\u00e1vio Neto de Vardo, Pastor Eduardo, Binho pelo Social, Sargento Byron, Vinicius Porto, C\u00edcero do Santa Maria.<\/p>\n\n\n\n<p>AAN<\/p>\n","protected":false},"excerpt":{"rendered":"<p>O prefeito Edvaldo Nogueira sancionou, na tarde desta quarta-feira, 10, a lei que garante a participa\u00e7\u00e3o de Aracaju no cons\u00f3rcio p\u00fablico nacional para aquisi\u00e7\u00e3o de vacinas contra a covid-19, al\u00e9m de medicamentos e insumos para o combate \u00e0 pandemia. O ato foi realizado na sede do Centro Administrativo e contou com a&nbsp; presen\u00e7a dos vereadores [&hellip;]<\/p>\n","protected":false},"author":1,"featured_media":2834,"comment_status":"closed","ping_status":"closed","sticky":false,"template":"","format":"standard","meta":{"footnotes":""},"categories":[53,54],"tags":[],"class_list":["post-2833","post","type-post","status-publish","format-standard","has-post-thumbnail","hentry","category-destaques","category-saude"],"yoast_head":"<!-- This site is optimized with the Yoast SEO plugin v27.4 - https:\/\/yoast.com\/product\/yoast-seo-wordpress\/ -->\n<title>Edvaldo sanciona lei que assegura ades\u00e3o de Aracaju ao cons\u00f3rcio p\u00fablico para compra de vacinas - O Coerente<\/title>\n<meta name=\"robots\" content=\"index, follow, max-snippet:-1, max-image-preview:large, max-video-preview:-1\" \/>\n<link rel=\"canonical\" href=\"https:\/\/ocoerente.com.br\/se\/2021\/03\/11\/edvaldo-sanciona-lei-que-assegura-adesao-de-aracaju-ao-consorcio-publico-para-compra-de-vacinas\/\" \/>\n<meta property=\"og:locale\" content=\"pt_BR\" \/>\n<meta property=\"og:type\" content=\"article\" \/>\n<meta property=\"og:title\" content=\"Edvaldo sanciona lei que assegura ades\u00e3o de Aracaju ao cons\u00f3rcio p\u00fablico para compra de vacinas - O Coerente\" \/>\n<meta property=\"og:description\" content=\"O prefeito Edvaldo Nogueira sancionou, na tarde desta quarta-feira, 10, a lei que garante a participa\u00e7\u00e3o de Aracaju no cons\u00f3rcio p\u00fablico nacional para aquisi\u00e7\u00e3o de vacinas contra a covid-19, al\u00e9m de medicamentos e insumos para o combate \u00e0 pandemia. O ato foi realizado na sede do Centro Administrativo e contou com a&nbsp; presen\u00e7a dos vereadores [&hellip;]\" \/>\n<meta property=\"og:url\" content=\"https:\/\/ocoerente.com.br\/se\/2021\/03\/11\/edvaldo-sanciona-lei-que-assegura-adesao-de-aracaju-ao-consorcio-publico-para-compra-de-vacinas\/\" \/>\n<meta property=\"og:site_name\" content=\"O Coerente\" \/>\n<meta property=\"article:published_time\" content=\"2021-03-11T06:34:03+00:00\" \/>\n<meta property=\"article:modified_time\" content=\"2021-03-11T06:34:04+00:00\" \/>\n<meta property=\"og:image\" content=\"https:\/\/ocoerente.com.br\/se\/wp-content\/uploads\/2021\/03\/alm6979-scaled.jpg\" \/>\n\t<meta property=\"og:image:width\" content=\"2560\" \/>\n\t<meta property=\"og:image:height\" content=\"1709\" \/>\n\t<meta property=\"og:image:type\" content=\"image\/jpeg\" \/>\n<meta name=\"author\" content=\"Reda\u00e7\u00e3o\" \/>\n<meta name=\"twitter:card\" content=\"summary_large_image\" \/>\n<meta name=\"twitter:label1\" content=\"Escrito por\" \/>\n\t<meta name=\"twitter:data1\" content=\"Reda\u00e7\u00e3o\" \/>\n\t<meta name=\"twitter:label2\" content=\"Est. tempo de leitura\" \/>\n\t<meta name=\"twitter:data2\" content=\"3 minutos\" \/>\n<script type=\"application\/ld+json\" class=\"yoast-schema-graph\">{\"@context\":\"https:\\\/\\\/schema.org\",\"@graph\":[{\"@type\":\"Article\",\"@id\":\"https:\\\/\\\/ocoerente.com.br\\\/se\\\/2021\\\/03\\\/11\\\/edvaldo-sanciona-lei-que-assegura-adesao-de-aracaju-ao-consorcio-publico-para-compra-de-vacinas\\\/#article\",\"isPartOf\":{\"@id\":\"https:\\\/\\\/ocoerente.com.br\\\/se\\\/2021\\\/03\\\/11\\\/edvaldo-sanciona-lei-que-assegura-adesao-de-aracaju-ao-consorcio-publico-para-compra-de-vacinas\\\/\"},\"author\":{\"name\":\"Reda\u00e7\u00e3o\",\"@id\":\"https:\\\/\\\/ocoerente.com.br\\\/se\\\/#\\\/schema\\\/person\\\/cc6bfd9fbca465e23543b0c963d8d037\"},\"headline\":\"Edvaldo sanciona lei que assegura ades\u00e3o de Aracaju ao cons\u00f3rcio p\u00fablico para compra de vacinas\",\"datePublished\":\"2021-03-11T06:34:03+00:00\",\"dateModified\":\"2021-03-11T06:34:04+00:00\",\"mainEntityOfPage\":{\"@id\":\"https:\\\/\\\/ocoerente.com.br\\\/se\\\/2021\\\/03\\\/11\\\/edvaldo-sanciona-lei-que-assegura-adesao-de-aracaju-ao-consorcio-publico-para-compra-de-vacinas\\\/\"},\"wordCount\":624,\"publisher\":{\"@id\":\"https:\\\/\\\/ocoerente.com.br\\\/se\\\/#\\\/schema\\\/person\\\/cc6bfd9fbca465e23543b0c963d8d037\"},\"image\":{\"@id\":\"https:\\\/\\\/ocoerente.com.br\\\/se\\\/2021\\\/03\\\/11\\\/edvaldo-sanciona-lei-que-assegura-adesao-de-aracaju-ao-consorcio-publico-para-compra-de-vacinas\\\/#primaryimage\"},\"thumbnailUrl\":\"https:\\\/\\\/ocoerente.com.br\\\/se\\\/wp-content\\\/uploads\\\/2021\\\/03\\\/alm6979-scaled.jpg\",\"articleSection\":[\"Destaques\",\"Sa\u00fade\"],\"inLanguage\":\"pt-BR\"},{\"@type\":\"WebPage\",\"@id\":\"https:\\\/\\\/ocoerente.com.br\\\/se\\\/2021\\\/03\\\/11\\\/edvaldo-sanciona-lei-que-assegura-adesao-de-aracaju-ao-consorcio-publico-para-compra-de-vacinas\\\/\",\"url\":\"https:\\\/\\\/ocoerente.com.br\\\/se\\\/2021\\\/03\\\/11\\\/edvaldo-sanciona-lei-que-assegura-adesao-de-aracaju-ao-consorcio-publico-para-compra-de-vacinas\\\/\",\"name\":\"Edvaldo sanciona lei que assegura ades\u00e3o de Aracaju ao cons\u00f3rcio p\u00fablico para compra de vacinas - O Coerente\",\"isPartOf\":{\"@id\":\"https:\\\/\\\/ocoerente.com.br\\\/se\\\/#website\"},\"primaryImageOfPage\":{\"@id\":\"https:\\\/\\\/ocoerente.com.br\\\/se\\\/2021\\\/03\\\/11\\\/edvaldo-sanciona-lei-que-assegura-adesao-de-aracaju-ao-consorcio-publico-para-compra-de-vacinas\\\/#primaryimage\"},\"image\":{\"@id\":\"https:\\\/\\\/ocoerente.com.br\\\/se\\\/2021\\\/03\\\/11\\\/edvaldo-sanciona-lei-que-assegura-adesao-de-aracaju-ao-consorcio-publico-para-compra-de-vacinas\\\/#primaryimage\"},\"thumbnailUrl\":\"https:\\\/\\\/ocoerente.com.br\\\/se\\\/wp-content\\\/uploads\\\/2021\\\/03\\\/alm6979-scaled.jpg\",\"datePublished\":\"2021-03-11T06:34:03+00:00\",\"dateModified\":\"2021-03-11T06:34:04+00:00\",\"breadcrumb\":{\"@id\":\"https:\\\/\\\/ocoerente.com.br\\\/se\\\/2021\\\/03\\\/11\\\/edvaldo-sanciona-lei-que-assegura-adesao-de-aracaju-ao-consorcio-publico-para-compra-de-vacinas\\\/#breadcrumb\"},\"inLanguage\":\"pt-BR\",\"potentialAction\":[{\"@type\":\"ReadAction\",\"target\":[\"https:\\\/\\\/ocoerente.com.br\\\/se\\\/2021\\\/03\\\/11\\\/edvaldo-sanciona-lei-que-assegura-adesao-de-aracaju-ao-consorcio-publico-para-compra-de-vacinas\\\/\"]}]},{\"@type\":\"ImageObject\",\"inLanguage\":\"pt-BR\",\"@id\":\"https:\\\/\\\/ocoerente.com.br\\\/se\\\/2021\\\/03\\\/11\\\/edvaldo-sanciona-lei-que-assegura-adesao-de-aracaju-ao-consorcio-publico-para-compra-de-vacinas\\\/#primaryimage\",\"url\":\"https:\\\/\\\/ocoerente.com.br\\\/se\\\/wp-content\\\/uploads\\\/2021\\\/03\\\/alm6979-scaled.jpg\",\"contentUrl\":\"https:\\\/\\\/ocoerente.com.br\\\/se\\\/wp-content\\\/uploads\\\/2021\\\/03\\\/alm6979-scaled.jpg\",\"width\":2560,\"height\":1709},{\"@type\":\"BreadcrumbList\",\"@id\":\"https:\\\/\\\/ocoerente.com.br\\\/se\\\/2021\\\/03\\\/11\\\/edvaldo-sanciona-lei-que-assegura-adesao-de-aracaju-ao-consorcio-publico-para-compra-de-vacinas\\\/#breadcrumb\",\"itemListElement\":[{\"@type\":\"ListItem\",\"position\":1,\"name\":\"In\u00edcio\",\"item\":\"https:\\\/\\\/ocoerente.com.br\\\/se\\\/\"},{\"@type\":\"ListItem\",\"position\":2,\"name\":\"Edvaldo sanciona lei que assegura ades\u00e3o de Aracaju ao cons\u00f3rcio p\u00fablico para compra de vacinas\"}]},{\"@type\":\"WebSite\",\"@id\":\"https:\\\/\\\/ocoerente.com.br\\\/se\\\/#website\",\"url\":\"https:\\\/\\\/ocoerente.com.br\\\/se\\\/\",\"name\":\"O Coerente\",\"description\":\"\",\"publisher\":{\"@id\":\"https:\\\/\\\/ocoerente.com.br\\\/se\\\/#\\\/schema\\\/person\\\/cc6bfd9fbca465e23543b0c963d8d037\"},\"potentialAction\":[{\"@type\":\"SearchAction\",\"target\":{\"@type\":\"EntryPoint\",\"urlTemplate\":\"https:\\\/\\\/ocoerente.com.br\\\/se\\\/?s={search_term_string}\"},\"query-input\":{\"@type\":\"PropertyValueSpecification\",\"valueRequired\":true,\"valueName\":\"search_term_string\"}}],\"inLanguage\":\"pt-BR\"},{\"@type\":[\"Person\",\"Organization\"],\"@id\":\"https:\\\/\\\/ocoerente.com.br\\\/se\\\/#\\\/schema\\\/person\\\/cc6bfd9fbca465e23543b0c963d8d037\",\"name\":\"Reda\u00e7\u00e3o\",\"image\":{\"@type\":\"ImageObject\",\"inLanguage\":\"pt-BR\",\"@id\":\"https:\\\/\\\/ocoerente.com.br\\\/se\\\/wp-content\\\/uploads\\\/2020\\\/01\\\/ocoerente-1.png\",\"url\":\"https:\\\/\\\/ocoerente.com.br\\\/se\\\/wp-content\\\/uploads\\\/2020\\\/01\\\/ocoerente-1.png\",\"contentUrl\":\"https:\\\/\\\/ocoerente.com.br\\\/se\\\/wp-content\\\/uploads\\\/2020\\\/01\\\/ocoerente-1.png\",\"width\":50,\"height\":50,\"caption\":\"Reda\u00e7\u00e3o\"},\"logo\":{\"@id\":\"https:\\\/\\\/ocoerente.com.br\\\/se\\\/wp-content\\\/uploads\\\/2020\\\/01\\\/ocoerente-1.png\"},\"url\":\"https:\\\/\\\/ocoerente.com.br\\\/se\\\/author\\\/vasticlsales\\\/\"}]}<\/script>\n<!-- \/ Yoast SEO plugin. -->","yoast_head_json":{"title":"Edvaldo sanciona lei que assegura ades\u00e3o de Aracaju ao cons\u00f3rcio p\u00fablico para compra de vacinas - O Coerente","robots":{"index":"index","follow":"follow","max-snippet":"max-snippet:-1","max-image-preview":"max-image-preview:large","max-video-preview":"max-video-preview:-1"},"canonical":"https:\/\/ocoerente.com.br\/se\/2021\/03\/11\/edvaldo-sanciona-lei-que-assegura-adesao-de-aracaju-ao-consorcio-publico-para-compra-de-vacinas\/","og_locale":"pt_BR","og_type":"article","og_title":"Edvaldo sanciona lei que assegura ades\u00e3o de Aracaju ao cons\u00f3rcio p\u00fablico para compra de vacinas - O Coerente","og_description":"O prefeito Edvaldo Nogueira sancionou, na tarde desta quarta-feira, 10, a lei que garante a participa\u00e7\u00e3o de Aracaju no cons\u00f3rcio p\u00fablico nacional para aquisi\u00e7\u00e3o de vacinas contra a covid-19, al\u00e9m de medicamentos e insumos para o combate \u00e0 pandemia. O ato foi realizado na sede do Centro Administrativo e contou com a&nbsp; presen\u00e7a dos vereadores [&hellip;]","og_url":"https:\/\/ocoerente.com.br\/se\/2021\/03\/11\/edvaldo-sanciona-lei-que-assegura-adesao-de-aracaju-ao-consorcio-publico-para-compra-de-vacinas\/","og_site_name":"O Coerente","article_published_time":"2021-03-11T06:34:03+00:00","article_modified_time":"2021-03-11T06:34:04+00:00","og_image":[{"width":2560,"height":1709,"url":"https:\/\/ocoerente.com.br\/se\/wp-content\/uploads\/2021\/03\/alm6979-scaled.jpg","type":"image\/jpeg"}],"author":"Reda\u00e7\u00e3o","twitter_card":"summary_large_image","twitter_misc":{"Escrito por":"Reda\u00e7\u00e3o","Est. tempo de leitura":"3 minutos"},"schema":{"@context":"https:\/\/schema.org","@graph":[{"@type":"Article","@id":"https:\/\/ocoerente.com.br\/se\/2021\/03\/11\/edvaldo-sanciona-lei-que-assegura-adesao-de-aracaju-ao-consorcio-publico-para-compra-de-vacinas\/#article","isPartOf":{"@id":"https:\/\/ocoerente.com.br\/se\/2021\/03\/11\/edvaldo-sanciona-lei-que-assegura-adesao-de-aracaju-ao-consorcio-publico-para-compra-de-vacinas\/"},"author":{"name":"Reda\u00e7\u00e3o","@id":"https:\/\/ocoerente.com.br\/se\/#\/schema\/person\/cc6bfd9fbca465e23543b0c963d8d037"},"headline":"Edvaldo sanciona lei que assegura ades\u00e3o de Aracaju ao cons\u00f3rcio p\u00fablico para compra de vacinas","datePublished":"2021-03-11T06:34:03+00:00","dateModified":"2021-03-11T06:34:04+00:00","mainEntityOfPage":{"@id":"https:\/\/ocoerente.com.br\/se\/2021\/03\/11\/edvaldo-sanciona-lei-que-assegura-adesao-de-aracaju-ao-consorcio-publico-para-compra-de-vacinas\/"},"wordCount":624,"publisher":{"@id":"https:\/\/ocoerente.com.br\/se\/#\/schema\/person\/cc6bfd9fbca465e23543b0c963d8d037"},"image":{"@id":"https:\/\/ocoerente.com.br\/se\/2021\/03\/11\/edvaldo-sanciona-lei-que-assegura-adesao-de-aracaju-ao-consorcio-publico-para-compra-de-vacinas\/#primaryimage"},"thumbnailUrl":"https:\/\/ocoerente.com.br\/se\/wp-content\/uploads\/2021\/03\/alm6979-scaled.jpg","articleSection":["Destaques","Sa\u00fade"],"inLanguage":"pt-BR"},{"@type":"WebPage","@id":"https:\/\/ocoerente.com.br\/se\/2021\/03\/11\/edvaldo-sanciona-lei-que-assegura-adesao-de-aracaju-ao-consorcio-publico-para-compra-de-vacinas\/","url":"https:\/\/ocoerente.com.br\/se\/2021\/03\/11\/edvaldo-sanciona-lei-que-assegura-adesao-de-aracaju-ao-consorcio-publico-para-compra-de-vacinas\/","name":"Edvaldo sanciona lei que assegura ades\u00e3o de Aracaju ao cons\u00f3rcio p\u00fablico para compra de vacinas - O Coerente","isPartOf":{"@id":"https:\/\/ocoerente.com.br\/se\/#website"},"primaryImageOfPage":{"@id":"https:\/\/ocoerente.com.br\/se\/2021\/03\/11\/edvaldo-sanciona-lei-que-assegura-adesao-de-aracaju-ao-consorcio-publico-para-compra-de-vacinas\/#primaryimage"},"image":{"@id":"https:\/\/ocoerente.com.br\/se\/2021\/03\/11\/edvaldo-sanciona-lei-que-assegura-adesao-de-aracaju-ao-consorcio-publico-para-compra-de-vacinas\/#primaryimage"},"thumbnailUrl":"https:\/\/ocoerente.com.br\/se\/wp-content\/uploads\/2021\/03\/alm6979-scaled.jpg","datePublished":"2021-03-11T06:34:03+00:00","dateModified":"2021-03-11T06:34:04+00:00","breadcrumb":{"@id":"https:\/\/ocoerente.com.br\/se\/2021\/03\/11\/edvaldo-sanciona-lei-que-assegura-adesao-de-aracaju-ao-consorcio-publico-para-compra-de-vacinas\/#breadcrumb"},"inLanguage":"pt-BR","potentialAction":[{"@type":"ReadAction","target":["https:\/\/ocoerente.com.br\/se\/2021\/03\/11\/edvaldo-sanciona-lei-que-assegura-adesao-de-aracaju-ao-consorcio-publico-para-compra-de-vacinas\/"]}]},{"@type":"ImageObject","inLanguage":"pt-BR","@id":"https:\/\/ocoerente.com.br\/se\/2021\/03\/11\/edvaldo-sanciona-lei-que-assegura-adesao-de-aracaju-ao-consorcio-publico-para-compra-de-vacinas\/#primaryimage","url":"https:\/\/ocoerente.com.br\/se\/wp-content\/uploads\/2021\/03\/alm6979-scaled.jpg","contentUrl":"https:\/\/ocoerente.com.br\/se\/wp-content\/uploads\/2021\/03\/alm6979-scaled.jpg","width":2560,"height":1709},{"@type":"BreadcrumbList","@id":"https:\/\/ocoerente.com.br\/se\/2021\/03\/11\/edvaldo-sanciona-lei-que-assegura-adesao-de-aracaju-ao-consorcio-publico-para-compra-de-vacinas\/#breadcrumb","itemListElement":[{"@type":"ListItem","position":1,"name":"In\u00edcio","item":"https:\/\/ocoerente.com.br\/se\/"},{"@type":"ListItem","position":2,"name":"Edvaldo sanciona lei que assegura ades\u00e3o de Aracaju ao cons\u00f3rcio p\u00fablico para compra de vacinas"}]},{"@type":"WebSite","@id":"https:\/\/ocoerente.com.br\/se\/#website","url":"https:\/\/ocoerente.com.br\/se\/","name":"O Coerente","description":"","publisher":{"@id":"https:\/\/ocoerente.com.br\/se\/#\/schema\/person\/cc6bfd9fbca465e23543b0c963d8d037"},"potentialAction":[{"@type":"SearchAction","target":{"@type":"EntryPoint","urlTemplate":"https:\/\/ocoerente.com.br\/se\/?s={search_term_string}"},"query-input":{"@type":"PropertyValueSpecification","valueRequired":true,"valueName":"search_term_string"}}],"inLanguage":"pt-BR"},{"@type":["Person","Organization"],"@id":"https:\/\/ocoerente.com.br\/se\/#\/schema\/person\/cc6bfd9fbca465e23543b0c963d8d037","name":"Reda\u00e7\u00e3o","image":{"@type":"ImageObject","inLanguage":"pt-BR","@id":"https:\/\/ocoerente.com.br\/se\/wp-content\/uploads\/2020\/01\/ocoerente-1.png","url":"https:\/\/ocoerente.com.br\/se\/wp-content\/uploads\/2020\/01\/ocoerente-1.png","contentUrl":"https:\/\/ocoerente.com.br\/se\/wp-content\/uploads\/2020\/01\/ocoerente-1.png","width":50,"height":50,"caption":"Reda\u00e7\u00e3o"},"logo":{"@id":"https:\/\/ocoerente.com.br\/se\/wp-content\/uploads\/2020\/01\/ocoerente-1.png"},"url":"https:\/\/ocoerente.com.br\/se\/author\/vasticlsales\/"}]}},"_links":{"self":[{"href":"https:\/\/ocoerente.com.br\/se\/wp-json\/wp\/v2\/posts\/2833","targetHints":{"allow":["GET"]}}],"collection":[{"href":"https:\/\/ocoerente.com.br\/se\/wp-json\/wp\/v2\/posts"}],"about":[{"href":"https:\/\/ocoerente.com.br\/se\/wp-json\/wp\/v2\/types\/post"}],"author":[{"embeddable":true,"href":"https:\/\/ocoerente.com.br\/se\/wp-json\/wp\/v2\/users\/1"}],"replies":[{"embeddable":true,"href":"https:\/\/ocoerente.com.br\/se\/wp-json\/wp\/v2\/comments?post=2833"}],"version-history":[{"count":1,"href":"https:\/\/ocoerente.com.br\/se\/wp-json\/wp\/v2\/posts\/2833\/revisions"}],"predecessor-version":[{"id":2835,"href":"https:\/\/ocoerente.com.br\/se\/wp-json\/wp\/v2\/posts\/2833\/revisions\/2835"}],"wp:featuredmedia":[{"embeddable":true,"href":"https:\/\/ocoerente.com.br\/se\/wp-json\/wp\/v2\/media\/2834"}],"wp:attachment":[{"href":"https:\/\/ocoerente.com.br\/se\/wp-json\/wp\/v2\/media?parent=2833"}],"wp:term":[{"taxonomy":"category","embeddable":true,"href":"https:\/\/ocoerente.com.br\/se\/wp-json\/wp\/v2\/categories?post=2833"},{"taxonomy":"post_tag","embeddable":true,"href":"https:\/\/ocoerente.com.br\/se\/wp-json\/wp\/v2\/tags?post=2833"}],"curies":[{"name":"wp","href":"https:\/\/api.w.org\/{rel}","templated":true}]}}