{"id":2830,"date":"2021-03-11T03:32:37","date_gmt":"2021-03-11T06:32:37","guid":{"rendered":"https:\/\/ocoerente.com.br\/se\/?p=2830"},"modified":"2021-03-11T03:32:38","modified_gmt":"2021-03-11T06:32:38","slug":"andre-moura-consegue-liberacao-de-radio-comunitaria-dos-radialistas","status":"publish","type":"post","link":"https:\/\/ocoerente.com.br\/se\/2021\/03\/11\/andre-moura-consegue-liberacao-de-radio-comunitaria-dos-radialistas\/","title":{"rendered":"ANDR\u00c9 MOURA CONSEGUE LIBERA\u00c7\u00c3O DE R\u00c1DIO COMUNIT\u00c1RIA DOS RADIALISTAS"},"content":{"rendered":"\n<p>Secretaria Geral da Presid\u00eancia da Rep\u00fablica j\u00e1 ratificou a solicita\u00e7\u00e3o e processo ser\u00e1 enviado para o Congresso Nacional<\/p>\n\n\n\n<p>Na manh\u00e3 desta quarta-feira (10), Andr\u00e9 Moura esteve em uma audi\u00eancia com o secret\u00e1rio de Radiodifus\u00e3o do Minist\u00e9rio das Comunica\u00e7\u00f5es, Maximiliano Salvadori Martinh\u00e3o, para tratar da R\u00e1dio Comunit\u00e1ria do Sindicato dos Radialistas do estado de Sergipe (Sterts), Imprensa FM.<\/p>\n\n\n\n<p>Andr\u00e9 Moura havia solicitado \u00e0 Secretaria Geral da Presid\u00eancia da Rep\u00fablica e esta j\u00e1 ratificou a solicita\u00e7\u00e3o junto \u00e0 Subchefia de An\u00e1lise e Acompanhamento de Pol\u00edticas Governamentais da Casa Civil para que o processo seja enviado ao Congresso Nacional. O secret\u00e1rio Maximiliano apoiou o pedido e disse que dar\u00e1 andamento ao processo.<\/p>\n\n\n\n<p>O diretor Geral do Sterts, Fernando Cabral, salientou que o sindicato est\u00e1 bastante satisfeito com os resultados obtidos. \u201cAtendendo ao nosso pedido, Andr\u00e9 Moura se tornou interlocutor da categoria e n\u00e3o apenas interp\u00f4s o pedido junto \u00e0 Presid\u00eancia da Rep\u00fablica, mas tamb\u00e9m acompanha o processo de libera\u00e7\u00e3o do canal para a r\u00e1dio, que ser\u00e1 de extrema import\u00e2ncia n\u00e3o apenas para n\u00f3s, profissionais, mas para a sociedade como um todo\u201d.<\/p>\n\n\n\n<p>Radialista &#8211; O ex-deputado federal \u00e9 radialista e sempre atuou em defesa de sua profiss\u00e3o, sendo autor do PL 3982\/12 que fixa o piso salarial nacional dos radialistas com jornada de trabalho de 30 horas semanais, reajustado anualmente pelo \u00cdndice Nacional de Pre\u00e7os ao Consumidor, aprovado pela C\u00e2mara dos Deputados em junho de 2015; do PL 458\/2015 para dispor sobre a identidade profissional de Radialistas, ambos aguardam aprecia\u00e7\u00e3o pelo Senado e do PLC 323\/2013 que trata da aposentadoria especial para Radialistas.<\/p>\n\n\n\n<p>AssCom\/AM<\/p>\n","protected":false},"excerpt":{"rendered":"<p>Secretaria Geral da Presid\u00eancia da Rep\u00fablica j\u00e1 ratificou a solicita\u00e7\u00e3o e processo ser\u00e1 enviado para o Congresso Nacional Na manh\u00e3 desta quarta-feira (10), Andr\u00e9 Moura esteve em uma audi\u00eancia com o secret\u00e1rio de Radiodifus\u00e3o do Minist\u00e9rio das Comunica\u00e7\u00f5es, Maximiliano Salvadori Martinh\u00e3o, para tratar da R\u00e1dio Comunit\u00e1ria do Sindicato dos Radialistas do estado de Sergipe (Sterts), [&hellip;]<\/p>\n","protected":false},"author":1,"featured_media":2831,"comment_status":"closed","ping_status":"closed","sticky":false,"template":"","format":"standard","meta":{"footnotes":""},"categories":[56,53],"tags":[],"class_list":["post-2830","post","type-post","status-publish","format-standard","has-post-thumbnail","hentry","category-ciencia-tecnologia","category-destaques"],"yoast_head":"<!-- This site is optimized with the Yoast SEO plugin v27.4 - https:\/\/yoast.com\/product\/yoast-seo-wordpress\/ -->\n<title>ANDR\u00c9 MOURA CONSEGUE LIBERA\u00c7\u00c3O DE R\u00c1DIO COMUNIT\u00c1RIA DOS RADIALISTAS - O Coerente<\/title>\n<meta name=\"robots\" content=\"index, follow, max-snippet:-1, max-image-preview:large, max-video-preview:-1\" \/>\n<link rel=\"canonical\" href=\"https:\/\/ocoerente.com.br\/se\/2021\/03\/11\/andre-moura-consegue-liberacao-de-radio-comunitaria-dos-radialistas\/\" \/>\n<meta property=\"og:locale\" content=\"pt_BR\" \/>\n<meta property=\"og:type\" content=\"article\" \/>\n<meta property=\"og:title\" content=\"ANDR\u00c9 MOURA CONSEGUE LIBERA\u00c7\u00c3O DE R\u00c1DIO COMUNIT\u00c1RIA DOS RADIALISTAS - O Coerente\" \/>\n<meta property=\"og:description\" content=\"Secretaria Geral da Presid\u00eancia da Rep\u00fablica j\u00e1 ratificou a solicita\u00e7\u00e3o e processo ser\u00e1 enviado para o Congresso Nacional Na manh\u00e3 desta quarta-feira (10), Andr\u00e9 Moura esteve em uma audi\u00eancia com o secret\u00e1rio de Radiodifus\u00e3o do Minist\u00e9rio das Comunica\u00e7\u00f5es, Maximiliano Salvadori Martinh\u00e3o, para tratar da R\u00e1dio Comunit\u00e1ria do Sindicato dos Radialistas do estado de Sergipe (Sterts), [&hellip;]\" \/>\n<meta property=\"og:url\" content=\"https:\/\/ocoerente.com.br\/se\/2021\/03\/11\/andre-moura-consegue-liberacao-de-radio-comunitaria-dos-radialistas\/\" \/>\n<meta property=\"og:site_name\" content=\"O Coerente\" \/>\n<meta property=\"article:published_time\" content=\"2021-03-11T06:32:37+00:00\" \/>\n<meta property=\"article:modified_time\" content=\"2021-03-11T06:32:38+00:00\" \/>\n<meta property=\"og:image\" content=\"https:\/\/ocoerente.com.br\/se\/wp-content\/uploads\/2021\/03\/andremouraradio.jpg\" \/>\n\t<meta property=\"og:image:width\" content=\"610\" \/>\n\t<meta property=\"og:image:height\" content=\"472\" \/>\n\t<meta property=\"og:image:type\" content=\"image\/jpeg\" \/>\n<meta name=\"author\" content=\"Reda\u00e7\u00e3o\" \/>\n<meta name=\"twitter:card\" content=\"summary_large_image\" \/>\n<meta name=\"twitter:label1\" content=\"Escrito por\" \/>\n\t<meta name=\"twitter:data1\" content=\"Reda\u00e7\u00e3o\" \/>\n\t<meta name=\"twitter:label2\" content=\"Est. tempo de leitura\" \/>\n\t<meta name=\"twitter:data2\" content=\"2 minutos\" \/>\n<script type=\"application\/ld+json\" class=\"yoast-schema-graph\">{\"@context\":\"https:\\\/\\\/schema.org\",\"@graph\":[{\"@type\":\"Article\",\"@id\":\"https:\\\/\\\/ocoerente.com.br\\\/se\\\/2021\\\/03\\\/11\\\/andre-moura-consegue-liberacao-de-radio-comunitaria-dos-radialistas\\\/#article\",\"isPartOf\":{\"@id\":\"https:\\\/\\\/ocoerente.com.br\\\/se\\\/2021\\\/03\\\/11\\\/andre-moura-consegue-liberacao-de-radio-comunitaria-dos-radialistas\\\/\"},\"author\":{\"name\":\"Reda\u00e7\u00e3o\",\"@id\":\"https:\\\/\\\/ocoerente.com.br\\\/se\\\/#\\\/schema\\\/person\\\/cc6bfd9fbca465e23543b0c963d8d037\"},\"headline\":\"ANDR\u00c9 MOURA CONSEGUE LIBERA\u00c7\u00c3O DE R\u00c1DIO COMUNIT\u00c1RIA DOS RADIALISTAS\",\"datePublished\":\"2021-03-11T06:32:37+00:00\",\"dateModified\":\"2021-03-11T06:32:38+00:00\",\"mainEntityOfPage\":{\"@id\":\"https:\\\/\\\/ocoerente.com.br\\\/se\\\/2021\\\/03\\\/11\\\/andre-moura-consegue-liberacao-de-radio-comunitaria-dos-radialistas\\\/\"},\"wordCount\":294,\"publisher\":{\"@id\":\"https:\\\/\\\/ocoerente.com.br\\\/se\\\/#\\\/schema\\\/person\\\/cc6bfd9fbca465e23543b0c963d8d037\"},\"image\":{\"@id\":\"https:\\\/\\\/ocoerente.com.br\\\/se\\\/2021\\\/03\\\/11\\\/andre-moura-consegue-liberacao-de-radio-comunitaria-dos-radialistas\\\/#primaryimage\"},\"thumbnailUrl\":\"https:\\\/\\\/ocoerente.com.br\\\/se\\\/wp-content\\\/uploads\\\/2021\\\/03\\\/andremouraradio.jpg\",\"articleSection\":[\"Ci\u00eancia e Tecnologia\",\"Destaques\"],\"inLanguage\":\"pt-BR\"},{\"@type\":\"WebPage\",\"@id\":\"https:\\\/\\\/ocoerente.com.br\\\/se\\\/2021\\\/03\\\/11\\\/andre-moura-consegue-liberacao-de-radio-comunitaria-dos-radialistas\\\/\",\"url\":\"https:\\\/\\\/ocoerente.com.br\\\/se\\\/2021\\\/03\\\/11\\\/andre-moura-consegue-liberacao-de-radio-comunitaria-dos-radialistas\\\/\",\"name\":\"ANDR\u00c9 MOURA CONSEGUE LIBERA\u00c7\u00c3O DE R\u00c1DIO COMUNIT\u00c1RIA DOS RADIALISTAS - O Coerente\",\"isPartOf\":{\"@id\":\"https:\\\/\\\/ocoerente.com.br\\\/se\\\/#website\"},\"primaryImageOfPage\":{\"@id\":\"https:\\\/\\\/ocoerente.com.br\\\/se\\\/2021\\\/03\\\/11\\\/andre-moura-consegue-liberacao-de-radio-comunitaria-dos-radialistas\\\/#primaryimage\"},\"image\":{\"@id\":\"https:\\\/\\\/ocoerente.com.br\\\/se\\\/2021\\\/03\\\/11\\\/andre-moura-consegue-liberacao-de-radio-comunitaria-dos-radialistas\\\/#primaryimage\"},\"thumbnailUrl\":\"https:\\\/\\\/ocoerente.com.br\\\/se\\\/wp-content\\\/uploads\\\/2021\\\/03\\\/andremouraradio.jpg\",\"datePublished\":\"2021-03-11T06:32:37+00:00\",\"dateModified\":\"2021-03-11T06:32:38+00:00\",\"breadcrumb\":{\"@id\":\"https:\\\/\\\/ocoerente.com.br\\\/se\\\/2021\\\/03\\\/11\\\/andre-moura-consegue-liberacao-de-radio-comunitaria-dos-radialistas\\\/#breadcrumb\"},\"inLanguage\":\"pt-BR\",\"potentialAction\":[{\"@type\":\"ReadAction\",\"target\":[\"https:\\\/\\\/ocoerente.com.br\\\/se\\\/2021\\\/03\\\/11\\\/andre-moura-consegue-liberacao-de-radio-comunitaria-dos-radialistas\\\/\"]}]},{\"@type\":\"ImageObject\",\"inLanguage\":\"pt-BR\",\"@id\":\"https:\\\/\\\/ocoerente.com.br\\\/se\\\/2021\\\/03\\\/11\\\/andre-moura-consegue-liberacao-de-radio-comunitaria-dos-radialistas\\\/#primaryimage\",\"url\":\"https:\\\/\\\/ocoerente.com.br\\\/se\\\/wp-content\\\/uploads\\\/2021\\\/03\\\/andremouraradio.jpg\",\"contentUrl\":\"https:\\\/\\\/ocoerente.com.br\\\/se\\\/wp-content\\\/uploads\\\/2021\\\/03\\\/andremouraradio.jpg\",\"width\":610,\"height\":472},{\"@type\":\"BreadcrumbList\",\"@id\":\"https:\\\/\\\/ocoerente.com.br\\\/se\\\/2021\\\/03\\\/11\\\/andre-moura-consegue-liberacao-de-radio-comunitaria-dos-radialistas\\\/#breadcrumb\",\"itemListElement\":[{\"@type\":\"ListItem\",\"position\":1,\"name\":\"In\u00edcio\",\"item\":\"https:\\\/\\\/ocoerente.com.br\\\/se\\\/\"},{\"@type\":\"ListItem\",\"position\":2,\"name\":\"ANDR\u00c9 MOURA CONSEGUE LIBERA\u00c7\u00c3O DE R\u00c1DIO COMUNIT\u00c1RIA DOS RADIALISTAS\"}]},{\"@type\":\"WebSite\",\"@id\":\"https:\\\/\\\/ocoerente.com.br\\\/se\\\/#website\",\"url\":\"https:\\\/\\\/ocoerente.com.br\\\/se\\\/\",\"name\":\"O Coerente\",\"description\":\"\",\"publisher\":{\"@id\":\"https:\\\/\\\/ocoerente.com.br\\\/se\\\/#\\\/schema\\\/person\\\/cc6bfd9fbca465e23543b0c963d8d037\"},\"potentialAction\":[{\"@type\":\"SearchAction\",\"target\":{\"@type\":\"EntryPoint\",\"urlTemplate\":\"https:\\\/\\\/ocoerente.com.br\\\/se\\\/?s={search_term_string}\"},\"query-input\":{\"@type\":\"PropertyValueSpecification\",\"valueRequired\":true,\"valueName\":\"search_term_string\"}}],\"inLanguage\":\"pt-BR\"},{\"@type\":[\"Person\",\"Organization\"],\"@id\":\"https:\\\/\\\/ocoerente.com.br\\\/se\\\/#\\\/schema\\\/person\\\/cc6bfd9fbca465e23543b0c963d8d037\",\"name\":\"Reda\u00e7\u00e3o\",\"image\":{\"@type\":\"ImageObject\",\"inLanguage\":\"pt-BR\",\"@id\":\"https:\\\/\\\/ocoerente.com.br\\\/se\\\/wp-content\\\/uploads\\\/2020\\\/01\\\/ocoerente-1.png\",\"url\":\"https:\\\/\\\/ocoerente.com.br\\\/se\\\/wp-content\\\/uploads\\\/2020\\\/01\\\/ocoerente-1.png\",\"contentUrl\":\"https:\\\/\\\/ocoerente.com.br\\\/se\\\/wp-content\\\/uploads\\\/2020\\\/01\\\/ocoerente-1.png\",\"width\":50,\"height\":50,\"caption\":\"Reda\u00e7\u00e3o\"},\"logo\":{\"@id\":\"https:\\\/\\\/ocoerente.com.br\\\/se\\\/wp-content\\\/uploads\\\/2020\\\/01\\\/ocoerente-1.png\"},\"url\":\"https:\\\/\\\/ocoerente.com.br\\\/se\\\/author\\\/vasticlsales\\\/\"}]}<\/script>\n<!-- \/ Yoast SEO plugin. -->","yoast_head_json":{"title":"ANDR\u00c9 MOURA CONSEGUE LIBERA\u00c7\u00c3O DE R\u00c1DIO COMUNIT\u00c1RIA DOS RADIALISTAS - O Coerente","robots":{"index":"index","follow":"follow","max-snippet":"max-snippet:-1","max-image-preview":"max-image-preview:large","max-video-preview":"max-video-preview:-1"},"canonical":"https:\/\/ocoerente.com.br\/se\/2021\/03\/11\/andre-moura-consegue-liberacao-de-radio-comunitaria-dos-radialistas\/","og_locale":"pt_BR","og_type":"article","og_title":"ANDR\u00c9 MOURA CONSEGUE LIBERA\u00c7\u00c3O DE R\u00c1DIO COMUNIT\u00c1RIA DOS RADIALISTAS - O Coerente","og_description":"Secretaria Geral da Presid\u00eancia da Rep\u00fablica j\u00e1 ratificou a solicita\u00e7\u00e3o e processo ser\u00e1 enviado para o Congresso Nacional Na manh\u00e3 desta quarta-feira (10), Andr\u00e9 Moura esteve em uma audi\u00eancia com o secret\u00e1rio de Radiodifus\u00e3o do Minist\u00e9rio das Comunica\u00e7\u00f5es, Maximiliano Salvadori Martinh\u00e3o, para tratar da R\u00e1dio Comunit\u00e1ria do Sindicato dos Radialistas do estado de Sergipe (Sterts), [&hellip;]","og_url":"https:\/\/ocoerente.com.br\/se\/2021\/03\/11\/andre-moura-consegue-liberacao-de-radio-comunitaria-dos-radialistas\/","og_site_name":"O Coerente","article_published_time":"2021-03-11T06:32:37+00:00","article_modified_time":"2021-03-11T06:32:38+00:00","og_image":[{"width":610,"height":472,"url":"https:\/\/ocoerente.com.br\/se\/wp-content\/uploads\/2021\/03\/andremouraradio.jpg","type":"image\/jpeg"}],"author":"Reda\u00e7\u00e3o","twitter_card":"summary_large_image","twitter_misc":{"Escrito por":"Reda\u00e7\u00e3o","Est. tempo de leitura":"2 minutos"},"schema":{"@context":"https:\/\/schema.org","@graph":[{"@type":"Article","@id":"https:\/\/ocoerente.com.br\/se\/2021\/03\/11\/andre-moura-consegue-liberacao-de-radio-comunitaria-dos-radialistas\/#article","isPartOf":{"@id":"https:\/\/ocoerente.com.br\/se\/2021\/03\/11\/andre-moura-consegue-liberacao-de-radio-comunitaria-dos-radialistas\/"},"author":{"name":"Reda\u00e7\u00e3o","@id":"https:\/\/ocoerente.com.br\/se\/#\/schema\/person\/cc6bfd9fbca465e23543b0c963d8d037"},"headline":"ANDR\u00c9 MOURA CONSEGUE LIBERA\u00c7\u00c3O DE R\u00c1DIO COMUNIT\u00c1RIA DOS RADIALISTAS","datePublished":"2021-03-11T06:32:37+00:00","dateModified":"2021-03-11T06:32:38+00:00","mainEntityOfPage":{"@id":"https:\/\/ocoerente.com.br\/se\/2021\/03\/11\/andre-moura-consegue-liberacao-de-radio-comunitaria-dos-radialistas\/"},"wordCount":294,"publisher":{"@id":"https:\/\/ocoerente.com.br\/se\/#\/schema\/person\/cc6bfd9fbca465e23543b0c963d8d037"},"image":{"@id":"https:\/\/ocoerente.com.br\/se\/2021\/03\/11\/andre-moura-consegue-liberacao-de-radio-comunitaria-dos-radialistas\/#primaryimage"},"thumbnailUrl":"https:\/\/ocoerente.com.br\/se\/wp-content\/uploads\/2021\/03\/andremouraradio.jpg","articleSection":["Ci\u00eancia e Tecnologia","Destaques"],"inLanguage":"pt-BR"},{"@type":"WebPage","@id":"https:\/\/ocoerente.com.br\/se\/2021\/03\/11\/andre-moura-consegue-liberacao-de-radio-comunitaria-dos-radialistas\/","url":"https:\/\/ocoerente.com.br\/se\/2021\/03\/11\/andre-moura-consegue-liberacao-de-radio-comunitaria-dos-radialistas\/","name":"ANDR\u00c9 MOURA CONSEGUE LIBERA\u00c7\u00c3O DE R\u00c1DIO COMUNIT\u00c1RIA DOS RADIALISTAS - O Coerente","isPartOf":{"@id":"https:\/\/ocoerente.com.br\/se\/#website"},"primaryImageOfPage":{"@id":"https:\/\/ocoerente.com.br\/se\/2021\/03\/11\/andre-moura-consegue-liberacao-de-radio-comunitaria-dos-radialistas\/#primaryimage"},"image":{"@id":"https:\/\/ocoerente.com.br\/se\/2021\/03\/11\/andre-moura-consegue-liberacao-de-radio-comunitaria-dos-radialistas\/#primaryimage"},"thumbnailUrl":"https:\/\/ocoerente.com.br\/se\/wp-content\/uploads\/2021\/03\/andremouraradio.jpg","datePublished":"2021-03-11T06:32:37+00:00","dateModified":"2021-03-11T06:32:38+00:00","breadcrumb":{"@id":"https:\/\/ocoerente.com.br\/se\/2021\/03\/11\/andre-moura-consegue-liberacao-de-radio-comunitaria-dos-radialistas\/#breadcrumb"},"inLanguage":"pt-BR","potentialAction":[{"@type":"ReadAction","target":["https:\/\/ocoerente.com.br\/se\/2021\/03\/11\/andre-moura-consegue-liberacao-de-radio-comunitaria-dos-radialistas\/"]}]},{"@type":"ImageObject","inLanguage":"pt-BR","@id":"https:\/\/ocoerente.com.br\/se\/2021\/03\/11\/andre-moura-consegue-liberacao-de-radio-comunitaria-dos-radialistas\/#primaryimage","url":"https:\/\/ocoerente.com.br\/se\/wp-content\/uploads\/2021\/03\/andremouraradio.jpg","contentUrl":"https:\/\/ocoerente.com.br\/se\/wp-content\/uploads\/2021\/03\/andremouraradio.jpg","width":610,"height":472},{"@type":"BreadcrumbList","@id":"https:\/\/ocoerente.com.br\/se\/2021\/03\/11\/andre-moura-consegue-liberacao-de-radio-comunitaria-dos-radialistas\/#breadcrumb","itemListElement":[{"@type":"ListItem","position":1,"name":"In\u00edcio","item":"https:\/\/ocoerente.com.br\/se\/"},{"@type":"ListItem","position":2,"name":"ANDR\u00c9 MOURA CONSEGUE LIBERA\u00c7\u00c3O DE R\u00c1DIO COMUNIT\u00c1RIA DOS RADIALISTAS"}]},{"@type":"WebSite","@id":"https:\/\/ocoerente.com.br\/se\/#website","url":"https:\/\/ocoerente.com.br\/se\/","name":"O Coerente","description":"","publisher":{"@id":"https:\/\/ocoerente.com.br\/se\/#\/schema\/person\/cc6bfd9fbca465e23543b0c963d8d037"},"potentialAction":[{"@type":"SearchAction","target":{"@type":"EntryPoint","urlTemplate":"https:\/\/ocoerente.com.br\/se\/?s={search_term_string}"},"query-input":{"@type":"PropertyValueSpecification","valueRequired":true,"valueName":"search_term_string"}}],"inLanguage":"pt-BR"},{"@type":["Person","Organization"],"@id":"https:\/\/ocoerente.com.br\/se\/#\/schema\/person\/cc6bfd9fbca465e23543b0c963d8d037","name":"Reda\u00e7\u00e3o","image":{"@type":"ImageObject","inLanguage":"pt-BR","@id":"https:\/\/ocoerente.com.br\/se\/wp-content\/uploads\/2020\/01\/ocoerente-1.png","url":"https:\/\/ocoerente.com.br\/se\/wp-content\/uploads\/2020\/01\/ocoerente-1.png","contentUrl":"https:\/\/ocoerente.com.br\/se\/wp-content\/uploads\/2020\/01\/ocoerente-1.png","width":50,"height":50,"caption":"Reda\u00e7\u00e3o"},"logo":{"@id":"https:\/\/ocoerente.com.br\/se\/wp-content\/uploads\/2020\/01\/ocoerente-1.png"},"url":"https:\/\/ocoerente.com.br\/se\/author\/vasticlsales\/"}]}},"_links":{"self":[{"href":"https:\/\/ocoerente.com.br\/se\/wp-json\/wp\/v2\/posts\/2830","targetHints":{"allow":["GET"]}}],"collection":[{"href":"https:\/\/ocoerente.com.br\/se\/wp-json\/wp\/v2\/posts"}],"about":[{"href":"https:\/\/ocoerente.com.br\/se\/wp-json\/wp\/v2\/types\/post"}],"author":[{"embeddable":true,"href":"https:\/\/ocoerente.com.br\/se\/wp-json\/wp\/v2\/users\/1"}],"replies":[{"embeddable":true,"href":"https:\/\/ocoerente.com.br\/se\/wp-json\/wp\/v2\/comments?post=2830"}],"version-history":[{"count":1,"href":"https:\/\/ocoerente.com.br\/se\/wp-json\/wp\/v2\/posts\/2830\/revisions"}],"predecessor-version":[{"id":2832,"href":"https:\/\/ocoerente.com.br\/se\/wp-json\/wp\/v2\/posts\/2830\/revisions\/2832"}],"wp:featuredmedia":[{"embeddable":true,"href":"https:\/\/ocoerente.com.br\/se\/wp-json\/wp\/v2\/media\/2831"}],"wp:attachment":[{"href":"https:\/\/ocoerente.com.br\/se\/wp-json\/wp\/v2\/media?parent=2830"}],"wp:term":[{"taxonomy":"category","embeddable":true,"href":"https:\/\/ocoerente.com.br\/se\/wp-json\/wp\/v2\/categories?post=2830"},{"taxonomy":"post_tag","embeddable":true,"href":"https:\/\/ocoerente.com.br\/se\/wp-json\/wp\/v2\/tags?post=2830"}],"curies":[{"name":"wp","href":"https:\/\/api.w.org\/{rel}","templated":true}]}}