{"id":2821,"date":"2021-03-11T03:26:54","date_gmt":"2021-03-11T06:26:54","guid":{"rendered":"https:\/\/ocoerente.com.br\/se\/?p=2821"},"modified":"2021-03-11T03:29:49","modified_gmt":"2021-03-11T06:29:49","slug":"fabio-henrique-e-a-favor-do-auxilio-emergencial-de-r-60000","status":"publish","type":"post","link":"https:\/\/ocoerente.com.br\/se\/2021\/03\/11\/fabio-henrique-e-a-favor-do-auxilio-emergencial-de-r-60000\/","title":{"rendered":"F\u00e1bio Henrique \u00e9 a favor do Aux\u00edlio Emergencial de R$ 600,00"},"content":{"rendered":"\n<p>Uma nova batalha est\u00e1 sendo travada no Congresso Nacional. A PEC 186\/2019, que est\u00e1 em tramita\u00e7\u00e3o na C\u00e2mara Federal, reduz o Aux\u00edlio Emergencial ao valor m\u00e1ximo de R$ 250,00, retira mais de 30 milh\u00f5es de benefici\u00e1rios; al\u00e9m de congelar os sal\u00e1rios, pro\u00edbe progress\u00e3o da carreira e promo\u00e7\u00f5es de servidores p\u00fablicos por 15 anos. O deputado Federal F\u00e1bio Henrique (PDT) defende o Aux\u00edlio Emergencial de R$ 600,00 e afirma que essa PEC provocar\u00e1 o desmonte do servi\u00e7o p\u00fablico brasileiro.<\/p>\n\n\n\n<p>\u201cEst\u00e3o utilizando o discurso falacioso do Aux\u00edlio Emergencial para penalizar os servidores p\u00fablicos municipais, estaduais e federais. O Governo n\u00e3o precisa enviar uma proposta de altera\u00e7\u00e3o da Constitui\u00e7\u00e3o para aprovar o Aux\u00edlio Emergencial, pode faz\u00ea-lo por Medida Provis\u00f3ria como fez das outras vezes. Essa PEC limita o valor de R$ 44 bilh\u00f5es para gastar com Aux\u00edlio, que permitir\u00e1 o pagamento m\u00e1ximo de R$ 250,00 e retira em torno de 30 milh\u00f5es de brasileiros do benef\u00edcio\u201d, declarou o deputado pedetista.<\/p>\n\n\n\n<p>F\u00e1bio Henrique apresentou o Projeto de Lei 5514\/20 que define o retorno do Aux\u00edlio Emergencial no valor de R$ 600,00, enquanto durar a Pandemia, e que ainda n\u00e3o foi colocado para avalia\u00e7\u00e3o. Mas o deputado chama a aten\u00e7\u00e3o dos sindicatos porque a PEC 186 destr\u00f3i a carreira do servi\u00e7o p\u00fablico.<\/p>\n\n\n\n<p>\u201cO Governo colocou a quest\u00e3o do Aux\u00edlio Emergencial para agradar ao mercado e destruir a carreira dos servidores. Essa PEC \u00e9 uma minirreforma administrativa e coloca que os servidores p\u00fablicos devem passar 15 anos sem reajuste, nem da infla\u00e7\u00e3o, dos que ganham mais aos cargos mais simples; e que devem ficar por esse per\u00edodo sem direito \u00e0 progress\u00e3o na carreira\u201d, explicou F\u00e1bio Henrique.<\/p>\n\n\n\n<p>O deputado lembrou que estamos vivendo o momento em que profissionais da sa\u00fade est\u00e3o morrendo para salvar vidas. \u201c\u00c9 justo retribuirmos a eles impedindo-os \u00e0 progress\u00e3o por 15 anos? Tamb\u00e9m falo para os professores, policiais e diversos profissionais que est\u00e3o nas ruas trabalhando, \u00e9 justo voc\u00eas ficarem 15 anos sem reajuste, sem promo\u00e7\u00e3o na carreira?\u201d, questionou o sergipano.<\/p>\n\n\n\n<figure class=\"wp-block-video\"><video height=\"256\" style=\"aspect-ratio: 480 \/ 256;\" width=\"480\" controls src=\"https:\/\/ocoerente.com.br\/se\/wp-content\/uploads\/2021\/03\/fabioauxilio.mp4\"><\/video><\/figure>\n","protected":false},"excerpt":{"rendered":"<p>Uma nova batalha est\u00e1 sendo travada no Congresso Nacional. A PEC 186\/2019, que est\u00e1 em tramita\u00e7\u00e3o na C\u00e2mara Federal, reduz o Aux\u00edlio Emergencial ao valor m\u00e1ximo de R$ 250,00, retira mais de 30 milh\u00f5es de benefici\u00e1rios; al\u00e9m de congelar os sal\u00e1rios, pro\u00edbe progress\u00e3o da carreira e promo\u00e7\u00f5es de servidores p\u00fablicos por 15 anos. O deputado [&hellip;]<\/p>\n","protected":false},"author":1,"featured_media":2827,"comment_status":"closed","ping_status":"closed","sticky":false,"template":"","format":"standard","meta":{"footnotes":""},"categories":[48,53],"tags":[],"class_list":["post-2821","post","type-post","status-publish","format-standard","has-post-thumbnail","hentry","category-brasil","category-destaques"],"yoast_head":"<!-- This site is optimized with the Yoast SEO plugin v27.4 - https:\/\/yoast.com\/product\/yoast-seo-wordpress\/ -->\n<title>F\u00e1bio Henrique \u00e9 a favor do Aux\u00edlio Emergencial de R$ 600,00 - O Coerente<\/title>\n<meta name=\"robots\" content=\"index, follow, max-snippet:-1, max-image-preview:large, max-video-preview:-1\" \/>\n<link rel=\"canonical\" href=\"https:\/\/ocoerente.com.br\/se\/2021\/03\/11\/fabio-henrique-e-a-favor-do-auxilio-emergencial-de-r-60000\/\" \/>\n<meta property=\"og:locale\" content=\"pt_BR\" \/>\n<meta property=\"og:type\" content=\"article\" \/>\n<meta property=\"og:title\" content=\"F\u00e1bio Henrique \u00e9 a favor do Aux\u00edlio Emergencial de R$ 600,00 - O Coerente\" \/>\n<meta property=\"og:description\" content=\"Uma nova batalha est\u00e1 sendo travada no Congresso Nacional. A PEC 186\/2019, que est\u00e1 em tramita\u00e7\u00e3o na C\u00e2mara Federal, reduz o Aux\u00edlio Emergencial ao valor m\u00e1ximo de R$ 250,00, retira mais de 30 milh\u00f5es de benefici\u00e1rios; al\u00e9m de congelar os sal\u00e1rios, pro\u00edbe progress\u00e3o da carreira e promo\u00e7\u00f5es de servidores p\u00fablicos por 15 anos. O deputado [&hellip;]\" \/>\n<meta property=\"og:url\" content=\"https:\/\/ocoerente.com.br\/se\/2021\/03\/11\/fabio-henrique-e-a-favor-do-auxilio-emergencial-de-r-60000\/\" \/>\n<meta property=\"og:site_name\" content=\"O Coerente\" \/>\n<meta property=\"article:published_time\" content=\"2021-03-11T06:26:54+00:00\" \/>\n<meta property=\"article:modified_time\" content=\"2021-03-11T06:29:49+00:00\" \/>\n<meta property=\"og:image\" content=\"https:\/\/ocoerente.com.br\/se\/wp-content\/uploads\/2021\/03\/fabioauxi.jpg\" \/>\n\t<meta property=\"og:image:width\" content=\"473\" \/>\n\t<meta property=\"og:image:height\" content=\"254\" \/>\n\t<meta property=\"og:image:type\" content=\"image\/jpeg\" \/>\n<meta name=\"author\" content=\"Reda\u00e7\u00e3o\" \/>\n<meta name=\"twitter:card\" content=\"summary_large_image\" \/>\n<meta name=\"twitter:label1\" content=\"Escrito por\" \/>\n\t<meta name=\"twitter:data1\" content=\"Reda\u00e7\u00e3o\" \/>\n\t<meta name=\"twitter:label2\" content=\"Est. tempo de leitura\" \/>\n\t<meta name=\"twitter:data2\" content=\"2 minutos\" \/>\n<script type=\"application\/ld+json\" class=\"yoast-schema-graph\">{\"@context\":\"https:\\\/\\\/schema.org\",\"@graph\":[{\"@type\":\"Article\",\"@id\":\"https:\\\/\\\/ocoerente.com.br\\\/se\\\/2021\\\/03\\\/11\\\/fabio-henrique-e-a-favor-do-auxilio-emergencial-de-r-60000\\\/#article\",\"isPartOf\":{\"@id\":\"https:\\\/\\\/ocoerente.com.br\\\/se\\\/2021\\\/03\\\/11\\\/fabio-henrique-e-a-favor-do-auxilio-emergencial-de-r-60000\\\/\"},\"author\":{\"name\":\"Reda\u00e7\u00e3o\",\"@id\":\"https:\\\/\\\/ocoerente.com.br\\\/se\\\/#\\\/schema\\\/person\\\/cc6bfd9fbca465e23543b0c963d8d037\"},\"headline\":\"F\u00e1bio Henrique \u00e9 a favor do Aux\u00edlio Emergencial de R$ 600,00\",\"datePublished\":\"2021-03-11T06:26:54+00:00\",\"dateModified\":\"2021-03-11T06:29:49+00:00\",\"mainEntityOfPage\":{\"@id\":\"https:\\\/\\\/ocoerente.com.br\\\/se\\\/2021\\\/03\\\/11\\\/fabio-henrique-e-a-favor-do-auxilio-emergencial-de-r-60000\\\/\"},\"wordCount\":372,\"publisher\":{\"@id\":\"https:\\\/\\\/ocoerente.com.br\\\/se\\\/#\\\/schema\\\/person\\\/cc6bfd9fbca465e23543b0c963d8d037\"},\"image\":{\"@id\":\"https:\\\/\\\/ocoerente.com.br\\\/se\\\/2021\\\/03\\\/11\\\/fabio-henrique-e-a-favor-do-auxilio-emergencial-de-r-60000\\\/#primaryimage\"},\"thumbnailUrl\":\"https:\\\/\\\/ocoerente.com.br\\\/se\\\/wp-content\\\/uploads\\\/2021\\\/03\\\/fabioauxi.jpg\",\"articleSection\":[\"Brasil\",\"Destaques\"],\"inLanguage\":\"pt-BR\"},{\"@type\":\"WebPage\",\"@id\":\"https:\\\/\\\/ocoerente.com.br\\\/se\\\/2021\\\/03\\\/11\\\/fabio-henrique-e-a-favor-do-auxilio-emergencial-de-r-60000\\\/\",\"url\":\"https:\\\/\\\/ocoerente.com.br\\\/se\\\/2021\\\/03\\\/11\\\/fabio-henrique-e-a-favor-do-auxilio-emergencial-de-r-60000\\\/\",\"name\":\"F\u00e1bio Henrique \u00e9 a favor do Aux\u00edlio Emergencial de R$ 600,00 - O Coerente\",\"isPartOf\":{\"@id\":\"https:\\\/\\\/ocoerente.com.br\\\/se\\\/#website\"},\"primaryImageOfPage\":{\"@id\":\"https:\\\/\\\/ocoerente.com.br\\\/se\\\/2021\\\/03\\\/11\\\/fabio-henrique-e-a-favor-do-auxilio-emergencial-de-r-60000\\\/#primaryimage\"},\"image\":{\"@id\":\"https:\\\/\\\/ocoerente.com.br\\\/se\\\/2021\\\/03\\\/11\\\/fabio-henrique-e-a-favor-do-auxilio-emergencial-de-r-60000\\\/#primaryimage\"},\"thumbnailUrl\":\"https:\\\/\\\/ocoerente.com.br\\\/se\\\/wp-content\\\/uploads\\\/2021\\\/03\\\/fabioauxi.jpg\",\"datePublished\":\"2021-03-11T06:26:54+00:00\",\"dateModified\":\"2021-03-11T06:29:49+00:00\",\"breadcrumb\":{\"@id\":\"https:\\\/\\\/ocoerente.com.br\\\/se\\\/2021\\\/03\\\/11\\\/fabio-henrique-e-a-favor-do-auxilio-emergencial-de-r-60000\\\/#breadcrumb\"},\"inLanguage\":\"pt-BR\",\"potentialAction\":[{\"@type\":\"ReadAction\",\"target\":[\"https:\\\/\\\/ocoerente.com.br\\\/se\\\/2021\\\/03\\\/11\\\/fabio-henrique-e-a-favor-do-auxilio-emergencial-de-r-60000\\\/\"]}]},{\"@type\":\"ImageObject\",\"inLanguage\":\"pt-BR\",\"@id\":\"https:\\\/\\\/ocoerente.com.br\\\/se\\\/2021\\\/03\\\/11\\\/fabio-henrique-e-a-favor-do-auxilio-emergencial-de-r-60000\\\/#primaryimage\",\"url\":\"https:\\\/\\\/ocoerente.com.br\\\/se\\\/wp-content\\\/uploads\\\/2021\\\/03\\\/fabioauxi.jpg\",\"contentUrl\":\"https:\\\/\\\/ocoerente.com.br\\\/se\\\/wp-content\\\/uploads\\\/2021\\\/03\\\/fabioauxi.jpg\",\"width\":473,\"height\":254},{\"@type\":\"BreadcrumbList\",\"@id\":\"https:\\\/\\\/ocoerente.com.br\\\/se\\\/2021\\\/03\\\/11\\\/fabio-henrique-e-a-favor-do-auxilio-emergencial-de-r-60000\\\/#breadcrumb\",\"itemListElement\":[{\"@type\":\"ListItem\",\"position\":1,\"name\":\"In\u00edcio\",\"item\":\"https:\\\/\\\/ocoerente.com.br\\\/se\\\/\"},{\"@type\":\"ListItem\",\"position\":2,\"name\":\"F\u00e1bio Henrique \u00e9 a favor do Aux\u00edlio Emergencial de R$ 600,00\"}]},{\"@type\":\"WebSite\",\"@id\":\"https:\\\/\\\/ocoerente.com.br\\\/se\\\/#website\",\"url\":\"https:\\\/\\\/ocoerente.com.br\\\/se\\\/\",\"name\":\"O Coerente\",\"description\":\"\",\"publisher\":{\"@id\":\"https:\\\/\\\/ocoerente.com.br\\\/se\\\/#\\\/schema\\\/person\\\/cc6bfd9fbca465e23543b0c963d8d037\"},\"potentialAction\":[{\"@type\":\"SearchAction\",\"target\":{\"@type\":\"EntryPoint\",\"urlTemplate\":\"https:\\\/\\\/ocoerente.com.br\\\/se\\\/?s={search_term_string}\"},\"query-input\":{\"@type\":\"PropertyValueSpecification\",\"valueRequired\":true,\"valueName\":\"search_term_string\"}}],\"inLanguage\":\"pt-BR\"},{\"@type\":[\"Person\",\"Organization\"],\"@id\":\"https:\\\/\\\/ocoerente.com.br\\\/se\\\/#\\\/schema\\\/person\\\/cc6bfd9fbca465e23543b0c963d8d037\",\"name\":\"Reda\u00e7\u00e3o\",\"image\":{\"@type\":\"ImageObject\",\"inLanguage\":\"pt-BR\",\"@id\":\"https:\\\/\\\/ocoerente.com.br\\\/se\\\/wp-content\\\/uploads\\\/2020\\\/01\\\/ocoerente-1.png\",\"url\":\"https:\\\/\\\/ocoerente.com.br\\\/se\\\/wp-content\\\/uploads\\\/2020\\\/01\\\/ocoerente-1.png\",\"contentUrl\":\"https:\\\/\\\/ocoerente.com.br\\\/se\\\/wp-content\\\/uploads\\\/2020\\\/01\\\/ocoerente-1.png\",\"width\":50,\"height\":50,\"caption\":\"Reda\u00e7\u00e3o\"},\"logo\":{\"@id\":\"https:\\\/\\\/ocoerente.com.br\\\/se\\\/wp-content\\\/uploads\\\/2020\\\/01\\\/ocoerente-1.png\"},\"url\":\"https:\\\/\\\/ocoerente.com.br\\\/se\\\/author\\\/vasticlsales\\\/\"}]}<\/script>\n<!-- \/ Yoast SEO plugin. -->","yoast_head_json":{"title":"F\u00e1bio Henrique \u00e9 a favor do Aux\u00edlio Emergencial de R$ 600,00 - O Coerente","robots":{"index":"index","follow":"follow","max-snippet":"max-snippet:-1","max-image-preview":"max-image-preview:large","max-video-preview":"max-video-preview:-1"},"canonical":"https:\/\/ocoerente.com.br\/se\/2021\/03\/11\/fabio-henrique-e-a-favor-do-auxilio-emergencial-de-r-60000\/","og_locale":"pt_BR","og_type":"article","og_title":"F\u00e1bio Henrique \u00e9 a favor do Aux\u00edlio Emergencial de R$ 600,00 - O Coerente","og_description":"Uma nova batalha est\u00e1 sendo travada no Congresso Nacional. A PEC 186\/2019, que est\u00e1 em tramita\u00e7\u00e3o na C\u00e2mara Federal, reduz o Aux\u00edlio Emergencial ao valor m\u00e1ximo de R$ 250,00, retira mais de 30 milh\u00f5es de benefici\u00e1rios; al\u00e9m de congelar os sal\u00e1rios, pro\u00edbe progress\u00e3o da carreira e promo\u00e7\u00f5es de servidores p\u00fablicos por 15 anos. O deputado [&hellip;]","og_url":"https:\/\/ocoerente.com.br\/se\/2021\/03\/11\/fabio-henrique-e-a-favor-do-auxilio-emergencial-de-r-60000\/","og_site_name":"O Coerente","article_published_time":"2021-03-11T06:26:54+00:00","article_modified_time":"2021-03-11T06:29:49+00:00","og_image":[{"width":473,"height":254,"url":"https:\/\/ocoerente.com.br\/se\/wp-content\/uploads\/2021\/03\/fabioauxi.jpg","type":"image\/jpeg"}],"author":"Reda\u00e7\u00e3o","twitter_card":"summary_large_image","twitter_misc":{"Escrito por":"Reda\u00e7\u00e3o","Est. tempo de leitura":"2 minutos"},"schema":{"@context":"https:\/\/schema.org","@graph":[{"@type":"Article","@id":"https:\/\/ocoerente.com.br\/se\/2021\/03\/11\/fabio-henrique-e-a-favor-do-auxilio-emergencial-de-r-60000\/#article","isPartOf":{"@id":"https:\/\/ocoerente.com.br\/se\/2021\/03\/11\/fabio-henrique-e-a-favor-do-auxilio-emergencial-de-r-60000\/"},"author":{"name":"Reda\u00e7\u00e3o","@id":"https:\/\/ocoerente.com.br\/se\/#\/schema\/person\/cc6bfd9fbca465e23543b0c963d8d037"},"headline":"F\u00e1bio Henrique \u00e9 a favor do Aux\u00edlio Emergencial de R$ 600,00","datePublished":"2021-03-11T06:26:54+00:00","dateModified":"2021-03-11T06:29:49+00:00","mainEntityOfPage":{"@id":"https:\/\/ocoerente.com.br\/se\/2021\/03\/11\/fabio-henrique-e-a-favor-do-auxilio-emergencial-de-r-60000\/"},"wordCount":372,"publisher":{"@id":"https:\/\/ocoerente.com.br\/se\/#\/schema\/person\/cc6bfd9fbca465e23543b0c963d8d037"},"image":{"@id":"https:\/\/ocoerente.com.br\/se\/2021\/03\/11\/fabio-henrique-e-a-favor-do-auxilio-emergencial-de-r-60000\/#primaryimage"},"thumbnailUrl":"https:\/\/ocoerente.com.br\/se\/wp-content\/uploads\/2021\/03\/fabioauxi.jpg","articleSection":["Brasil","Destaques"],"inLanguage":"pt-BR"},{"@type":"WebPage","@id":"https:\/\/ocoerente.com.br\/se\/2021\/03\/11\/fabio-henrique-e-a-favor-do-auxilio-emergencial-de-r-60000\/","url":"https:\/\/ocoerente.com.br\/se\/2021\/03\/11\/fabio-henrique-e-a-favor-do-auxilio-emergencial-de-r-60000\/","name":"F\u00e1bio Henrique \u00e9 a favor do Aux\u00edlio Emergencial de R$ 600,00 - O Coerente","isPartOf":{"@id":"https:\/\/ocoerente.com.br\/se\/#website"},"primaryImageOfPage":{"@id":"https:\/\/ocoerente.com.br\/se\/2021\/03\/11\/fabio-henrique-e-a-favor-do-auxilio-emergencial-de-r-60000\/#primaryimage"},"image":{"@id":"https:\/\/ocoerente.com.br\/se\/2021\/03\/11\/fabio-henrique-e-a-favor-do-auxilio-emergencial-de-r-60000\/#primaryimage"},"thumbnailUrl":"https:\/\/ocoerente.com.br\/se\/wp-content\/uploads\/2021\/03\/fabioauxi.jpg","datePublished":"2021-03-11T06:26:54+00:00","dateModified":"2021-03-11T06:29:49+00:00","breadcrumb":{"@id":"https:\/\/ocoerente.com.br\/se\/2021\/03\/11\/fabio-henrique-e-a-favor-do-auxilio-emergencial-de-r-60000\/#breadcrumb"},"inLanguage":"pt-BR","potentialAction":[{"@type":"ReadAction","target":["https:\/\/ocoerente.com.br\/se\/2021\/03\/11\/fabio-henrique-e-a-favor-do-auxilio-emergencial-de-r-60000\/"]}]},{"@type":"ImageObject","inLanguage":"pt-BR","@id":"https:\/\/ocoerente.com.br\/se\/2021\/03\/11\/fabio-henrique-e-a-favor-do-auxilio-emergencial-de-r-60000\/#primaryimage","url":"https:\/\/ocoerente.com.br\/se\/wp-content\/uploads\/2021\/03\/fabioauxi.jpg","contentUrl":"https:\/\/ocoerente.com.br\/se\/wp-content\/uploads\/2021\/03\/fabioauxi.jpg","width":473,"height":254},{"@type":"BreadcrumbList","@id":"https:\/\/ocoerente.com.br\/se\/2021\/03\/11\/fabio-henrique-e-a-favor-do-auxilio-emergencial-de-r-60000\/#breadcrumb","itemListElement":[{"@type":"ListItem","position":1,"name":"In\u00edcio","item":"https:\/\/ocoerente.com.br\/se\/"},{"@type":"ListItem","position":2,"name":"F\u00e1bio Henrique \u00e9 a favor do Aux\u00edlio Emergencial de R$ 600,00"}]},{"@type":"WebSite","@id":"https:\/\/ocoerente.com.br\/se\/#website","url":"https:\/\/ocoerente.com.br\/se\/","name":"O Coerente","description":"","publisher":{"@id":"https:\/\/ocoerente.com.br\/se\/#\/schema\/person\/cc6bfd9fbca465e23543b0c963d8d037"},"potentialAction":[{"@type":"SearchAction","target":{"@type":"EntryPoint","urlTemplate":"https:\/\/ocoerente.com.br\/se\/?s={search_term_string}"},"query-input":{"@type":"PropertyValueSpecification","valueRequired":true,"valueName":"search_term_string"}}],"inLanguage":"pt-BR"},{"@type":["Person","Organization"],"@id":"https:\/\/ocoerente.com.br\/se\/#\/schema\/person\/cc6bfd9fbca465e23543b0c963d8d037","name":"Reda\u00e7\u00e3o","image":{"@type":"ImageObject","inLanguage":"pt-BR","@id":"https:\/\/ocoerente.com.br\/se\/wp-content\/uploads\/2020\/01\/ocoerente-1.png","url":"https:\/\/ocoerente.com.br\/se\/wp-content\/uploads\/2020\/01\/ocoerente-1.png","contentUrl":"https:\/\/ocoerente.com.br\/se\/wp-content\/uploads\/2020\/01\/ocoerente-1.png","width":50,"height":50,"caption":"Reda\u00e7\u00e3o"},"logo":{"@id":"https:\/\/ocoerente.com.br\/se\/wp-content\/uploads\/2020\/01\/ocoerente-1.png"},"url":"https:\/\/ocoerente.com.br\/se\/author\/vasticlsales\/"}]}},"_links":{"self":[{"href":"https:\/\/ocoerente.com.br\/se\/wp-json\/wp\/v2\/posts\/2821","targetHints":{"allow":["GET"]}}],"collection":[{"href":"https:\/\/ocoerente.com.br\/se\/wp-json\/wp\/v2\/posts"}],"about":[{"href":"https:\/\/ocoerente.com.br\/se\/wp-json\/wp\/v2\/types\/post"}],"author":[{"embeddable":true,"href":"https:\/\/ocoerente.com.br\/se\/wp-json\/wp\/v2\/users\/1"}],"replies":[{"embeddable":true,"href":"https:\/\/ocoerente.com.br\/se\/wp-json\/wp\/v2\/comments?post=2821"}],"version-history":[{"count":2,"href":"https:\/\/ocoerente.com.br\/se\/wp-json\/wp\/v2\/posts\/2821\/revisions"}],"predecessor-version":[{"id":2829,"href":"https:\/\/ocoerente.com.br\/se\/wp-json\/wp\/v2\/posts\/2821\/revisions\/2829"}],"wp:featuredmedia":[{"embeddable":true,"href":"https:\/\/ocoerente.com.br\/se\/wp-json\/wp\/v2\/media\/2827"}],"wp:attachment":[{"href":"https:\/\/ocoerente.com.br\/se\/wp-json\/wp\/v2\/media?parent=2821"}],"wp:term":[{"taxonomy":"category","embeddable":true,"href":"https:\/\/ocoerente.com.br\/se\/wp-json\/wp\/v2\/categories?post=2821"},{"taxonomy":"post_tag","embeddable":true,"href":"https:\/\/ocoerente.com.br\/se\/wp-json\/wp\/v2\/tags?post=2821"}],"curies":[{"name":"wp","href":"https:\/\/api.w.org\/{rel}","templated":true}]}}