{"id":2818,"date":"2021-03-11T03:20:35","date_gmt":"2021-03-11T06:20:35","guid":{"rendered":"https:\/\/ocoerente.com.br\/se\/?p=2818"},"modified":"2021-03-11T03:20:37","modified_gmt":"2021-03-11T06:20:37","slug":"pec-186-e-uma-continuacao-da-emenda-constitucional-95-avalia-joao-daniel","status":"publish","type":"post","link":"https:\/\/ocoerente.com.br\/se\/2021\/03\/11\/pec-186-e-uma-continuacao-da-emenda-constitucional-95-avalia-joao-daniel\/","title":{"rendered":"\u201cPEC 186 \u00e9 uma continua\u00e7\u00e3o da Emenda Constitucional 95\u201d, avalia Jo\u00e3o Daniel"},"content":{"rendered":"\n<p>Na sess\u00e3o da C\u00e2mara nesta quarta-feira, dia 10, o deputado federal Jo\u00e3o Daniel lamentou que a Proposta de Emenda \u00e0 Constitui\u00e7\u00e3o 186\/19 siga sendo encaminhada na Casa. Para ele, o grande objetivo dela \u00e9 continuar o golpe dado no Brasil. \u201c\u00c9 mais um ajuste neoliberal a servi\u00e7o da elite brasileira e dos bancos, um ataque direto \u00e0s pol\u00edticas p\u00fablicas, aos fundos constitucionais, aos servidores p\u00fablicos de todo ente federativo. \u00c9 um ataque e uma continua\u00e7\u00e3o da Emenda Constitucional 95\u201d, afirmou.<\/p>\n\n\n\n<p>Para ele, s\u00f3 \u00e9 poss\u00edvel se conseguir a aprova\u00e7\u00e3o de uma propositura como esta quando se tem um Congresso aliado de um governo que abandona o povo brasileiro, que abandona a vacina e que mostra o seu desrespeito com a vida. \u201c\u00c9 lament\u00e1vel! Defendemos o aux\u00edlio emergencial de R$ 600. Mas, para isso, o governo n\u00e3o precisava de mudan\u00e7a na Constitui\u00e7\u00e3o. O governo tinha v\u00e1rios mecanismos para encaminhar esse assunto, mas ele n\u00e3o quis. Ele quis mudar a nossa Constitui\u00e7\u00e3o. Ele quer desestruturar as pol\u00edticas de Estado. Por isso, o nosso rep\u00fadio e a nossa luta em defesa do povo brasileiro e do aux\u00edlio emergencial de R$ 600\u201d, destacou Jo\u00e3o Daniel.<\/p>\n\n\n\n<p><strong>Lula<\/strong><\/p>\n\n\n\n<p>O deputado tamb\u00e9m registrou a sua felicidade, enquanto presidente do Partido dos Trabalhadores do Estado de Sergipe, e da milit\u00e2ncia petista, de esquerda e progressista pela condu\u00e7\u00e3o dos fatos com a pela anula\u00e7\u00e3o dos processos contra o presidente Luiz In\u00e1cio Lula da Silva na Lava-Jato, ap\u00f3s decis\u00e3o do ministro Edson Fachin, e o julgamento da suspei\u00e7\u00e3o do ex-juiz S\u00e9rgio Moro, na 2\u00aa Turma do Supremo Tribunal Federal (STF). \u201cA Constitui\u00e7\u00e3o volta a dar sinais. O Judici\u00e1rio e a Corte Suprema querem que a Constitui\u00e7\u00e3o tenha validade\u201d, disse.<\/p>\n\n\n\n<p>Na avalia\u00e7\u00e3o de Jo\u00e3o Daniel, nesses processos do presidente Lula, precisa ser feita justi\u00e7a. \u201cE justi\u00e7a \u00e9 garantir os direitos pol\u00edticos, \u00e9 garantir que o presidente Lula nunca cometeu crime, portanto \u00e9 inocente, e que haja um julgamento, sim, duro, firme, constitucional contra os procuradores e ju\u00edzes que armaram todo esse processo criminoso contra o maior l\u00edder pol\u00edtico da hist\u00f3ria do Brasil e maior presidente, que foi e que \u00e9 o presidente Lula\u201d, acrescentou.<\/p>\n\n\n\n<p><em>Por Edjane Oliveira, da Assessoria de Imprensa<\/em><\/p>\n","protected":false},"excerpt":{"rendered":"<p>Na sess\u00e3o da C\u00e2mara nesta quarta-feira, dia 10, o deputado federal Jo\u00e3o Daniel lamentou que a Proposta de Emenda \u00e0 Constitui\u00e7\u00e3o 186\/19 siga sendo encaminhada na Casa. Para ele, o grande objetivo dela \u00e9 continuar o golpe dado no Brasil. \u201c\u00c9 mais um ajuste neoliberal a servi\u00e7o da elite brasileira e dos bancos, um ataque [&hellip;]<\/p>\n","protected":false},"author":1,"featured_media":2819,"comment_status":"closed","ping_status":"closed","sticky":false,"template":"","format":"standard","meta":{"footnotes":""},"categories":[48,53],"tags":[],"class_list":["post-2818","post","type-post","status-publish","format-standard","has-post-thumbnail","hentry","category-brasil","category-destaques"],"yoast_head":"<!-- This site is optimized with the Yoast SEO plugin v27.4 - https:\/\/yoast.com\/product\/yoast-seo-wordpress\/ -->\n<title>\u201cPEC 186 \u00e9 uma continua\u00e7\u00e3o da Emenda Constitucional 95\u201d, avalia Jo\u00e3o Daniel - O Coerente<\/title>\n<meta name=\"robots\" content=\"index, follow, max-snippet:-1, max-image-preview:large, max-video-preview:-1\" \/>\n<link rel=\"canonical\" href=\"https:\/\/ocoerente.com.br\/se\/2021\/03\/11\/pec-186-e-uma-continuacao-da-emenda-constitucional-95-avalia-joao-daniel\/\" \/>\n<meta property=\"og:locale\" content=\"pt_BR\" \/>\n<meta property=\"og:type\" content=\"article\" \/>\n<meta property=\"og:title\" content=\"\u201cPEC 186 \u00e9 uma continua\u00e7\u00e3o da Emenda Constitucional 95\u201d, avalia Jo\u00e3o Daniel - O Coerente\" \/>\n<meta property=\"og:description\" content=\"Na sess\u00e3o da C\u00e2mara nesta quarta-feira, dia 10, o deputado federal Jo\u00e3o Daniel lamentou que a Proposta de Emenda \u00e0 Constitui\u00e7\u00e3o 186\/19 siga sendo encaminhada na Casa. Para ele, o grande objetivo dela \u00e9 continuar o golpe dado no Brasil. \u201c\u00c9 mais um ajuste neoliberal a servi\u00e7o da elite brasileira e dos bancos, um ataque [&hellip;]\" \/>\n<meta property=\"og:url\" content=\"https:\/\/ocoerente.com.br\/se\/2021\/03\/11\/pec-186-e-uma-continuacao-da-emenda-constitucional-95-avalia-joao-daniel\/\" \/>\n<meta property=\"og:site_name\" content=\"O Coerente\" \/>\n<meta property=\"article:published_time\" content=\"2021-03-11T06:20:35+00:00\" \/>\n<meta property=\"article:modified_time\" content=\"2021-03-11T06:20:37+00:00\" \/>\n<meta property=\"og:image\" content=\"https:\/\/ocoerente.com.br\/se\/wp-content\/uploads\/2021\/03\/JD-na-tribuna-40-anos-PT-Lula-Marques.jpg\" \/>\n\t<meta property=\"og:image:width\" content=\"800\" \/>\n\t<meta property=\"og:image:height\" content=\"520\" \/>\n\t<meta property=\"og:image:type\" content=\"image\/jpeg\" \/>\n<meta name=\"author\" content=\"Reda\u00e7\u00e3o\" \/>\n<meta name=\"twitter:card\" content=\"summary_large_image\" \/>\n<meta name=\"twitter:label1\" content=\"Escrito por\" \/>\n\t<meta name=\"twitter:data1\" content=\"Reda\u00e7\u00e3o\" \/>\n\t<meta name=\"twitter:label2\" content=\"Est. tempo de leitura\" \/>\n\t<meta name=\"twitter:data2\" content=\"2 minutos\" \/>\n<script type=\"application\/ld+json\" class=\"yoast-schema-graph\">{\"@context\":\"https:\\\/\\\/schema.org\",\"@graph\":[{\"@type\":\"Article\",\"@id\":\"https:\\\/\\\/ocoerente.com.br\\\/se\\\/2021\\\/03\\\/11\\\/pec-186-e-uma-continuacao-da-emenda-constitucional-95-avalia-joao-daniel\\\/#article\",\"isPartOf\":{\"@id\":\"https:\\\/\\\/ocoerente.com.br\\\/se\\\/2021\\\/03\\\/11\\\/pec-186-e-uma-continuacao-da-emenda-constitucional-95-avalia-joao-daniel\\\/\"},\"author\":{\"name\":\"Reda\u00e7\u00e3o\",\"@id\":\"https:\\\/\\\/ocoerente.com.br\\\/se\\\/#\\\/schema\\\/person\\\/cc6bfd9fbca465e23543b0c963d8d037\"},\"headline\":\"\u201cPEC 186 \u00e9 uma continua\u00e7\u00e3o da Emenda Constitucional 95\u201d, avalia Jo\u00e3o Daniel\",\"datePublished\":\"2021-03-11T06:20:35+00:00\",\"dateModified\":\"2021-03-11T06:20:37+00:00\",\"mainEntityOfPage\":{\"@id\":\"https:\\\/\\\/ocoerente.com.br\\\/se\\\/2021\\\/03\\\/11\\\/pec-186-e-uma-continuacao-da-emenda-constitucional-95-avalia-joao-daniel\\\/\"},\"wordCount\":399,\"publisher\":{\"@id\":\"https:\\\/\\\/ocoerente.com.br\\\/se\\\/#\\\/schema\\\/person\\\/cc6bfd9fbca465e23543b0c963d8d037\"},\"image\":{\"@id\":\"https:\\\/\\\/ocoerente.com.br\\\/se\\\/2021\\\/03\\\/11\\\/pec-186-e-uma-continuacao-da-emenda-constitucional-95-avalia-joao-daniel\\\/#primaryimage\"},\"thumbnailUrl\":\"https:\\\/\\\/ocoerente.com.br\\\/se\\\/wp-content\\\/uploads\\\/2021\\\/03\\\/JD-na-tribuna-40-anos-PT-Lula-Marques.jpg\",\"articleSection\":[\"Brasil\",\"Destaques\"],\"inLanguage\":\"pt-BR\"},{\"@type\":\"WebPage\",\"@id\":\"https:\\\/\\\/ocoerente.com.br\\\/se\\\/2021\\\/03\\\/11\\\/pec-186-e-uma-continuacao-da-emenda-constitucional-95-avalia-joao-daniel\\\/\",\"url\":\"https:\\\/\\\/ocoerente.com.br\\\/se\\\/2021\\\/03\\\/11\\\/pec-186-e-uma-continuacao-da-emenda-constitucional-95-avalia-joao-daniel\\\/\",\"name\":\"\u201cPEC 186 \u00e9 uma continua\u00e7\u00e3o da Emenda Constitucional 95\u201d, avalia Jo\u00e3o Daniel - O Coerente\",\"isPartOf\":{\"@id\":\"https:\\\/\\\/ocoerente.com.br\\\/se\\\/#website\"},\"primaryImageOfPage\":{\"@id\":\"https:\\\/\\\/ocoerente.com.br\\\/se\\\/2021\\\/03\\\/11\\\/pec-186-e-uma-continuacao-da-emenda-constitucional-95-avalia-joao-daniel\\\/#primaryimage\"},\"image\":{\"@id\":\"https:\\\/\\\/ocoerente.com.br\\\/se\\\/2021\\\/03\\\/11\\\/pec-186-e-uma-continuacao-da-emenda-constitucional-95-avalia-joao-daniel\\\/#primaryimage\"},\"thumbnailUrl\":\"https:\\\/\\\/ocoerente.com.br\\\/se\\\/wp-content\\\/uploads\\\/2021\\\/03\\\/JD-na-tribuna-40-anos-PT-Lula-Marques.jpg\",\"datePublished\":\"2021-03-11T06:20:35+00:00\",\"dateModified\":\"2021-03-11T06:20:37+00:00\",\"breadcrumb\":{\"@id\":\"https:\\\/\\\/ocoerente.com.br\\\/se\\\/2021\\\/03\\\/11\\\/pec-186-e-uma-continuacao-da-emenda-constitucional-95-avalia-joao-daniel\\\/#breadcrumb\"},\"inLanguage\":\"pt-BR\",\"potentialAction\":[{\"@type\":\"ReadAction\",\"target\":[\"https:\\\/\\\/ocoerente.com.br\\\/se\\\/2021\\\/03\\\/11\\\/pec-186-e-uma-continuacao-da-emenda-constitucional-95-avalia-joao-daniel\\\/\"]}]},{\"@type\":\"ImageObject\",\"inLanguage\":\"pt-BR\",\"@id\":\"https:\\\/\\\/ocoerente.com.br\\\/se\\\/2021\\\/03\\\/11\\\/pec-186-e-uma-continuacao-da-emenda-constitucional-95-avalia-joao-daniel\\\/#primaryimage\",\"url\":\"https:\\\/\\\/ocoerente.com.br\\\/se\\\/wp-content\\\/uploads\\\/2021\\\/03\\\/JD-na-tribuna-40-anos-PT-Lula-Marques.jpg\",\"contentUrl\":\"https:\\\/\\\/ocoerente.com.br\\\/se\\\/wp-content\\\/uploads\\\/2021\\\/03\\\/JD-na-tribuna-40-anos-PT-Lula-Marques.jpg\",\"width\":800,\"height\":520,\"caption\":\"Bras\u00edlia- DF. 11-02-2020-Sess\u00e3o solene em homenagem as 40 anos do PT. Foto Lula Marques\"},{\"@type\":\"BreadcrumbList\",\"@id\":\"https:\\\/\\\/ocoerente.com.br\\\/se\\\/2021\\\/03\\\/11\\\/pec-186-e-uma-continuacao-da-emenda-constitucional-95-avalia-joao-daniel\\\/#breadcrumb\",\"itemListElement\":[{\"@type\":\"ListItem\",\"position\":1,\"name\":\"In\u00edcio\",\"item\":\"https:\\\/\\\/ocoerente.com.br\\\/se\\\/\"},{\"@type\":\"ListItem\",\"position\":2,\"name\":\"\u201cPEC 186 \u00e9 uma continua\u00e7\u00e3o da Emenda Constitucional 95\u201d, avalia Jo\u00e3o Daniel\"}]},{\"@type\":\"WebSite\",\"@id\":\"https:\\\/\\\/ocoerente.com.br\\\/se\\\/#website\",\"url\":\"https:\\\/\\\/ocoerente.com.br\\\/se\\\/\",\"name\":\"O Coerente\",\"description\":\"\",\"publisher\":{\"@id\":\"https:\\\/\\\/ocoerente.com.br\\\/se\\\/#\\\/schema\\\/person\\\/cc6bfd9fbca465e23543b0c963d8d037\"},\"potentialAction\":[{\"@type\":\"SearchAction\",\"target\":{\"@type\":\"EntryPoint\",\"urlTemplate\":\"https:\\\/\\\/ocoerente.com.br\\\/se\\\/?s={search_term_string}\"},\"query-input\":{\"@type\":\"PropertyValueSpecification\",\"valueRequired\":true,\"valueName\":\"search_term_string\"}}],\"inLanguage\":\"pt-BR\"},{\"@type\":[\"Person\",\"Organization\"],\"@id\":\"https:\\\/\\\/ocoerente.com.br\\\/se\\\/#\\\/schema\\\/person\\\/cc6bfd9fbca465e23543b0c963d8d037\",\"name\":\"Reda\u00e7\u00e3o\",\"image\":{\"@type\":\"ImageObject\",\"inLanguage\":\"pt-BR\",\"@id\":\"https:\\\/\\\/ocoerente.com.br\\\/se\\\/wp-content\\\/uploads\\\/2020\\\/01\\\/ocoerente-1.png\",\"url\":\"https:\\\/\\\/ocoerente.com.br\\\/se\\\/wp-content\\\/uploads\\\/2020\\\/01\\\/ocoerente-1.png\",\"contentUrl\":\"https:\\\/\\\/ocoerente.com.br\\\/se\\\/wp-content\\\/uploads\\\/2020\\\/01\\\/ocoerente-1.png\",\"width\":50,\"height\":50,\"caption\":\"Reda\u00e7\u00e3o\"},\"logo\":{\"@id\":\"https:\\\/\\\/ocoerente.com.br\\\/se\\\/wp-content\\\/uploads\\\/2020\\\/01\\\/ocoerente-1.png\"},\"url\":\"https:\\\/\\\/ocoerente.com.br\\\/se\\\/author\\\/vasticlsales\\\/\"}]}<\/script>\n<!-- \/ Yoast SEO plugin. -->","yoast_head_json":{"title":"\u201cPEC 186 \u00e9 uma continua\u00e7\u00e3o da Emenda Constitucional 95\u201d, avalia Jo\u00e3o Daniel - O Coerente","robots":{"index":"index","follow":"follow","max-snippet":"max-snippet:-1","max-image-preview":"max-image-preview:large","max-video-preview":"max-video-preview:-1"},"canonical":"https:\/\/ocoerente.com.br\/se\/2021\/03\/11\/pec-186-e-uma-continuacao-da-emenda-constitucional-95-avalia-joao-daniel\/","og_locale":"pt_BR","og_type":"article","og_title":"\u201cPEC 186 \u00e9 uma continua\u00e7\u00e3o da Emenda Constitucional 95\u201d, avalia Jo\u00e3o Daniel - O Coerente","og_description":"Na sess\u00e3o da C\u00e2mara nesta quarta-feira, dia 10, o deputado federal Jo\u00e3o Daniel lamentou que a Proposta de Emenda \u00e0 Constitui\u00e7\u00e3o 186\/19 siga sendo encaminhada na Casa. Para ele, o grande objetivo dela \u00e9 continuar o golpe dado no Brasil. \u201c\u00c9 mais um ajuste neoliberal a servi\u00e7o da elite brasileira e dos bancos, um ataque [&hellip;]","og_url":"https:\/\/ocoerente.com.br\/se\/2021\/03\/11\/pec-186-e-uma-continuacao-da-emenda-constitucional-95-avalia-joao-daniel\/","og_site_name":"O Coerente","article_published_time":"2021-03-11T06:20:35+00:00","article_modified_time":"2021-03-11T06:20:37+00:00","og_image":[{"width":800,"height":520,"url":"https:\/\/ocoerente.com.br\/se\/wp-content\/uploads\/2021\/03\/JD-na-tribuna-40-anos-PT-Lula-Marques.jpg","type":"image\/jpeg"}],"author":"Reda\u00e7\u00e3o","twitter_card":"summary_large_image","twitter_misc":{"Escrito por":"Reda\u00e7\u00e3o","Est. tempo de leitura":"2 minutos"},"schema":{"@context":"https:\/\/schema.org","@graph":[{"@type":"Article","@id":"https:\/\/ocoerente.com.br\/se\/2021\/03\/11\/pec-186-e-uma-continuacao-da-emenda-constitucional-95-avalia-joao-daniel\/#article","isPartOf":{"@id":"https:\/\/ocoerente.com.br\/se\/2021\/03\/11\/pec-186-e-uma-continuacao-da-emenda-constitucional-95-avalia-joao-daniel\/"},"author":{"name":"Reda\u00e7\u00e3o","@id":"https:\/\/ocoerente.com.br\/se\/#\/schema\/person\/cc6bfd9fbca465e23543b0c963d8d037"},"headline":"\u201cPEC 186 \u00e9 uma continua\u00e7\u00e3o da Emenda Constitucional 95\u201d, avalia Jo\u00e3o Daniel","datePublished":"2021-03-11T06:20:35+00:00","dateModified":"2021-03-11T06:20:37+00:00","mainEntityOfPage":{"@id":"https:\/\/ocoerente.com.br\/se\/2021\/03\/11\/pec-186-e-uma-continuacao-da-emenda-constitucional-95-avalia-joao-daniel\/"},"wordCount":399,"publisher":{"@id":"https:\/\/ocoerente.com.br\/se\/#\/schema\/person\/cc6bfd9fbca465e23543b0c963d8d037"},"image":{"@id":"https:\/\/ocoerente.com.br\/se\/2021\/03\/11\/pec-186-e-uma-continuacao-da-emenda-constitucional-95-avalia-joao-daniel\/#primaryimage"},"thumbnailUrl":"https:\/\/ocoerente.com.br\/se\/wp-content\/uploads\/2021\/03\/JD-na-tribuna-40-anos-PT-Lula-Marques.jpg","articleSection":["Brasil","Destaques"],"inLanguage":"pt-BR"},{"@type":"WebPage","@id":"https:\/\/ocoerente.com.br\/se\/2021\/03\/11\/pec-186-e-uma-continuacao-da-emenda-constitucional-95-avalia-joao-daniel\/","url":"https:\/\/ocoerente.com.br\/se\/2021\/03\/11\/pec-186-e-uma-continuacao-da-emenda-constitucional-95-avalia-joao-daniel\/","name":"\u201cPEC 186 \u00e9 uma continua\u00e7\u00e3o da Emenda Constitucional 95\u201d, avalia Jo\u00e3o Daniel - O Coerente","isPartOf":{"@id":"https:\/\/ocoerente.com.br\/se\/#website"},"primaryImageOfPage":{"@id":"https:\/\/ocoerente.com.br\/se\/2021\/03\/11\/pec-186-e-uma-continuacao-da-emenda-constitucional-95-avalia-joao-daniel\/#primaryimage"},"image":{"@id":"https:\/\/ocoerente.com.br\/se\/2021\/03\/11\/pec-186-e-uma-continuacao-da-emenda-constitucional-95-avalia-joao-daniel\/#primaryimage"},"thumbnailUrl":"https:\/\/ocoerente.com.br\/se\/wp-content\/uploads\/2021\/03\/JD-na-tribuna-40-anos-PT-Lula-Marques.jpg","datePublished":"2021-03-11T06:20:35+00:00","dateModified":"2021-03-11T06:20:37+00:00","breadcrumb":{"@id":"https:\/\/ocoerente.com.br\/se\/2021\/03\/11\/pec-186-e-uma-continuacao-da-emenda-constitucional-95-avalia-joao-daniel\/#breadcrumb"},"inLanguage":"pt-BR","potentialAction":[{"@type":"ReadAction","target":["https:\/\/ocoerente.com.br\/se\/2021\/03\/11\/pec-186-e-uma-continuacao-da-emenda-constitucional-95-avalia-joao-daniel\/"]}]},{"@type":"ImageObject","inLanguage":"pt-BR","@id":"https:\/\/ocoerente.com.br\/se\/2021\/03\/11\/pec-186-e-uma-continuacao-da-emenda-constitucional-95-avalia-joao-daniel\/#primaryimage","url":"https:\/\/ocoerente.com.br\/se\/wp-content\/uploads\/2021\/03\/JD-na-tribuna-40-anos-PT-Lula-Marques.jpg","contentUrl":"https:\/\/ocoerente.com.br\/se\/wp-content\/uploads\/2021\/03\/JD-na-tribuna-40-anos-PT-Lula-Marques.jpg","width":800,"height":520,"caption":"Bras\u00edlia- DF. 11-02-2020-Sess\u00e3o solene em homenagem as 40 anos do PT. Foto Lula Marques"},{"@type":"BreadcrumbList","@id":"https:\/\/ocoerente.com.br\/se\/2021\/03\/11\/pec-186-e-uma-continuacao-da-emenda-constitucional-95-avalia-joao-daniel\/#breadcrumb","itemListElement":[{"@type":"ListItem","position":1,"name":"In\u00edcio","item":"https:\/\/ocoerente.com.br\/se\/"},{"@type":"ListItem","position":2,"name":"\u201cPEC 186 \u00e9 uma continua\u00e7\u00e3o da Emenda Constitucional 95\u201d, avalia Jo\u00e3o Daniel"}]},{"@type":"WebSite","@id":"https:\/\/ocoerente.com.br\/se\/#website","url":"https:\/\/ocoerente.com.br\/se\/","name":"O Coerente","description":"","publisher":{"@id":"https:\/\/ocoerente.com.br\/se\/#\/schema\/person\/cc6bfd9fbca465e23543b0c963d8d037"},"potentialAction":[{"@type":"SearchAction","target":{"@type":"EntryPoint","urlTemplate":"https:\/\/ocoerente.com.br\/se\/?s={search_term_string}"},"query-input":{"@type":"PropertyValueSpecification","valueRequired":true,"valueName":"search_term_string"}}],"inLanguage":"pt-BR"},{"@type":["Person","Organization"],"@id":"https:\/\/ocoerente.com.br\/se\/#\/schema\/person\/cc6bfd9fbca465e23543b0c963d8d037","name":"Reda\u00e7\u00e3o","image":{"@type":"ImageObject","inLanguage":"pt-BR","@id":"https:\/\/ocoerente.com.br\/se\/wp-content\/uploads\/2020\/01\/ocoerente-1.png","url":"https:\/\/ocoerente.com.br\/se\/wp-content\/uploads\/2020\/01\/ocoerente-1.png","contentUrl":"https:\/\/ocoerente.com.br\/se\/wp-content\/uploads\/2020\/01\/ocoerente-1.png","width":50,"height":50,"caption":"Reda\u00e7\u00e3o"},"logo":{"@id":"https:\/\/ocoerente.com.br\/se\/wp-content\/uploads\/2020\/01\/ocoerente-1.png"},"url":"https:\/\/ocoerente.com.br\/se\/author\/vasticlsales\/"}]}},"_links":{"self":[{"href":"https:\/\/ocoerente.com.br\/se\/wp-json\/wp\/v2\/posts\/2818","targetHints":{"allow":["GET"]}}],"collection":[{"href":"https:\/\/ocoerente.com.br\/se\/wp-json\/wp\/v2\/posts"}],"about":[{"href":"https:\/\/ocoerente.com.br\/se\/wp-json\/wp\/v2\/types\/post"}],"author":[{"embeddable":true,"href":"https:\/\/ocoerente.com.br\/se\/wp-json\/wp\/v2\/users\/1"}],"replies":[{"embeddable":true,"href":"https:\/\/ocoerente.com.br\/se\/wp-json\/wp\/v2\/comments?post=2818"}],"version-history":[{"count":1,"href":"https:\/\/ocoerente.com.br\/se\/wp-json\/wp\/v2\/posts\/2818\/revisions"}],"predecessor-version":[{"id":2820,"href":"https:\/\/ocoerente.com.br\/se\/wp-json\/wp\/v2\/posts\/2818\/revisions\/2820"}],"wp:featuredmedia":[{"embeddable":true,"href":"https:\/\/ocoerente.com.br\/se\/wp-json\/wp\/v2\/media\/2819"}],"wp:attachment":[{"href":"https:\/\/ocoerente.com.br\/se\/wp-json\/wp\/v2\/media?parent=2818"}],"wp:term":[{"taxonomy":"category","embeddable":true,"href":"https:\/\/ocoerente.com.br\/se\/wp-json\/wp\/v2\/categories?post=2818"},{"taxonomy":"post_tag","embeddable":true,"href":"https:\/\/ocoerente.com.br\/se\/wp-json\/wp\/v2\/tags?post=2818"}],"curies":[{"name":"wp","href":"https:\/\/api.w.org\/{rel}","templated":true}]}}