{"id":2749,"date":"2021-03-02T04:11:14","date_gmt":"2021-03-02T07:11:14","guid":{"rendered":"https:\/\/ocoerente.com.br\/se\/?p=2749"},"modified":"2021-03-02T04:11:15","modified_gmt":"2021-03-02T07:11:15","slug":"binho-se-solidariza-com-familias-carentes-que-vivem-no-frigorifico","status":"publish","type":"post","link":"https:\/\/ocoerente.com.br\/se\/2021\/03\/02\/binho-se-solidariza-com-familias-carentes-que-vivem-no-frigorifico\/","title":{"rendered":"Binho se solidariza com fam\u00edlias carentes que vivem no &#8220;Frigor\u00edfico&#8221;"},"content":{"rendered":"\n<p>O lado humano do vereador Binho (PMN-SE) despertou a aten\u00e7\u00e3o dos colegas parlamentares na 11\u00aa. sess\u00e3o legislativa C\u00e2mara Municipal de Aracaju em 2021, quando ele aparteou o vereador Soneca e se solidarizou com as fam\u00edlias carentes que moram na localidade, conhecida como &#8220;Frigor\u00edfico&#8221;, na zona norte da capital. Binho disse que carrega consigo o compromisso de atuar como leg\u00edtimo representante dessa camada social que depende diariamente dos servi\u00e7os p\u00fablicos essenciais.<\/p>\n\n\n\n<p>O vereador do PMN que mora no Jardim Centen\u00e1rio h\u00e1 mais de 20 anos destacou que conhece a realidade dif\u00edcil do &#8220;Frigor\u00edfico&#8221;, onde as pessoas vivem em casas de taipas, passam por necessidades financeiras e esperam do poder p\u00fablico a solu\u00e7\u00e3o para uma s\u00e9rie de problemas, como; moradia, saneamento b\u00e1sico, sa\u00fade p\u00fablica, educa\u00e7\u00e3o b\u00e1sica, transporte e assist\u00eancia social.<\/p>\n\n\n\n<p>Binho se colocou \u00e0 disposi\u00e7\u00e3o para ajudar a encontrar solu\u00e7\u00f5es imediatas para essas quest\u00f5es. Segundo o parlamentar, o vereador \u00e9 um canal entre a popula\u00e7\u00e3o e o poder executivo. &#8220;N\u00f3s devemos usar da nossa prerrogativa para pedir ao prefeito Edvaldo Nogueira que fa\u00e7a o melhor pelas comunidades carentes.&#8221;<\/p>\n\n\n\n<p>Por: Assessoria de Comunica\u00e7\u00e3o do Parlamentar<\/p>\n","protected":false},"excerpt":{"rendered":"<p>O lado humano do vereador Binho (PMN-SE) despertou a aten\u00e7\u00e3o dos colegas parlamentares na 11\u00aa. sess\u00e3o legislativa C\u00e2mara Municipal de Aracaju em 2021, quando ele aparteou o vereador Soneca e se solidarizou com as fam\u00edlias carentes que moram na localidade, conhecida como &#8220;Frigor\u00edfico&#8221;, na zona norte da capital. Binho disse que carrega consigo o compromisso [&hellip;]<\/p>\n","protected":false},"author":1,"featured_media":2750,"comment_status":"closed","ping_status":"closed","sticky":false,"template":"","format":"standard","meta":{"footnotes":""},"categories":[53,43],"tags":[],"class_list":["post-2749","post","type-post","status-publish","format-standard","has-post-thumbnail","hentry","category-destaques","category-sergipe"],"yoast_head":"<!-- This site is optimized with the Yoast SEO plugin v27.5 - https:\/\/yoast.com\/product\/yoast-seo-wordpress\/ -->\n<title>Binho se solidariza com fam\u00edlias carentes que vivem no &quot;Frigor\u00edfico&quot; - O Coerente<\/title>\n<meta name=\"robots\" content=\"index, follow, max-snippet:-1, max-image-preview:large, max-video-preview:-1\" \/>\n<link rel=\"canonical\" href=\"https:\/\/ocoerente.com.br\/se\/2021\/03\/02\/binho-se-solidariza-com-familias-carentes-que-vivem-no-frigorifico\/\" \/>\n<meta property=\"og:locale\" content=\"pt_BR\" \/>\n<meta property=\"og:type\" content=\"article\" \/>\n<meta property=\"og:title\" content=\"Binho se solidariza com fam\u00edlias carentes que vivem no &quot;Frigor\u00edfico&quot; - O Coerente\" \/>\n<meta property=\"og:description\" content=\"O lado humano do vereador Binho (PMN-SE) despertou a aten\u00e7\u00e3o dos colegas parlamentares na 11\u00aa. sess\u00e3o legislativa C\u00e2mara Municipal de Aracaju em 2021, quando ele aparteou o vereador Soneca e se solidarizou com as fam\u00edlias carentes que moram na localidade, conhecida como &#8220;Frigor\u00edfico&#8221;, na zona norte da capital. Binho disse que carrega consigo o compromisso [&hellip;]\" \/>\n<meta property=\"og:url\" content=\"https:\/\/ocoerente.com.br\/se\/2021\/03\/02\/binho-se-solidariza-com-familias-carentes-que-vivem-no-frigorifico\/\" \/>\n<meta property=\"og:site_name\" content=\"O Coerente\" \/>\n<meta property=\"article:published_time\" content=\"2021-03-02T07:11:14+00:00\" \/>\n<meta property=\"article:modified_time\" content=\"2021-03-02T07:11:15+00:00\" \/>\n<meta property=\"og:image\" content=\"https:\/\/ocoerente.com.br\/se\/wp-content\/uploads\/2021\/03\/Binnnnnnnho.jpg\" \/>\n\t<meta property=\"og:image:width\" content=\"749\" \/>\n\t<meta property=\"og:image:height\" content=\"599\" \/>\n\t<meta property=\"og:image:type\" content=\"image\/jpeg\" \/>\n<meta name=\"author\" content=\"Reda\u00e7\u00e3o\" \/>\n<meta name=\"twitter:card\" content=\"summary_large_image\" \/>\n<meta name=\"twitter:label1\" content=\"Escrito por\" \/>\n\t<meta name=\"twitter:data1\" content=\"Reda\u00e7\u00e3o\" \/>\n\t<meta name=\"twitter:label2\" content=\"Est. tempo de leitura\" \/>\n\t<meta name=\"twitter:data2\" content=\"1 minuto\" \/>\n<script type=\"application\/ld+json\" class=\"yoast-schema-graph\">{\"@context\":\"https:\\\/\\\/schema.org\",\"@graph\":[{\"@type\":\"Article\",\"@id\":\"https:\\\/\\\/ocoerente.com.br\\\/se\\\/2021\\\/03\\\/02\\\/binho-se-solidariza-com-familias-carentes-que-vivem-no-frigorifico\\\/#article\",\"isPartOf\":{\"@id\":\"https:\\\/\\\/ocoerente.com.br\\\/se\\\/2021\\\/03\\\/02\\\/binho-se-solidariza-com-familias-carentes-que-vivem-no-frigorifico\\\/\"},\"author\":{\"name\":\"Reda\u00e7\u00e3o\",\"@id\":\"https:\\\/\\\/ocoerente.com.br\\\/se\\\/#\\\/schema\\\/person\\\/cc6bfd9fbca465e23543b0c963d8d037\"},\"headline\":\"Binho se solidariza com fam\u00edlias carentes que vivem no &#8220;Frigor\u00edfico&#8221;\",\"datePublished\":\"2021-03-02T07:11:14+00:00\",\"dateModified\":\"2021-03-02T07:11:15+00:00\",\"mainEntityOfPage\":{\"@id\":\"https:\\\/\\\/ocoerente.com.br\\\/se\\\/2021\\\/03\\\/02\\\/binho-se-solidariza-com-familias-carentes-que-vivem-no-frigorifico\\\/\"},\"wordCount\":216,\"publisher\":{\"@id\":\"https:\\\/\\\/ocoerente.com.br\\\/se\\\/#\\\/schema\\\/person\\\/cc6bfd9fbca465e23543b0c963d8d037\"},\"image\":{\"@id\":\"https:\\\/\\\/ocoerente.com.br\\\/se\\\/2021\\\/03\\\/02\\\/binho-se-solidariza-com-familias-carentes-que-vivem-no-frigorifico\\\/#primaryimage\"},\"thumbnailUrl\":\"https:\\\/\\\/ocoerente.com.br\\\/se\\\/wp-content\\\/uploads\\\/2021\\\/03\\\/Binnnnnnnho.jpg\",\"articleSection\":[\"Destaques\",\"Sergipe\"],\"inLanguage\":\"pt-BR\"},{\"@type\":\"WebPage\",\"@id\":\"https:\\\/\\\/ocoerente.com.br\\\/se\\\/2021\\\/03\\\/02\\\/binho-se-solidariza-com-familias-carentes-que-vivem-no-frigorifico\\\/\",\"url\":\"https:\\\/\\\/ocoerente.com.br\\\/se\\\/2021\\\/03\\\/02\\\/binho-se-solidariza-com-familias-carentes-que-vivem-no-frigorifico\\\/\",\"name\":\"Binho se solidariza com fam\u00edlias carentes que vivem no \\\"Frigor\u00edfico\\\" - O Coerente\",\"isPartOf\":{\"@id\":\"https:\\\/\\\/ocoerente.com.br\\\/se\\\/#website\"},\"primaryImageOfPage\":{\"@id\":\"https:\\\/\\\/ocoerente.com.br\\\/se\\\/2021\\\/03\\\/02\\\/binho-se-solidariza-com-familias-carentes-que-vivem-no-frigorifico\\\/#primaryimage\"},\"image\":{\"@id\":\"https:\\\/\\\/ocoerente.com.br\\\/se\\\/2021\\\/03\\\/02\\\/binho-se-solidariza-com-familias-carentes-que-vivem-no-frigorifico\\\/#primaryimage\"},\"thumbnailUrl\":\"https:\\\/\\\/ocoerente.com.br\\\/se\\\/wp-content\\\/uploads\\\/2021\\\/03\\\/Binnnnnnnho.jpg\",\"datePublished\":\"2021-03-02T07:11:14+00:00\",\"dateModified\":\"2021-03-02T07:11:15+00:00\",\"breadcrumb\":{\"@id\":\"https:\\\/\\\/ocoerente.com.br\\\/se\\\/2021\\\/03\\\/02\\\/binho-se-solidariza-com-familias-carentes-que-vivem-no-frigorifico\\\/#breadcrumb\"},\"inLanguage\":\"pt-BR\",\"potentialAction\":[{\"@type\":\"ReadAction\",\"target\":[\"https:\\\/\\\/ocoerente.com.br\\\/se\\\/2021\\\/03\\\/02\\\/binho-se-solidariza-com-familias-carentes-que-vivem-no-frigorifico\\\/\"]}]},{\"@type\":\"ImageObject\",\"inLanguage\":\"pt-BR\",\"@id\":\"https:\\\/\\\/ocoerente.com.br\\\/se\\\/2021\\\/03\\\/02\\\/binho-se-solidariza-com-familias-carentes-que-vivem-no-frigorifico\\\/#primaryimage\",\"url\":\"https:\\\/\\\/ocoerente.com.br\\\/se\\\/wp-content\\\/uploads\\\/2021\\\/03\\\/Binnnnnnnho.jpg\",\"contentUrl\":\"https:\\\/\\\/ocoerente.com.br\\\/se\\\/wp-content\\\/uploads\\\/2021\\\/03\\\/Binnnnnnnho.jpg\",\"width\":749,\"height\":599},{\"@type\":\"BreadcrumbList\",\"@id\":\"https:\\\/\\\/ocoerente.com.br\\\/se\\\/2021\\\/03\\\/02\\\/binho-se-solidariza-com-familias-carentes-que-vivem-no-frigorifico\\\/#breadcrumb\",\"itemListElement\":[{\"@type\":\"ListItem\",\"position\":1,\"name\":\"In\u00edcio\",\"item\":\"https:\\\/\\\/ocoerente.com.br\\\/se\\\/\"},{\"@type\":\"ListItem\",\"position\":2,\"name\":\"Binho se solidariza com fam\u00edlias carentes que vivem no &#8220;Frigor\u00edfico&#8221;\"}]},{\"@type\":\"WebSite\",\"@id\":\"https:\\\/\\\/ocoerente.com.br\\\/se\\\/#website\",\"url\":\"https:\\\/\\\/ocoerente.com.br\\\/se\\\/\",\"name\":\"O Coerente\",\"description\":\"\",\"publisher\":{\"@id\":\"https:\\\/\\\/ocoerente.com.br\\\/se\\\/#\\\/schema\\\/person\\\/cc6bfd9fbca465e23543b0c963d8d037\"},\"potentialAction\":[{\"@type\":\"SearchAction\",\"target\":{\"@type\":\"EntryPoint\",\"urlTemplate\":\"https:\\\/\\\/ocoerente.com.br\\\/se\\\/?s={search_term_string}\"},\"query-input\":{\"@type\":\"PropertyValueSpecification\",\"valueRequired\":true,\"valueName\":\"search_term_string\"}}],\"inLanguage\":\"pt-BR\"},{\"@type\":[\"Person\",\"Organization\"],\"@id\":\"https:\\\/\\\/ocoerente.com.br\\\/se\\\/#\\\/schema\\\/person\\\/cc6bfd9fbca465e23543b0c963d8d037\",\"name\":\"Reda\u00e7\u00e3o\",\"image\":{\"@type\":\"ImageObject\",\"inLanguage\":\"pt-BR\",\"@id\":\"https:\\\/\\\/ocoerente.com.br\\\/se\\\/wp-content\\\/uploads\\\/2020\\\/01\\\/ocoerente-1.png\",\"url\":\"https:\\\/\\\/ocoerente.com.br\\\/se\\\/wp-content\\\/uploads\\\/2020\\\/01\\\/ocoerente-1.png\",\"contentUrl\":\"https:\\\/\\\/ocoerente.com.br\\\/se\\\/wp-content\\\/uploads\\\/2020\\\/01\\\/ocoerente-1.png\",\"width\":50,\"height\":50,\"caption\":\"Reda\u00e7\u00e3o\"},\"logo\":{\"@id\":\"https:\\\/\\\/ocoerente.com.br\\\/se\\\/wp-content\\\/uploads\\\/2020\\\/01\\\/ocoerente-1.png\"},\"url\":\"https:\\\/\\\/ocoerente.com.br\\\/se\\\/author\\\/vasticlsales\\\/\"}]}<\/script>\n<!-- \/ Yoast SEO plugin. -->","yoast_head_json":{"title":"Binho se solidariza com fam\u00edlias carentes que vivem no \"Frigor\u00edfico\" - O Coerente","robots":{"index":"index","follow":"follow","max-snippet":"max-snippet:-1","max-image-preview":"max-image-preview:large","max-video-preview":"max-video-preview:-1"},"canonical":"https:\/\/ocoerente.com.br\/se\/2021\/03\/02\/binho-se-solidariza-com-familias-carentes-que-vivem-no-frigorifico\/","og_locale":"pt_BR","og_type":"article","og_title":"Binho se solidariza com fam\u00edlias carentes que vivem no \"Frigor\u00edfico\" - O Coerente","og_description":"O lado humano do vereador Binho (PMN-SE) despertou a aten\u00e7\u00e3o dos colegas parlamentares na 11\u00aa. sess\u00e3o legislativa C\u00e2mara Municipal de Aracaju em 2021, quando ele aparteou o vereador Soneca e se solidarizou com as fam\u00edlias carentes que moram na localidade, conhecida como &#8220;Frigor\u00edfico&#8221;, na zona norte da capital. Binho disse que carrega consigo o compromisso [&hellip;]","og_url":"https:\/\/ocoerente.com.br\/se\/2021\/03\/02\/binho-se-solidariza-com-familias-carentes-que-vivem-no-frigorifico\/","og_site_name":"O Coerente","article_published_time":"2021-03-02T07:11:14+00:00","article_modified_time":"2021-03-02T07:11:15+00:00","og_image":[{"width":749,"height":599,"url":"https:\/\/ocoerente.com.br\/se\/wp-content\/uploads\/2021\/03\/Binnnnnnnho.jpg","type":"image\/jpeg"}],"author":"Reda\u00e7\u00e3o","twitter_card":"summary_large_image","twitter_misc":{"Escrito por":"Reda\u00e7\u00e3o","Est. tempo de leitura":"1 minuto"},"schema":{"@context":"https:\/\/schema.org","@graph":[{"@type":"Article","@id":"https:\/\/ocoerente.com.br\/se\/2021\/03\/02\/binho-se-solidariza-com-familias-carentes-que-vivem-no-frigorifico\/#article","isPartOf":{"@id":"https:\/\/ocoerente.com.br\/se\/2021\/03\/02\/binho-se-solidariza-com-familias-carentes-que-vivem-no-frigorifico\/"},"author":{"name":"Reda\u00e7\u00e3o","@id":"https:\/\/ocoerente.com.br\/se\/#\/schema\/person\/cc6bfd9fbca465e23543b0c963d8d037"},"headline":"Binho se solidariza com fam\u00edlias carentes que vivem no &#8220;Frigor\u00edfico&#8221;","datePublished":"2021-03-02T07:11:14+00:00","dateModified":"2021-03-02T07:11:15+00:00","mainEntityOfPage":{"@id":"https:\/\/ocoerente.com.br\/se\/2021\/03\/02\/binho-se-solidariza-com-familias-carentes-que-vivem-no-frigorifico\/"},"wordCount":216,"publisher":{"@id":"https:\/\/ocoerente.com.br\/se\/#\/schema\/person\/cc6bfd9fbca465e23543b0c963d8d037"},"image":{"@id":"https:\/\/ocoerente.com.br\/se\/2021\/03\/02\/binho-se-solidariza-com-familias-carentes-que-vivem-no-frigorifico\/#primaryimage"},"thumbnailUrl":"https:\/\/ocoerente.com.br\/se\/wp-content\/uploads\/2021\/03\/Binnnnnnnho.jpg","articleSection":["Destaques","Sergipe"],"inLanguage":"pt-BR"},{"@type":"WebPage","@id":"https:\/\/ocoerente.com.br\/se\/2021\/03\/02\/binho-se-solidariza-com-familias-carentes-que-vivem-no-frigorifico\/","url":"https:\/\/ocoerente.com.br\/se\/2021\/03\/02\/binho-se-solidariza-com-familias-carentes-que-vivem-no-frigorifico\/","name":"Binho se solidariza com fam\u00edlias carentes que vivem no \"Frigor\u00edfico\" - O Coerente","isPartOf":{"@id":"https:\/\/ocoerente.com.br\/se\/#website"},"primaryImageOfPage":{"@id":"https:\/\/ocoerente.com.br\/se\/2021\/03\/02\/binho-se-solidariza-com-familias-carentes-que-vivem-no-frigorifico\/#primaryimage"},"image":{"@id":"https:\/\/ocoerente.com.br\/se\/2021\/03\/02\/binho-se-solidariza-com-familias-carentes-que-vivem-no-frigorifico\/#primaryimage"},"thumbnailUrl":"https:\/\/ocoerente.com.br\/se\/wp-content\/uploads\/2021\/03\/Binnnnnnnho.jpg","datePublished":"2021-03-02T07:11:14+00:00","dateModified":"2021-03-02T07:11:15+00:00","breadcrumb":{"@id":"https:\/\/ocoerente.com.br\/se\/2021\/03\/02\/binho-se-solidariza-com-familias-carentes-que-vivem-no-frigorifico\/#breadcrumb"},"inLanguage":"pt-BR","potentialAction":[{"@type":"ReadAction","target":["https:\/\/ocoerente.com.br\/se\/2021\/03\/02\/binho-se-solidariza-com-familias-carentes-que-vivem-no-frigorifico\/"]}]},{"@type":"ImageObject","inLanguage":"pt-BR","@id":"https:\/\/ocoerente.com.br\/se\/2021\/03\/02\/binho-se-solidariza-com-familias-carentes-que-vivem-no-frigorifico\/#primaryimage","url":"https:\/\/ocoerente.com.br\/se\/wp-content\/uploads\/2021\/03\/Binnnnnnnho.jpg","contentUrl":"https:\/\/ocoerente.com.br\/se\/wp-content\/uploads\/2021\/03\/Binnnnnnnho.jpg","width":749,"height":599},{"@type":"BreadcrumbList","@id":"https:\/\/ocoerente.com.br\/se\/2021\/03\/02\/binho-se-solidariza-com-familias-carentes-que-vivem-no-frigorifico\/#breadcrumb","itemListElement":[{"@type":"ListItem","position":1,"name":"In\u00edcio","item":"https:\/\/ocoerente.com.br\/se\/"},{"@type":"ListItem","position":2,"name":"Binho se solidariza com fam\u00edlias carentes que vivem no &#8220;Frigor\u00edfico&#8221;"}]},{"@type":"WebSite","@id":"https:\/\/ocoerente.com.br\/se\/#website","url":"https:\/\/ocoerente.com.br\/se\/","name":"O Coerente","description":"","publisher":{"@id":"https:\/\/ocoerente.com.br\/se\/#\/schema\/person\/cc6bfd9fbca465e23543b0c963d8d037"},"potentialAction":[{"@type":"SearchAction","target":{"@type":"EntryPoint","urlTemplate":"https:\/\/ocoerente.com.br\/se\/?s={search_term_string}"},"query-input":{"@type":"PropertyValueSpecification","valueRequired":true,"valueName":"search_term_string"}}],"inLanguage":"pt-BR"},{"@type":["Person","Organization"],"@id":"https:\/\/ocoerente.com.br\/se\/#\/schema\/person\/cc6bfd9fbca465e23543b0c963d8d037","name":"Reda\u00e7\u00e3o","image":{"@type":"ImageObject","inLanguage":"pt-BR","@id":"https:\/\/ocoerente.com.br\/se\/wp-content\/uploads\/2020\/01\/ocoerente-1.png","url":"https:\/\/ocoerente.com.br\/se\/wp-content\/uploads\/2020\/01\/ocoerente-1.png","contentUrl":"https:\/\/ocoerente.com.br\/se\/wp-content\/uploads\/2020\/01\/ocoerente-1.png","width":50,"height":50,"caption":"Reda\u00e7\u00e3o"},"logo":{"@id":"https:\/\/ocoerente.com.br\/se\/wp-content\/uploads\/2020\/01\/ocoerente-1.png"},"url":"https:\/\/ocoerente.com.br\/se\/author\/vasticlsales\/"}]}},"_links":{"self":[{"href":"https:\/\/ocoerente.com.br\/se\/wp-json\/wp\/v2\/posts\/2749","targetHints":{"allow":["GET"]}}],"collection":[{"href":"https:\/\/ocoerente.com.br\/se\/wp-json\/wp\/v2\/posts"}],"about":[{"href":"https:\/\/ocoerente.com.br\/se\/wp-json\/wp\/v2\/types\/post"}],"author":[{"embeddable":true,"href":"https:\/\/ocoerente.com.br\/se\/wp-json\/wp\/v2\/users\/1"}],"replies":[{"embeddable":true,"href":"https:\/\/ocoerente.com.br\/se\/wp-json\/wp\/v2\/comments?post=2749"}],"version-history":[{"count":1,"href":"https:\/\/ocoerente.com.br\/se\/wp-json\/wp\/v2\/posts\/2749\/revisions"}],"predecessor-version":[{"id":2751,"href":"https:\/\/ocoerente.com.br\/se\/wp-json\/wp\/v2\/posts\/2749\/revisions\/2751"}],"wp:featuredmedia":[{"embeddable":true,"href":"https:\/\/ocoerente.com.br\/se\/wp-json\/wp\/v2\/media\/2750"}],"wp:attachment":[{"href":"https:\/\/ocoerente.com.br\/se\/wp-json\/wp\/v2\/media?parent=2749"}],"wp:term":[{"taxonomy":"category","embeddable":true,"href":"https:\/\/ocoerente.com.br\/se\/wp-json\/wp\/v2\/categories?post=2749"},{"taxonomy":"post_tag","embeddable":true,"href":"https:\/\/ocoerente.com.br\/se\/wp-json\/wp\/v2\/tags?post=2749"}],"curies":[{"name":"wp","href":"https:\/\/api.w.org\/{rel}","templated":true}]}}