{"id":2746,"date":"2021-03-02T04:09:40","date_gmt":"2021-03-02T07:09:40","guid":{"rendered":"https:\/\/ocoerente.com.br\/se\/?p=2746"},"modified":"2021-03-02T04:09:42","modified_gmt":"2021-03-02T07:09:42","slug":"edvaldo-assina-protocolo-para-adesao-de-aracaju-ao-consorcio-da-compra-de-vacinas-contra-a-covid-19","status":"publish","type":"post","link":"https:\/\/ocoerente.com.br\/se\/2021\/03\/02\/edvaldo-assina-protocolo-para-adesao-de-aracaju-ao-consorcio-da-compra-de-vacinas-contra-a-covid-19\/","title":{"rendered":"Edvaldo assina protocolo para ades\u00e3o de Aracaju ao cons\u00f3rcio da compra de vacinas contra a covid-19"},"content":{"rendered":"\n<p><small>01\/03\/2021 17h39<\/small><\/p>\n\n\n\n<p>O prefeito Edvaldo Nogueira confirmou, na tarde desta segunda-feira, 1\u00ba, a participa\u00e7\u00e3o de Aracaju no cons\u00f3rcio p\u00fablico nacional para a compra de vacina contra a covid-19. Em nova reuni\u00e3o com a Frente Nacional de Prefeitos (FNP), da qual participaram mais de 300 prefeitos de todo o pa\u00eds, Edvaldo assinou o Protocolo de Inten\u00e7\u00f5es manifestando interesse em incluir a capital sergipana no grupo. O pr\u00f3ximo passo ser\u00e1 encaminhar, na pr\u00f3xima semana, projeto de lei \u00e0 C\u00e2mara de Vereadores que autoriza a entrada do munic\u00edpio no cons\u00f3rcio.<br><br>Al\u00e9m de viabilizar a aquisi\u00e7\u00e3o de vacinas, o cons\u00f3rcio ter\u00e1 como objetivo facilitar a compra de insumos, medicamentos e equipamentos. A previs\u00e3o \u00e9 que o cons\u00f3rcio seja institu\u00eddo at\u00e9 o final de mar\u00e7o. &#8220;A assinatura do Protocolo de Inten\u00e7\u00f5es \u00e9 um gesto muito importante. Ele&nbsp; concretiza a inten\u00e7\u00e3o dos prefeitos em ajudar o Plano Nacional de Imuniza\u00e7\u00e3o. Hoje, demos o primeiro passo. Na pr\u00f3xima semana, encaminharemos o projeto de lei para a C\u00e2mara Municipal e at\u00e9 o dia 19 de mar\u00e7o, o cons\u00f3rcio estar\u00e1 efetivado&#8221;, destacou Edvaldo.<br><br>Ao assinar o documento, o prefeito de Aracaju reiterou que a constitui\u00e7\u00e3o do cons\u00f3rcio p\u00fablico n\u00e3o \u00e9 &#8220;para competir com os governos federal e estaduais&#8221;. &#8220;Essa \u00e9 uma ideia de soma\u00e7\u00e3o de esfor\u00e7os. Estamos dando as m\u00e3os para combater o coronav\u00edrus. Acredito nessa uni\u00e3o e \u00e9 preciso que, acima de tudo, n\u00f3s, munic\u00edpios, tenhamos as vacinas para avan\u00e7armos cada vez mais. O que queremos \u00e9 ajudar porque somente com a vacina derrotaremos esse v\u00edrus&#8221;, refor\u00e7ou.<br><br>Em nota explicativa divulgada para a sociedade, a Frente Nacional de Prefeitos afirma que a cria\u00e7\u00e3o de um novo cons\u00f3rcio se d\u00e1 como alternativa \u00e0 inviabilidade de se utilizar os cons\u00f3rcios j\u00e1 existentes, seja por restri\u00e7\u00f5es de finalidade, abrang\u00eancia territorial ou pela inexist\u00eancia de imagem internacional consolidada. A proposta \u00e9 que as maiores cidades do pa\u00eds, que j\u00e1 possuem protagonismo e trajet\u00f3ria de atua\u00e7\u00e3o internacional, tamb\u00e9m possam fazer parte da iniciativa, fortalecendo ainda mais a a\u00e7\u00e3o.<br><br>Desta forma, segundo a FNP, a iniciativa de construir condi\u00e7\u00f5es pol\u00edticas, administrativas, jur\u00eddicas e diplom\u00e1ticas para aquisi\u00e7\u00e3o de vacinas por parte dos munic\u00edpios n\u00e3o rivaliza, nem se sobrep\u00f5e \u00e0s iniciativas do governo federal e estaduais, mas se soma. A federa\u00e7\u00e3o tamb\u00e9m destaca a urg\u00eancia em avan\u00e7ar com a vacina\u00e7\u00e3o dos brasileiros, uma vez que a retomada econ\u00f4mica do pa\u00eds est\u00e1 diretamente relacionada \u00e0 imuniza\u00e7\u00e3o da popula\u00e7\u00e3o.<br><strong><br>O cons\u00f3rcio<\/strong><br><br>No \u00faltimo s\u00e1bado, 27, o prefeito Edvaldo Nogueira participou de reuni\u00e3o virtual com a dire\u00e7\u00e3o nacional da FNP que estabeleceu as diretrizes para cria\u00e7\u00e3o do cons\u00f3rcio. No encontro, Edvaldo prop\u00f4s a acelera\u00e7\u00e3o do processo de aprova\u00e7\u00e3o da lei pelos Legislativos Municipais, o que foi atendido pelos gestores que participaram da reuni\u00e3o.<br><br>Os prefeitos ter\u00e3o at\u00e9 sexta-feira, 5, para manifestar a inten\u00e7\u00e3o de filia\u00e7\u00e3o ao cons\u00f3rcio. Depois disso, as prefeituras ter\u00e3o 15 dias para encaminhar projeto de lei autorizando a ades\u00e3o ao cons\u00f3rcio. A ideia da cria\u00e7\u00e3o do grupo surgiu ap\u00f3s a decis\u00e3o do Supremo Tribunal Federal, no \u00faltimo dia 23 de fevereiro, autorizando a compra de imunizantes por Estados e munic\u00edpios.<br><br>O objetivo \u00e9 buscar vacinas alternativas que n\u00e3o est\u00e3o sendo adquiridas pelo governo federal. No momento, existem 10 vacinas aprovadas por organiza\u00e7\u00f5es internacionais. Destas, duas j\u00e1 foram adquiridas pela Uni\u00e3o e uma est\u00e1 em processo de negocia\u00e7\u00e3o. A inten\u00e7\u00e3o do cons\u00f3rcio \u00e9 abrir o di\u00e1logo para aquisi\u00e7\u00e3o dos imunizantes dos outros sete laborat\u00f3rios.<\/p>\n","protected":false},"excerpt":{"rendered":"<p>01\/03\/2021 17h39 O prefeito Edvaldo Nogueira confirmou, na tarde desta segunda-feira, 1\u00ba, a participa\u00e7\u00e3o de Aracaju no cons\u00f3rcio p\u00fablico nacional para a compra de vacina contra a covid-19. Em nova reuni\u00e3o com a Frente Nacional de Prefeitos (FNP), da qual participaram mais de 300 prefeitos de todo o pa\u00eds, Edvaldo assinou o Protocolo de Inten\u00e7\u00f5es [&hellip;]<\/p>\n","protected":false},"author":1,"featured_media":2747,"comment_status":"closed","ping_status":"closed","sticky":false,"template":"","format":"standard","meta":{"footnotes":""},"categories":[53,54],"tags":[],"class_list":["post-2746","post","type-post","status-publish","format-standard","has-post-thumbnail","hentry","category-destaques","category-saude"],"yoast_head":"<!-- This site is optimized with the Yoast SEO plugin v27.5 - https:\/\/yoast.com\/product\/yoast-seo-wordpress\/ -->\n<title>Edvaldo assina protocolo para ades\u00e3o de Aracaju ao cons\u00f3rcio da compra de vacinas contra a covid-19 - O Coerente<\/title>\n<meta name=\"robots\" content=\"index, follow, max-snippet:-1, max-image-preview:large, max-video-preview:-1\" \/>\n<link rel=\"canonical\" href=\"https:\/\/ocoerente.com.br\/se\/2021\/03\/02\/edvaldo-assina-protocolo-para-adesao-de-aracaju-ao-consorcio-da-compra-de-vacinas-contra-a-covid-19\/\" \/>\n<meta property=\"og:locale\" content=\"pt_BR\" \/>\n<meta property=\"og:type\" content=\"article\" \/>\n<meta property=\"og:title\" content=\"Edvaldo assina protocolo para ades\u00e3o de Aracaju ao cons\u00f3rcio da compra de vacinas contra a covid-19 - O Coerente\" \/>\n<meta property=\"og:description\" content=\"01\/03\/2021 17h39 O prefeito Edvaldo Nogueira confirmou, na tarde desta segunda-feira, 1\u00ba, a participa\u00e7\u00e3o de Aracaju no cons\u00f3rcio p\u00fablico nacional para a compra de vacina contra a covid-19. Em nova reuni\u00e3o com a Frente Nacional de Prefeitos (FNP), da qual participaram mais de 300 prefeitos de todo o pa\u00eds, Edvaldo assinou o Protocolo de Inten\u00e7\u00f5es [&hellip;]\" \/>\n<meta property=\"og:url\" content=\"https:\/\/ocoerente.com.br\/se\/2021\/03\/02\/edvaldo-assina-protocolo-para-adesao-de-aracaju-ao-consorcio-da-compra-de-vacinas-contra-a-covid-19\/\" \/>\n<meta property=\"og:site_name\" content=\"O Coerente\" \/>\n<meta property=\"article:published_time\" content=\"2021-03-02T07:09:40+00:00\" \/>\n<meta property=\"article:modified_time\" content=\"2021-03-02T07:09:42+00:00\" \/>\n<meta property=\"og:image\" content=\"https:\/\/ocoerente.com.br\/se\/wp-content\/uploads\/2021\/03\/alm4902-scaled.jpg\" \/>\n\t<meta property=\"og:image:width\" content=\"2560\" \/>\n\t<meta property=\"og:image:height\" content=\"1745\" \/>\n\t<meta property=\"og:image:type\" content=\"image\/jpeg\" \/>\n<meta name=\"author\" content=\"Reda\u00e7\u00e3o\" \/>\n<meta name=\"twitter:card\" content=\"summary_large_image\" \/>\n<meta name=\"twitter:label1\" content=\"Escrito por\" \/>\n\t<meta name=\"twitter:data1\" content=\"Reda\u00e7\u00e3o\" \/>\n\t<meta name=\"twitter:label2\" content=\"Est. tempo de leitura\" \/>\n\t<meta name=\"twitter:data2\" content=\"3 minutos\" \/>\n<script type=\"application\/ld+json\" class=\"yoast-schema-graph\">{\"@context\":\"https:\\\/\\\/schema.org\",\"@graph\":[{\"@type\":\"Article\",\"@id\":\"https:\\\/\\\/ocoerente.com.br\\\/se\\\/2021\\\/03\\\/02\\\/edvaldo-assina-protocolo-para-adesao-de-aracaju-ao-consorcio-da-compra-de-vacinas-contra-a-covid-19\\\/#article\",\"isPartOf\":{\"@id\":\"https:\\\/\\\/ocoerente.com.br\\\/se\\\/2021\\\/03\\\/02\\\/edvaldo-assina-protocolo-para-adesao-de-aracaju-ao-consorcio-da-compra-de-vacinas-contra-a-covid-19\\\/\"},\"author\":{\"name\":\"Reda\u00e7\u00e3o\",\"@id\":\"https:\\\/\\\/ocoerente.com.br\\\/se\\\/#\\\/schema\\\/person\\\/cc6bfd9fbca465e23543b0c963d8d037\"},\"headline\":\"Edvaldo assina protocolo para ades\u00e3o de Aracaju ao cons\u00f3rcio da compra de vacinas contra a covid-19\",\"datePublished\":\"2021-03-02T07:09:40+00:00\",\"dateModified\":\"2021-03-02T07:09:42+00:00\",\"mainEntityOfPage\":{\"@id\":\"https:\\\/\\\/ocoerente.com.br\\\/se\\\/2021\\\/03\\\/02\\\/edvaldo-assina-protocolo-para-adesao-de-aracaju-ao-consorcio-da-compra-de-vacinas-contra-a-covid-19\\\/\"},\"wordCount\":653,\"publisher\":{\"@id\":\"https:\\\/\\\/ocoerente.com.br\\\/se\\\/#\\\/schema\\\/person\\\/cc6bfd9fbca465e23543b0c963d8d037\"},\"image\":{\"@id\":\"https:\\\/\\\/ocoerente.com.br\\\/se\\\/2021\\\/03\\\/02\\\/edvaldo-assina-protocolo-para-adesao-de-aracaju-ao-consorcio-da-compra-de-vacinas-contra-a-covid-19\\\/#primaryimage\"},\"thumbnailUrl\":\"https:\\\/\\\/ocoerente.com.br\\\/se\\\/wp-content\\\/uploads\\\/2021\\\/03\\\/alm4902-scaled.jpg\",\"articleSection\":[\"Destaques\",\"Sa\u00fade\"],\"inLanguage\":\"pt-BR\"},{\"@type\":\"WebPage\",\"@id\":\"https:\\\/\\\/ocoerente.com.br\\\/se\\\/2021\\\/03\\\/02\\\/edvaldo-assina-protocolo-para-adesao-de-aracaju-ao-consorcio-da-compra-de-vacinas-contra-a-covid-19\\\/\",\"url\":\"https:\\\/\\\/ocoerente.com.br\\\/se\\\/2021\\\/03\\\/02\\\/edvaldo-assina-protocolo-para-adesao-de-aracaju-ao-consorcio-da-compra-de-vacinas-contra-a-covid-19\\\/\",\"name\":\"Edvaldo assina protocolo para ades\u00e3o de Aracaju ao cons\u00f3rcio da compra de vacinas contra a covid-19 - O Coerente\",\"isPartOf\":{\"@id\":\"https:\\\/\\\/ocoerente.com.br\\\/se\\\/#website\"},\"primaryImageOfPage\":{\"@id\":\"https:\\\/\\\/ocoerente.com.br\\\/se\\\/2021\\\/03\\\/02\\\/edvaldo-assina-protocolo-para-adesao-de-aracaju-ao-consorcio-da-compra-de-vacinas-contra-a-covid-19\\\/#primaryimage\"},\"image\":{\"@id\":\"https:\\\/\\\/ocoerente.com.br\\\/se\\\/2021\\\/03\\\/02\\\/edvaldo-assina-protocolo-para-adesao-de-aracaju-ao-consorcio-da-compra-de-vacinas-contra-a-covid-19\\\/#primaryimage\"},\"thumbnailUrl\":\"https:\\\/\\\/ocoerente.com.br\\\/se\\\/wp-content\\\/uploads\\\/2021\\\/03\\\/alm4902-scaled.jpg\",\"datePublished\":\"2021-03-02T07:09:40+00:00\",\"dateModified\":\"2021-03-02T07:09:42+00:00\",\"breadcrumb\":{\"@id\":\"https:\\\/\\\/ocoerente.com.br\\\/se\\\/2021\\\/03\\\/02\\\/edvaldo-assina-protocolo-para-adesao-de-aracaju-ao-consorcio-da-compra-de-vacinas-contra-a-covid-19\\\/#breadcrumb\"},\"inLanguage\":\"pt-BR\",\"potentialAction\":[{\"@type\":\"ReadAction\",\"target\":[\"https:\\\/\\\/ocoerente.com.br\\\/se\\\/2021\\\/03\\\/02\\\/edvaldo-assina-protocolo-para-adesao-de-aracaju-ao-consorcio-da-compra-de-vacinas-contra-a-covid-19\\\/\"]}]},{\"@type\":\"ImageObject\",\"inLanguage\":\"pt-BR\",\"@id\":\"https:\\\/\\\/ocoerente.com.br\\\/se\\\/2021\\\/03\\\/02\\\/edvaldo-assina-protocolo-para-adesao-de-aracaju-ao-consorcio-da-compra-de-vacinas-contra-a-covid-19\\\/#primaryimage\",\"url\":\"https:\\\/\\\/ocoerente.com.br\\\/se\\\/wp-content\\\/uploads\\\/2021\\\/03\\\/alm4902-scaled.jpg\",\"contentUrl\":\"https:\\\/\\\/ocoerente.com.br\\\/se\\\/wp-content\\\/uploads\\\/2021\\\/03\\\/alm4902-scaled.jpg\",\"width\":2560,\"height\":1745},{\"@type\":\"BreadcrumbList\",\"@id\":\"https:\\\/\\\/ocoerente.com.br\\\/se\\\/2021\\\/03\\\/02\\\/edvaldo-assina-protocolo-para-adesao-de-aracaju-ao-consorcio-da-compra-de-vacinas-contra-a-covid-19\\\/#breadcrumb\",\"itemListElement\":[{\"@type\":\"ListItem\",\"position\":1,\"name\":\"In\u00edcio\",\"item\":\"https:\\\/\\\/ocoerente.com.br\\\/se\\\/\"},{\"@type\":\"ListItem\",\"position\":2,\"name\":\"Edvaldo assina protocolo para ades\u00e3o de Aracaju ao cons\u00f3rcio da compra de vacinas contra a covid-19\"}]},{\"@type\":\"WebSite\",\"@id\":\"https:\\\/\\\/ocoerente.com.br\\\/se\\\/#website\",\"url\":\"https:\\\/\\\/ocoerente.com.br\\\/se\\\/\",\"name\":\"O Coerente\",\"description\":\"\",\"publisher\":{\"@id\":\"https:\\\/\\\/ocoerente.com.br\\\/se\\\/#\\\/schema\\\/person\\\/cc6bfd9fbca465e23543b0c963d8d037\"},\"potentialAction\":[{\"@type\":\"SearchAction\",\"target\":{\"@type\":\"EntryPoint\",\"urlTemplate\":\"https:\\\/\\\/ocoerente.com.br\\\/se\\\/?s={search_term_string}\"},\"query-input\":{\"@type\":\"PropertyValueSpecification\",\"valueRequired\":true,\"valueName\":\"search_term_string\"}}],\"inLanguage\":\"pt-BR\"},{\"@type\":[\"Person\",\"Organization\"],\"@id\":\"https:\\\/\\\/ocoerente.com.br\\\/se\\\/#\\\/schema\\\/person\\\/cc6bfd9fbca465e23543b0c963d8d037\",\"name\":\"Reda\u00e7\u00e3o\",\"image\":{\"@type\":\"ImageObject\",\"inLanguage\":\"pt-BR\",\"@id\":\"https:\\\/\\\/ocoerente.com.br\\\/se\\\/wp-content\\\/uploads\\\/2020\\\/01\\\/ocoerente-1.png\",\"url\":\"https:\\\/\\\/ocoerente.com.br\\\/se\\\/wp-content\\\/uploads\\\/2020\\\/01\\\/ocoerente-1.png\",\"contentUrl\":\"https:\\\/\\\/ocoerente.com.br\\\/se\\\/wp-content\\\/uploads\\\/2020\\\/01\\\/ocoerente-1.png\",\"width\":50,\"height\":50,\"caption\":\"Reda\u00e7\u00e3o\"},\"logo\":{\"@id\":\"https:\\\/\\\/ocoerente.com.br\\\/se\\\/wp-content\\\/uploads\\\/2020\\\/01\\\/ocoerente-1.png\"},\"url\":\"https:\\\/\\\/ocoerente.com.br\\\/se\\\/author\\\/vasticlsales\\\/\"}]}<\/script>\n<!-- \/ Yoast SEO plugin. -->","yoast_head_json":{"title":"Edvaldo assina protocolo para ades\u00e3o de Aracaju ao cons\u00f3rcio da compra de vacinas contra a covid-19 - O Coerente","robots":{"index":"index","follow":"follow","max-snippet":"max-snippet:-1","max-image-preview":"max-image-preview:large","max-video-preview":"max-video-preview:-1"},"canonical":"https:\/\/ocoerente.com.br\/se\/2021\/03\/02\/edvaldo-assina-protocolo-para-adesao-de-aracaju-ao-consorcio-da-compra-de-vacinas-contra-a-covid-19\/","og_locale":"pt_BR","og_type":"article","og_title":"Edvaldo assina protocolo para ades\u00e3o de Aracaju ao cons\u00f3rcio da compra de vacinas contra a covid-19 - O Coerente","og_description":"01\/03\/2021 17h39 O prefeito Edvaldo Nogueira confirmou, na tarde desta segunda-feira, 1\u00ba, a participa\u00e7\u00e3o de Aracaju no cons\u00f3rcio p\u00fablico nacional para a compra de vacina contra a covid-19. Em nova reuni\u00e3o com a Frente Nacional de Prefeitos (FNP), da qual participaram mais de 300 prefeitos de todo o pa\u00eds, Edvaldo assinou o Protocolo de Inten\u00e7\u00f5es [&hellip;]","og_url":"https:\/\/ocoerente.com.br\/se\/2021\/03\/02\/edvaldo-assina-protocolo-para-adesao-de-aracaju-ao-consorcio-da-compra-de-vacinas-contra-a-covid-19\/","og_site_name":"O Coerente","article_published_time":"2021-03-02T07:09:40+00:00","article_modified_time":"2021-03-02T07:09:42+00:00","og_image":[{"width":2560,"height":1745,"url":"https:\/\/ocoerente.com.br\/se\/wp-content\/uploads\/2021\/03\/alm4902-scaled.jpg","type":"image\/jpeg"}],"author":"Reda\u00e7\u00e3o","twitter_card":"summary_large_image","twitter_misc":{"Escrito por":"Reda\u00e7\u00e3o","Est. tempo de leitura":"3 minutos"},"schema":{"@context":"https:\/\/schema.org","@graph":[{"@type":"Article","@id":"https:\/\/ocoerente.com.br\/se\/2021\/03\/02\/edvaldo-assina-protocolo-para-adesao-de-aracaju-ao-consorcio-da-compra-de-vacinas-contra-a-covid-19\/#article","isPartOf":{"@id":"https:\/\/ocoerente.com.br\/se\/2021\/03\/02\/edvaldo-assina-protocolo-para-adesao-de-aracaju-ao-consorcio-da-compra-de-vacinas-contra-a-covid-19\/"},"author":{"name":"Reda\u00e7\u00e3o","@id":"https:\/\/ocoerente.com.br\/se\/#\/schema\/person\/cc6bfd9fbca465e23543b0c963d8d037"},"headline":"Edvaldo assina protocolo para ades\u00e3o de Aracaju ao cons\u00f3rcio da compra de vacinas contra a covid-19","datePublished":"2021-03-02T07:09:40+00:00","dateModified":"2021-03-02T07:09:42+00:00","mainEntityOfPage":{"@id":"https:\/\/ocoerente.com.br\/se\/2021\/03\/02\/edvaldo-assina-protocolo-para-adesao-de-aracaju-ao-consorcio-da-compra-de-vacinas-contra-a-covid-19\/"},"wordCount":653,"publisher":{"@id":"https:\/\/ocoerente.com.br\/se\/#\/schema\/person\/cc6bfd9fbca465e23543b0c963d8d037"},"image":{"@id":"https:\/\/ocoerente.com.br\/se\/2021\/03\/02\/edvaldo-assina-protocolo-para-adesao-de-aracaju-ao-consorcio-da-compra-de-vacinas-contra-a-covid-19\/#primaryimage"},"thumbnailUrl":"https:\/\/ocoerente.com.br\/se\/wp-content\/uploads\/2021\/03\/alm4902-scaled.jpg","articleSection":["Destaques","Sa\u00fade"],"inLanguage":"pt-BR"},{"@type":"WebPage","@id":"https:\/\/ocoerente.com.br\/se\/2021\/03\/02\/edvaldo-assina-protocolo-para-adesao-de-aracaju-ao-consorcio-da-compra-de-vacinas-contra-a-covid-19\/","url":"https:\/\/ocoerente.com.br\/se\/2021\/03\/02\/edvaldo-assina-protocolo-para-adesao-de-aracaju-ao-consorcio-da-compra-de-vacinas-contra-a-covid-19\/","name":"Edvaldo assina protocolo para ades\u00e3o de Aracaju ao cons\u00f3rcio da compra de vacinas contra a covid-19 - O Coerente","isPartOf":{"@id":"https:\/\/ocoerente.com.br\/se\/#website"},"primaryImageOfPage":{"@id":"https:\/\/ocoerente.com.br\/se\/2021\/03\/02\/edvaldo-assina-protocolo-para-adesao-de-aracaju-ao-consorcio-da-compra-de-vacinas-contra-a-covid-19\/#primaryimage"},"image":{"@id":"https:\/\/ocoerente.com.br\/se\/2021\/03\/02\/edvaldo-assina-protocolo-para-adesao-de-aracaju-ao-consorcio-da-compra-de-vacinas-contra-a-covid-19\/#primaryimage"},"thumbnailUrl":"https:\/\/ocoerente.com.br\/se\/wp-content\/uploads\/2021\/03\/alm4902-scaled.jpg","datePublished":"2021-03-02T07:09:40+00:00","dateModified":"2021-03-02T07:09:42+00:00","breadcrumb":{"@id":"https:\/\/ocoerente.com.br\/se\/2021\/03\/02\/edvaldo-assina-protocolo-para-adesao-de-aracaju-ao-consorcio-da-compra-de-vacinas-contra-a-covid-19\/#breadcrumb"},"inLanguage":"pt-BR","potentialAction":[{"@type":"ReadAction","target":["https:\/\/ocoerente.com.br\/se\/2021\/03\/02\/edvaldo-assina-protocolo-para-adesao-de-aracaju-ao-consorcio-da-compra-de-vacinas-contra-a-covid-19\/"]}]},{"@type":"ImageObject","inLanguage":"pt-BR","@id":"https:\/\/ocoerente.com.br\/se\/2021\/03\/02\/edvaldo-assina-protocolo-para-adesao-de-aracaju-ao-consorcio-da-compra-de-vacinas-contra-a-covid-19\/#primaryimage","url":"https:\/\/ocoerente.com.br\/se\/wp-content\/uploads\/2021\/03\/alm4902-scaled.jpg","contentUrl":"https:\/\/ocoerente.com.br\/se\/wp-content\/uploads\/2021\/03\/alm4902-scaled.jpg","width":2560,"height":1745},{"@type":"BreadcrumbList","@id":"https:\/\/ocoerente.com.br\/se\/2021\/03\/02\/edvaldo-assina-protocolo-para-adesao-de-aracaju-ao-consorcio-da-compra-de-vacinas-contra-a-covid-19\/#breadcrumb","itemListElement":[{"@type":"ListItem","position":1,"name":"In\u00edcio","item":"https:\/\/ocoerente.com.br\/se\/"},{"@type":"ListItem","position":2,"name":"Edvaldo assina protocolo para ades\u00e3o de Aracaju ao cons\u00f3rcio da compra de vacinas contra a covid-19"}]},{"@type":"WebSite","@id":"https:\/\/ocoerente.com.br\/se\/#website","url":"https:\/\/ocoerente.com.br\/se\/","name":"O Coerente","description":"","publisher":{"@id":"https:\/\/ocoerente.com.br\/se\/#\/schema\/person\/cc6bfd9fbca465e23543b0c963d8d037"},"potentialAction":[{"@type":"SearchAction","target":{"@type":"EntryPoint","urlTemplate":"https:\/\/ocoerente.com.br\/se\/?s={search_term_string}"},"query-input":{"@type":"PropertyValueSpecification","valueRequired":true,"valueName":"search_term_string"}}],"inLanguage":"pt-BR"},{"@type":["Person","Organization"],"@id":"https:\/\/ocoerente.com.br\/se\/#\/schema\/person\/cc6bfd9fbca465e23543b0c963d8d037","name":"Reda\u00e7\u00e3o","image":{"@type":"ImageObject","inLanguage":"pt-BR","@id":"https:\/\/ocoerente.com.br\/se\/wp-content\/uploads\/2020\/01\/ocoerente-1.png","url":"https:\/\/ocoerente.com.br\/se\/wp-content\/uploads\/2020\/01\/ocoerente-1.png","contentUrl":"https:\/\/ocoerente.com.br\/se\/wp-content\/uploads\/2020\/01\/ocoerente-1.png","width":50,"height":50,"caption":"Reda\u00e7\u00e3o"},"logo":{"@id":"https:\/\/ocoerente.com.br\/se\/wp-content\/uploads\/2020\/01\/ocoerente-1.png"},"url":"https:\/\/ocoerente.com.br\/se\/author\/vasticlsales\/"}]}},"_links":{"self":[{"href":"https:\/\/ocoerente.com.br\/se\/wp-json\/wp\/v2\/posts\/2746","targetHints":{"allow":["GET"]}}],"collection":[{"href":"https:\/\/ocoerente.com.br\/se\/wp-json\/wp\/v2\/posts"}],"about":[{"href":"https:\/\/ocoerente.com.br\/se\/wp-json\/wp\/v2\/types\/post"}],"author":[{"embeddable":true,"href":"https:\/\/ocoerente.com.br\/se\/wp-json\/wp\/v2\/users\/1"}],"replies":[{"embeddable":true,"href":"https:\/\/ocoerente.com.br\/se\/wp-json\/wp\/v2\/comments?post=2746"}],"version-history":[{"count":1,"href":"https:\/\/ocoerente.com.br\/se\/wp-json\/wp\/v2\/posts\/2746\/revisions"}],"predecessor-version":[{"id":2748,"href":"https:\/\/ocoerente.com.br\/se\/wp-json\/wp\/v2\/posts\/2746\/revisions\/2748"}],"wp:featuredmedia":[{"embeddable":true,"href":"https:\/\/ocoerente.com.br\/se\/wp-json\/wp\/v2\/media\/2747"}],"wp:attachment":[{"href":"https:\/\/ocoerente.com.br\/se\/wp-json\/wp\/v2\/media?parent=2746"}],"wp:term":[{"taxonomy":"category","embeddable":true,"href":"https:\/\/ocoerente.com.br\/se\/wp-json\/wp\/v2\/categories?post=2746"},{"taxonomy":"post_tag","embeddable":true,"href":"https:\/\/ocoerente.com.br\/se\/wp-json\/wp\/v2\/tags?post=2746"}],"curies":[{"name":"wp","href":"https:\/\/api.w.org\/{rel}","templated":true}]}}