{"id":2743,"date":"2021-03-02T04:08:27","date_gmt":"2021-03-02T07:08:27","guid":{"rendered":"https:\/\/ocoerente.com.br\/se\/?p=2743"},"modified":"2021-03-02T04:08:28","modified_gmt":"2021-03-02T07:08:28","slug":"lei-do-gas-relator-ignora-mudancas-do-senado-e-retoma-versao-da-camara","status":"publish","type":"post","link":"https:\/\/ocoerente.com.br\/se\/2021\/03\/02\/lei-do-gas-relator-ignora-mudancas-do-senado-e-retoma-versao-da-camara\/","title":{"rendered":"Lei do G\u00e1s: relator ignora mudan\u00e7as do Senado e retoma vers\u00e3o da C\u00e2mara"},"content":{"rendered":"\n<p>O&nbsp;<a href=\"https:\/\/www.camara.leg.br\/proposicoesWeb\/fichadetramitacao?idProposicao=593065\"><strong>Projeto de Lei (PL) 4476\/2020<\/strong><\/a>, conhecido como &#8220;PL do G\u00e1s&#8221;, deve ir \u00e0 vota\u00e7\u00e3o na C\u00e2mara dos Deputados sem as mudan\u00e7as feitas pelo Senado ao texto. A expectativa do relator,&nbsp;<a href=\"https:\/\/radar.congressoemfoco.com.br\/parlamentar\/1151208\"><strong>Laercio Oliveira<\/strong><\/a>&nbsp;(PP-SE), \u00e9 que o texto seja aprovado pelo Plen\u00e1rio e siga para san\u00e7\u00e3o presidencial da mesma maneira como<a href=\"https:\/\/congressoemfoco.uol.com.br\/economia\/ao-vivo-camara-analisa-pl-do-gas\/\"><strong>&nbsp;foi aprovado pela Casa, em setembro de 2020<\/strong><\/a>.&nbsp;O deputado sergipano acredita que a proposta ser\u00e1 aprovada at\u00e9 quarta-feira (3) e encaminhada ao Planalto.<\/p>\n\n\n\n<p>&#8220;Vamos enfrentar o texto da forma como ele saiu da C\u00e2mara&#8221;, explicou Laercio. &#8220;A disposi\u00e7\u00e3o nossa \u00e9 trabalhar com o texto dessa maneira, respeitando aquilo que foi constru\u00eddo na C\u00e2mara l\u00e1 tr\u00e1s e rejeitando todas as\u00a0<a href=\"https:\/\/congressoemfoco.uol.com.br\/especial\/noticias\/senado-analisa-nova-lei-do-gas-e-mudancas-na-lei-de-licitacoes\/\"><strong>mudan\u00e7as que o Senado fez<\/strong><\/a>&#8220;, acrescentou.<\/p>\n\n\n\n<p>Na avalia\u00e7\u00e3o dele, as mudan\u00e7as feitas pelo Senado n\u00e3o representam ganho para o setor. &#8220;As sugest\u00f5es apresentadas pelo Senado n\u00e3o promove nenhum avan\u00e7o em tudo aquilo que fizemos&#8221;, disse. Os trabalhos feitos pela C\u00e2mara, ressaltou, j\u00e1 duram cinco anos e v\u00eam de discuss\u00f5es na Comiss\u00e3o de Minas e Energia (CME) da Casa.<\/p>\n\n\n\n<p>&#8220;Todos os atores do g\u00e1s foram ouvidos durante esses anos todos, e todo mundo deu sua contribui\u00e7\u00e3o. Governo tem participado ativamente, transportadoras, comercializadoras, todas deram sua opini\u00e3o. N\u00e3o avan\u00e7a em nada e n\u00e3o melhora em nada o texto as emendas apresentadas pelo Senado&#8221;, ressaltou o relator.<\/p>\n\n\n\n<p>O texto do Senado, relatado pelo senador&nbsp;<a href=\"https:\/\/radar.congressoemfoco.com.br\/parlamentar\/24994\/perfil\"><strong>Eduardo Braga<\/strong><\/a>&nbsp;(MDB-AM), desagradou n\u00e3o apenas aos deputados, mas tamb\u00e9m ao pr\u00f3prio governo, que disse \u00e0 \u00e9poca da aprova\u00e7\u00e3o que iria defender o texto original na C\u00e2mara.&nbsp;<a href=\"https:\/\/drive.google.com\/file\/d\/1pO4tSbyH2bHD8OBZtU4bcVp0DgD2NIyd\/view\"><strong>Veja aqui como saiu o texto do Senado<\/strong><\/a>.<\/p>\n\n\n\n<p>La\u00e9rcio Oliveira afirma que o texto da C\u00e2mara causar\u00e1 uma &#8220;revolu\u00e7\u00e3o&#8221; no setor. &#8220;A minha motiva\u00e7\u00e3o maior \u00e9 a certeza que o projeto est\u00e1 pronto para colocar o g\u00e1s, esse insumo t\u00e3o importante, em um ambiente totalmente acess\u00edvel para a ind\u00fastria e para quem se utiliza dele&#8221;. Al\u00e9m da diminui\u00e7\u00e3o do pre\u00e7o do metro c\u00fabico do g\u00e1s, o deputado prev\u00ea uma melhora na balan\u00e7a comercial brasileira, que passar\u00e1 a ser menos dependente do hidrocarboneto que vem da Bol\u00edvia, um dos principais fornecedores do pa\u00eds.<\/p>\n\n\n\n<p>A possibilidade de aprovar o texto j\u00e1 nesta semana gera otimismo por parte de parlamentares que acompanham a discuss\u00e3o. &#8220;Estou confiante que ela seja votada, e que sejam rejeitadas as emendas do Senado, para que seja aprovado sem destaques&#8221;, disse<strong><a href=\"https:\/\/radar.congressoemfoco.com.br\/parlamentar\/1204461\">&nbsp;Paulo Ganime<\/a><\/strong>&nbsp;(Novo-RJ). &#8220;\u00c9 uma pauta muito importante, muito boa para o Brasil e muito boa para o Rio de Janeiro.&#8221;<\/p>\n\n\n\n<p>O projeto substitui o modelo jur\u00eddico atual para explora\u00e7\u00e3o do servi\u00e7o de transporte de g\u00e1s natural e para a constru\u00e7\u00e3o de gasodutos, trocando a concess\u00e3o &#8211; em que a empresa precisa vencer um leil\u00e3o promovido pelo governo &#8211; pela autoriza\u00e7\u00e3o, em que a empresa apresenta um projeto ap\u00f3s chamada p\u00fablica e aguarda a aprova\u00e7\u00e3o da Ag\u00eancia Nacional do Petr\u00f3leo, G\u00e1s Natural e Biocombust\u00edveis (ANP).<\/p>\n\n\n\n<p>O texto tamb\u00e9m prev\u00ea mecanismos para viabilizar a desconcentra\u00e7\u00e3o do mercado de g\u00e1s, no qual a Petrobras participa com 100% da importa\u00e7\u00e3o e do processamento e cerca de 80% da produ\u00e7\u00e3o. A ANP dever\u00e1 acompanhar o mercado para estimular a competitividade, usando mecanismos como cess\u00e3o compuls\u00f3ria de capacidade de transporte, escoamento da produ\u00e7\u00e3o e processamento; obriga\u00e7\u00e3o de venda, em leil\u00e3o, de parte dos volumes de comercializa\u00e7\u00e3o detidos por empresas com elevada participa\u00e7\u00e3o no mercado e restri\u00e7\u00e3o \u00e0 venda de g\u00e1s natural entre empresas nas mesmas \u00e1reas de produ\u00e7\u00e3o.<\/p>\n\n\n\n<p><em>Com informa\u00e7\u00f5es da Ag\u00eancia Senado<\/em><\/p>\n","protected":false},"excerpt":{"rendered":"<p>O&nbsp;Projeto de Lei (PL) 4476\/2020, conhecido como &#8220;PL do G\u00e1s&#8221;, deve ir \u00e0 vota\u00e7\u00e3o na C\u00e2mara dos Deputados sem as mudan\u00e7as feitas pelo Senado ao texto. A expectativa do relator,&nbsp;Laercio Oliveira&nbsp;(PP-SE), \u00e9 que o texto seja aprovado pelo Plen\u00e1rio e siga para san\u00e7\u00e3o presidencial da mesma maneira como&nbsp;foi aprovado pela Casa, em setembro de 2020.&nbsp;O [&hellip;]<\/p>\n","protected":false},"author":1,"featured_media":2744,"comment_status":"closed","ping_status":"closed","sticky":false,"template":"","format":"standard","meta":{"footnotes":""},"categories":[53,44],"tags":[],"class_list":["post-2743","post","type-post","status-publish","format-standard","has-post-thumbnail","hentry","category-destaques","category-politica"],"yoast_head":"<!-- This site is optimized with the Yoast SEO plugin v27.4 - https:\/\/yoast.com\/product\/yoast-seo-wordpress\/ -->\n<title>Lei do G\u00e1s: relator ignora mudan\u00e7as do Senado e retoma vers\u00e3o da C\u00e2mara - O Coerente<\/title>\n<meta name=\"robots\" content=\"index, follow, max-snippet:-1, max-image-preview:large, max-video-preview:-1\" \/>\n<link rel=\"canonical\" href=\"https:\/\/ocoerente.com.br\/se\/2021\/03\/02\/lei-do-gas-relator-ignora-mudancas-do-senado-e-retoma-versao-da-camara\/\" \/>\n<meta property=\"og:locale\" content=\"pt_BR\" \/>\n<meta property=\"og:type\" content=\"article\" \/>\n<meta property=\"og:title\" content=\"Lei do G\u00e1s: relator ignora mudan\u00e7as do Senado e retoma vers\u00e3o da C\u00e2mara - O Coerente\" \/>\n<meta property=\"og:description\" content=\"O&nbsp;Projeto de Lei (PL) 4476\/2020, conhecido como &#8220;PL do G\u00e1s&#8221;, deve ir \u00e0 vota\u00e7\u00e3o na C\u00e2mara dos Deputados sem as mudan\u00e7as feitas pelo Senado ao texto. A expectativa do relator,&nbsp;Laercio Oliveira&nbsp;(PP-SE), \u00e9 que o texto seja aprovado pelo Plen\u00e1rio e siga para san\u00e7\u00e3o presidencial da mesma maneira como&nbsp;foi aprovado pela Casa, em setembro de 2020.&nbsp;O [&hellip;]\" \/>\n<meta property=\"og:url\" content=\"https:\/\/ocoerente.com.br\/se\/2021\/03\/02\/lei-do-gas-relator-ignora-mudancas-do-senado-e-retoma-versao-da-camara\/\" \/>\n<meta property=\"og:site_name\" content=\"O Coerente\" \/>\n<meta property=\"article:published_time\" content=\"2021-03-02T07:08:27+00:00\" \/>\n<meta property=\"article:modified_time\" content=\"2021-03-02T07:08:28+00:00\" \/>\n<meta property=\"og:image\" content=\"https:\/\/ocoerente.com.br\/se\/wp-content\/uploads\/2021\/03\/liquigas-petrobras-pl-do-gas-foto-liquigas-750x430-1.jpg\" \/>\n\t<meta property=\"og:image:width\" content=\"750\" \/>\n\t<meta property=\"og:image:height\" content=\"430\" \/>\n\t<meta property=\"og:image:type\" content=\"image\/jpeg\" \/>\n<meta name=\"author\" content=\"Reda\u00e7\u00e3o\" \/>\n<meta name=\"twitter:card\" content=\"summary_large_image\" \/>\n<meta name=\"twitter:label1\" content=\"Escrito por\" \/>\n\t<meta name=\"twitter:data1\" content=\"Reda\u00e7\u00e3o\" \/>\n\t<meta name=\"twitter:label2\" content=\"Est. tempo de leitura\" \/>\n\t<meta name=\"twitter:data2\" content=\"3 minutos\" \/>\n<script type=\"application\/ld+json\" class=\"yoast-schema-graph\">{\"@context\":\"https:\\\/\\\/schema.org\",\"@graph\":[{\"@type\":\"Article\",\"@id\":\"https:\\\/\\\/ocoerente.com.br\\\/se\\\/2021\\\/03\\\/02\\\/lei-do-gas-relator-ignora-mudancas-do-senado-e-retoma-versao-da-camara\\\/#article\",\"isPartOf\":{\"@id\":\"https:\\\/\\\/ocoerente.com.br\\\/se\\\/2021\\\/03\\\/02\\\/lei-do-gas-relator-ignora-mudancas-do-senado-e-retoma-versao-da-camara\\\/\"},\"author\":{\"name\":\"Reda\u00e7\u00e3o\",\"@id\":\"https:\\\/\\\/ocoerente.com.br\\\/se\\\/#\\\/schema\\\/person\\\/cc6bfd9fbca465e23543b0c963d8d037\"},\"headline\":\"Lei do G\u00e1s: relator ignora mudan\u00e7as do Senado e retoma vers\u00e3o da C\u00e2mara\",\"datePublished\":\"2021-03-02T07:08:27+00:00\",\"dateModified\":\"2021-03-02T07:08:28+00:00\",\"mainEntityOfPage\":{\"@id\":\"https:\\\/\\\/ocoerente.com.br\\\/se\\\/2021\\\/03\\\/02\\\/lei-do-gas-relator-ignora-mudancas-do-senado-e-retoma-versao-da-camara\\\/\"},\"wordCount\":656,\"publisher\":{\"@id\":\"https:\\\/\\\/ocoerente.com.br\\\/se\\\/#\\\/schema\\\/person\\\/cc6bfd9fbca465e23543b0c963d8d037\"},\"image\":{\"@id\":\"https:\\\/\\\/ocoerente.com.br\\\/se\\\/2021\\\/03\\\/02\\\/lei-do-gas-relator-ignora-mudancas-do-senado-e-retoma-versao-da-camara\\\/#primaryimage\"},\"thumbnailUrl\":\"https:\\\/\\\/ocoerente.com.br\\\/se\\\/wp-content\\\/uploads\\\/2021\\\/03\\\/liquigas-petrobras-pl-do-gas-foto-liquigas-750x430-1.jpg\",\"articleSection\":[\"Destaques\",\"Pol\u00edtica\"],\"inLanguage\":\"pt-BR\"},{\"@type\":\"WebPage\",\"@id\":\"https:\\\/\\\/ocoerente.com.br\\\/se\\\/2021\\\/03\\\/02\\\/lei-do-gas-relator-ignora-mudancas-do-senado-e-retoma-versao-da-camara\\\/\",\"url\":\"https:\\\/\\\/ocoerente.com.br\\\/se\\\/2021\\\/03\\\/02\\\/lei-do-gas-relator-ignora-mudancas-do-senado-e-retoma-versao-da-camara\\\/\",\"name\":\"Lei do G\u00e1s: relator ignora mudan\u00e7as do Senado e retoma vers\u00e3o da C\u00e2mara - O Coerente\",\"isPartOf\":{\"@id\":\"https:\\\/\\\/ocoerente.com.br\\\/se\\\/#website\"},\"primaryImageOfPage\":{\"@id\":\"https:\\\/\\\/ocoerente.com.br\\\/se\\\/2021\\\/03\\\/02\\\/lei-do-gas-relator-ignora-mudancas-do-senado-e-retoma-versao-da-camara\\\/#primaryimage\"},\"image\":{\"@id\":\"https:\\\/\\\/ocoerente.com.br\\\/se\\\/2021\\\/03\\\/02\\\/lei-do-gas-relator-ignora-mudancas-do-senado-e-retoma-versao-da-camara\\\/#primaryimage\"},\"thumbnailUrl\":\"https:\\\/\\\/ocoerente.com.br\\\/se\\\/wp-content\\\/uploads\\\/2021\\\/03\\\/liquigas-petrobras-pl-do-gas-foto-liquigas-750x430-1.jpg\",\"datePublished\":\"2021-03-02T07:08:27+00:00\",\"dateModified\":\"2021-03-02T07:08:28+00:00\",\"breadcrumb\":{\"@id\":\"https:\\\/\\\/ocoerente.com.br\\\/se\\\/2021\\\/03\\\/02\\\/lei-do-gas-relator-ignora-mudancas-do-senado-e-retoma-versao-da-camara\\\/#breadcrumb\"},\"inLanguage\":\"pt-BR\",\"potentialAction\":[{\"@type\":\"ReadAction\",\"target\":[\"https:\\\/\\\/ocoerente.com.br\\\/se\\\/2021\\\/03\\\/02\\\/lei-do-gas-relator-ignora-mudancas-do-senado-e-retoma-versao-da-camara\\\/\"]}]},{\"@type\":\"ImageObject\",\"inLanguage\":\"pt-BR\",\"@id\":\"https:\\\/\\\/ocoerente.com.br\\\/se\\\/2021\\\/03\\\/02\\\/lei-do-gas-relator-ignora-mudancas-do-senado-e-retoma-versao-da-camara\\\/#primaryimage\",\"url\":\"https:\\\/\\\/ocoerente.com.br\\\/se\\\/wp-content\\\/uploads\\\/2021\\\/03\\\/liquigas-petrobras-pl-do-gas-foto-liquigas-750x430-1.jpg\",\"contentUrl\":\"https:\\\/\\\/ocoerente.com.br\\\/se\\\/wp-content\\\/uploads\\\/2021\\\/03\\\/liquigas-petrobras-pl-do-gas-foto-liquigas-750x430-1.jpg\",\"width\":750,\"height\":430},{\"@type\":\"BreadcrumbList\",\"@id\":\"https:\\\/\\\/ocoerente.com.br\\\/se\\\/2021\\\/03\\\/02\\\/lei-do-gas-relator-ignora-mudancas-do-senado-e-retoma-versao-da-camara\\\/#breadcrumb\",\"itemListElement\":[{\"@type\":\"ListItem\",\"position\":1,\"name\":\"In\u00edcio\",\"item\":\"https:\\\/\\\/ocoerente.com.br\\\/se\\\/\"},{\"@type\":\"ListItem\",\"position\":2,\"name\":\"Lei do G\u00e1s: relator ignora mudan\u00e7as do Senado e retoma vers\u00e3o da C\u00e2mara\"}]},{\"@type\":\"WebSite\",\"@id\":\"https:\\\/\\\/ocoerente.com.br\\\/se\\\/#website\",\"url\":\"https:\\\/\\\/ocoerente.com.br\\\/se\\\/\",\"name\":\"O Coerente\",\"description\":\"\",\"publisher\":{\"@id\":\"https:\\\/\\\/ocoerente.com.br\\\/se\\\/#\\\/schema\\\/person\\\/cc6bfd9fbca465e23543b0c963d8d037\"},\"potentialAction\":[{\"@type\":\"SearchAction\",\"target\":{\"@type\":\"EntryPoint\",\"urlTemplate\":\"https:\\\/\\\/ocoerente.com.br\\\/se\\\/?s={search_term_string}\"},\"query-input\":{\"@type\":\"PropertyValueSpecification\",\"valueRequired\":true,\"valueName\":\"search_term_string\"}}],\"inLanguage\":\"pt-BR\"},{\"@type\":[\"Person\",\"Organization\"],\"@id\":\"https:\\\/\\\/ocoerente.com.br\\\/se\\\/#\\\/schema\\\/person\\\/cc6bfd9fbca465e23543b0c963d8d037\",\"name\":\"Reda\u00e7\u00e3o\",\"image\":{\"@type\":\"ImageObject\",\"inLanguage\":\"pt-BR\",\"@id\":\"https:\\\/\\\/ocoerente.com.br\\\/se\\\/wp-content\\\/uploads\\\/2020\\\/01\\\/ocoerente-1.png\",\"url\":\"https:\\\/\\\/ocoerente.com.br\\\/se\\\/wp-content\\\/uploads\\\/2020\\\/01\\\/ocoerente-1.png\",\"contentUrl\":\"https:\\\/\\\/ocoerente.com.br\\\/se\\\/wp-content\\\/uploads\\\/2020\\\/01\\\/ocoerente-1.png\",\"width\":50,\"height\":50,\"caption\":\"Reda\u00e7\u00e3o\"},\"logo\":{\"@id\":\"https:\\\/\\\/ocoerente.com.br\\\/se\\\/wp-content\\\/uploads\\\/2020\\\/01\\\/ocoerente-1.png\"},\"url\":\"https:\\\/\\\/ocoerente.com.br\\\/se\\\/author\\\/vasticlsales\\\/\"}]}<\/script>\n<!-- \/ Yoast SEO plugin. -->","yoast_head_json":{"title":"Lei do G\u00e1s: relator ignora mudan\u00e7as do Senado e retoma vers\u00e3o da C\u00e2mara - O Coerente","robots":{"index":"index","follow":"follow","max-snippet":"max-snippet:-1","max-image-preview":"max-image-preview:large","max-video-preview":"max-video-preview:-1"},"canonical":"https:\/\/ocoerente.com.br\/se\/2021\/03\/02\/lei-do-gas-relator-ignora-mudancas-do-senado-e-retoma-versao-da-camara\/","og_locale":"pt_BR","og_type":"article","og_title":"Lei do G\u00e1s: relator ignora mudan\u00e7as do Senado e retoma vers\u00e3o da C\u00e2mara - O Coerente","og_description":"O&nbsp;Projeto de Lei (PL) 4476\/2020, conhecido como &#8220;PL do G\u00e1s&#8221;, deve ir \u00e0 vota\u00e7\u00e3o na C\u00e2mara dos Deputados sem as mudan\u00e7as feitas pelo Senado ao texto. A expectativa do relator,&nbsp;Laercio Oliveira&nbsp;(PP-SE), \u00e9 que o texto seja aprovado pelo Plen\u00e1rio e siga para san\u00e7\u00e3o presidencial da mesma maneira como&nbsp;foi aprovado pela Casa, em setembro de 2020.&nbsp;O [&hellip;]","og_url":"https:\/\/ocoerente.com.br\/se\/2021\/03\/02\/lei-do-gas-relator-ignora-mudancas-do-senado-e-retoma-versao-da-camara\/","og_site_name":"O Coerente","article_published_time":"2021-03-02T07:08:27+00:00","article_modified_time":"2021-03-02T07:08:28+00:00","og_image":[{"width":750,"height":430,"url":"https:\/\/ocoerente.com.br\/se\/wp-content\/uploads\/2021\/03\/liquigas-petrobras-pl-do-gas-foto-liquigas-750x430-1.jpg","type":"image\/jpeg"}],"author":"Reda\u00e7\u00e3o","twitter_card":"summary_large_image","twitter_misc":{"Escrito por":"Reda\u00e7\u00e3o","Est. tempo de leitura":"3 minutos"},"schema":{"@context":"https:\/\/schema.org","@graph":[{"@type":"Article","@id":"https:\/\/ocoerente.com.br\/se\/2021\/03\/02\/lei-do-gas-relator-ignora-mudancas-do-senado-e-retoma-versao-da-camara\/#article","isPartOf":{"@id":"https:\/\/ocoerente.com.br\/se\/2021\/03\/02\/lei-do-gas-relator-ignora-mudancas-do-senado-e-retoma-versao-da-camara\/"},"author":{"name":"Reda\u00e7\u00e3o","@id":"https:\/\/ocoerente.com.br\/se\/#\/schema\/person\/cc6bfd9fbca465e23543b0c963d8d037"},"headline":"Lei do G\u00e1s: relator ignora mudan\u00e7as do Senado e retoma vers\u00e3o da C\u00e2mara","datePublished":"2021-03-02T07:08:27+00:00","dateModified":"2021-03-02T07:08:28+00:00","mainEntityOfPage":{"@id":"https:\/\/ocoerente.com.br\/se\/2021\/03\/02\/lei-do-gas-relator-ignora-mudancas-do-senado-e-retoma-versao-da-camara\/"},"wordCount":656,"publisher":{"@id":"https:\/\/ocoerente.com.br\/se\/#\/schema\/person\/cc6bfd9fbca465e23543b0c963d8d037"},"image":{"@id":"https:\/\/ocoerente.com.br\/se\/2021\/03\/02\/lei-do-gas-relator-ignora-mudancas-do-senado-e-retoma-versao-da-camara\/#primaryimage"},"thumbnailUrl":"https:\/\/ocoerente.com.br\/se\/wp-content\/uploads\/2021\/03\/liquigas-petrobras-pl-do-gas-foto-liquigas-750x430-1.jpg","articleSection":["Destaques","Pol\u00edtica"],"inLanguage":"pt-BR"},{"@type":"WebPage","@id":"https:\/\/ocoerente.com.br\/se\/2021\/03\/02\/lei-do-gas-relator-ignora-mudancas-do-senado-e-retoma-versao-da-camara\/","url":"https:\/\/ocoerente.com.br\/se\/2021\/03\/02\/lei-do-gas-relator-ignora-mudancas-do-senado-e-retoma-versao-da-camara\/","name":"Lei do G\u00e1s: relator ignora mudan\u00e7as do Senado e retoma vers\u00e3o da C\u00e2mara - O Coerente","isPartOf":{"@id":"https:\/\/ocoerente.com.br\/se\/#website"},"primaryImageOfPage":{"@id":"https:\/\/ocoerente.com.br\/se\/2021\/03\/02\/lei-do-gas-relator-ignora-mudancas-do-senado-e-retoma-versao-da-camara\/#primaryimage"},"image":{"@id":"https:\/\/ocoerente.com.br\/se\/2021\/03\/02\/lei-do-gas-relator-ignora-mudancas-do-senado-e-retoma-versao-da-camara\/#primaryimage"},"thumbnailUrl":"https:\/\/ocoerente.com.br\/se\/wp-content\/uploads\/2021\/03\/liquigas-petrobras-pl-do-gas-foto-liquigas-750x430-1.jpg","datePublished":"2021-03-02T07:08:27+00:00","dateModified":"2021-03-02T07:08:28+00:00","breadcrumb":{"@id":"https:\/\/ocoerente.com.br\/se\/2021\/03\/02\/lei-do-gas-relator-ignora-mudancas-do-senado-e-retoma-versao-da-camara\/#breadcrumb"},"inLanguage":"pt-BR","potentialAction":[{"@type":"ReadAction","target":["https:\/\/ocoerente.com.br\/se\/2021\/03\/02\/lei-do-gas-relator-ignora-mudancas-do-senado-e-retoma-versao-da-camara\/"]}]},{"@type":"ImageObject","inLanguage":"pt-BR","@id":"https:\/\/ocoerente.com.br\/se\/2021\/03\/02\/lei-do-gas-relator-ignora-mudancas-do-senado-e-retoma-versao-da-camara\/#primaryimage","url":"https:\/\/ocoerente.com.br\/se\/wp-content\/uploads\/2021\/03\/liquigas-petrobras-pl-do-gas-foto-liquigas-750x430-1.jpg","contentUrl":"https:\/\/ocoerente.com.br\/se\/wp-content\/uploads\/2021\/03\/liquigas-petrobras-pl-do-gas-foto-liquigas-750x430-1.jpg","width":750,"height":430},{"@type":"BreadcrumbList","@id":"https:\/\/ocoerente.com.br\/se\/2021\/03\/02\/lei-do-gas-relator-ignora-mudancas-do-senado-e-retoma-versao-da-camara\/#breadcrumb","itemListElement":[{"@type":"ListItem","position":1,"name":"In\u00edcio","item":"https:\/\/ocoerente.com.br\/se\/"},{"@type":"ListItem","position":2,"name":"Lei do G\u00e1s: relator ignora mudan\u00e7as do Senado e retoma vers\u00e3o da C\u00e2mara"}]},{"@type":"WebSite","@id":"https:\/\/ocoerente.com.br\/se\/#website","url":"https:\/\/ocoerente.com.br\/se\/","name":"O Coerente","description":"","publisher":{"@id":"https:\/\/ocoerente.com.br\/se\/#\/schema\/person\/cc6bfd9fbca465e23543b0c963d8d037"},"potentialAction":[{"@type":"SearchAction","target":{"@type":"EntryPoint","urlTemplate":"https:\/\/ocoerente.com.br\/se\/?s={search_term_string}"},"query-input":{"@type":"PropertyValueSpecification","valueRequired":true,"valueName":"search_term_string"}}],"inLanguage":"pt-BR"},{"@type":["Person","Organization"],"@id":"https:\/\/ocoerente.com.br\/se\/#\/schema\/person\/cc6bfd9fbca465e23543b0c963d8d037","name":"Reda\u00e7\u00e3o","image":{"@type":"ImageObject","inLanguage":"pt-BR","@id":"https:\/\/ocoerente.com.br\/se\/wp-content\/uploads\/2020\/01\/ocoerente-1.png","url":"https:\/\/ocoerente.com.br\/se\/wp-content\/uploads\/2020\/01\/ocoerente-1.png","contentUrl":"https:\/\/ocoerente.com.br\/se\/wp-content\/uploads\/2020\/01\/ocoerente-1.png","width":50,"height":50,"caption":"Reda\u00e7\u00e3o"},"logo":{"@id":"https:\/\/ocoerente.com.br\/se\/wp-content\/uploads\/2020\/01\/ocoerente-1.png"},"url":"https:\/\/ocoerente.com.br\/se\/author\/vasticlsales\/"}]}},"_links":{"self":[{"href":"https:\/\/ocoerente.com.br\/se\/wp-json\/wp\/v2\/posts\/2743","targetHints":{"allow":["GET"]}}],"collection":[{"href":"https:\/\/ocoerente.com.br\/se\/wp-json\/wp\/v2\/posts"}],"about":[{"href":"https:\/\/ocoerente.com.br\/se\/wp-json\/wp\/v2\/types\/post"}],"author":[{"embeddable":true,"href":"https:\/\/ocoerente.com.br\/se\/wp-json\/wp\/v2\/users\/1"}],"replies":[{"embeddable":true,"href":"https:\/\/ocoerente.com.br\/se\/wp-json\/wp\/v2\/comments?post=2743"}],"version-history":[{"count":1,"href":"https:\/\/ocoerente.com.br\/se\/wp-json\/wp\/v2\/posts\/2743\/revisions"}],"predecessor-version":[{"id":2745,"href":"https:\/\/ocoerente.com.br\/se\/wp-json\/wp\/v2\/posts\/2743\/revisions\/2745"}],"wp:featuredmedia":[{"embeddable":true,"href":"https:\/\/ocoerente.com.br\/se\/wp-json\/wp\/v2\/media\/2744"}],"wp:attachment":[{"href":"https:\/\/ocoerente.com.br\/se\/wp-json\/wp\/v2\/media?parent=2743"}],"wp:term":[{"taxonomy":"category","embeddable":true,"href":"https:\/\/ocoerente.com.br\/se\/wp-json\/wp\/v2\/categories?post=2743"},{"taxonomy":"post_tag","embeddable":true,"href":"https:\/\/ocoerente.com.br\/se\/wp-json\/wp\/v2\/tags?post=2743"}],"curies":[{"name":"wp","href":"https:\/\/api.w.org\/{rel}","templated":true}]}}