{"id":2739,"date":"2021-03-02T04:06:13","date_gmt":"2021-03-02T07:06:13","guid":{"rendered":"https:\/\/ocoerente.com.br\/se\/?p=2739"},"modified":"2021-03-02T04:06:15","modified_gmt":"2021-03-02T07:06:15","slug":"laercio-embarca-para-brasilia-para-relatar-a-lei-do-gas-que-esta-na-pauta-de-amanha-da-camara-dos-deputados","status":"publish","type":"post","link":"https:\/\/ocoerente.com.br\/se\/2021\/03\/02\/laercio-embarca-para-brasilia-para-relatar-a-lei-do-gas-que-esta-na-pauta-de-amanha-da-camara-dos-deputados\/","title":{"rendered":"La\u00e9rcio embarca para Bras\u00edlia para relatar a Lei do G\u00e1s que est\u00e1 na pauta de amanh\u00e3 da C\u00e2mara dos Deputados"},"content":{"rendered":"\n<p>Assista o v\u00eddeo do Deputado La\u00e9rcio Oliveira falando sobre a sua relatoria da Lei do G\u00e1s que entrar\u00e1 em pauta nesta manh\u00e3:<\/p>\n\n\n\n<figure class=\"wp-block-video\"><video height=\"800\" style=\"aspect-ratio: 640 \/ 800;\" width=\"640\" controls src=\"https:\/\/ocoerente.com.br\/se\/wp-content\/uploads\/2021\/03\/laerciooliveira.mp4\"><\/video><\/figure>\n\n\n\n<figure class=\"wp-block-image size-large is-resized\"><img loading=\"lazy\" decoding=\"async\" src=\"https:\/\/ocoerente.com.br\/se\/wp-content\/uploads\/2021\/03\/laercio-1024x1024.jpg\" alt=\"\" class=\"wp-image-2741\" width=\"634\" height=\"634\" srcset=\"https:\/\/ocoerente.com.br\/se\/wp-content\/uploads\/2021\/03\/laercio-1024x1024.jpg 1024w, https:\/\/ocoerente.com.br\/se\/wp-content\/uploads\/2021\/03\/laercio-300x300.jpg 300w, https:\/\/ocoerente.com.br\/se\/wp-content\/uploads\/2021\/03\/laercio-150x150.jpg 150w, https:\/\/ocoerente.com.br\/se\/wp-content\/uploads\/2021\/03\/laercio-768x768.jpg 768w, https:\/\/ocoerente.com.br\/se\/wp-content\/uploads\/2021\/03\/laercio-75x75.jpg 75w, https:\/\/ocoerente.com.br\/se\/wp-content\/uploads\/2021\/03\/laercio-750x750.jpg 750w, https:\/\/ocoerente.com.br\/se\/wp-content\/uploads\/2021\/03\/laercio-1140x1140.jpg 1140w, https:\/\/ocoerente.com.br\/se\/wp-content\/uploads\/2021\/03\/laercio.jpg 1280w\" sizes=\"auto, (max-width: 634px) 100vw, 634px\" \/><\/figure>\n","protected":false},"excerpt":{"rendered":"<p>Assista o v\u00eddeo do Deputado La\u00e9rcio Oliveira falando sobre a sua relatoria da Lei do G\u00e1s que entrar\u00e1 em pauta nesta manh\u00e3:<\/p>\n","protected":false},"author":1,"featured_media":2741,"comment_status":"closed","ping_status":"closed","sticky":false,"template":"","format":"standard","meta":{"footnotes":""},"categories":[48,53],"tags":[],"class_list":["post-2739","post","type-post","status-publish","format-standard","has-post-thumbnail","hentry","category-brasil","category-destaques"],"yoast_head":"<!-- This site is optimized with the Yoast SEO plugin v27.4 - https:\/\/yoast.com\/product\/yoast-seo-wordpress\/ -->\n<title>La\u00e9rcio embarca para Bras\u00edlia para relatar a Lei do G\u00e1s que est\u00e1 na pauta de amanh\u00e3 da C\u00e2mara dos Deputados - O Coerente<\/title>\n<meta name=\"robots\" content=\"index, follow, max-snippet:-1, max-image-preview:large, max-video-preview:-1\" \/>\n<link rel=\"canonical\" href=\"https:\/\/ocoerente.com.br\/se\/2021\/03\/02\/laercio-embarca-para-brasilia-para-relatar-a-lei-do-gas-que-esta-na-pauta-de-amanha-da-camara-dos-deputados\/\" \/>\n<meta property=\"og:locale\" content=\"pt_BR\" \/>\n<meta property=\"og:type\" content=\"article\" \/>\n<meta property=\"og:title\" content=\"La\u00e9rcio embarca para Bras\u00edlia para relatar a Lei do G\u00e1s que est\u00e1 na pauta de amanh\u00e3 da C\u00e2mara dos Deputados - O Coerente\" \/>\n<meta property=\"og:description\" content=\"Assista o v\u00eddeo do Deputado La\u00e9rcio Oliveira falando sobre a sua relatoria da Lei do G\u00e1s que entrar\u00e1 em pauta nesta manh\u00e3:\" \/>\n<meta property=\"og:url\" content=\"https:\/\/ocoerente.com.br\/se\/2021\/03\/02\/laercio-embarca-para-brasilia-para-relatar-a-lei-do-gas-que-esta-na-pauta-de-amanha-da-camara-dos-deputados\/\" \/>\n<meta property=\"og:site_name\" content=\"O Coerente\" \/>\n<meta property=\"article:published_time\" content=\"2021-03-02T07:06:13+00:00\" \/>\n<meta property=\"article:modified_time\" content=\"2021-03-02T07:06:15+00:00\" \/>\n<meta property=\"og:image\" content=\"https:\/\/ocoerente.com.br\/se\/wp-content\/uploads\/2021\/03\/laercio.jpg\" \/>\n\t<meta property=\"og:image:width\" content=\"1280\" \/>\n\t<meta property=\"og:image:height\" content=\"1280\" \/>\n\t<meta property=\"og:image:type\" content=\"image\/jpeg\" \/>\n<meta name=\"author\" content=\"Reda\u00e7\u00e3o\" \/>\n<meta name=\"twitter:card\" content=\"summary_large_image\" \/>\n<meta name=\"twitter:label1\" content=\"Escrito por\" \/>\n\t<meta name=\"twitter:data1\" content=\"Reda\u00e7\u00e3o\" \/>\n\t<meta name=\"twitter:label2\" content=\"Est. tempo de leitura\" \/>\n\t<meta name=\"twitter:data2\" content=\"1 minuto\" \/>\n<script type=\"application\/ld+json\" class=\"yoast-schema-graph\">{\"@context\":\"https:\\\/\\\/schema.org\",\"@graph\":[{\"@type\":\"Article\",\"@id\":\"https:\\\/\\\/ocoerente.com.br\\\/se\\\/2021\\\/03\\\/02\\\/laercio-embarca-para-brasilia-para-relatar-a-lei-do-gas-que-esta-na-pauta-de-amanha-da-camara-dos-deputados\\\/#article\",\"isPartOf\":{\"@id\":\"https:\\\/\\\/ocoerente.com.br\\\/se\\\/2021\\\/03\\\/02\\\/laercio-embarca-para-brasilia-para-relatar-a-lei-do-gas-que-esta-na-pauta-de-amanha-da-camara-dos-deputados\\\/\"},\"author\":{\"name\":\"Reda\u00e7\u00e3o\",\"@id\":\"https:\\\/\\\/ocoerente.com.br\\\/se\\\/#\\\/schema\\\/person\\\/cc6bfd9fbca465e23543b0c963d8d037\"},\"headline\":\"La\u00e9rcio embarca para Bras\u00edlia para relatar a Lei do G\u00e1s que est\u00e1 na pauta de amanh\u00e3 da C\u00e2mara dos Deputados\",\"datePublished\":\"2021-03-02T07:06:13+00:00\",\"dateModified\":\"2021-03-02T07:06:15+00:00\",\"mainEntityOfPage\":{\"@id\":\"https:\\\/\\\/ocoerente.com.br\\\/se\\\/2021\\\/03\\\/02\\\/laercio-embarca-para-brasilia-para-relatar-a-lei-do-gas-que-esta-na-pauta-de-amanha-da-camara-dos-deputados\\\/\"},\"wordCount\":49,\"publisher\":{\"@id\":\"https:\\\/\\\/ocoerente.com.br\\\/se\\\/#\\\/schema\\\/person\\\/cc6bfd9fbca465e23543b0c963d8d037\"},\"image\":{\"@id\":\"https:\\\/\\\/ocoerente.com.br\\\/se\\\/2021\\\/03\\\/02\\\/laercio-embarca-para-brasilia-para-relatar-a-lei-do-gas-que-esta-na-pauta-de-amanha-da-camara-dos-deputados\\\/#primaryimage\"},\"thumbnailUrl\":\"https:\\\/\\\/ocoerente.com.br\\\/se\\\/wp-content\\\/uploads\\\/2021\\\/03\\\/laercio.jpg\",\"articleSection\":[\"Brasil\",\"Destaques\"],\"inLanguage\":\"pt-BR\"},{\"@type\":\"WebPage\",\"@id\":\"https:\\\/\\\/ocoerente.com.br\\\/se\\\/2021\\\/03\\\/02\\\/laercio-embarca-para-brasilia-para-relatar-a-lei-do-gas-que-esta-na-pauta-de-amanha-da-camara-dos-deputados\\\/\",\"url\":\"https:\\\/\\\/ocoerente.com.br\\\/se\\\/2021\\\/03\\\/02\\\/laercio-embarca-para-brasilia-para-relatar-a-lei-do-gas-que-esta-na-pauta-de-amanha-da-camara-dos-deputados\\\/\",\"name\":\"La\u00e9rcio embarca para Bras\u00edlia para relatar a Lei do G\u00e1s que est\u00e1 na pauta de amanh\u00e3 da C\u00e2mara dos Deputados - O Coerente\",\"isPartOf\":{\"@id\":\"https:\\\/\\\/ocoerente.com.br\\\/se\\\/#website\"},\"primaryImageOfPage\":{\"@id\":\"https:\\\/\\\/ocoerente.com.br\\\/se\\\/2021\\\/03\\\/02\\\/laercio-embarca-para-brasilia-para-relatar-a-lei-do-gas-que-esta-na-pauta-de-amanha-da-camara-dos-deputados\\\/#primaryimage\"},\"image\":{\"@id\":\"https:\\\/\\\/ocoerente.com.br\\\/se\\\/2021\\\/03\\\/02\\\/laercio-embarca-para-brasilia-para-relatar-a-lei-do-gas-que-esta-na-pauta-de-amanha-da-camara-dos-deputados\\\/#primaryimage\"},\"thumbnailUrl\":\"https:\\\/\\\/ocoerente.com.br\\\/se\\\/wp-content\\\/uploads\\\/2021\\\/03\\\/laercio.jpg\",\"datePublished\":\"2021-03-02T07:06:13+00:00\",\"dateModified\":\"2021-03-02T07:06:15+00:00\",\"breadcrumb\":{\"@id\":\"https:\\\/\\\/ocoerente.com.br\\\/se\\\/2021\\\/03\\\/02\\\/laercio-embarca-para-brasilia-para-relatar-a-lei-do-gas-que-esta-na-pauta-de-amanha-da-camara-dos-deputados\\\/#breadcrumb\"},\"inLanguage\":\"pt-BR\",\"potentialAction\":[{\"@type\":\"ReadAction\",\"target\":[\"https:\\\/\\\/ocoerente.com.br\\\/se\\\/2021\\\/03\\\/02\\\/laercio-embarca-para-brasilia-para-relatar-a-lei-do-gas-que-esta-na-pauta-de-amanha-da-camara-dos-deputados\\\/\"]}]},{\"@type\":\"ImageObject\",\"inLanguage\":\"pt-BR\",\"@id\":\"https:\\\/\\\/ocoerente.com.br\\\/se\\\/2021\\\/03\\\/02\\\/laercio-embarca-para-brasilia-para-relatar-a-lei-do-gas-que-esta-na-pauta-de-amanha-da-camara-dos-deputados\\\/#primaryimage\",\"url\":\"https:\\\/\\\/ocoerente.com.br\\\/se\\\/wp-content\\\/uploads\\\/2021\\\/03\\\/laercio.jpg\",\"contentUrl\":\"https:\\\/\\\/ocoerente.com.br\\\/se\\\/wp-content\\\/uploads\\\/2021\\\/03\\\/laercio.jpg\",\"width\":1280,\"height\":1280},{\"@type\":\"BreadcrumbList\",\"@id\":\"https:\\\/\\\/ocoerente.com.br\\\/se\\\/2021\\\/03\\\/02\\\/laercio-embarca-para-brasilia-para-relatar-a-lei-do-gas-que-esta-na-pauta-de-amanha-da-camara-dos-deputados\\\/#breadcrumb\",\"itemListElement\":[{\"@type\":\"ListItem\",\"position\":1,\"name\":\"In\u00edcio\",\"item\":\"https:\\\/\\\/ocoerente.com.br\\\/se\\\/\"},{\"@type\":\"ListItem\",\"position\":2,\"name\":\"La\u00e9rcio embarca para Bras\u00edlia para relatar a Lei do G\u00e1s que est\u00e1 na pauta de amanh\u00e3 da C\u00e2mara dos Deputados\"}]},{\"@type\":\"WebSite\",\"@id\":\"https:\\\/\\\/ocoerente.com.br\\\/se\\\/#website\",\"url\":\"https:\\\/\\\/ocoerente.com.br\\\/se\\\/\",\"name\":\"O Coerente\",\"description\":\"\",\"publisher\":{\"@id\":\"https:\\\/\\\/ocoerente.com.br\\\/se\\\/#\\\/schema\\\/person\\\/cc6bfd9fbca465e23543b0c963d8d037\"},\"potentialAction\":[{\"@type\":\"SearchAction\",\"target\":{\"@type\":\"EntryPoint\",\"urlTemplate\":\"https:\\\/\\\/ocoerente.com.br\\\/se\\\/?s={search_term_string}\"},\"query-input\":{\"@type\":\"PropertyValueSpecification\",\"valueRequired\":true,\"valueName\":\"search_term_string\"}}],\"inLanguage\":\"pt-BR\"},{\"@type\":[\"Person\",\"Organization\"],\"@id\":\"https:\\\/\\\/ocoerente.com.br\\\/se\\\/#\\\/schema\\\/person\\\/cc6bfd9fbca465e23543b0c963d8d037\",\"name\":\"Reda\u00e7\u00e3o\",\"image\":{\"@type\":\"ImageObject\",\"inLanguage\":\"pt-BR\",\"@id\":\"https:\\\/\\\/ocoerente.com.br\\\/se\\\/wp-content\\\/uploads\\\/2020\\\/01\\\/ocoerente-1.png\",\"url\":\"https:\\\/\\\/ocoerente.com.br\\\/se\\\/wp-content\\\/uploads\\\/2020\\\/01\\\/ocoerente-1.png\",\"contentUrl\":\"https:\\\/\\\/ocoerente.com.br\\\/se\\\/wp-content\\\/uploads\\\/2020\\\/01\\\/ocoerente-1.png\",\"width\":50,\"height\":50,\"caption\":\"Reda\u00e7\u00e3o\"},\"logo\":{\"@id\":\"https:\\\/\\\/ocoerente.com.br\\\/se\\\/wp-content\\\/uploads\\\/2020\\\/01\\\/ocoerente-1.png\"},\"url\":\"https:\\\/\\\/ocoerente.com.br\\\/se\\\/author\\\/vasticlsales\\\/\"}]}<\/script>\n<!-- \/ Yoast SEO plugin. -->","yoast_head_json":{"title":"La\u00e9rcio embarca para Bras\u00edlia para relatar a Lei do G\u00e1s que est\u00e1 na pauta de amanh\u00e3 da C\u00e2mara dos Deputados - O Coerente","robots":{"index":"index","follow":"follow","max-snippet":"max-snippet:-1","max-image-preview":"max-image-preview:large","max-video-preview":"max-video-preview:-1"},"canonical":"https:\/\/ocoerente.com.br\/se\/2021\/03\/02\/laercio-embarca-para-brasilia-para-relatar-a-lei-do-gas-que-esta-na-pauta-de-amanha-da-camara-dos-deputados\/","og_locale":"pt_BR","og_type":"article","og_title":"La\u00e9rcio embarca para Bras\u00edlia para relatar a Lei do G\u00e1s que est\u00e1 na pauta de amanh\u00e3 da C\u00e2mara dos Deputados - O Coerente","og_description":"Assista o v\u00eddeo do Deputado La\u00e9rcio Oliveira falando sobre a sua relatoria da Lei do G\u00e1s que entrar\u00e1 em pauta nesta manh\u00e3:","og_url":"https:\/\/ocoerente.com.br\/se\/2021\/03\/02\/laercio-embarca-para-brasilia-para-relatar-a-lei-do-gas-que-esta-na-pauta-de-amanha-da-camara-dos-deputados\/","og_site_name":"O Coerente","article_published_time":"2021-03-02T07:06:13+00:00","article_modified_time":"2021-03-02T07:06:15+00:00","og_image":[{"width":1280,"height":1280,"url":"https:\/\/ocoerente.com.br\/se\/wp-content\/uploads\/2021\/03\/laercio.jpg","type":"image\/jpeg"}],"author":"Reda\u00e7\u00e3o","twitter_card":"summary_large_image","twitter_misc":{"Escrito por":"Reda\u00e7\u00e3o","Est. tempo de leitura":"1 minuto"},"schema":{"@context":"https:\/\/schema.org","@graph":[{"@type":"Article","@id":"https:\/\/ocoerente.com.br\/se\/2021\/03\/02\/laercio-embarca-para-brasilia-para-relatar-a-lei-do-gas-que-esta-na-pauta-de-amanha-da-camara-dos-deputados\/#article","isPartOf":{"@id":"https:\/\/ocoerente.com.br\/se\/2021\/03\/02\/laercio-embarca-para-brasilia-para-relatar-a-lei-do-gas-que-esta-na-pauta-de-amanha-da-camara-dos-deputados\/"},"author":{"name":"Reda\u00e7\u00e3o","@id":"https:\/\/ocoerente.com.br\/se\/#\/schema\/person\/cc6bfd9fbca465e23543b0c963d8d037"},"headline":"La\u00e9rcio embarca para Bras\u00edlia para relatar a Lei do G\u00e1s que est\u00e1 na pauta de amanh\u00e3 da C\u00e2mara dos Deputados","datePublished":"2021-03-02T07:06:13+00:00","dateModified":"2021-03-02T07:06:15+00:00","mainEntityOfPage":{"@id":"https:\/\/ocoerente.com.br\/se\/2021\/03\/02\/laercio-embarca-para-brasilia-para-relatar-a-lei-do-gas-que-esta-na-pauta-de-amanha-da-camara-dos-deputados\/"},"wordCount":49,"publisher":{"@id":"https:\/\/ocoerente.com.br\/se\/#\/schema\/person\/cc6bfd9fbca465e23543b0c963d8d037"},"image":{"@id":"https:\/\/ocoerente.com.br\/se\/2021\/03\/02\/laercio-embarca-para-brasilia-para-relatar-a-lei-do-gas-que-esta-na-pauta-de-amanha-da-camara-dos-deputados\/#primaryimage"},"thumbnailUrl":"https:\/\/ocoerente.com.br\/se\/wp-content\/uploads\/2021\/03\/laercio.jpg","articleSection":["Brasil","Destaques"],"inLanguage":"pt-BR"},{"@type":"WebPage","@id":"https:\/\/ocoerente.com.br\/se\/2021\/03\/02\/laercio-embarca-para-brasilia-para-relatar-a-lei-do-gas-que-esta-na-pauta-de-amanha-da-camara-dos-deputados\/","url":"https:\/\/ocoerente.com.br\/se\/2021\/03\/02\/laercio-embarca-para-brasilia-para-relatar-a-lei-do-gas-que-esta-na-pauta-de-amanha-da-camara-dos-deputados\/","name":"La\u00e9rcio embarca para Bras\u00edlia para relatar a Lei do G\u00e1s que est\u00e1 na pauta de amanh\u00e3 da C\u00e2mara dos Deputados - O Coerente","isPartOf":{"@id":"https:\/\/ocoerente.com.br\/se\/#website"},"primaryImageOfPage":{"@id":"https:\/\/ocoerente.com.br\/se\/2021\/03\/02\/laercio-embarca-para-brasilia-para-relatar-a-lei-do-gas-que-esta-na-pauta-de-amanha-da-camara-dos-deputados\/#primaryimage"},"image":{"@id":"https:\/\/ocoerente.com.br\/se\/2021\/03\/02\/laercio-embarca-para-brasilia-para-relatar-a-lei-do-gas-que-esta-na-pauta-de-amanha-da-camara-dos-deputados\/#primaryimage"},"thumbnailUrl":"https:\/\/ocoerente.com.br\/se\/wp-content\/uploads\/2021\/03\/laercio.jpg","datePublished":"2021-03-02T07:06:13+00:00","dateModified":"2021-03-02T07:06:15+00:00","breadcrumb":{"@id":"https:\/\/ocoerente.com.br\/se\/2021\/03\/02\/laercio-embarca-para-brasilia-para-relatar-a-lei-do-gas-que-esta-na-pauta-de-amanha-da-camara-dos-deputados\/#breadcrumb"},"inLanguage":"pt-BR","potentialAction":[{"@type":"ReadAction","target":["https:\/\/ocoerente.com.br\/se\/2021\/03\/02\/laercio-embarca-para-brasilia-para-relatar-a-lei-do-gas-que-esta-na-pauta-de-amanha-da-camara-dos-deputados\/"]}]},{"@type":"ImageObject","inLanguage":"pt-BR","@id":"https:\/\/ocoerente.com.br\/se\/2021\/03\/02\/laercio-embarca-para-brasilia-para-relatar-a-lei-do-gas-que-esta-na-pauta-de-amanha-da-camara-dos-deputados\/#primaryimage","url":"https:\/\/ocoerente.com.br\/se\/wp-content\/uploads\/2021\/03\/laercio.jpg","contentUrl":"https:\/\/ocoerente.com.br\/se\/wp-content\/uploads\/2021\/03\/laercio.jpg","width":1280,"height":1280},{"@type":"BreadcrumbList","@id":"https:\/\/ocoerente.com.br\/se\/2021\/03\/02\/laercio-embarca-para-brasilia-para-relatar-a-lei-do-gas-que-esta-na-pauta-de-amanha-da-camara-dos-deputados\/#breadcrumb","itemListElement":[{"@type":"ListItem","position":1,"name":"In\u00edcio","item":"https:\/\/ocoerente.com.br\/se\/"},{"@type":"ListItem","position":2,"name":"La\u00e9rcio embarca para Bras\u00edlia para relatar a Lei do G\u00e1s que est\u00e1 na pauta de amanh\u00e3 da C\u00e2mara dos Deputados"}]},{"@type":"WebSite","@id":"https:\/\/ocoerente.com.br\/se\/#website","url":"https:\/\/ocoerente.com.br\/se\/","name":"O Coerente","description":"","publisher":{"@id":"https:\/\/ocoerente.com.br\/se\/#\/schema\/person\/cc6bfd9fbca465e23543b0c963d8d037"},"potentialAction":[{"@type":"SearchAction","target":{"@type":"EntryPoint","urlTemplate":"https:\/\/ocoerente.com.br\/se\/?s={search_term_string}"},"query-input":{"@type":"PropertyValueSpecification","valueRequired":true,"valueName":"search_term_string"}}],"inLanguage":"pt-BR"},{"@type":["Person","Organization"],"@id":"https:\/\/ocoerente.com.br\/se\/#\/schema\/person\/cc6bfd9fbca465e23543b0c963d8d037","name":"Reda\u00e7\u00e3o","image":{"@type":"ImageObject","inLanguage":"pt-BR","@id":"https:\/\/ocoerente.com.br\/se\/wp-content\/uploads\/2020\/01\/ocoerente-1.png","url":"https:\/\/ocoerente.com.br\/se\/wp-content\/uploads\/2020\/01\/ocoerente-1.png","contentUrl":"https:\/\/ocoerente.com.br\/se\/wp-content\/uploads\/2020\/01\/ocoerente-1.png","width":50,"height":50,"caption":"Reda\u00e7\u00e3o"},"logo":{"@id":"https:\/\/ocoerente.com.br\/se\/wp-content\/uploads\/2020\/01\/ocoerente-1.png"},"url":"https:\/\/ocoerente.com.br\/se\/author\/vasticlsales\/"}]}},"_links":{"self":[{"href":"https:\/\/ocoerente.com.br\/se\/wp-json\/wp\/v2\/posts\/2739","targetHints":{"allow":["GET"]}}],"collection":[{"href":"https:\/\/ocoerente.com.br\/se\/wp-json\/wp\/v2\/posts"}],"about":[{"href":"https:\/\/ocoerente.com.br\/se\/wp-json\/wp\/v2\/types\/post"}],"author":[{"embeddable":true,"href":"https:\/\/ocoerente.com.br\/se\/wp-json\/wp\/v2\/users\/1"}],"replies":[{"embeddable":true,"href":"https:\/\/ocoerente.com.br\/se\/wp-json\/wp\/v2\/comments?post=2739"}],"version-history":[{"count":1,"href":"https:\/\/ocoerente.com.br\/se\/wp-json\/wp\/v2\/posts\/2739\/revisions"}],"predecessor-version":[{"id":2742,"href":"https:\/\/ocoerente.com.br\/se\/wp-json\/wp\/v2\/posts\/2739\/revisions\/2742"}],"wp:featuredmedia":[{"embeddable":true,"href":"https:\/\/ocoerente.com.br\/se\/wp-json\/wp\/v2\/media\/2741"}],"wp:attachment":[{"href":"https:\/\/ocoerente.com.br\/se\/wp-json\/wp\/v2\/media?parent=2739"}],"wp:term":[{"taxonomy":"category","embeddable":true,"href":"https:\/\/ocoerente.com.br\/se\/wp-json\/wp\/v2\/categories?post=2739"},{"taxonomy":"post_tag","embeddable":true,"href":"https:\/\/ocoerente.com.br\/se\/wp-json\/wp\/v2\/tags?post=2739"}],"curies":[{"name":"wp","href":"https:\/\/api.w.org\/{rel}","templated":true}]}}