{"id":2732,"date":"2021-02-28T00:36:52","date_gmt":"2021-02-28T03:36:52","guid":{"rendered":"https:\/\/ocoerente.com.br\/se\/?p=2732"},"modified":"2021-02-28T00:36:54","modified_gmt":"2021-02-28T03:36:54","slug":"josenito-oliveira-assume-secretaria-de-planejamento-orcamento-e-gestao-de-sao-cristovao","status":"publish","type":"post","link":"https:\/\/ocoerente.com.br\/se\/2021\/02\/28\/josenito-oliveira-assume-secretaria-de-planejamento-orcamento-e-gestao-de-sao-cristovao\/","title":{"rendered":"Josenito Oliveira assume Secretaria de Planejamento, Or\u00e7amento e Gest\u00e3o de S\u00e3o Crist\u00f3v\u00e3o"},"content":{"rendered":"\n<p>O professor e economista Josenito Oliveira Santos, \u00e9 o novo secret\u00e1rio de Planejamento, Or\u00e7amento e Gest\u00e3o de S\u00e3o Crist\u00f3v\u00e3o. Ontem (09), ele foi apresentado pelo prefeito Marcos Santana aos demais secret\u00e1rios municipais. Com larga experi\u00eancia em gest\u00e3o de finan\u00e7as no setor p\u00fablico e no setor privado, o novo secret\u00e1rio v\u00ea o cargo como um desafio.<\/p>\n\n\n\n<p>\u201cVejo como um novo desafio, um desafio bom em uma gest\u00e3o de sucesso que \u00e9 a gest\u00e3o de Marcos Santana. Vim para somar, juntamente com meus colegas secret\u00e1rios. Meu desejo \u00e9 que a gente melhore cada vez mais a cidade, para promover melhores condi\u00e7\u00f5es de vida para o povo de S\u00e3o Crist\u00f3v\u00e3o\u201d, destacou Josenito Oliveira.<\/p>\n\n\n\n<figure class=\"wp-block-image size-large\"><img loading=\"lazy\" decoding=\"async\" width=\"1024\" height=\"683\" src=\"https:\/\/ocoerente.com.br\/se\/wp-content\/uploads\/2021\/02\/fotosaocristovaoprefeito.jpg\" alt=\"\" class=\"wp-image-2734\" srcset=\"https:\/\/ocoerente.com.br\/se\/wp-content\/uploads\/2021\/02\/fotosaocristovaoprefeito.jpg 1024w, https:\/\/ocoerente.com.br\/se\/wp-content\/uploads\/2021\/02\/fotosaocristovaoprefeito-300x200.jpg 300w, https:\/\/ocoerente.com.br\/se\/wp-content\/uploads\/2021\/02\/fotosaocristovaoprefeito-768x512.jpg 768w, https:\/\/ocoerente.com.br\/se\/wp-content\/uploads\/2021\/02\/fotosaocristovaoprefeito-750x500.jpg 750w\" sizes=\"auto, (max-width: 1024px) 100vw, 1024px\" \/><\/figure>\n\n\n\n<p>O prefeito Marcos Santana explicou que a escolha de Josenito ocorreu ap\u00f3s v\u00e1rias pesquisas e estudos de nomes, e em considera\u00e7\u00e3o a extensa experi\u00eancia do professor e economista. \u201cEstamos recebendo uma pessoa que tem qualifica\u00e7\u00e3o suficiente para o cargo de secret\u00e1rio de planejamento, com compet\u00eancia j\u00e1 demonstrada em um n\u00famero expressivo de espa\u00e7os que ele ocupou no servi\u00e7o p\u00fablico e privado\u201d.<\/p>\n\n\n\n<p>Segundo o gestor, al\u00e9m do planejamento estrat\u00e9gico da gest\u00e3o, o novo secret\u00e1rio ter\u00e1 o desafio de trabalhar para a capta\u00e7\u00e3o de recursos para o munic\u00edpio. \u201cA capta\u00e7\u00e3o de recursos externos \u00e9 uma das coisas que Josenito deve colocar em pr\u00e1tica com muita propriedade porque ele j\u00e1 trabalhou com isso\u201d, acredita Marcos.<\/p>\n\n\n\n<p>O prefeito tamb\u00e9m agradeceu a contribui\u00e7\u00e3o que o at\u00e9 ent\u00e3o secret\u00e1rio interino, Eldro Fran\u00e7a, deu para o munic\u00edpio. \u201cDurante a gest\u00e3o de Eldro, n\u00f3s conseguimos o estabelecimento da pol\u00edtica de atra\u00e7\u00e3o de novos empreendimentos atrav\u00e9s da cria\u00e7\u00e3o do Programa Municipal de Desenvolvimento Urbano, que agora est\u00e1 sendo concretizado com a instala\u00e7\u00e3o do nosso Distrito Industrial, \u00e0s margens da BR-101. Agrade\u00e7o todo trabalho e empenho que ele dedicou ao munic\u00edpio neste \u00faltimo ano\u201d, declarou o prefeito.<\/p>\n\n\n\n<figure class=\"wp-block-image size-large is-resized\"><img loading=\"lazy\" decoding=\"async\" src=\"https:\/\/ocoerente.com.br\/se\/wp-content\/uploads\/2021\/02\/prefeiturasaofoto.jpg\" alt=\"\" class=\"wp-image-2735\" width=\"641\" height=\"427\" srcset=\"https:\/\/ocoerente.com.br\/se\/wp-content\/uploads\/2021\/02\/prefeiturasaofoto.jpg 1024w, https:\/\/ocoerente.com.br\/se\/wp-content\/uploads\/2021\/02\/prefeiturasaofoto-300x200.jpg 300w, https:\/\/ocoerente.com.br\/se\/wp-content\/uploads\/2021\/02\/prefeiturasaofoto-768x512.jpg 768w, https:\/\/ocoerente.com.br\/se\/wp-content\/uploads\/2021\/02\/prefeiturasaofoto-750x500.jpg 750w\" sizes=\"auto, (max-width: 641px) 100vw, 641px\" \/><\/figure>\n\n\n\n<p><strong>Curr\u00edculo<\/strong><\/p>\n\n\n\n<p>Josenito Oliveira Santos \u00e9 Doutorando em Ci\u00eancia da Propriedade Intelectual pela UFS, Mestre em Desenvolvimento Regional e Gest\u00e3o de Empreendimentos Locais pela UFS, Bacharel em Economia pela UFS; Professor da Universidade Tiradentes; Ex-Pr\u00f3 Reitor Administrativo e Financeiro da Universidade Tiradentes; Ex-Diretor Administrativo e Financeiro da SEMICT; Consultor do SEBRAE\/SE.<\/p>\n\n\n\n<p>Tamb\u00e9m \u00e9 ex-diretor Administrativo e Financeiro da FAPITEC\/SE; Ex-Diretor-Presidente da FAPITEC\/SE; Ex-Membro do Conselho Estadual de Ci\u00eancia e Tecnologia \u2013 CONCIT; Ex-Presidente do Conselho Fiscal do SergipeTec, Ex-Coordenador da Rede Sergipe de Tecnologia, Ex-Diretor de Apoio e Desenvolvimento do ITPS.<\/p>\n\n\n\n<p>Fotos: Heitor Xavier<\/p>\n","protected":false},"excerpt":{"rendered":"<p>O professor e economista Josenito Oliveira Santos, \u00e9 o novo secret\u00e1rio de Planejamento, Or\u00e7amento e Gest\u00e3o de S\u00e3o Crist\u00f3v\u00e3o. Ontem (09), ele foi apresentado pelo prefeito Marcos Santana aos demais secret\u00e1rios municipais. Com larga experi\u00eancia em gest\u00e3o de finan\u00e7as no setor p\u00fablico e no setor privado, o novo secret\u00e1rio v\u00ea o cargo como um desafio. [&hellip;]<\/p>\n","protected":false},"author":1,"featured_media":2733,"comment_status":"closed","ping_status":"closed","sticky":false,"template":"","format":"standard","meta":{"footnotes":""},"categories":[53,43],"tags":[],"class_list":["post-2732","post","type-post","status-publish","format-standard","has-post-thumbnail","hentry","category-destaques","category-sergipe"],"yoast_head":"<!-- This site is optimized with the Yoast SEO plugin v27.5 - https:\/\/yoast.com\/product\/yoast-seo-wordpress\/ -->\n<title>Josenito Oliveira assume Secretaria de Planejamento, Or\u00e7amento e Gest\u00e3o de S\u00e3o Crist\u00f3v\u00e3o - O Coerente<\/title>\n<meta name=\"robots\" content=\"index, follow, max-snippet:-1, max-image-preview:large, max-video-preview:-1\" \/>\n<link rel=\"canonical\" href=\"https:\/\/ocoerente.com.br\/se\/2021\/02\/28\/josenito-oliveira-assume-secretaria-de-planejamento-orcamento-e-gestao-de-sao-cristovao\/\" \/>\n<meta property=\"og:locale\" content=\"pt_BR\" \/>\n<meta property=\"og:type\" content=\"article\" \/>\n<meta property=\"og:title\" content=\"Josenito Oliveira assume Secretaria de Planejamento, Or\u00e7amento e Gest\u00e3o de S\u00e3o Crist\u00f3v\u00e3o - O Coerente\" \/>\n<meta property=\"og:description\" content=\"O professor e economista Josenito Oliveira Santos, \u00e9 o novo secret\u00e1rio de Planejamento, Or\u00e7amento e Gest\u00e3o de S\u00e3o Crist\u00f3v\u00e3o. Ontem (09), ele foi apresentado pelo prefeito Marcos Santana aos demais secret\u00e1rios municipais. Com larga experi\u00eancia em gest\u00e3o de finan\u00e7as no setor p\u00fablico e no setor privado, o novo secret\u00e1rio v\u00ea o cargo como um desafio. [&hellip;]\" \/>\n<meta property=\"og:url\" content=\"https:\/\/ocoerente.com.br\/se\/2021\/02\/28\/josenito-oliveira-assume-secretaria-de-planejamento-orcamento-e-gestao-de-sao-cristovao\/\" \/>\n<meta property=\"og:site_name\" content=\"O Coerente\" \/>\n<meta property=\"article:published_time\" content=\"2021-02-28T03:36:52+00:00\" \/>\n<meta property=\"article:modified_time\" content=\"2021-02-28T03:36:54+00:00\" \/>\n<meta property=\"og:image\" content=\"https:\/\/ocoerente.com.br\/se\/wp-content\/uploads\/2021\/02\/josenito-oliveira-assume-secretaria-de-planej.jpg\" \/>\n\t<meta property=\"og:image:width\" content=\"1600\" \/>\n\t<meta property=\"og:image:height\" content=\"1066\" \/>\n\t<meta property=\"og:image:type\" content=\"image\/jpeg\" \/>\n<meta name=\"author\" content=\"Reda\u00e7\u00e3o\" \/>\n<meta name=\"twitter:card\" content=\"summary_large_image\" \/>\n<meta name=\"twitter:label1\" content=\"Escrito por\" \/>\n\t<meta name=\"twitter:data1\" content=\"Reda\u00e7\u00e3o\" \/>\n\t<meta name=\"twitter:label2\" content=\"Est. tempo de leitura\" \/>\n\t<meta name=\"twitter:data2\" content=\"3 minutos\" \/>\n<script type=\"application\/ld+json\" class=\"yoast-schema-graph\">{\"@context\":\"https:\\\/\\\/schema.org\",\"@graph\":[{\"@type\":\"Article\",\"@id\":\"https:\\\/\\\/ocoerente.com.br\\\/se\\\/2021\\\/02\\\/28\\\/josenito-oliveira-assume-secretaria-de-planejamento-orcamento-e-gestao-de-sao-cristovao\\\/#article\",\"isPartOf\":{\"@id\":\"https:\\\/\\\/ocoerente.com.br\\\/se\\\/2021\\\/02\\\/28\\\/josenito-oliveira-assume-secretaria-de-planejamento-orcamento-e-gestao-de-sao-cristovao\\\/\"},\"author\":{\"name\":\"Reda\u00e7\u00e3o\",\"@id\":\"https:\\\/\\\/ocoerente.com.br\\\/se\\\/#\\\/schema\\\/person\\\/cc6bfd9fbca465e23543b0c963d8d037\"},\"headline\":\"Josenito Oliveira assume Secretaria de Planejamento, Or\u00e7amento e Gest\u00e3o de S\u00e3o Crist\u00f3v\u00e3o\",\"datePublished\":\"2021-02-28T03:36:52+00:00\",\"dateModified\":\"2021-02-28T03:36:54+00:00\",\"mainEntityOfPage\":{\"@id\":\"https:\\\/\\\/ocoerente.com.br\\\/se\\\/2021\\\/02\\\/28\\\/josenito-oliveira-assume-secretaria-de-planejamento-orcamento-e-gestao-de-sao-cristovao\\\/\"},\"wordCount\":460,\"publisher\":{\"@id\":\"https:\\\/\\\/ocoerente.com.br\\\/se\\\/#\\\/schema\\\/person\\\/cc6bfd9fbca465e23543b0c963d8d037\"},\"image\":{\"@id\":\"https:\\\/\\\/ocoerente.com.br\\\/se\\\/2021\\\/02\\\/28\\\/josenito-oliveira-assume-secretaria-de-planejamento-orcamento-e-gestao-de-sao-cristovao\\\/#primaryimage\"},\"thumbnailUrl\":\"https:\\\/\\\/ocoerente.com.br\\\/se\\\/wp-content\\\/uploads\\\/2021\\\/02\\\/josenito-oliveira-assume-secretaria-de-planej.jpg\",\"articleSection\":[\"Destaques\",\"Sergipe\"],\"inLanguage\":\"pt-BR\"},{\"@type\":\"WebPage\",\"@id\":\"https:\\\/\\\/ocoerente.com.br\\\/se\\\/2021\\\/02\\\/28\\\/josenito-oliveira-assume-secretaria-de-planejamento-orcamento-e-gestao-de-sao-cristovao\\\/\",\"url\":\"https:\\\/\\\/ocoerente.com.br\\\/se\\\/2021\\\/02\\\/28\\\/josenito-oliveira-assume-secretaria-de-planejamento-orcamento-e-gestao-de-sao-cristovao\\\/\",\"name\":\"Josenito Oliveira assume Secretaria de Planejamento, Or\u00e7amento e Gest\u00e3o de S\u00e3o Crist\u00f3v\u00e3o - O Coerente\",\"isPartOf\":{\"@id\":\"https:\\\/\\\/ocoerente.com.br\\\/se\\\/#website\"},\"primaryImageOfPage\":{\"@id\":\"https:\\\/\\\/ocoerente.com.br\\\/se\\\/2021\\\/02\\\/28\\\/josenito-oliveira-assume-secretaria-de-planejamento-orcamento-e-gestao-de-sao-cristovao\\\/#primaryimage\"},\"image\":{\"@id\":\"https:\\\/\\\/ocoerente.com.br\\\/se\\\/2021\\\/02\\\/28\\\/josenito-oliveira-assume-secretaria-de-planejamento-orcamento-e-gestao-de-sao-cristovao\\\/#primaryimage\"},\"thumbnailUrl\":\"https:\\\/\\\/ocoerente.com.br\\\/se\\\/wp-content\\\/uploads\\\/2021\\\/02\\\/josenito-oliveira-assume-secretaria-de-planej.jpg\",\"datePublished\":\"2021-02-28T03:36:52+00:00\",\"dateModified\":\"2021-02-28T03:36:54+00:00\",\"breadcrumb\":{\"@id\":\"https:\\\/\\\/ocoerente.com.br\\\/se\\\/2021\\\/02\\\/28\\\/josenito-oliveira-assume-secretaria-de-planejamento-orcamento-e-gestao-de-sao-cristovao\\\/#breadcrumb\"},\"inLanguage\":\"pt-BR\",\"potentialAction\":[{\"@type\":\"ReadAction\",\"target\":[\"https:\\\/\\\/ocoerente.com.br\\\/se\\\/2021\\\/02\\\/28\\\/josenito-oliveira-assume-secretaria-de-planejamento-orcamento-e-gestao-de-sao-cristovao\\\/\"]}]},{\"@type\":\"ImageObject\",\"inLanguage\":\"pt-BR\",\"@id\":\"https:\\\/\\\/ocoerente.com.br\\\/se\\\/2021\\\/02\\\/28\\\/josenito-oliveira-assume-secretaria-de-planejamento-orcamento-e-gestao-de-sao-cristovao\\\/#primaryimage\",\"url\":\"https:\\\/\\\/ocoerente.com.br\\\/se\\\/wp-content\\\/uploads\\\/2021\\\/02\\\/josenito-oliveira-assume-secretaria-de-planej.jpg\",\"contentUrl\":\"https:\\\/\\\/ocoerente.com.br\\\/se\\\/wp-content\\\/uploads\\\/2021\\\/02\\\/josenito-oliveira-assume-secretaria-de-planej.jpg\",\"width\":1600,\"height\":1066},{\"@type\":\"BreadcrumbList\",\"@id\":\"https:\\\/\\\/ocoerente.com.br\\\/se\\\/2021\\\/02\\\/28\\\/josenito-oliveira-assume-secretaria-de-planejamento-orcamento-e-gestao-de-sao-cristovao\\\/#breadcrumb\",\"itemListElement\":[{\"@type\":\"ListItem\",\"position\":1,\"name\":\"In\u00edcio\",\"item\":\"https:\\\/\\\/ocoerente.com.br\\\/se\\\/\"},{\"@type\":\"ListItem\",\"position\":2,\"name\":\"Josenito Oliveira assume Secretaria de Planejamento, Or\u00e7amento e Gest\u00e3o de S\u00e3o Crist\u00f3v\u00e3o\"}]},{\"@type\":\"WebSite\",\"@id\":\"https:\\\/\\\/ocoerente.com.br\\\/se\\\/#website\",\"url\":\"https:\\\/\\\/ocoerente.com.br\\\/se\\\/\",\"name\":\"O Coerente\",\"description\":\"\",\"publisher\":{\"@id\":\"https:\\\/\\\/ocoerente.com.br\\\/se\\\/#\\\/schema\\\/person\\\/cc6bfd9fbca465e23543b0c963d8d037\"},\"potentialAction\":[{\"@type\":\"SearchAction\",\"target\":{\"@type\":\"EntryPoint\",\"urlTemplate\":\"https:\\\/\\\/ocoerente.com.br\\\/se\\\/?s={search_term_string}\"},\"query-input\":{\"@type\":\"PropertyValueSpecification\",\"valueRequired\":true,\"valueName\":\"search_term_string\"}}],\"inLanguage\":\"pt-BR\"},{\"@type\":[\"Person\",\"Organization\"],\"@id\":\"https:\\\/\\\/ocoerente.com.br\\\/se\\\/#\\\/schema\\\/person\\\/cc6bfd9fbca465e23543b0c963d8d037\",\"name\":\"Reda\u00e7\u00e3o\",\"image\":{\"@type\":\"ImageObject\",\"inLanguage\":\"pt-BR\",\"@id\":\"https:\\\/\\\/ocoerente.com.br\\\/se\\\/wp-content\\\/uploads\\\/2020\\\/01\\\/ocoerente-1.png\",\"url\":\"https:\\\/\\\/ocoerente.com.br\\\/se\\\/wp-content\\\/uploads\\\/2020\\\/01\\\/ocoerente-1.png\",\"contentUrl\":\"https:\\\/\\\/ocoerente.com.br\\\/se\\\/wp-content\\\/uploads\\\/2020\\\/01\\\/ocoerente-1.png\",\"width\":50,\"height\":50,\"caption\":\"Reda\u00e7\u00e3o\"},\"logo\":{\"@id\":\"https:\\\/\\\/ocoerente.com.br\\\/se\\\/wp-content\\\/uploads\\\/2020\\\/01\\\/ocoerente-1.png\"},\"url\":\"https:\\\/\\\/ocoerente.com.br\\\/se\\\/author\\\/vasticlsales\\\/\"}]}<\/script>\n<!-- \/ Yoast SEO plugin. -->","yoast_head_json":{"title":"Josenito Oliveira assume Secretaria de Planejamento, Or\u00e7amento e Gest\u00e3o de S\u00e3o Crist\u00f3v\u00e3o - O Coerente","robots":{"index":"index","follow":"follow","max-snippet":"max-snippet:-1","max-image-preview":"max-image-preview:large","max-video-preview":"max-video-preview:-1"},"canonical":"https:\/\/ocoerente.com.br\/se\/2021\/02\/28\/josenito-oliveira-assume-secretaria-de-planejamento-orcamento-e-gestao-de-sao-cristovao\/","og_locale":"pt_BR","og_type":"article","og_title":"Josenito Oliveira assume Secretaria de Planejamento, Or\u00e7amento e Gest\u00e3o de S\u00e3o Crist\u00f3v\u00e3o - O Coerente","og_description":"O professor e economista Josenito Oliveira Santos, \u00e9 o novo secret\u00e1rio de Planejamento, Or\u00e7amento e Gest\u00e3o de S\u00e3o Crist\u00f3v\u00e3o. Ontem (09), ele foi apresentado pelo prefeito Marcos Santana aos demais secret\u00e1rios municipais. Com larga experi\u00eancia em gest\u00e3o de finan\u00e7as no setor p\u00fablico e no setor privado, o novo secret\u00e1rio v\u00ea o cargo como um desafio. [&hellip;]","og_url":"https:\/\/ocoerente.com.br\/se\/2021\/02\/28\/josenito-oliveira-assume-secretaria-de-planejamento-orcamento-e-gestao-de-sao-cristovao\/","og_site_name":"O Coerente","article_published_time":"2021-02-28T03:36:52+00:00","article_modified_time":"2021-02-28T03:36:54+00:00","og_image":[{"width":1600,"height":1066,"url":"https:\/\/ocoerente.com.br\/se\/wp-content\/uploads\/2021\/02\/josenito-oliveira-assume-secretaria-de-planej.jpg","type":"image\/jpeg"}],"author":"Reda\u00e7\u00e3o","twitter_card":"summary_large_image","twitter_misc":{"Escrito por":"Reda\u00e7\u00e3o","Est. tempo de leitura":"3 minutos"},"schema":{"@context":"https:\/\/schema.org","@graph":[{"@type":"Article","@id":"https:\/\/ocoerente.com.br\/se\/2021\/02\/28\/josenito-oliveira-assume-secretaria-de-planejamento-orcamento-e-gestao-de-sao-cristovao\/#article","isPartOf":{"@id":"https:\/\/ocoerente.com.br\/se\/2021\/02\/28\/josenito-oliveira-assume-secretaria-de-planejamento-orcamento-e-gestao-de-sao-cristovao\/"},"author":{"name":"Reda\u00e7\u00e3o","@id":"https:\/\/ocoerente.com.br\/se\/#\/schema\/person\/cc6bfd9fbca465e23543b0c963d8d037"},"headline":"Josenito Oliveira assume Secretaria de Planejamento, Or\u00e7amento e Gest\u00e3o de S\u00e3o Crist\u00f3v\u00e3o","datePublished":"2021-02-28T03:36:52+00:00","dateModified":"2021-02-28T03:36:54+00:00","mainEntityOfPage":{"@id":"https:\/\/ocoerente.com.br\/se\/2021\/02\/28\/josenito-oliveira-assume-secretaria-de-planejamento-orcamento-e-gestao-de-sao-cristovao\/"},"wordCount":460,"publisher":{"@id":"https:\/\/ocoerente.com.br\/se\/#\/schema\/person\/cc6bfd9fbca465e23543b0c963d8d037"},"image":{"@id":"https:\/\/ocoerente.com.br\/se\/2021\/02\/28\/josenito-oliveira-assume-secretaria-de-planejamento-orcamento-e-gestao-de-sao-cristovao\/#primaryimage"},"thumbnailUrl":"https:\/\/ocoerente.com.br\/se\/wp-content\/uploads\/2021\/02\/josenito-oliveira-assume-secretaria-de-planej.jpg","articleSection":["Destaques","Sergipe"],"inLanguage":"pt-BR"},{"@type":"WebPage","@id":"https:\/\/ocoerente.com.br\/se\/2021\/02\/28\/josenito-oliveira-assume-secretaria-de-planejamento-orcamento-e-gestao-de-sao-cristovao\/","url":"https:\/\/ocoerente.com.br\/se\/2021\/02\/28\/josenito-oliveira-assume-secretaria-de-planejamento-orcamento-e-gestao-de-sao-cristovao\/","name":"Josenito Oliveira assume Secretaria de Planejamento, Or\u00e7amento e Gest\u00e3o de S\u00e3o Crist\u00f3v\u00e3o - O Coerente","isPartOf":{"@id":"https:\/\/ocoerente.com.br\/se\/#website"},"primaryImageOfPage":{"@id":"https:\/\/ocoerente.com.br\/se\/2021\/02\/28\/josenito-oliveira-assume-secretaria-de-planejamento-orcamento-e-gestao-de-sao-cristovao\/#primaryimage"},"image":{"@id":"https:\/\/ocoerente.com.br\/se\/2021\/02\/28\/josenito-oliveira-assume-secretaria-de-planejamento-orcamento-e-gestao-de-sao-cristovao\/#primaryimage"},"thumbnailUrl":"https:\/\/ocoerente.com.br\/se\/wp-content\/uploads\/2021\/02\/josenito-oliveira-assume-secretaria-de-planej.jpg","datePublished":"2021-02-28T03:36:52+00:00","dateModified":"2021-02-28T03:36:54+00:00","breadcrumb":{"@id":"https:\/\/ocoerente.com.br\/se\/2021\/02\/28\/josenito-oliveira-assume-secretaria-de-planejamento-orcamento-e-gestao-de-sao-cristovao\/#breadcrumb"},"inLanguage":"pt-BR","potentialAction":[{"@type":"ReadAction","target":["https:\/\/ocoerente.com.br\/se\/2021\/02\/28\/josenito-oliveira-assume-secretaria-de-planejamento-orcamento-e-gestao-de-sao-cristovao\/"]}]},{"@type":"ImageObject","inLanguage":"pt-BR","@id":"https:\/\/ocoerente.com.br\/se\/2021\/02\/28\/josenito-oliveira-assume-secretaria-de-planejamento-orcamento-e-gestao-de-sao-cristovao\/#primaryimage","url":"https:\/\/ocoerente.com.br\/se\/wp-content\/uploads\/2021\/02\/josenito-oliveira-assume-secretaria-de-planej.jpg","contentUrl":"https:\/\/ocoerente.com.br\/se\/wp-content\/uploads\/2021\/02\/josenito-oliveira-assume-secretaria-de-planej.jpg","width":1600,"height":1066},{"@type":"BreadcrumbList","@id":"https:\/\/ocoerente.com.br\/se\/2021\/02\/28\/josenito-oliveira-assume-secretaria-de-planejamento-orcamento-e-gestao-de-sao-cristovao\/#breadcrumb","itemListElement":[{"@type":"ListItem","position":1,"name":"In\u00edcio","item":"https:\/\/ocoerente.com.br\/se\/"},{"@type":"ListItem","position":2,"name":"Josenito Oliveira assume Secretaria de Planejamento, Or\u00e7amento e Gest\u00e3o de S\u00e3o Crist\u00f3v\u00e3o"}]},{"@type":"WebSite","@id":"https:\/\/ocoerente.com.br\/se\/#website","url":"https:\/\/ocoerente.com.br\/se\/","name":"O Coerente","description":"","publisher":{"@id":"https:\/\/ocoerente.com.br\/se\/#\/schema\/person\/cc6bfd9fbca465e23543b0c963d8d037"},"potentialAction":[{"@type":"SearchAction","target":{"@type":"EntryPoint","urlTemplate":"https:\/\/ocoerente.com.br\/se\/?s={search_term_string}"},"query-input":{"@type":"PropertyValueSpecification","valueRequired":true,"valueName":"search_term_string"}}],"inLanguage":"pt-BR"},{"@type":["Person","Organization"],"@id":"https:\/\/ocoerente.com.br\/se\/#\/schema\/person\/cc6bfd9fbca465e23543b0c963d8d037","name":"Reda\u00e7\u00e3o","image":{"@type":"ImageObject","inLanguage":"pt-BR","@id":"https:\/\/ocoerente.com.br\/se\/wp-content\/uploads\/2020\/01\/ocoerente-1.png","url":"https:\/\/ocoerente.com.br\/se\/wp-content\/uploads\/2020\/01\/ocoerente-1.png","contentUrl":"https:\/\/ocoerente.com.br\/se\/wp-content\/uploads\/2020\/01\/ocoerente-1.png","width":50,"height":50,"caption":"Reda\u00e7\u00e3o"},"logo":{"@id":"https:\/\/ocoerente.com.br\/se\/wp-content\/uploads\/2020\/01\/ocoerente-1.png"},"url":"https:\/\/ocoerente.com.br\/se\/author\/vasticlsales\/"}]}},"_links":{"self":[{"href":"https:\/\/ocoerente.com.br\/se\/wp-json\/wp\/v2\/posts\/2732","targetHints":{"allow":["GET"]}}],"collection":[{"href":"https:\/\/ocoerente.com.br\/se\/wp-json\/wp\/v2\/posts"}],"about":[{"href":"https:\/\/ocoerente.com.br\/se\/wp-json\/wp\/v2\/types\/post"}],"author":[{"embeddable":true,"href":"https:\/\/ocoerente.com.br\/se\/wp-json\/wp\/v2\/users\/1"}],"replies":[{"embeddable":true,"href":"https:\/\/ocoerente.com.br\/se\/wp-json\/wp\/v2\/comments?post=2732"}],"version-history":[{"count":1,"href":"https:\/\/ocoerente.com.br\/se\/wp-json\/wp\/v2\/posts\/2732\/revisions"}],"predecessor-version":[{"id":2736,"href":"https:\/\/ocoerente.com.br\/se\/wp-json\/wp\/v2\/posts\/2732\/revisions\/2736"}],"wp:featuredmedia":[{"embeddable":true,"href":"https:\/\/ocoerente.com.br\/se\/wp-json\/wp\/v2\/media\/2733"}],"wp:attachment":[{"href":"https:\/\/ocoerente.com.br\/se\/wp-json\/wp\/v2\/media?parent=2732"}],"wp:term":[{"taxonomy":"category","embeddable":true,"href":"https:\/\/ocoerente.com.br\/se\/wp-json\/wp\/v2\/categories?post=2732"},{"taxonomy":"post_tag","embeddable":true,"href":"https:\/\/ocoerente.com.br\/se\/wp-json\/wp\/v2\/tags?post=2732"}],"curies":[{"name":"wp","href":"https:\/\/api.w.org\/{rel}","templated":true}]}}