{"id":2727,"date":"2021-02-28T00:32:14","date_gmt":"2021-02-28T03:32:14","guid":{"rendered":"https:\/\/ocoerente.com.br\/se\/?p=2727"},"modified":"2021-02-28T00:32:15","modified_gmt":"2021-02-28T03:32:15","slug":"rogerio-carvalho-anuncia-proposta-do-pt-na-pec-emergencial-de-um-auxilio-as-micro-e-pequenas-empresas-caso-haja-lockdown","status":"publish","type":"post","link":"https:\/\/ocoerente.com.br\/se\/2021\/02\/28\/rogerio-carvalho-anuncia-proposta-do-pt-na-pec-emergencial-de-um-auxilio-as-micro-e-pequenas-empresas-caso-haja-lockdown\/","title":{"rendered":"Rog\u00e9rio Carvalho anuncia proposta do PT na PEC emergencial de um aux\u00edlio \u00e0s micro e pequenas empresas caso haja lockdown"},"content":{"rendered":"\n<h5 class=\"wp-block-heading\"><em><strong>O an\u00fancio da proposta foi feito pelo senador Rog\u00e9rio Carvalho durante uma entrevista neste s\u00e1bado (27) na \u201c13 FM\u201d do munic\u00edpio de Lagarto.<\/strong><\/em><\/h5>\n\n\n\n<p>Depois de sugerir um lockdown caso haja superlota\u00e7\u00e3o nos hospitais de Sergipe, o parlamentar, que j\u00e1 apresentou uma proposta para manter os R$ 600, agora noticia sobre a ajuda aos empres\u00e1rios.<\/p>\n\n\n\n<blockquote class=\"wp-block-quote is-layout-flow wp-block-quote-is-layout-flow\"><p>\u201c<strong><em>Na PEC Emergencial, faremos um voto em separado para trazer de volta o aux\u00edlio \u00e0s empresas por causa da necessidade de um lockdown. Isso porque al\u00e9m dos trabalhadores, vamos garantir que os pequenos empres\u00e1rios tamb\u00e9m estejam amparados neste fechamento tempor\u00e1rio<\/em><\/strong>\u201d, escreveu o petista numa rede social.<\/p><\/blockquote>\n\n\n\n<figure class=\"wp-block-image size-large\"><img loading=\"lazy\" decoding=\"async\" width=\"270\" height=\"300\" src=\"https:\/\/ocoerente.com.br\/se\/wp-content\/uploads\/2021\/02\/sobre-auxilio-emergencial-para-as-micro.jpg\" alt=\"\" class=\"wp-image-2729\"\/><\/figure>\n\n\n\n<p>Ap\u00f3s uma obstru\u00e7\u00e3o do PT e dos partidos de oposi\u00e7\u00e3o, a leitura do relat\u00f3rio e a vota\u00e7\u00e3o da PEC Emergencial foram adiadas. O senador Rog\u00e9rio Carvalho explica o que aconteceu:<\/p>\n\n\n\n<blockquote class=\"wp-block-quote is-layout-flow wp-block-quote-is-layout-flow\"><p>\u201c<em><strong>N\u00f3s fizemos uma obstru\u00e7\u00e3o porque nessa PEC Emergencial, o governo federal queria desvincular o gasto com sa\u00fade e educa\u00e7\u00e3o. N\u00f3s n\u00e3o deixamos votar, e conseguimos evitar que a PEC fosse votada com esse texto. Foi uma vit\u00f3ria nossa!<\/strong><\/em>\u201d, comemora Carvalho.<\/p><\/blockquote>\n\n\n\n<figure class=\"wp-block-image size-large\"><img loading=\"lazy\" decoding=\"async\" width=\"300\" height=\"186\" src=\"https:\/\/ocoerente.com.br\/se\/wp-content\/uploads\/2021\/02\/emergencial-para-micro-e-pequenas-emprea.jpg\" alt=\"\" class=\"wp-image-2730\"\/><\/figure>\n\n\n\n<p>Agora, o senador Rog\u00e9rio esclarece quais s\u00e3o as propostas que vai apresentar no voto em separado.<\/p>\n\n\n\n<blockquote class=\"wp-block-quote is-layout-flow wp-block-quote-is-layout-flow\"><p>\u201c<strong><em>O relator vai apresentar o texto com a proposta do governo, n\u00f3s apresentaremos uma proposta em que seja o aux\u00edlio emergencial de 600 reais, que mais pessoas possam receber, al\u00e9m de garantir mais dinheiro para a sa\u00fade, e ainda vou incluir as empresas porque se n\u00e3o houver uma ajuda para pagamento de sal\u00e1rios, elas ter\u00e3o grande dificuldade de sobreviver.<\/em>&nbsp;<\/strong>\u201d<\/p><\/blockquote>\n\n\n\n<p>Questionado pelos entrevistadores Valmir Monteiro e professor Adiranilton se o governo federal tem dinheiro para pagar essa conta, Rog\u00e9rio Carvalho garante que existem recursos suficientes para ajudar o povo brasileiro.<\/p>\n\n\n\n<blockquote class=\"wp-block-quote is-layout-flow wp-block-quote-is-layout-flow\"><p>\u201c<strong><em>A Uni\u00e3o tem em caixa, na conta do tesouro nacional, um trilh\u00e3o e meio de reais! Portanto, Bolsonaro n\u00e3o tem desculpa, n\u00e3o existe essa dificuldade anunciada pelo governo.<\/em>&nbsp;<\/strong>\u201d, dispara ele.<\/p><\/blockquote>\n\n\n\n<p>Por causa do aumento da m\u00e9dia de interna\u00e7\u00f5es em Sergipe e do fechamento tempor\u00e1rio na capital federal e a superlota\u00e7\u00e3o dos grandes hospitais do pa\u00eds, o senador Rog\u00e9rio Carvalho sugeriu um lockdown como sa\u00edda para evitar um colapso na sa\u00fade. Ele explicou que a sugest\u00e3o \u00e9 para que o povo apoie o governador caso ele precise tomar essa medida extrema.<\/p>\n\n\n\n<blockquote class=\"wp-block-quote is-layout-flow wp-block-quote-is-layout-flow\"><p>\u201cO<strong><em>&nbsp;governador Belivaldo Chagas teve coragem de tomar medidas mais en\u00e9rgicas quando precisou no ano passado. E fizemos, a sugest\u00e3o agora porque existe o risco de a gente viver o que aconteceu em Manaus e em outras cidades. Se Belivaldo precisar fazer novamente, que seja por curto tempo, de forma eficiente, e que o povo acolha essa atitude.<\/em>&nbsp;<\/strong>\u201d, aconselha o parlamentar.<\/p><\/blockquote>\n\n\n\n<p>Sobre as emendas parlamentares, o senador Rog\u00e9rio disse que este ano a prioridade s\u00e3o os munic\u00edpios.<\/p>\n\n\n\n<blockquote class=\"wp-block-quote is-layout-flow wp-block-quote-is-layout-flow\"><p>\u201c<strong><em>N\u00f3s recebemos muitos prefeitos aqui em Bras\u00edlia para distribuir nossas emendas, e este ano vou me empenhar em ajudar os munic\u00edpios. Em 2020, ajudamos muito ao estado, agora vamos municipalizar as nossas emendas. \u201d, pontuou ele<\/em><\/strong>.<\/p><\/blockquote>\n\n\n\n<p>E falou sobre os recursos que ainda vai conseguir:<\/p>\n\n\n\n<blockquote class=\"wp-block-quote is-layout-flow wp-block-quote-is-layout-flow\"><p>\u201c<strong><em>Este ano, vamos conseguir at\u00e9 o meio do ano, em torno de 50 milh\u00f5es de reais para distribuirmos diretamente aos munic\u00edpios, com equipamentos e pavimenta\u00e7\u00e3o, e que com f\u00e9 em Deus, ainda vamos colocar no or\u00e7amento da Uni\u00e3o, um recurso para uma obra muito importante para a nossa cidade de Lagarto. E mais dinheiro para a reconstru\u00e7\u00e3o as estradas vicinais na regi\u00e3o, para melhorar o desenvolvimento econ\u00f4mico.<\/em>&nbsp;<\/strong>\u201d<\/p><p>O senador Rog\u00e9rio Carvalho comemorou as conquistas de 2020 que melhoraram a vida do povo de Sergipe. \u201c<em><strong>Os 200 milh\u00f5es j\u00e1 foram liberados. E ainda no ano passado, conseguimos liberar 25 milh\u00f5es para as a\u00e7\u00f5es de combate \u00e0 Covid, 10 milh\u00f5es para equipamentos hospitalares, os 50 milh\u00f5es da BR 101, os 14 milh\u00f5es da rodovia Jo\u00e3o Bebe \u00c1gua, e os cerca 150 respiradores que chegaram em Sergipe no per\u00edodo cr\u00edtico das interna\u00e7\u00f5es<\/strong><\/em>\u201d.<\/p><\/blockquote>\n\n\n\n<p>Neste momento da conversa, o senador Rog\u00e9rio Carvalho criticou muito a postura do presidente da Rep\u00fablica em rela\u00e7\u00e3o \u00e0 postura dele diante de uma situa\u00e7\u00e3o t\u00e3o grave quanto a pandemia. E disse que se houvesse vacinas, Sergipe n\u00e3o estaria neste estado de alerta:<\/p>\n\n\n\n<blockquote class=\"wp-block-quote is-layout-flow wp-block-quote-is-layout-flow\"><p>\u201c<strong><em>Se tivesse vacina, em 8 dias, n\u00f3s vacinar\u00edamos 100% da popula\u00e7\u00e3o de Sergipe. O problema do presidente \u00e9 que ele negligencia a pandemia e a vacina. E onde ele tem um maior n\u00famero de adeptos, existem mais pessoas doentes e a mortalidade \u00e9 maior. Isso porque, as pessoas seguem o conselho dele. E \u00e9 muito grave!<\/em>&nbsp;<\/strong>\u201d<\/p><\/blockquote>\n\n\n\n<p>Pensando no que pode acontecer daqui para frente, o parlamentar sergipano lamenta que as vacinas s\u00f3 chegaram ao Brasil em pelo menos 3 meses.<\/p>\n\n\n\n<blockquote class=\"wp-block-quote is-layout-flow wp-block-quote-is-layout-flow\"><p>\u201c<em><strong>A Pfizer se disponibilizou a vender 70 milh\u00f5es de vacina para o governo brasileiro, e ficou oferecendo ao Minist\u00e9rio da Sa\u00fade. Acontece que o presidente n\u00e3o comprou. Ao contr\u00e1rio disso, os pa\u00edses que t\u00eam um governo com seriedade, e que respeitam a ci\u00eancia, compraram as vacinas. Agora, n\u00f3s s\u00f3 teremos vacinas aqui para o Brasil em 120 dias. Muito mais gente vai perder a vida para essa doen\u00e7a.<\/strong><\/em>&nbsp;\u201d, lamentou.<\/p><\/blockquote>\n\n\n\n<p>Ao final da entrevista, Rog\u00e9rio Carvalho falou sobre as especula\u00e7\u00f5es sobre a sua poss\u00edvel candidatura ao governo de Sergipe. Ele falou sobre alian\u00e7as e aliados.<\/p>\n\n\n\n<blockquote class=\"wp-block-quote is-layout-flow wp-block-quote-is-layout-flow\"><p>\u201c<strong><em>Eu n\u00e3o tenho veto a ningu\u00e9m! Para mim, compor chapas com pessoas que tiverem disposi\u00e7\u00e3o para o trabalho, \u00e9 uma provoca\u00e7\u00e3o muito positiva. A gente precisa ampliar, abrir espa\u00e7o para que novas lideran\u00e7as entrem na cena pol\u00edtica de Sergipe.<\/em>&nbsp;<\/strong>\u201d, concluiu.<\/p><\/blockquote>\n\n\n\n<p>Rog\u00e9rio Carvalho<\/p>\n","protected":false},"excerpt":{"rendered":"<p>O an\u00fancio da proposta foi feito pelo senador Rog\u00e9rio Carvalho durante uma entrevista neste s\u00e1bado (27) na \u201c13 FM\u201d do munic\u00edpio de Lagarto. Depois de sugerir um lockdown caso haja superlota\u00e7\u00e3o nos hospitais de Sergipe, o parlamentar, que j\u00e1 apresentou uma proposta para manter os R$ 600, agora noticia sobre a ajuda aos empres\u00e1rios. \u201cNa [&hellip;]<\/p>\n","protected":false},"author":1,"featured_media":2728,"comment_status":"closed","ping_status":"closed","sticky":false,"template":"","format":"standard","meta":{"footnotes":""},"categories":[48,53],"tags":[],"class_list":["post-2727","post","type-post","status-publish","format-standard","has-post-thumbnail","hentry","category-brasil","category-destaques"],"yoast_head":"<!-- This site is optimized with the Yoast SEO plugin v27.4 - https:\/\/yoast.com\/product\/yoast-seo-wordpress\/ -->\n<title>Rog\u00e9rio Carvalho anuncia proposta do PT na PEC emergencial de um aux\u00edlio \u00e0s micro e pequenas empresas caso haja lockdown - O Coerente<\/title>\n<meta name=\"robots\" content=\"index, follow, max-snippet:-1, max-image-preview:large, max-video-preview:-1\" \/>\n<link rel=\"canonical\" href=\"https:\/\/ocoerente.com.br\/se\/2021\/02\/28\/rogerio-carvalho-anuncia-proposta-do-pt-na-pec-emergencial-de-um-auxilio-as-micro-e-pequenas-empresas-caso-haja-lockdown\/\" \/>\n<meta property=\"og:locale\" content=\"pt_BR\" \/>\n<meta property=\"og:type\" content=\"article\" \/>\n<meta property=\"og:title\" content=\"Rog\u00e9rio Carvalho anuncia proposta do PT na PEC emergencial de um aux\u00edlio \u00e0s micro e pequenas empresas caso haja lockdown - O Coerente\" \/>\n<meta property=\"og:description\" content=\"O an\u00fancio da proposta foi feito pelo senador Rog\u00e9rio Carvalho durante uma entrevista neste s\u00e1bado (27) na \u201c13 FM\u201d do munic\u00edpio de Lagarto. Depois de sugerir um lockdown caso haja superlota\u00e7\u00e3o nos hospitais de Sergipe, o parlamentar, que j\u00e1 apresentou uma proposta para manter os R$ 600, agora noticia sobre a ajuda aos empres\u00e1rios. \u201cNa [&hellip;]\" \/>\n<meta property=\"og:url\" content=\"https:\/\/ocoerente.com.br\/se\/2021\/02\/28\/rogerio-carvalho-anuncia-proposta-do-pt-na-pec-emergencial-de-um-auxilio-as-micro-e-pequenas-empresas-caso-haja-lockdown\/\" \/>\n<meta property=\"og:site_name\" content=\"O Coerente\" \/>\n<meta property=\"article:published_time\" content=\"2021-02-28T03:32:14+00:00\" \/>\n<meta property=\"article:modified_time\" content=\"2021-02-28T03:32:15+00:00\" \/>\n<meta property=\"og:image\" content=\"https:\/\/ocoerente.com.br\/se\/wp-content\/uploads\/2021\/02\/Carvalho-critica-MP-que-quer-a-venda-da-Eletrobras-1.jpg\" \/>\n\t<meta property=\"og:image:width\" content=\"800\" \/>\n\t<meta property=\"og:image:height\" content=\"532\" \/>\n\t<meta property=\"og:image:type\" content=\"image\/jpeg\" \/>\n<meta name=\"author\" content=\"Reda\u00e7\u00e3o\" \/>\n<meta name=\"twitter:card\" content=\"summary_large_image\" \/>\n<meta name=\"twitter:label1\" content=\"Escrito por\" \/>\n\t<meta name=\"twitter:data1\" content=\"Reda\u00e7\u00e3o\" \/>\n\t<meta name=\"twitter:label2\" content=\"Est. tempo de leitura\" \/>\n\t<meta name=\"twitter:data2\" content=\"5 minutos\" \/>\n<script type=\"application\/ld+json\" class=\"yoast-schema-graph\">{\"@context\":\"https:\\\/\\\/schema.org\",\"@graph\":[{\"@type\":\"Article\",\"@id\":\"https:\\\/\\\/ocoerente.com.br\\\/se\\\/2021\\\/02\\\/28\\\/rogerio-carvalho-anuncia-proposta-do-pt-na-pec-emergencial-de-um-auxilio-as-micro-e-pequenas-empresas-caso-haja-lockdown\\\/#article\",\"isPartOf\":{\"@id\":\"https:\\\/\\\/ocoerente.com.br\\\/se\\\/2021\\\/02\\\/28\\\/rogerio-carvalho-anuncia-proposta-do-pt-na-pec-emergencial-de-um-auxilio-as-micro-e-pequenas-empresas-caso-haja-lockdown\\\/\"},\"author\":{\"name\":\"Reda\u00e7\u00e3o\",\"@id\":\"https:\\\/\\\/ocoerente.com.br\\\/se\\\/#\\\/schema\\\/person\\\/cc6bfd9fbca465e23543b0c963d8d037\"},\"headline\":\"Rog\u00e9rio Carvalho anuncia proposta do PT na PEC emergencial de um aux\u00edlio \u00e0s micro e pequenas empresas caso haja lockdown\",\"datePublished\":\"2021-02-28T03:32:14+00:00\",\"dateModified\":\"2021-02-28T03:32:15+00:00\",\"mainEntityOfPage\":{\"@id\":\"https:\\\/\\\/ocoerente.com.br\\\/se\\\/2021\\\/02\\\/28\\\/rogerio-carvalho-anuncia-proposta-do-pt-na-pec-emergencial-de-um-auxilio-as-micro-e-pequenas-empresas-caso-haja-lockdown\\\/\"},\"wordCount\":994,\"publisher\":{\"@id\":\"https:\\\/\\\/ocoerente.com.br\\\/se\\\/#\\\/schema\\\/person\\\/cc6bfd9fbca465e23543b0c963d8d037\"},\"image\":{\"@id\":\"https:\\\/\\\/ocoerente.com.br\\\/se\\\/2021\\\/02\\\/28\\\/rogerio-carvalho-anuncia-proposta-do-pt-na-pec-emergencial-de-um-auxilio-as-micro-e-pequenas-empresas-caso-haja-lockdown\\\/#primaryimage\"},\"thumbnailUrl\":\"https:\\\/\\\/ocoerente.com.br\\\/se\\\/wp-content\\\/uploads\\\/2021\\\/02\\\/Carvalho-critica-MP-que-quer-a-venda-da-Eletrobras-1.jpg\",\"articleSection\":[\"Brasil\",\"Destaques\"],\"inLanguage\":\"pt-BR\"},{\"@type\":\"WebPage\",\"@id\":\"https:\\\/\\\/ocoerente.com.br\\\/se\\\/2021\\\/02\\\/28\\\/rogerio-carvalho-anuncia-proposta-do-pt-na-pec-emergencial-de-um-auxilio-as-micro-e-pequenas-empresas-caso-haja-lockdown\\\/\",\"url\":\"https:\\\/\\\/ocoerente.com.br\\\/se\\\/2021\\\/02\\\/28\\\/rogerio-carvalho-anuncia-proposta-do-pt-na-pec-emergencial-de-um-auxilio-as-micro-e-pequenas-empresas-caso-haja-lockdown\\\/\",\"name\":\"Rog\u00e9rio Carvalho anuncia proposta do PT na PEC emergencial de um aux\u00edlio \u00e0s micro e pequenas empresas caso haja lockdown - O Coerente\",\"isPartOf\":{\"@id\":\"https:\\\/\\\/ocoerente.com.br\\\/se\\\/#website\"},\"primaryImageOfPage\":{\"@id\":\"https:\\\/\\\/ocoerente.com.br\\\/se\\\/2021\\\/02\\\/28\\\/rogerio-carvalho-anuncia-proposta-do-pt-na-pec-emergencial-de-um-auxilio-as-micro-e-pequenas-empresas-caso-haja-lockdown\\\/#primaryimage\"},\"image\":{\"@id\":\"https:\\\/\\\/ocoerente.com.br\\\/se\\\/2021\\\/02\\\/28\\\/rogerio-carvalho-anuncia-proposta-do-pt-na-pec-emergencial-de-um-auxilio-as-micro-e-pequenas-empresas-caso-haja-lockdown\\\/#primaryimage\"},\"thumbnailUrl\":\"https:\\\/\\\/ocoerente.com.br\\\/se\\\/wp-content\\\/uploads\\\/2021\\\/02\\\/Carvalho-critica-MP-que-quer-a-venda-da-Eletrobras-1.jpg\",\"datePublished\":\"2021-02-28T03:32:14+00:00\",\"dateModified\":\"2021-02-28T03:32:15+00:00\",\"breadcrumb\":{\"@id\":\"https:\\\/\\\/ocoerente.com.br\\\/se\\\/2021\\\/02\\\/28\\\/rogerio-carvalho-anuncia-proposta-do-pt-na-pec-emergencial-de-um-auxilio-as-micro-e-pequenas-empresas-caso-haja-lockdown\\\/#breadcrumb\"},\"inLanguage\":\"pt-BR\",\"potentialAction\":[{\"@type\":\"ReadAction\",\"target\":[\"https:\\\/\\\/ocoerente.com.br\\\/se\\\/2021\\\/02\\\/28\\\/rogerio-carvalho-anuncia-proposta-do-pt-na-pec-emergencial-de-um-auxilio-as-micro-e-pequenas-empresas-caso-haja-lockdown\\\/\"]}]},{\"@type\":\"ImageObject\",\"inLanguage\":\"pt-BR\",\"@id\":\"https:\\\/\\\/ocoerente.com.br\\\/se\\\/2021\\\/02\\\/28\\\/rogerio-carvalho-anuncia-proposta-do-pt-na-pec-emergencial-de-um-auxilio-as-micro-e-pequenas-empresas-caso-haja-lockdown\\\/#primaryimage\",\"url\":\"https:\\\/\\\/ocoerente.com.br\\\/se\\\/wp-content\\\/uploads\\\/2021\\\/02\\\/Carvalho-critica-MP-que-quer-a-venda-da-Eletrobras-1.jpg\",\"contentUrl\":\"https:\\\/\\\/ocoerente.com.br\\\/se\\\/wp-content\\\/uploads\\\/2021\\\/02\\\/Carvalho-critica-MP-que-quer-a-venda-da-Eletrobras-1.jpg\",\"width\":800,\"height\":532},{\"@type\":\"BreadcrumbList\",\"@id\":\"https:\\\/\\\/ocoerente.com.br\\\/se\\\/2021\\\/02\\\/28\\\/rogerio-carvalho-anuncia-proposta-do-pt-na-pec-emergencial-de-um-auxilio-as-micro-e-pequenas-empresas-caso-haja-lockdown\\\/#breadcrumb\",\"itemListElement\":[{\"@type\":\"ListItem\",\"position\":1,\"name\":\"In\u00edcio\",\"item\":\"https:\\\/\\\/ocoerente.com.br\\\/se\\\/\"},{\"@type\":\"ListItem\",\"position\":2,\"name\":\"Rog\u00e9rio Carvalho anuncia proposta do PT na PEC emergencial de um aux\u00edlio \u00e0s micro e pequenas empresas caso haja lockdown\"}]},{\"@type\":\"WebSite\",\"@id\":\"https:\\\/\\\/ocoerente.com.br\\\/se\\\/#website\",\"url\":\"https:\\\/\\\/ocoerente.com.br\\\/se\\\/\",\"name\":\"O Coerente\",\"description\":\"\",\"publisher\":{\"@id\":\"https:\\\/\\\/ocoerente.com.br\\\/se\\\/#\\\/schema\\\/person\\\/cc6bfd9fbca465e23543b0c963d8d037\"},\"potentialAction\":[{\"@type\":\"SearchAction\",\"target\":{\"@type\":\"EntryPoint\",\"urlTemplate\":\"https:\\\/\\\/ocoerente.com.br\\\/se\\\/?s={search_term_string}\"},\"query-input\":{\"@type\":\"PropertyValueSpecification\",\"valueRequired\":true,\"valueName\":\"search_term_string\"}}],\"inLanguage\":\"pt-BR\"},{\"@type\":[\"Person\",\"Organization\"],\"@id\":\"https:\\\/\\\/ocoerente.com.br\\\/se\\\/#\\\/schema\\\/person\\\/cc6bfd9fbca465e23543b0c963d8d037\",\"name\":\"Reda\u00e7\u00e3o\",\"image\":{\"@type\":\"ImageObject\",\"inLanguage\":\"pt-BR\",\"@id\":\"https:\\\/\\\/ocoerente.com.br\\\/se\\\/wp-content\\\/uploads\\\/2020\\\/01\\\/ocoerente-1.png\",\"url\":\"https:\\\/\\\/ocoerente.com.br\\\/se\\\/wp-content\\\/uploads\\\/2020\\\/01\\\/ocoerente-1.png\",\"contentUrl\":\"https:\\\/\\\/ocoerente.com.br\\\/se\\\/wp-content\\\/uploads\\\/2020\\\/01\\\/ocoerente-1.png\",\"width\":50,\"height\":50,\"caption\":\"Reda\u00e7\u00e3o\"},\"logo\":{\"@id\":\"https:\\\/\\\/ocoerente.com.br\\\/se\\\/wp-content\\\/uploads\\\/2020\\\/01\\\/ocoerente-1.png\"},\"url\":\"https:\\\/\\\/ocoerente.com.br\\\/se\\\/author\\\/vasticlsales\\\/\"}]}<\/script>\n<!-- \/ Yoast SEO plugin. -->","yoast_head_json":{"title":"Rog\u00e9rio Carvalho anuncia proposta do PT na PEC emergencial de um aux\u00edlio \u00e0s micro e pequenas empresas caso haja lockdown - O Coerente","robots":{"index":"index","follow":"follow","max-snippet":"max-snippet:-1","max-image-preview":"max-image-preview:large","max-video-preview":"max-video-preview:-1"},"canonical":"https:\/\/ocoerente.com.br\/se\/2021\/02\/28\/rogerio-carvalho-anuncia-proposta-do-pt-na-pec-emergencial-de-um-auxilio-as-micro-e-pequenas-empresas-caso-haja-lockdown\/","og_locale":"pt_BR","og_type":"article","og_title":"Rog\u00e9rio Carvalho anuncia proposta do PT na PEC emergencial de um aux\u00edlio \u00e0s micro e pequenas empresas caso haja lockdown - O Coerente","og_description":"O an\u00fancio da proposta foi feito pelo senador Rog\u00e9rio Carvalho durante uma entrevista neste s\u00e1bado (27) na \u201c13 FM\u201d do munic\u00edpio de Lagarto. Depois de sugerir um lockdown caso haja superlota\u00e7\u00e3o nos hospitais de Sergipe, o parlamentar, que j\u00e1 apresentou uma proposta para manter os R$ 600, agora noticia sobre a ajuda aos empres\u00e1rios. \u201cNa [&hellip;]","og_url":"https:\/\/ocoerente.com.br\/se\/2021\/02\/28\/rogerio-carvalho-anuncia-proposta-do-pt-na-pec-emergencial-de-um-auxilio-as-micro-e-pequenas-empresas-caso-haja-lockdown\/","og_site_name":"O Coerente","article_published_time":"2021-02-28T03:32:14+00:00","article_modified_time":"2021-02-28T03:32:15+00:00","og_image":[{"width":800,"height":532,"url":"https:\/\/ocoerente.com.br\/se\/wp-content\/uploads\/2021\/02\/Carvalho-critica-MP-que-quer-a-venda-da-Eletrobras-1.jpg","type":"image\/jpeg"}],"author":"Reda\u00e7\u00e3o","twitter_card":"summary_large_image","twitter_misc":{"Escrito por":"Reda\u00e7\u00e3o","Est. tempo de leitura":"5 minutos"},"schema":{"@context":"https:\/\/schema.org","@graph":[{"@type":"Article","@id":"https:\/\/ocoerente.com.br\/se\/2021\/02\/28\/rogerio-carvalho-anuncia-proposta-do-pt-na-pec-emergencial-de-um-auxilio-as-micro-e-pequenas-empresas-caso-haja-lockdown\/#article","isPartOf":{"@id":"https:\/\/ocoerente.com.br\/se\/2021\/02\/28\/rogerio-carvalho-anuncia-proposta-do-pt-na-pec-emergencial-de-um-auxilio-as-micro-e-pequenas-empresas-caso-haja-lockdown\/"},"author":{"name":"Reda\u00e7\u00e3o","@id":"https:\/\/ocoerente.com.br\/se\/#\/schema\/person\/cc6bfd9fbca465e23543b0c963d8d037"},"headline":"Rog\u00e9rio Carvalho anuncia proposta do PT na PEC emergencial de um aux\u00edlio \u00e0s micro e pequenas empresas caso haja lockdown","datePublished":"2021-02-28T03:32:14+00:00","dateModified":"2021-02-28T03:32:15+00:00","mainEntityOfPage":{"@id":"https:\/\/ocoerente.com.br\/se\/2021\/02\/28\/rogerio-carvalho-anuncia-proposta-do-pt-na-pec-emergencial-de-um-auxilio-as-micro-e-pequenas-empresas-caso-haja-lockdown\/"},"wordCount":994,"publisher":{"@id":"https:\/\/ocoerente.com.br\/se\/#\/schema\/person\/cc6bfd9fbca465e23543b0c963d8d037"},"image":{"@id":"https:\/\/ocoerente.com.br\/se\/2021\/02\/28\/rogerio-carvalho-anuncia-proposta-do-pt-na-pec-emergencial-de-um-auxilio-as-micro-e-pequenas-empresas-caso-haja-lockdown\/#primaryimage"},"thumbnailUrl":"https:\/\/ocoerente.com.br\/se\/wp-content\/uploads\/2021\/02\/Carvalho-critica-MP-que-quer-a-venda-da-Eletrobras-1.jpg","articleSection":["Brasil","Destaques"],"inLanguage":"pt-BR"},{"@type":"WebPage","@id":"https:\/\/ocoerente.com.br\/se\/2021\/02\/28\/rogerio-carvalho-anuncia-proposta-do-pt-na-pec-emergencial-de-um-auxilio-as-micro-e-pequenas-empresas-caso-haja-lockdown\/","url":"https:\/\/ocoerente.com.br\/se\/2021\/02\/28\/rogerio-carvalho-anuncia-proposta-do-pt-na-pec-emergencial-de-um-auxilio-as-micro-e-pequenas-empresas-caso-haja-lockdown\/","name":"Rog\u00e9rio Carvalho anuncia proposta do PT na PEC emergencial de um aux\u00edlio \u00e0s micro e pequenas empresas caso haja lockdown - O Coerente","isPartOf":{"@id":"https:\/\/ocoerente.com.br\/se\/#website"},"primaryImageOfPage":{"@id":"https:\/\/ocoerente.com.br\/se\/2021\/02\/28\/rogerio-carvalho-anuncia-proposta-do-pt-na-pec-emergencial-de-um-auxilio-as-micro-e-pequenas-empresas-caso-haja-lockdown\/#primaryimage"},"image":{"@id":"https:\/\/ocoerente.com.br\/se\/2021\/02\/28\/rogerio-carvalho-anuncia-proposta-do-pt-na-pec-emergencial-de-um-auxilio-as-micro-e-pequenas-empresas-caso-haja-lockdown\/#primaryimage"},"thumbnailUrl":"https:\/\/ocoerente.com.br\/se\/wp-content\/uploads\/2021\/02\/Carvalho-critica-MP-que-quer-a-venda-da-Eletrobras-1.jpg","datePublished":"2021-02-28T03:32:14+00:00","dateModified":"2021-02-28T03:32:15+00:00","breadcrumb":{"@id":"https:\/\/ocoerente.com.br\/se\/2021\/02\/28\/rogerio-carvalho-anuncia-proposta-do-pt-na-pec-emergencial-de-um-auxilio-as-micro-e-pequenas-empresas-caso-haja-lockdown\/#breadcrumb"},"inLanguage":"pt-BR","potentialAction":[{"@type":"ReadAction","target":["https:\/\/ocoerente.com.br\/se\/2021\/02\/28\/rogerio-carvalho-anuncia-proposta-do-pt-na-pec-emergencial-de-um-auxilio-as-micro-e-pequenas-empresas-caso-haja-lockdown\/"]}]},{"@type":"ImageObject","inLanguage":"pt-BR","@id":"https:\/\/ocoerente.com.br\/se\/2021\/02\/28\/rogerio-carvalho-anuncia-proposta-do-pt-na-pec-emergencial-de-um-auxilio-as-micro-e-pequenas-empresas-caso-haja-lockdown\/#primaryimage","url":"https:\/\/ocoerente.com.br\/se\/wp-content\/uploads\/2021\/02\/Carvalho-critica-MP-que-quer-a-venda-da-Eletrobras-1.jpg","contentUrl":"https:\/\/ocoerente.com.br\/se\/wp-content\/uploads\/2021\/02\/Carvalho-critica-MP-que-quer-a-venda-da-Eletrobras-1.jpg","width":800,"height":532},{"@type":"BreadcrumbList","@id":"https:\/\/ocoerente.com.br\/se\/2021\/02\/28\/rogerio-carvalho-anuncia-proposta-do-pt-na-pec-emergencial-de-um-auxilio-as-micro-e-pequenas-empresas-caso-haja-lockdown\/#breadcrumb","itemListElement":[{"@type":"ListItem","position":1,"name":"In\u00edcio","item":"https:\/\/ocoerente.com.br\/se\/"},{"@type":"ListItem","position":2,"name":"Rog\u00e9rio Carvalho anuncia proposta do PT na PEC emergencial de um aux\u00edlio \u00e0s micro e pequenas empresas caso haja lockdown"}]},{"@type":"WebSite","@id":"https:\/\/ocoerente.com.br\/se\/#website","url":"https:\/\/ocoerente.com.br\/se\/","name":"O Coerente","description":"","publisher":{"@id":"https:\/\/ocoerente.com.br\/se\/#\/schema\/person\/cc6bfd9fbca465e23543b0c963d8d037"},"potentialAction":[{"@type":"SearchAction","target":{"@type":"EntryPoint","urlTemplate":"https:\/\/ocoerente.com.br\/se\/?s={search_term_string}"},"query-input":{"@type":"PropertyValueSpecification","valueRequired":true,"valueName":"search_term_string"}}],"inLanguage":"pt-BR"},{"@type":["Person","Organization"],"@id":"https:\/\/ocoerente.com.br\/se\/#\/schema\/person\/cc6bfd9fbca465e23543b0c963d8d037","name":"Reda\u00e7\u00e3o","image":{"@type":"ImageObject","inLanguage":"pt-BR","@id":"https:\/\/ocoerente.com.br\/se\/wp-content\/uploads\/2020\/01\/ocoerente-1.png","url":"https:\/\/ocoerente.com.br\/se\/wp-content\/uploads\/2020\/01\/ocoerente-1.png","contentUrl":"https:\/\/ocoerente.com.br\/se\/wp-content\/uploads\/2020\/01\/ocoerente-1.png","width":50,"height":50,"caption":"Reda\u00e7\u00e3o"},"logo":{"@id":"https:\/\/ocoerente.com.br\/se\/wp-content\/uploads\/2020\/01\/ocoerente-1.png"},"url":"https:\/\/ocoerente.com.br\/se\/author\/vasticlsales\/"}]}},"_links":{"self":[{"href":"https:\/\/ocoerente.com.br\/se\/wp-json\/wp\/v2\/posts\/2727","targetHints":{"allow":["GET"]}}],"collection":[{"href":"https:\/\/ocoerente.com.br\/se\/wp-json\/wp\/v2\/posts"}],"about":[{"href":"https:\/\/ocoerente.com.br\/se\/wp-json\/wp\/v2\/types\/post"}],"author":[{"embeddable":true,"href":"https:\/\/ocoerente.com.br\/se\/wp-json\/wp\/v2\/users\/1"}],"replies":[{"embeddable":true,"href":"https:\/\/ocoerente.com.br\/se\/wp-json\/wp\/v2\/comments?post=2727"}],"version-history":[{"count":1,"href":"https:\/\/ocoerente.com.br\/se\/wp-json\/wp\/v2\/posts\/2727\/revisions"}],"predecessor-version":[{"id":2731,"href":"https:\/\/ocoerente.com.br\/se\/wp-json\/wp\/v2\/posts\/2727\/revisions\/2731"}],"wp:featuredmedia":[{"embeddable":true,"href":"https:\/\/ocoerente.com.br\/se\/wp-json\/wp\/v2\/media\/2728"}],"wp:attachment":[{"href":"https:\/\/ocoerente.com.br\/se\/wp-json\/wp\/v2\/media?parent=2727"}],"wp:term":[{"taxonomy":"category","embeddable":true,"href":"https:\/\/ocoerente.com.br\/se\/wp-json\/wp\/v2\/categories?post=2727"},{"taxonomy":"post_tag","embeddable":true,"href":"https:\/\/ocoerente.com.br\/se\/wp-json\/wp\/v2\/tags?post=2727"}],"curies":[{"name":"wp","href":"https:\/\/api.w.org\/{rel}","templated":true}]}}