{"id":2718,"date":"2021-02-28T00:18:46","date_gmt":"2021-02-28T03:18:46","guid":{"rendered":"https:\/\/ocoerente.com.br\/se\/?p=2718"},"modified":"2021-02-28T00:18:47","modified_gmt":"2021-02-28T03:18:47","slug":"atencao-aracaju-2","status":"publish","type":"post","link":"https:\/\/ocoerente.com.br\/se\/2021\/02\/28\/atencao-aracaju-2\/","title":{"rendered":"Aten\u00e7\u00e3o, Aracaju!"},"content":{"rendered":"\n<p>De 2 a 5, 8 a 12 e de 15 a 19 de mar\u00e7o, a Prefeitura de Aracaju voltar\u00e1 a realizar a vacina\u00e7\u00e3o em sistema drive-trhu no Parque Augusto Franco (Sementeira), desta vez para atender idosos com idade entre 80 e 89 anos.<\/p>\n\n\n\n<p>Assim como ocorreu de 10 a 12 de fevereiro, nestes per\u00edodos, o hor\u00e1rio de funcionamento do parque ser\u00e1 alterado. Portanto, atividades de lazer e esportivas estar\u00e3o liberadas somente a partir das 18h.<\/p>\n\n\n\n<p>\ud83d\udccd Nesses dias de vacina\u00e7\u00e3o, no in\u00edcio das manh\u00e3s, a \u00e1rea estar\u00e1 exclusivamente \u00e0 disposi\u00e7\u00e3o da Secretaria Municipal da Sa\u00fade (SMS), respons\u00e1vel pela organiza\u00e7\u00e3o da a\u00e7\u00e3o. E das 8h \u00e0s 17h para a entrada do p\u00fablico alvo da vacina.<\/p>\n\n\n\n<p>\u27a1\ufe0f Lembrando ainda que, em todas essas ocasi\u00f5es, visitantes devem deixar seus ve\u00edculos no estacionamento externo, ao lado da portaria principal (Av. Jornalista Santos Santana). J\u00e1 os servidores dever\u00e3o trafegar pelo acesso sul, situado na rua Monsenhor Ol\u00edvio Teixeira.<\/p>\n\n\n\n<p>\ud83d\udeb4\ud83c\udffe\u200d\u2642\ufe0f\ud83e\uddd8\ud83c\udffd\u200d\u2640\ufe0f\u26f9\ud83c\udffb\u200d\u2640\ufe0fA Empresa Municipal de Servi\u00e7os Urbanos (Emsurb) informa que o Parque da Sementeira funcionar\u00e1 em hor\u00e1rio normal, das 5h \u00e0s 21h45, quando n\u00e3o estiver ocorrendo a a\u00e7\u00e3o.<\/p>\n\n\n\n<h1 class=\"wp-block-heading\">#Emsurb\ud83d\udeae<\/h1>\n\n\n\n<h1 class=\"wp-block-heading\">#PrefeituraDeAracaju\u2764\ufe0f<\/h1>\n","protected":false},"excerpt":{"rendered":"<p>De 2 a 5, 8 a 12 e de 15 a 19 de mar\u00e7o, a Prefeitura de Aracaju voltar\u00e1 a realizar a vacina\u00e7\u00e3o em sistema drive-trhu no Parque Augusto Franco (Sementeira), desta vez para atender idosos com idade entre 80 e 89 anos. Assim como ocorreu de 10 a 12 de fevereiro, nestes per\u00edodos, o [&hellip;]<\/p>\n","protected":false},"author":1,"featured_media":2677,"comment_status":"closed","ping_status":"closed","sticky":false,"template":"","format":"standard","meta":{"footnotes":""},"categories":[53,54],"tags":[],"class_list":["post-2718","post","type-post","status-publish","format-standard","has-post-thumbnail","hentry","category-destaques","category-saude"],"yoast_head":"<!-- This site is optimized with the Yoast SEO plugin v27.4 - https:\/\/yoast.com\/product\/yoast-seo-wordpress\/ -->\n<title>Aten\u00e7\u00e3o, Aracaju! - O Coerente<\/title>\n<meta name=\"robots\" content=\"index, follow, max-snippet:-1, max-image-preview:large, max-video-preview:-1\" \/>\n<link rel=\"canonical\" href=\"https:\/\/ocoerente.com.br\/se\/2021\/02\/28\/atencao-aracaju-2\/\" \/>\n<meta property=\"og:locale\" content=\"pt_BR\" \/>\n<meta property=\"og:type\" content=\"article\" \/>\n<meta property=\"og:title\" content=\"Aten\u00e7\u00e3o, Aracaju! - O Coerente\" \/>\n<meta property=\"og:description\" content=\"De 2 a 5, 8 a 12 e de 15 a 19 de mar\u00e7o, a Prefeitura de Aracaju voltar\u00e1 a realizar a vacina\u00e7\u00e3o em sistema drive-trhu no Parque Augusto Franco (Sementeira), desta vez para atender idosos com idade entre 80 e 89 anos. Assim como ocorreu de 10 a 12 de fevereiro, nestes per\u00edodos, o [&hellip;]\" \/>\n<meta property=\"og:url\" content=\"https:\/\/ocoerente.com.br\/se\/2021\/02\/28\/atencao-aracaju-2\/\" \/>\n<meta property=\"og:site_name\" content=\"O Coerente\" \/>\n<meta property=\"article:published_time\" content=\"2021-02-28T03:18:46+00:00\" \/>\n<meta property=\"article:modified_time\" content=\"2021-02-28T03:18:47+00:00\" \/>\n<meta property=\"og:image\" content=\"https:\/\/ocoerente.com.br\/se\/wp-content\/uploads\/2021\/02\/vacinacao_covid_no.jpg\" \/>\n\t<meta property=\"og:image:width\" content=\"1400\" \/>\n\t<meta property=\"og:image:height\" content=\"933\" \/>\n\t<meta property=\"og:image:type\" content=\"image\/jpeg\" \/>\n<meta name=\"author\" content=\"Reda\u00e7\u00e3o\" \/>\n<meta name=\"twitter:card\" content=\"summary_large_image\" \/>\n<meta name=\"twitter:label1\" content=\"Escrito por\" \/>\n\t<meta name=\"twitter:data1\" content=\"Reda\u00e7\u00e3o\" \/>\n\t<meta name=\"twitter:label2\" content=\"Est. tempo de leitura\" \/>\n\t<meta name=\"twitter:data2\" content=\"1 minuto\" \/>\n<script type=\"application\/ld+json\" class=\"yoast-schema-graph\">{\"@context\":\"https:\\\/\\\/schema.org\",\"@graph\":[{\"@type\":\"Article\",\"@id\":\"https:\\\/\\\/ocoerente.com.br\\\/se\\\/2021\\\/02\\\/28\\\/atencao-aracaju-2\\\/#article\",\"isPartOf\":{\"@id\":\"https:\\\/\\\/ocoerente.com.br\\\/se\\\/2021\\\/02\\\/28\\\/atencao-aracaju-2\\\/\"},\"author\":{\"name\":\"Reda\u00e7\u00e3o\",\"@id\":\"https:\\\/\\\/ocoerente.com.br\\\/se\\\/#\\\/schema\\\/person\\\/cc6bfd9fbca465e23543b0c963d8d037\"},\"headline\":\"Aten\u00e7\u00e3o, Aracaju!\",\"datePublished\":\"2021-02-28T03:18:46+00:00\",\"dateModified\":\"2021-02-28T03:18:47+00:00\",\"mainEntityOfPage\":{\"@id\":\"https:\\\/\\\/ocoerente.com.br\\\/se\\\/2021\\\/02\\\/28\\\/atencao-aracaju-2\\\/\"},\"wordCount\":194,\"publisher\":{\"@id\":\"https:\\\/\\\/ocoerente.com.br\\\/se\\\/#\\\/schema\\\/person\\\/cc6bfd9fbca465e23543b0c963d8d037\"},\"image\":{\"@id\":\"https:\\\/\\\/ocoerente.com.br\\\/se\\\/2021\\\/02\\\/28\\\/atencao-aracaju-2\\\/#primaryimage\"},\"thumbnailUrl\":\"https:\\\/\\\/ocoerente.com.br\\\/se\\\/wp-content\\\/uploads\\\/2021\\\/02\\\/vacinacao_covid_no.jpg\",\"articleSection\":[\"Destaques\",\"Sa\u00fade\"],\"inLanguage\":\"pt-BR\"},{\"@type\":\"WebPage\",\"@id\":\"https:\\\/\\\/ocoerente.com.br\\\/se\\\/2021\\\/02\\\/28\\\/atencao-aracaju-2\\\/\",\"url\":\"https:\\\/\\\/ocoerente.com.br\\\/se\\\/2021\\\/02\\\/28\\\/atencao-aracaju-2\\\/\",\"name\":\"Aten\u00e7\u00e3o, Aracaju! - O Coerente\",\"isPartOf\":{\"@id\":\"https:\\\/\\\/ocoerente.com.br\\\/se\\\/#website\"},\"primaryImageOfPage\":{\"@id\":\"https:\\\/\\\/ocoerente.com.br\\\/se\\\/2021\\\/02\\\/28\\\/atencao-aracaju-2\\\/#primaryimage\"},\"image\":{\"@id\":\"https:\\\/\\\/ocoerente.com.br\\\/se\\\/2021\\\/02\\\/28\\\/atencao-aracaju-2\\\/#primaryimage\"},\"thumbnailUrl\":\"https:\\\/\\\/ocoerente.com.br\\\/se\\\/wp-content\\\/uploads\\\/2021\\\/02\\\/vacinacao_covid_no.jpg\",\"datePublished\":\"2021-02-28T03:18:46+00:00\",\"dateModified\":\"2021-02-28T03:18:47+00:00\",\"breadcrumb\":{\"@id\":\"https:\\\/\\\/ocoerente.com.br\\\/se\\\/2021\\\/02\\\/28\\\/atencao-aracaju-2\\\/#breadcrumb\"},\"inLanguage\":\"pt-BR\",\"potentialAction\":[{\"@type\":\"ReadAction\",\"target\":[\"https:\\\/\\\/ocoerente.com.br\\\/se\\\/2021\\\/02\\\/28\\\/atencao-aracaju-2\\\/\"]}]},{\"@type\":\"ImageObject\",\"inLanguage\":\"pt-BR\",\"@id\":\"https:\\\/\\\/ocoerente.com.br\\\/se\\\/2021\\\/02\\\/28\\\/atencao-aracaju-2\\\/#primaryimage\",\"url\":\"https:\\\/\\\/ocoerente.com.br\\\/se\\\/wp-content\\\/uploads\\\/2021\\\/02\\\/vacinacao_covid_no.jpg\",\"contentUrl\":\"https:\\\/\\\/ocoerente.com.br\\\/se\\\/wp-content\\\/uploads\\\/2021\\\/02\\\/vacinacao_covid_no.jpg\",\"width\":1400,\"height\":933},{\"@type\":\"BreadcrumbList\",\"@id\":\"https:\\\/\\\/ocoerente.com.br\\\/se\\\/2021\\\/02\\\/28\\\/atencao-aracaju-2\\\/#breadcrumb\",\"itemListElement\":[{\"@type\":\"ListItem\",\"position\":1,\"name\":\"In\u00edcio\",\"item\":\"https:\\\/\\\/ocoerente.com.br\\\/se\\\/\"},{\"@type\":\"ListItem\",\"position\":2,\"name\":\"Aten\u00e7\u00e3o, Aracaju!\"}]},{\"@type\":\"WebSite\",\"@id\":\"https:\\\/\\\/ocoerente.com.br\\\/se\\\/#website\",\"url\":\"https:\\\/\\\/ocoerente.com.br\\\/se\\\/\",\"name\":\"O Coerente\",\"description\":\"\",\"publisher\":{\"@id\":\"https:\\\/\\\/ocoerente.com.br\\\/se\\\/#\\\/schema\\\/person\\\/cc6bfd9fbca465e23543b0c963d8d037\"},\"potentialAction\":[{\"@type\":\"SearchAction\",\"target\":{\"@type\":\"EntryPoint\",\"urlTemplate\":\"https:\\\/\\\/ocoerente.com.br\\\/se\\\/?s={search_term_string}\"},\"query-input\":{\"@type\":\"PropertyValueSpecification\",\"valueRequired\":true,\"valueName\":\"search_term_string\"}}],\"inLanguage\":\"pt-BR\"},{\"@type\":[\"Person\",\"Organization\"],\"@id\":\"https:\\\/\\\/ocoerente.com.br\\\/se\\\/#\\\/schema\\\/person\\\/cc6bfd9fbca465e23543b0c963d8d037\",\"name\":\"Reda\u00e7\u00e3o\",\"image\":{\"@type\":\"ImageObject\",\"inLanguage\":\"pt-BR\",\"@id\":\"https:\\\/\\\/ocoerente.com.br\\\/se\\\/wp-content\\\/uploads\\\/2020\\\/01\\\/ocoerente-1.png\",\"url\":\"https:\\\/\\\/ocoerente.com.br\\\/se\\\/wp-content\\\/uploads\\\/2020\\\/01\\\/ocoerente-1.png\",\"contentUrl\":\"https:\\\/\\\/ocoerente.com.br\\\/se\\\/wp-content\\\/uploads\\\/2020\\\/01\\\/ocoerente-1.png\",\"width\":50,\"height\":50,\"caption\":\"Reda\u00e7\u00e3o\"},\"logo\":{\"@id\":\"https:\\\/\\\/ocoerente.com.br\\\/se\\\/wp-content\\\/uploads\\\/2020\\\/01\\\/ocoerente-1.png\"},\"url\":\"https:\\\/\\\/ocoerente.com.br\\\/se\\\/author\\\/vasticlsales\\\/\"}]}<\/script>\n<!-- \/ Yoast SEO plugin. -->","yoast_head_json":{"title":"Aten\u00e7\u00e3o, Aracaju! - O Coerente","robots":{"index":"index","follow":"follow","max-snippet":"max-snippet:-1","max-image-preview":"max-image-preview:large","max-video-preview":"max-video-preview:-1"},"canonical":"https:\/\/ocoerente.com.br\/se\/2021\/02\/28\/atencao-aracaju-2\/","og_locale":"pt_BR","og_type":"article","og_title":"Aten\u00e7\u00e3o, Aracaju! - O Coerente","og_description":"De 2 a 5, 8 a 12 e de 15 a 19 de mar\u00e7o, a Prefeitura de Aracaju voltar\u00e1 a realizar a vacina\u00e7\u00e3o em sistema drive-trhu no Parque Augusto Franco (Sementeira), desta vez para atender idosos com idade entre 80 e 89 anos. Assim como ocorreu de 10 a 12 de fevereiro, nestes per\u00edodos, o [&hellip;]","og_url":"https:\/\/ocoerente.com.br\/se\/2021\/02\/28\/atencao-aracaju-2\/","og_site_name":"O Coerente","article_published_time":"2021-02-28T03:18:46+00:00","article_modified_time":"2021-02-28T03:18:47+00:00","og_image":[{"width":1400,"height":933,"url":"https:\/\/ocoerente.com.br\/se\/wp-content\/uploads\/2021\/02\/vacinacao_covid_no.jpg","type":"image\/jpeg"}],"author":"Reda\u00e7\u00e3o","twitter_card":"summary_large_image","twitter_misc":{"Escrito por":"Reda\u00e7\u00e3o","Est. tempo de leitura":"1 minuto"},"schema":{"@context":"https:\/\/schema.org","@graph":[{"@type":"Article","@id":"https:\/\/ocoerente.com.br\/se\/2021\/02\/28\/atencao-aracaju-2\/#article","isPartOf":{"@id":"https:\/\/ocoerente.com.br\/se\/2021\/02\/28\/atencao-aracaju-2\/"},"author":{"name":"Reda\u00e7\u00e3o","@id":"https:\/\/ocoerente.com.br\/se\/#\/schema\/person\/cc6bfd9fbca465e23543b0c963d8d037"},"headline":"Aten\u00e7\u00e3o, Aracaju!","datePublished":"2021-02-28T03:18:46+00:00","dateModified":"2021-02-28T03:18:47+00:00","mainEntityOfPage":{"@id":"https:\/\/ocoerente.com.br\/se\/2021\/02\/28\/atencao-aracaju-2\/"},"wordCount":194,"publisher":{"@id":"https:\/\/ocoerente.com.br\/se\/#\/schema\/person\/cc6bfd9fbca465e23543b0c963d8d037"},"image":{"@id":"https:\/\/ocoerente.com.br\/se\/2021\/02\/28\/atencao-aracaju-2\/#primaryimage"},"thumbnailUrl":"https:\/\/ocoerente.com.br\/se\/wp-content\/uploads\/2021\/02\/vacinacao_covid_no.jpg","articleSection":["Destaques","Sa\u00fade"],"inLanguage":"pt-BR"},{"@type":"WebPage","@id":"https:\/\/ocoerente.com.br\/se\/2021\/02\/28\/atencao-aracaju-2\/","url":"https:\/\/ocoerente.com.br\/se\/2021\/02\/28\/atencao-aracaju-2\/","name":"Aten\u00e7\u00e3o, Aracaju! - O Coerente","isPartOf":{"@id":"https:\/\/ocoerente.com.br\/se\/#website"},"primaryImageOfPage":{"@id":"https:\/\/ocoerente.com.br\/se\/2021\/02\/28\/atencao-aracaju-2\/#primaryimage"},"image":{"@id":"https:\/\/ocoerente.com.br\/se\/2021\/02\/28\/atencao-aracaju-2\/#primaryimage"},"thumbnailUrl":"https:\/\/ocoerente.com.br\/se\/wp-content\/uploads\/2021\/02\/vacinacao_covid_no.jpg","datePublished":"2021-02-28T03:18:46+00:00","dateModified":"2021-02-28T03:18:47+00:00","breadcrumb":{"@id":"https:\/\/ocoerente.com.br\/se\/2021\/02\/28\/atencao-aracaju-2\/#breadcrumb"},"inLanguage":"pt-BR","potentialAction":[{"@type":"ReadAction","target":["https:\/\/ocoerente.com.br\/se\/2021\/02\/28\/atencao-aracaju-2\/"]}]},{"@type":"ImageObject","inLanguage":"pt-BR","@id":"https:\/\/ocoerente.com.br\/se\/2021\/02\/28\/atencao-aracaju-2\/#primaryimage","url":"https:\/\/ocoerente.com.br\/se\/wp-content\/uploads\/2021\/02\/vacinacao_covid_no.jpg","contentUrl":"https:\/\/ocoerente.com.br\/se\/wp-content\/uploads\/2021\/02\/vacinacao_covid_no.jpg","width":1400,"height":933},{"@type":"BreadcrumbList","@id":"https:\/\/ocoerente.com.br\/se\/2021\/02\/28\/atencao-aracaju-2\/#breadcrumb","itemListElement":[{"@type":"ListItem","position":1,"name":"In\u00edcio","item":"https:\/\/ocoerente.com.br\/se\/"},{"@type":"ListItem","position":2,"name":"Aten\u00e7\u00e3o, Aracaju!"}]},{"@type":"WebSite","@id":"https:\/\/ocoerente.com.br\/se\/#website","url":"https:\/\/ocoerente.com.br\/se\/","name":"O Coerente","description":"","publisher":{"@id":"https:\/\/ocoerente.com.br\/se\/#\/schema\/person\/cc6bfd9fbca465e23543b0c963d8d037"},"potentialAction":[{"@type":"SearchAction","target":{"@type":"EntryPoint","urlTemplate":"https:\/\/ocoerente.com.br\/se\/?s={search_term_string}"},"query-input":{"@type":"PropertyValueSpecification","valueRequired":true,"valueName":"search_term_string"}}],"inLanguage":"pt-BR"},{"@type":["Person","Organization"],"@id":"https:\/\/ocoerente.com.br\/se\/#\/schema\/person\/cc6bfd9fbca465e23543b0c963d8d037","name":"Reda\u00e7\u00e3o","image":{"@type":"ImageObject","inLanguage":"pt-BR","@id":"https:\/\/ocoerente.com.br\/se\/wp-content\/uploads\/2020\/01\/ocoerente-1.png","url":"https:\/\/ocoerente.com.br\/se\/wp-content\/uploads\/2020\/01\/ocoerente-1.png","contentUrl":"https:\/\/ocoerente.com.br\/se\/wp-content\/uploads\/2020\/01\/ocoerente-1.png","width":50,"height":50,"caption":"Reda\u00e7\u00e3o"},"logo":{"@id":"https:\/\/ocoerente.com.br\/se\/wp-content\/uploads\/2020\/01\/ocoerente-1.png"},"url":"https:\/\/ocoerente.com.br\/se\/author\/vasticlsales\/"}]}},"_links":{"self":[{"href":"https:\/\/ocoerente.com.br\/se\/wp-json\/wp\/v2\/posts\/2718","targetHints":{"allow":["GET"]}}],"collection":[{"href":"https:\/\/ocoerente.com.br\/se\/wp-json\/wp\/v2\/posts"}],"about":[{"href":"https:\/\/ocoerente.com.br\/se\/wp-json\/wp\/v2\/types\/post"}],"author":[{"embeddable":true,"href":"https:\/\/ocoerente.com.br\/se\/wp-json\/wp\/v2\/users\/1"}],"replies":[{"embeddable":true,"href":"https:\/\/ocoerente.com.br\/se\/wp-json\/wp\/v2\/comments?post=2718"}],"version-history":[{"count":1,"href":"https:\/\/ocoerente.com.br\/se\/wp-json\/wp\/v2\/posts\/2718\/revisions"}],"predecessor-version":[{"id":2719,"href":"https:\/\/ocoerente.com.br\/se\/wp-json\/wp\/v2\/posts\/2718\/revisions\/2719"}],"wp:featuredmedia":[{"embeddable":true,"href":"https:\/\/ocoerente.com.br\/se\/wp-json\/wp\/v2\/media\/2677"}],"wp:attachment":[{"href":"https:\/\/ocoerente.com.br\/se\/wp-json\/wp\/v2\/media?parent=2718"}],"wp:term":[{"taxonomy":"category","embeddable":true,"href":"https:\/\/ocoerente.com.br\/se\/wp-json\/wp\/v2\/categories?post=2718"},{"taxonomy":"post_tag","embeddable":true,"href":"https:\/\/ocoerente.com.br\/se\/wp-json\/wp\/v2\/tags?post=2718"}],"curies":[{"name":"wp","href":"https:\/\/api.w.org\/{rel}","templated":true}]}}