{"id":2712,"date":"2021-02-26T17:54:14","date_gmt":"2021-02-26T20:54:14","guid":{"rendered":"https:\/\/ocoerente.com.br\/se\/?p=2712"},"modified":"2021-02-26T17:54:17","modified_gmt":"2021-02-26T20:54:17","slug":"nota-contra-a-privatizacao-dos-correios","status":"publish","type":"post","link":"https:\/\/ocoerente.com.br\/se\/2021\/02\/26\/nota-contra-a-privatizacao-dos-correios\/","title":{"rendered":"Nota contra a privatiza\u00e7\u00e3o dos Correios"},"content":{"rendered":"\n<p>Bolsonaro junto com os ministros das Comunica\u00e7\u00f5es, F\u00e1bio Faria, e da Economia, Paulo Guedes, entregaram para o presidente da C\u00e2mara dos Deputados, Arthur Lira (PP\/AL), na presen\u00e7a de alguns parlamentares o projeto de Lei que visa a privatiza\u00e7\u00e3o dos Correios. O governo Bolsonaro planeja a todo custo destruir as empresas p\u00fablicas para entregar de bandeja ao mercado privado. A FENTECT repudia as a\u00e7\u00f5es entreguistas que esse governo vem fazendo com as empresas p\u00fablicas que tem como \u00fanico objetivo beneficiar os grupos internacionais do mercado financeiro prejudicando a popula\u00e7\u00e3o que necessita desses importantes servi\u00e7os.<\/p>\n\n\n\n<p>Os Correios completam no pr\u00f3ximo dia 20 de mar\u00e7o 358 anos de servi\u00e7os prestados ao povo brasileiro, sendo uma das empresas mais antigas entre as estatais. A rela\u00e7\u00e3o dos Correios com o povo do nosso pa\u00eds vai al\u00e9m de uma simples entrega de correspond\u00eancia. Os Correios \u00e9 uma empresa com grande capilaridade e extremamente estrat\u00e9gica para o Estado brasileiro, j\u00e1 que est\u00e1 presente de ponta a ponta do Brasil garantindo assim a integra\u00e7\u00e3o e soberania nacional.<\/p>\n\n\n\n<p>Al\u00e9m disso, os Correios s\u00e3o respons\u00e1veis pela entrega de material e livro did\u00e1ticos em todas as escolas da rede p\u00fablica do Brasil. \u00c9 a log\u00edstica dos Correios que transporta as urnas eletr\u00f4nicas de Norte ao Sul do pa\u00eds para que os brasileiros possam exercer o direito ao voto garantindo a cidadania. Tamb\u00e9m \u00e9 a \u00fanica empresa que consegue entregar as provas do Enem em todas as regi\u00f5es em duas horas fazendo a maior e mais r\u00e1pida opera\u00e7\u00e3o log\u00edstica do mundo em t\u00e3o pouco tempo em um pa\u00eds com dimens\u00f5es continentais como o Brasil.<\/p>\n\n\n\n<p>A nossa empresa \u00e9 considerado pela UPU como a melhor do mundo. Outro ponto importante \u00e9 a quest\u00e3o tarif\u00e1ria, os Correios por ser uma empresa p\u00fablica pratica pre\u00e7os justos e acess\u00edveis para a popula\u00e7\u00e3o.<\/p>\n\n\n\n<p>O projeto de Lei elaborado pelo desgoverno Bolsonaro tem interesses empresariais escusos com o objetivo de apenas atender aos anseios destrutivos dessa pol\u00edtica entreguista que n\u00e3o se importa com as necessidades do povo brasileiro, que ser\u00e1 o mais prejudicado sem ter acesso a esses e a muitos outros servi\u00e7os essenciais.<\/p>\n\n\n\n<p>A venda dos Correios precarizar\u00e1 o servi\u00e7o postal, j\u00e1 que n\u00e3o ir\u00e1 garantir a universaliza\u00e7\u00e3o dos servi\u00e7os postais, do qual o Brasil \u00e9 signat\u00e1rio na UPU. Assim como vem acontecendo em Portugal, e como foi na Argentina quando privatizaram o servi\u00e7o postal, o povo ficou sem ter acesso as correspond\u00eancias pelos altos pre\u00e7os das tarifas e pela falta de interesses das empresas privadas em atuarem nas \u00e1reas mais remotas, pois n\u00e3o eram lucrativas causando a exclus\u00e3o social dos que viviam nesses lugares.<\/p>\n\n\n\n<p>Diante disso, a FENTECT dirige essa nota \u00e0 popula\u00e7\u00e3o e aos parlamentares para que se coloquem contra a venda dessa empresa p\u00fablica que tem a identidade do povo brasileiro. A FENTECT continuar\u00e1 combatendo a sanha do entreguismo desse governo e organizar\u00e1 os trabalhadores para esse enfrentamento que se avizinha. Assim como derrotamos a agenda privatista de Fernando Henrique Cardoso no passado, tamb\u00e9m vamos derrotar a de Paulo Guedes e Bolsonaro, o que est\u00e1 em jogo n\u00e3o \u00e9 apenas a venda das empresas p\u00fablicas, mas sim a soberania nacional que \u00e9 amea\u00e7ada diariamente por esses lacaios do mercado internacional.<\/p>\n\n\n\n<p>Os Correios \u00e9 do povo brasileiro e n\u00e3o desses aventureiros passageiros que se instalaram no poder para entregar o Brasil a pre\u00e7o de banana para o capital estrangeiro. Por um Correios p\u00fablico e de todos. N\u00e3o \u00e0 venda dos Correios!<\/p>\n\n\n\n<h1 class=\"wp-block-heading\">#ForaBolsonaro<br>#N\u00e3o\u00c0Privatiza\u00e7\u00e3oDosCorreios<\/h1>\n","protected":false},"excerpt":{"rendered":"<p>Bolsonaro junto com os ministros das Comunica\u00e7\u00f5es, F\u00e1bio Faria, e da Economia, Paulo Guedes, entregaram para o presidente da C\u00e2mara dos Deputados, Arthur Lira (PP\/AL), na presen\u00e7a de alguns parlamentares o projeto de Lei que visa a privatiza\u00e7\u00e3o dos Correios. O governo Bolsonaro planeja a todo custo destruir as empresas p\u00fablicas para entregar de bandeja [&hellip;]<\/p>\n","protected":false},"author":1,"featured_media":2713,"comment_status":"closed","ping_status":"closed","sticky":false,"template":"","format":"standard","meta":{"footnotes":""},"categories":[48,53],"tags":[],"class_list":["post-2712","post","type-post","status-publish","format-standard","has-post-thumbnail","hentry","category-brasil","category-destaques"],"yoast_head":"<!-- This site is optimized with the Yoast SEO plugin v27.4 - https:\/\/yoast.com\/product\/yoast-seo-wordpress\/ -->\n<title>Nota contra a privatiza\u00e7\u00e3o dos Correios - O Coerente<\/title>\n<meta name=\"robots\" content=\"index, follow, max-snippet:-1, max-image-preview:large, max-video-preview:-1\" \/>\n<link rel=\"canonical\" href=\"https:\/\/ocoerente.com.br\/se\/2021\/02\/26\/nota-contra-a-privatizacao-dos-correios\/\" \/>\n<meta property=\"og:locale\" content=\"pt_BR\" \/>\n<meta property=\"og:type\" content=\"article\" \/>\n<meta property=\"og:title\" content=\"Nota contra a privatiza\u00e7\u00e3o dos Correios - O Coerente\" \/>\n<meta property=\"og:description\" content=\"Bolsonaro junto com os ministros das Comunica\u00e7\u00f5es, F\u00e1bio Faria, e da Economia, Paulo Guedes, entregaram para o presidente da C\u00e2mara dos Deputados, Arthur Lira (PP\/AL), na presen\u00e7a de alguns parlamentares o projeto de Lei que visa a privatiza\u00e7\u00e3o dos Correios. O governo Bolsonaro planeja a todo custo destruir as empresas p\u00fablicas para entregar de bandeja [&hellip;]\" \/>\n<meta property=\"og:url\" content=\"https:\/\/ocoerente.com.br\/se\/2021\/02\/26\/nota-contra-a-privatizacao-dos-correios\/\" \/>\n<meta property=\"og:site_name\" content=\"O Coerente\" \/>\n<meta property=\"article:published_time\" content=\"2021-02-26T20:54:14+00:00\" \/>\n<meta property=\"article:modified_time\" content=\"2021-02-26T20:54:17+00:00\" \/>\n<meta property=\"og:image\" content=\"https:\/\/ocoerente.com.br\/se\/wp-content\/uploads\/2021\/02\/bolsocorreios.jpg\" \/>\n\t<meta property=\"og:image:width\" content=\"526\" \/>\n\t<meta property=\"og:image:height\" content=\"526\" \/>\n\t<meta property=\"og:image:type\" content=\"image\/jpeg\" \/>\n<meta name=\"author\" content=\"Reda\u00e7\u00e3o\" \/>\n<meta name=\"twitter:card\" content=\"summary_large_image\" \/>\n<meta name=\"twitter:label1\" content=\"Escrito por\" \/>\n\t<meta name=\"twitter:data1\" content=\"Reda\u00e7\u00e3o\" \/>\n\t<meta name=\"twitter:label2\" content=\"Est. tempo de leitura\" \/>\n\t<meta name=\"twitter:data2\" content=\"3 minutos\" \/>\n<script type=\"application\/ld+json\" class=\"yoast-schema-graph\">{\"@context\":\"https:\\\/\\\/schema.org\",\"@graph\":[{\"@type\":\"Article\",\"@id\":\"https:\\\/\\\/ocoerente.com.br\\\/se\\\/2021\\\/02\\\/26\\\/nota-contra-a-privatizacao-dos-correios\\\/#article\",\"isPartOf\":{\"@id\":\"https:\\\/\\\/ocoerente.com.br\\\/se\\\/2021\\\/02\\\/26\\\/nota-contra-a-privatizacao-dos-correios\\\/\"},\"author\":{\"name\":\"Reda\u00e7\u00e3o\",\"@id\":\"https:\\\/\\\/ocoerente.com.br\\\/se\\\/#\\\/schema\\\/person\\\/cc6bfd9fbca465e23543b0c963d8d037\"},\"headline\":\"Nota contra a privatiza\u00e7\u00e3o dos Correios\",\"datePublished\":\"2021-02-26T20:54:14+00:00\",\"dateModified\":\"2021-02-26T20:54:17+00:00\",\"mainEntityOfPage\":{\"@id\":\"https:\\\/\\\/ocoerente.com.br\\\/se\\\/2021\\\/02\\\/26\\\/nota-contra-a-privatizacao-dos-correios\\\/\"},\"wordCount\":630,\"publisher\":{\"@id\":\"https:\\\/\\\/ocoerente.com.br\\\/se\\\/#\\\/schema\\\/person\\\/cc6bfd9fbca465e23543b0c963d8d037\"},\"image\":{\"@id\":\"https:\\\/\\\/ocoerente.com.br\\\/se\\\/2021\\\/02\\\/26\\\/nota-contra-a-privatizacao-dos-correios\\\/#primaryimage\"},\"thumbnailUrl\":\"https:\\\/\\\/ocoerente.com.br\\\/se\\\/wp-content\\\/uploads\\\/2021\\\/02\\\/bolsocorreios.jpg\",\"articleSection\":[\"Brasil\",\"Destaques\"],\"inLanguage\":\"pt-BR\"},{\"@type\":\"WebPage\",\"@id\":\"https:\\\/\\\/ocoerente.com.br\\\/se\\\/2021\\\/02\\\/26\\\/nota-contra-a-privatizacao-dos-correios\\\/\",\"url\":\"https:\\\/\\\/ocoerente.com.br\\\/se\\\/2021\\\/02\\\/26\\\/nota-contra-a-privatizacao-dos-correios\\\/\",\"name\":\"Nota contra a privatiza\u00e7\u00e3o dos Correios - O Coerente\",\"isPartOf\":{\"@id\":\"https:\\\/\\\/ocoerente.com.br\\\/se\\\/#website\"},\"primaryImageOfPage\":{\"@id\":\"https:\\\/\\\/ocoerente.com.br\\\/se\\\/2021\\\/02\\\/26\\\/nota-contra-a-privatizacao-dos-correios\\\/#primaryimage\"},\"image\":{\"@id\":\"https:\\\/\\\/ocoerente.com.br\\\/se\\\/2021\\\/02\\\/26\\\/nota-contra-a-privatizacao-dos-correios\\\/#primaryimage\"},\"thumbnailUrl\":\"https:\\\/\\\/ocoerente.com.br\\\/se\\\/wp-content\\\/uploads\\\/2021\\\/02\\\/bolsocorreios.jpg\",\"datePublished\":\"2021-02-26T20:54:14+00:00\",\"dateModified\":\"2021-02-26T20:54:17+00:00\",\"breadcrumb\":{\"@id\":\"https:\\\/\\\/ocoerente.com.br\\\/se\\\/2021\\\/02\\\/26\\\/nota-contra-a-privatizacao-dos-correios\\\/#breadcrumb\"},\"inLanguage\":\"pt-BR\",\"potentialAction\":[{\"@type\":\"ReadAction\",\"target\":[\"https:\\\/\\\/ocoerente.com.br\\\/se\\\/2021\\\/02\\\/26\\\/nota-contra-a-privatizacao-dos-correios\\\/\"]}]},{\"@type\":\"ImageObject\",\"inLanguage\":\"pt-BR\",\"@id\":\"https:\\\/\\\/ocoerente.com.br\\\/se\\\/2021\\\/02\\\/26\\\/nota-contra-a-privatizacao-dos-correios\\\/#primaryimage\",\"url\":\"https:\\\/\\\/ocoerente.com.br\\\/se\\\/wp-content\\\/uploads\\\/2021\\\/02\\\/bolsocorreios.jpg\",\"contentUrl\":\"https:\\\/\\\/ocoerente.com.br\\\/se\\\/wp-content\\\/uploads\\\/2021\\\/02\\\/bolsocorreios.jpg\",\"width\":526,\"height\":526},{\"@type\":\"BreadcrumbList\",\"@id\":\"https:\\\/\\\/ocoerente.com.br\\\/se\\\/2021\\\/02\\\/26\\\/nota-contra-a-privatizacao-dos-correios\\\/#breadcrumb\",\"itemListElement\":[{\"@type\":\"ListItem\",\"position\":1,\"name\":\"In\u00edcio\",\"item\":\"https:\\\/\\\/ocoerente.com.br\\\/se\\\/\"},{\"@type\":\"ListItem\",\"position\":2,\"name\":\"Nota contra a privatiza\u00e7\u00e3o dos Correios\"}]},{\"@type\":\"WebSite\",\"@id\":\"https:\\\/\\\/ocoerente.com.br\\\/se\\\/#website\",\"url\":\"https:\\\/\\\/ocoerente.com.br\\\/se\\\/\",\"name\":\"O Coerente\",\"description\":\"\",\"publisher\":{\"@id\":\"https:\\\/\\\/ocoerente.com.br\\\/se\\\/#\\\/schema\\\/person\\\/cc6bfd9fbca465e23543b0c963d8d037\"},\"potentialAction\":[{\"@type\":\"SearchAction\",\"target\":{\"@type\":\"EntryPoint\",\"urlTemplate\":\"https:\\\/\\\/ocoerente.com.br\\\/se\\\/?s={search_term_string}\"},\"query-input\":{\"@type\":\"PropertyValueSpecification\",\"valueRequired\":true,\"valueName\":\"search_term_string\"}}],\"inLanguage\":\"pt-BR\"},{\"@type\":[\"Person\",\"Organization\"],\"@id\":\"https:\\\/\\\/ocoerente.com.br\\\/se\\\/#\\\/schema\\\/person\\\/cc6bfd9fbca465e23543b0c963d8d037\",\"name\":\"Reda\u00e7\u00e3o\",\"image\":{\"@type\":\"ImageObject\",\"inLanguage\":\"pt-BR\",\"@id\":\"https:\\\/\\\/ocoerente.com.br\\\/se\\\/wp-content\\\/uploads\\\/2020\\\/01\\\/ocoerente-1.png\",\"url\":\"https:\\\/\\\/ocoerente.com.br\\\/se\\\/wp-content\\\/uploads\\\/2020\\\/01\\\/ocoerente-1.png\",\"contentUrl\":\"https:\\\/\\\/ocoerente.com.br\\\/se\\\/wp-content\\\/uploads\\\/2020\\\/01\\\/ocoerente-1.png\",\"width\":50,\"height\":50,\"caption\":\"Reda\u00e7\u00e3o\"},\"logo\":{\"@id\":\"https:\\\/\\\/ocoerente.com.br\\\/se\\\/wp-content\\\/uploads\\\/2020\\\/01\\\/ocoerente-1.png\"},\"url\":\"https:\\\/\\\/ocoerente.com.br\\\/se\\\/author\\\/vasticlsales\\\/\"}]}<\/script>\n<!-- \/ Yoast SEO plugin. -->","yoast_head_json":{"title":"Nota contra a privatiza\u00e7\u00e3o dos Correios - O Coerente","robots":{"index":"index","follow":"follow","max-snippet":"max-snippet:-1","max-image-preview":"max-image-preview:large","max-video-preview":"max-video-preview:-1"},"canonical":"https:\/\/ocoerente.com.br\/se\/2021\/02\/26\/nota-contra-a-privatizacao-dos-correios\/","og_locale":"pt_BR","og_type":"article","og_title":"Nota contra a privatiza\u00e7\u00e3o dos Correios - O Coerente","og_description":"Bolsonaro junto com os ministros das Comunica\u00e7\u00f5es, F\u00e1bio Faria, e da Economia, Paulo Guedes, entregaram para o presidente da C\u00e2mara dos Deputados, Arthur Lira (PP\/AL), na presen\u00e7a de alguns parlamentares o projeto de Lei que visa a privatiza\u00e7\u00e3o dos Correios. O governo Bolsonaro planeja a todo custo destruir as empresas p\u00fablicas para entregar de bandeja [&hellip;]","og_url":"https:\/\/ocoerente.com.br\/se\/2021\/02\/26\/nota-contra-a-privatizacao-dos-correios\/","og_site_name":"O Coerente","article_published_time":"2021-02-26T20:54:14+00:00","article_modified_time":"2021-02-26T20:54:17+00:00","og_image":[{"width":526,"height":526,"url":"https:\/\/ocoerente.com.br\/se\/wp-content\/uploads\/2021\/02\/bolsocorreios.jpg","type":"image\/jpeg"}],"author":"Reda\u00e7\u00e3o","twitter_card":"summary_large_image","twitter_misc":{"Escrito por":"Reda\u00e7\u00e3o","Est. tempo de leitura":"3 minutos"},"schema":{"@context":"https:\/\/schema.org","@graph":[{"@type":"Article","@id":"https:\/\/ocoerente.com.br\/se\/2021\/02\/26\/nota-contra-a-privatizacao-dos-correios\/#article","isPartOf":{"@id":"https:\/\/ocoerente.com.br\/se\/2021\/02\/26\/nota-contra-a-privatizacao-dos-correios\/"},"author":{"name":"Reda\u00e7\u00e3o","@id":"https:\/\/ocoerente.com.br\/se\/#\/schema\/person\/cc6bfd9fbca465e23543b0c963d8d037"},"headline":"Nota contra a privatiza\u00e7\u00e3o dos Correios","datePublished":"2021-02-26T20:54:14+00:00","dateModified":"2021-02-26T20:54:17+00:00","mainEntityOfPage":{"@id":"https:\/\/ocoerente.com.br\/se\/2021\/02\/26\/nota-contra-a-privatizacao-dos-correios\/"},"wordCount":630,"publisher":{"@id":"https:\/\/ocoerente.com.br\/se\/#\/schema\/person\/cc6bfd9fbca465e23543b0c963d8d037"},"image":{"@id":"https:\/\/ocoerente.com.br\/se\/2021\/02\/26\/nota-contra-a-privatizacao-dos-correios\/#primaryimage"},"thumbnailUrl":"https:\/\/ocoerente.com.br\/se\/wp-content\/uploads\/2021\/02\/bolsocorreios.jpg","articleSection":["Brasil","Destaques"],"inLanguage":"pt-BR"},{"@type":"WebPage","@id":"https:\/\/ocoerente.com.br\/se\/2021\/02\/26\/nota-contra-a-privatizacao-dos-correios\/","url":"https:\/\/ocoerente.com.br\/se\/2021\/02\/26\/nota-contra-a-privatizacao-dos-correios\/","name":"Nota contra a privatiza\u00e7\u00e3o dos Correios - O Coerente","isPartOf":{"@id":"https:\/\/ocoerente.com.br\/se\/#website"},"primaryImageOfPage":{"@id":"https:\/\/ocoerente.com.br\/se\/2021\/02\/26\/nota-contra-a-privatizacao-dos-correios\/#primaryimage"},"image":{"@id":"https:\/\/ocoerente.com.br\/se\/2021\/02\/26\/nota-contra-a-privatizacao-dos-correios\/#primaryimage"},"thumbnailUrl":"https:\/\/ocoerente.com.br\/se\/wp-content\/uploads\/2021\/02\/bolsocorreios.jpg","datePublished":"2021-02-26T20:54:14+00:00","dateModified":"2021-02-26T20:54:17+00:00","breadcrumb":{"@id":"https:\/\/ocoerente.com.br\/se\/2021\/02\/26\/nota-contra-a-privatizacao-dos-correios\/#breadcrumb"},"inLanguage":"pt-BR","potentialAction":[{"@type":"ReadAction","target":["https:\/\/ocoerente.com.br\/se\/2021\/02\/26\/nota-contra-a-privatizacao-dos-correios\/"]}]},{"@type":"ImageObject","inLanguage":"pt-BR","@id":"https:\/\/ocoerente.com.br\/se\/2021\/02\/26\/nota-contra-a-privatizacao-dos-correios\/#primaryimage","url":"https:\/\/ocoerente.com.br\/se\/wp-content\/uploads\/2021\/02\/bolsocorreios.jpg","contentUrl":"https:\/\/ocoerente.com.br\/se\/wp-content\/uploads\/2021\/02\/bolsocorreios.jpg","width":526,"height":526},{"@type":"BreadcrumbList","@id":"https:\/\/ocoerente.com.br\/se\/2021\/02\/26\/nota-contra-a-privatizacao-dos-correios\/#breadcrumb","itemListElement":[{"@type":"ListItem","position":1,"name":"In\u00edcio","item":"https:\/\/ocoerente.com.br\/se\/"},{"@type":"ListItem","position":2,"name":"Nota contra a privatiza\u00e7\u00e3o dos Correios"}]},{"@type":"WebSite","@id":"https:\/\/ocoerente.com.br\/se\/#website","url":"https:\/\/ocoerente.com.br\/se\/","name":"O Coerente","description":"","publisher":{"@id":"https:\/\/ocoerente.com.br\/se\/#\/schema\/person\/cc6bfd9fbca465e23543b0c963d8d037"},"potentialAction":[{"@type":"SearchAction","target":{"@type":"EntryPoint","urlTemplate":"https:\/\/ocoerente.com.br\/se\/?s={search_term_string}"},"query-input":{"@type":"PropertyValueSpecification","valueRequired":true,"valueName":"search_term_string"}}],"inLanguage":"pt-BR"},{"@type":["Person","Organization"],"@id":"https:\/\/ocoerente.com.br\/se\/#\/schema\/person\/cc6bfd9fbca465e23543b0c963d8d037","name":"Reda\u00e7\u00e3o","image":{"@type":"ImageObject","inLanguage":"pt-BR","@id":"https:\/\/ocoerente.com.br\/se\/wp-content\/uploads\/2020\/01\/ocoerente-1.png","url":"https:\/\/ocoerente.com.br\/se\/wp-content\/uploads\/2020\/01\/ocoerente-1.png","contentUrl":"https:\/\/ocoerente.com.br\/se\/wp-content\/uploads\/2020\/01\/ocoerente-1.png","width":50,"height":50,"caption":"Reda\u00e7\u00e3o"},"logo":{"@id":"https:\/\/ocoerente.com.br\/se\/wp-content\/uploads\/2020\/01\/ocoerente-1.png"},"url":"https:\/\/ocoerente.com.br\/se\/author\/vasticlsales\/"}]}},"_links":{"self":[{"href":"https:\/\/ocoerente.com.br\/se\/wp-json\/wp\/v2\/posts\/2712","targetHints":{"allow":["GET"]}}],"collection":[{"href":"https:\/\/ocoerente.com.br\/se\/wp-json\/wp\/v2\/posts"}],"about":[{"href":"https:\/\/ocoerente.com.br\/se\/wp-json\/wp\/v2\/types\/post"}],"author":[{"embeddable":true,"href":"https:\/\/ocoerente.com.br\/se\/wp-json\/wp\/v2\/users\/1"}],"replies":[{"embeddable":true,"href":"https:\/\/ocoerente.com.br\/se\/wp-json\/wp\/v2\/comments?post=2712"}],"version-history":[{"count":1,"href":"https:\/\/ocoerente.com.br\/se\/wp-json\/wp\/v2\/posts\/2712\/revisions"}],"predecessor-version":[{"id":2714,"href":"https:\/\/ocoerente.com.br\/se\/wp-json\/wp\/v2\/posts\/2712\/revisions\/2714"}],"wp:featuredmedia":[{"embeddable":true,"href":"https:\/\/ocoerente.com.br\/se\/wp-json\/wp\/v2\/media\/2713"}],"wp:attachment":[{"href":"https:\/\/ocoerente.com.br\/se\/wp-json\/wp\/v2\/media?parent=2712"}],"wp:term":[{"taxonomy":"category","embeddable":true,"href":"https:\/\/ocoerente.com.br\/se\/wp-json\/wp\/v2\/categories?post=2712"},{"taxonomy":"post_tag","embeddable":true,"href":"https:\/\/ocoerente.com.br\/se\/wp-json\/wp\/v2\/tags?post=2712"}],"curies":[{"name":"wp","href":"https:\/\/api.w.org\/{rel}","templated":true}]}}