{"id":2710,"date":"2021-02-25T20:02:21","date_gmt":"2021-02-25T23:02:21","guid":{"rendered":"https:\/\/ocoerente.com.br\/se\/?p=2710"},"modified":"2021-02-25T20:02:24","modified_gmt":"2021-02-25T23:02:24","slug":"atencao-idosos-com-idade-entre-80-e-89-anos","status":"publish","type":"post","link":"https:\/\/ocoerente.com.br\/se\/2021\/02\/25\/atencao-idosos-com-idade-entre-80-e-89-anos\/","title":{"rendered":"Aten\u00e7\u00e3o idosos com idade entre 80 e 89 anos"},"content":{"rendered":"\n<p>A partir de ter\u00e7a-feira, dia 02,A Secretaria Municipal da Sa\u00fade inicia vacina\u00e7\u00e3o de idosos na faixa et\u00e1ria de 80 a 89 anos. O planejamento municipal inclui a\u00e7\u00f5es de vacina\u00e7\u00e3o nas 40 Unidades B\u00e1sicas de Sa\u00fade e drive thru de acordo com cronograma estabelecido em parceria com o Estado: entre os dias 2 e 5 de mar\u00e7o, ser\u00e3o vacinados os idosos com idades entre 85 e 89 anos; na semana do dia 8 at\u00e9 o dia 12, a faixa et\u00e1ria de 83 e 84 anos; e na semana seguinte, de 15 a 19 de mar\u00e7o, idosos entre 80 e 82 anos.<\/p>\n\n\n\n<p>Para facilitar o fluxo quando esse novo calend\u00e1rio iniciar, a Secretaria Municipal da Sa\u00fade de Aracaju orienta sobre como ter acesso ao servi\u00e7o de vacina\u00e7\u00e3o.<\/p>\n\n\n\n<p>\ud83d\udc89Para receber a vacina no posto volante no Parque da Sementeira, os idosos devem se cadastrar no site da Prefeitura, atrav\u00e9s do banner no Portal da Prefeitura ou do link http:\/\/aracajusms.voipy.com.br:8091\/sisvacinacao\/. Ao acessar o portal, ser\u00e1 preenchido um formul\u00e1rio contendo dados pessoais, como endere\u00e7o, nome completo, CPF e indica\u00e7\u00e3o do respons\u00e1vel legal, seguido do anexo do comprovante de resid\u00eancia e documento de identifica\u00e7\u00e3o do idoso. Assim que a data do drive thru for liberada, o usu\u00e1rio deve voltar a acessar o Portal para gerar o c\u00f3digo de acesso ao posto volante, o qual dever\u00e1 ser apresentado no dia da vacina\u00e7\u00e3o no drive, impresso ou no celular.<\/p>\n\n\n\n<p>\ud83d\udc69\ud83c\udffd\ud83e\uddb3\ud83d\udc68\ud83c\udffb\ud83e\uddb3Idosos dessa faixa et\u00e1ria que s\u00e3o acamados ou domiciliados tamb\u00e9m dever\u00e3o se cadastrar para receber a vacina. No mesmo formul\u00e1rio, que ser\u00e1 preenchido pelo seu respons\u00e1vel legal, deve ser assinalada a op\u00e7\u00e3o &#8216;acamado&#8217; e anexado relat\u00f3rio m\u00e9dico, junto aos demais documentos. Ap\u00f3s a valida\u00e7\u00e3o do cadastro, a equipe da Sa\u00fade entrar\u00e1 em contato para agendar a vacina\u00e7\u00e3o em domic\u00edlio.<\/p>\n\n\n\n<p>\ud83c\udfe5Idosos que optarem receber a vacina em alguma das 40 Unidades B\u00e1sicas de Sa\u00fade tamb\u00e9m dever\u00e3o possuir o cadastro SUS, tamb\u00e9m conhecido como cart\u00e3o SUS. Caso esse cadastro j\u00e1 tenha sido feito e esteja atualizado, n\u00e3o \u00e9 necess\u00e1rio se recadastrar, basta apresentar o cart\u00e3o SUS e o de vacina\u00e7\u00e3o. Caso o idoso tenha mudado de endere\u00e7o no \u00faltimo ano, \u00e9 recomendada a atualiza\u00e7\u00e3o. \u00c9 importante destacar que isso pode ser feito no dia da vacina\u00e7\u00e3o. A orienta\u00e7\u00e3o pr\u00e9via objetiva otimizar o atendimento quando a vacina\u00e7\u00e3o iniciar.<\/p>\n","protected":false},"excerpt":{"rendered":"<p>A partir de ter\u00e7a-feira, dia 02,A Secretaria Municipal da Sa\u00fade inicia vacina\u00e7\u00e3o de idosos na faixa et\u00e1ria de 80 a 89 anos. O planejamento municipal inclui a\u00e7\u00f5es de vacina\u00e7\u00e3o nas 40 Unidades B\u00e1sicas de Sa\u00fade e drive thru de acordo com cronograma estabelecido em parceria com o Estado: entre os dias 2 e 5 de [&hellip;]<\/p>\n","protected":false},"author":1,"featured_media":2610,"comment_status":"closed","ping_status":"closed","sticky":false,"template":"","format":"standard","meta":{"footnotes":""},"categories":[53,54],"tags":[],"class_list":["post-2710","post","type-post","status-publish","format-standard","has-post-thumbnail","hentry","category-destaques","category-saude"],"yoast_head":"<!-- This site is optimized with the Yoast SEO plugin v27.4 - https:\/\/yoast.com\/product\/yoast-seo-wordpress\/ -->\n<title>Aten\u00e7\u00e3o idosos com idade entre 80 e 89 anos - O Coerente<\/title>\n<meta name=\"robots\" content=\"index, follow, max-snippet:-1, max-image-preview:large, max-video-preview:-1\" \/>\n<link rel=\"canonical\" href=\"https:\/\/ocoerente.com.br\/se\/2021\/02\/25\/atencao-idosos-com-idade-entre-80-e-89-anos\/\" \/>\n<meta property=\"og:locale\" content=\"pt_BR\" \/>\n<meta property=\"og:type\" content=\"article\" \/>\n<meta property=\"og:title\" content=\"Aten\u00e7\u00e3o idosos com idade entre 80 e 89 anos - O Coerente\" \/>\n<meta property=\"og:description\" content=\"A partir de ter\u00e7a-feira, dia 02,A Secretaria Municipal da Sa\u00fade inicia vacina\u00e7\u00e3o de idosos na faixa et\u00e1ria de 80 a 89 anos. O planejamento municipal inclui a\u00e7\u00f5es de vacina\u00e7\u00e3o nas 40 Unidades B\u00e1sicas de Sa\u00fade e drive thru de acordo com cronograma estabelecido em parceria com o Estado: entre os dias 2 e 5 de [&hellip;]\" \/>\n<meta property=\"og:url\" content=\"https:\/\/ocoerente.com.br\/se\/2021\/02\/25\/atencao-idosos-com-idade-entre-80-e-89-anos\/\" \/>\n<meta property=\"og:site_name\" content=\"O Coerente\" \/>\n<meta property=\"article:published_time\" content=\"2021-02-25T23:02:21+00:00\" \/>\n<meta property=\"article:modified_time\" content=\"2021-02-25T23:02:24+00:00\" \/>\n<meta property=\"og:image\" content=\"https:\/\/ocoerente.com.br\/se\/wp-content\/uploads\/2021\/02\/idosavacinada.jpg\" \/>\n\t<meta property=\"og:image:width\" content=\"1280\" \/>\n\t<meta property=\"og:image:height\" content=\"853\" \/>\n\t<meta property=\"og:image:type\" content=\"image\/jpeg\" \/>\n<meta name=\"author\" content=\"Reda\u00e7\u00e3o\" \/>\n<meta name=\"twitter:card\" content=\"summary_large_image\" \/>\n<meta name=\"twitter:label1\" content=\"Escrito por\" \/>\n\t<meta name=\"twitter:data1\" content=\"Reda\u00e7\u00e3o\" \/>\n\t<meta name=\"twitter:label2\" content=\"Est. tempo de leitura\" \/>\n\t<meta name=\"twitter:data2\" content=\"2 minutos\" \/>\n<script type=\"application\/ld+json\" class=\"yoast-schema-graph\">{\"@context\":\"https:\\\/\\\/schema.org\",\"@graph\":[{\"@type\":\"Article\",\"@id\":\"https:\\\/\\\/ocoerente.com.br\\\/se\\\/2021\\\/02\\\/25\\\/atencao-idosos-com-idade-entre-80-e-89-anos\\\/#article\",\"isPartOf\":{\"@id\":\"https:\\\/\\\/ocoerente.com.br\\\/se\\\/2021\\\/02\\\/25\\\/atencao-idosos-com-idade-entre-80-e-89-anos\\\/\"},\"author\":{\"name\":\"Reda\u00e7\u00e3o\",\"@id\":\"https:\\\/\\\/ocoerente.com.br\\\/se\\\/#\\\/schema\\\/person\\\/cc6bfd9fbca465e23543b0c963d8d037\"},\"headline\":\"Aten\u00e7\u00e3o idosos com idade entre 80 e 89 anos\",\"datePublished\":\"2021-02-25T23:02:21+00:00\",\"dateModified\":\"2021-02-25T23:02:24+00:00\",\"mainEntityOfPage\":{\"@id\":\"https:\\\/\\\/ocoerente.com.br\\\/se\\\/2021\\\/02\\\/25\\\/atencao-idosos-com-idade-entre-80-e-89-anos\\\/\"},\"wordCount\":426,\"publisher\":{\"@id\":\"https:\\\/\\\/ocoerente.com.br\\\/se\\\/#\\\/schema\\\/person\\\/cc6bfd9fbca465e23543b0c963d8d037\"},\"image\":{\"@id\":\"https:\\\/\\\/ocoerente.com.br\\\/se\\\/2021\\\/02\\\/25\\\/atencao-idosos-com-idade-entre-80-e-89-anos\\\/#primaryimage\"},\"thumbnailUrl\":\"https:\\\/\\\/ocoerente.com.br\\\/se\\\/wp-content\\\/uploads\\\/2021\\\/02\\\/idosavacinada.jpg\",\"articleSection\":[\"Destaques\",\"Sa\u00fade\"],\"inLanguage\":\"pt-BR\"},{\"@type\":\"WebPage\",\"@id\":\"https:\\\/\\\/ocoerente.com.br\\\/se\\\/2021\\\/02\\\/25\\\/atencao-idosos-com-idade-entre-80-e-89-anos\\\/\",\"url\":\"https:\\\/\\\/ocoerente.com.br\\\/se\\\/2021\\\/02\\\/25\\\/atencao-idosos-com-idade-entre-80-e-89-anos\\\/\",\"name\":\"Aten\u00e7\u00e3o idosos com idade entre 80 e 89 anos - O Coerente\",\"isPartOf\":{\"@id\":\"https:\\\/\\\/ocoerente.com.br\\\/se\\\/#website\"},\"primaryImageOfPage\":{\"@id\":\"https:\\\/\\\/ocoerente.com.br\\\/se\\\/2021\\\/02\\\/25\\\/atencao-idosos-com-idade-entre-80-e-89-anos\\\/#primaryimage\"},\"image\":{\"@id\":\"https:\\\/\\\/ocoerente.com.br\\\/se\\\/2021\\\/02\\\/25\\\/atencao-idosos-com-idade-entre-80-e-89-anos\\\/#primaryimage\"},\"thumbnailUrl\":\"https:\\\/\\\/ocoerente.com.br\\\/se\\\/wp-content\\\/uploads\\\/2021\\\/02\\\/idosavacinada.jpg\",\"datePublished\":\"2021-02-25T23:02:21+00:00\",\"dateModified\":\"2021-02-25T23:02:24+00:00\",\"breadcrumb\":{\"@id\":\"https:\\\/\\\/ocoerente.com.br\\\/se\\\/2021\\\/02\\\/25\\\/atencao-idosos-com-idade-entre-80-e-89-anos\\\/#breadcrumb\"},\"inLanguage\":\"pt-BR\",\"potentialAction\":[{\"@type\":\"ReadAction\",\"target\":[\"https:\\\/\\\/ocoerente.com.br\\\/se\\\/2021\\\/02\\\/25\\\/atencao-idosos-com-idade-entre-80-e-89-anos\\\/\"]}]},{\"@type\":\"ImageObject\",\"inLanguage\":\"pt-BR\",\"@id\":\"https:\\\/\\\/ocoerente.com.br\\\/se\\\/2021\\\/02\\\/25\\\/atencao-idosos-com-idade-entre-80-e-89-anos\\\/#primaryimage\",\"url\":\"https:\\\/\\\/ocoerente.com.br\\\/se\\\/wp-content\\\/uploads\\\/2021\\\/02\\\/idosavacinada.jpg\",\"contentUrl\":\"https:\\\/\\\/ocoerente.com.br\\\/se\\\/wp-content\\\/uploads\\\/2021\\\/02\\\/idosavacinada.jpg\",\"width\":1280,\"height\":853},{\"@type\":\"BreadcrumbList\",\"@id\":\"https:\\\/\\\/ocoerente.com.br\\\/se\\\/2021\\\/02\\\/25\\\/atencao-idosos-com-idade-entre-80-e-89-anos\\\/#breadcrumb\",\"itemListElement\":[{\"@type\":\"ListItem\",\"position\":1,\"name\":\"In\u00edcio\",\"item\":\"https:\\\/\\\/ocoerente.com.br\\\/se\\\/\"},{\"@type\":\"ListItem\",\"position\":2,\"name\":\"Aten\u00e7\u00e3o idosos com idade entre 80 e 89 anos\"}]},{\"@type\":\"WebSite\",\"@id\":\"https:\\\/\\\/ocoerente.com.br\\\/se\\\/#website\",\"url\":\"https:\\\/\\\/ocoerente.com.br\\\/se\\\/\",\"name\":\"O Coerente\",\"description\":\"\",\"publisher\":{\"@id\":\"https:\\\/\\\/ocoerente.com.br\\\/se\\\/#\\\/schema\\\/person\\\/cc6bfd9fbca465e23543b0c963d8d037\"},\"potentialAction\":[{\"@type\":\"SearchAction\",\"target\":{\"@type\":\"EntryPoint\",\"urlTemplate\":\"https:\\\/\\\/ocoerente.com.br\\\/se\\\/?s={search_term_string}\"},\"query-input\":{\"@type\":\"PropertyValueSpecification\",\"valueRequired\":true,\"valueName\":\"search_term_string\"}}],\"inLanguage\":\"pt-BR\"},{\"@type\":[\"Person\",\"Organization\"],\"@id\":\"https:\\\/\\\/ocoerente.com.br\\\/se\\\/#\\\/schema\\\/person\\\/cc6bfd9fbca465e23543b0c963d8d037\",\"name\":\"Reda\u00e7\u00e3o\",\"image\":{\"@type\":\"ImageObject\",\"inLanguage\":\"pt-BR\",\"@id\":\"https:\\\/\\\/ocoerente.com.br\\\/se\\\/wp-content\\\/uploads\\\/2020\\\/01\\\/ocoerente-1.png\",\"url\":\"https:\\\/\\\/ocoerente.com.br\\\/se\\\/wp-content\\\/uploads\\\/2020\\\/01\\\/ocoerente-1.png\",\"contentUrl\":\"https:\\\/\\\/ocoerente.com.br\\\/se\\\/wp-content\\\/uploads\\\/2020\\\/01\\\/ocoerente-1.png\",\"width\":50,\"height\":50,\"caption\":\"Reda\u00e7\u00e3o\"},\"logo\":{\"@id\":\"https:\\\/\\\/ocoerente.com.br\\\/se\\\/wp-content\\\/uploads\\\/2020\\\/01\\\/ocoerente-1.png\"},\"url\":\"https:\\\/\\\/ocoerente.com.br\\\/se\\\/author\\\/vasticlsales\\\/\"}]}<\/script>\n<!-- \/ Yoast SEO plugin. -->","yoast_head_json":{"title":"Aten\u00e7\u00e3o idosos com idade entre 80 e 89 anos - O Coerente","robots":{"index":"index","follow":"follow","max-snippet":"max-snippet:-1","max-image-preview":"max-image-preview:large","max-video-preview":"max-video-preview:-1"},"canonical":"https:\/\/ocoerente.com.br\/se\/2021\/02\/25\/atencao-idosos-com-idade-entre-80-e-89-anos\/","og_locale":"pt_BR","og_type":"article","og_title":"Aten\u00e7\u00e3o idosos com idade entre 80 e 89 anos - O Coerente","og_description":"A partir de ter\u00e7a-feira, dia 02,A Secretaria Municipal da Sa\u00fade inicia vacina\u00e7\u00e3o de idosos na faixa et\u00e1ria de 80 a 89 anos. O planejamento municipal inclui a\u00e7\u00f5es de vacina\u00e7\u00e3o nas 40 Unidades B\u00e1sicas de Sa\u00fade e drive thru de acordo com cronograma estabelecido em parceria com o Estado: entre os dias 2 e 5 de [&hellip;]","og_url":"https:\/\/ocoerente.com.br\/se\/2021\/02\/25\/atencao-idosos-com-idade-entre-80-e-89-anos\/","og_site_name":"O Coerente","article_published_time":"2021-02-25T23:02:21+00:00","article_modified_time":"2021-02-25T23:02:24+00:00","og_image":[{"width":1280,"height":853,"url":"https:\/\/ocoerente.com.br\/se\/wp-content\/uploads\/2021\/02\/idosavacinada.jpg","type":"image\/jpeg"}],"author":"Reda\u00e7\u00e3o","twitter_card":"summary_large_image","twitter_misc":{"Escrito por":"Reda\u00e7\u00e3o","Est. tempo de leitura":"2 minutos"},"schema":{"@context":"https:\/\/schema.org","@graph":[{"@type":"Article","@id":"https:\/\/ocoerente.com.br\/se\/2021\/02\/25\/atencao-idosos-com-idade-entre-80-e-89-anos\/#article","isPartOf":{"@id":"https:\/\/ocoerente.com.br\/se\/2021\/02\/25\/atencao-idosos-com-idade-entre-80-e-89-anos\/"},"author":{"name":"Reda\u00e7\u00e3o","@id":"https:\/\/ocoerente.com.br\/se\/#\/schema\/person\/cc6bfd9fbca465e23543b0c963d8d037"},"headline":"Aten\u00e7\u00e3o idosos com idade entre 80 e 89 anos","datePublished":"2021-02-25T23:02:21+00:00","dateModified":"2021-02-25T23:02:24+00:00","mainEntityOfPage":{"@id":"https:\/\/ocoerente.com.br\/se\/2021\/02\/25\/atencao-idosos-com-idade-entre-80-e-89-anos\/"},"wordCount":426,"publisher":{"@id":"https:\/\/ocoerente.com.br\/se\/#\/schema\/person\/cc6bfd9fbca465e23543b0c963d8d037"},"image":{"@id":"https:\/\/ocoerente.com.br\/se\/2021\/02\/25\/atencao-idosos-com-idade-entre-80-e-89-anos\/#primaryimage"},"thumbnailUrl":"https:\/\/ocoerente.com.br\/se\/wp-content\/uploads\/2021\/02\/idosavacinada.jpg","articleSection":["Destaques","Sa\u00fade"],"inLanguage":"pt-BR"},{"@type":"WebPage","@id":"https:\/\/ocoerente.com.br\/se\/2021\/02\/25\/atencao-idosos-com-idade-entre-80-e-89-anos\/","url":"https:\/\/ocoerente.com.br\/se\/2021\/02\/25\/atencao-idosos-com-idade-entre-80-e-89-anos\/","name":"Aten\u00e7\u00e3o idosos com idade entre 80 e 89 anos - O Coerente","isPartOf":{"@id":"https:\/\/ocoerente.com.br\/se\/#website"},"primaryImageOfPage":{"@id":"https:\/\/ocoerente.com.br\/se\/2021\/02\/25\/atencao-idosos-com-idade-entre-80-e-89-anos\/#primaryimage"},"image":{"@id":"https:\/\/ocoerente.com.br\/se\/2021\/02\/25\/atencao-idosos-com-idade-entre-80-e-89-anos\/#primaryimage"},"thumbnailUrl":"https:\/\/ocoerente.com.br\/se\/wp-content\/uploads\/2021\/02\/idosavacinada.jpg","datePublished":"2021-02-25T23:02:21+00:00","dateModified":"2021-02-25T23:02:24+00:00","breadcrumb":{"@id":"https:\/\/ocoerente.com.br\/se\/2021\/02\/25\/atencao-idosos-com-idade-entre-80-e-89-anos\/#breadcrumb"},"inLanguage":"pt-BR","potentialAction":[{"@type":"ReadAction","target":["https:\/\/ocoerente.com.br\/se\/2021\/02\/25\/atencao-idosos-com-idade-entre-80-e-89-anos\/"]}]},{"@type":"ImageObject","inLanguage":"pt-BR","@id":"https:\/\/ocoerente.com.br\/se\/2021\/02\/25\/atencao-idosos-com-idade-entre-80-e-89-anos\/#primaryimage","url":"https:\/\/ocoerente.com.br\/se\/wp-content\/uploads\/2021\/02\/idosavacinada.jpg","contentUrl":"https:\/\/ocoerente.com.br\/se\/wp-content\/uploads\/2021\/02\/idosavacinada.jpg","width":1280,"height":853},{"@type":"BreadcrumbList","@id":"https:\/\/ocoerente.com.br\/se\/2021\/02\/25\/atencao-idosos-com-idade-entre-80-e-89-anos\/#breadcrumb","itemListElement":[{"@type":"ListItem","position":1,"name":"In\u00edcio","item":"https:\/\/ocoerente.com.br\/se\/"},{"@type":"ListItem","position":2,"name":"Aten\u00e7\u00e3o idosos com idade entre 80 e 89 anos"}]},{"@type":"WebSite","@id":"https:\/\/ocoerente.com.br\/se\/#website","url":"https:\/\/ocoerente.com.br\/se\/","name":"O Coerente","description":"","publisher":{"@id":"https:\/\/ocoerente.com.br\/se\/#\/schema\/person\/cc6bfd9fbca465e23543b0c963d8d037"},"potentialAction":[{"@type":"SearchAction","target":{"@type":"EntryPoint","urlTemplate":"https:\/\/ocoerente.com.br\/se\/?s={search_term_string}"},"query-input":{"@type":"PropertyValueSpecification","valueRequired":true,"valueName":"search_term_string"}}],"inLanguage":"pt-BR"},{"@type":["Person","Organization"],"@id":"https:\/\/ocoerente.com.br\/se\/#\/schema\/person\/cc6bfd9fbca465e23543b0c963d8d037","name":"Reda\u00e7\u00e3o","image":{"@type":"ImageObject","inLanguage":"pt-BR","@id":"https:\/\/ocoerente.com.br\/se\/wp-content\/uploads\/2020\/01\/ocoerente-1.png","url":"https:\/\/ocoerente.com.br\/se\/wp-content\/uploads\/2020\/01\/ocoerente-1.png","contentUrl":"https:\/\/ocoerente.com.br\/se\/wp-content\/uploads\/2020\/01\/ocoerente-1.png","width":50,"height":50,"caption":"Reda\u00e7\u00e3o"},"logo":{"@id":"https:\/\/ocoerente.com.br\/se\/wp-content\/uploads\/2020\/01\/ocoerente-1.png"},"url":"https:\/\/ocoerente.com.br\/se\/author\/vasticlsales\/"}]}},"_links":{"self":[{"href":"https:\/\/ocoerente.com.br\/se\/wp-json\/wp\/v2\/posts\/2710","targetHints":{"allow":["GET"]}}],"collection":[{"href":"https:\/\/ocoerente.com.br\/se\/wp-json\/wp\/v2\/posts"}],"about":[{"href":"https:\/\/ocoerente.com.br\/se\/wp-json\/wp\/v2\/types\/post"}],"author":[{"embeddable":true,"href":"https:\/\/ocoerente.com.br\/se\/wp-json\/wp\/v2\/users\/1"}],"replies":[{"embeddable":true,"href":"https:\/\/ocoerente.com.br\/se\/wp-json\/wp\/v2\/comments?post=2710"}],"version-history":[{"count":1,"href":"https:\/\/ocoerente.com.br\/se\/wp-json\/wp\/v2\/posts\/2710\/revisions"}],"predecessor-version":[{"id":2711,"href":"https:\/\/ocoerente.com.br\/se\/wp-json\/wp\/v2\/posts\/2710\/revisions\/2711"}],"wp:featuredmedia":[{"embeddable":true,"href":"https:\/\/ocoerente.com.br\/se\/wp-json\/wp\/v2\/media\/2610"}],"wp:attachment":[{"href":"https:\/\/ocoerente.com.br\/se\/wp-json\/wp\/v2\/media?parent=2710"}],"wp:term":[{"taxonomy":"category","embeddable":true,"href":"https:\/\/ocoerente.com.br\/se\/wp-json\/wp\/v2\/categories?post=2710"},{"taxonomy":"post_tag","embeddable":true,"href":"https:\/\/ocoerente.com.br\/se\/wp-json\/wp\/v2\/tags?post=2710"}],"curies":[{"name":"wp","href":"https:\/\/api.w.org\/{rel}","templated":true}]}}