{"id":2707,"date":"2021-02-25T19:17:06","date_gmt":"2021-02-25T22:17:06","guid":{"rendered":"https:\/\/ocoerente.com.br\/se\/?p=2707"},"modified":"2021-02-25T19:17:07","modified_gmt":"2021-02-25T22:17:07","slug":"rogerio-carvalho-acabar-com-recursos-constitucionais-para-educacao-e-para-a-saude-e-retrocesso-historico","status":"publish","type":"post","link":"https:\/\/ocoerente.com.br\/se\/2021\/02\/25\/rogerio-carvalho-acabar-com-recursos-constitucionais-para-educacao-e-para-a-saude-e-retrocesso-historico\/","title":{"rendered":"Rog\u00e9rio Carvalho: Acabar com recursos Constitucionais para educa\u00e7\u00e3o e para a sa\u00fade \u00e9 retrocesso hist\u00f3rico"},"content":{"rendered":"\n<p>O senador Rog\u00e9rio Carvalho (PT-SE) classificou a proposta do governo Bolsonaro, prevista na PEC Emergencial, de acabar com as vincula\u00e7\u00f5es constitucionais obrigat\u00f3rias para educa\u00e7\u00e3o e para a sa\u00fade, como um retrocesso hist\u00f3rico. Em discurso no plen\u00e1rio da Casa, nesta quinta-feira (25), o senador recordou que essa vincula\u00e7\u00e3o esteve presente em toda hist\u00f3ria da Rep\u00fablica, com exce\u00e7\u00e3o do Estado Novo e do regime militar.<\/p>\n\n\n\n<blockquote class=\"wp-block-quote is-layout-flow wp-block-quote-is-layout-flow\"><p>\u201c<strong><em>A \u00e1rea da sa\u00fade, n\u00f3s na Constitui\u00e7\u00e3o de 88, criamos a ideia de que a sa\u00fade \u00e9 um direito de cidadania e um dever o Estado\u201d, disse. \u201cE foi uma luta enorme, aqui do ministro Jatene e depois do ministro Jos\u00e9 Serra, para conseguir vincular o gasto da sa\u00fade a uma parcela da arrecada\u00e7\u00e3o dos estados, da Uni\u00e3o e dos munic\u00edpios e virou a Emenda Constitucional 29<\/em><\/strong>\u201d, afirmou.<\/p><p>O senador sergipano apontou que a vincula\u00e7\u00e3o desses recursos proporcionou ao pa\u00eds significativos avan\u00e7os na sa\u00fade. \u201c<em><strong>Este incremento decorrente da vincula\u00e7\u00e3o proporcionou ao Brasil ter o sistema de atendimento m\u00f3vel de urg\u00eancia, proporcionou ao Brasil ser o pa\u00eds que mais faz transplantes de \u00f3rg\u00e3os no mundo, proporcionou ao Brasil ter a maior rede de aten\u00e7\u00e3o prim\u00e1ria do mundo, ter o maior programa de aten\u00e7\u00e3o \u00e0 sa\u00fade da fam\u00edlia do mundo, ter o n\u00famero de leitos de UTI quintuplicados neste per\u00edodo<\/strong><\/em>\u201d, explicitou.<\/p><\/blockquote>\n\n\n\n<p>Para tentar driblar esta estrat\u00e9gia do governo, o senador Rog\u00e9rio apresentou um voto em separado para impedir a desvincula\u00e7\u00e3o dos recursos da sa\u00fade e da educa\u00e7\u00e3o, para retirar o pagamento do aux\u00edlio emergencial do teto de gastos, e para preservar o entendimento amplo de que em momentos de crise social \u00e9 preciso tomar decis\u00f5es que preservem o equil\u00edbrio fiscal.<\/p>\n\n\n\n<h3 class=\"wp-block-heading\">Crise fiscal<\/h3>\n\n\n\n<blockquote class=\"wp-block-quote is-layout-flow wp-block-quote-is-layout-flow\"><p>Na ocasi\u00e3o, o parlamentar denunciou que o Brasil \u201cao contr\u00e1rio do que dizem, n\u00e3o vive essa crise fiscal que est\u00e1 sendo propalada\u201d.&nbsp; \u201c<em><strong>O Tesouro Nacional tem, neste momento, R$ 1,5 trilh\u00e3o. O Brasil \u00e9 um dos pa\u00edses que tem o sistema fiscal mais rigoroso do mundo, fora dos par\u00e2metros de qualquer pa\u00eds europeu, que n\u00e3o tem moeda pr\u00f3pria, que usam o euro<\/strong><\/em>\u201d, apontou.<\/p><\/blockquote>\n\n\n\n<blockquote class=\"wp-block-quote is-layout-flow wp-block-quote-is-layout-flow\"><p>\u201c<em><strong>Ent\u00e3o, n\u00f3s n\u00e3o precisamos e n\u00e3o estamos vivendo essa crise. Esta semana, o governo contraiu R$ 153 bilh\u00f5es, renegociou a d\u00edvida coma menor taxa hist\u00f3rica. Pa\u00eds em crise fiscal n\u00e3o consegue isso com juros a 2% e com excesso de liquidez no mundo<\/strong><\/em>\u201d, elucidou.<\/p><p>\u201c<strong><em>Portanto, se a gente retira do teto de gastos o aux\u00edlio emergencial, o gasto com sa\u00fade no ano de pandemia e os recursos para aplicarmos nas micro e pequenas empresas, n\u00e3o vai quebrar o Brasil e n\u00e3o vai ampliar a crise fiscal do nosso pa\u00eds e vai garantir que o nosso pa\u00eds tenha possibilidade de sobreviver a crise social, a crise sanit\u00e1ria e tenha uma retomada org\u00e2nica da nossa economia<\/em><\/strong>\u201d, concluiu o senador Rog\u00e9rio.<\/p><\/blockquote>\n\n\n\n<p>Acompanhe o pronunciamento do senador Rog\u00e9rio Carvalho sobre o assunto.<\/p>\n\n\n\n<figure class=\"wp-block-video\"><video controls src=\"http:\/\/senadorrogerio.com.br\/wp-content\/uploads\/2021\/02\/Senador-Rog\u00e9rio-Carvalho-fala-em-retrocesso-hist\u00f3rico-sobre-a-desvincula\u00e7\u00e3o-de-recursos-para-a-sa\u00fade-e-educa\u00e7\u00e3o.mp4?_=1\"><\/video><\/figure>\n","protected":false},"excerpt":{"rendered":"<p>O senador Rog\u00e9rio Carvalho (PT-SE) classificou a proposta do governo Bolsonaro, prevista na PEC Emergencial, de acabar com as vincula\u00e7\u00f5es constitucionais obrigat\u00f3rias para educa\u00e7\u00e3o e para a sa\u00fade, como um retrocesso hist\u00f3rico. Em discurso no plen\u00e1rio da Casa, nesta quinta-feira (25), o senador recordou que essa vincula\u00e7\u00e3o esteve presente em toda hist\u00f3ria da Rep\u00fablica, com [&hellip;]<\/p>\n","protected":false},"author":1,"featured_media":2708,"comment_status":"closed","ping_status":"closed","sticky":false,"template":"","format":"standard","meta":{"footnotes":""},"categories":[53,44],"tags":[],"class_list":["post-2707","post","type-post","status-publish","format-standard","has-post-thumbnail","hentry","category-destaques","category-politica"],"yoast_head":"<!-- This site is optimized with the Yoast SEO plugin v27.4 - https:\/\/yoast.com\/product\/yoast-seo-wordpress\/ -->\n<title>Rog\u00e9rio Carvalho: Acabar com recursos Constitucionais para educa\u00e7\u00e3o e para a sa\u00fade \u00e9 retrocesso hist\u00f3rico - O Coerente<\/title>\n<meta name=\"robots\" content=\"index, follow, max-snippet:-1, max-image-preview:large, max-video-preview:-1\" \/>\n<link rel=\"canonical\" href=\"https:\/\/ocoerente.com.br\/se\/2021\/02\/25\/rogerio-carvalho-acabar-com-recursos-constitucionais-para-educacao-e-para-a-saude-e-retrocesso-historico\/\" \/>\n<meta property=\"og:locale\" content=\"pt_BR\" \/>\n<meta property=\"og:type\" content=\"article\" \/>\n<meta property=\"og:title\" content=\"Rog\u00e9rio Carvalho: Acabar com recursos Constitucionais para educa\u00e7\u00e3o e para a sa\u00fade \u00e9 retrocesso hist\u00f3rico - O Coerente\" \/>\n<meta property=\"og:description\" content=\"O senador Rog\u00e9rio Carvalho (PT-SE) classificou a proposta do governo Bolsonaro, prevista na PEC Emergencial, de acabar com as vincula\u00e7\u00f5es constitucionais obrigat\u00f3rias para educa\u00e7\u00e3o e para a sa\u00fade, como um retrocesso hist\u00f3rico. Em discurso no plen\u00e1rio da Casa, nesta quinta-feira (25), o senador recordou que essa vincula\u00e7\u00e3o esteve presente em toda hist\u00f3ria da Rep\u00fablica, com [&hellip;]\" \/>\n<meta property=\"og:url\" content=\"https:\/\/ocoerente.com.br\/se\/2021\/02\/25\/rogerio-carvalho-acabar-com-recursos-constitucionais-para-educacao-e-para-a-saude-e-retrocesso-historico\/\" \/>\n<meta property=\"og:site_name\" content=\"O Coerente\" \/>\n<meta property=\"article:published_time\" content=\"2021-02-25T22:17:06+00:00\" \/>\n<meta property=\"article:modified_time\" content=\"2021-02-25T22:17:07+00:00\" \/>\n<meta property=\"og:image\" content=\"https:\/\/ocoerente.com.br\/se\/wp-content\/uploads\/2021\/02\/rogerio-carvalho-foto.jpg\" \/>\n\t<meta property=\"og:image:width\" content=\"800\" \/>\n\t<meta property=\"og:image:height\" content=\"532\" \/>\n\t<meta property=\"og:image:type\" content=\"image\/jpeg\" \/>\n<meta name=\"author\" content=\"Reda\u00e7\u00e3o\" \/>\n<meta name=\"twitter:card\" content=\"summary_large_image\" \/>\n<meta name=\"twitter:label1\" content=\"Escrito por\" \/>\n\t<meta name=\"twitter:data1\" content=\"Reda\u00e7\u00e3o\" \/>\n\t<meta name=\"twitter:label2\" content=\"Est. tempo de leitura\" \/>\n\t<meta name=\"twitter:data2\" content=\"3 minutos\" \/>\n<script type=\"application\/ld+json\" class=\"yoast-schema-graph\">{\"@context\":\"https:\\\/\\\/schema.org\",\"@graph\":[{\"@type\":\"Article\",\"@id\":\"https:\\\/\\\/ocoerente.com.br\\\/se\\\/2021\\\/02\\\/25\\\/rogerio-carvalho-acabar-com-recursos-constitucionais-para-educacao-e-para-a-saude-e-retrocesso-historico\\\/#article\",\"isPartOf\":{\"@id\":\"https:\\\/\\\/ocoerente.com.br\\\/se\\\/2021\\\/02\\\/25\\\/rogerio-carvalho-acabar-com-recursos-constitucionais-para-educacao-e-para-a-saude-e-retrocesso-historico\\\/\"},\"author\":{\"name\":\"Reda\u00e7\u00e3o\",\"@id\":\"https:\\\/\\\/ocoerente.com.br\\\/se\\\/#\\\/schema\\\/person\\\/cc6bfd9fbca465e23543b0c963d8d037\"},\"headline\":\"Rog\u00e9rio Carvalho: Acabar com recursos Constitucionais para educa\u00e7\u00e3o e para a sa\u00fade \u00e9 retrocesso hist\u00f3rico\",\"datePublished\":\"2021-02-25T22:17:06+00:00\",\"dateModified\":\"2021-02-25T22:17:07+00:00\",\"mainEntityOfPage\":{\"@id\":\"https:\\\/\\\/ocoerente.com.br\\\/se\\\/2021\\\/02\\\/25\\\/rogerio-carvalho-acabar-com-recursos-constitucionais-para-educacao-e-para-a-saude-e-retrocesso-historico\\\/\"},\"wordCount\":544,\"publisher\":{\"@id\":\"https:\\\/\\\/ocoerente.com.br\\\/se\\\/#\\\/schema\\\/person\\\/cc6bfd9fbca465e23543b0c963d8d037\"},\"image\":{\"@id\":\"https:\\\/\\\/ocoerente.com.br\\\/se\\\/2021\\\/02\\\/25\\\/rogerio-carvalho-acabar-com-recursos-constitucionais-para-educacao-e-para-a-saude-e-retrocesso-historico\\\/#primaryimage\"},\"thumbnailUrl\":\"https:\\\/\\\/ocoerente.com.br\\\/se\\\/wp-content\\\/uploads\\\/2021\\\/02\\\/rogerio-carvalho-foto.jpg\",\"articleSection\":[\"Destaques\",\"Pol\u00edtica\"],\"inLanguage\":\"pt-BR\"},{\"@type\":\"WebPage\",\"@id\":\"https:\\\/\\\/ocoerente.com.br\\\/se\\\/2021\\\/02\\\/25\\\/rogerio-carvalho-acabar-com-recursos-constitucionais-para-educacao-e-para-a-saude-e-retrocesso-historico\\\/\",\"url\":\"https:\\\/\\\/ocoerente.com.br\\\/se\\\/2021\\\/02\\\/25\\\/rogerio-carvalho-acabar-com-recursos-constitucionais-para-educacao-e-para-a-saude-e-retrocesso-historico\\\/\",\"name\":\"Rog\u00e9rio Carvalho: Acabar com recursos Constitucionais para educa\u00e7\u00e3o e para a sa\u00fade \u00e9 retrocesso hist\u00f3rico - O Coerente\",\"isPartOf\":{\"@id\":\"https:\\\/\\\/ocoerente.com.br\\\/se\\\/#website\"},\"primaryImageOfPage\":{\"@id\":\"https:\\\/\\\/ocoerente.com.br\\\/se\\\/2021\\\/02\\\/25\\\/rogerio-carvalho-acabar-com-recursos-constitucionais-para-educacao-e-para-a-saude-e-retrocesso-historico\\\/#primaryimage\"},\"image\":{\"@id\":\"https:\\\/\\\/ocoerente.com.br\\\/se\\\/2021\\\/02\\\/25\\\/rogerio-carvalho-acabar-com-recursos-constitucionais-para-educacao-e-para-a-saude-e-retrocesso-historico\\\/#primaryimage\"},\"thumbnailUrl\":\"https:\\\/\\\/ocoerente.com.br\\\/se\\\/wp-content\\\/uploads\\\/2021\\\/02\\\/rogerio-carvalho-foto.jpg\",\"datePublished\":\"2021-02-25T22:17:06+00:00\",\"dateModified\":\"2021-02-25T22:17:07+00:00\",\"breadcrumb\":{\"@id\":\"https:\\\/\\\/ocoerente.com.br\\\/se\\\/2021\\\/02\\\/25\\\/rogerio-carvalho-acabar-com-recursos-constitucionais-para-educacao-e-para-a-saude-e-retrocesso-historico\\\/#breadcrumb\"},\"inLanguage\":\"pt-BR\",\"potentialAction\":[{\"@type\":\"ReadAction\",\"target\":[\"https:\\\/\\\/ocoerente.com.br\\\/se\\\/2021\\\/02\\\/25\\\/rogerio-carvalho-acabar-com-recursos-constitucionais-para-educacao-e-para-a-saude-e-retrocesso-historico\\\/\"]}]},{\"@type\":\"ImageObject\",\"inLanguage\":\"pt-BR\",\"@id\":\"https:\\\/\\\/ocoerente.com.br\\\/se\\\/2021\\\/02\\\/25\\\/rogerio-carvalho-acabar-com-recursos-constitucionais-para-educacao-e-para-a-saude-e-retrocesso-historico\\\/#primaryimage\",\"url\":\"https:\\\/\\\/ocoerente.com.br\\\/se\\\/wp-content\\\/uploads\\\/2021\\\/02\\\/rogerio-carvalho-foto.jpg\",\"contentUrl\":\"https:\\\/\\\/ocoerente.com.br\\\/se\\\/wp-content\\\/uploads\\\/2021\\\/02\\\/rogerio-carvalho-foto.jpg\",\"width\":800,\"height\":532},{\"@type\":\"BreadcrumbList\",\"@id\":\"https:\\\/\\\/ocoerente.com.br\\\/se\\\/2021\\\/02\\\/25\\\/rogerio-carvalho-acabar-com-recursos-constitucionais-para-educacao-e-para-a-saude-e-retrocesso-historico\\\/#breadcrumb\",\"itemListElement\":[{\"@type\":\"ListItem\",\"position\":1,\"name\":\"In\u00edcio\",\"item\":\"https:\\\/\\\/ocoerente.com.br\\\/se\\\/\"},{\"@type\":\"ListItem\",\"position\":2,\"name\":\"Rog\u00e9rio Carvalho: Acabar com recursos Constitucionais para educa\u00e7\u00e3o e para a sa\u00fade \u00e9 retrocesso hist\u00f3rico\"}]},{\"@type\":\"WebSite\",\"@id\":\"https:\\\/\\\/ocoerente.com.br\\\/se\\\/#website\",\"url\":\"https:\\\/\\\/ocoerente.com.br\\\/se\\\/\",\"name\":\"O Coerente\",\"description\":\"\",\"publisher\":{\"@id\":\"https:\\\/\\\/ocoerente.com.br\\\/se\\\/#\\\/schema\\\/person\\\/cc6bfd9fbca465e23543b0c963d8d037\"},\"potentialAction\":[{\"@type\":\"SearchAction\",\"target\":{\"@type\":\"EntryPoint\",\"urlTemplate\":\"https:\\\/\\\/ocoerente.com.br\\\/se\\\/?s={search_term_string}\"},\"query-input\":{\"@type\":\"PropertyValueSpecification\",\"valueRequired\":true,\"valueName\":\"search_term_string\"}}],\"inLanguage\":\"pt-BR\"},{\"@type\":[\"Person\",\"Organization\"],\"@id\":\"https:\\\/\\\/ocoerente.com.br\\\/se\\\/#\\\/schema\\\/person\\\/cc6bfd9fbca465e23543b0c963d8d037\",\"name\":\"Reda\u00e7\u00e3o\",\"image\":{\"@type\":\"ImageObject\",\"inLanguage\":\"pt-BR\",\"@id\":\"https:\\\/\\\/ocoerente.com.br\\\/se\\\/wp-content\\\/uploads\\\/2020\\\/01\\\/ocoerente-1.png\",\"url\":\"https:\\\/\\\/ocoerente.com.br\\\/se\\\/wp-content\\\/uploads\\\/2020\\\/01\\\/ocoerente-1.png\",\"contentUrl\":\"https:\\\/\\\/ocoerente.com.br\\\/se\\\/wp-content\\\/uploads\\\/2020\\\/01\\\/ocoerente-1.png\",\"width\":50,\"height\":50,\"caption\":\"Reda\u00e7\u00e3o\"},\"logo\":{\"@id\":\"https:\\\/\\\/ocoerente.com.br\\\/se\\\/wp-content\\\/uploads\\\/2020\\\/01\\\/ocoerente-1.png\"},\"url\":\"https:\\\/\\\/ocoerente.com.br\\\/se\\\/author\\\/vasticlsales\\\/\"}]}<\/script>\n<!-- \/ Yoast SEO plugin. -->","yoast_head_json":{"title":"Rog\u00e9rio Carvalho: Acabar com recursos Constitucionais para educa\u00e7\u00e3o e para a sa\u00fade \u00e9 retrocesso hist\u00f3rico - O Coerente","robots":{"index":"index","follow":"follow","max-snippet":"max-snippet:-1","max-image-preview":"max-image-preview:large","max-video-preview":"max-video-preview:-1"},"canonical":"https:\/\/ocoerente.com.br\/se\/2021\/02\/25\/rogerio-carvalho-acabar-com-recursos-constitucionais-para-educacao-e-para-a-saude-e-retrocesso-historico\/","og_locale":"pt_BR","og_type":"article","og_title":"Rog\u00e9rio Carvalho: Acabar com recursos Constitucionais para educa\u00e7\u00e3o e para a sa\u00fade \u00e9 retrocesso hist\u00f3rico - O Coerente","og_description":"O senador Rog\u00e9rio Carvalho (PT-SE) classificou a proposta do governo Bolsonaro, prevista na PEC Emergencial, de acabar com as vincula\u00e7\u00f5es constitucionais obrigat\u00f3rias para educa\u00e7\u00e3o e para a sa\u00fade, como um retrocesso hist\u00f3rico. Em discurso no plen\u00e1rio da Casa, nesta quinta-feira (25), o senador recordou que essa vincula\u00e7\u00e3o esteve presente em toda hist\u00f3ria da Rep\u00fablica, com [&hellip;]","og_url":"https:\/\/ocoerente.com.br\/se\/2021\/02\/25\/rogerio-carvalho-acabar-com-recursos-constitucionais-para-educacao-e-para-a-saude-e-retrocesso-historico\/","og_site_name":"O Coerente","article_published_time":"2021-02-25T22:17:06+00:00","article_modified_time":"2021-02-25T22:17:07+00:00","og_image":[{"width":800,"height":532,"url":"https:\/\/ocoerente.com.br\/se\/wp-content\/uploads\/2021\/02\/rogerio-carvalho-foto.jpg","type":"image\/jpeg"}],"author":"Reda\u00e7\u00e3o","twitter_card":"summary_large_image","twitter_misc":{"Escrito por":"Reda\u00e7\u00e3o","Est. tempo de leitura":"3 minutos"},"schema":{"@context":"https:\/\/schema.org","@graph":[{"@type":"Article","@id":"https:\/\/ocoerente.com.br\/se\/2021\/02\/25\/rogerio-carvalho-acabar-com-recursos-constitucionais-para-educacao-e-para-a-saude-e-retrocesso-historico\/#article","isPartOf":{"@id":"https:\/\/ocoerente.com.br\/se\/2021\/02\/25\/rogerio-carvalho-acabar-com-recursos-constitucionais-para-educacao-e-para-a-saude-e-retrocesso-historico\/"},"author":{"name":"Reda\u00e7\u00e3o","@id":"https:\/\/ocoerente.com.br\/se\/#\/schema\/person\/cc6bfd9fbca465e23543b0c963d8d037"},"headline":"Rog\u00e9rio Carvalho: Acabar com recursos Constitucionais para educa\u00e7\u00e3o e para a sa\u00fade \u00e9 retrocesso hist\u00f3rico","datePublished":"2021-02-25T22:17:06+00:00","dateModified":"2021-02-25T22:17:07+00:00","mainEntityOfPage":{"@id":"https:\/\/ocoerente.com.br\/se\/2021\/02\/25\/rogerio-carvalho-acabar-com-recursos-constitucionais-para-educacao-e-para-a-saude-e-retrocesso-historico\/"},"wordCount":544,"publisher":{"@id":"https:\/\/ocoerente.com.br\/se\/#\/schema\/person\/cc6bfd9fbca465e23543b0c963d8d037"},"image":{"@id":"https:\/\/ocoerente.com.br\/se\/2021\/02\/25\/rogerio-carvalho-acabar-com-recursos-constitucionais-para-educacao-e-para-a-saude-e-retrocesso-historico\/#primaryimage"},"thumbnailUrl":"https:\/\/ocoerente.com.br\/se\/wp-content\/uploads\/2021\/02\/rogerio-carvalho-foto.jpg","articleSection":["Destaques","Pol\u00edtica"],"inLanguage":"pt-BR"},{"@type":"WebPage","@id":"https:\/\/ocoerente.com.br\/se\/2021\/02\/25\/rogerio-carvalho-acabar-com-recursos-constitucionais-para-educacao-e-para-a-saude-e-retrocesso-historico\/","url":"https:\/\/ocoerente.com.br\/se\/2021\/02\/25\/rogerio-carvalho-acabar-com-recursos-constitucionais-para-educacao-e-para-a-saude-e-retrocesso-historico\/","name":"Rog\u00e9rio Carvalho: Acabar com recursos Constitucionais para educa\u00e7\u00e3o e para a sa\u00fade \u00e9 retrocesso hist\u00f3rico - O Coerente","isPartOf":{"@id":"https:\/\/ocoerente.com.br\/se\/#website"},"primaryImageOfPage":{"@id":"https:\/\/ocoerente.com.br\/se\/2021\/02\/25\/rogerio-carvalho-acabar-com-recursos-constitucionais-para-educacao-e-para-a-saude-e-retrocesso-historico\/#primaryimage"},"image":{"@id":"https:\/\/ocoerente.com.br\/se\/2021\/02\/25\/rogerio-carvalho-acabar-com-recursos-constitucionais-para-educacao-e-para-a-saude-e-retrocesso-historico\/#primaryimage"},"thumbnailUrl":"https:\/\/ocoerente.com.br\/se\/wp-content\/uploads\/2021\/02\/rogerio-carvalho-foto.jpg","datePublished":"2021-02-25T22:17:06+00:00","dateModified":"2021-02-25T22:17:07+00:00","breadcrumb":{"@id":"https:\/\/ocoerente.com.br\/se\/2021\/02\/25\/rogerio-carvalho-acabar-com-recursos-constitucionais-para-educacao-e-para-a-saude-e-retrocesso-historico\/#breadcrumb"},"inLanguage":"pt-BR","potentialAction":[{"@type":"ReadAction","target":["https:\/\/ocoerente.com.br\/se\/2021\/02\/25\/rogerio-carvalho-acabar-com-recursos-constitucionais-para-educacao-e-para-a-saude-e-retrocesso-historico\/"]}]},{"@type":"ImageObject","inLanguage":"pt-BR","@id":"https:\/\/ocoerente.com.br\/se\/2021\/02\/25\/rogerio-carvalho-acabar-com-recursos-constitucionais-para-educacao-e-para-a-saude-e-retrocesso-historico\/#primaryimage","url":"https:\/\/ocoerente.com.br\/se\/wp-content\/uploads\/2021\/02\/rogerio-carvalho-foto.jpg","contentUrl":"https:\/\/ocoerente.com.br\/se\/wp-content\/uploads\/2021\/02\/rogerio-carvalho-foto.jpg","width":800,"height":532},{"@type":"BreadcrumbList","@id":"https:\/\/ocoerente.com.br\/se\/2021\/02\/25\/rogerio-carvalho-acabar-com-recursos-constitucionais-para-educacao-e-para-a-saude-e-retrocesso-historico\/#breadcrumb","itemListElement":[{"@type":"ListItem","position":1,"name":"In\u00edcio","item":"https:\/\/ocoerente.com.br\/se\/"},{"@type":"ListItem","position":2,"name":"Rog\u00e9rio Carvalho: Acabar com recursos Constitucionais para educa\u00e7\u00e3o e para a sa\u00fade \u00e9 retrocesso hist\u00f3rico"}]},{"@type":"WebSite","@id":"https:\/\/ocoerente.com.br\/se\/#website","url":"https:\/\/ocoerente.com.br\/se\/","name":"O Coerente","description":"","publisher":{"@id":"https:\/\/ocoerente.com.br\/se\/#\/schema\/person\/cc6bfd9fbca465e23543b0c963d8d037"},"potentialAction":[{"@type":"SearchAction","target":{"@type":"EntryPoint","urlTemplate":"https:\/\/ocoerente.com.br\/se\/?s={search_term_string}"},"query-input":{"@type":"PropertyValueSpecification","valueRequired":true,"valueName":"search_term_string"}}],"inLanguage":"pt-BR"},{"@type":["Person","Organization"],"@id":"https:\/\/ocoerente.com.br\/se\/#\/schema\/person\/cc6bfd9fbca465e23543b0c963d8d037","name":"Reda\u00e7\u00e3o","image":{"@type":"ImageObject","inLanguage":"pt-BR","@id":"https:\/\/ocoerente.com.br\/se\/wp-content\/uploads\/2020\/01\/ocoerente-1.png","url":"https:\/\/ocoerente.com.br\/se\/wp-content\/uploads\/2020\/01\/ocoerente-1.png","contentUrl":"https:\/\/ocoerente.com.br\/se\/wp-content\/uploads\/2020\/01\/ocoerente-1.png","width":50,"height":50,"caption":"Reda\u00e7\u00e3o"},"logo":{"@id":"https:\/\/ocoerente.com.br\/se\/wp-content\/uploads\/2020\/01\/ocoerente-1.png"},"url":"https:\/\/ocoerente.com.br\/se\/author\/vasticlsales\/"}]}},"_links":{"self":[{"href":"https:\/\/ocoerente.com.br\/se\/wp-json\/wp\/v2\/posts\/2707","targetHints":{"allow":["GET"]}}],"collection":[{"href":"https:\/\/ocoerente.com.br\/se\/wp-json\/wp\/v2\/posts"}],"about":[{"href":"https:\/\/ocoerente.com.br\/se\/wp-json\/wp\/v2\/types\/post"}],"author":[{"embeddable":true,"href":"https:\/\/ocoerente.com.br\/se\/wp-json\/wp\/v2\/users\/1"}],"replies":[{"embeddable":true,"href":"https:\/\/ocoerente.com.br\/se\/wp-json\/wp\/v2\/comments?post=2707"}],"version-history":[{"count":1,"href":"https:\/\/ocoerente.com.br\/se\/wp-json\/wp\/v2\/posts\/2707\/revisions"}],"predecessor-version":[{"id":2709,"href":"https:\/\/ocoerente.com.br\/se\/wp-json\/wp\/v2\/posts\/2707\/revisions\/2709"}],"wp:featuredmedia":[{"embeddable":true,"href":"https:\/\/ocoerente.com.br\/se\/wp-json\/wp\/v2\/media\/2708"}],"wp:attachment":[{"href":"https:\/\/ocoerente.com.br\/se\/wp-json\/wp\/v2\/media?parent=2707"}],"wp:term":[{"taxonomy":"category","embeddable":true,"href":"https:\/\/ocoerente.com.br\/se\/wp-json\/wp\/v2\/categories?post=2707"},{"taxonomy":"post_tag","embeddable":true,"href":"https:\/\/ocoerente.com.br\/se\/wp-json\/wp\/v2\/tags?post=2707"}],"curies":[{"name":"wp","href":"https:\/\/api.w.org\/{rel}","templated":true}]}}