{"id":2704,"date":"2021-02-24T17:15:34","date_gmt":"2021-02-24T20:15:34","guid":{"rendered":"https:\/\/ocoerente.com.br\/se\/?p=2704"},"modified":"2021-02-24T17:15:35","modified_gmt":"2021-02-24T20:15:35","slug":"exploracao-real-no-mundo-digital-uma-radiografia-do-trabalho-remoto-na-ufs","status":"publish","type":"post","link":"https:\/\/ocoerente.com.br\/se\/2021\/02\/24\/exploracao-real-no-mundo-digital-uma-radiografia-do-trabalho-remoto-na-ufs\/","title":{"rendered":"Explora\u00e7\u00e3o real no mundo digital: uma radiografia do trabalho remoto na UFS"},"content":{"rendered":"\n<p><em>Por Henrique Maynart<\/em><\/p>\n\n\n\n<p>Falta de planejamento, aumento de custos, adoecimento, confus\u00e3o entre o trabalho e o ambiente dom\u00e9stico. Este \u00e9 o quadro analisado por 206 trabalhadoras e trabalhadores da Universidade Federal de Sergipe, dentre celetistas, terceirizados e integrantes do Regime Jur\u00eddico \u00danico (RJU). A pesquisa aconteceu entre os dias 14 de setembro e dois de outubro de 2020.<\/p>\n\n\n\n<p>A Comiss\u00e3o sobre Teletrabalho da UFS apresentar\u00e1 nos pr\u00f3ximos dias uma proposta de regulamenta\u00e7\u00e3o da atividade ao Conselho Superior da institui\u00e7\u00e3o. &nbsp;A Comiss\u00e3o n\u00e3o foi organizada de forma parit\u00e1ria e as entidades representativas de servidores t\u00e9cnicos e docentes constituem minoria absoluta no GT. Portanto, a presente pesquisa organizada por Taira Cris, F\u00e1bio Farias e F\u00e1bio Santos, dirigentes do Sintufs, tem por objetivo ampliar a discuss\u00e3o sobre a experi\u00eancia do trabalho remoto durante a pandemia de Covid 19, a fim de questionar crit\u00e9rios previstos em algumas propostas, em especial a Instru\u00e7\u00e3o Normativa n\u00b065\/2020 do Governo Federal.<\/p>\n\n\n\n<p>O Sintufs vem debatendo e acumulando posi\u00e7\u00f5es sobre a tem\u00e1tica do Teletrabalho desde o \u00faltimo Congresso da categoria, ocorrido em setembro de 2018. O sindicato tamb\u00e9m organizou duas lives nos meses de&nbsp;<a href=\"https:\/\/www.facebook.com\/sintufs\/videos\/659824637898472\" target=\"_blank\" rel=\"noreferrer noopener\">maio<\/a>&nbsp;e&nbsp;<a href=\"https:\/\/www.facebook.com\/sintufs\/videos\/667344970802076\" target=\"_blank\" rel=\"noreferrer noopener\">agosto<\/a>&nbsp;de 2020, para debater os efeitos da IN n\u00ba65\/2020 e as possibilidades do Teletrabalho, juntamente com o professor Cesar Bolano, a servidora Caroline Nagel e o advogado Maur\u00edcio Gentil. Portanto, as considera\u00e7\u00f5es da entidade v\u00eam de longe.<\/p>\n\n\n\n<p>Clique e confira na \u00edntegra o&nbsp;<a href=\"http:\/\/sintufs.org.br\/manager\/resources\/uploads\/arquivos\/RESULTADOS_DA_PESQUISA_SOBRE_TRABALHO_REMOTO_NA_UFS.pdf\" target=\"_blank\" rel=\"noreferrer noopener\">resultado<\/a>&nbsp;e os&nbsp;<a href=\"http:\/\/sintufs.org.br\/manager\/resources\/uploads\/arquivos\/GRAFICOS_DE_PESQUISA_SOBRE_TRABALHO_REMOTO_NA_UFS_A_PARTIR_DA_PANDEMIA_DA_COVID-19__1_.pdf\" target=\"_blank\" rel=\"noreferrer noopener\">gr\u00e1ficos<\/a>&nbsp;da pesquisa.<\/p>\n\n\n\n<p><strong>CONSIDERA\u00c7\u00d5ES ENTRE PERDAS E GANHOS<\/strong><\/p>\n\n\n\n<p>Apesar de uma s\u00e9rie de quest\u00f5es, existem aspectos positivos na experi\u00eancia de trabalho remoto, o que faz com que boa parte dos entrevistados alegue optar por alguma modalidade deste, seja semipresencial ou integral. Por\u00e9m, para 65% dos ouvidos qualquer modalidade de trabalho presencial \u00e9 fundamental.&nbsp; \u00c9 necess\u00e1rio estabelecer crit\u00e9rios de acompanhamento, adapta\u00e7\u00e3o e estrutura.<\/p>\n\n\n\n<p><strong>IN N\u00ba65\/2020 J\u00c1 \u00c9 REALIDADE POR AQUI<\/strong><\/p>\n\n\n\n<p>&nbsp;A partir da elabora\u00e7\u00e3o de question\u00e1rios dispon\u00edveis no site da entidade, os servidores e servidoras puderam analisar quest\u00f5es como adapta\u00e7\u00e3o, equipamentos, planejamento, dentre outros elementos. A pesquisa detectou que uma s\u00e9rie de aspectos previstos na Instru\u00e7\u00e3o Normativa n\u00ba65\/2020 do Governo Federal, j\u00e1 fazem parte da realidade da categoria.<\/p>\n\n\n\n<p>\u201cEsta IN \u00e9 absurda, n\u00e3o estabelece qualquer fornecimento de equipamento, infraestrutura, seguran\u00e7a digital nem ajuda de custo para tal, al\u00e9m de cortar aux\u00edlios dos servidores. N\u00f3s conseguimos ver muitas coisas que est\u00e3o no texto da IN na realidade apresentada pela pesquisa, e isso nos preocupa bastante\u201d, afirmou F\u00e1bio Farias, coordenador do Sintufs e um dos respons\u00e1veis pela pesquisa.<\/p>\n\n\n\n<p><strong>PLANEJAMENTO IRREGULAR E INFRAESTRUTURA INCIPIENTE<\/strong><\/p>\n\n\n\n<p>Cerca de um ter\u00e7o dos entrevistados alegaram que n\u00e3o houve planejamento para implementa\u00e7\u00e3o do trabalho remoto em seus setores e departamentos. Os outros dois ter\u00e7os que responderam, a maioria teve que entrar de forma imediata, outros demoraram cerca de 30 a 90 dias para implementa\u00e7\u00e3o.<\/p>\n\n\n\n<p>Em rela\u00e7\u00e3o \u00e0 infraestrutura necess\u00e1ria para realizar o trabalho, apenas 13.1% alegam n\u00e3o gozar de condi\u00e7\u00f5es pr\u00f3prias e destes, 62.9% n\u00e3o teve qualquer suporte tecnol\u00f3gico da institui\u00e7\u00e3o, como empr\u00e9stimo de equipamento.<\/p>\n\n\n\n<p>Mesmo contando com alto n\u00famero de entrevistados alegando gozar de equipamento e condi\u00e7\u00f5es para executar o trabalho, 43,2% divide seus equipamentos com outros membros da fam\u00edlia e 40% informou n\u00e3o possuir c\u00f4modos pr\u00f3prios para atividade laboral, como cadeiras e mesas adequadas.<\/p>\n\n\n\n<p>\u201cQuase metade da categoria precisa dividir um computador com um parente, seja com filho ou m\u00e3e, e a gente achar que isso \u00e9 um dado importante, pois demonstra uma limita\u00e7\u00e3o objetiva para uma parcela dos trabalhadores para desempenhar suas atividades. E onde fica a responsabilidade da institui\u00e7\u00e3o em prover os equipamentos de trabalho? Essa \u00e9 uma obriga\u00e7\u00e3o legal da institui\u00e7\u00e3o e precisa ser cumprida\u201d, afirmou Taira Cris, coordenadora do Sintufs e integrante da pesquisa.<\/p>\n\n\n\n<p><strong>AUMENTO DOS CUSTOS, CONTAS PESSOAIS E CARGA DE TRABALHO<\/strong><\/p>\n\n\n\n<p>Para 65% dos entrevistados os custos dom\u00e9sticos tiveram aumento, o que interfere diretamente no or\u00e7amento familiar. Dos entrevistados, apenas 2.4% alegaram diminui\u00e7\u00e3o nos custos.<\/p>\n\n\n\n<p>A utiliza\u00e7\u00e3o de n\u00fameros e contatos pessoais s\u00e3o uma realidade inconteste no trabalho remoto. Em primeiro lugar vem o Whatsapp (usado por 87,4%), seguido pelo telefone pessoal (79,1%), o e-mail institucional (76,2%), o e-mail pessoal (61,7%), o memorando eletr\u00f4nico (45,6%), e por \u00faltimo o programa Microsoft Teams adquirido pela UFS (44,2%).<\/p>\n\n\n\n<p>Outro dado bastante preocupante \u00e9 que 24,8% dos trabalhadores relataram que tiveram aumento da carga hor\u00e1ria em rela\u00e7\u00e3o ao trabalho presencial. A maioria (39%) teve aumento de 3 a 4 horas di\u00e1rias, tendo outros 5,1% um aumento de 4 a 6 horas e 8,5% cumprido uma carga hor\u00e1ria excedente acima de 6 horas por dia.<\/p>\n\n\n\n<p>Acontece que a Lei n\u00ba 8.112\/90 e as normativas internas da UFS n\u00e3o permitem a extens\u00e3o da jornada de trabalho di\u00e1ria acima de 10 horas.<\/p>\n\n\n\n<p><strong>ADOECIMENTO<\/strong><\/p>\n\n\n\n<p>Para 27,7% dos ouvidos, o trabalho remoto afetou negativamente sua vida quanto aos aspectos psicol\u00f3gicos e emocionais, outros 10,7% n\u00e3o souberam avaliar.<\/p>\n\n\n\n<p>Quase metade deste montante observou ter sintomas f\u00edsicos, como dores constantes em alguma parte do corpo sem nenhuma causa, dist\u00farbio de sono e baixa de imunidade em decorr\u00eancia do trabalho remoto, o que indica um processo de adoecimento dos trabalhadores em raz\u00e3o de causas laborais.<\/p>\n\n\n\n<p>Destes casos, 59,1% alegou n\u00e3o ter qualquer acompanhamento especializado de sa\u00fade.<\/p>\n\n\n\n<p><em>\u201cEm outras palavras: os trabalhadores podem estar adoecendo por causas associadas ao trabalho e sequer est\u00e3o, por diversas raz\u00f5es, cuidando e\/ou tratando de sua sa\u00fade. Isso nos indica que a gest\u00e3o da UFS precisa conhecer a fundo essa realidade para fazer as devidas interven\u00e7\u00f5es no processo de acompanhamento de sa\u00fade ocupacional do conjunto dos seus trabalhadores.\u201d&nbsp;<\/em>afirma o documento da pesquisa.<\/p>\n\n\n\n<p><strong>CONTAMINA\u00c7\u00c3O POR COVID<\/strong><\/p>\n\n\n\n<p>Dos entrevistados, 36,4% afirmaram contra\u00edram o novo coronav\u00edrus ou tiveram algum membro da fam\u00edlia acometido pela doen\u00e7a. Destes, 97,6% n\u00e3o tiveram qualquer tipo de acompanhamento ou suporte do setor m\u00e9dico da UFS, configurando um cen\u00e1rio de abandono dos trabalhadores por parte da institui\u00e7\u00e3o. O estudo mostra&nbsp;<em>\u201co contrassenso na postura da Reitoria em incentivar pesquisas com realiza\u00e7\u00e3o de testes de soropreval\u00eancia com alguns grupos em Sergipe, n\u00e3o fomentando uma pol\u00edtica de preven\u00e7\u00e3o, prote\u00e7\u00e3o e pesquisa entre a comunidade acad\u00eamica.\u201d<\/em><\/p>\n\n\n\n<p><strong>VANTAGENS E DESVANTAGENS<\/strong><\/p>\n\n\n\n<p>Como tudo na vida, existem pontos positivos e negativos. Para 83% dos entrevistados h\u00e1 vantagens na modalidade de trabalho remoto, sobretudo na organiza\u00e7\u00e3o e flexibiliza\u00e7\u00e3o da agenda de trabalho, a menor exposi\u00e7\u00e3o \u00e0 contamina\u00e7\u00e3o ao Novo Coronav\u00edrus. Para 67% a modalidade traz desvantagens, como aus\u00eancia de relacionamento interpessoal com os colegas e usu\u00e1rios, sobrecarga de trabalho, falta de capacita\u00e7\u00e3o, dentre outros.<\/p>\n\n\n\n<p><strong>PREFER\u00caNCIAS<\/strong><\/p>\n\n\n\n<p>Do total, 44,2% teriam interesse em permanecer em trabalho remoto ap\u00f3s a pandemia, desde que na modalidade semipresencial. Outros 22,3% de trabalhadores e trabalhadoras declararam prefer\u00eancia pelo trabalho de forma presencial ap\u00f3s a pandemia. Enquanto que 33,5% indicou que permaneceria em trabalho remoto se houvesse oportunidade para tal.<\/p>\n\n\n\n<p><em>\u201cTem parcelas da categoria que enxerga o trabalho remoto como uma boa alternativa. N\u00f3s queremos que todos e todas possam ter condi\u00e7\u00f5es reais de organizar o seu trabalho, seja de forma presencial, semipresencial ou remota, com dignidade, sem adoecimento ou aumento no or\u00e7amento dom\u00e9stico. Este foi o objetivo da pesquisa, indicar elementos para que n\u00f3s possamos pensar estrat\u00e9gias para exigir as melhores condi\u00e7\u00f5es de trabalho para os(as) trabalhadores(as) submetidos ao trabalho remoto\u201d<\/em>, afirmou Taira Cris.<\/p>\n","protected":false},"excerpt":{"rendered":"<p>Por Henrique Maynart Falta de planejamento, aumento de custos, adoecimento, confus\u00e3o entre o trabalho e o ambiente dom\u00e9stico. Este \u00e9 o quadro analisado por 206 trabalhadoras e trabalhadores da Universidade Federal de Sergipe, dentre celetistas, terceirizados e integrantes do Regime Jur\u00eddico \u00danico (RJU). A pesquisa aconteceu entre os dias 14 de setembro e dois de [&hellip;]<\/p>\n","protected":false},"author":1,"featured_media":2705,"comment_status":"closed","ping_status":"closed","sticky":false,"template":"","format":"standard","meta":{"footnotes":""},"categories":[53,47],"tags":[],"class_list":["post-2704","post","type-post","status-publish","format-standard","has-post-thumbnail","hentry","category-destaques","category-educacao"],"yoast_head":"<!-- This site is optimized with the Yoast SEO plugin v27.4 - https:\/\/yoast.com\/product\/yoast-seo-wordpress\/ -->\n<title>Explora\u00e7\u00e3o real no mundo digital: uma radiografia do trabalho remoto na UFS - O Coerente<\/title>\n<meta name=\"robots\" content=\"index, follow, max-snippet:-1, max-image-preview:large, max-video-preview:-1\" \/>\n<link rel=\"canonical\" href=\"https:\/\/ocoerente.com.br\/se\/2021\/02\/24\/exploracao-real-no-mundo-digital-uma-radiografia-do-trabalho-remoto-na-ufs\/\" \/>\n<meta property=\"og:locale\" content=\"pt_BR\" \/>\n<meta property=\"og:type\" content=\"article\" \/>\n<meta property=\"og:title\" content=\"Explora\u00e7\u00e3o real no mundo digital: uma radiografia do trabalho remoto na UFS - O Coerente\" \/>\n<meta property=\"og:description\" content=\"Por Henrique Maynart Falta de planejamento, aumento de custos, adoecimento, confus\u00e3o entre o trabalho e o ambiente dom\u00e9stico. Este \u00e9 o quadro analisado por 206 trabalhadoras e trabalhadores da Universidade Federal de Sergipe, dentre celetistas, terceirizados e integrantes do Regime Jur\u00eddico \u00danico (RJU). A pesquisa aconteceu entre os dias 14 de setembro e dois de [&hellip;]\" \/>\n<meta property=\"og:url\" content=\"https:\/\/ocoerente.com.br\/se\/2021\/02\/24\/exploracao-real-no-mundo-digital-uma-radiografia-do-trabalho-remoto-na-ufs\/\" \/>\n<meta property=\"og:site_name\" content=\"O Coerente\" \/>\n<meta property=\"article:published_time\" content=\"2021-02-24T20:15:34+00:00\" \/>\n<meta property=\"article:modified_time\" content=\"2021-02-24T20:15:35+00:00\" \/>\n<meta property=\"og:image\" content=\"https:\/\/ocoerente.com.br\/se\/wp-content\/uploads\/2021\/02\/trampremo.png\" \/>\n\t<meta property=\"og:image:width\" content=\"565\" \/>\n\t<meta property=\"og:image:height\" content=\"295\" \/>\n\t<meta property=\"og:image:type\" content=\"image\/png\" \/>\n<meta name=\"author\" content=\"Reda\u00e7\u00e3o\" \/>\n<meta name=\"twitter:card\" content=\"summary_large_image\" \/>\n<meta name=\"twitter:label1\" content=\"Escrito por\" \/>\n\t<meta name=\"twitter:data1\" content=\"Reda\u00e7\u00e3o\" \/>\n\t<meta name=\"twitter:label2\" content=\"Est. tempo de leitura\" \/>\n\t<meta name=\"twitter:data2\" content=\"6 minutos\" \/>\n<script type=\"application\/ld+json\" class=\"yoast-schema-graph\">{\"@context\":\"https:\\\/\\\/schema.org\",\"@graph\":[{\"@type\":\"Article\",\"@id\":\"https:\\\/\\\/ocoerente.com.br\\\/se\\\/2021\\\/02\\\/24\\\/exploracao-real-no-mundo-digital-uma-radiografia-do-trabalho-remoto-na-ufs\\\/#article\",\"isPartOf\":{\"@id\":\"https:\\\/\\\/ocoerente.com.br\\\/se\\\/2021\\\/02\\\/24\\\/exploracao-real-no-mundo-digital-uma-radiografia-do-trabalho-remoto-na-ufs\\\/\"},\"author\":{\"name\":\"Reda\u00e7\u00e3o\",\"@id\":\"https:\\\/\\\/ocoerente.com.br\\\/se\\\/#\\\/schema\\\/person\\\/cc6bfd9fbca465e23543b0c963d8d037\"},\"headline\":\"Explora\u00e7\u00e3o real no mundo digital: uma radiografia do trabalho remoto na UFS\",\"datePublished\":\"2021-02-24T20:15:34+00:00\",\"dateModified\":\"2021-02-24T20:15:35+00:00\",\"mainEntityOfPage\":{\"@id\":\"https:\\\/\\\/ocoerente.com.br\\\/se\\\/2021\\\/02\\\/24\\\/exploracao-real-no-mundo-digital-uma-radiografia-do-trabalho-remoto-na-ufs\\\/\"},\"wordCount\":1291,\"publisher\":{\"@id\":\"https:\\\/\\\/ocoerente.com.br\\\/se\\\/#\\\/schema\\\/person\\\/cc6bfd9fbca465e23543b0c963d8d037\"},\"image\":{\"@id\":\"https:\\\/\\\/ocoerente.com.br\\\/se\\\/2021\\\/02\\\/24\\\/exploracao-real-no-mundo-digital-uma-radiografia-do-trabalho-remoto-na-ufs\\\/#primaryimage\"},\"thumbnailUrl\":\"https:\\\/\\\/ocoerente.com.br\\\/se\\\/wp-content\\\/uploads\\\/2021\\\/02\\\/trampremo.png\",\"articleSection\":[\"Destaques\",\"Educa\u00e7\u00e3o\"],\"inLanguage\":\"pt-BR\"},{\"@type\":\"WebPage\",\"@id\":\"https:\\\/\\\/ocoerente.com.br\\\/se\\\/2021\\\/02\\\/24\\\/exploracao-real-no-mundo-digital-uma-radiografia-do-trabalho-remoto-na-ufs\\\/\",\"url\":\"https:\\\/\\\/ocoerente.com.br\\\/se\\\/2021\\\/02\\\/24\\\/exploracao-real-no-mundo-digital-uma-radiografia-do-trabalho-remoto-na-ufs\\\/\",\"name\":\"Explora\u00e7\u00e3o real no mundo digital: uma radiografia do trabalho remoto na UFS - O Coerente\",\"isPartOf\":{\"@id\":\"https:\\\/\\\/ocoerente.com.br\\\/se\\\/#website\"},\"primaryImageOfPage\":{\"@id\":\"https:\\\/\\\/ocoerente.com.br\\\/se\\\/2021\\\/02\\\/24\\\/exploracao-real-no-mundo-digital-uma-radiografia-do-trabalho-remoto-na-ufs\\\/#primaryimage\"},\"image\":{\"@id\":\"https:\\\/\\\/ocoerente.com.br\\\/se\\\/2021\\\/02\\\/24\\\/exploracao-real-no-mundo-digital-uma-radiografia-do-trabalho-remoto-na-ufs\\\/#primaryimage\"},\"thumbnailUrl\":\"https:\\\/\\\/ocoerente.com.br\\\/se\\\/wp-content\\\/uploads\\\/2021\\\/02\\\/trampremo.png\",\"datePublished\":\"2021-02-24T20:15:34+00:00\",\"dateModified\":\"2021-02-24T20:15:35+00:00\",\"breadcrumb\":{\"@id\":\"https:\\\/\\\/ocoerente.com.br\\\/se\\\/2021\\\/02\\\/24\\\/exploracao-real-no-mundo-digital-uma-radiografia-do-trabalho-remoto-na-ufs\\\/#breadcrumb\"},\"inLanguage\":\"pt-BR\",\"potentialAction\":[{\"@type\":\"ReadAction\",\"target\":[\"https:\\\/\\\/ocoerente.com.br\\\/se\\\/2021\\\/02\\\/24\\\/exploracao-real-no-mundo-digital-uma-radiografia-do-trabalho-remoto-na-ufs\\\/\"]}]},{\"@type\":\"ImageObject\",\"inLanguage\":\"pt-BR\",\"@id\":\"https:\\\/\\\/ocoerente.com.br\\\/se\\\/2021\\\/02\\\/24\\\/exploracao-real-no-mundo-digital-uma-radiografia-do-trabalho-remoto-na-ufs\\\/#primaryimage\",\"url\":\"https:\\\/\\\/ocoerente.com.br\\\/se\\\/wp-content\\\/uploads\\\/2021\\\/02\\\/trampremo.png\",\"contentUrl\":\"https:\\\/\\\/ocoerente.com.br\\\/se\\\/wp-content\\\/uploads\\\/2021\\\/02\\\/trampremo.png\",\"width\":565,\"height\":295},{\"@type\":\"BreadcrumbList\",\"@id\":\"https:\\\/\\\/ocoerente.com.br\\\/se\\\/2021\\\/02\\\/24\\\/exploracao-real-no-mundo-digital-uma-radiografia-do-trabalho-remoto-na-ufs\\\/#breadcrumb\",\"itemListElement\":[{\"@type\":\"ListItem\",\"position\":1,\"name\":\"In\u00edcio\",\"item\":\"https:\\\/\\\/ocoerente.com.br\\\/se\\\/\"},{\"@type\":\"ListItem\",\"position\":2,\"name\":\"Explora\u00e7\u00e3o real no mundo digital: uma radiografia do trabalho remoto na UFS\"}]},{\"@type\":\"WebSite\",\"@id\":\"https:\\\/\\\/ocoerente.com.br\\\/se\\\/#website\",\"url\":\"https:\\\/\\\/ocoerente.com.br\\\/se\\\/\",\"name\":\"O Coerente\",\"description\":\"\",\"publisher\":{\"@id\":\"https:\\\/\\\/ocoerente.com.br\\\/se\\\/#\\\/schema\\\/person\\\/cc6bfd9fbca465e23543b0c963d8d037\"},\"potentialAction\":[{\"@type\":\"SearchAction\",\"target\":{\"@type\":\"EntryPoint\",\"urlTemplate\":\"https:\\\/\\\/ocoerente.com.br\\\/se\\\/?s={search_term_string}\"},\"query-input\":{\"@type\":\"PropertyValueSpecification\",\"valueRequired\":true,\"valueName\":\"search_term_string\"}}],\"inLanguage\":\"pt-BR\"},{\"@type\":[\"Person\",\"Organization\"],\"@id\":\"https:\\\/\\\/ocoerente.com.br\\\/se\\\/#\\\/schema\\\/person\\\/cc6bfd9fbca465e23543b0c963d8d037\",\"name\":\"Reda\u00e7\u00e3o\",\"image\":{\"@type\":\"ImageObject\",\"inLanguage\":\"pt-BR\",\"@id\":\"https:\\\/\\\/ocoerente.com.br\\\/se\\\/wp-content\\\/uploads\\\/2020\\\/01\\\/ocoerente-1.png\",\"url\":\"https:\\\/\\\/ocoerente.com.br\\\/se\\\/wp-content\\\/uploads\\\/2020\\\/01\\\/ocoerente-1.png\",\"contentUrl\":\"https:\\\/\\\/ocoerente.com.br\\\/se\\\/wp-content\\\/uploads\\\/2020\\\/01\\\/ocoerente-1.png\",\"width\":50,\"height\":50,\"caption\":\"Reda\u00e7\u00e3o\"},\"logo\":{\"@id\":\"https:\\\/\\\/ocoerente.com.br\\\/se\\\/wp-content\\\/uploads\\\/2020\\\/01\\\/ocoerente-1.png\"},\"url\":\"https:\\\/\\\/ocoerente.com.br\\\/se\\\/author\\\/vasticlsales\\\/\"}]}<\/script>\n<!-- \/ Yoast SEO plugin. -->","yoast_head_json":{"title":"Explora\u00e7\u00e3o real no mundo digital: uma radiografia do trabalho remoto na UFS - O Coerente","robots":{"index":"index","follow":"follow","max-snippet":"max-snippet:-1","max-image-preview":"max-image-preview:large","max-video-preview":"max-video-preview:-1"},"canonical":"https:\/\/ocoerente.com.br\/se\/2021\/02\/24\/exploracao-real-no-mundo-digital-uma-radiografia-do-trabalho-remoto-na-ufs\/","og_locale":"pt_BR","og_type":"article","og_title":"Explora\u00e7\u00e3o real no mundo digital: uma radiografia do trabalho remoto na UFS - O Coerente","og_description":"Por Henrique Maynart Falta de planejamento, aumento de custos, adoecimento, confus\u00e3o entre o trabalho e o ambiente dom\u00e9stico. Este \u00e9 o quadro analisado por 206 trabalhadoras e trabalhadores da Universidade Federal de Sergipe, dentre celetistas, terceirizados e integrantes do Regime Jur\u00eddico \u00danico (RJU). A pesquisa aconteceu entre os dias 14 de setembro e dois de [&hellip;]","og_url":"https:\/\/ocoerente.com.br\/se\/2021\/02\/24\/exploracao-real-no-mundo-digital-uma-radiografia-do-trabalho-remoto-na-ufs\/","og_site_name":"O Coerente","article_published_time":"2021-02-24T20:15:34+00:00","article_modified_time":"2021-02-24T20:15:35+00:00","og_image":[{"width":565,"height":295,"url":"https:\/\/ocoerente.com.br\/se\/wp-content\/uploads\/2021\/02\/trampremo.png","type":"image\/png"}],"author":"Reda\u00e7\u00e3o","twitter_card":"summary_large_image","twitter_misc":{"Escrito por":"Reda\u00e7\u00e3o","Est. tempo de leitura":"6 minutos"},"schema":{"@context":"https:\/\/schema.org","@graph":[{"@type":"Article","@id":"https:\/\/ocoerente.com.br\/se\/2021\/02\/24\/exploracao-real-no-mundo-digital-uma-radiografia-do-trabalho-remoto-na-ufs\/#article","isPartOf":{"@id":"https:\/\/ocoerente.com.br\/se\/2021\/02\/24\/exploracao-real-no-mundo-digital-uma-radiografia-do-trabalho-remoto-na-ufs\/"},"author":{"name":"Reda\u00e7\u00e3o","@id":"https:\/\/ocoerente.com.br\/se\/#\/schema\/person\/cc6bfd9fbca465e23543b0c963d8d037"},"headline":"Explora\u00e7\u00e3o real no mundo digital: uma radiografia do trabalho remoto na UFS","datePublished":"2021-02-24T20:15:34+00:00","dateModified":"2021-02-24T20:15:35+00:00","mainEntityOfPage":{"@id":"https:\/\/ocoerente.com.br\/se\/2021\/02\/24\/exploracao-real-no-mundo-digital-uma-radiografia-do-trabalho-remoto-na-ufs\/"},"wordCount":1291,"publisher":{"@id":"https:\/\/ocoerente.com.br\/se\/#\/schema\/person\/cc6bfd9fbca465e23543b0c963d8d037"},"image":{"@id":"https:\/\/ocoerente.com.br\/se\/2021\/02\/24\/exploracao-real-no-mundo-digital-uma-radiografia-do-trabalho-remoto-na-ufs\/#primaryimage"},"thumbnailUrl":"https:\/\/ocoerente.com.br\/se\/wp-content\/uploads\/2021\/02\/trampremo.png","articleSection":["Destaques","Educa\u00e7\u00e3o"],"inLanguage":"pt-BR"},{"@type":"WebPage","@id":"https:\/\/ocoerente.com.br\/se\/2021\/02\/24\/exploracao-real-no-mundo-digital-uma-radiografia-do-trabalho-remoto-na-ufs\/","url":"https:\/\/ocoerente.com.br\/se\/2021\/02\/24\/exploracao-real-no-mundo-digital-uma-radiografia-do-trabalho-remoto-na-ufs\/","name":"Explora\u00e7\u00e3o real no mundo digital: uma radiografia do trabalho remoto na UFS - O Coerente","isPartOf":{"@id":"https:\/\/ocoerente.com.br\/se\/#website"},"primaryImageOfPage":{"@id":"https:\/\/ocoerente.com.br\/se\/2021\/02\/24\/exploracao-real-no-mundo-digital-uma-radiografia-do-trabalho-remoto-na-ufs\/#primaryimage"},"image":{"@id":"https:\/\/ocoerente.com.br\/se\/2021\/02\/24\/exploracao-real-no-mundo-digital-uma-radiografia-do-trabalho-remoto-na-ufs\/#primaryimage"},"thumbnailUrl":"https:\/\/ocoerente.com.br\/se\/wp-content\/uploads\/2021\/02\/trampremo.png","datePublished":"2021-02-24T20:15:34+00:00","dateModified":"2021-02-24T20:15:35+00:00","breadcrumb":{"@id":"https:\/\/ocoerente.com.br\/se\/2021\/02\/24\/exploracao-real-no-mundo-digital-uma-radiografia-do-trabalho-remoto-na-ufs\/#breadcrumb"},"inLanguage":"pt-BR","potentialAction":[{"@type":"ReadAction","target":["https:\/\/ocoerente.com.br\/se\/2021\/02\/24\/exploracao-real-no-mundo-digital-uma-radiografia-do-trabalho-remoto-na-ufs\/"]}]},{"@type":"ImageObject","inLanguage":"pt-BR","@id":"https:\/\/ocoerente.com.br\/se\/2021\/02\/24\/exploracao-real-no-mundo-digital-uma-radiografia-do-trabalho-remoto-na-ufs\/#primaryimage","url":"https:\/\/ocoerente.com.br\/se\/wp-content\/uploads\/2021\/02\/trampremo.png","contentUrl":"https:\/\/ocoerente.com.br\/se\/wp-content\/uploads\/2021\/02\/trampremo.png","width":565,"height":295},{"@type":"BreadcrumbList","@id":"https:\/\/ocoerente.com.br\/se\/2021\/02\/24\/exploracao-real-no-mundo-digital-uma-radiografia-do-trabalho-remoto-na-ufs\/#breadcrumb","itemListElement":[{"@type":"ListItem","position":1,"name":"In\u00edcio","item":"https:\/\/ocoerente.com.br\/se\/"},{"@type":"ListItem","position":2,"name":"Explora\u00e7\u00e3o real no mundo digital: uma radiografia do trabalho remoto na UFS"}]},{"@type":"WebSite","@id":"https:\/\/ocoerente.com.br\/se\/#website","url":"https:\/\/ocoerente.com.br\/se\/","name":"O Coerente","description":"","publisher":{"@id":"https:\/\/ocoerente.com.br\/se\/#\/schema\/person\/cc6bfd9fbca465e23543b0c963d8d037"},"potentialAction":[{"@type":"SearchAction","target":{"@type":"EntryPoint","urlTemplate":"https:\/\/ocoerente.com.br\/se\/?s={search_term_string}"},"query-input":{"@type":"PropertyValueSpecification","valueRequired":true,"valueName":"search_term_string"}}],"inLanguage":"pt-BR"},{"@type":["Person","Organization"],"@id":"https:\/\/ocoerente.com.br\/se\/#\/schema\/person\/cc6bfd9fbca465e23543b0c963d8d037","name":"Reda\u00e7\u00e3o","image":{"@type":"ImageObject","inLanguage":"pt-BR","@id":"https:\/\/ocoerente.com.br\/se\/wp-content\/uploads\/2020\/01\/ocoerente-1.png","url":"https:\/\/ocoerente.com.br\/se\/wp-content\/uploads\/2020\/01\/ocoerente-1.png","contentUrl":"https:\/\/ocoerente.com.br\/se\/wp-content\/uploads\/2020\/01\/ocoerente-1.png","width":50,"height":50,"caption":"Reda\u00e7\u00e3o"},"logo":{"@id":"https:\/\/ocoerente.com.br\/se\/wp-content\/uploads\/2020\/01\/ocoerente-1.png"},"url":"https:\/\/ocoerente.com.br\/se\/author\/vasticlsales\/"}]}},"_links":{"self":[{"href":"https:\/\/ocoerente.com.br\/se\/wp-json\/wp\/v2\/posts\/2704","targetHints":{"allow":["GET"]}}],"collection":[{"href":"https:\/\/ocoerente.com.br\/se\/wp-json\/wp\/v2\/posts"}],"about":[{"href":"https:\/\/ocoerente.com.br\/se\/wp-json\/wp\/v2\/types\/post"}],"author":[{"embeddable":true,"href":"https:\/\/ocoerente.com.br\/se\/wp-json\/wp\/v2\/users\/1"}],"replies":[{"embeddable":true,"href":"https:\/\/ocoerente.com.br\/se\/wp-json\/wp\/v2\/comments?post=2704"}],"version-history":[{"count":1,"href":"https:\/\/ocoerente.com.br\/se\/wp-json\/wp\/v2\/posts\/2704\/revisions"}],"predecessor-version":[{"id":2706,"href":"https:\/\/ocoerente.com.br\/se\/wp-json\/wp\/v2\/posts\/2704\/revisions\/2706"}],"wp:featuredmedia":[{"embeddable":true,"href":"https:\/\/ocoerente.com.br\/se\/wp-json\/wp\/v2\/media\/2705"}],"wp:attachment":[{"href":"https:\/\/ocoerente.com.br\/se\/wp-json\/wp\/v2\/media?parent=2704"}],"wp:term":[{"taxonomy":"category","embeddable":true,"href":"https:\/\/ocoerente.com.br\/se\/wp-json\/wp\/v2\/categories?post=2704"},{"taxonomy":"post_tag","embeddable":true,"href":"https:\/\/ocoerente.com.br\/se\/wp-json\/wp\/v2\/tags?post=2704"}],"curies":[{"name":"wp","href":"https:\/\/api.w.org\/{rel}","templated":true}]}}