{"id":19359,"date":"2026-05-02T15:22:06","date_gmt":"2026-05-02T18:22:06","guid":{"rendered":"https:\/\/ocoerente.com.br\/se\/?p=19359"},"modified":"2026-05-02T15:22:09","modified_gmt":"2026-05-02T18:22:09","slug":"riachuelo-folia-2026-reune-multidao-e-impulsiona-economia-local","status":"publish","type":"post","link":"https:\/\/ocoerente.com.br\/se\/2026\/05\/02\/riachuelo-folia-2026-reune-multidao-e-impulsiona-economia-local\/","title":{"rendered":"Riachuelo Folia 2026 re\u00fane multid\u00e3o e impulsiona economia local"},"content":{"rendered":"\n<p>O munic\u00edpio de Riachuelo viveu dois dias de muita anima\u00e7\u00e3o, cultura e forte movimenta\u00e7\u00e3o econ\u00f4mica com a realiza\u00e7\u00e3o do Riachuelo Folia 2026, nos dias 30 de abril e 1\u00ba de maio. O evento consolidou-se como um dos maiores do calend\u00e1rio festivo da regi\u00e3o, reunindo uma verdadeira multid\u00e3o na pra\u00e7a de eventos, que ficou completamente tomada por moradores e visitantes.<\/p>\n\n\n\n<p>Durante as duas noites de festa, o p\u00fablico marcou presen\u00e7a em peso, transformando o espa\u00e7o em um grande palco de celebra\u00e7\u00e3o. A estrutura montada, aliada \u00e0 programa\u00e7\u00e3o musical diversificada, garantiu um ambiente de alegria, seguran\u00e7a e organiza\u00e7\u00e3o, fatores que contribu\u00edram diretamente para o sucesso do evento.<\/p>\n\n\n\n<p>Al\u00e9m do entretenimento, o Riachuelo Folia teve impacto significativo na economia local. Comerciantes, ambulantes e prestadores de servi\u00e7os comemoraram o aumento nas vendas e na circula\u00e7\u00e3o de dinheiro na cidade. A festa gerou oportunidades de trabalho tempor\u00e1rio e fortaleceu diversos setores, promovendo emprego e renda para a popula\u00e7\u00e3o.<\/p>\n\n\n\n<p>O prefeito Peterson Dantas Ara\u00fajo, o Petinho de Jo\u00e3o Grande, destacou a import\u00e2ncia do evento para o munic\u00edpio. \u201c\u00c9 gratificante ver nossa cidade cheia, com o povo feliz e a economia aquecida. O Riachuelo Folia \u00e9 mais do que uma festa, \u00e9 uma oportunidade de gerar renda, valorizar nossa cultura e mostrar a for\u00e7a do nosso povo. Trabalhamos com responsabilidade para entregar um evento seguro e organizado, e o resultado est\u00e1 a\u00ed: sucesso absoluto\u201d, afirmou.<\/p>\n\n\n\n<p>Quem participou tamb\u00e9m aprovou a iniciativa. O morador Jos\u00e9 Santos ressaltou o clima positivo da festa. \u201cFoi bonito demais ver a pra\u00e7a lotada, todo mundo se divertindo em paz. A cidade ganhou vida nesses dois dias. Eventos assim fazem muita diferen\u00e7a pra gente\u201d, comemorou.<\/p>\n\n\n\n<p>Com grande participa\u00e7\u00e3o popular e resultados positivos para a economia, o Riachuelo Folia 2026 entra para a hist\u00f3ria como um dos eventos mais marcantes j\u00e1 realizados no munic\u00edpio, refor\u00e7ando o potencial da cidade para sediar grandes celebra\u00e7\u00f5es.<\/p>\n\n\n\n<p>Por Ascom\/Prefeitura de Riachuelo<\/p>\n","protected":false},"excerpt":{"rendered":"<p>O munic\u00edpio de Riachuelo viveu dois dias de muita anima\u00e7\u00e3o, cultura e forte movimenta\u00e7\u00e3o econ\u00f4mica com a realiza\u00e7\u00e3o do Riachuelo Folia 2026, nos dias 30 de abril e 1\u00ba de maio. O evento consolidou-se como um dos maiores do calend\u00e1rio festivo da regi\u00e3o, reunindo uma verdadeira multid\u00e3o na pra\u00e7a de eventos, que ficou completamente tomada [&hellip;]<\/p>\n","protected":false},"author":4,"featured_media":19360,"comment_status":"closed","ping_status":"closed","sticky":false,"template":"","format":"standard","meta":{"footnotes":""},"categories":[53,43],"tags":[],"class_list":["post-19359","post","type-post","status-publish","format-standard","has-post-thumbnail","hentry","category-destaques","category-sergipe"],"yoast_head":"<!-- This site is optimized with the Yoast SEO plugin v27.5 - https:\/\/yoast.com\/product\/yoast-seo-wordpress\/ -->\n<title>Riachuelo Folia 2026 re\u00fane multid\u00e3o e impulsiona economia local - O Coerente<\/title>\n<meta name=\"robots\" content=\"index, follow, max-snippet:-1, max-image-preview:large, max-video-preview:-1\" \/>\n<link rel=\"canonical\" href=\"https:\/\/ocoerente.com.br\/se\/2026\/05\/02\/riachuelo-folia-2026-reune-multidao-e-impulsiona-economia-local\/\" \/>\n<meta property=\"og:locale\" content=\"pt_BR\" \/>\n<meta property=\"og:type\" content=\"article\" \/>\n<meta property=\"og:title\" content=\"Riachuelo Folia 2026 re\u00fane multid\u00e3o e impulsiona economia local - O Coerente\" \/>\n<meta property=\"og:description\" content=\"O munic\u00edpio de Riachuelo viveu dois dias de muita anima\u00e7\u00e3o, cultura e forte movimenta\u00e7\u00e3o econ\u00f4mica com a realiza\u00e7\u00e3o do Riachuelo Folia 2026, nos dias 30 de abril e 1\u00ba de maio. O evento consolidou-se como um dos maiores do calend\u00e1rio festivo da regi\u00e3o, reunindo uma verdadeira multid\u00e3o na pra\u00e7a de eventos, que ficou completamente tomada [&hellip;]\" \/>\n<meta property=\"og:url\" content=\"https:\/\/ocoerente.com.br\/se\/2026\/05\/02\/riachuelo-folia-2026-reune-multidao-e-impulsiona-economia-local\/\" \/>\n<meta property=\"og:site_name\" content=\"O Coerente\" \/>\n<meta property=\"article:published_time\" content=\"2026-05-02T18:22:06+00:00\" \/>\n<meta property=\"article:modified_time\" content=\"2026-05-02T18:22:09+00:00\" \/>\n<meta property=\"og:image\" content=\"https:\/\/ocoerente.com.br\/se\/wp-content\/uploads\/2026\/05\/29b1ae2e-2689-4544-b777-83dda1fca72a-scaled.jpeg\" \/>\n\t<meta property=\"og:image:width\" content=\"2560\" \/>\n\t<meta property=\"og:image:height\" content=\"1707\" \/>\n\t<meta property=\"og:image:type\" content=\"image\/jpeg\" \/>\n<meta name=\"author\" content=\"Abrah\u00e3o Crispim Filho\" \/>\n<meta name=\"twitter:card\" content=\"summary_large_image\" \/>\n<meta name=\"twitter:label1\" content=\"Escrito por\" \/>\n\t<meta name=\"twitter:data1\" content=\"Abrah\u00e3o Crispim Filho\" \/>\n\t<meta name=\"twitter:label2\" content=\"Est. tempo de leitura\" \/>\n\t<meta name=\"twitter:data2\" content=\"2 minutos\" \/>\n<script type=\"application\/ld+json\" class=\"yoast-schema-graph\">{\"@context\":\"https:\\\/\\\/schema.org\",\"@graph\":[{\"@type\":\"Article\",\"@id\":\"https:\\\/\\\/ocoerente.com.br\\\/se\\\/2026\\\/05\\\/02\\\/riachuelo-folia-2026-reune-multidao-e-impulsiona-economia-local\\\/#article\",\"isPartOf\":{\"@id\":\"https:\\\/\\\/ocoerente.com.br\\\/se\\\/2026\\\/05\\\/02\\\/riachuelo-folia-2026-reune-multidao-e-impulsiona-economia-local\\\/\"},\"author\":{\"name\":\"Abrah\u00e3o Crispim Filho\",\"@id\":\"https:\\\/\\\/ocoerente.com.br\\\/se\\\/#\\\/schema\\\/person\\\/1ed925f7992cb4d6d3b61e3d07b0ae08\"},\"headline\":\"Riachuelo Folia 2026 re\u00fane multid\u00e3o e impulsiona economia local\",\"datePublished\":\"2026-05-02T18:22:06+00:00\",\"dateModified\":\"2026-05-02T18:22:09+00:00\",\"mainEntityOfPage\":{\"@id\":\"https:\\\/\\\/ocoerente.com.br\\\/se\\\/2026\\\/05\\\/02\\\/riachuelo-folia-2026-reune-multidao-e-impulsiona-economia-local\\\/\"},\"wordCount\":351,\"publisher\":{\"@id\":\"https:\\\/\\\/ocoerente.com.br\\\/se\\\/#\\\/schema\\\/person\\\/cc6bfd9fbca465e23543b0c963d8d037\"},\"image\":{\"@id\":\"https:\\\/\\\/ocoerente.com.br\\\/se\\\/2026\\\/05\\\/02\\\/riachuelo-folia-2026-reune-multidao-e-impulsiona-economia-local\\\/#primaryimage\"},\"thumbnailUrl\":\"https:\\\/\\\/ocoerente.com.br\\\/se\\\/wp-content\\\/uploads\\\/2026\\\/05\\\/29b1ae2e-2689-4544-b777-83dda1fca72a-scaled.jpeg\",\"articleSection\":[\"Destaques\",\"Sergipe\"],\"inLanguage\":\"pt-BR\"},{\"@type\":\"WebPage\",\"@id\":\"https:\\\/\\\/ocoerente.com.br\\\/se\\\/2026\\\/05\\\/02\\\/riachuelo-folia-2026-reune-multidao-e-impulsiona-economia-local\\\/\",\"url\":\"https:\\\/\\\/ocoerente.com.br\\\/se\\\/2026\\\/05\\\/02\\\/riachuelo-folia-2026-reune-multidao-e-impulsiona-economia-local\\\/\",\"name\":\"Riachuelo Folia 2026 re\u00fane multid\u00e3o e impulsiona economia local - O Coerente\",\"isPartOf\":{\"@id\":\"https:\\\/\\\/ocoerente.com.br\\\/se\\\/#website\"},\"primaryImageOfPage\":{\"@id\":\"https:\\\/\\\/ocoerente.com.br\\\/se\\\/2026\\\/05\\\/02\\\/riachuelo-folia-2026-reune-multidao-e-impulsiona-economia-local\\\/#primaryimage\"},\"image\":{\"@id\":\"https:\\\/\\\/ocoerente.com.br\\\/se\\\/2026\\\/05\\\/02\\\/riachuelo-folia-2026-reune-multidao-e-impulsiona-economia-local\\\/#primaryimage\"},\"thumbnailUrl\":\"https:\\\/\\\/ocoerente.com.br\\\/se\\\/wp-content\\\/uploads\\\/2026\\\/05\\\/29b1ae2e-2689-4544-b777-83dda1fca72a-scaled.jpeg\",\"datePublished\":\"2026-05-02T18:22:06+00:00\",\"dateModified\":\"2026-05-02T18:22:09+00:00\",\"breadcrumb\":{\"@id\":\"https:\\\/\\\/ocoerente.com.br\\\/se\\\/2026\\\/05\\\/02\\\/riachuelo-folia-2026-reune-multidao-e-impulsiona-economia-local\\\/#breadcrumb\"},\"inLanguage\":\"pt-BR\",\"potentialAction\":[{\"@type\":\"ReadAction\",\"target\":[\"https:\\\/\\\/ocoerente.com.br\\\/se\\\/2026\\\/05\\\/02\\\/riachuelo-folia-2026-reune-multidao-e-impulsiona-economia-local\\\/\"]}]},{\"@type\":\"ImageObject\",\"inLanguage\":\"pt-BR\",\"@id\":\"https:\\\/\\\/ocoerente.com.br\\\/se\\\/2026\\\/05\\\/02\\\/riachuelo-folia-2026-reune-multidao-e-impulsiona-economia-local\\\/#primaryimage\",\"url\":\"https:\\\/\\\/ocoerente.com.br\\\/se\\\/wp-content\\\/uploads\\\/2026\\\/05\\\/29b1ae2e-2689-4544-b777-83dda1fca72a-scaled.jpeg\",\"contentUrl\":\"https:\\\/\\\/ocoerente.com.br\\\/se\\\/wp-content\\\/uploads\\\/2026\\\/05\\\/29b1ae2e-2689-4544-b777-83dda1fca72a-scaled.jpeg\",\"width\":2560,\"height\":1707},{\"@type\":\"BreadcrumbList\",\"@id\":\"https:\\\/\\\/ocoerente.com.br\\\/se\\\/2026\\\/05\\\/02\\\/riachuelo-folia-2026-reune-multidao-e-impulsiona-economia-local\\\/#breadcrumb\",\"itemListElement\":[{\"@type\":\"ListItem\",\"position\":1,\"name\":\"In\u00edcio\",\"item\":\"https:\\\/\\\/ocoerente.com.br\\\/se\\\/\"},{\"@type\":\"ListItem\",\"position\":2,\"name\":\"Riachuelo Folia 2026 re\u00fane multid\u00e3o e impulsiona economia local\"}]},{\"@type\":\"WebSite\",\"@id\":\"https:\\\/\\\/ocoerente.com.br\\\/se\\\/#website\",\"url\":\"https:\\\/\\\/ocoerente.com.br\\\/se\\\/\",\"name\":\"O Coerente\",\"description\":\"\",\"publisher\":{\"@id\":\"https:\\\/\\\/ocoerente.com.br\\\/se\\\/#\\\/schema\\\/person\\\/cc6bfd9fbca465e23543b0c963d8d037\"},\"potentialAction\":[{\"@type\":\"SearchAction\",\"target\":{\"@type\":\"EntryPoint\",\"urlTemplate\":\"https:\\\/\\\/ocoerente.com.br\\\/se\\\/?s={search_term_string}\"},\"query-input\":{\"@type\":\"PropertyValueSpecification\",\"valueRequired\":true,\"valueName\":\"search_term_string\"}}],\"inLanguage\":\"pt-BR\"},{\"@type\":[\"Person\",\"Organization\"],\"@id\":\"https:\\\/\\\/ocoerente.com.br\\\/se\\\/#\\\/schema\\\/person\\\/cc6bfd9fbca465e23543b0c963d8d037\",\"name\":\"Reda\u00e7\u00e3o\",\"image\":{\"@type\":\"ImageObject\",\"inLanguage\":\"pt-BR\",\"@id\":\"https:\\\/\\\/ocoerente.com.br\\\/se\\\/wp-content\\\/uploads\\\/2020\\\/01\\\/ocoerente-1.png\",\"url\":\"https:\\\/\\\/ocoerente.com.br\\\/se\\\/wp-content\\\/uploads\\\/2020\\\/01\\\/ocoerente-1.png\",\"contentUrl\":\"https:\\\/\\\/ocoerente.com.br\\\/se\\\/wp-content\\\/uploads\\\/2020\\\/01\\\/ocoerente-1.png\",\"width\":50,\"height\":50,\"caption\":\"Reda\u00e7\u00e3o\"},\"logo\":{\"@id\":\"https:\\\/\\\/ocoerente.com.br\\\/se\\\/wp-content\\\/uploads\\\/2020\\\/01\\\/ocoerente-1.png\"}},{\"@type\":\"Person\",\"@id\":\"https:\\\/\\\/ocoerente.com.br\\\/se\\\/#\\\/schema\\\/person\\\/1ed925f7992cb4d6d3b61e3d07b0ae08\",\"name\":\"Abrah\u00e3o Crispim Filho\",\"description\":\"Jornalista p\u00f3s-graduado em Comunica\u00e7\u00e3o.\",\"url\":\"https:\\\/\\\/ocoerente.com.br\\\/se\\\/author\\\/crispimcoerente\\\/\"}]}<\/script>\n<!-- \/ Yoast SEO plugin. -->","yoast_head_json":{"title":"Riachuelo Folia 2026 re\u00fane multid\u00e3o e impulsiona economia local - O Coerente","robots":{"index":"index","follow":"follow","max-snippet":"max-snippet:-1","max-image-preview":"max-image-preview:large","max-video-preview":"max-video-preview:-1"},"canonical":"https:\/\/ocoerente.com.br\/se\/2026\/05\/02\/riachuelo-folia-2026-reune-multidao-e-impulsiona-economia-local\/","og_locale":"pt_BR","og_type":"article","og_title":"Riachuelo Folia 2026 re\u00fane multid\u00e3o e impulsiona economia local - O Coerente","og_description":"O munic\u00edpio de Riachuelo viveu dois dias de muita anima\u00e7\u00e3o, cultura e forte movimenta\u00e7\u00e3o econ\u00f4mica com a realiza\u00e7\u00e3o do Riachuelo Folia 2026, nos dias 30 de abril e 1\u00ba de maio. O evento consolidou-se como um dos maiores do calend\u00e1rio festivo da regi\u00e3o, reunindo uma verdadeira multid\u00e3o na pra\u00e7a de eventos, que ficou completamente tomada [&hellip;]","og_url":"https:\/\/ocoerente.com.br\/se\/2026\/05\/02\/riachuelo-folia-2026-reune-multidao-e-impulsiona-economia-local\/","og_site_name":"O Coerente","article_published_time":"2026-05-02T18:22:06+00:00","article_modified_time":"2026-05-02T18:22:09+00:00","og_image":[{"width":2560,"height":1707,"url":"https:\/\/ocoerente.com.br\/se\/wp-content\/uploads\/2026\/05\/29b1ae2e-2689-4544-b777-83dda1fca72a-scaled.jpeg","type":"image\/jpeg"}],"author":"Abrah\u00e3o Crispim Filho","twitter_card":"summary_large_image","twitter_misc":{"Escrito por":"Abrah\u00e3o Crispim Filho","Est. tempo de leitura":"2 minutos"},"schema":{"@context":"https:\/\/schema.org","@graph":[{"@type":"Article","@id":"https:\/\/ocoerente.com.br\/se\/2026\/05\/02\/riachuelo-folia-2026-reune-multidao-e-impulsiona-economia-local\/#article","isPartOf":{"@id":"https:\/\/ocoerente.com.br\/se\/2026\/05\/02\/riachuelo-folia-2026-reune-multidao-e-impulsiona-economia-local\/"},"author":{"name":"Abrah\u00e3o Crispim Filho","@id":"https:\/\/ocoerente.com.br\/se\/#\/schema\/person\/1ed925f7992cb4d6d3b61e3d07b0ae08"},"headline":"Riachuelo Folia 2026 re\u00fane multid\u00e3o e impulsiona economia local","datePublished":"2026-05-02T18:22:06+00:00","dateModified":"2026-05-02T18:22:09+00:00","mainEntityOfPage":{"@id":"https:\/\/ocoerente.com.br\/se\/2026\/05\/02\/riachuelo-folia-2026-reune-multidao-e-impulsiona-economia-local\/"},"wordCount":351,"publisher":{"@id":"https:\/\/ocoerente.com.br\/se\/#\/schema\/person\/cc6bfd9fbca465e23543b0c963d8d037"},"image":{"@id":"https:\/\/ocoerente.com.br\/se\/2026\/05\/02\/riachuelo-folia-2026-reune-multidao-e-impulsiona-economia-local\/#primaryimage"},"thumbnailUrl":"https:\/\/ocoerente.com.br\/se\/wp-content\/uploads\/2026\/05\/29b1ae2e-2689-4544-b777-83dda1fca72a-scaled.jpeg","articleSection":["Destaques","Sergipe"],"inLanguage":"pt-BR"},{"@type":"WebPage","@id":"https:\/\/ocoerente.com.br\/se\/2026\/05\/02\/riachuelo-folia-2026-reune-multidao-e-impulsiona-economia-local\/","url":"https:\/\/ocoerente.com.br\/se\/2026\/05\/02\/riachuelo-folia-2026-reune-multidao-e-impulsiona-economia-local\/","name":"Riachuelo Folia 2026 re\u00fane multid\u00e3o e impulsiona economia local - O Coerente","isPartOf":{"@id":"https:\/\/ocoerente.com.br\/se\/#website"},"primaryImageOfPage":{"@id":"https:\/\/ocoerente.com.br\/se\/2026\/05\/02\/riachuelo-folia-2026-reune-multidao-e-impulsiona-economia-local\/#primaryimage"},"image":{"@id":"https:\/\/ocoerente.com.br\/se\/2026\/05\/02\/riachuelo-folia-2026-reune-multidao-e-impulsiona-economia-local\/#primaryimage"},"thumbnailUrl":"https:\/\/ocoerente.com.br\/se\/wp-content\/uploads\/2026\/05\/29b1ae2e-2689-4544-b777-83dda1fca72a-scaled.jpeg","datePublished":"2026-05-02T18:22:06+00:00","dateModified":"2026-05-02T18:22:09+00:00","breadcrumb":{"@id":"https:\/\/ocoerente.com.br\/se\/2026\/05\/02\/riachuelo-folia-2026-reune-multidao-e-impulsiona-economia-local\/#breadcrumb"},"inLanguage":"pt-BR","potentialAction":[{"@type":"ReadAction","target":["https:\/\/ocoerente.com.br\/se\/2026\/05\/02\/riachuelo-folia-2026-reune-multidao-e-impulsiona-economia-local\/"]}]},{"@type":"ImageObject","inLanguage":"pt-BR","@id":"https:\/\/ocoerente.com.br\/se\/2026\/05\/02\/riachuelo-folia-2026-reune-multidao-e-impulsiona-economia-local\/#primaryimage","url":"https:\/\/ocoerente.com.br\/se\/wp-content\/uploads\/2026\/05\/29b1ae2e-2689-4544-b777-83dda1fca72a-scaled.jpeg","contentUrl":"https:\/\/ocoerente.com.br\/se\/wp-content\/uploads\/2026\/05\/29b1ae2e-2689-4544-b777-83dda1fca72a-scaled.jpeg","width":2560,"height":1707},{"@type":"BreadcrumbList","@id":"https:\/\/ocoerente.com.br\/se\/2026\/05\/02\/riachuelo-folia-2026-reune-multidao-e-impulsiona-economia-local\/#breadcrumb","itemListElement":[{"@type":"ListItem","position":1,"name":"In\u00edcio","item":"https:\/\/ocoerente.com.br\/se\/"},{"@type":"ListItem","position":2,"name":"Riachuelo Folia 2026 re\u00fane multid\u00e3o e impulsiona economia local"}]},{"@type":"WebSite","@id":"https:\/\/ocoerente.com.br\/se\/#website","url":"https:\/\/ocoerente.com.br\/se\/","name":"O Coerente","description":"","publisher":{"@id":"https:\/\/ocoerente.com.br\/se\/#\/schema\/person\/cc6bfd9fbca465e23543b0c963d8d037"},"potentialAction":[{"@type":"SearchAction","target":{"@type":"EntryPoint","urlTemplate":"https:\/\/ocoerente.com.br\/se\/?s={search_term_string}"},"query-input":{"@type":"PropertyValueSpecification","valueRequired":true,"valueName":"search_term_string"}}],"inLanguage":"pt-BR"},{"@type":["Person","Organization"],"@id":"https:\/\/ocoerente.com.br\/se\/#\/schema\/person\/cc6bfd9fbca465e23543b0c963d8d037","name":"Reda\u00e7\u00e3o","image":{"@type":"ImageObject","inLanguage":"pt-BR","@id":"https:\/\/ocoerente.com.br\/se\/wp-content\/uploads\/2020\/01\/ocoerente-1.png","url":"https:\/\/ocoerente.com.br\/se\/wp-content\/uploads\/2020\/01\/ocoerente-1.png","contentUrl":"https:\/\/ocoerente.com.br\/se\/wp-content\/uploads\/2020\/01\/ocoerente-1.png","width":50,"height":50,"caption":"Reda\u00e7\u00e3o"},"logo":{"@id":"https:\/\/ocoerente.com.br\/se\/wp-content\/uploads\/2020\/01\/ocoerente-1.png"}},{"@type":"Person","@id":"https:\/\/ocoerente.com.br\/se\/#\/schema\/person\/1ed925f7992cb4d6d3b61e3d07b0ae08","name":"Abrah\u00e3o Crispim Filho","description":"Jornalista p\u00f3s-graduado em Comunica\u00e7\u00e3o.","url":"https:\/\/ocoerente.com.br\/se\/author\/crispimcoerente\/"}]}},"_links":{"self":[{"href":"https:\/\/ocoerente.com.br\/se\/wp-json\/wp\/v2\/posts\/19359","targetHints":{"allow":["GET"]}}],"collection":[{"href":"https:\/\/ocoerente.com.br\/se\/wp-json\/wp\/v2\/posts"}],"about":[{"href":"https:\/\/ocoerente.com.br\/se\/wp-json\/wp\/v2\/types\/post"}],"author":[{"embeddable":true,"href":"https:\/\/ocoerente.com.br\/se\/wp-json\/wp\/v2\/users\/4"}],"replies":[{"embeddable":true,"href":"https:\/\/ocoerente.com.br\/se\/wp-json\/wp\/v2\/comments?post=19359"}],"version-history":[{"count":1,"href":"https:\/\/ocoerente.com.br\/se\/wp-json\/wp\/v2\/posts\/19359\/revisions"}],"predecessor-version":[{"id":19361,"href":"https:\/\/ocoerente.com.br\/se\/wp-json\/wp\/v2\/posts\/19359\/revisions\/19361"}],"wp:featuredmedia":[{"embeddable":true,"href":"https:\/\/ocoerente.com.br\/se\/wp-json\/wp\/v2\/media\/19360"}],"wp:attachment":[{"href":"https:\/\/ocoerente.com.br\/se\/wp-json\/wp\/v2\/media?parent=19359"}],"wp:term":[{"taxonomy":"category","embeddable":true,"href":"https:\/\/ocoerente.com.br\/se\/wp-json\/wp\/v2\/categories?post=19359"},{"taxonomy":"post_tag","embeddable":true,"href":"https:\/\/ocoerente.com.br\/se\/wp-json\/wp\/v2\/tags?post=19359"}],"curies":[{"name":"wp","href":"https:\/\/api.w.org\/{rel}","templated":true}]}}