{"id":19353,"date":"2026-05-01T17:14:20","date_gmt":"2026-05-01T20:14:20","guid":{"rendered":"https:\/\/ocoerente.com.br\/se\/?p=19353"},"modified":"2026-05-01T17:14:21","modified_gmt":"2026-05-01T20:14:21","slug":"em-lagarto-edvaldo-participa-de-ato-das-mulheres-progressistas-e-consolida-apoios-de-hilda-e-gustinho","status":"publish","type":"post","link":"https:\/\/ocoerente.com.br\/se\/2026\/05\/01\/em-lagarto-edvaldo-participa-de-ato-das-mulheres-progressistas-e-consolida-apoios-de-hilda-e-gustinho\/","title":{"rendered":"Em Lagarto, Edvaldo participa de ato das Mulheres Progressistas e consolida apoios de Hilda e Gustinho"},"content":{"rendered":"\n<p>\u201cAs mulheres precisam estar cada vez mais na pol\u00edtica\u201d, afirmou Edvaldo durante o evento \u201cElas Podem. Basta se preparar\u201d, promovido pelo movimento Mulheres Progressistas nesta sexta-feira, 24, em Lagarto. A iniciativa reuniu centenas de pessoas de toda a regi\u00e3o Centro-Sul do estado e teve como objetivo fortalecer a import\u00e2ncia da participa\u00e7\u00e3o feminina na pol\u00edtica.<\/p>\n\n\n\n<p>O presidente estadual do Partido Democr\u00e1tico Trabalhista (PDT) e pr\u00e9-candidato ao Senado por Sergipe, Edvaldo Nogueira, participou do ato ao lado do senador La\u00e9rcio Oliveira (PP), do deputado federal Gustinho Ribeiro e da ex-prefeita de Lagarto, Hilda Ribeiro. Na ocasi\u00e3o, o evento tamb\u00e9m marcou o lan\u00e7amento da pr\u00e9-candidatura de Hilda a deputada estadual, al\u00e9m de reunir an\u00fancios de apoio das lideran\u00e7as \u00e0 pr\u00e9-candidatura de Edvaldo ao Senado.<\/p>\n\n\n\n<p>\u201cFico muito feliz de participar desse evento, porque, de fato, as mulheres precisam ocupar cada vez mais espa\u00e7os. N\u00e3o podemos ter um pa\u00eds livre, nem uma sociedade mais justa, se as mulheres n\u00e3o estiverem no mesmo patamar que os homens. As mulheres podem ser o que quiserem. Precisam de ainda mais vozes, por isso quero parabenizar as Mulheres Progressistas\u201d, destacou o pr\u00e9-candidato.<\/p>\n\n\n\n<p>Ao parabenizar Hilda Ribeiro pela pr\u00e9-candidatura, Edvaldo ressaltou o trabalho realizado por ela \u00e0 frente da Prefeitura de Lagarto e o legado deixado para a popula\u00e7\u00e3o.<\/p>\n\n\n\n<p>\u201cHilda \u00e9 uma mulher guerreira, extraordin\u00e1ria. Fomos prefeitos no mesmo per\u00edodo, eu em Aracaju e ela aqui em Lagarto. Foi a primeira prefeita mulher da hist\u00f3ria da cidade e, sem d\u00favida, a melhor gestora dos \u00faltimos anos. Vi como Hilda transformou Lagarto, n\u00f3s somos, nesse sentido, muito parecidos. O trabalho maravilhoso que voc\u00ea fez aqui, eu tenho certeza que ser\u00e1 reconhecida\u201d, afirmou.<\/p>\n\n\n\n<p>Apoio<\/p>\n\n\n\n<p>Em seu discurso, Hilda fez quest\u00e3o de declarar apoio a Edvaldo na pr\u00e9-candidatura ao Senado.<\/p>\n\n\n\n<p>\u201cSempre acompanhei seu trabalho e sou sua f\u00e3. Que bom que Deus me deu a oportunidade de ser sua colega como prefeita e ver de perto o seu trabalho. Estou aqui para dizer que, ao lado de Gustinho, de \u00c1urea e de todos que est\u00e3o presentes, voc\u00ea \u00e9 o meu pr\u00e9-candidato ao Senado\u201d, declarou.<\/p>\n\n\n\n<p>O deputado federal Gustinho Ribeiro tamb\u00e9m reafirmou seu apoio, destacando a parceria pol\u00edtica constru\u00edda ao longo dos anos.<\/p>\n\n\n\n<p>\u201cTenho a alegria de caminhar com Edvaldo Nogueira, o melhor prefeito que Aracaju j\u00e1 teve. Nossa hist\u00f3ria n\u00e3o \u00e9 de hoje. Ainda muito jovem, ao lado de Edvaldo e D\u00e9da, buscamos a renova\u00e7\u00e3o pol\u00edtica de Sergipe. Edvaldo representa esse legado, n\u00e3o apenas de renova\u00e7\u00e3o, mas de uma gest\u00e3o que transformou Aracaju na capital da qualidade de vida do Brasil. Essa hist\u00f3ria nos une muito mais do que qualquer conveni\u00eancia partid\u00e1ria\u201d, afirmou o deputado.<\/p>\n\n\n\n<figure class=\"wp-block-image size-large is-resized\"><img loading=\"lazy\" decoding=\"async\" width=\"1024\" height=\"713\" src=\"https:\/\/ocoerente.com.br\/se\/wp-content\/uploads\/2026\/05\/f3b-b61c-f2e1c2605aec-1024x713.jpg\" alt=\"\" class=\"wp-image-19355\" style=\"aspect-ratio:1.436298768557947;width:714px;height:auto\" srcset=\"https:\/\/ocoerente.com.br\/se\/wp-content\/uploads\/2026\/05\/f3b-b61c-f2e1c2605aec-1024x713.jpg 1024w, https:\/\/ocoerente.com.br\/se\/wp-content\/uploads\/2026\/05\/f3b-b61c-f2e1c2605aec-300x209.jpg 300w, https:\/\/ocoerente.com.br\/se\/wp-content\/uploads\/2026\/05\/f3b-b61c-f2e1c2605aec-768x535.jpg 768w, https:\/\/ocoerente.com.br\/se\/wp-content\/uploads\/2026\/05\/f3b-b61c-f2e1c2605aec-1536x1069.jpg 1536w, https:\/\/ocoerente.com.br\/se\/wp-content\/uploads\/2026\/05\/f3b-b61c-f2e1c2605aec-750x522.jpg 750w, https:\/\/ocoerente.com.br\/se\/wp-content\/uploads\/2026\/05\/f3b-b61c-f2e1c2605aec-1140x794.jpg 1140w, https:\/\/ocoerente.com.br\/se\/wp-content\/uploads\/2026\/05\/f3b-b61c-f2e1c2605aec.jpg 1600w\" sizes=\"auto, (max-width: 1024px) 100vw, 1024px\" \/><\/figure>\n","protected":false},"excerpt":{"rendered":"<p>\u201cAs mulheres precisam estar cada vez mais na pol\u00edtica\u201d, afirmou Edvaldo durante o evento \u201cElas Podem. Basta se preparar\u201d, promovido pelo movimento Mulheres Progressistas nesta sexta-feira, 24, em Lagarto. A iniciativa reuniu centenas de pessoas de toda a regi\u00e3o Centro-Sul do estado e teve como objetivo fortalecer a import\u00e2ncia da participa\u00e7\u00e3o feminina na pol\u00edtica. O [&hellip;]<\/p>\n","protected":false},"author":1,"featured_media":19354,"comment_status":"closed","ping_status":"closed","sticky":false,"template":"","format":"standard","meta":{"footnotes":""},"categories":[53,44],"tags":[],"class_list":["post-19353","post","type-post","status-publish","format-standard","has-post-thumbnail","hentry","category-destaques","category-politica"],"yoast_head":"<!-- This site is optimized with the Yoast SEO plugin v27.5 - https:\/\/yoast.com\/product\/yoast-seo-wordpress\/ -->\n<title>Em Lagarto, Edvaldo participa de ato das Mulheres Progressistas e consolida apoios de Hilda e Gustinho - O Coerente<\/title>\n<meta name=\"robots\" content=\"index, follow, max-snippet:-1, max-image-preview:large, max-video-preview:-1\" \/>\n<link rel=\"canonical\" href=\"https:\/\/ocoerente.com.br\/se\/2026\/05\/01\/em-lagarto-edvaldo-participa-de-ato-das-mulheres-progressistas-e-consolida-apoios-de-hilda-e-gustinho\/\" \/>\n<meta property=\"og:locale\" content=\"pt_BR\" \/>\n<meta property=\"og:type\" content=\"article\" \/>\n<meta property=\"og:title\" content=\"Em Lagarto, Edvaldo participa de ato das Mulheres Progressistas e consolida apoios de Hilda e Gustinho - O Coerente\" \/>\n<meta property=\"og:description\" content=\"\u201cAs mulheres precisam estar cada vez mais na pol\u00edtica\u201d, afirmou Edvaldo durante o evento \u201cElas Podem. Basta se preparar\u201d, promovido pelo movimento Mulheres Progressistas nesta sexta-feira, 24, em Lagarto. A iniciativa reuniu centenas de pessoas de toda a regi\u00e3o Centro-Sul do estado e teve como objetivo fortalecer a import\u00e2ncia da participa\u00e7\u00e3o feminina na pol\u00edtica. O [&hellip;]\" \/>\n<meta property=\"og:url\" content=\"https:\/\/ocoerente.com.br\/se\/2026\/05\/01\/em-lagarto-edvaldo-participa-de-ato-das-mulheres-progressistas-e-consolida-apoios-de-hilda-e-gustinho\/\" \/>\n<meta property=\"og:site_name\" content=\"O Coerente\" \/>\n<meta property=\"article:published_time\" content=\"2026-05-01T20:14:20+00:00\" \/>\n<meta property=\"article:modified_time\" content=\"2026-05-01T20:14:21+00:00\" \/>\n<meta property=\"og:image\" content=\"https:\/\/ocoerente.com.br\/se\/wp-content\/uploads\/2026\/05\/88b-836b-5cf0840df873.jpg\" \/>\n\t<meta property=\"og:image:width\" content=\"1600\" \/>\n\t<meta property=\"og:image:height\" content=\"1068\" \/>\n\t<meta property=\"og:image:type\" content=\"image\/jpeg\" \/>\n<meta name=\"author\" content=\"Reda\u00e7\u00e3o\" \/>\n<meta name=\"twitter:card\" content=\"summary_large_image\" \/>\n<meta name=\"twitter:label1\" content=\"Escrito por\" \/>\n\t<meta name=\"twitter:data1\" content=\"Reda\u00e7\u00e3o\" \/>\n\t<meta name=\"twitter:label2\" content=\"Est. tempo de leitura\" \/>\n\t<meta name=\"twitter:data2\" content=\"3 minutos\" \/>\n<script type=\"application\/ld+json\" class=\"yoast-schema-graph\">{\"@context\":\"https:\\\/\\\/schema.org\",\"@graph\":[{\"@type\":\"Article\",\"@id\":\"https:\\\/\\\/ocoerente.com.br\\\/se\\\/2026\\\/05\\\/01\\\/em-lagarto-edvaldo-participa-de-ato-das-mulheres-progressistas-e-consolida-apoios-de-hilda-e-gustinho\\\/#article\",\"isPartOf\":{\"@id\":\"https:\\\/\\\/ocoerente.com.br\\\/se\\\/2026\\\/05\\\/01\\\/em-lagarto-edvaldo-participa-de-ato-das-mulheres-progressistas-e-consolida-apoios-de-hilda-e-gustinho\\\/\"},\"author\":{\"name\":\"Reda\u00e7\u00e3o\",\"@id\":\"https:\\\/\\\/ocoerente.com.br\\\/se\\\/#\\\/schema\\\/person\\\/cc6bfd9fbca465e23543b0c963d8d037\"},\"headline\":\"Em Lagarto, Edvaldo participa de ato das Mulheres Progressistas e consolida apoios de Hilda e Gustinho\",\"datePublished\":\"2026-05-01T20:14:20+00:00\",\"dateModified\":\"2026-05-01T20:14:21+00:00\",\"mainEntityOfPage\":{\"@id\":\"https:\\\/\\\/ocoerente.com.br\\\/se\\\/2026\\\/05\\\/01\\\/em-lagarto-edvaldo-participa-de-ato-das-mulheres-progressistas-e-consolida-apoios-de-hilda-e-gustinho\\\/\"},\"wordCount\":488,\"publisher\":{\"@id\":\"https:\\\/\\\/ocoerente.com.br\\\/se\\\/#\\\/schema\\\/person\\\/cc6bfd9fbca465e23543b0c963d8d037\"},\"image\":{\"@id\":\"https:\\\/\\\/ocoerente.com.br\\\/se\\\/2026\\\/05\\\/01\\\/em-lagarto-edvaldo-participa-de-ato-das-mulheres-progressistas-e-consolida-apoios-de-hilda-e-gustinho\\\/#primaryimage\"},\"thumbnailUrl\":\"https:\\\/\\\/ocoerente.com.br\\\/se\\\/wp-content\\\/uploads\\\/2026\\\/05\\\/88b-836b-5cf0840df873.jpg\",\"articleSection\":[\"Destaques\",\"Pol\u00edtica\"],\"inLanguage\":\"pt-BR\"},{\"@type\":\"WebPage\",\"@id\":\"https:\\\/\\\/ocoerente.com.br\\\/se\\\/2026\\\/05\\\/01\\\/em-lagarto-edvaldo-participa-de-ato-das-mulheres-progressistas-e-consolida-apoios-de-hilda-e-gustinho\\\/\",\"url\":\"https:\\\/\\\/ocoerente.com.br\\\/se\\\/2026\\\/05\\\/01\\\/em-lagarto-edvaldo-participa-de-ato-das-mulheres-progressistas-e-consolida-apoios-de-hilda-e-gustinho\\\/\",\"name\":\"Em Lagarto, Edvaldo participa de ato das Mulheres Progressistas e consolida apoios de Hilda e Gustinho - O Coerente\",\"isPartOf\":{\"@id\":\"https:\\\/\\\/ocoerente.com.br\\\/se\\\/#website\"},\"primaryImageOfPage\":{\"@id\":\"https:\\\/\\\/ocoerente.com.br\\\/se\\\/2026\\\/05\\\/01\\\/em-lagarto-edvaldo-participa-de-ato-das-mulheres-progressistas-e-consolida-apoios-de-hilda-e-gustinho\\\/#primaryimage\"},\"image\":{\"@id\":\"https:\\\/\\\/ocoerente.com.br\\\/se\\\/2026\\\/05\\\/01\\\/em-lagarto-edvaldo-participa-de-ato-das-mulheres-progressistas-e-consolida-apoios-de-hilda-e-gustinho\\\/#primaryimage\"},\"thumbnailUrl\":\"https:\\\/\\\/ocoerente.com.br\\\/se\\\/wp-content\\\/uploads\\\/2026\\\/05\\\/88b-836b-5cf0840df873.jpg\",\"datePublished\":\"2026-05-01T20:14:20+00:00\",\"dateModified\":\"2026-05-01T20:14:21+00:00\",\"breadcrumb\":{\"@id\":\"https:\\\/\\\/ocoerente.com.br\\\/se\\\/2026\\\/05\\\/01\\\/em-lagarto-edvaldo-participa-de-ato-das-mulheres-progressistas-e-consolida-apoios-de-hilda-e-gustinho\\\/#breadcrumb\"},\"inLanguage\":\"pt-BR\",\"potentialAction\":[{\"@type\":\"ReadAction\",\"target\":[\"https:\\\/\\\/ocoerente.com.br\\\/se\\\/2026\\\/05\\\/01\\\/em-lagarto-edvaldo-participa-de-ato-das-mulheres-progressistas-e-consolida-apoios-de-hilda-e-gustinho\\\/\"]}]},{\"@type\":\"ImageObject\",\"inLanguage\":\"pt-BR\",\"@id\":\"https:\\\/\\\/ocoerente.com.br\\\/se\\\/2026\\\/05\\\/01\\\/em-lagarto-edvaldo-participa-de-ato-das-mulheres-progressistas-e-consolida-apoios-de-hilda-e-gustinho\\\/#primaryimage\",\"url\":\"https:\\\/\\\/ocoerente.com.br\\\/se\\\/wp-content\\\/uploads\\\/2026\\\/05\\\/88b-836b-5cf0840df873.jpg\",\"contentUrl\":\"https:\\\/\\\/ocoerente.com.br\\\/se\\\/wp-content\\\/uploads\\\/2026\\\/05\\\/88b-836b-5cf0840df873.jpg\",\"width\":1600,\"height\":1068},{\"@type\":\"BreadcrumbList\",\"@id\":\"https:\\\/\\\/ocoerente.com.br\\\/se\\\/2026\\\/05\\\/01\\\/em-lagarto-edvaldo-participa-de-ato-das-mulheres-progressistas-e-consolida-apoios-de-hilda-e-gustinho\\\/#breadcrumb\",\"itemListElement\":[{\"@type\":\"ListItem\",\"position\":1,\"name\":\"In\u00edcio\",\"item\":\"https:\\\/\\\/ocoerente.com.br\\\/se\\\/\"},{\"@type\":\"ListItem\",\"position\":2,\"name\":\"Em Lagarto, Edvaldo participa de ato das Mulheres Progressistas e consolida apoios de Hilda e Gustinho\"}]},{\"@type\":\"WebSite\",\"@id\":\"https:\\\/\\\/ocoerente.com.br\\\/se\\\/#website\",\"url\":\"https:\\\/\\\/ocoerente.com.br\\\/se\\\/\",\"name\":\"O Coerente\",\"description\":\"\",\"publisher\":{\"@id\":\"https:\\\/\\\/ocoerente.com.br\\\/se\\\/#\\\/schema\\\/person\\\/cc6bfd9fbca465e23543b0c963d8d037\"},\"potentialAction\":[{\"@type\":\"SearchAction\",\"target\":{\"@type\":\"EntryPoint\",\"urlTemplate\":\"https:\\\/\\\/ocoerente.com.br\\\/se\\\/?s={search_term_string}\"},\"query-input\":{\"@type\":\"PropertyValueSpecification\",\"valueRequired\":true,\"valueName\":\"search_term_string\"}}],\"inLanguage\":\"pt-BR\"},{\"@type\":[\"Person\",\"Organization\"],\"@id\":\"https:\\\/\\\/ocoerente.com.br\\\/se\\\/#\\\/schema\\\/person\\\/cc6bfd9fbca465e23543b0c963d8d037\",\"name\":\"Reda\u00e7\u00e3o\",\"image\":{\"@type\":\"ImageObject\",\"inLanguage\":\"pt-BR\",\"@id\":\"https:\\\/\\\/ocoerente.com.br\\\/se\\\/wp-content\\\/uploads\\\/2020\\\/01\\\/ocoerente-1.png\",\"url\":\"https:\\\/\\\/ocoerente.com.br\\\/se\\\/wp-content\\\/uploads\\\/2020\\\/01\\\/ocoerente-1.png\",\"contentUrl\":\"https:\\\/\\\/ocoerente.com.br\\\/se\\\/wp-content\\\/uploads\\\/2020\\\/01\\\/ocoerente-1.png\",\"width\":50,\"height\":50,\"caption\":\"Reda\u00e7\u00e3o\"},\"logo\":{\"@id\":\"https:\\\/\\\/ocoerente.com.br\\\/se\\\/wp-content\\\/uploads\\\/2020\\\/01\\\/ocoerente-1.png\"},\"url\":\"https:\\\/\\\/ocoerente.com.br\\\/se\\\/author\\\/vasticlsales\\\/\"}]}<\/script>\n<!-- \/ Yoast SEO plugin. -->","yoast_head_json":{"title":"Em Lagarto, Edvaldo participa de ato das Mulheres Progressistas e consolida apoios de Hilda e Gustinho - O Coerente","robots":{"index":"index","follow":"follow","max-snippet":"max-snippet:-1","max-image-preview":"max-image-preview:large","max-video-preview":"max-video-preview:-1"},"canonical":"https:\/\/ocoerente.com.br\/se\/2026\/05\/01\/em-lagarto-edvaldo-participa-de-ato-das-mulheres-progressistas-e-consolida-apoios-de-hilda-e-gustinho\/","og_locale":"pt_BR","og_type":"article","og_title":"Em Lagarto, Edvaldo participa de ato das Mulheres Progressistas e consolida apoios de Hilda e Gustinho - O Coerente","og_description":"\u201cAs mulheres precisam estar cada vez mais na pol\u00edtica\u201d, afirmou Edvaldo durante o evento \u201cElas Podem. Basta se preparar\u201d, promovido pelo movimento Mulheres Progressistas nesta sexta-feira, 24, em Lagarto. A iniciativa reuniu centenas de pessoas de toda a regi\u00e3o Centro-Sul do estado e teve como objetivo fortalecer a import\u00e2ncia da participa\u00e7\u00e3o feminina na pol\u00edtica. O [&hellip;]","og_url":"https:\/\/ocoerente.com.br\/se\/2026\/05\/01\/em-lagarto-edvaldo-participa-de-ato-das-mulheres-progressistas-e-consolida-apoios-de-hilda-e-gustinho\/","og_site_name":"O Coerente","article_published_time":"2026-05-01T20:14:20+00:00","article_modified_time":"2026-05-01T20:14:21+00:00","og_image":[{"width":1600,"height":1068,"url":"https:\/\/ocoerente.com.br\/se\/wp-content\/uploads\/2026\/05\/88b-836b-5cf0840df873.jpg","type":"image\/jpeg"}],"author":"Reda\u00e7\u00e3o","twitter_card":"summary_large_image","twitter_misc":{"Escrito por":"Reda\u00e7\u00e3o","Est. tempo de leitura":"3 minutos"},"schema":{"@context":"https:\/\/schema.org","@graph":[{"@type":"Article","@id":"https:\/\/ocoerente.com.br\/se\/2026\/05\/01\/em-lagarto-edvaldo-participa-de-ato-das-mulheres-progressistas-e-consolida-apoios-de-hilda-e-gustinho\/#article","isPartOf":{"@id":"https:\/\/ocoerente.com.br\/se\/2026\/05\/01\/em-lagarto-edvaldo-participa-de-ato-das-mulheres-progressistas-e-consolida-apoios-de-hilda-e-gustinho\/"},"author":{"name":"Reda\u00e7\u00e3o","@id":"https:\/\/ocoerente.com.br\/se\/#\/schema\/person\/cc6bfd9fbca465e23543b0c963d8d037"},"headline":"Em Lagarto, Edvaldo participa de ato das Mulheres Progressistas e consolida apoios de Hilda e Gustinho","datePublished":"2026-05-01T20:14:20+00:00","dateModified":"2026-05-01T20:14:21+00:00","mainEntityOfPage":{"@id":"https:\/\/ocoerente.com.br\/se\/2026\/05\/01\/em-lagarto-edvaldo-participa-de-ato-das-mulheres-progressistas-e-consolida-apoios-de-hilda-e-gustinho\/"},"wordCount":488,"publisher":{"@id":"https:\/\/ocoerente.com.br\/se\/#\/schema\/person\/cc6bfd9fbca465e23543b0c963d8d037"},"image":{"@id":"https:\/\/ocoerente.com.br\/se\/2026\/05\/01\/em-lagarto-edvaldo-participa-de-ato-das-mulheres-progressistas-e-consolida-apoios-de-hilda-e-gustinho\/#primaryimage"},"thumbnailUrl":"https:\/\/ocoerente.com.br\/se\/wp-content\/uploads\/2026\/05\/88b-836b-5cf0840df873.jpg","articleSection":["Destaques","Pol\u00edtica"],"inLanguage":"pt-BR"},{"@type":"WebPage","@id":"https:\/\/ocoerente.com.br\/se\/2026\/05\/01\/em-lagarto-edvaldo-participa-de-ato-das-mulheres-progressistas-e-consolida-apoios-de-hilda-e-gustinho\/","url":"https:\/\/ocoerente.com.br\/se\/2026\/05\/01\/em-lagarto-edvaldo-participa-de-ato-das-mulheres-progressistas-e-consolida-apoios-de-hilda-e-gustinho\/","name":"Em Lagarto, Edvaldo participa de ato das Mulheres Progressistas e consolida apoios de Hilda e Gustinho - O Coerente","isPartOf":{"@id":"https:\/\/ocoerente.com.br\/se\/#website"},"primaryImageOfPage":{"@id":"https:\/\/ocoerente.com.br\/se\/2026\/05\/01\/em-lagarto-edvaldo-participa-de-ato-das-mulheres-progressistas-e-consolida-apoios-de-hilda-e-gustinho\/#primaryimage"},"image":{"@id":"https:\/\/ocoerente.com.br\/se\/2026\/05\/01\/em-lagarto-edvaldo-participa-de-ato-das-mulheres-progressistas-e-consolida-apoios-de-hilda-e-gustinho\/#primaryimage"},"thumbnailUrl":"https:\/\/ocoerente.com.br\/se\/wp-content\/uploads\/2026\/05\/88b-836b-5cf0840df873.jpg","datePublished":"2026-05-01T20:14:20+00:00","dateModified":"2026-05-01T20:14:21+00:00","breadcrumb":{"@id":"https:\/\/ocoerente.com.br\/se\/2026\/05\/01\/em-lagarto-edvaldo-participa-de-ato-das-mulheres-progressistas-e-consolida-apoios-de-hilda-e-gustinho\/#breadcrumb"},"inLanguage":"pt-BR","potentialAction":[{"@type":"ReadAction","target":["https:\/\/ocoerente.com.br\/se\/2026\/05\/01\/em-lagarto-edvaldo-participa-de-ato-das-mulheres-progressistas-e-consolida-apoios-de-hilda-e-gustinho\/"]}]},{"@type":"ImageObject","inLanguage":"pt-BR","@id":"https:\/\/ocoerente.com.br\/se\/2026\/05\/01\/em-lagarto-edvaldo-participa-de-ato-das-mulheres-progressistas-e-consolida-apoios-de-hilda-e-gustinho\/#primaryimage","url":"https:\/\/ocoerente.com.br\/se\/wp-content\/uploads\/2026\/05\/88b-836b-5cf0840df873.jpg","contentUrl":"https:\/\/ocoerente.com.br\/se\/wp-content\/uploads\/2026\/05\/88b-836b-5cf0840df873.jpg","width":1600,"height":1068},{"@type":"BreadcrumbList","@id":"https:\/\/ocoerente.com.br\/se\/2026\/05\/01\/em-lagarto-edvaldo-participa-de-ato-das-mulheres-progressistas-e-consolida-apoios-de-hilda-e-gustinho\/#breadcrumb","itemListElement":[{"@type":"ListItem","position":1,"name":"In\u00edcio","item":"https:\/\/ocoerente.com.br\/se\/"},{"@type":"ListItem","position":2,"name":"Em Lagarto, Edvaldo participa de ato das Mulheres Progressistas e consolida apoios de Hilda e Gustinho"}]},{"@type":"WebSite","@id":"https:\/\/ocoerente.com.br\/se\/#website","url":"https:\/\/ocoerente.com.br\/se\/","name":"O Coerente","description":"","publisher":{"@id":"https:\/\/ocoerente.com.br\/se\/#\/schema\/person\/cc6bfd9fbca465e23543b0c963d8d037"},"potentialAction":[{"@type":"SearchAction","target":{"@type":"EntryPoint","urlTemplate":"https:\/\/ocoerente.com.br\/se\/?s={search_term_string}"},"query-input":{"@type":"PropertyValueSpecification","valueRequired":true,"valueName":"search_term_string"}}],"inLanguage":"pt-BR"},{"@type":["Person","Organization"],"@id":"https:\/\/ocoerente.com.br\/se\/#\/schema\/person\/cc6bfd9fbca465e23543b0c963d8d037","name":"Reda\u00e7\u00e3o","image":{"@type":"ImageObject","inLanguage":"pt-BR","@id":"https:\/\/ocoerente.com.br\/se\/wp-content\/uploads\/2020\/01\/ocoerente-1.png","url":"https:\/\/ocoerente.com.br\/se\/wp-content\/uploads\/2020\/01\/ocoerente-1.png","contentUrl":"https:\/\/ocoerente.com.br\/se\/wp-content\/uploads\/2020\/01\/ocoerente-1.png","width":50,"height":50,"caption":"Reda\u00e7\u00e3o"},"logo":{"@id":"https:\/\/ocoerente.com.br\/se\/wp-content\/uploads\/2020\/01\/ocoerente-1.png"},"url":"https:\/\/ocoerente.com.br\/se\/author\/vasticlsales\/"}]}},"_links":{"self":[{"href":"https:\/\/ocoerente.com.br\/se\/wp-json\/wp\/v2\/posts\/19353","targetHints":{"allow":["GET"]}}],"collection":[{"href":"https:\/\/ocoerente.com.br\/se\/wp-json\/wp\/v2\/posts"}],"about":[{"href":"https:\/\/ocoerente.com.br\/se\/wp-json\/wp\/v2\/types\/post"}],"author":[{"embeddable":true,"href":"https:\/\/ocoerente.com.br\/se\/wp-json\/wp\/v2\/users\/1"}],"replies":[{"embeddable":true,"href":"https:\/\/ocoerente.com.br\/se\/wp-json\/wp\/v2\/comments?post=19353"}],"version-history":[{"count":1,"href":"https:\/\/ocoerente.com.br\/se\/wp-json\/wp\/v2\/posts\/19353\/revisions"}],"predecessor-version":[{"id":19356,"href":"https:\/\/ocoerente.com.br\/se\/wp-json\/wp\/v2\/posts\/19353\/revisions\/19356"}],"wp:featuredmedia":[{"embeddable":true,"href":"https:\/\/ocoerente.com.br\/se\/wp-json\/wp\/v2\/media\/19354"}],"wp:attachment":[{"href":"https:\/\/ocoerente.com.br\/se\/wp-json\/wp\/v2\/media?parent=19353"}],"wp:term":[{"taxonomy":"category","embeddable":true,"href":"https:\/\/ocoerente.com.br\/se\/wp-json\/wp\/v2\/categories?post=19353"},{"taxonomy":"post_tag","embeddable":true,"href":"https:\/\/ocoerente.com.br\/se\/wp-json\/wp\/v2\/tags?post=19353"}],"curies":[{"name":"wp","href":"https:\/\/api.w.org\/{rel}","templated":true}]}}