{"id":19343,"date":"2026-04-29T17:37:11","date_gmt":"2026-04-29T20:37:11","guid":{"rendered":"https:\/\/ocoerente.com.br\/se\/?p=19343"},"modified":"2026-04-29T17:37:13","modified_gmt":"2026-04-29T20:37:13","slug":"cohab-premium-promove-encontro-exclusivo-sobre-planejamento-patrimonial-e-impactos-da-reforma-tributaria-no-mercado-imobiliario","status":"publish","type":"post","link":"https:\/\/ocoerente.com.br\/se\/2026\/04\/29\/cohab-premium-promove-encontro-exclusivo-sobre-planejamento-patrimonial-e-impactos-da-reforma-tributaria-no-mercado-imobiliario\/","title":{"rendered":"Cohab Premium promove encontro exclusivo sobre planejamento patrimonial e impactos da reforma tribut\u00e1ria no mercado imobili\u00e1rio"},"content":{"rendered":"\n<p><br>A Cohab Premium realizou, na noite da \u00faltima ter\u00e7a-feira, 29 de abril, em sua unidade da Avenida Jorge Amado, um encontro especial com clientes e parceiros para debater as mudan\u00e7as trazidas pela reforma tribut\u00e1ria e os reflexos diretos para quem investe no setor imobili\u00e1rio.<\/p>\n\n\n\n<p>Com o tema \u201cReforma Tribut\u00e1ria e o Setor Imobili\u00e1rio: Impactos, Riscos e Estrat\u00e9gias para Empres\u00e1rios \u2013 Lei Complementar 214\/2025\u201d, o evento teve como foco o planejamento patrimonial, reunindo investidores, empres\u00e1rios e clientes interessados em entender os novos cen\u00e1rios econ\u00f4micos e tribut\u00e1rios.<\/p>\n\n\n\n<p>Promovido em parceria com a Minuzzo Advogados e a Minuzzo Contabilidade, o encontro tamb\u00e9m contou com momentos de aprendizado conduzidos por especialistas, que trouxeram mais clareza sobre as mudan\u00e7as previstas na legisla\u00e7\u00e3o e seus impactos diretos no mercado imobili\u00e1rio, nas empresas e no patrim\u00f4nio familiar.<\/p>\n\n\n\n<p>Durante a apresenta\u00e7\u00e3o, foram abordados os efeitos dos novos tributos IBS e CBS, al\u00e9m das implica\u00e7\u00f5es pr\u00e1ticas para incorporadoras, investidores, gestores patrimoniais e pessoas que buscam proteger e expandir seus ativos por meio do setor imobili\u00e1rio.<\/p>\n\n\n\n<p>A iniciativa refor\u00e7a o compromisso da Cohab Premium em oferecer informa\u00e7\u00e3o qualificada, orienta\u00e7\u00e3o estrat\u00e9gica e acompanhamento pr\u00f3ximo aos seus clientes diante de temas que influenciam decis\u00f5es patrimoniais e de investimento.<\/p>\n\n\n\n<p>O CEO da Cohab Premium, Jorge Santos, destacou a import\u00e2ncia de preparar os clientes para as transforma\u00e7\u00f5es do mercado.<\/p>\n\n\n\n<p>\u201cNosso compromisso vai al\u00e9m da comercializa\u00e7\u00e3o de im\u00f3veis. Queremos proporcionar seguran\u00e7a, vis\u00e3o estrat\u00e9gica e conhecimento para que nossos clientes tomem decis\u00f5es assertivas e preservem seu patrim\u00f4nio diante das mudan\u00e7as\u201d, afirmou.<\/p>\n\n\n\n<p>A programa\u00e7\u00e3o foi marcada por um ambiente de troca de experi\u00eancias, networking e esclarecimento de d\u00favidas, fortalecendo a atua\u00e7\u00e3o da Cohab Premium como refer\u00eancia em relacionamento, intelig\u00eancia de mercado e solu\u00e7\u00f5es voltadas ao crescimento patrimonial de seus clientes.&nbsp;<\/p>\n","protected":false},"excerpt":{"rendered":"<p>A Cohab Premium realizou, na noite da \u00faltima ter\u00e7a-feira, 29 de abril, em sua unidade da Avenida Jorge Amado, um encontro especial com clientes e parceiros para debater as mudan\u00e7as trazidas pela reforma tribut\u00e1ria e os reflexos diretos para quem investe no setor imobili\u00e1rio. Com o tema \u201cReforma Tribut\u00e1ria e o Setor Imobili\u00e1rio: Impactos, Riscos [&hellip;]<\/p>\n","protected":false},"author":4,"featured_media":19344,"comment_status":"closed","ping_status":"closed","sticky":false,"template":"","format":"standard","meta":{"footnotes":""},"categories":[1],"tags":[],"class_list":["post-19343","post","type-post","status-publish","format-standard","has-post-thumbnail","hentry","category-sem-categoria"],"yoast_head":"<!-- This site is optimized with the Yoast SEO plugin v27.4 - https:\/\/yoast.com\/product\/yoast-seo-wordpress\/ -->\n<title>Cohab Premium promove encontro exclusivo sobre planejamento patrimonial e impactos da reforma tribut\u00e1ria no mercado imobili\u00e1rio - O Coerente<\/title>\n<meta name=\"robots\" content=\"index, follow, max-snippet:-1, max-image-preview:large, max-video-preview:-1\" \/>\n<link rel=\"canonical\" href=\"https:\/\/ocoerente.com.br\/se\/2026\/04\/29\/cohab-premium-promove-encontro-exclusivo-sobre-planejamento-patrimonial-e-impactos-da-reforma-tributaria-no-mercado-imobiliario\/\" \/>\n<meta property=\"og:locale\" content=\"pt_BR\" \/>\n<meta property=\"og:type\" content=\"article\" \/>\n<meta property=\"og:title\" content=\"Cohab Premium promove encontro exclusivo sobre planejamento patrimonial e impactos da reforma tribut\u00e1ria no mercado imobili\u00e1rio - O Coerente\" \/>\n<meta property=\"og:description\" content=\"A Cohab Premium realizou, na noite da \u00faltima ter\u00e7a-feira, 29 de abril, em sua unidade da Avenida Jorge Amado, um encontro especial com clientes e parceiros para debater as mudan\u00e7as trazidas pela reforma tribut\u00e1ria e os reflexos diretos para quem investe no setor imobili\u00e1rio. Com o tema \u201cReforma Tribut\u00e1ria e o Setor Imobili\u00e1rio: Impactos, Riscos [&hellip;]\" \/>\n<meta property=\"og:url\" content=\"https:\/\/ocoerente.com.br\/se\/2026\/04\/29\/cohab-premium-promove-encontro-exclusivo-sobre-planejamento-patrimonial-e-impactos-da-reforma-tributaria-no-mercado-imobiliario\/\" \/>\n<meta property=\"og:site_name\" content=\"O Coerente\" \/>\n<meta property=\"article:published_time\" content=\"2026-04-29T20:37:11+00:00\" \/>\n<meta property=\"article:modified_time\" content=\"2026-04-29T20:37:13+00:00\" \/>\n<meta property=\"og:image\" content=\"https:\/\/ocoerente.com.br\/se\/wp-content\/uploads\/2026\/04\/PHOTO-2026-04-29-11-26-02.jpg\" \/>\n\t<meta property=\"og:image:width\" content=\"1280\" \/>\n\t<meta property=\"og:image:height\" content=\"854\" \/>\n\t<meta property=\"og:image:type\" content=\"image\/jpeg\" \/>\n<meta name=\"author\" content=\"Abrah\u00e3o Crispim Filho\" \/>\n<meta name=\"twitter:card\" content=\"summary_large_image\" \/>\n<meta name=\"twitter:label1\" content=\"Escrito por\" \/>\n\t<meta name=\"twitter:data1\" content=\"Abrah\u00e3o Crispim Filho\" \/>\n\t<meta name=\"twitter:label2\" content=\"Est. tempo de leitura\" \/>\n\t<meta name=\"twitter:data2\" content=\"2 minutos\" \/>\n<script type=\"application\/ld+json\" class=\"yoast-schema-graph\">{\"@context\":\"https:\\\/\\\/schema.org\",\"@graph\":[{\"@type\":\"Article\",\"@id\":\"https:\\\/\\\/ocoerente.com.br\\\/se\\\/2026\\\/04\\\/29\\\/cohab-premium-promove-encontro-exclusivo-sobre-planejamento-patrimonial-e-impactos-da-reforma-tributaria-no-mercado-imobiliario\\\/#article\",\"isPartOf\":{\"@id\":\"https:\\\/\\\/ocoerente.com.br\\\/se\\\/2026\\\/04\\\/29\\\/cohab-premium-promove-encontro-exclusivo-sobre-planejamento-patrimonial-e-impactos-da-reforma-tributaria-no-mercado-imobiliario\\\/\"},\"author\":{\"name\":\"Abrah\u00e3o Crispim Filho\",\"@id\":\"https:\\\/\\\/ocoerente.com.br\\\/se\\\/#\\\/schema\\\/person\\\/1ed925f7992cb4d6d3b61e3d07b0ae08\"},\"headline\":\"Cohab Premium promove encontro exclusivo sobre planejamento patrimonial e impactos da reforma tribut\u00e1ria no mercado imobili\u00e1rio\",\"datePublished\":\"2026-04-29T20:37:11+00:00\",\"dateModified\":\"2026-04-29T20:37:13+00:00\",\"mainEntityOfPage\":{\"@id\":\"https:\\\/\\\/ocoerente.com.br\\\/se\\\/2026\\\/04\\\/29\\\/cohab-premium-promove-encontro-exclusivo-sobre-planejamento-patrimonial-e-impactos-da-reforma-tributaria-no-mercado-imobiliario\\\/\"},\"wordCount\":345,\"publisher\":{\"@id\":\"https:\\\/\\\/ocoerente.com.br\\\/se\\\/#\\\/schema\\\/person\\\/cc6bfd9fbca465e23543b0c963d8d037\"},\"image\":{\"@id\":\"https:\\\/\\\/ocoerente.com.br\\\/se\\\/2026\\\/04\\\/29\\\/cohab-premium-promove-encontro-exclusivo-sobre-planejamento-patrimonial-e-impactos-da-reforma-tributaria-no-mercado-imobiliario\\\/#primaryimage\"},\"thumbnailUrl\":\"https:\\\/\\\/ocoerente.com.br\\\/se\\\/wp-content\\\/uploads\\\/2026\\\/04\\\/PHOTO-2026-04-29-11-26-02.jpg\",\"inLanguage\":\"pt-BR\"},{\"@type\":\"WebPage\",\"@id\":\"https:\\\/\\\/ocoerente.com.br\\\/se\\\/2026\\\/04\\\/29\\\/cohab-premium-promove-encontro-exclusivo-sobre-planejamento-patrimonial-e-impactos-da-reforma-tributaria-no-mercado-imobiliario\\\/\",\"url\":\"https:\\\/\\\/ocoerente.com.br\\\/se\\\/2026\\\/04\\\/29\\\/cohab-premium-promove-encontro-exclusivo-sobre-planejamento-patrimonial-e-impactos-da-reforma-tributaria-no-mercado-imobiliario\\\/\",\"name\":\"Cohab Premium promove encontro exclusivo sobre planejamento patrimonial e impactos da reforma tribut\u00e1ria no mercado imobili\u00e1rio - O Coerente\",\"isPartOf\":{\"@id\":\"https:\\\/\\\/ocoerente.com.br\\\/se\\\/#website\"},\"primaryImageOfPage\":{\"@id\":\"https:\\\/\\\/ocoerente.com.br\\\/se\\\/2026\\\/04\\\/29\\\/cohab-premium-promove-encontro-exclusivo-sobre-planejamento-patrimonial-e-impactos-da-reforma-tributaria-no-mercado-imobiliario\\\/#primaryimage\"},\"image\":{\"@id\":\"https:\\\/\\\/ocoerente.com.br\\\/se\\\/2026\\\/04\\\/29\\\/cohab-premium-promove-encontro-exclusivo-sobre-planejamento-patrimonial-e-impactos-da-reforma-tributaria-no-mercado-imobiliario\\\/#primaryimage\"},\"thumbnailUrl\":\"https:\\\/\\\/ocoerente.com.br\\\/se\\\/wp-content\\\/uploads\\\/2026\\\/04\\\/PHOTO-2026-04-29-11-26-02.jpg\",\"datePublished\":\"2026-04-29T20:37:11+00:00\",\"dateModified\":\"2026-04-29T20:37:13+00:00\",\"breadcrumb\":{\"@id\":\"https:\\\/\\\/ocoerente.com.br\\\/se\\\/2026\\\/04\\\/29\\\/cohab-premium-promove-encontro-exclusivo-sobre-planejamento-patrimonial-e-impactos-da-reforma-tributaria-no-mercado-imobiliario\\\/#breadcrumb\"},\"inLanguage\":\"pt-BR\",\"potentialAction\":[{\"@type\":\"ReadAction\",\"target\":[\"https:\\\/\\\/ocoerente.com.br\\\/se\\\/2026\\\/04\\\/29\\\/cohab-premium-promove-encontro-exclusivo-sobre-planejamento-patrimonial-e-impactos-da-reforma-tributaria-no-mercado-imobiliario\\\/\"]}]},{\"@type\":\"ImageObject\",\"inLanguage\":\"pt-BR\",\"@id\":\"https:\\\/\\\/ocoerente.com.br\\\/se\\\/2026\\\/04\\\/29\\\/cohab-premium-promove-encontro-exclusivo-sobre-planejamento-patrimonial-e-impactos-da-reforma-tributaria-no-mercado-imobiliario\\\/#primaryimage\",\"url\":\"https:\\\/\\\/ocoerente.com.br\\\/se\\\/wp-content\\\/uploads\\\/2026\\\/04\\\/PHOTO-2026-04-29-11-26-02.jpg\",\"contentUrl\":\"https:\\\/\\\/ocoerente.com.br\\\/se\\\/wp-content\\\/uploads\\\/2026\\\/04\\\/PHOTO-2026-04-29-11-26-02.jpg\",\"width\":1280,\"height\":854},{\"@type\":\"BreadcrumbList\",\"@id\":\"https:\\\/\\\/ocoerente.com.br\\\/se\\\/2026\\\/04\\\/29\\\/cohab-premium-promove-encontro-exclusivo-sobre-planejamento-patrimonial-e-impactos-da-reforma-tributaria-no-mercado-imobiliario\\\/#breadcrumb\",\"itemListElement\":[{\"@type\":\"ListItem\",\"position\":1,\"name\":\"In\u00edcio\",\"item\":\"https:\\\/\\\/ocoerente.com.br\\\/se\\\/\"},{\"@type\":\"ListItem\",\"position\":2,\"name\":\"Cohab Premium promove encontro exclusivo sobre planejamento patrimonial e impactos da reforma tribut\u00e1ria no mercado imobili\u00e1rio\"}]},{\"@type\":\"WebSite\",\"@id\":\"https:\\\/\\\/ocoerente.com.br\\\/se\\\/#website\",\"url\":\"https:\\\/\\\/ocoerente.com.br\\\/se\\\/\",\"name\":\"O Coerente\",\"description\":\"\",\"publisher\":{\"@id\":\"https:\\\/\\\/ocoerente.com.br\\\/se\\\/#\\\/schema\\\/person\\\/cc6bfd9fbca465e23543b0c963d8d037\"},\"potentialAction\":[{\"@type\":\"SearchAction\",\"target\":{\"@type\":\"EntryPoint\",\"urlTemplate\":\"https:\\\/\\\/ocoerente.com.br\\\/se\\\/?s={search_term_string}\"},\"query-input\":{\"@type\":\"PropertyValueSpecification\",\"valueRequired\":true,\"valueName\":\"search_term_string\"}}],\"inLanguage\":\"pt-BR\"},{\"@type\":[\"Person\",\"Organization\"],\"@id\":\"https:\\\/\\\/ocoerente.com.br\\\/se\\\/#\\\/schema\\\/person\\\/cc6bfd9fbca465e23543b0c963d8d037\",\"name\":\"Reda\u00e7\u00e3o\",\"image\":{\"@type\":\"ImageObject\",\"inLanguage\":\"pt-BR\",\"@id\":\"https:\\\/\\\/ocoerente.com.br\\\/se\\\/wp-content\\\/uploads\\\/2020\\\/01\\\/ocoerente-1.png\",\"url\":\"https:\\\/\\\/ocoerente.com.br\\\/se\\\/wp-content\\\/uploads\\\/2020\\\/01\\\/ocoerente-1.png\",\"contentUrl\":\"https:\\\/\\\/ocoerente.com.br\\\/se\\\/wp-content\\\/uploads\\\/2020\\\/01\\\/ocoerente-1.png\",\"width\":50,\"height\":50,\"caption\":\"Reda\u00e7\u00e3o\"},\"logo\":{\"@id\":\"https:\\\/\\\/ocoerente.com.br\\\/se\\\/wp-content\\\/uploads\\\/2020\\\/01\\\/ocoerente-1.png\"}},{\"@type\":\"Person\",\"@id\":\"https:\\\/\\\/ocoerente.com.br\\\/se\\\/#\\\/schema\\\/person\\\/1ed925f7992cb4d6d3b61e3d07b0ae08\",\"name\":\"Abrah\u00e3o Crispim Filho\",\"description\":\"Jornalista p\u00f3s-graduado em Comunica\u00e7\u00e3o.\",\"url\":\"https:\\\/\\\/ocoerente.com.br\\\/se\\\/author\\\/crispimcoerente\\\/\"}]}<\/script>\n<!-- \/ Yoast SEO plugin. -->","yoast_head_json":{"title":"Cohab Premium promove encontro exclusivo sobre planejamento patrimonial e impactos da reforma tribut\u00e1ria no mercado imobili\u00e1rio - O Coerente","robots":{"index":"index","follow":"follow","max-snippet":"max-snippet:-1","max-image-preview":"max-image-preview:large","max-video-preview":"max-video-preview:-1"},"canonical":"https:\/\/ocoerente.com.br\/se\/2026\/04\/29\/cohab-premium-promove-encontro-exclusivo-sobre-planejamento-patrimonial-e-impactos-da-reforma-tributaria-no-mercado-imobiliario\/","og_locale":"pt_BR","og_type":"article","og_title":"Cohab Premium promove encontro exclusivo sobre planejamento patrimonial e impactos da reforma tribut\u00e1ria no mercado imobili\u00e1rio - O Coerente","og_description":"A Cohab Premium realizou, na noite da \u00faltima ter\u00e7a-feira, 29 de abril, em sua unidade da Avenida Jorge Amado, um encontro especial com clientes e parceiros para debater as mudan\u00e7as trazidas pela reforma tribut\u00e1ria e os reflexos diretos para quem investe no setor imobili\u00e1rio. Com o tema \u201cReforma Tribut\u00e1ria e o Setor Imobili\u00e1rio: Impactos, Riscos [&hellip;]","og_url":"https:\/\/ocoerente.com.br\/se\/2026\/04\/29\/cohab-premium-promove-encontro-exclusivo-sobre-planejamento-patrimonial-e-impactos-da-reforma-tributaria-no-mercado-imobiliario\/","og_site_name":"O Coerente","article_published_time":"2026-04-29T20:37:11+00:00","article_modified_time":"2026-04-29T20:37:13+00:00","og_image":[{"width":1280,"height":854,"url":"https:\/\/ocoerente.com.br\/se\/wp-content\/uploads\/2026\/04\/PHOTO-2026-04-29-11-26-02.jpg","type":"image\/jpeg"}],"author":"Abrah\u00e3o Crispim Filho","twitter_card":"summary_large_image","twitter_misc":{"Escrito por":"Abrah\u00e3o Crispim Filho","Est. tempo de leitura":"2 minutos"},"schema":{"@context":"https:\/\/schema.org","@graph":[{"@type":"Article","@id":"https:\/\/ocoerente.com.br\/se\/2026\/04\/29\/cohab-premium-promove-encontro-exclusivo-sobre-planejamento-patrimonial-e-impactos-da-reforma-tributaria-no-mercado-imobiliario\/#article","isPartOf":{"@id":"https:\/\/ocoerente.com.br\/se\/2026\/04\/29\/cohab-premium-promove-encontro-exclusivo-sobre-planejamento-patrimonial-e-impactos-da-reforma-tributaria-no-mercado-imobiliario\/"},"author":{"name":"Abrah\u00e3o Crispim Filho","@id":"https:\/\/ocoerente.com.br\/se\/#\/schema\/person\/1ed925f7992cb4d6d3b61e3d07b0ae08"},"headline":"Cohab Premium promove encontro exclusivo sobre planejamento patrimonial e impactos da reforma tribut\u00e1ria no mercado imobili\u00e1rio","datePublished":"2026-04-29T20:37:11+00:00","dateModified":"2026-04-29T20:37:13+00:00","mainEntityOfPage":{"@id":"https:\/\/ocoerente.com.br\/se\/2026\/04\/29\/cohab-premium-promove-encontro-exclusivo-sobre-planejamento-patrimonial-e-impactos-da-reforma-tributaria-no-mercado-imobiliario\/"},"wordCount":345,"publisher":{"@id":"https:\/\/ocoerente.com.br\/se\/#\/schema\/person\/cc6bfd9fbca465e23543b0c963d8d037"},"image":{"@id":"https:\/\/ocoerente.com.br\/se\/2026\/04\/29\/cohab-premium-promove-encontro-exclusivo-sobre-planejamento-patrimonial-e-impactos-da-reforma-tributaria-no-mercado-imobiliario\/#primaryimage"},"thumbnailUrl":"https:\/\/ocoerente.com.br\/se\/wp-content\/uploads\/2026\/04\/PHOTO-2026-04-29-11-26-02.jpg","inLanguage":"pt-BR"},{"@type":"WebPage","@id":"https:\/\/ocoerente.com.br\/se\/2026\/04\/29\/cohab-premium-promove-encontro-exclusivo-sobre-planejamento-patrimonial-e-impactos-da-reforma-tributaria-no-mercado-imobiliario\/","url":"https:\/\/ocoerente.com.br\/se\/2026\/04\/29\/cohab-premium-promove-encontro-exclusivo-sobre-planejamento-patrimonial-e-impactos-da-reforma-tributaria-no-mercado-imobiliario\/","name":"Cohab Premium promove encontro exclusivo sobre planejamento patrimonial e impactos da reforma tribut\u00e1ria no mercado imobili\u00e1rio - O Coerente","isPartOf":{"@id":"https:\/\/ocoerente.com.br\/se\/#website"},"primaryImageOfPage":{"@id":"https:\/\/ocoerente.com.br\/se\/2026\/04\/29\/cohab-premium-promove-encontro-exclusivo-sobre-planejamento-patrimonial-e-impactos-da-reforma-tributaria-no-mercado-imobiliario\/#primaryimage"},"image":{"@id":"https:\/\/ocoerente.com.br\/se\/2026\/04\/29\/cohab-premium-promove-encontro-exclusivo-sobre-planejamento-patrimonial-e-impactos-da-reforma-tributaria-no-mercado-imobiliario\/#primaryimage"},"thumbnailUrl":"https:\/\/ocoerente.com.br\/se\/wp-content\/uploads\/2026\/04\/PHOTO-2026-04-29-11-26-02.jpg","datePublished":"2026-04-29T20:37:11+00:00","dateModified":"2026-04-29T20:37:13+00:00","breadcrumb":{"@id":"https:\/\/ocoerente.com.br\/se\/2026\/04\/29\/cohab-premium-promove-encontro-exclusivo-sobre-planejamento-patrimonial-e-impactos-da-reforma-tributaria-no-mercado-imobiliario\/#breadcrumb"},"inLanguage":"pt-BR","potentialAction":[{"@type":"ReadAction","target":["https:\/\/ocoerente.com.br\/se\/2026\/04\/29\/cohab-premium-promove-encontro-exclusivo-sobre-planejamento-patrimonial-e-impactos-da-reforma-tributaria-no-mercado-imobiliario\/"]}]},{"@type":"ImageObject","inLanguage":"pt-BR","@id":"https:\/\/ocoerente.com.br\/se\/2026\/04\/29\/cohab-premium-promove-encontro-exclusivo-sobre-planejamento-patrimonial-e-impactos-da-reforma-tributaria-no-mercado-imobiliario\/#primaryimage","url":"https:\/\/ocoerente.com.br\/se\/wp-content\/uploads\/2026\/04\/PHOTO-2026-04-29-11-26-02.jpg","contentUrl":"https:\/\/ocoerente.com.br\/se\/wp-content\/uploads\/2026\/04\/PHOTO-2026-04-29-11-26-02.jpg","width":1280,"height":854},{"@type":"BreadcrumbList","@id":"https:\/\/ocoerente.com.br\/se\/2026\/04\/29\/cohab-premium-promove-encontro-exclusivo-sobre-planejamento-patrimonial-e-impactos-da-reforma-tributaria-no-mercado-imobiliario\/#breadcrumb","itemListElement":[{"@type":"ListItem","position":1,"name":"In\u00edcio","item":"https:\/\/ocoerente.com.br\/se\/"},{"@type":"ListItem","position":2,"name":"Cohab Premium promove encontro exclusivo sobre planejamento patrimonial e impactos da reforma tribut\u00e1ria no mercado imobili\u00e1rio"}]},{"@type":"WebSite","@id":"https:\/\/ocoerente.com.br\/se\/#website","url":"https:\/\/ocoerente.com.br\/se\/","name":"O Coerente","description":"","publisher":{"@id":"https:\/\/ocoerente.com.br\/se\/#\/schema\/person\/cc6bfd9fbca465e23543b0c963d8d037"},"potentialAction":[{"@type":"SearchAction","target":{"@type":"EntryPoint","urlTemplate":"https:\/\/ocoerente.com.br\/se\/?s={search_term_string}"},"query-input":{"@type":"PropertyValueSpecification","valueRequired":true,"valueName":"search_term_string"}}],"inLanguage":"pt-BR"},{"@type":["Person","Organization"],"@id":"https:\/\/ocoerente.com.br\/se\/#\/schema\/person\/cc6bfd9fbca465e23543b0c963d8d037","name":"Reda\u00e7\u00e3o","image":{"@type":"ImageObject","inLanguage":"pt-BR","@id":"https:\/\/ocoerente.com.br\/se\/wp-content\/uploads\/2020\/01\/ocoerente-1.png","url":"https:\/\/ocoerente.com.br\/se\/wp-content\/uploads\/2020\/01\/ocoerente-1.png","contentUrl":"https:\/\/ocoerente.com.br\/se\/wp-content\/uploads\/2020\/01\/ocoerente-1.png","width":50,"height":50,"caption":"Reda\u00e7\u00e3o"},"logo":{"@id":"https:\/\/ocoerente.com.br\/se\/wp-content\/uploads\/2020\/01\/ocoerente-1.png"}},{"@type":"Person","@id":"https:\/\/ocoerente.com.br\/se\/#\/schema\/person\/1ed925f7992cb4d6d3b61e3d07b0ae08","name":"Abrah\u00e3o Crispim Filho","description":"Jornalista p\u00f3s-graduado em Comunica\u00e7\u00e3o.","url":"https:\/\/ocoerente.com.br\/se\/author\/crispimcoerente\/"}]}},"_links":{"self":[{"href":"https:\/\/ocoerente.com.br\/se\/wp-json\/wp\/v2\/posts\/19343","targetHints":{"allow":["GET"]}}],"collection":[{"href":"https:\/\/ocoerente.com.br\/se\/wp-json\/wp\/v2\/posts"}],"about":[{"href":"https:\/\/ocoerente.com.br\/se\/wp-json\/wp\/v2\/types\/post"}],"author":[{"embeddable":true,"href":"https:\/\/ocoerente.com.br\/se\/wp-json\/wp\/v2\/users\/4"}],"replies":[{"embeddable":true,"href":"https:\/\/ocoerente.com.br\/se\/wp-json\/wp\/v2\/comments?post=19343"}],"version-history":[{"count":1,"href":"https:\/\/ocoerente.com.br\/se\/wp-json\/wp\/v2\/posts\/19343\/revisions"}],"predecessor-version":[{"id":19345,"href":"https:\/\/ocoerente.com.br\/se\/wp-json\/wp\/v2\/posts\/19343\/revisions\/19345"}],"wp:featuredmedia":[{"embeddable":true,"href":"https:\/\/ocoerente.com.br\/se\/wp-json\/wp\/v2\/media\/19344"}],"wp:attachment":[{"href":"https:\/\/ocoerente.com.br\/se\/wp-json\/wp\/v2\/media?parent=19343"}],"wp:term":[{"taxonomy":"category","embeddable":true,"href":"https:\/\/ocoerente.com.br\/se\/wp-json\/wp\/v2\/categories?post=19343"},{"taxonomy":"post_tag","embeddable":true,"href":"https:\/\/ocoerente.com.br\/se\/wp-json\/wp\/v2\/tags?post=19343"}],"curies":[{"name":"wp","href":"https:\/\/api.w.org\/{rel}","templated":true}]}}