{"id":19332,"date":"2026-04-27T19:37:19","date_gmt":"2026-04-27T22:37:19","guid":{"rendered":"https:\/\/ocoerente.com.br\/se\/?p=19332"},"modified":"2026-04-27T19:37:21","modified_gmt":"2026-04-27T22:37:21","slug":"ricardo-marques-protocola-representacao-no-mp-e-pede-indenizacao-por-danos-morais-contra-igua-por-falhas-no-abastecimento-de-agua","status":"publish","type":"post","link":"https:\/\/ocoerente.com.br\/se\/2026\/04\/27\/ricardo-marques-protocola-representacao-no-mp-e-pede-indenizacao-por-danos-morais-contra-igua-por-falhas-no-abastecimento-de-agua\/","title":{"rendered":"Ricardo Marques protocola representa\u00e7\u00e3o no MP e pede indeniza\u00e7\u00e3o por danos morais contra Igu\u00e1 por falhas no abastecimento de \u00e1gua"},"content":{"rendered":"\n<p>A manifesta\u00e7\u00e3o, apresentada por Ricardo Marques atrav\u00e9s de sua assessoria jur\u00eddica, sustenta que a popula\u00e7\u00e3o sergipana vem enfrentando reiteradas interrup\u00e7\u00f5es no fornecimento, instabilidade no servi\u00e7o, falta de previsibilidade e transtornos di\u00e1rios em resid\u00eancias e com\u00e9rcios.<\/p>\n\n\n\n<p>No documento encaminhado ao Minist\u00e9rio P\u00fablico de Sergipe, o principal pedido \u00e9 a abertura de investiga\u00e7\u00e3o e, se confirmadas as irregularidades, o ajuizamento de a\u00e7\u00e3o coletiva com condena\u00e7\u00e3o da concession\u00e1ria ao pagamento de danos morais coletivos em favor da sociedade sergipana.<\/p>\n\n\n\n<p>Segundo a representa\u00e7\u00e3o, a falta recorrente de \u00e1gua ultrapassa mero aborrecimento e atinge diretamente a dignidade da popula\u00e7\u00e3o, comprometendo higiene pessoal, alimenta\u00e7\u00e3o, rotina familiar, atividade comercial e sa\u00fade p\u00fablica.<\/p>\n\n\n\n<p>O texto tamb\u00e9m pede medidas imediatas de compensa\u00e7\u00e3o financeira aos consumidores, como abatimento nas contas, cashback tarif\u00e1rio e suspens\u00e3o de cobran\u00e7as em locais atingidos por desabastecimento prolongado.<\/p>\n\n\n\n<p>\u201cO cidad\u00e3o paga por um servi\u00e7o essencial e merece respeito. Quando a falha se torna rotina, a resposta precisa ser coletiva e firme\u201d, destaca trecho da manifesta\u00e7\u00e3o.<\/p>\n\n\n\n<p>Al\u00e9m da indeniza\u00e7\u00e3o coletiva, foram requeridas auditoria operacional, maior transpar\u00eancia nos comunicados oficiais, fiscaliza\u00e7\u00e3o intensiva e canal simplificado para ressarcimento individual dos consumidores prejudicados.<\/p>\n\n\n\n<p>A iniciativa reacende o debate sobre a qualidade da presta\u00e7\u00e3o do servi\u00e7o de \u00e1gua em Sergipe e sobre a responsabilidade das concession\u00e1rias diante de falhas reiteradas em servi\u00e7o p\u00fablico essencial.<\/p>\n","protected":false},"excerpt":{"rendered":"<p>A manifesta\u00e7\u00e3o, apresentada por Ricardo Marques atrav\u00e9s de sua assessoria jur\u00eddica, sustenta que a popula\u00e7\u00e3o sergipana vem enfrentando reiteradas interrup\u00e7\u00f5es no fornecimento, instabilidade no servi\u00e7o, falta de previsibilidade e transtornos di\u00e1rios em resid\u00eancias e com\u00e9rcios. No documento encaminhado ao Minist\u00e9rio P\u00fablico de Sergipe, o principal pedido \u00e9 a abertura de investiga\u00e7\u00e3o e, se confirmadas as [&hellip;]<\/p>\n","protected":false},"author":4,"featured_media":19333,"comment_status":"closed","ping_status":"closed","sticky":false,"template":"","format":"standard","meta":{"footnotes":""},"categories":[44],"tags":[],"class_list":["post-19332","post","type-post","status-publish","format-standard","has-post-thumbnail","hentry","category-politica"],"yoast_head":"<!-- This site is optimized with the Yoast SEO plugin v27.4 - https:\/\/yoast.com\/product\/yoast-seo-wordpress\/ -->\n<title>Ricardo Marques protocola representa\u00e7\u00e3o no MP e pede indeniza\u00e7\u00e3o por danos morais contra Igu\u00e1 por falhas no abastecimento de \u00e1gua - O Coerente<\/title>\n<meta name=\"robots\" content=\"index, follow, max-snippet:-1, max-image-preview:large, max-video-preview:-1\" \/>\n<link rel=\"canonical\" href=\"https:\/\/ocoerente.com.br\/se\/2026\/04\/27\/ricardo-marques-protocola-representacao-no-mp-e-pede-indenizacao-por-danos-morais-contra-igua-por-falhas-no-abastecimento-de-agua\/\" \/>\n<meta property=\"og:locale\" content=\"pt_BR\" \/>\n<meta property=\"og:type\" content=\"article\" \/>\n<meta property=\"og:title\" content=\"Ricardo Marques protocola representa\u00e7\u00e3o no MP e pede indeniza\u00e7\u00e3o por danos morais contra Igu\u00e1 por falhas no abastecimento de \u00e1gua - O Coerente\" \/>\n<meta property=\"og:description\" content=\"A manifesta\u00e7\u00e3o, apresentada por Ricardo Marques atrav\u00e9s de sua assessoria jur\u00eddica, sustenta que a popula\u00e7\u00e3o sergipana vem enfrentando reiteradas interrup\u00e7\u00f5es no fornecimento, instabilidade no servi\u00e7o, falta de previsibilidade e transtornos di\u00e1rios em resid\u00eancias e com\u00e9rcios. No documento encaminhado ao Minist\u00e9rio P\u00fablico de Sergipe, o principal pedido \u00e9 a abertura de investiga\u00e7\u00e3o e, se confirmadas as [&hellip;]\" \/>\n<meta property=\"og:url\" content=\"https:\/\/ocoerente.com.br\/se\/2026\/04\/27\/ricardo-marques-protocola-representacao-no-mp-e-pede-indenizacao-por-danos-morais-contra-igua-por-falhas-no-abastecimento-de-agua\/\" \/>\n<meta property=\"og:site_name\" content=\"O Coerente\" \/>\n<meta property=\"article:published_time\" content=\"2026-04-27T22:37:19+00:00\" \/>\n<meta property=\"article:modified_time\" content=\"2026-04-27T22:37:21+00:00\" \/>\n<meta property=\"og:image\" content=\"https:\/\/ocoerente.com.br\/se\/wp-content\/uploads\/2026\/04\/WhatsApp-Image-2026-04-27-at-08.39.33.jpeg\" \/>\n\t<meta property=\"og:image:width\" content=\"1258\" \/>\n\t<meta property=\"og:image:height\" content=\"1600\" \/>\n\t<meta property=\"og:image:type\" content=\"image\/jpeg\" \/>\n<meta name=\"author\" content=\"Abrah\u00e3o Crispim Filho\" \/>\n<meta name=\"twitter:card\" content=\"summary_large_image\" \/>\n<meta name=\"twitter:label1\" content=\"Escrito por\" \/>\n\t<meta name=\"twitter:data1\" content=\"Abrah\u00e3o Crispim Filho\" \/>\n\t<meta name=\"twitter:label2\" content=\"Est. tempo de leitura\" \/>\n\t<meta name=\"twitter:data2\" content=\"2 minutos\" \/>\n<script type=\"application\/ld+json\" class=\"yoast-schema-graph\">{\"@context\":\"https:\\\/\\\/schema.org\",\"@graph\":[{\"@type\":\"Article\",\"@id\":\"https:\\\/\\\/ocoerente.com.br\\\/se\\\/2026\\\/04\\\/27\\\/ricardo-marques-protocola-representacao-no-mp-e-pede-indenizacao-por-danos-morais-contra-igua-por-falhas-no-abastecimento-de-agua\\\/#article\",\"isPartOf\":{\"@id\":\"https:\\\/\\\/ocoerente.com.br\\\/se\\\/2026\\\/04\\\/27\\\/ricardo-marques-protocola-representacao-no-mp-e-pede-indenizacao-por-danos-morais-contra-igua-por-falhas-no-abastecimento-de-agua\\\/\"},\"author\":{\"name\":\"Abrah\u00e3o Crispim Filho\",\"@id\":\"https:\\\/\\\/ocoerente.com.br\\\/se\\\/#\\\/schema\\\/person\\\/1ed925f7992cb4d6d3b61e3d07b0ae08\"},\"headline\":\"Ricardo Marques protocola representa\u00e7\u00e3o no MP e pede indeniza\u00e7\u00e3o por danos morais contra Igu\u00e1 por falhas no abastecimento de \u00e1gua\",\"datePublished\":\"2026-04-27T22:37:19+00:00\",\"dateModified\":\"2026-04-27T22:37:21+00:00\",\"mainEntityOfPage\":{\"@id\":\"https:\\\/\\\/ocoerente.com.br\\\/se\\\/2026\\\/04\\\/27\\\/ricardo-marques-protocola-representacao-no-mp-e-pede-indenizacao-por-danos-morais-contra-igua-por-falhas-no-abastecimento-de-agua\\\/\"},\"wordCount\":271,\"publisher\":{\"@id\":\"https:\\\/\\\/ocoerente.com.br\\\/se\\\/#\\\/schema\\\/person\\\/cc6bfd9fbca465e23543b0c963d8d037\"},\"image\":{\"@id\":\"https:\\\/\\\/ocoerente.com.br\\\/se\\\/2026\\\/04\\\/27\\\/ricardo-marques-protocola-representacao-no-mp-e-pede-indenizacao-por-danos-morais-contra-igua-por-falhas-no-abastecimento-de-agua\\\/#primaryimage\"},\"thumbnailUrl\":\"https:\\\/\\\/ocoerente.com.br\\\/se\\\/wp-content\\\/uploads\\\/2026\\\/04\\\/WhatsApp-Image-2026-04-27-at-08.39.33.jpeg\",\"articleSection\":[\"Pol\u00edtica\"],\"inLanguage\":\"pt-BR\"},{\"@type\":\"WebPage\",\"@id\":\"https:\\\/\\\/ocoerente.com.br\\\/se\\\/2026\\\/04\\\/27\\\/ricardo-marques-protocola-representacao-no-mp-e-pede-indenizacao-por-danos-morais-contra-igua-por-falhas-no-abastecimento-de-agua\\\/\",\"url\":\"https:\\\/\\\/ocoerente.com.br\\\/se\\\/2026\\\/04\\\/27\\\/ricardo-marques-protocola-representacao-no-mp-e-pede-indenizacao-por-danos-morais-contra-igua-por-falhas-no-abastecimento-de-agua\\\/\",\"name\":\"Ricardo Marques protocola representa\u00e7\u00e3o no MP e pede indeniza\u00e7\u00e3o por danos morais contra Igu\u00e1 por falhas no abastecimento de \u00e1gua - O Coerente\",\"isPartOf\":{\"@id\":\"https:\\\/\\\/ocoerente.com.br\\\/se\\\/#website\"},\"primaryImageOfPage\":{\"@id\":\"https:\\\/\\\/ocoerente.com.br\\\/se\\\/2026\\\/04\\\/27\\\/ricardo-marques-protocola-representacao-no-mp-e-pede-indenizacao-por-danos-morais-contra-igua-por-falhas-no-abastecimento-de-agua\\\/#primaryimage\"},\"image\":{\"@id\":\"https:\\\/\\\/ocoerente.com.br\\\/se\\\/2026\\\/04\\\/27\\\/ricardo-marques-protocola-representacao-no-mp-e-pede-indenizacao-por-danos-morais-contra-igua-por-falhas-no-abastecimento-de-agua\\\/#primaryimage\"},\"thumbnailUrl\":\"https:\\\/\\\/ocoerente.com.br\\\/se\\\/wp-content\\\/uploads\\\/2026\\\/04\\\/WhatsApp-Image-2026-04-27-at-08.39.33.jpeg\",\"datePublished\":\"2026-04-27T22:37:19+00:00\",\"dateModified\":\"2026-04-27T22:37:21+00:00\",\"breadcrumb\":{\"@id\":\"https:\\\/\\\/ocoerente.com.br\\\/se\\\/2026\\\/04\\\/27\\\/ricardo-marques-protocola-representacao-no-mp-e-pede-indenizacao-por-danos-morais-contra-igua-por-falhas-no-abastecimento-de-agua\\\/#breadcrumb\"},\"inLanguage\":\"pt-BR\",\"potentialAction\":[{\"@type\":\"ReadAction\",\"target\":[\"https:\\\/\\\/ocoerente.com.br\\\/se\\\/2026\\\/04\\\/27\\\/ricardo-marques-protocola-representacao-no-mp-e-pede-indenizacao-por-danos-morais-contra-igua-por-falhas-no-abastecimento-de-agua\\\/\"]}]},{\"@type\":\"ImageObject\",\"inLanguage\":\"pt-BR\",\"@id\":\"https:\\\/\\\/ocoerente.com.br\\\/se\\\/2026\\\/04\\\/27\\\/ricardo-marques-protocola-representacao-no-mp-e-pede-indenizacao-por-danos-morais-contra-igua-por-falhas-no-abastecimento-de-agua\\\/#primaryimage\",\"url\":\"https:\\\/\\\/ocoerente.com.br\\\/se\\\/wp-content\\\/uploads\\\/2026\\\/04\\\/WhatsApp-Image-2026-04-27-at-08.39.33.jpeg\",\"contentUrl\":\"https:\\\/\\\/ocoerente.com.br\\\/se\\\/wp-content\\\/uploads\\\/2026\\\/04\\\/WhatsApp-Image-2026-04-27-at-08.39.33.jpeg\",\"width\":1258,\"height\":1600},{\"@type\":\"BreadcrumbList\",\"@id\":\"https:\\\/\\\/ocoerente.com.br\\\/se\\\/2026\\\/04\\\/27\\\/ricardo-marques-protocola-representacao-no-mp-e-pede-indenizacao-por-danos-morais-contra-igua-por-falhas-no-abastecimento-de-agua\\\/#breadcrumb\",\"itemListElement\":[{\"@type\":\"ListItem\",\"position\":1,\"name\":\"In\u00edcio\",\"item\":\"https:\\\/\\\/ocoerente.com.br\\\/se\\\/\"},{\"@type\":\"ListItem\",\"position\":2,\"name\":\"Ricardo Marques protocola representa\u00e7\u00e3o no MP e pede indeniza\u00e7\u00e3o por danos morais contra Igu\u00e1 por falhas no abastecimento de \u00e1gua\"}]},{\"@type\":\"WebSite\",\"@id\":\"https:\\\/\\\/ocoerente.com.br\\\/se\\\/#website\",\"url\":\"https:\\\/\\\/ocoerente.com.br\\\/se\\\/\",\"name\":\"O Coerente\",\"description\":\"\",\"publisher\":{\"@id\":\"https:\\\/\\\/ocoerente.com.br\\\/se\\\/#\\\/schema\\\/person\\\/cc6bfd9fbca465e23543b0c963d8d037\"},\"potentialAction\":[{\"@type\":\"SearchAction\",\"target\":{\"@type\":\"EntryPoint\",\"urlTemplate\":\"https:\\\/\\\/ocoerente.com.br\\\/se\\\/?s={search_term_string}\"},\"query-input\":{\"@type\":\"PropertyValueSpecification\",\"valueRequired\":true,\"valueName\":\"search_term_string\"}}],\"inLanguage\":\"pt-BR\"},{\"@type\":[\"Person\",\"Organization\"],\"@id\":\"https:\\\/\\\/ocoerente.com.br\\\/se\\\/#\\\/schema\\\/person\\\/cc6bfd9fbca465e23543b0c963d8d037\",\"name\":\"Reda\u00e7\u00e3o\",\"image\":{\"@type\":\"ImageObject\",\"inLanguage\":\"pt-BR\",\"@id\":\"https:\\\/\\\/ocoerente.com.br\\\/se\\\/wp-content\\\/uploads\\\/2020\\\/01\\\/ocoerente-1.png\",\"url\":\"https:\\\/\\\/ocoerente.com.br\\\/se\\\/wp-content\\\/uploads\\\/2020\\\/01\\\/ocoerente-1.png\",\"contentUrl\":\"https:\\\/\\\/ocoerente.com.br\\\/se\\\/wp-content\\\/uploads\\\/2020\\\/01\\\/ocoerente-1.png\",\"width\":50,\"height\":50,\"caption\":\"Reda\u00e7\u00e3o\"},\"logo\":{\"@id\":\"https:\\\/\\\/ocoerente.com.br\\\/se\\\/wp-content\\\/uploads\\\/2020\\\/01\\\/ocoerente-1.png\"}},{\"@type\":\"Person\",\"@id\":\"https:\\\/\\\/ocoerente.com.br\\\/se\\\/#\\\/schema\\\/person\\\/1ed925f7992cb4d6d3b61e3d07b0ae08\",\"name\":\"Abrah\u00e3o Crispim Filho\",\"description\":\"Jornalista p\u00f3s-graduado em Comunica\u00e7\u00e3o.\",\"url\":\"https:\\\/\\\/ocoerente.com.br\\\/se\\\/author\\\/crispimcoerente\\\/\"}]}<\/script>\n<!-- \/ Yoast SEO plugin. -->","yoast_head_json":{"title":"Ricardo Marques protocola representa\u00e7\u00e3o no MP e pede indeniza\u00e7\u00e3o por danos morais contra Igu\u00e1 por falhas no abastecimento de \u00e1gua - O Coerente","robots":{"index":"index","follow":"follow","max-snippet":"max-snippet:-1","max-image-preview":"max-image-preview:large","max-video-preview":"max-video-preview:-1"},"canonical":"https:\/\/ocoerente.com.br\/se\/2026\/04\/27\/ricardo-marques-protocola-representacao-no-mp-e-pede-indenizacao-por-danos-morais-contra-igua-por-falhas-no-abastecimento-de-agua\/","og_locale":"pt_BR","og_type":"article","og_title":"Ricardo Marques protocola representa\u00e7\u00e3o no MP e pede indeniza\u00e7\u00e3o por danos morais contra Igu\u00e1 por falhas no abastecimento de \u00e1gua - O Coerente","og_description":"A manifesta\u00e7\u00e3o, apresentada por Ricardo Marques atrav\u00e9s de sua assessoria jur\u00eddica, sustenta que a popula\u00e7\u00e3o sergipana vem enfrentando reiteradas interrup\u00e7\u00f5es no fornecimento, instabilidade no servi\u00e7o, falta de previsibilidade e transtornos di\u00e1rios em resid\u00eancias e com\u00e9rcios. No documento encaminhado ao Minist\u00e9rio P\u00fablico de Sergipe, o principal pedido \u00e9 a abertura de investiga\u00e7\u00e3o e, se confirmadas as [&hellip;]","og_url":"https:\/\/ocoerente.com.br\/se\/2026\/04\/27\/ricardo-marques-protocola-representacao-no-mp-e-pede-indenizacao-por-danos-morais-contra-igua-por-falhas-no-abastecimento-de-agua\/","og_site_name":"O Coerente","article_published_time":"2026-04-27T22:37:19+00:00","article_modified_time":"2026-04-27T22:37:21+00:00","og_image":[{"width":1258,"height":1600,"url":"https:\/\/ocoerente.com.br\/se\/wp-content\/uploads\/2026\/04\/WhatsApp-Image-2026-04-27-at-08.39.33.jpeg","type":"image\/jpeg"}],"author":"Abrah\u00e3o Crispim Filho","twitter_card":"summary_large_image","twitter_misc":{"Escrito por":"Abrah\u00e3o Crispim Filho","Est. tempo de leitura":"2 minutos"},"schema":{"@context":"https:\/\/schema.org","@graph":[{"@type":"Article","@id":"https:\/\/ocoerente.com.br\/se\/2026\/04\/27\/ricardo-marques-protocola-representacao-no-mp-e-pede-indenizacao-por-danos-morais-contra-igua-por-falhas-no-abastecimento-de-agua\/#article","isPartOf":{"@id":"https:\/\/ocoerente.com.br\/se\/2026\/04\/27\/ricardo-marques-protocola-representacao-no-mp-e-pede-indenizacao-por-danos-morais-contra-igua-por-falhas-no-abastecimento-de-agua\/"},"author":{"name":"Abrah\u00e3o Crispim Filho","@id":"https:\/\/ocoerente.com.br\/se\/#\/schema\/person\/1ed925f7992cb4d6d3b61e3d07b0ae08"},"headline":"Ricardo Marques protocola representa\u00e7\u00e3o no MP e pede indeniza\u00e7\u00e3o por danos morais contra Igu\u00e1 por falhas no abastecimento de \u00e1gua","datePublished":"2026-04-27T22:37:19+00:00","dateModified":"2026-04-27T22:37:21+00:00","mainEntityOfPage":{"@id":"https:\/\/ocoerente.com.br\/se\/2026\/04\/27\/ricardo-marques-protocola-representacao-no-mp-e-pede-indenizacao-por-danos-morais-contra-igua-por-falhas-no-abastecimento-de-agua\/"},"wordCount":271,"publisher":{"@id":"https:\/\/ocoerente.com.br\/se\/#\/schema\/person\/cc6bfd9fbca465e23543b0c963d8d037"},"image":{"@id":"https:\/\/ocoerente.com.br\/se\/2026\/04\/27\/ricardo-marques-protocola-representacao-no-mp-e-pede-indenizacao-por-danos-morais-contra-igua-por-falhas-no-abastecimento-de-agua\/#primaryimage"},"thumbnailUrl":"https:\/\/ocoerente.com.br\/se\/wp-content\/uploads\/2026\/04\/WhatsApp-Image-2026-04-27-at-08.39.33.jpeg","articleSection":["Pol\u00edtica"],"inLanguage":"pt-BR"},{"@type":"WebPage","@id":"https:\/\/ocoerente.com.br\/se\/2026\/04\/27\/ricardo-marques-protocola-representacao-no-mp-e-pede-indenizacao-por-danos-morais-contra-igua-por-falhas-no-abastecimento-de-agua\/","url":"https:\/\/ocoerente.com.br\/se\/2026\/04\/27\/ricardo-marques-protocola-representacao-no-mp-e-pede-indenizacao-por-danos-morais-contra-igua-por-falhas-no-abastecimento-de-agua\/","name":"Ricardo Marques protocola representa\u00e7\u00e3o no MP e pede indeniza\u00e7\u00e3o por danos morais contra Igu\u00e1 por falhas no abastecimento de \u00e1gua - O Coerente","isPartOf":{"@id":"https:\/\/ocoerente.com.br\/se\/#website"},"primaryImageOfPage":{"@id":"https:\/\/ocoerente.com.br\/se\/2026\/04\/27\/ricardo-marques-protocola-representacao-no-mp-e-pede-indenizacao-por-danos-morais-contra-igua-por-falhas-no-abastecimento-de-agua\/#primaryimage"},"image":{"@id":"https:\/\/ocoerente.com.br\/se\/2026\/04\/27\/ricardo-marques-protocola-representacao-no-mp-e-pede-indenizacao-por-danos-morais-contra-igua-por-falhas-no-abastecimento-de-agua\/#primaryimage"},"thumbnailUrl":"https:\/\/ocoerente.com.br\/se\/wp-content\/uploads\/2026\/04\/WhatsApp-Image-2026-04-27-at-08.39.33.jpeg","datePublished":"2026-04-27T22:37:19+00:00","dateModified":"2026-04-27T22:37:21+00:00","breadcrumb":{"@id":"https:\/\/ocoerente.com.br\/se\/2026\/04\/27\/ricardo-marques-protocola-representacao-no-mp-e-pede-indenizacao-por-danos-morais-contra-igua-por-falhas-no-abastecimento-de-agua\/#breadcrumb"},"inLanguage":"pt-BR","potentialAction":[{"@type":"ReadAction","target":["https:\/\/ocoerente.com.br\/se\/2026\/04\/27\/ricardo-marques-protocola-representacao-no-mp-e-pede-indenizacao-por-danos-morais-contra-igua-por-falhas-no-abastecimento-de-agua\/"]}]},{"@type":"ImageObject","inLanguage":"pt-BR","@id":"https:\/\/ocoerente.com.br\/se\/2026\/04\/27\/ricardo-marques-protocola-representacao-no-mp-e-pede-indenizacao-por-danos-morais-contra-igua-por-falhas-no-abastecimento-de-agua\/#primaryimage","url":"https:\/\/ocoerente.com.br\/se\/wp-content\/uploads\/2026\/04\/WhatsApp-Image-2026-04-27-at-08.39.33.jpeg","contentUrl":"https:\/\/ocoerente.com.br\/se\/wp-content\/uploads\/2026\/04\/WhatsApp-Image-2026-04-27-at-08.39.33.jpeg","width":1258,"height":1600},{"@type":"BreadcrumbList","@id":"https:\/\/ocoerente.com.br\/se\/2026\/04\/27\/ricardo-marques-protocola-representacao-no-mp-e-pede-indenizacao-por-danos-morais-contra-igua-por-falhas-no-abastecimento-de-agua\/#breadcrumb","itemListElement":[{"@type":"ListItem","position":1,"name":"In\u00edcio","item":"https:\/\/ocoerente.com.br\/se\/"},{"@type":"ListItem","position":2,"name":"Ricardo Marques protocola representa\u00e7\u00e3o no MP e pede indeniza\u00e7\u00e3o por danos morais contra Igu\u00e1 por falhas no abastecimento de \u00e1gua"}]},{"@type":"WebSite","@id":"https:\/\/ocoerente.com.br\/se\/#website","url":"https:\/\/ocoerente.com.br\/se\/","name":"O Coerente","description":"","publisher":{"@id":"https:\/\/ocoerente.com.br\/se\/#\/schema\/person\/cc6bfd9fbca465e23543b0c963d8d037"},"potentialAction":[{"@type":"SearchAction","target":{"@type":"EntryPoint","urlTemplate":"https:\/\/ocoerente.com.br\/se\/?s={search_term_string}"},"query-input":{"@type":"PropertyValueSpecification","valueRequired":true,"valueName":"search_term_string"}}],"inLanguage":"pt-BR"},{"@type":["Person","Organization"],"@id":"https:\/\/ocoerente.com.br\/se\/#\/schema\/person\/cc6bfd9fbca465e23543b0c963d8d037","name":"Reda\u00e7\u00e3o","image":{"@type":"ImageObject","inLanguage":"pt-BR","@id":"https:\/\/ocoerente.com.br\/se\/wp-content\/uploads\/2020\/01\/ocoerente-1.png","url":"https:\/\/ocoerente.com.br\/se\/wp-content\/uploads\/2020\/01\/ocoerente-1.png","contentUrl":"https:\/\/ocoerente.com.br\/se\/wp-content\/uploads\/2020\/01\/ocoerente-1.png","width":50,"height":50,"caption":"Reda\u00e7\u00e3o"},"logo":{"@id":"https:\/\/ocoerente.com.br\/se\/wp-content\/uploads\/2020\/01\/ocoerente-1.png"}},{"@type":"Person","@id":"https:\/\/ocoerente.com.br\/se\/#\/schema\/person\/1ed925f7992cb4d6d3b61e3d07b0ae08","name":"Abrah\u00e3o Crispim Filho","description":"Jornalista p\u00f3s-graduado em Comunica\u00e7\u00e3o.","url":"https:\/\/ocoerente.com.br\/se\/author\/crispimcoerente\/"}]}},"_links":{"self":[{"href":"https:\/\/ocoerente.com.br\/se\/wp-json\/wp\/v2\/posts\/19332","targetHints":{"allow":["GET"]}}],"collection":[{"href":"https:\/\/ocoerente.com.br\/se\/wp-json\/wp\/v2\/posts"}],"about":[{"href":"https:\/\/ocoerente.com.br\/se\/wp-json\/wp\/v2\/types\/post"}],"author":[{"embeddable":true,"href":"https:\/\/ocoerente.com.br\/se\/wp-json\/wp\/v2\/users\/4"}],"replies":[{"embeddable":true,"href":"https:\/\/ocoerente.com.br\/se\/wp-json\/wp\/v2\/comments?post=19332"}],"version-history":[{"count":1,"href":"https:\/\/ocoerente.com.br\/se\/wp-json\/wp\/v2\/posts\/19332\/revisions"}],"predecessor-version":[{"id":19334,"href":"https:\/\/ocoerente.com.br\/se\/wp-json\/wp\/v2\/posts\/19332\/revisions\/19334"}],"wp:featuredmedia":[{"embeddable":true,"href":"https:\/\/ocoerente.com.br\/se\/wp-json\/wp\/v2\/media\/19333"}],"wp:attachment":[{"href":"https:\/\/ocoerente.com.br\/se\/wp-json\/wp\/v2\/media?parent=19332"}],"wp:term":[{"taxonomy":"category","embeddable":true,"href":"https:\/\/ocoerente.com.br\/se\/wp-json\/wp\/v2\/categories?post=19332"},{"taxonomy":"post_tag","embeddable":true,"href":"https:\/\/ocoerente.com.br\/se\/wp-json\/wp\/v2\/tags?post=19332"}],"curies":[{"name":"wp","href":"https:\/\/api.w.org\/{rel}","templated":true}]}}