{"id":19329,"date":"2026-04-24T15:31:31","date_gmt":"2026-04-24T18:31:31","guid":{"rendered":"https:\/\/ocoerente.com.br\/se\/?p=19329"},"modified":"2026-04-24T15:31:33","modified_gmt":"2026-04-24T18:31:33","slug":"uma-viagem-as-profundezas-submarino-amarelo-retorna-e-revela-os-segredos-do-oceano","status":"publish","type":"post","link":"https:\/\/ocoerente.com.br\/se\/2026\/04\/24\/uma-viagem-as-profundezas-submarino-amarelo-retorna-e-revela-os-segredos-do-oceano\/","title":{"rendered":"Uma viagem \u00e0s profundezas: Submarino Amarelo retorna e revela os segredos do oceano"},"content":{"rendered":"\n<p>A bordo do Submarino Amarelo, a sensa\u00e7\u00e3o \u00e9 de estar cada vez mais perto do fundo do mar. \u00c0 medida que mergulhamos nas profundezas do oceano, a luz se torna mais escassa, o ambiente mais silencioso e tudo ao redor ganha tons misteriosos.<br><br>\u00c9 nesse clima de descoberta que o Submarino Amarelo retorna aos museus da Funda\u00e7\u00e3o Projeto Tamar, em Praia do Forte e Aracaju, convidando o p\u00fablico a conhecer um universo ainda pouco explorado. Inspirada na m\u00fasica \u201cYellow Submarine\u201d, a exposi\u00e7\u00e3o, que marcou a hist\u00f3ria da Funda\u00e7\u00e3o, volta ap\u00f3s o sucesso de visita\u00e7\u00e3o, reunindo crian\u00e7as, jovens e adultos em uma experi\u00eancia exclusiva que revela a diversidade da vida marinha e amplia o olhar sobre os mist\u00e9rios do oceano.<br><br>O percurso da exposi\u00e7\u00e3o conduz o visitante por um ambiente inspirado nas zonas profundas do mar. Ao longo do caminho, ilustra\u00e7\u00f5es nas paredes funcionam como pistas do que ser\u00e1 encontrado nos aqu\u00e1rios, que reproduzem os habitats naturais das esp\u00e9cies apresentadas. Da moreia timbalada ao tubar\u00e3o pintado, passando pelo enigm\u00e1tico peixe-bruxa e pela curiosa barata-gigante, a experi\u00eancia revela esp\u00e9cies desconhecidas que, at\u00e9 pouco tempo atr\u00e1s, s\u00f3 podiam ser vistas em ambientes que, para o ser humano, s\u00f3 \u00e9 poss\u00edvel alcan\u00e7ar a bordo de um submarino.<br><br>A ideia da exposi\u00e7\u00e3o nasceu a partir de pesquisas cient\u00edficas, realizadas pela Funda\u00e7\u00e3o Projeto Tamar com foco na conserva\u00e7\u00e3o das tartarugas marinhas, com anz\u00f3is circulares, que reduzem os impactos da captura acidental pela pesca. Ao longo desses estudos, que integram o Programa Nacional de Redu\u00e7\u00e3o das Capturas Acidentais de Tartarugas Marinhas pela Pesca (PNRTM), os pesquisadores passaram a acessar grandes profundidades do oceano em Praia do Forte, entre 200 e 1.200 metros, o que resultou n\u00e3o apenas na prote\u00e7\u00e3o das tartarugas, mas tamb\u00e9m na descoberta de novas esp\u00e9cies e em avan\u00e7os no entendimento da biologia dos animais que habitam as profundezas do oceano.<br><br>Foi nesse contexto que pesquisadores identificaram esp\u00e9cies novas para o mundo, al\u00e9m de novos registros de fam\u00edlias e g\u00eaneros para o Brasil e para o Atl\u00e2ntico Sul. Algumas dessas descobertas podem ser conhecidas de perto na exposi\u00e7\u00e3o, aproximando o p\u00fablico da ci\u00eancia de forma acess\u00edvel, curiosa e envolvente.<br>Mais do que uma exposi\u00e7\u00e3o, o Submarino Amarelo \u00e9 um importante instrumento de sensibiliza\u00e7\u00e3o ambiental. Ao longo do percurso, o visitante descobre que proteger as tartarugas marinhas tamb\u00e9m significa conservar todo o ambiente marinho e compreender a rica biodiversidade de uma das regi\u00f5es mais misteriosas e menos exploradas do planeta.<br><br>Servi\u00e7o:<br>Local : Funda\u00e7\u00e3o Projeto Tamar<br>Hor\u00e1rios de Funcionamento:<br>Todos os dias sess\u00f5es: 10:30, 11:30, 14:00, 16:00<br>End: Av. Santos Dumont, 1010, Atalaia.<br>Tel: (79) 3243-3214<\/p>\n","protected":false},"excerpt":{"rendered":"<p>A bordo do Submarino Amarelo, a sensa\u00e7\u00e3o \u00e9 de estar cada vez mais perto do fundo do mar. \u00c0 medida que mergulhamos nas profundezas do oceano, a luz se torna mais escassa, o ambiente mais silencioso e tudo ao redor ganha tons misteriosos. \u00c9 nesse clima de descoberta que o Submarino Amarelo retorna aos museus [&hellip;]<\/p>\n","protected":false},"author":4,"featured_media":19330,"comment_status":"closed","ping_status":"closed","sticky":false,"template":"","format":"standard","meta":{"footnotes":""},"categories":[1],"tags":[],"class_list":["post-19329","post","type-post","status-publish","format-standard","has-post-thumbnail","hentry","category-sem-categoria"],"yoast_head":"<!-- This site is optimized with the Yoast SEO plugin v27.4 - https:\/\/yoast.com\/product\/yoast-seo-wordpress\/ -->\n<title>Uma viagem \u00e0s profundezas: Submarino Amarelo retorna e revela os segredos do oceano - O Coerente<\/title>\n<meta name=\"robots\" content=\"index, follow, max-snippet:-1, max-image-preview:large, max-video-preview:-1\" \/>\n<link rel=\"canonical\" href=\"https:\/\/ocoerente.com.br\/se\/2026\/04\/24\/uma-viagem-as-profundezas-submarino-amarelo-retorna-e-revela-os-segredos-do-oceano\/\" \/>\n<meta property=\"og:locale\" content=\"pt_BR\" \/>\n<meta property=\"og:type\" content=\"article\" \/>\n<meta property=\"og:title\" content=\"Uma viagem \u00e0s profundezas: Submarino Amarelo retorna e revela os segredos do oceano - O Coerente\" \/>\n<meta property=\"og:description\" content=\"A bordo do Submarino Amarelo, a sensa\u00e7\u00e3o \u00e9 de estar cada vez mais perto do fundo do mar. \u00c0 medida que mergulhamos nas profundezas do oceano, a luz se torna mais escassa, o ambiente mais silencioso e tudo ao redor ganha tons misteriosos. \u00c9 nesse clima de descoberta que o Submarino Amarelo retorna aos museus [&hellip;]\" \/>\n<meta property=\"og:url\" content=\"https:\/\/ocoerente.com.br\/se\/2026\/04\/24\/uma-viagem-as-profundezas-submarino-amarelo-retorna-e-revela-os-segredos-do-oceano\/\" \/>\n<meta property=\"og:site_name\" content=\"O Coerente\" \/>\n<meta property=\"article:published_time\" content=\"2026-04-24T18:31:31+00:00\" \/>\n<meta property=\"article:modified_time\" content=\"2026-04-24T18:31:33+00:00\" \/>\n<meta property=\"og:image\" content=\"https:\/\/ocoerente.com.br\/se\/wp-content\/uploads\/2026\/04\/IMG-20260205-WA0031.jpg-scaled.jpeg\" \/>\n\t<meta property=\"og:image:width\" content=\"2560\" \/>\n\t<meta property=\"og:image:height\" content=\"1920\" \/>\n\t<meta property=\"og:image:type\" content=\"image\/jpeg\" \/>\n<meta name=\"author\" content=\"Abrah\u00e3o Crispim Filho\" \/>\n<meta name=\"twitter:card\" content=\"summary_large_image\" \/>\n<meta name=\"twitter:label1\" content=\"Escrito por\" \/>\n\t<meta name=\"twitter:data1\" content=\"Abrah\u00e3o Crispim Filho\" \/>\n\t<meta name=\"twitter:label2\" content=\"Est. tempo de leitura\" \/>\n\t<meta name=\"twitter:data2\" content=\"3 minutos\" \/>\n<script type=\"application\/ld+json\" class=\"yoast-schema-graph\">{\"@context\":\"https:\\\/\\\/schema.org\",\"@graph\":[{\"@type\":\"Article\",\"@id\":\"https:\\\/\\\/ocoerente.com.br\\\/se\\\/2026\\\/04\\\/24\\\/uma-viagem-as-profundezas-submarino-amarelo-retorna-e-revela-os-segredos-do-oceano\\\/#article\",\"isPartOf\":{\"@id\":\"https:\\\/\\\/ocoerente.com.br\\\/se\\\/2026\\\/04\\\/24\\\/uma-viagem-as-profundezas-submarino-amarelo-retorna-e-revela-os-segredos-do-oceano\\\/\"},\"author\":{\"name\":\"Abrah\u00e3o Crispim Filho\",\"@id\":\"https:\\\/\\\/ocoerente.com.br\\\/se\\\/#\\\/schema\\\/person\\\/1ed925f7992cb4d6d3b61e3d07b0ae08\"},\"headline\":\"Uma viagem \u00e0s profundezas: Submarino Amarelo retorna e revela os segredos do oceano\",\"datePublished\":\"2026-04-24T18:31:31+00:00\",\"dateModified\":\"2026-04-24T18:31:33+00:00\",\"mainEntityOfPage\":{\"@id\":\"https:\\\/\\\/ocoerente.com.br\\\/se\\\/2026\\\/04\\\/24\\\/uma-viagem-as-profundezas-submarino-amarelo-retorna-e-revela-os-segredos-do-oceano\\\/\"},\"wordCount\":479,\"publisher\":{\"@id\":\"https:\\\/\\\/ocoerente.com.br\\\/se\\\/#\\\/schema\\\/person\\\/cc6bfd9fbca465e23543b0c963d8d037\"},\"image\":{\"@id\":\"https:\\\/\\\/ocoerente.com.br\\\/se\\\/2026\\\/04\\\/24\\\/uma-viagem-as-profundezas-submarino-amarelo-retorna-e-revela-os-segredos-do-oceano\\\/#primaryimage\"},\"thumbnailUrl\":\"https:\\\/\\\/ocoerente.com.br\\\/se\\\/wp-content\\\/uploads\\\/2026\\\/04\\\/IMG-20260205-WA0031.jpg-scaled.jpeg\",\"inLanguage\":\"pt-BR\"},{\"@type\":\"WebPage\",\"@id\":\"https:\\\/\\\/ocoerente.com.br\\\/se\\\/2026\\\/04\\\/24\\\/uma-viagem-as-profundezas-submarino-amarelo-retorna-e-revela-os-segredos-do-oceano\\\/\",\"url\":\"https:\\\/\\\/ocoerente.com.br\\\/se\\\/2026\\\/04\\\/24\\\/uma-viagem-as-profundezas-submarino-amarelo-retorna-e-revela-os-segredos-do-oceano\\\/\",\"name\":\"Uma viagem \u00e0s profundezas: Submarino Amarelo retorna e revela os segredos do oceano - O Coerente\",\"isPartOf\":{\"@id\":\"https:\\\/\\\/ocoerente.com.br\\\/se\\\/#website\"},\"primaryImageOfPage\":{\"@id\":\"https:\\\/\\\/ocoerente.com.br\\\/se\\\/2026\\\/04\\\/24\\\/uma-viagem-as-profundezas-submarino-amarelo-retorna-e-revela-os-segredos-do-oceano\\\/#primaryimage\"},\"image\":{\"@id\":\"https:\\\/\\\/ocoerente.com.br\\\/se\\\/2026\\\/04\\\/24\\\/uma-viagem-as-profundezas-submarino-amarelo-retorna-e-revela-os-segredos-do-oceano\\\/#primaryimage\"},\"thumbnailUrl\":\"https:\\\/\\\/ocoerente.com.br\\\/se\\\/wp-content\\\/uploads\\\/2026\\\/04\\\/IMG-20260205-WA0031.jpg-scaled.jpeg\",\"datePublished\":\"2026-04-24T18:31:31+00:00\",\"dateModified\":\"2026-04-24T18:31:33+00:00\",\"breadcrumb\":{\"@id\":\"https:\\\/\\\/ocoerente.com.br\\\/se\\\/2026\\\/04\\\/24\\\/uma-viagem-as-profundezas-submarino-amarelo-retorna-e-revela-os-segredos-do-oceano\\\/#breadcrumb\"},\"inLanguage\":\"pt-BR\",\"potentialAction\":[{\"@type\":\"ReadAction\",\"target\":[\"https:\\\/\\\/ocoerente.com.br\\\/se\\\/2026\\\/04\\\/24\\\/uma-viagem-as-profundezas-submarino-amarelo-retorna-e-revela-os-segredos-do-oceano\\\/\"]}]},{\"@type\":\"ImageObject\",\"inLanguage\":\"pt-BR\",\"@id\":\"https:\\\/\\\/ocoerente.com.br\\\/se\\\/2026\\\/04\\\/24\\\/uma-viagem-as-profundezas-submarino-amarelo-retorna-e-revela-os-segredos-do-oceano\\\/#primaryimage\",\"url\":\"https:\\\/\\\/ocoerente.com.br\\\/se\\\/wp-content\\\/uploads\\\/2026\\\/04\\\/IMG-20260205-WA0031.jpg-scaled.jpeg\",\"contentUrl\":\"https:\\\/\\\/ocoerente.com.br\\\/se\\\/wp-content\\\/uploads\\\/2026\\\/04\\\/IMG-20260205-WA0031.jpg-scaled.jpeg\",\"width\":2560,\"height\":1920},{\"@type\":\"BreadcrumbList\",\"@id\":\"https:\\\/\\\/ocoerente.com.br\\\/se\\\/2026\\\/04\\\/24\\\/uma-viagem-as-profundezas-submarino-amarelo-retorna-e-revela-os-segredos-do-oceano\\\/#breadcrumb\",\"itemListElement\":[{\"@type\":\"ListItem\",\"position\":1,\"name\":\"In\u00edcio\",\"item\":\"https:\\\/\\\/ocoerente.com.br\\\/se\\\/\"},{\"@type\":\"ListItem\",\"position\":2,\"name\":\"Uma viagem \u00e0s profundezas: Submarino Amarelo retorna e revela os segredos do oceano\"}]},{\"@type\":\"WebSite\",\"@id\":\"https:\\\/\\\/ocoerente.com.br\\\/se\\\/#website\",\"url\":\"https:\\\/\\\/ocoerente.com.br\\\/se\\\/\",\"name\":\"O Coerente\",\"description\":\"\",\"publisher\":{\"@id\":\"https:\\\/\\\/ocoerente.com.br\\\/se\\\/#\\\/schema\\\/person\\\/cc6bfd9fbca465e23543b0c963d8d037\"},\"potentialAction\":[{\"@type\":\"SearchAction\",\"target\":{\"@type\":\"EntryPoint\",\"urlTemplate\":\"https:\\\/\\\/ocoerente.com.br\\\/se\\\/?s={search_term_string}\"},\"query-input\":{\"@type\":\"PropertyValueSpecification\",\"valueRequired\":true,\"valueName\":\"search_term_string\"}}],\"inLanguage\":\"pt-BR\"},{\"@type\":[\"Person\",\"Organization\"],\"@id\":\"https:\\\/\\\/ocoerente.com.br\\\/se\\\/#\\\/schema\\\/person\\\/cc6bfd9fbca465e23543b0c963d8d037\",\"name\":\"Reda\u00e7\u00e3o\",\"image\":{\"@type\":\"ImageObject\",\"inLanguage\":\"pt-BR\",\"@id\":\"https:\\\/\\\/ocoerente.com.br\\\/se\\\/wp-content\\\/uploads\\\/2020\\\/01\\\/ocoerente-1.png\",\"url\":\"https:\\\/\\\/ocoerente.com.br\\\/se\\\/wp-content\\\/uploads\\\/2020\\\/01\\\/ocoerente-1.png\",\"contentUrl\":\"https:\\\/\\\/ocoerente.com.br\\\/se\\\/wp-content\\\/uploads\\\/2020\\\/01\\\/ocoerente-1.png\",\"width\":50,\"height\":50,\"caption\":\"Reda\u00e7\u00e3o\"},\"logo\":{\"@id\":\"https:\\\/\\\/ocoerente.com.br\\\/se\\\/wp-content\\\/uploads\\\/2020\\\/01\\\/ocoerente-1.png\"}},{\"@type\":\"Person\",\"@id\":\"https:\\\/\\\/ocoerente.com.br\\\/se\\\/#\\\/schema\\\/person\\\/1ed925f7992cb4d6d3b61e3d07b0ae08\",\"name\":\"Abrah\u00e3o Crispim Filho\",\"description\":\"Jornalista p\u00f3s-graduado em Comunica\u00e7\u00e3o.\",\"url\":\"https:\\\/\\\/ocoerente.com.br\\\/se\\\/author\\\/crispimcoerente\\\/\"}]}<\/script>\n<!-- \/ Yoast SEO plugin. -->","yoast_head_json":{"title":"Uma viagem \u00e0s profundezas: Submarino Amarelo retorna e revela os segredos do oceano - O Coerente","robots":{"index":"index","follow":"follow","max-snippet":"max-snippet:-1","max-image-preview":"max-image-preview:large","max-video-preview":"max-video-preview:-1"},"canonical":"https:\/\/ocoerente.com.br\/se\/2026\/04\/24\/uma-viagem-as-profundezas-submarino-amarelo-retorna-e-revela-os-segredos-do-oceano\/","og_locale":"pt_BR","og_type":"article","og_title":"Uma viagem \u00e0s profundezas: Submarino Amarelo retorna e revela os segredos do oceano - O Coerente","og_description":"A bordo do Submarino Amarelo, a sensa\u00e7\u00e3o \u00e9 de estar cada vez mais perto do fundo do mar. \u00c0 medida que mergulhamos nas profundezas do oceano, a luz se torna mais escassa, o ambiente mais silencioso e tudo ao redor ganha tons misteriosos. \u00c9 nesse clima de descoberta que o Submarino Amarelo retorna aos museus [&hellip;]","og_url":"https:\/\/ocoerente.com.br\/se\/2026\/04\/24\/uma-viagem-as-profundezas-submarino-amarelo-retorna-e-revela-os-segredos-do-oceano\/","og_site_name":"O Coerente","article_published_time":"2026-04-24T18:31:31+00:00","article_modified_time":"2026-04-24T18:31:33+00:00","og_image":[{"width":2560,"height":1920,"url":"https:\/\/ocoerente.com.br\/se\/wp-content\/uploads\/2026\/04\/IMG-20260205-WA0031.jpg-scaled.jpeg","type":"image\/jpeg"}],"author":"Abrah\u00e3o Crispim Filho","twitter_card":"summary_large_image","twitter_misc":{"Escrito por":"Abrah\u00e3o Crispim Filho","Est. tempo de leitura":"3 minutos"},"schema":{"@context":"https:\/\/schema.org","@graph":[{"@type":"Article","@id":"https:\/\/ocoerente.com.br\/se\/2026\/04\/24\/uma-viagem-as-profundezas-submarino-amarelo-retorna-e-revela-os-segredos-do-oceano\/#article","isPartOf":{"@id":"https:\/\/ocoerente.com.br\/se\/2026\/04\/24\/uma-viagem-as-profundezas-submarino-amarelo-retorna-e-revela-os-segredos-do-oceano\/"},"author":{"name":"Abrah\u00e3o Crispim Filho","@id":"https:\/\/ocoerente.com.br\/se\/#\/schema\/person\/1ed925f7992cb4d6d3b61e3d07b0ae08"},"headline":"Uma viagem \u00e0s profundezas: Submarino Amarelo retorna e revela os segredos do oceano","datePublished":"2026-04-24T18:31:31+00:00","dateModified":"2026-04-24T18:31:33+00:00","mainEntityOfPage":{"@id":"https:\/\/ocoerente.com.br\/se\/2026\/04\/24\/uma-viagem-as-profundezas-submarino-amarelo-retorna-e-revela-os-segredos-do-oceano\/"},"wordCount":479,"publisher":{"@id":"https:\/\/ocoerente.com.br\/se\/#\/schema\/person\/cc6bfd9fbca465e23543b0c963d8d037"},"image":{"@id":"https:\/\/ocoerente.com.br\/se\/2026\/04\/24\/uma-viagem-as-profundezas-submarino-amarelo-retorna-e-revela-os-segredos-do-oceano\/#primaryimage"},"thumbnailUrl":"https:\/\/ocoerente.com.br\/se\/wp-content\/uploads\/2026\/04\/IMG-20260205-WA0031.jpg-scaled.jpeg","inLanguage":"pt-BR"},{"@type":"WebPage","@id":"https:\/\/ocoerente.com.br\/se\/2026\/04\/24\/uma-viagem-as-profundezas-submarino-amarelo-retorna-e-revela-os-segredos-do-oceano\/","url":"https:\/\/ocoerente.com.br\/se\/2026\/04\/24\/uma-viagem-as-profundezas-submarino-amarelo-retorna-e-revela-os-segredos-do-oceano\/","name":"Uma viagem \u00e0s profundezas: Submarino Amarelo retorna e revela os segredos do oceano - O Coerente","isPartOf":{"@id":"https:\/\/ocoerente.com.br\/se\/#website"},"primaryImageOfPage":{"@id":"https:\/\/ocoerente.com.br\/se\/2026\/04\/24\/uma-viagem-as-profundezas-submarino-amarelo-retorna-e-revela-os-segredos-do-oceano\/#primaryimage"},"image":{"@id":"https:\/\/ocoerente.com.br\/se\/2026\/04\/24\/uma-viagem-as-profundezas-submarino-amarelo-retorna-e-revela-os-segredos-do-oceano\/#primaryimage"},"thumbnailUrl":"https:\/\/ocoerente.com.br\/se\/wp-content\/uploads\/2026\/04\/IMG-20260205-WA0031.jpg-scaled.jpeg","datePublished":"2026-04-24T18:31:31+00:00","dateModified":"2026-04-24T18:31:33+00:00","breadcrumb":{"@id":"https:\/\/ocoerente.com.br\/se\/2026\/04\/24\/uma-viagem-as-profundezas-submarino-amarelo-retorna-e-revela-os-segredos-do-oceano\/#breadcrumb"},"inLanguage":"pt-BR","potentialAction":[{"@type":"ReadAction","target":["https:\/\/ocoerente.com.br\/se\/2026\/04\/24\/uma-viagem-as-profundezas-submarino-amarelo-retorna-e-revela-os-segredos-do-oceano\/"]}]},{"@type":"ImageObject","inLanguage":"pt-BR","@id":"https:\/\/ocoerente.com.br\/se\/2026\/04\/24\/uma-viagem-as-profundezas-submarino-amarelo-retorna-e-revela-os-segredos-do-oceano\/#primaryimage","url":"https:\/\/ocoerente.com.br\/se\/wp-content\/uploads\/2026\/04\/IMG-20260205-WA0031.jpg-scaled.jpeg","contentUrl":"https:\/\/ocoerente.com.br\/se\/wp-content\/uploads\/2026\/04\/IMG-20260205-WA0031.jpg-scaled.jpeg","width":2560,"height":1920},{"@type":"BreadcrumbList","@id":"https:\/\/ocoerente.com.br\/se\/2026\/04\/24\/uma-viagem-as-profundezas-submarino-amarelo-retorna-e-revela-os-segredos-do-oceano\/#breadcrumb","itemListElement":[{"@type":"ListItem","position":1,"name":"In\u00edcio","item":"https:\/\/ocoerente.com.br\/se\/"},{"@type":"ListItem","position":2,"name":"Uma viagem \u00e0s profundezas: Submarino Amarelo retorna e revela os segredos do oceano"}]},{"@type":"WebSite","@id":"https:\/\/ocoerente.com.br\/se\/#website","url":"https:\/\/ocoerente.com.br\/se\/","name":"O Coerente","description":"","publisher":{"@id":"https:\/\/ocoerente.com.br\/se\/#\/schema\/person\/cc6bfd9fbca465e23543b0c963d8d037"},"potentialAction":[{"@type":"SearchAction","target":{"@type":"EntryPoint","urlTemplate":"https:\/\/ocoerente.com.br\/se\/?s={search_term_string}"},"query-input":{"@type":"PropertyValueSpecification","valueRequired":true,"valueName":"search_term_string"}}],"inLanguage":"pt-BR"},{"@type":["Person","Organization"],"@id":"https:\/\/ocoerente.com.br\/se\/#\/schema\/person\/cc6bfd9fbca465e23543b0c963d8d037","name":"Reda\u00e7\u00e3o","image":{"@type":"ImageObject","inLanguage":"pt-BR","@id":"https:\/\/ocoerente.com.br\/se\/wp-content\/uploads\/2020\/01\/ocoerente-1.png","url":"https:\/\/ocoerente.com.br\/se\/wp-content\/uploads\/2020\/01\/ocoerente-1.png","contentUrl":"https:\/\/ocoerente.com.br\/se\/wp-content\/uploads\/2020\/01\/ocoerente-1.png","width":50,"height":50,"caption":"Reda\u00e7\u00e3o"},"logo":{"@id":"https:\/\/ocoerente.com.br\/se\/wp-content\/uploads\/2020\/01\/ocoerente-1.png"}},{"@type":"Person","@id":"https:\/\/ocoerente.com.br\/se\/#\/schema\/person\/1ed925f7992cb4d6d3b61e3d07b0ae08","name":"Abrah\u00e3o Crispim Filho","description":"Jornalista p\u00f3s-graduado em Comunica\u00e7\u00e3o.","url":"https:\/\/ocoerente.com.br\/se\/author\/crispimcoerente\/"}]}},"_links":{"self":[{"href":"https:\/\/ocoerente.com.br\/se\/wp-json\/wp\/v2\/posts\/19329","targetHints":{"allow":["GET"]}}],"collection":[{"href":"https:\/\/ocoerente.com.br\/se\/wp-json\/wp\/v2\/posts"}],"about":[{"href":"https:\/\/ocoerente.com.br\/se\/wp-json\/wp\/v2\/types\/post"}],"author":[{"embeddable":true,"href":"https:\/\/ocoerente.com.br\/se\/wp-json\/wp\/v2\/users\/4"}],"replies":[{"embeddable":true,"href":"https:\/\/ocoerente.com.br\/se\/wp-json\/wp\/v2\/comments?post=19329"}],"version-history":[{"count":1,"href":"https:\/\/ocoerente.com.br\/se\/wp-json\/wp\/v2\/posts\/19329\/revisions"}],"predecessor-version":[{"id":19331,"href":"https:\/\/ocoerente.com.br\/se\/wp-json\/wp\/v2\/posts\/19329\/revisions\/19331"}],"wp:featuredmedia":[{"embeddable":true,"href":"https:\/\/ocoerente.com.br\/se\/wp-json\/wp\/v2\/media\/19330"}],"wp:attachment":[{"href":"https:\/\/ocoerente.com.br\/se\/wp-json\/wp\/v2\/media?parent=19329"}],"wp:term":[{"taxonomy":"category","embeddable":true,"href":"https:\/\/ocoerente.com.br\/se\/wp-json\/wp\/v2\/categories?post=19329"},{"taxonomy":"post_tag","embeddable":true,"href":"https:\/\/ocoerente.com.br\/se\/wp-json\/wp\/v2\/tags?post=19329"}],"curies":[{"name":"wp","href":"https:\/\/api.w.org\/{rel}","templated":true}]}}