{"id":19326,"date":"2026-04-24T15:25:45","date_gmt":"2026-04-24T18:25:45","guid":{"rendered":"https:\/\/ocoerente.com.br\/se\/?p=19326"},"modified":"2026-04-24T15:25:47","modified_gmt":"2026-04-24T18:25:47","slug":"criminalistas-de-excelencia-vai-reunir-grandes-nomes-da-advocacia-nacional-em-aracaju","status":"publish","type":"post","link":"https:\/\/ocoerente.com.br\/se\/2026\/04\/24\/criminalistas-de-excelencia-vai-reunir-grandes-nomes-da-advocacia-nacional-em-aracaju\/","title":{"rendered":"&#8216;Criminalistas de Excel\u00eancia&#8217; vai reunir grandes nomes da advocacia nacional em Aracaju"},"content":{"rendered":"\n<p>Entre os dias 7 e 9 de maio, Aracaju vai ser palco do evento &#8216;Criminalistas de Excel\u00eancia&#8217; que \u00e9 um treinamento jur\u00eddico de alto n\u00edvel, voltado \u00e0 capacita\u00e7\u00e3o pr\u00e1tica de advogados e estudantes de Direito que desejam atuar ou se destacar na advocacia criminal. Nos dois primeiros dias, imers\u00e3o ser\u00e1 realizada das 8 \u00e0s 22h no audit\u00f3rio da Escola Superior da Advocacia (ESA) e no s\u00e1bado, das 9 \u00e0s 14h no Aracaju Parque Shopping. A assessoria de imprensa \u00e9 da Navarro Comunica\u00e7\u00e3o.<\/p>\n\n\n\n<p>O evento vai reunir nos 3 dias grandes nomes da advocacia criminal, com atua\u00e7\u00e3o reconhecida nacionalmente, que compartilham conhecimento baseado na experi\u00eancia real de casos, tribunais e plen\u00e1rios do j\u00fari.<\/p>\n\n\n\n<p>Com abordagens te\u00f3ricas, o &#8216;Criminalistas de Excel\u00eancia&#8217; tem como foco a pr\u00e1tica profissional, abordando desde a atua\u00e7\u00e3o na delegacia at\u00e9 o desempenho estrat\u00e9gico no Tribunal do J\u00fari, com conte\u00fados aplic\u00e1veis \u00e0 realidade da advocacia.<\/p>\n\n\n\n<p>A edi\u00e7\u00e3o de Aracaju vai contar com mais de 10 professores, al\u00e9m das participa\u00e7\u00f5es especiais, em uma imers\u00e3o que proporciona ao participante uma verdadeira virada de chave na forma de atuar na advocacia criminal.<\/p>\n\n\n\n<p>Al\u00e9m da qualifica\u00e7\u00e3o t\u00e9cnica, o evento tem objetivo de promover networking, posicionamento profissional e desenvolvimento estrat\u00e9gico da carreira, sendo uma oportunidade tanto para advogados iniciantes quanto para profissionais que buscam atualiza\u00e7\u00e3o e crescimento.<\/p>\n\n\n\n<p>O projeto foi idealizado pelo advogado criminalista Dr. Anselmo J\u00fanior, com o prop\u00f3sito de elevar o n\u00edvel da advocacia criminal por meio de forma\u00e7\u00e3o pr\u00e1tica, acess\u00edvel e de excel\u00eancia.<\/p>\n\n\n\n<p>As inscri\u00e7\u00f5es s\u00e3o limitadas e podem ser feitas atrav\u00e9s do n\u00famero (79) 99912-8058.<\/p>\n","protected":false},"excerpt":{"rendered":"<p>Entre os dias 7 e 9 de maio, Aracaju vai ser palco do evento &#8216;Criminalistas de Excel\u00eancia&#8217; que \u00e9 um treinamento jur\u00eddico de alto n\u00edvel, voltado \u00e0 capacita\u00e7\u00e3o pr\u00e1tica de advogados e estudantes de Direito que desejam atuar ou se destacar na advocacia criminal. Nos dois primeiros dias, imers\u00e3o ser\u00e1 realizada das 8 \u00e0s 22h [&hellip;]<\/p>\n","protected":false},"author":4,"featured_media":19327,"comment_status":"closed","ping_status":"closed","sticky":false,"template":"","format":"standard","meta":{"footnotes":""},"categories":[43],"tags":[],"class_list":["post-19326","post","type-post","status-publish","format-standard","has-post-thumbnail","hentry","category-sergipe"],"yoast_head":"<!-- This site is optimized with the Yoast SEO plugin v27.4 - https:\/\/yoast.com\/product\/yoast-seo-wordpress\/ -->\n<title>&#039;Criminalistas de Excel\u00eancia&#039; vai reunir grandes nomes da advocacia nacional em Aracaju - O Coerente<\/title>\n<meta name=\"robots\" content=\"index, follow, max-snippet:-1, max-image-preview:large, max-video-preview:-1\" \/>\n<link rel=\"canonical\" href=\"https:\/\/ocoerente.com.br\/se\/2026\/04\/24\/criminalistas-de-excelencia-vai-reunir-grandes-nomes-da-advocacia-nacional-em-aracaju\/\" \/>\n<meta property=\"og:locale\" content=\"pt_BR\" \/>\n<meta property=\"og:type\" content=\"article\" \/>\n<meta property=\"og:title\" content=\"&#039;Criminalistas de Excel\u00eancia&#039; vai reunir grandes nomes da advocacia nacional em Aracaju - O Coerente\" \/>\n<meta property=\"og:description\" content=\"Entre os dias 7 e 9 de maio, Aracaju vai ser palco do evento &#8216;Criminalistas de Excel\u00eancia&#8217; que \u00e9 um treinamento jur\u00eddico de alto n\u00edvel, voltado \u00e0 capacita\u00e7\u00e3o pr\u00e1tica de advogados e estudantes de Direito que desejam atuar ou se destacar na advocacia criminal. Nos dois primeiros dias, imers\u00e3o ser\u00e1 realizada das 8 \u00e0s 22h [&hellip;]\" \/>\n<meta property=\"og:url\" content=\"https:\/\/ocoerente.com.br\/se\/2026\/04\/24\/criminalistas-de-excelencia-vai-reunir-grandes-nomes-da-advocacia-nacional-em-aracaju\/\" \/>\n<meta property=\"og:site_name\" content=\"O Coerente\" \/>\n<meta property=\"article:published_time\" content=\"2026-04-24T18:25:45+00:00\" \/>\n<meta property=\"article:modified_time\" content=\"2026-04-24T18:25:47+00:00\" \/>\n<meta property=\"og:image\" content=\"https:\/\/ocoerente.com.br\/se\/wp-content\/uploads\/2026\/04\/WhatsApp-Image-2026-04-24-at-08.15.59.jpeg\" \/>\n\t<meta property=\"og:image:width\" content=\"984\" \/>\n\t<meta property=\"og:image:height\" content=\"738\" \/>\n\t<meta property=\"og:image:type\" content=\"image\/jpeg\" \/>\n<meta name=\"author\" content=\"Abrah\u00e3o Crispim Filho\" \/>\n<meta name=\"twitter:card\" content=\"summary_large_image\" \/>\n<meta name=\"twitter:label1\" content=\"Escrito por\" \/>\n\t<meta name=\"twitter:data1\" content=\"Abrah\u00e3o Crispim Filho\" \/>\n\t<meta name=\"twitter:label2\" content=\"Est. tempo de leitura\" \/>\n\t<meta name=\"twitter:data2\" content=\"2 minutos\" \/>\n<script type=\"application\/ld+json\" class=\"yoast-schema-graph\">{\"@context\":\"https:\\\/\\\/schema.org\",\"@graph\":[{\"@type\":\"Article\",\"@id\":\"https:\\\/\\\/ocoerente.com.br\\\/se\\\/2026\\\/04\\\/24\\\/criminalistas-de-excelencia-vai-reunir-grandes-nomes-da-advocacia-nacional-em-aracaju\\\/#article\",\"isPartOf\":{\"@id\":\"https:\\\/\\\/ocoerente.com.br\\\/se\\\/2026\\\/04\\\/24\\\/criminalistas-de-excelencia-vai-reunir-grandes-nomes-da-advocacia-nacional-em-aracaju\\\/\"},\"author\":{\"name\":\"Abrah\u00e3o Crispim Filho\",\"@id\":\"https:\\\/\\\/ocoerente.com.br\\\/se\\\/#\\\/schema\\\/person\\\/1ed925f7992cb4d6d3b61e3d07b0ae08\"},\"headline\":\"&#8216;Criminalistas de Excel\u00eancia&#8217; vai reunir grandes nomes da advocacia nacional em Aracaju\",\"datePublished\":\"2026-04-24T18:25:45+00:00\",\"dateModified\":\"2026-04-24T18:25:47+00:00\",\"mainEntityOfPage\":{\"@id\":\"https:\\\/\\\/ocoerente.com.br\\\/se\\\/2026\\\/04\\\/24\\\/criminalistas-de-excelencia-vai-reunir-grandes-nomes-da-advocacia-nacional-em-aracaju\\\/\"},\"wordCount\":298,\"publisher\":{\"@id\":\"https:\\\/\\\/ocoerente.com.br\\\/se\\\/#\\\/schema\\\/person\\\/cc6bfd9fbca465e23543b0c963d8d037\"},\"image\":{\"@id\":\"https:\\\/\\\/ocoerente.com.br\\\/se\\\/2026\\\/04\\\/24\\\/criminalistas-de-excelencia-vai-reunir-grandes-nomes-da-advocacia-nacional-em-aracaju\\\/#primaryimage\"},\"thumbnailUrl\":\"https:\\\/\\\/ocoerente.com.br\\\/se\\\/wp-content\\\/uploads\\\/2026\\\/04\\\/WhatsApp-Image-2026-04-24-at-08.15.59.jpeg\",\"articleSection\":[\"Sergipe\"],\"inLanguage\":\"pt-BR\"},{\"@type\":\"WebPage\",\"@id\":\"https:\\\/\\\/ocoerente.com.br\\\/se\\\/2026\\\/04\\\/24\\\/criminalistas-de-excelencia-vai-reunir-grandes-nomes-da-advocacia-nacional-em-aracaju\\\/\",\"url\":\"https:\\\/\\\/ocoerente.com.br\\\/se\\\/2026\\\/04\\\/24\\\/criminalistas-de-excelencia-vai-reunir-grandes-nomes-da-advocacia-nacional-em-aracaju\\\/\",\"name\":\"'Criminalistas de Excel\u00eancia' vai reunir grandes nomes da advocacia nacional em Aracaju - O Coerente\",\"isPartOf\":{\"@id\":\"https:\\\/\\\/ocoerente.com.br\\\/se\\\/#website\"},\"primaryImageOfPage\":{\"@id\":\"https:\\\/\\\/ocoerente.com.br\\\/se\\\/2026\\\/04\\\/24\\\/criminalistas-de-excelencia-vai-reunir-grandes-nomes-da-advocacia-nacional-em-aracaju\\\/#primaryimage\"},\"image\":{\"@id\":\"https:\\\/\\\/ocoerente.com.br\\\/se\\\/2026\\\/04\\\/24\\\/criminalistas-de-excelencia-vai-reunir-grandes-nomes-da-advocacia-nacional-em-aracaju\\\/#primaryimage\"},\"thumbnailUrl\":\"https:\\\/\\\/ocoerente.com.br\\\/se\\\/wp-content\\\/uploads\\\/2026\\\/04\\\/WhatsApp-Image-2026-04-24-at-08.15.59.jpeg\",\"datePublished\":\"2026-04-24T18:25:45+00:00\",\"dateModified\":\"2026-04-24T18:25:47+00:00\",\"breadcrumb\":{\"@id\":\"https:\\\/\\\/ocoerente.com.br\\\/se\\\/2026\\\/04\\\/24\\\/criminalistas-de-excelencia-vai-reunir-grandes-nomes-da-advocacia-nacional-em-aracaju\\\/#breadcrumb\"},\"inLanguage\":\"pt-BR\",\"potentialAction\":[{\"@type\":\"ReadAction\",\"target\":[\"https:\\\/\\\/ocoerente.com.br\\\/se\\\/2026\\\/04\\\/24\\\/criminalistas-de-excelencia-vai-reunir-grandes-nomes-da-advocacia-nacional-em-aracaju\\\/\"]}]},{\"@type\":\"ImageObject\",\"inLanguage\":\"pt-BR\",\"@id\":\"https:\\\/\\\/ocoerente.com.br\\\/se\\\/2026\\\/04\\\/24\\\/criminalistas-de-excelencia-vai-reunir-grandes-nomes-da-advocacia-nacional-em-aracaju\\\/#primaryimage\",\"url\":\"https:\\\/\\\/ocoerente.com.br\\\/se\\\/wp-content\\\/uploads\\\/2026\\\/04\\\/WhatsApp-Image-2026-04-24-at-08.15.59.jpeg\",\"contentUrl\":\"https:\\\/\\\/ocoerente.com.br\\\/se\\\/wp-content\\\/uploads\\\/2026\\\/04\\\/WhatsApp-Image-2026-04-24-at-08.15.59.jpeg\",\"width\":984,\"height\":738},{\"@type\":\"BreadcrumbList\",\"@id\":\"https:\\\/\\\/ocoerente.com.br\\\/se\\\/2026\\\/04\\\/24\\\/criminalistas-de-excelencia-vai-reunir-grandes-nomes-da-advocacia-nacional-em-aracaju\\\/#breadcrumb\",\"itemListElement\":[{\"@type\":\"ListItem\",\"position\":1,\"name\":\"In\u00edcio\",\"item\":\"https:\\\/\\\/ocoerente.com.br\\\/se\\\/\"},{\"@type\":\"ListItem\",\"position\":2,\"name\":\"&#8216;Criminalistas de Excel\u00eancia&#8217; vai reunir grandes nomes da advocacia nacional em Aracaju\"}]},{\"@type\":\"WebSite\",\"@id\":\"https:\\\/\\\/ocoerente.com.br\\\/se\\\/#website\",\"url\":\"https:\\\/\\\/ocoerente.com.br\\\/se\\\/\",\"name\":\"O Coerente\",\"description\":\"\",\"publisher\":{\"@id\":\"https:\\\/\\\/ocoerente.com.br\\\/se\\\/#\\\/schema\\\/person\\\/cc6bfd9fbca465e23543b0c963d8d037\"},\"potentialAction\":[{\"@type\":\"SearchAction\",\"target\":{\"@type\":\"EntryPoint\",\"urlTemplate\":\"https:\\\/\\\/ocoerente.com.br\\\/se\\\/?s={search_term_string}\"},\"query-input\":{\"@type\":\"PropertyValueSpecification\",\"valueRequired\":true,\"valueName\":\"search_term_string\"}}],\"inLanguage\":\"pt-BR\"},{\"@type\":[\"Person\",\"Organization\"],\"@id\":\"https:\\\/\\\/ocoerente.com.br\\\/se\\\/#\\\/schema\\\/person\\\/cc6bfd9fbca465e23543b0c963d8d037\",\"name\":\"Reda\u00e7\u00e3o\",\"image\":{\"@type\":\"ImageObject\",\"inLanguage\":\"pt-BR\",\"@id\":\"https:\\\/\\\/ocoerente.com.br\\\/se\\\/wp-content\\\/uploads\\\/2020\\\/01\\\/ocoerente-1.png\",\"url\":\"https:\\\/\\\/ocoerente.com.br\\\/se\\\/wp-content\\\/uploads\\\/2020\\\/01\\\/ocoerente-1.png\",\"contentUrl\":\"https:\\\/\\\/ocoerente.com.br\\\/se\\\/wp-content\\\/uploads\\\/2020\\\/01\\\/ocoerente-1.png\",\"width\":50,\"height\":50,\"caption\":\"Reda\u00e7\u00e3o\"},\"logo\":{\"@id\":\"https:\\\/\\\/ocoerente.com.br\\\/se\\\/wp-content\\\/uploads\\\/2020\\\/01\\\/ocoerente-1.png\"}},{\"@type\":\"Person\",\"@id\":\"https:\\\/\\\/ocoerente.com.br\\\/se\\\/#\\\/schema\\\/person\\\/1ed925f7992cb4d6d3b61e3d07b0ae08\",\"name\":\"Abrah\u00e3o Crispim Filho\",\"description\":\"Jornalista p\u00f3s-graduado em Comunica\u00e7\u00e3o.\",\"url\":\"https:\\\/\\\/ocoerente.com.br\\\/se\\\/author\\\/crispimcoerente\\\/\"}]}<\/script>\n<!-- \/ Yoast SEO plugin. -->","yoast_head_json":{"title":"'Criminalistas de Excel\u00eancia' vai reunir grandes nomes da advocacia nacional em Aracaju - O Coerente","robots":{"index":"index","follow":"follow","max-snippet":"max-snippet:-1","max-image-preview":"max-image-preview:large","max-video-preview":"max-video-preview:-1"},"canonical":"https:\/\/ocoerente.com.br\/se\/2026\/04\/24\/criminalistas-de-excelencia-vai-reunir-grandes-nomes-da-advocacia-nacional-em-aracaju\/","og_locale":"pt_BR","og_type":"article","og_title":"'Criminalistas de Excel\u00eancia' vai reunir grandes nomes da advocacia nacional em Aracaju - O Coerente","og_description":"Entre os dias 7 e 9 de maio, Aracaju vai ser palco do evento &#8216;Criminalistas de Excel\u00eancia&#8217; que \u00e9 um treinamento jur\u00eddico de alto n\u00edvel, voltado \u00e0 capacita\u00e7\u00e3o pr\u00e1tica de advogados e estudantes de Direito que desejam atuar ou se destacar na advocacia criminal. Nos dois primeiros dias, imers\u00e3o ser\u00e1 realizada das 8 \u00e0s 22h [&hellip;]","og_url":"https:\/\/ocoerente.com.br\/se\/2026\/04\/24\/criminalistas-de-excelencia-vai-reunir-grandes-nomes-da-advocacia-nacional-em-aracaju\/","og_site_name":"O Coerente","article_published_time":"2026-04-24T18:25:45+00:00","article_modified_time":"2026-04-24T18:25:47+00:00","og_image":[{"width":984,"height":738,"url":"https:\/\/ocoerente.com.br\/se\/wp-content\/uploads\/2026\/04\/WhatsApp-Image-2026-04-24-at-08.15.59.jpeg","type":"image\/jpeg"}],"author":"Abrah\u00e3o Crispim Filho","twitter_card":"summary_large_image","twitter_misc":{"Escrito por":"Abrah\u00e3o Crispim Filho","Est. tempo de leitura":"2 minutos"},"schema":{"@context":"https:\/\/schema.org","@graph":[{"@type":"Article","@id":"https:\/\/ocoerente.com.br\/se\/2026\/04\/24\/criminalistas-de-excelencia-vai-reunir-grandes-nomes-da-advocacia-nacional-em-aracaju\/#article","isPartOf":{"@id":"https:\/\/ocoerente.com.br\/se\/2026\/04\/24\/criminalistas-de-excelencia-vai-reunir-grandes-nomes-da-advocacia-nacional-em-aracaju\/"},"author":{"name":"Abrah\u00e3o Crispim Filho","@id":"https:\/\/ocoerente.com.br\/se\/#\/schema\/person\/1ed925f7992cb4d6d3b61e3d07b0ae08"},"headline":"&#8216;Criminalistas de Excel\u00eancia&#8217; vai reunir grandes nomes da advocacia nacional em Aracaju","datePublished":"2026-04-24T18:25:45+00:00","dateModified":"2026-04-24T18:25:47+00:00","mainEntityOfPage":{"@id":"https:\/\/ocoerente.com.br\/se\/2026\/04\/24\/criminalistas-de-excelencia-vai-reunir-grandes-nomes-da-advocacia-nacional-em-aracaju\/"},"wordCount":298,"publisher":{"@id":"https:\/\/ocoerente.com.br\/se\/#\/schema\/person\/cc6bfd9fbca465e23543b0c963d8d037"},"image":{"@id":"https:\/\/ocoerente.com.br\/se\/2026\/04\/24\/criminalistas-de-excelencia-vai-reunir-grandes-nomes-da-advocacia-nacional-em-aracaju\/#primaryimage"},"thumbnailUrl":"https:\/\/ocoerente.com.br\/se\/wp-content\/uploads\/2026\/04\/WhatsApp-Image-2026-04-24-at-08.15.59.jpeg","articleSection":["Sergipe"],"inLanguage":"pt-BR"},{"@type":"WebPage","@id":"https:\/\/ocoerente.com.br\/se\/2026\/04\/24\/criminalistas-de-excelencia-vai-reunir-grandes-nomes-da-advocacia-nacional-em-aracaju\/","url":"https:\/\/ocoerente.com.br\/se\/2026\/04\/24\/criminalistas-de-excelencia-vai-reunir-grandes-nomes-da-advocacia-nacional-em-aracaju\/","name":"'Criminalistas de Excel\u00eancia' vai reunir grandes nomes da advocacia nacional em Aracaju - O Coerente","isPartOf":{"@id":"https:\/\/ocoerente.com.br\/se\/#website"},"primaryImageOfPage":{"@id":"https:\/\/ocoerente.com.br\/se\/2026\/04\/24\/criminalistas-de-excelencia-vai-reunir-grandes-nomes-da-advocacia-nacional-em-aracaju\/#primaryimage"},"image":{"@id":"https:\/\/ocoerente.com.br\/se\/2026\/04\/24\/criminalistas-de-excelencia-vai-reunir-grandes-nomes-da-advocacia-nacional-em-aracaju\/#primaryimage"},"thumbnailUrl":"https:\/\/ocoerente.com.br\/se\/wp-content\/uploads\/2026\/04\/WhatsApp-Image-2026-04-24-at-08.15.59.jpeg","datePublished":"2026-04-24T18:25:45+00:00","dateModified":"2026-04-24T18:25:47+00:00","breadcrumb":{"@id":"https:\/\/ocoerente.com.br\/se\/2026\/04\/24\/criminalistas-de-excelencia-vai-reunir-grandes-nomes-da-advocacia-nacional-em-aracaju\/#breadcrumb"},"inLanguage":"pt-BR","potentialAction":[{"@type":"ReadAction","target":["https:\/\/ocoerente.com.br\/se\/2026\/04\/24\/criminalistas-de-excelencia-vai-reunir-grandes-nomes-da-advocacia-nacional-em-aracaju\/"]}]},{"@type":"ImageObject","inLanguage":"pt-BR","@id":"https:\/\/ocoerente.com.br\/se\/2026\/04\/24\/criminalistas-de-excelencia-vai-reunir-grandes-nomes-da-advocacia-nacional-em-aracaju\/#primaryimage","url":"https:\/\/ocoerente.com.br\/se\/wp-content\/uploads\/2026\/04\/WhatsApp-Image-2026-04-24-at-08.15.59.jpeg","contentUrl":"https:\/\/ocoerente.com.br\/se\/wp-content\/uploads\/2026\/04\/WhatsApp-Image-2026-04-24-at-08.15.59.jpeg","width":984,"height":738},{"@type":"BreadcrumbList","@id":"https:\/\/ocoerente.com.br\/se\/2026\/04\/24\/criminalistas-de-excelencia-vai-reunir-grandes-nomes-da-advocacia-nacional-em-aracaju\/#breadcrumb","itemListElement":[{"@type":"ListItem","position":1,"name":"In\u00edcio","item":"https:\/\/ocoerente.com.br\/se\/"},{"@type":"ListItem","position":2,"name":"&#8216;Criminalistas de Excel\u00eancia&#8217; vai reunir grandes nomes da advocacia nacional em Aracaju"}]},{"@type":"WebSite","@id":"https:\/\/ocoerente.com.br\/se\/#website","url":"https:\/\/ocoerente.com.br\/se\/","name":"O Coerente","description":"","publisher":{"@id":"https:\/\/ocoerente.com.br\/se\/#\/schema\/person\/cc6bfd9fbca465e23543b0c963d8d037"},"potentialAction":[{"@type":"SearchAction","target":{"@type":"EntryPoint","urlTemplate":"https:\/\/ocoerente.com.br\/se\/?s={search_term_string}"},"query-input":{"@type":"PropertyValueSpecification","valueRequired":true,"valueName":"search_term_string"}}],"inLanguage":"pt-BR"},{"@type":["Person","Organization"],"@id":"https:\/\/ocoerente.com.br\/se\/#\/schema\/person\/cc6bfd9fbca465e23543b0c963d8d037","name":"Reda\u00e7\u00e3o","image":{"@type":"ImageObject","inLanguage":"pt-BR","@id":"https:\/\/ocoerente.com.br\/se\/wp-content\/uploads\/2020\/01\/ocoerente-1.png","url":"https:\/\/ocoerente.com.br\/se\/wp-content\/uploads\/2020\/01\/ocoerente-1.png","contentUrl":"https:\/\/ocoerente.com.br\/se\/wp-content\/uploads\/2020\/01\/ocoerente-1.png","width":50,"height":50,"caption":"Reda\u00e7\u00e3o"},"logo":{"@id":"https:\/\/ocoerente.com.br\/se\/wp-content\/uploads\/2020\/01\/ocoerente-1.png"}},{"@type":"Person","@id":"https:\/\/ocoerente.com.br\/se\/#\/schema\/person\/1ed925f7992cb4d6d3b61e3d07b0ae08","name":"Abrah\u00e3o Crispim Filho","description":"Jornalista p\u00f3s-graduado em Comunica\u00e7\u00e3o.","url":"https:\/\/ocoerente.com.br\/se\/author\/crispimcoerente\/"}]}},"_links":{"self":[{"href":"https:\/\/ocoerente.com.br\/se\/wp-json\/wp\/v2\/posts\/19326","targetHints":{"allow":["GET"]}}],"collection":[{"href":"https:\/\/ocoerente.com.br\/se\/wp-json\/wp\/v2\/posts"}],"about":[{"href":"https:\/\/ocoerente.com.br\/se\/wp-json\/wp\/v2\/types\/post"}],"author":[{"embeddable":true,"href":"https:\/\/ocoerente.com.br\/se\/wp-json\/wp\/v2\/users\/4"}],"replies":[{"embeddable":true,"href":"https:\/\/ocoerente.com.br\/se\/wp-json\/wp\/v2\/comments?post=19326"}],"version-history":[{"count":1,"href":"https:\/\/ocoerente.com.br\/se\/wp-json\/wp\/v2\/posts\/19326\/revisions"}],"predecessor-version":[{"id":19328,"href":"https:\/\/ocoerente.com.br\/se\/wp-json\/wp\/v2\/posts\/19326\/revisions\/19328"}],"wp:featuredmedia":[{"embeddable":true,"href":"https:\/\/ocoerente.com.br\/se\/wp-json\/wp\/v2\/media\/19327"}],"wp:attachment":[{"href":"https:\/\/ocoerente.com.br\/se\/wp-json\/wp\/v2\/media?parent=19326"}],"wp:term":[{"taxonomy":"category","embeddable":true,"href":"https:\/\/ocoerente.com.br\/se\/wp-json\/wp\/v2\/categories?post=19326"},{"taxonomy":"post_tag","embeddable":true,"href":"https:\/\/ocoerente.com.br\/se\/wp-json\/wp\/v2\/tags?post=19326"}],"curies":[{"name":"wp","href":"https:\/\/api.w.org\/{rel}","templated":true}]}}