{"id":19323,"date":"2026-04-24T15:04:38","date_gmt":"2026-04-24T18:04:38","guid":{"rendered":"https:\/\/ocoerente.com.br\/se\/?p=19323"},"modified":"2026-04-24T15:04:41","modified_gmt":"2026-04-24T18:04:41","slug":"davi-contra-golias-ricardo-marques-contra-tudo-e-contra-todos","status":"publish","type":"post","link":"https:\/\/ocoerente.com.br\/se\/2026\/04\/24\/davi-contra-golias-ricardo-marques-contra-tudo-e-contra-todos\/","title":{"rendered":"Davi contra Golias: Ricardo Marques contra tudo e contra todos"},"content":{"rendered":"\n<p><em>Por David Portugal<\/em><\/p>\n\n\n\n<p>Que ningu\u00e9m tenha d\u00favidas do valor simb\u00f3lico e cultural das Escrituras Sagradas. A B\u00edblia n\u00e3o \u00e9 o livro mais vendido do mundo em v\u00e3o; assim o \u00e9 por tudo o que representa, carrega e transmite em suas p\u00e1ginas. Fa\u00e7a voc\u00ea mesmo o teste: abra sua B\u00edblia em uma p\u00e1gina aleat\u00f3ria e certamente ser\u00e1 poss\u00edvel extrair dali alguma li\u00e7\u00e3o, aprendizado ou mesmo direcionamento para o seu dia e\/ou sua vida.<\/p>\n\n\n\n<p>Sendo assim, no texto de hoje, quero recorrer \u00e0 hist\u00f3ria contada no livro de Samuel, em especial ao relato da batalha entre Davi e Golias, e tra\u00e7ar um paralelo com a atual disputa pelo Governo do Estado de Sergipe.<\/p>\n\n\n\n<p>As janelas partid\u00e1rias se fecharam, as filia\u00e7\u00f5es cessaram, as alian\u00e7as come\u00e7am a se firmar e a poeira come\u00e7a a se assentar. At\u00e9 agosto, data marcada para as conven\u00e7\u00f5es partid\u00e1rias, muita coisa pode acontecer. Todavia, existe um cen\u00e1rio que come\u00e7a a ficar mais claro com o passar dos dias.<\/p>\n\n\n\n<p>Um homem antes esquecido, ignorado e humilhado volta ao campo de combate pol\u00edtico e j\u00e1 come\u00e7a a incomodar e tirar o sono de grandes figur\u00f5es da pol\u00edtica. Esse nome atende por Ricardo Marques, atual vice-prefeito de Aracaju e pr\u00e9-candidato a governador de Sergipe pelo Partido Liberal. Muitos foram aqueles que torceram pelo seu fim, apagamento ou mesmo exclus\u00e3o da pol\u00edtica.<\/p>\n\n\n\n<p>Entretanto, os planos divinos s\u00e3o sempre maiores e inexplic\u00e1veis. Quem imaginaria que Ricardo Marques seria escolhido pelo maior partido do Brasil para disputar uma elei\u00e7\u00e3o em n\u00edvel estadual? Quem haveria de prever que seu nome apareceria t\u00e3o bem nas primeiras pesquisas eleitorais? Quem poderia acreditar que Fl\u00e1vio Bolsonaro, presidenci\u00e1vel de direita e com grandes chances de ser o pr\u00f3ximo presidente do Brasil, confiaria na futura candidatura de Ricardo Marques?<\/p>\n\n\n\n<p>Todas essas perguntas ecoam nos ouvidos e nas mentes de seus futuros advers\u00e1rios nessa corrida eleitoral. As pe\u00e7as est\u00e3o postas, os principais nomes j\u00e1 se apresentaram para o jogo e, agora, mais do que nunca, \u00e9 uma luta di\u00e1ria pelo apoio popular.<\/p>\n\n\n\n<p>Nesse sentido, Ricardo Marques surge tal como Davi: sem heran\u00e7a pol\u00edtica, sem o apoio das grandes m\u00e1quinas, sem grandes acordos ou alian\u00e7as partid\u00e1rias, mas municiado com a coragem, a f\u00e9 e a determina\u00e7\u00e3o que j\u00e1 provou possuir.<\/p>\n\n\n\n<p>Muitos foram aqueles que zombaram de Davi quando este se prontificou a lutar contra o gigante Golias. E a hist\u00f3ria, como bem sabemos, mostrou que o filisteu foi derrotado por um pastor de ovelhas, que portava um cajado, cinco pedras e uma atiradeira.<\/p>\n\n\n\n<p>Ricardo Marques ter\u00e1 pela frente o desafio de lutar contra gigantes nesta campanha. Mas, assim como nos ensina a B\u00edblia, hei daqueles que duvidarem da for\u00e7a que reside em Deus e naqueles que s\u00e3o guiados por Ele.<\/p>\n\n\n\n<p>Ricardo Marques ter\u00e1 pela frente o desafio de lutar contra gigantes nesta campanha. Mas a hist\u00f3ria b\u00edblica nos mostra que gigantes possuem fraquezas e estruturas n\u00e3o garantem vit\u00f3ria alguma, na verdade, elas caem diante de prop\u00f3sito.<\/p>\n\n\n\n<p>H\u00e1 momentos em que Deus permite grandes desafios n\u00e3o para nos parar, mas para revelar quem est\u00e1 disposto a enfrent\u00e1-los. E, ao longo das Escrituras, nunca foram os mais preparados que fizeram hist\u00f3ria, mas os mais obedientes e tementes a Deus.<\/p>\n\n\n\n<p>Este \u00e9 um tempo de posicionamento. Um tempo em que o sil\u00eancio tamb\u00e9m \u00e9 uma escolha. Porque quando homens e mulheres de Deus decidem se levantar, aquilo que parecia imposs\u00edvel come\u00e7a a se curvar diante da vontade divina.<\/p>\n","protected":false},"excerpt":{"rendered":"<p>Por David Portugal Que ningu\u00e9m tenha d\u00favidas do valor simb\u00f3lico e cultural das Escrituras Sagradas. A B\u00edblia n\u00e3o \u00e9 o livro mais vendido do mundo em v\u00e3o; assim o \u00e9 por tudo o que representa, carrega e transmite em suas p\u00e1ginas. Fa\u00e7a voc\u00ea mesmo o teste: abra sua B\u00edblia em uma p\u00e1gina aleat\u00f3ria e certamente [&hellip;]<\/p>\n","protected":false},"author":4,"featured_media":19324,"comment_status":"closed","ping_status":"closed","sticky":false,"template":"","format":"standard","meta":{"footnotes":""},"categories":[44],"tags":[],"class_list":["post-19323","post","type-post","status-publish","format-standard","has-post-thumbnail","hentry","category-politica"],"yoast_head":"<!-- This site is optimized with the Yoast SEO plugin v27.4 - https:\/\/yoast.com\/product\/yoast-seo-wordpress\/ -->\n<title>Davi contra Golias: Ricardo Marques contra tudo e contra todos - O Coerente<\/title>\n<meta name=\"robots\" content=\"index, follow, max-snippet:-1, max-image-preview:large, max-video-preview:-1\" \/>\n<link rel=\"canonical\" href=\"https:\/\/ocoerente.com.br\/se\/2026\/04\/24\/davi-contra-golias-ricardo-marques-contra-tudo-e-contra-todos\/\" \/>\n<meta property=\"og:locale\" content=\"pt_BR\" \/>\n<meta property=\"og:type\" content=\"article\" \/>\n<meta property=\"og:title\" content=\"Davi contra Golias: Ricardo Marques contra tudo e contra todos - O Coerente\" \/>\n<meta property=\"og:description\" content=\"Por David Portugal Que ningu\u00e9m tenha d\u00favidas do valor simb\u00f3lico e cultural das Escrituras Sagradas. A B\u00edblia n\u00e3o \u00e9 o livro mais vendido do mundo em v\u00e3o; assim o \u00e9 por tudo o que representa, carrega e transmite em suas p\u00e1ginas. Fa\u00e7a voc\u00ea mesmo o teste: abra sua B\u00edblia em uma p\u00e1gina aleat\u00f3ria e certamente [&hellip;]\" \/>\n<meta property=\"og:url\" content=\"https:\/\/ocoerente.com.br\/se\/2026\/04\/24\/davi-contra-golias-ricardo-marques-contra-tudo-e-contra-todos\/\" \/>\n<meta property=\"og:site_name\" content=\"O Coerente\" \/>\n<meta property=\"article:published_time\" content=\"2026-04-24T18:04:38+00:00\" \/>\n<meta property=\"article:modified_time\" content=\"2026-04-24T18:04:41+00:00\" \/>\n<meta property=\"og:image\" content=\"https:\/\/ocoerente.com.br\/se\/wp-content\/uploads\/2026\/04\/WhatsApp-Image-2026-04-23-at-12.01.00.jpeg\" \/>\n\t<meta property=\"og:image:width\" content=\"1402\" \/>\n\t<meta property=\"og:image:height\" content=\"1122\" \/>\n\t<meta property=\"og:image:type\" content=\"image\/jpeg\" \/>\n<meta name=\"author\" content=\"Abrah\u00e3o Crispim Filho\" \/>\n<meta name=\"twitter:card\" content=\"summary_large_image\" \/>\n<meta name=\"twitter:label1\" content=\"Escrito por\" \/>\n\t<meta name=\"twitter:data1\" content=\"Abrah\u00e3o Crispim Filho\" \/>\n\t<meta name=\"twitter:label2\" content=\"Est. tempo de leitura\" \/>\n\t<meta name=\"twitter:data2\" content=\"4 minutos\" \/>\n<script type=\"application\/ld+json\" class=\"yoast-schema-graph\">{\"@context\":\"https:\\\/\\\/schema.org\",\"@graph\":[{\"@type\":\"Article\",\"@id\":\"https:\\\/\\\/ocoerente.com.br\\\/se\\\/2026\\\/04\\\/24\\\/davi-contra-golias-ricardo-marques-contra-tudo-e-contra-todos\\\/#article\",\"isPartOf\":{\"@id\":\"https:\\\/\\\/ocoerente.com.br\\\/se\\\/2026\\\/04\\\/24\\\/davi-contra-golias-ricardo-marques-contra-tudo-e-contra-todos\\\/\"},\"author\":{\"name\":\"Abrah\u00e3o Crispim Filho\",\"@id\":\"https:\\\/\\\/ocoerente.com.br\\\/se\\\/#\\\/schema\\\/person\\\/1ed925f7992cb4d6d3b61e3d07b0ae08\"},\"headline\":\"Davi contra Golias: Ricardo Marques contra tudo e contra todos\",\"datePublished\":\"2026-04-24T18:04:38+00:00\",\"dateModified\":\"2026-04-24T18:04:41+00:00\",\"mainEntityOfPage\":{\"@id\":\"https:\\\/\\\/ocoerente.com.br\\\/se\\\/2026\\\/04\\\/24\\\/davi-contra-golias-ricardo-marques-contra-tudo-e-contra-todos\\\/\"},\"wordCount\":632,\"publisher\":{\"@id\":\"https:\\\/\\\/ocoerente.com.br\\\/se\\\/#\\\/schema\\\/person\\\/cc6bfd9fbca465e23543b0c963d8d037\"},\"image\":{\"@id\":\"https:\\\/\\\/ocoerente.com.br\\\/se\\\/2026\\\/04\\\/24\\\/davi-contra-golias-ricardo-marques-contra-tudo-e-contra-todos\\\/#primaryimage\"},\"thumbnailUrl\":\"https:\\\/\\\/ocoerente.com.br\\\/se\\\/wp-content\\\/uploads\\\/2026\\\/04\\\/WhatsApp-Image-2026-04-23-at-12.01.00.jpeg\",\"articleSection\":[\"Pol\u00edtica\"],\"inLanguage\":\"pt-BR\"},{\"@type\":\"WebPage\",\"@id\":\"https:\\\/\\\/ocoerente.com.br\\\/se\\\/2026\\\/04\\\/24\\\/davi-contra-golias-ricardo-marques-contra-tudo-e-contra-todos\\\/\",\"url\":\"https:\\\/\\\/ocoerente.com.br\\\/se\\\/2026\\\/04\\\/24\\\/davi-contra-golias-ricardo-marques-contra-tudo-e-contra-todos\\\/\",\"name\":\"Davi contra Golias: Ricardo Marques contra tudo e contra todos - O Coerente\",\"isPartOf\":{\"@id\":\"https:\\\/\\\/ocoerente.com.br\\\/se\\\/#website\"},\"primaryImageOfPage\":{\"@id\":\"https:\\\/\\\/ocoerente.com.br\\\/se\\\/2026\\\/04\\\/24\\\/davi-contra-golias-ricardo-marques-contra-tudo-e-contra-todos\\\/#primaryimage\"},\"image\":{\"@id\":\"https:\\\/\\\/ocoerente.com.br\\\/se\\\/2026\\\/04\\\/24\\\/davi-contra-golias-ricardo-marques-contra-tudo-e-contra-todos\\\/#primaryimage\"},\"thumbnailUrl\":\"https:\\\/\\\/ocoerente.com.br\\\/se\\\/wp-content\\\/uploads\\\/2026\\\/04\\\/WhatsApp-Image-2026-04-23-at-12.01.00.jpeg\",\"datePublished\":\"2026-04-24T18:04:38+00:00\",\"dateModified\":\"2026-04-24T18:04:41+00:00\",\"breadcrumb\":{\"@id\":\"https:\\\/\\\/ocoerente.com.br\\\/se\\\/2026\\\/04\\\/24\\\/davi-contra-golias-ricardo-marques-contra-tudo-e-contra-todos\\\/#breadcrumb\"},\"inLanguage\":\"pt-BR\",\"potentialAction\":[{\"@type\":\"ReadAction\",\"target\":[\"https:\\\/\\\/ocoerente.com.br\\\/se\\\/2026\\\/04\\\/24\\\/davi-contra-golias-ricardo-marques-contra-tudo-e-contra-todos\\\/\"]}]},{\"@type\":\"ImageObject\",\"inLanguage\":\"pt-BR\",\"@id\":\"https:\\\/\\\/ocoerente.com.br\\\/se\\\/2026\\\/04\\\/24\\\/davi-contra-golias-ricardo-marques-contra-tudo-e-contra-todos\\\/#primaryimage\",\"url\":\"https:\\\/\\\/ocoerente.com.br\\\/se\\\/wp-content\\\/uploads\\\/2026\\\/04\\\/WhatsApp-Image-2026-04-23-at-12.01.00.jpeg\",\"contentUrl\":\"https:\\\/\\\/ocoerente.com.br\\\/se\\\/wp-content\\\/uploads\\\/2026\\\/04\\\/WhatsApp-Image-2026-04-23-at-12.01.00.jpeg\",\"width\":1402,\"height\":1122},{\"@type\":\"BreadcrumbList\",\"@id\":\"https:\\\/\\\/ocoerente.com.br\\\/se\\\/2026\\\/04\\\/24\\\/davi-contra-golias-ricardo-marques-contra-tudo-e-contra-todos\\\/#breadcrumb\",\"itemListElement\":[{\"@type\":\"ListItem\",\"position\":1,\"name\":\"In\u00edcio\",\"item\":\"https:\\\/\\\/ocoerente.com.br\\\/se\\\/\"},{\"@type\":\"ListItem\",\"position\":2,\"name\":\"Davi contra Golias: Ricardo Marques contra tudo e contra todos\"}]},{\"@type\":\"WebSite\",\"@id\":\"https:\\\/\\\/ocoerente.com.br\\\/se\\\/#website\",\"url\":\"https:\\\/\\\/ocoerente.com.br\\\/se\\\/\",\"name\":\"O Coerente\",\"description\":\"\",\"publisher\":{\"@id\":\"https:\\\/\\\/ocoerente.com.br\\\/se\\\/#\\\/schema\\\/person\\\/cc6bfd9fbca465e23543b0c963d8d037\"},\"potentialAction\":[{\"@type\":\"SearchAction\",\"target\":{\"@type\":\"EntryPoint\",\"urlTemplate\":\"https:\\\/\\\/ocoerente.com.br\\\/se\\\/?s={search_term_string}\"},\"query-input\":{\"@type\":\"PropertyValueSpecification\",\"valueRequired\":true,\"valueName\":\"search_term_string\"}}],\"inLanguage\":\"pt-BR\"},{\"@type\":[\"Person\",\"Organization\"],\"@id\":\"https:\\\/\\\/ocoerente.com.br\\\/se\\\/#\\\/schema\\\/person\\\/cc6bfd9fbca465e23543b0c963d8d037\",\"name\":\"Reda\u00e7\u00e3o\",\"image\":{\"@type\":\"ImageObject\",\"inLanguage\":\"pt-BR\",\"@id\":\"https:\\\/\\\/ocoerente.com.br\\\/se\\\/wp-content\\\/uploads\\\/2020\\\/01\\\/ocoerente-1.png\",\"url\":\"https:\\\/\\\/ocoerente.com.br\\\/se\\\/wp-content\\\/uploads\\\/2020\\\/01\\\/ocoerente-1.png\",\"contentUrl\":\"https:\\\/\\\/ocoerente.com.br\\\/se\\\/wp-content\\\/uploads\\\/2020\\\/01\\\/ocoerente-1.png\",\"width\":50,\"height\":50,\"caption\":\"Reda\u00e7\u00e3o\"},\"logo\":{\"@id\":\"https:\\\/\\\/ocoerente.com.br\\\/se\\\/wp-content\\\/uploads\\\/2020\\\/01\\\/ocoerente-1.png\"}},{\"@type\":\"Person\",\"@id\":\"https:\\\/\\\/ocoerente.com.br\\\/se\\\/#\\\/schema\\\/person\\\/1ed925f7992cb4d6d3b61e3d07b0ae08\",\"name\":\"Abrah\u00e3o Crispim Filho\",\"description\":\"Jornalista p\u00f3s-graduado em Comunica\u00e7\u00e3o.\",\"url\":\"https:\\\/\\\/ocoerente.com.br\\\/se\\\/author\\\/crispimcoerente\\\/\"}]}<\/script>\n<!-- \/ Yoast SEO plugin. -->","yoast_head_json":{"title":"Davi contra Golias: Ricardo Marques contra tudo e contra todos - O Coerente","robots":{"index":"index","follow":"follow","max-snippet":"max-snippet:-1","max-image-preview":"max-image-preview:large","max-video-preview":"max-video-preview:-1"},"canonical":"https:\/\/ocoerente.com.br\/se\/2026\/04\/24\/davi-contra-golias-ricardo-marques-contra-tudo-e-contra-todos\/","og_locale":"pt_BR","og_type":"article","og_title":"Davi contra Golias: Ricardo Marques contra tudo e contra todos - O Coerente","og_description":"Por David Portugal Que ningu\u00e9m tenha d\u00favidas do valor simb\u00f3lico e cultural das Escrituras Sagradas. A B\u00edblia n\u00e3o \u00e9 o livro mais vendido do mundo em v\u00e3o; assim o \u00e9 por tudo o que representa, carrega e transmite em suas p\u00e1ginas. Fa\u00e7a voc\u00ea mesmo o teste: abra sua B\u00edblia em uma p\u00e1gina aleat\u00f3ria e certamente [&hellip;]","og_url":"https:\/\/ocoerente.com.br\/se\/2026\/04\/24\/davi-contra-golias-ricardo-marques-contra-tudo-e-contra-todos\/","og_site_name":"O Coerente","article_published_time":"2026-04-24T18:04:38+00:00","article_modified_time":"2026-04-24T18:04:41+00:00","og_image":[{"width":1402,"height":1122,"url":"https:\/\/ocoerente.com.br\/se\/wp-content\/uploads\/2026\/04\/WhatsApp-Image-2026-04-23-at-12.01.00.jpeg","type":"image\/jpeg"}],"author":"Abrah\u00e3o Crispim Filho","twitter_card":"summary_large_image","twitter_misc":{"Escrito por":"Abrah\u00e3o Crispim Filho","Est. tempo de leitura":"4 minutos"},"schema":{"@context":"https:\/\/schema.org","@graph":[{"@type":"Article","@id":"https:\/\/ocoerente.com.br\/se\/2026\/04\/24\/davi-contra-golias-ricardo-marques-contra-tudo-e-contra-todos\/#article","isPartOf":{"@id":"https:\/\/ocoerente.com.br\/se\/2026\/04\/24\/davi-contra-golias-ricardo-marques-contra-tudo-e-contra-todos\/"},"author":{"name":"Abrah\u00e3o Crispim Filho","@id":"https:\/\/ocoerente.com.br\/se\/#\/schema\/person\/1ed925f7992cb4d6d3b61e3d07b0ae08"},"headline":"Davi contra Golias: Ricardo Marques contra tudo e contra todos","datePublished":"2026-04-24T18:04:38+00:00","dateModified":"2026-04-24T18:04:41+00:00","mainEntityOfPage":{"@id":"https:\/\/ocoerente.com.br\/se\/2026\/04\/24\/davi-contra-golias-ricardo-marques-contra-tudo-e-contra-todos\/"},"wordCount":632,"publisher":{"@id":"https:\/\/ocoerente.com.br\/se\/#\/schema\/person\/cc6bfd9fbca465e23543b0c963d8d037"},"image":{"@id":"https:\/\/ocoerente.com.br\/se\/2026\/04\/24\/davi-contra-golias-ricardo-marques-contra-tudo-e-contra-todos\/#primaryimage"},"thumbnailUrl":"https:\/\/ocoerente.com.br\/se\/wp-content\/uploads\/2026\/04\/WhatsApp-Image-2026-04-23-at-12.01.00.jpeg","articleSection":["Pol\u00edtica"],"inLanguage":"pt-BR"},{"@type":"WebPage","@id":"https:\/\/ocoerente.com.br\/se\/2026\/04\/24\/davi-contra-golias-ricardo-marques-contra-tudo-e-contra-todos\/","url":"https:\/\/ocoerente.com.br\/se\/2026\/04\/24\/davi-contra-golias-ricardo-marques-contra-tudo-e-contra-todos\/","name":"Davi contra Golias: Ricardo Marques contra tudo e contra todos - O Coerente","isPartOf":{"@id":"https:\/\/ocoerente.com.br\/se\/#website"},"primaryImageOfPage":{"@id":"https:\/\/ocoerente.com.br\/se\/2026\/04\/24\/davi-contra-golias-ricardo-marques-contra-tudo-e-contra-todos\/#primaryimage"},"image":{"@id":"https:\/\/ocoerente.com.br\/se\/2026\/04\/24\/davi-contra-golias-ricardo-marques-contra-tudo-e-contra-todos\/#primaryimage"},"thumbnailUrl":"https:\/\/ocoerente.com.br\/se\/wp-content\/uploads\/2026\/04\/WhatsApp-Image-2026-04-23-at-12.01.00.jpeg","datePublished":"2026-04-24T18:04:38+00:00","dateModified":"2026-04-24T18:04:41+00:00","breadcrumb":{"@id":"https:\/\/ocoerente.com.br\/se\/2026\/04\/24\/davi-contra-golias-ricardo-marques-contra-tudo-e-contra-todos\/#breadcrumb"},"inLanguage":"pt-BR","potentialAction":[{"@type":"ReadAction","target":["https:\/\/ocoerente.com.br\/se\/2026\/04\/24\/davi-contra-golias-ricardo-marques-contra-tudo-e-contra-todos\/"]}]},{"@type":"ImageObject","inLanguage":"pt-BR","@id":"https:\/\/ocoerente.com.br\/se\/2026\/04\/24\/davi-contra-golias-ricardo-marques-contra-tudo-e-contra-todos\/#primaryimage","url":"https:\/\/ocoerente.com.br\/se\/wp-content\/uploads\/2026\/04\/WhatsApp-Image-2026-04-23-at-12.01.00.jpeg","contentUrl":"https:\/\/ocoerente.com.br\/se\/wp-content\/uploads\/2026\/04\/WhatsApp-Image-2026-04-23-at-12.01.00.jpeg","width":1402,"height":1122},{"@type":"BreadcrumbList","@id":"https:\/\/ocoerente.com.br\/se\/2026\/04\/24\/davi-contra-golias-ricardo-marques-contra-tudo-e-contra-todos\/#breadcrumb","itemListElement":[{"@type":"ListItem","position":1,"name":"In\u00edcio","item":"https:\/\/ocoerente.com.br\/se\/"},{"@type":"ListItem","position":2,"name":"Davi contra Golias: Ricardo Marques contra tudo e contra todos"}]},{"@type":"WebSite","@id":"https:\/\/ocoerente.com.br\/se\/#website","url":"https:\/\/ocoerente.com.br\/se\/","name":"O Coerente","description":"","publisher":{"@id":"https:\/\/ocoerente.com.br\/se\/#\/schema\/person\/cc6bfd9fbca465e23543b0c963d8d037"},"potentialAction":[{"@type":"SearchAction","target":{"@type":"EntryPoint","urlTemplate":"https:\/\/ocoerente.com.br\/se\/?s={search_term_string}"},"query-input":{"@type":"PropertyValueSpecification","valueRequired":true,"valueName":"search_term_string"}}],"inLanguage":"pt-BR"},{"@type":["Person","Organization"],"@id":"https:\/\/ocoerente.com.br\/se\/#\/schema\/person\/cc6bfd9fbca465e23543b0c963d8d037","name":"Reda\u00e7\u00e3o","image":{"@type":"ImageObject","inLanguage":"pt-BR","@id":"https:\/\/ocoerente.com.br\/se\/wp-content\/uploads\/2020\/01\/ocoerente-1.png","url":"https:\/\/ocoerente.com.br\/se\/wp-content\/uploads\/2020\/01\/ocoerente-1.png","contentUrl":"https:\/\/ocoerente.com.br\/se\/wp-content\/uploads\/2020\/01\/ocoerente-1.png","width":50,"height":50,"caption":"Reda\u00e7\u00e3o"},"logo":{"@id":"https:\/\/ocoerente.com.br\/se\/wp-content\/uploads\/2020\/01\/ocoerente-1.png"}},{"@type":"Person","@id":"https:\/\/ocoerente.com.br\/se\/#\/schema\/person\/1ed925f7992cb4d6d3b61e3d07b0ae08","name":"Abrah\u00e3o Crispim Filho","description":"Jornalista p\u00f3s-graduado em Comunica\u00e7\u00e3o.","url":"https:\/\/ocoerente.com.br\/se\/author\/crispimcoerente\/"}]}},"_links":{"self":[{"href":"https:\/\/ocoerente.com.br\/se\/wp-json\/wp\/v2\/posts\/19323","targetHints":{"allow":["GET"]}}],"collection":[{"href":"https:\/\/ocoerente.com.br\/se\/wp-json\/wp\/v2\/posts"}],"about":[{"href":"https:\/\/ocoerente.com.br\/se\/wp-json\/wp\/v2\/types\/post"}],"author":[{"embeddable":true,"href":"https:\/\/ocoerente.com.br\/se\/wp-json\/wp\/v2\/users\/4"}],"replies":[{"embeddable":true,"href":"https:\/\/ocoerente.com.br\/se\/wp-json\/wp\/v2\/comments?post=19323"}],"version-history":[{"count":1,"href":"https:\/\/ocoerente.com.br\/se\/wp-json\/wp\/v2\/posts\/19323\/revisions"}],"predecessor-version":[{"id":19325,"href":"https:\/\/ocoerente.com.br\/se\/wp-json\/wp\/v2\/posts\/19323\/revisions\/19325"}],"wp:featuredmedia":[{"embeddable":true,"href":"https:\/\/ocoerente.com.br\/se\/wp-json\/wp\/v2\/media\/19324"}],"wp:attachment":[{"href":"https:\/\/ocoerente.com.br\/se\/wp-json\/wp\/v2\/media?parent=19323"}],"wp:term":[{"taxonomy":"category","embeddable":true,"href":"https:\/\/ocoerente.com.br\/se\/wp-json\/wp\/v2\/categories?post=19323"},{"taxonomy":"post_tag","embeddable":true,"href":"https:\/\/ocoerente.com.br\/se\/wp-json\/wp\/v2\/tags?post=19323"}],"curies":[{"name":"wp","href":"https:\/\/api.w.org\/{rel}","templated":true}]}}