{"id":19320,"date":"2026-04-24T09:43:02","date_gmt":"2026-04-24T12:43:02","guid":{"rendered":"https:\/\/ocoerente.com.br\/se\/?p=19320"},"modified":"2026-04-24T09:43:05","modified_gmt":"2026-04-24T12:43:05","slug":"justica-federal-homologa-acordo-articulado-pelo-governo-do-estado-para-ordenamento-da-praia-do-saco","status":"publish","type":"post","link":"https:\/\/ocoerente.com.br\/se\/2026\/04\/24\/justica-federal-homologa-acordo-articulado-pelo-governo-do-estado-para-ordenamento-da-praia-do-saco\/","title":{"rendered":"Justi\u00e7a Federal homologa acordo articulado pelo Governo do Estado para ordenamento da Praia do Saco"},"content":{"rendered":"\n<p><em>A proposta \u00e9 resultado de uma constru\u00e7\u00e3o conjunta coordenada pela PGE-SE<\/em><\/p>\n\n\n\n<p>Subscrito pelo Governo do Estado em conjunto com \u00f3rg\u00e3os federais e o Munic\u00edpio de Est\u00e2ncia, o acordo para a regulariza\u00e7\u00e3o ambiental e urban\u00edstica da Praia do Saco, no litoral sul sergipano, foi homologado pela Justi\u00e7a Federal nesta quarta-feira, 22. A decis\u00e3o p\u00f5e fim a um impasse judicial que se estendia desde 2014,&nbsp; viabilizando, a partir de agora, a execu\u00e7\u00e3o de medidas pelos entes p\u00fablicos voltadas ao desenvolvimento sustent\u00e1vel da regi\u00e3o.<\/p>\n\n\n\n<p>Com a homologa\u00e7\u00e3o, passam a valer os prazos para a implementa\u00e7\u00e3o das a\u00e7\u00f5es previstas, com foco em promover o ordenamento territorial, prevenir novas interven\u00e7\u00f5es ilegais e fortalecer a gest\u00e3o da zona costeira. Al\u00e9m do Estado e do Munic\u00edpio de Est\u00e2ncia, integram o acordo o Instituto Brasileiro do Meio Ambiente e dos Recursos Naturais Renov\u00e1veis (Ibama), a Administra\u00e7\u00e3o Estadual do Meio Ambiente (Adema) e a Secretaria do Patrim\u00f4nio da Uni\u00e3o (SPU).<\/p>\n\n\n\n<p>Entre as principais medidas est\u00e3o a realiza\u00e7\u00e3o de diagn\u00f3stico t\u00e9cnico e o georreferenciamento da \u00e1rea, com identifica\u00e7\u00e3o de regi\u00f5es de preserva\u00e7\u00e3o permanente, al\u00e9m do refor\u00e7o na fiscaliza\u00e7\u00e3o para coibir ocupa\u00e7\u00f5es irregulares. Tamb\u00e9m est\u00e1 prevista a cria\u00e7\u00e3o, pelo Munic\u00edpio de Est\u00e2ncia, da \u00c1rea de Relevante Interesse Ecol\u00f3gico (ARIE) das Dunas do Saco, unidade de conserva\u00e7\u00e3o municipal que contar\u00e1 com plano de manejo, conselho gestor e a\u00e7\u00f5es de prote\u00e7\u00e3o ambiental.&nbsp;<\/p>\n\n\n\n<p>O plano contempla ainda iniciativas de educa\u00e7\u00e3o ambiental voltadas a moradores, visitantes e empreendedores locais, com o objetivo de incentivar pr\u00e1ticas sustent\u00e1veis e ampliar a conscientiza\u00e7\u00e3o sobre a import\u00e2ncia da preserva\u00e7\u00e3o dos ecossistemas costeiros. Outro ponto \u00e9 a cria\u00e7\u00e3o de um comit\u00ea de acompanhamento e fiscaliza\u00e7\u00e3o, respons\u00e1vel por monitorar a execu\u00e7\u00e3o das medidas, garantir a transpar\u00eancia das a\u00e7\u00f5es e permitir a participa\u00e7\u00e3o social.<\/p>\n\n\n\n<p><strong>Prazos e execu\u00e7\u00e3o<\/strong><\/p>\n\n\n\n<p>As obriga\u00e7\u00f5es estabelecidas possuem prazos que variam de curto a m\u00e9dio prazo, al\u00e9m de a\u00e7\u00f5es cont\u00ednuas de fiscaliza\u00e7\u00e3o e monitoramento. Dentre as responsabilidades do Governo do Estado est\u00e3o a elabora\u00e7\u00e3o de estudos t\u00e9cnicos, o fortalecimento da gest\u00e3o da \u00c1rea de Prote\u00e7\u00e3o Ambiental (APA) do Litoral Sul e a execu\u00e7\u00e3o de a\u00e7\u00f5es de recupera\u00e7\u00e3o ambiental.<\/p>\n\n\n\n<p>\u201cO acordo passa a valer como decis\u00e3o judicial, ou seja, deixa de ser apenas um compromisso e se torna uma obriga\u00e7\u00e3o a ser cumprida pelos \u00f3rg\u00e3os envolvidos. O foco agora \u00e9 garantir a execu\u00e7\u00e3o das a\u00e7\u00f5es de planejamento, fiscaliza\u00e7\u00e3o e recupera\u00e7\u00e3o ambiental, assegurando resultados concretos para a regi\u00e3o\u201d, destaca o procurador-geral do Estado, Carlos Pinna J\u00fanior.<\/p>\n\n\n\n<p>Entre os principais prazos definidos est\u00e3o:<\/p>\n\n\n\n<ul class=\"wp-block-list\">\n<li>cria\u00e7\u00e3o do Comit\u00ea de Acompanhamento e Fiscaliza\u00e7\u00e3o e elabora\u00e7\u00e3o do plano de trabalho (at\u00e9 6 meses);<\/li>\n\n\n\n<li>in\u00edcio do diagn\u00f3stico t\u00e9cnico e georreferenciamento da \u00e1rea (at\u00e9 6 meses);<\/li>\n\n\n\n<li>entrega do relat\u00f3rio preliminar (at\u00e9 12 mese);<\/li>\n\n\n\n<li>conclus\u00e3o do diagn\u00f3stico completo (at\u00e9 24 meses);<\/li>\n\n\n\n<li>cria\u00e7\u00e3o da ARIE das Dunas do Saco (at\u00e9 6 meses);<\/li>\n\n\n\n<li>implanta\u00e7\u00e3o de instrumentos da ARIE (entre 6 e 12 meses);<\/li>\n\n\n\n<li>refor\u00e7o da fiscaliza\u00e7\u00e3o ambiental (in\u00edcio em at\u00e9 2 meses, com atua\u00e7\u00e3o cont\u00ednua);<\/li>\n\n\n\n<li>fiscaliza\u00e7\u00e3o integrada entre os \u00f3rg\u00e3os (permanente);<\/li>\n\n\n\n<li>a\u00e7\u00f5es de recupera\u00e7\u00e3o ambiental (execu\u00e7\u00e3o entre 6 e 24 meses);<\/li>\n\n\n\n<li>programas de educa\u00e7\u00e3o ambiental e monitoramento (cont\u00ednuos).<\/li>\n<\/ul>\n\n\n\n<p><\/p>\n\n\n\n<p>GOV\/SE<\/p>\n","protected":false},"excerpt":{"rendered":"<p>A proposta \u00e9 resultado de uma constru\u00e7\u00e3o conjunta coordenada pela PGE-SE Subscrito pelo Governo do Estado em conjunto com \u00f3rg\u00e3os federais e o Munic\u00edpio de Est\u00e2ncia, o acordo para a regulariza\u00e7\u00e3o ambiental e urban\u00edstica da Praia do Saco, no litoral sul sergipano, foi homologado pela Justi\u00e7a Federal nesta quarta-feira, 22. A decis\u00e3o p\u00f5e fim a [&hellip;]<\/p>\n","protected":false},"author":1,"featured_media":19321,"comment_status":"closed","ping_status":"closed","sticky":false,"template":"","format":"standard","meta":{"footnotes":""},"categories":[53,43],"tags":[],"class_list":["post-19320","post","type-post","status-publish","format-standard","has-post-thumbnail","hentry","category-destaques","category-sergipe"],"yoast_head":"<!-- This site is optimized with the Yoast SEO plugin v27.4 - https:\/\/yoast.com\/product\/yoast-seo-wordpress\/ -->\n<title>Justi\u00e7a Federal homologa acordo articulado pelo Governo do Estado para ordenamento da Praia do Saco - O Coerente<\/title>\n<meta name=\"robots\" content=\"index, follow, max-snippet:-1, max-image-preview:large, max-video-preview:-1\" \/>\n<link rel=\"canonical\" href=\"https:\/\/ocoerente.com.br\/se\/2026\/04\/24\/justica-federal-homologa-acordo-articulado-pelo-governo-do-estado-para-ordenamento-da-praia-do-saco\/\" \/>\n<meta property=\"og:locale\" content=\"pt_BR\" \/>\n<meta property=\"og:type\" content=\"article\" \/>\n<meta property=\"og:title\" content=\"Justi\u00e7a Federal homologa acordo articulado pelo Governo do Estado para ordenamento da Praia do Saco - O Coerente\" \/>\n<meta property=\"og:description\" content=\"A proposta \u00e9 resultado de uma constru\u00e7\u00e3o conjunta coordenada pela PGE-SE Subscrito pelo Governo do Estado em conjunto com \u00f3rg\u00e3os federais e o Munic\u00edpio de Est\u00e2ncia, o acordo para a regulariza\u00e7\u00e3o ambiental e urban\u00edstica da Praia do Saco, no litoral sul sergipano, foi homologado pela Justi\u00e7a Federal nesta quarta-feira, 22. A decis\u00e3o p\u00f5e fim a [&hellip;]\" \/>\n<meta property=\"og:url\" content=\"https:\/\/ocoerente.com.br\/se\/2026\/04\/24\/justica-federal-homologa-acordo-articulado-pelo-governo-do-estado-para-ordenamento-da-praia-do-saco\/\" \/>\n<meta property=\"og:site_name\" content=\"O Coerente\" \/>\n<meta property=\"article:published_time\" content=\"2026-04-24T12:43:02+00:00\" \/>\n<meta property=\"article:modified_time\" content=\"2026-04-24T12:43:05+00:00\" \/>\n<meta property=\"og:image\" content=\"https:\/\/ocoerente.com.br\/se\/wp-content\/uploads\/2026\/04\/slide_87549007b30e727eb59c537e7938eaa.jpg\" \/>\n\t<meta property=\"og:image:width\" content=\"1100\" \/>\n\t<meta property=\"og:image:height\" content=\"610\" \/>\n\t<meta property=\"og:image:type\" content=\"image\/jpeg\" \/>\n<meta name=\"author\" content=\"Reda\u00e7\u00e3o\" \/>\n<meta name=\"twitter:card\" content=\"summary_large_image\" \/>\n<meta name=\"twitter:label1\" content=\"Escrito por\" \/>\n\t<meta name=\"twitter:data1\" content=\"Reda\u00e7\u00e3o\" \/>\n\t<meta name=\"twitter:label2\" content=\"Est. tempo de leitura\" \/>\n\t<meta name=\"twitter:data2\" content=\"3 minutos\" \/>\n<script type=\"application\/ld+json\" class=\"yoast-schema-graph\">{\"@context\":\"https:\\\/\\\/schema.org\",\"@graph\":[{\"@type\":\"Article\",\"@id\":\"https:\\\/\\\/ocoerente.com.br\\\/se\\\/2026\\\/04\\\/24\\\/justica-federal-homologa-acordo-articulado-pelo-governo-do-estado-para-ordenamento-da-praia-do-saco\\\/#article\",\"isPartOf\":{\"@id\":\"https:\\\/\\\/ocoerente.com.br\\\/se\\\/2026\\\/04\\\/24\\\/justica-federal-homologa-acordo-articulado-pelo-governo-do-estado-para-ordenamento-da-praia-do-saco\\\/\"},\"author\":{\"name\":\"Reda\u00e7\u00e3o\",\"@id\":\"https:\\\/\\\/ocoerente.com.br\\\/se\\\/#\\\/schema\\\/person\\\/cc6bfd9fbca465e23543b0c963d8d037\"},\"headline\":\"Justi\u00e7a Federal homologa acordo articulado pelo Governo do Estado para ordenamento da Praia do Saco\",\"datePublished\":\"2026-04-24T12:43:02+00:00\",\"dateModified\":\"2026-04-24T12:43:05+00:00\",\"mainEntityOfPage\":{\"@id\":\"https:\\\/\\\/ocoerente.com.br\\\/se\\\/2026\\\/04\\\/24\\\/justica-federal-homologa-acordo-articulado-pelo-governo-do-estado-para-ordenamento-da-praia-do-saco\\\/\"},\"wordCount\":607,\"publisher\":{\"@id\":\"https:\\\/\\\/ocoerente.com.br\\\/se\\\/#\\\/schema\\\/person\\\/cc6bfd9fbca465e23543b0c963d8d037\"},\"image\":{\"@id\":\"https:\\\/\\\/ocoerente.com.br\\\/se\\\/2026\\\/04\\\/24\\\/justica-federal-homologa-acordo-articulado-pelo-governo-do-estado-para-ordenamento-da-praia-do-saco\\\/#primaryimage\"},\"thumbnailUrl\":\"https:\\\/\\\/ocoerente.com.br\\\/se\\\/wp-content\\\/uploads\\\/2026\\\/04\\\/slide_87549007b30e727eb59c537e7938eaa.jpg\",\"articleSection\":[\"Destaques\",\"Sergipe\"],\"inLanguage\":\"pt-BR\"},{\"@type\":\"WebPage\",\"@id\":\"https:\\\/\\\/ocoerente.com.br\\\/se\\\/2026\\\/04\\\/24\\\/justica-federal-homologa-acordo-articulado-pelo-governo-do-estado-para-ordenamento-da-praia-do-saco\\\/\",\"url\":\"https:\\\/\\\/ocoerente.com.br\\\/se\\\/2026\\\/04\\\/24\\\/justica-federal-homologa-acordo-articulado-pelo-governo-do-estado-para-ordenamento-da-praia-do-saco\\\/\",\"name\":\"Justi\u00e7a Federal homologa acordo articulado pelo Governo do Estado para ordenamento da Praia do Saco - O Coerente\",\"isPartOf\":{\"@id\":\"https:\\\/\\\/ocoerente.com.br\\\/se\\\/#website\"},\"primaryImageOfPage\":{\"@id\":\"https:\\\/\\\/ocoerente.com.br\\\/se\\\/2026\\\/04\\\/24\\\/justica-federal-homologa-acordo-articulado-pelo-governo-do-estado-para-ordenamento-da-praia-do-saco\\\/#primaryimage\"},\"image\":{\"@id\":\"https:\\\/\\\/ocoerente.com.br\\\/se\\\/2026\\\/04\\\/24\\\/justica-federal-homologa-acordo-articulado-pelo-governo-do-estado-para-ordenamento-da-praia-do-saco\\\/#primaryimage\"},\"thumbnailUrl\":\"https:\\\/\\\/ocoerente.com.br\\\/se\\\/wp-content\\\/uploads\\\/2026\\\/04\\\/slide_87549007b30e727eb59c537e7938eaa.jpg\",\"datePublished\":\"2026-04-24T12:43:02+00:00\",\"dateModified\":\"2026-04-24T12:43:05+00:00\",\"breadcrumb\":{\"@id\":\"https:\\\/\\\/ocoerente.com.br\\\/se\\\/2026\\\/04\\\/24\\\/justica-federal-homologa-acordo-articulado-pelo-governo-do-estado-para-ordenamento-da-praia-do-saco\\\/#breadcrumb\"},\"inLanguage\":\"pt-BR\",\"potentialAction\":[{\"@type\":\"ReadAction\",\"target\":[\"https:\\\/\\\/ocoerente.com.br\\\/se\\\/2026\\\/04\\\/24\\\/justica-federal-homologa-acordo-articulado-pelo-governo-do-estado-para-ordenamento-da-praia-do-saco\\\/\"]}]},{\"@type\":\"ImageObject\",\"inLanguage\":\"pt-BR\",\"@id\":\"https:\\\/\\\/ocoerente.com.br\\\/se\\\/2026\\\/04\\\/24\\\/justica-federal-homologa-acordo-articulado-pelo-governo-do-estado-para-ordenamento-da-praia-do-saco\\\/#primaryimage\",\"url\":\"https:\\\/\\\/ocoerente.com.br\\\/se\\\/wp-content\\\/uploads\\\/2026\\\/04\\\/slide_87549007b30e727eb59c537e7938eaa.jpg\",\"contentUrl\":\"https:\\\/\\\/ocoerente.com.br\\\/se\\\/wp-content\\\/uploads\\\/2026\\\/04\\\/slide_87549007b30e727eb59c537e7938eaa.jpg\",\"width\":1100,\"height\":610,\"caption\":\"Justi\u00e7a Federal homologa acordo articulado pelo Governo do Estado para ordenamento da Praia do Saco \\\/\\\/ Foto : Arthuro Paganini\"},{\"@type\":\"BreadcrumbList\",\"@id\":\"https:\\\/\\\/ocoerente.com.br\\\/se\\\/2026\\\/04\\\/24\\\/justica-federal-homologa-acordo-articulado-pelo-governo-do-estado-para-ordenamento-da-praia-do-saco\\\/#breadcrumb\",\"itemListElement\":[{\"@type\":\"ListItem\",\"position\":1,\"name\":\"In\u00edcio\",\"item\":\"https:\\\/\\\/ocoerente.com.br\\\/se\\\/\"},{\"@type\":\"ListItem\",\"position\":2,\"name\":\"Justi\u00e7a Federal homologa acordo articulado pelo Governo do Estado para ordenamento da Praia do Saco\"}]},{\"@type\":\"WebSite\",\"@id\":\"https:\\\/\\\/ocoerente.com.br\\\/se\\\/#website\",\"url\":\"https:\\\/\\\/ocoerente.com.br\\\/se\\\/\",\"name\":\"O Coerente\",\"description\":\"\",\"publisher\":{\"@id\":\"https:\\\/\\\/ocoerente.com.br\\\/se\\\/#\\\/schema\\\/person\\\/cc6bfd9fbca465e23543b0c963d8d037\"},\"potentialAction\":[{\"@type\":\"SearchAction\",\"target\":{\"@type\":\"EntryPoint\",\"urlTemplate\":\"https:\\\/\\\/ocoerente.com.br\\\/se\\\/?s={search_term_string}\"},\"query-input\":{\"@type\":\"PropertyValueSpecification\",\"valueRequired\":true,\"valueName\":\"search_term_string\"}}],\"inLanguage\":\"pt-BR\"},{\"@type\":[\"Person\",\"Organization\"],\"@id\":\"https:\\\/\\\/ocoerente.com.br\\\/se\\\/#\\\/schema\\\/person\\\/cc6bfd9fbca465e23543b0c963d8d037\",\"name\":\"Reda\u00e7\u00e3o\",\"image\":{\"@type\":\"ImageObject\",\"inLanguage\":\"pt-BR\",\"@id\":\"https:\\\/\\\/ocoerente.com.br\\\/se\\\/wp-content\\\/uploads\\\/2020\\\/01\\\/ocoerente-1.png\",\"url\":\"https:\\\/\\\/ocoerente.com.br\\\/se\\\/wp-content\\\/uploads\\\/2020\\\/01\\\/ocoerente-1.png\",\"contentUrl\":\"https:\\\/\\\/ocoerente.com.br\\\/se\\\/wp-content\\\/uploads\\\/2020\\\/01\\\/ocoerente-1.png\",\"width\":50,\"height\":50,\"caption\":\"Reda\u00e7\u00e3o\"},\"logo\":{\"@id\":\"https:\\\/\\\/ocoerente.com.br\\\/se\\\/wp-content\\\/uploads\\\/2020\\\/01\\\/ocoerente-1.png\"},\"url\":\"https:\\\/\\\/ocoerente.com.br\\\/se\\\/author\\\/vasticlsales\\\/\"}]}<\/script>\n<!-- \/ Yoast SEO plugin. -->","yoast_head_json":{"title":"Justi\u00e7a Federal homologa acordo articulado pelo Governo do Estado para ordenamento da Praia do Saco - O Coerente","robots":{"index":"index","follow":"follow","max-snippet":"max-snippet:-1","max-image-preview":"max-image-preview:large","max-video-preview":"max-video-preview:-1"},"canonical":"https:\/\/ocoerente.com.br\/se\/2026\/04\/24\/justica-federal-homologa-acordo-articulado-pelo-governo-do-estado-para-ordenamento-da-praia-do-saco\/","og_locale":"pt_BR","og_type":"article","og_title":"Justi\u00e7a Federal homologa acordo articulado pelo Governo do Estado para ordenamento da Praia do Saco - O Coerente","og_description":"A proposta \u00e9 resultado de uma constru\u00e7\u00e3o conjunta coordenada pela PGE-SE Subscrito pelo Governo do Estado em conjunto com \u00f3rg\u00e3os federais e o Munic\u00edpio de Est\u00e2ncia, o acordo para a regulariza\u00e7\u00e3o ambiental e urban\u00edstica da Praia do Saco, no litoral sul sergipano, foi homologado pela Justi\u00e7a Federal nesta quarta-feira, 22. A decis\u00e3o p\u00f5e fim a [&hellip;]","og_url":"https:\/\/ocoerente.com.br\/se\/2026\/04\/24\/justica-federal-homologa-acordo-articulado-pelo-governo-do-estado-para-ordenamento-da-praia-do-saco\/","og_site_name":"O Coerente","article_published_time":"2026-04-24T12:43:02+00:00","article_modified_time":"2026-04-24T12:43:05+00:00","og_image":[{"width":1100,"height":610,"url":"https:\/\/ocoerente.com.br\/se\/wp-content\/uploads\/2026\/04\/slide_87549007b30e727eb59c537e7938eaa.jpg","type":"image\/jpeg"}],"author":"Reda\u00e7\u00e3o","twitter_card":"summary_large_image","twitter_misc":{"Escrito por":"Reda\u00e7\u00e3o","Est. tempo de leitura":"3 minutos"},"schema":{"@context":"https:\/\/schema.org","@graph":[{"@type":"Article","@id":"https:\/\/ocoerente.com.br\/se\/2026\/04\/24\/justica-federal-homologa-acordo-articulado-pelo-governo-do-estado-para-ordenamento-da-praia-do-saco\/#article","isPartOf":{"@id":"https:\/\/ocoerente.com.br\/se\/2026\/04\/24\/justica-federal-homologa-acordo-articulado-pelo-governo-do-estado-para-ordenamento-da-praia-do-saco\/"},"author":{"name":"Reda\u00e7\u00e3o","@id":"https:\/\/ocoerente.com.br\/se\/#\/schema\/person\/cc6bfd9fbca465e23543b0c963d8d037"},"headline":"Justi\u00e7a Federal homologa acordo articulado pelo Governo do Estado para ordenamento da Praia do Saco","datePublished":"2026-04-24T12:43:02+00:00","dateModified":"2026-04-24T12:43:05+00:00","mainEntityOfPage":{"@id":"https:\/\/ocoerente.com.br\/se\/2026\/04\/24\/justica-federal-homologa-acordo-articulado-pelo-governo-do-estado-para-ordenamento-da-praia-do-saco\/"},"wordCount":607,"publisher":{"@id":"https:\/\/ocoerente.com.br\/se\/#\/schema\/person\/cc6bfd9fbca465e23543b0c963d8d037"},"image":{"@id":"https:\/\/ocoerente.com.br\/se\/2026\/04\/24\/justica-federal-homologa-acordo-articulado-pelo-governo-do-estado-para-ordenamento-da-praia-do-saco\/#primaryimage"},"thumbnailUrl":"https:\/\/ocoerente.com.br\/se\/wp-content\/uploads\/2026\/04\/slide_87549007b30e727eb59c537e7938eaa.jpg","articleSection":["Destaques","Sergipe"],"inLanguage":"pt-BR"},{"@type":"WebPage","@id":"https:\/\/ocoerente.com.br\/se\/2026\/04\/24\/justica-federal-homologa-acordo-articulado-pelo-governo-do-estado-para-ordenamento-da-praia-do-saco\/","url":"https:\/\/ocoerente.com.br\/se\/2026\/04\/24\/justica-federal-homologa-acordo-articulado-pelo-governo-do-estado-para-ordenamento-da-praia-do-saco\/","name":"Justi\u00e7a Federal homologa acordo articulado pelo Governo do Estado para ordenamento da Praia do Saco - O Coerente","isPartOf":{"@id":"https:\/\/ocoerente.com.br\/se\/#website"},"primaryImageOfPage":{"@id":"https:\/\/ocoerente.com.br\/se\/2026\/04\/24\/justica-federal-homologa-acordo-articulado-pelo-governo-do-estado-para-ordenamento-da-praia-do-saco\/#primaryimage"},"image":{"@id":"https:\/\/ocoerente.com.br\/se\/2026\/04\/24\/justica-federal-homologa-acordo-articulado-pelo-governo-do-estado-para-ordenamento-da-praia-do-saco\/#primaryimage"},"thumbnailUrl":"https:\/\/ocoerente.com.br\/se\/wp-content\/uploads\/2026\/04\/slide_87549007b30e727eb59c537e7938eaa.jpg","datePublished":"2026-04-24T12:43:02+00:00","dateModified":"2026-04-24T12:43:05+00:00","breadcrumb":{"@id":"https:\/\/ocoerente.com.br\/se\/2026\/04\/24\/justica-federal-homologa-acordo-articulado-pelo-governo-do-estado-para-ordenamento-da-praia-do-saco\/#breadcrumb"},"inLanguage":"pt-BR","potentialAction":[{"@type":"ReadAction","target":["https:\/\/ocoerente.com.br\/se\/2026\/04\/24\/justica-federal-homologa-acordo-articulado-pelo-governo-do-estado-para-ordenamento-da-praia-do-saco\/"]}]},{"@type":"ImageObject","inLanguage":"pt-BR","@id":"https:\/\/ocoerente.com.br\/se\/2026\/04\/24\/justica-federal-homologa-acordo-articulado-pelo-governo-do-estado-para-ordenamento-da-praia-do-saco\/#primaryimage","url":"https:\/\/ocoerente.com.br\/se\/wp-content\/uploads\/2026\/04\/slide_87549007b30e727eb59c537e7938eaa.jpg","contentUrl":"https:\/\/ocoerente.com.br\/se\/wp-content\/uploads\/2026\/04\/slide_87549007b30e727eb59c537e7938eaa.jpg","width":1100,"height":610,"caption":"Justi\u00e7a Federal homologa acordo articulado pelo Governo do Estado para ordenamento da Praia do Saco \/\/ Foto : Arthuro Paganini"},{"@type":"BreadcrumbList","@id":"https:\/\/ocoerente.com.br\/se\/2026\/04\/24\/justica-federal-homologa-acordo-articulado-pelo-governo-do-estado-para-ordenamento-da-praia-do-saco\/#breadcrumb","itemListElement":[{"@type":"ListItem","position":1,"name":"In\u00edcio","item":"https:\/\/ocoerente.com.br\/se\/"},{"@type":"ListItem","position":2,"name":"Justi\u00e7a Federal homologa acordo articulado pelo Governo do Estado para ordenamento da Praia do Saco"}]},{"@type":"WebSite","@id":"https:\/\/ocoerente.com.br\/se\/#website","url":"https:\/\/ocoerente.com.br\/se\/","name":"O Coerente","description":"","publisher":{"@id":"https:\/\/ocoerente.com.br\/se\/#\/schema\/person\/cc6bfd9fbca465e23543b0c963d8d037"},"potentialAction":[{"@type":"SearchAction","target":{"@type":"EntryPoint","urlTemplate":"https:\/\/ocoerente.com.br\/se\/?s={search_term_string}"},"query-input":{"@type":"PropertyValueSpecification","valueRequired":true,"valueName":"search_term_string"}}],"inLanguage":"pt-BR"},{"@type":["Person","Organization"],"@id":"https:\/\/ocoerente.com.br\/se\/#\/schema\/person\/cc6bfd9fbca465e23543b0c963d8d037","name":"Reda\u00e7\u00e3o","image":{"@type":"ImageObject","inLanguage":"pt-BR","@id":"https:\/\/ocoerente.com.br\/se\/wp-content\/uploads\/2020\/01\/ocoerente-1.png","url":"https:\/\/ocoerente.com.br\/se\/wp-content\/uploads\/2020\/01\/ocoerente-1.png","contentUrl":"https:\/\/ocoerente.com.br\/se\/wp-content\/uploads\/2020\/01\/ocoerente-1.png","width":50,"height":50,"caption":"Reda\u00e7\u00e3o"},"logo":{"@id":"https:\/\/ocoerente.com.br\/se\/wp-content\/uploads\/2020\/01\/ocoerente-1.png"},"url":"https:\/\/ocoerente.com.br\/se\/author\/vasticlsales\/"}]}},"_links":{"self":[{"href":"https:\/\/ocoerente.com.br\/se\/wp-json\/wp\/v2\/posts\/19320","targetHints":{"allow":["GET"]}}],"collection":[{"href":"https:\/\/ocoerente.com.br\/se\/wp-json\/wp\/v2\/posts"}],"about":[{"href":"https:\/\/ocoerente.com.br\/se\/wp-json\/wp\/v2\/types\/post"}],"author":[{"embeddable":true,"href":"https:\/\/ocoerente.com.br\/se\/wp-json\/wp\/v2\/users\/1"}],"replies":[{"embeddable":true,"href":"https:\/\/ocoerente.com.br\/se\/wp-json\/wp\/v2\/comments?post=19320"}],"version-history":[{"count":1,"href":"https:\/\/ocoerente.com.br\/se\/wp-json\/wp\/v2\/posts\/19320\/revisions"}],"predecessor-version":[{"id":19322,"href":"https:\/\/ocoerente.com.br\/se\/wp-json\/wp\/v2\/posts\/19320\/revisions\/19322"}],"wp:featuredmedia":[{"embeddable":true,"href":"https:\/\/ocoerente.com.br\/se\/wp-json\/wp\/v2\/media\/19321"}],"wp:attachment":[{"href":"https:\/\/ocoerente.com.br\/se\/wp-json\/wp\/v2\/media?parent=19320"}],"wp:term":[{"taxonomy":"category","embeddable":true,"href":"https:\/\/ocoerente.com.br\/se\/wp-json\/wp\/v2\/categories?post=19320"},{"taxonomy":"post_tag","embeddable":true,"href":"https:\/\/ocoerente.com.br\/se\/wp-json\/wp\/v2\/tags?post=19320"}],"curies":[{"name":"wp","href":"https:\/\/api.w.org\/{rel}","templated":true}]}}