{"id":19317,"date":"2026-04-24T09:41:46","date_gmt":"2026-04-24T12:41:46","guid":{"rendered":"https:\/\/ocoerente.com.br\/se\/?p=19317"},"modified":"2026-04-24T09:41:48","modified_gmt":"2026-04-24T12:41:48","slug":"sergipe-esta-entre-os-tres-estados-brasileiros-com-melhor-avaliacao-em-seguranca-publica","status":"publish","type":"post","link":"https:\/\/ocoerente.com.br\/se\/2026\/04\/24\/sergipe-esta-entre-os-tres-estados-brasileiros-com-melhor-avaliacao-em-seguranca-publica\/","title":{"rendered":"Sergipe est\u00e1 entre os tr\u00eas estados brasileiros com melhor avalia\u00e7\u00e3o em seguran\u00e7a p\u00fablica"},"content":{"rendered":"\n<p><em>Com 75,1% de aprova\u00e7\u00e3o, estado figura entre os tr\u00eas mais bem avaliados no levantamento \u201cFor\u00e7a de Seguran\u00e7a na Percep\u00e7\u00e3o dos Brasileiros\u201d<\/em><\/p>\n\n\n\n<p>O estado de Sergipe aparece entre os tr\u00eas mais bem avaliados do pa\u00eds no levantamento \u201cFor\u00e7a de Seguran\u00e7a na Percep\u00e7\u00e3o dos Brasileiros\u201d, divulgado nesta quarta-feira, 22, pelo Instituto Verit\u00e1. Os dados revelam um cen\u00e1rio positivo na an\u00e1lise da popula\u00e7\u00e3o sobre a atua\u00e7\u00e3o das for\u00e7as de seguran\u00e7a na Unidade Federativa.<\/p>\n\n\n\n<p>De acordo com a pesquisa, Sergipe alcan\u00e7ou 75,1% de aprova\u00e7\u00e3o, sendo o \u00fanico estado do Nordeste a figurar entre os tr\u00eas primeiros colocados. O resultado coloca o estado em destaque nacional no quesito percep\u00e7\u00e3o da seguran\u00e7a p\u00fablica.<\/p>\n\n\n\n<p>O ranking \u00e9 liderado por Goi\u00e1s, com 84,1% de aprova\u00e7\u00e3o, seguido pelo Amap\u00e1, que registrou 75,7%. Sergipe aparece logo em seguida, consolidando-se como uma refer\u00eancia positiva na avalia\u00e7\u00e3o popular sobre o trabalho das institui\u00e7\u00f5es de seguran\u00e7a.<\/p>\n\n\n\n<p>O estudo teve abrang\u00eancia nacional, com coleta de dados realizada entre os dias 13 de mar\u00e7o e 4 de abril. A pesquisa analisou aspectos relacionados \u00e0 gest\u00e3o p\u00fablica e \u00e0 percep\u00e7\u00e3o dos eleitores sobre a atua\u00e7\u00e3o das for\u00e7as policiais e demais \u00f3rg\u00e3os que comp\u00f5em o sistema de seguran\u00e7a p\u00fablica, tanto em n\u00edvel estadual quanto federal.<\/p>\n\n\n\n<p>O desempenho de Sergipe refor\u00e7a a percep\u00e7\u00e3o de confian\u00e7a da popula\u00e7\u00e3o local nas a\u00e7\u00f5es desenvolvidas na \u00e1rea, destacando o estado no cen\u00e1rio brasileiro, como ressaltou o secret\u00e1rio de Seguran\u00e7a P\u00fablica, Jo\u00e3o Eloy de Menezes. \u201cEsse resultado mostra que o trabalho s\u00e9rio, cont\u00ednuo e integrado das nossas for\u00e7as de seguran\u00e7a est\u00e1 sendo percebido pela popula\u00e7\u00e3o. Atingir 75,1% de aprova\u00e7\u00e3o e colocar Sergipe entre os tr\u00eas estados mais bem avaliados do pa\u00eds n\u00e3o \u00e9 algo pontual, \u00e9 fruto de planejamento, investimento e, principalmente, do compromisso di\u00e1rio dos nossos profissionais\u201d, destacou.<\/p>\n\n\n\n<p>GOV\/SE<\/p>\n","protected":false},"excerpt":{"rendered":"<p>Com 75,1% de aprova\u00e7\u00e3o, estado figura entre os tr\u00eas mais bem avaliados no levantamento \u201cFor\u00e7a de Seguran\u00e7a na Percep\u00e7\u00e3o dos Brasileiros\u201d O estado de Sergipe aparece entre os tr\u00eas mais bem avaliados do pa\u00eds no levantamento \u201cFor\u00e7a de Seguran\u00e7a na Percep\u00e7\u00e3o dos Brasileiros\u201d, divulgado nesta quarta-feira, 22, pelo Instituto Verit\u00e1. Os dados revelam um cen\u00e1rio [&hellip;]<\/p>\n","protected":false},"author":1,"featured_media":19318,"comment_status":"closed","ping_status":"closed","sticky":false,"template":"","format":"standard","meta":{"footnotes":""},"categories":[53,43],"tags":[],"class_list":["post-19317","post","type-post","status-publish","format-standard","has-post-thumbnail","hentry","category-destaques","category-sergipe"],"yoast_head":"<!-- This site is optimized with the Yoast SEO plugin v27.4 - https:\/\/yoast.com\/product\/yoast-seo-wordpress\/ -->\n<title>Sergipe est\u00e1 entre os tr\u00eas estados brasileiros com melhor avalia\u00e7\u00e3o em seguran\u00e7a p\u00fablica - O Coerente<\/title>\n<meta name=\"robots\" content=\"index, follow, max-snippet:-1, max-image-preview:large, max-video-preview:-1\" \/>\n<link rel=\"canonical\" href=\"https:\/\/ocoerente.com.br\/se\/2026\/04\/24\/sergipe-esta-entre-os-tres-estados-brasileiros-com-melhor-avaliacao-em-seguranca-publica\/\" \/>\n<meta property=\"og:locale\" content=\"pt_BR\" \/>\n<meta property=\"og:type\" content=\"article\" \/>\n<meta property=\"og:title\" content=\"Sergipe est\u00e1 entre os tr\u00eas estados brasileiros com melhor avalia\u00e7\u00e3o em seguran\u00e7a p\u00fablica - O Coerente\" \/>\n<meta property=\"og:description\" content=\"Com 75,1% de aprova\u00e7\u00e3o, estado figura entre os tr\u00eas mais bem avaliados no levantamento \u201cFor\u00e7a de Seguran\u00e7a na Percep\u00e7\u00e3o dos Brasileiros\u201d O estado de Sergipe aparece entre os tr\u00eas mais bem avaliados do pa\u00eds no levantamento \u201cFor\u00e7a de Seguran\u00e7a na Percep\u00e7\u00e3o dos Brasileiros\u201d, divulgado nesta quarta-feira, 22, pelo Instituto Verit\u00e1. Os dados revelam um cen\u00e1rio [&hellip;]\" \/>\n<meta property=\"og:url\" content=\"https:\/\/ocoerente.com.br\/se\/2026\/04\/24\/sergipe-esta-entre-os-tres-estados-brasileiros-com-melhor-avaliacao-em-seguranca-publica\/\" \/>\n<meta property=\"og:site_name\" content=\"O Coerente\" \/>\n<meta property=\"article:published_time\" content=\"2026-04-24T12:41:46+00:00\" \/>\n<meta property=\"article:modified_time\" content=\"2026-04-24T12:41:48+00:00\" \/>\n<meta property=\"og:image\" content=\"https:\/\/ocoerente.com.br\/se\/wp-content\/uploads\/2026\/04\/9756cc5e368e96ff4a63b7ccb5e7f.jpg\" \/>\n\t<meta property=\"og:image:width\" content=\"1100\" \/>\n\t<meta property=\"og:image:height\" content=\"610\" \/>\n\t<meta property=\"og:image:type\" content=\"image\/jpeg\" \/>\n<meta name=\"author\" content=\"Reda\u00e7\u00e3o\" \/>\n<meta name=\"twitter:card\" content=\"summary_large_image\" \/>\n<meta name=\"twitter:label1\" content=\"Escrito por\" \/>\n\t<meta name=\"twitter:data1\" content=\"Reda\u00e7\u00e3o\" \/>\n\t<meta name=\"twitter:label2\" content=\"Est. tempo de leitura\" \/>\n\t<meta name=\"twitter:data2\" content=\"2 minutos\" \/>\n<script type=\"application\/ld+json\" class=\"yoast-schema-graph\">{\"@context\":\"https:\\\/\\\/schema.org\",\"@graph\":[{\"@type\":\"Article\",\"@id\":\"https:\\\/\\\/ocoerente.com.br\\\/se\\\/2026\\\/04\\\/24\\\/sergipe-esta-entre-os-tres-estados-brasileiros-com-melhor-avaliacao-em-seguranca-publica\\\/#article\",\"isPartOf\":{\"@id\":\"https:\\\/\\\/ocoerente.com.br\\\/se\\\/2026\\\/04\\\/24\\\/sergipe-esta-entre-os-tres-estados-brasileiros-com-melhor-avaliacao-em-seguranca-publica\\\/\"},\"author\":{\"name\":\"Reda\u00e7\u00e3o\",\"@id\":\"https:\\\/\\\/ocoerente.com.br\\\/se\\\/#\\\/schema\\\/person\\\/cc6bfd9fbca465e23543b0c963d8d037\"},\"headline\":\"Sergipe est\u00e1 entre os tr\u00eas estados brasileiros com melhor avalia\u00e7\u00e3o em seguran\u00e7a p\u00fablica\",\"datePublished\":\"2026-04-24T12:41:46+00:00\",\"dateModified\":\"2026-04-24T12:41:48+00:00\",\"mainEntityOfPage\":{\"@id\":\"https:\\\/\\\/ocoerente.com.br\\\/se\\\/2026\\\/04\\\/24\\\/sergipe-esta-entre-os-tres-estados-brasileiros-com-melhor-avaliacao-em-seguranca-publica\\\/\"},\"wordCount\":352,\"publisher\":{\"@id\":\"https:\\\/\\\/ocoerente.com.br\\\/se\\\/#\\\/schema\\\/person\\\/cc6bfd9fbca465e23543b0c963d8d037\"},\"image\":{\"@id\":\"https:\\\/\\\/ocoerente.com.br\\\/se\\\/2026\\\/04\\\/24\\\/sergipe-esta-entre-os-tres-estados-brasileiros-com-melhor-avaliacao-em-seguranca-publica\\\/#primaryimage\"},\"thumbnailUrl\":\"https:\\\/\\\/ocoerente.com.br\\\/se\\\/wp-content\\\/uploads\\\/2026\\\/04\\\/9756cc5e368e96ff4a63b7ccb5e7f.jpg\",\"articleSection\":[\"Destaques\",\"Sergipe\"],\"inLanguage\":\"pt-BR\"},{\"@type\":\"WebPage\",\"@id\":\"https:\\\/\\\/ocoerente.com.br\\\/se\\\/2026\\\/04\\\/24\\\/sergipe-esta-entre-os-tres-estados-brasileiros-com-melhor-avaliacao-em-seguranca-publica\\\/\",\"url\":\"https:\\\/\\\/ocoerente.com.br\\\/se\\\/2026\\\/04\\\/24\\\/sergipe-esta-entre-os-tres-estados-brasileiros-com-melhor-avaliacao-em-seguranca-publica\\\/\",\"name\":\"Sergipe est\u00e1 entre os tr\u00eas estados brasileiros com melhor avalia\u00e7\u00e3o em seguran\u00e7a p\u00fablica - O Coerente\",\"isPartOf\":{\"@id\":\"https:\\\/\\\/ocoerente.com.br\\\/se\\\/#website\"},\"primaryImageOfPage\":{\"@id\":\"https:\\\/\\\/ocoerente.com.br\\\/se\\\/2026\\\/04\\\/24\\\/sergipe-esta-entre-os-tres-estados-brasileiros-com-melhor-avaliacao-em-seguranca-publica\\\/#primaryimage\"},\"image\":{\"@id\":\"https:\\\/\\\/ocoerente.com.br\\\/se\\\/2026\\\/04\\\/24\\\/sergipe-esta-entre-os-tres-estados-brasileiros-com-melhor-avaliacao-em-seguranca-publica\\\/#primaryimage\"},\"thumbnailUrl\":\"https:\\\/\\\/ocoerente.com.br\\\/se\\\/wp-content\\\/uploads\\\/2026\\\/04\\\/9756cc5e368e96ff4a63b7ccb5e7f.jpg\",\"datePublished\":\"2026-04-24T12:41:46+00:00\",\"dateModified\":\"2026-04-24T12:41:48+00:00\",\"breadcrumb\":{\"@id\":\"https:\\\/\\\/ocoerente.com.br\\\/se\\\/2026\\\/04\\\/24\\\/sergipe-esta-entre-os-tres-estados-brasileiros-com-melhor-avaliacao-em-seguranca-publica\\\/#breadcrumb\"},\"inLanguage\":\"pt-BR\",\"potentialAction\":[{\"@type\":\"ReadAction\",\"target\":[\"https:\\\/\\\/ocoerente.com.br\\\/se\\\/2026\\\/04\\\/24\\\/sergipe-esta-entre-os-tres-estados-brasileiros-com-melhor-avaliacao-em-seguranca-publica\\\/\"]}]},{\"@type\":\"ImageObject\",\"inLanguage\":\"pt-BR\",\"@id\":\"https:\\\/\\\/ocoerente.com.br\\\/se\\\/2026\\\/04\\\/24\\\/sergipe-esta-entre-os-tres-estados-brasileiros-com-melhor-avaliacao-em-seguranca-publica\\\/#primaryimage\",\"url\":\"https:\\\/\\\/ocoerente.com.br\\\/se\\\/wp-content\\\/uploads\\\/2026\\\/04\\\/9756cc5e368e96ff4a63b7ccb5e7f.jpg\",\"contentUrl\":\"https:\\\/\\\/ocoerente.com.br\\\/se\\\/wp-content\\\/uploads\\\/2026\\\/04\\\/9756cc5e368e96ff4a63b7ccb5e7f.jpg\",\"width\":1100,\"height\":610,\"caption\":\"Foto: Jorge Ara\u00fajo\"},{\"@type\":\"BreadcrumbList\",\"@id\":\"https:\\\/\\\/ocoerente.com.br\\\/se\\\/2026\\\/04\\\/24\\\/sergipe-esta-entre-os-tres-estados-brasileiros-com-melhor-avaliacao-em-seguranca-publica\\\/#breadcrumb\",\"itemListElement\":[{\"@type\":\"ListItem\",\"position\":1,\"name\":\"In\u00edcio\",\"item\":\"https:\\\/\\\/ocoerente.com.br\\\/se\\\/\"},{\"@type\":\"ListItem\",\"position\":2,\"name\":\"Sergipe est\u00e1 entre os tr\u00eas estados brasileiros com melhor avalia\u00e7\u00e3o em seguran\u00e7a p\u00fablica\"}]},{\"@type\":\"WebSite\",\"@id\":\"https:\\\/\\\/ocoerente.com.br\\\/se\\\/#website\",\"url\":\"https:\\\/\\\/ocoerente.com.br\\\/se\\\/\",\"name\":\"O Coerente\",\"description\":\"\",\"publisher\":{\"@id\":\"https:\\\/\\\/ocoerente.com.br\\\/se\\\/#\\\/schema\\\/person\\\/cc6bfd9fbca465e23543b0c963d8d037\"},\"potentialAction\":[{\"@type\":\"SearchAction\",\"target\":{\"@type\":\"EntryPoint\",\"urlTemplate\":\"https:\\\/\\\/ocoerente.com.br\\\/se\\\/?s={search_term_string}\"},\"query-input\":{\"@type\":\"PropertyValueSpecification\",\"valueRequired\":true,\"valueName\":\"search_term_string\"}}],\"inLanguage\":\"pt-BR\"},{\"@type\":[\"Person\",\"Organization\"],\"@id\":\"https:\\\/\\\/ocoerente.com.br\\\/se\\\/#\\\/schema\\\/person\\\/cc6bfd9fbca465e23543b0c963d8d037\",\"name\":\"Reda\u00e7\u00e3o\",\"image\":{\"@type\":\"ImageObject\",\"inLanguage\":\"pt-BR\",\"@id\":\"https:\\\/\\\/ocoerente.com.br\\\/se\\\/wp-content\\\/uploads\\\/2020\\\/01\\\/ocoerente-1.png\",\"url\":\"https:\\\/\\\/ocoerente.com.br\\\/se\\\/wp-content\\\/uploads\\\/2020\\\/01\\\/ocoerente-1.png\",\"contentUrl\":\"https:\\\/\\\/ocoerente.com.br\\\/se\\\/wp-content\\\/uploads\\\/2020\\\/01\\\/ocoerente-1.png\",\"width\":50,\"height\":50,\"caption\":\"Reda\u00e7\u00e3o\"},\"logo\":{\"@id\":\"https:\\\/\\\/ocoerente.com.br\\\/se\\\/wp-content\\\/uploads\\\/2020\\\/01\\\/ocoerente-1.png\"},\"url\":\"https:\\\/\\\/ocoerente.com.br\\\/se\\\/author\\\/vasticlsales\\\/\"}]}<\/script>\n<!-- \/ Yoast SEO plugin. -->","yoast_head_json":{"title":"Sergipe est\u00e1 entre os tr\u00eas estados brasileiros com melhor avalia\u00e7\u00e3o em seguran\u00e7a p\u00fablica - O Coerente","robots":{"index":"index","follow":"follow","max-snippet":"max-snippet:-1","max-image-preview":"max-image-preview:large","max-video-preview":"max-video-preview:-1"},"canonical":"https:\/\/ocoerente.com.br\/se\/2026\/04\/24\/sergipe-esta-entre-os-tres-estados-brasileiros-com-melhor-avaliacao-em-seguranca-publica\/","og_locale":"pt_BR","og_type":"article","og_title":"Sergipe est\u00e1 entre os tr\u00eas estados brasileiros com melhor avalia\u00e7\u00e3o em seguran\u00e7a p\u00fablica - O Coerente","og_description":"Com 75,1% de aprova\u00e7\u00e3o, estado figura entre os tr\u00eas mais bem avaliados no levantamento \u201cFor\u00e7a de Seguran\u00e7a na Percep\u00e7\u00e3o dos Brasileiros\u201d O estado de Sergipe aparece entre os tr\u00eas mais bem avaliados do pa\u00eds no levantamento \u201cFor\u00e7a de Seguran\u00e7a na Percep\u00e7\u00e3o dos Brasileiros\u201d, divulgado nesta quarta-feira, 22, pelo Instituto Verit\u00e1. Os dados revelam um cen\u00e1rio [&hellip;]","og_url":"https:\/\/ocoerente.com.br\/se\/2026\/04\/24\/sergipe-esta-entre-os-tres-estados-brasileiros-com-melhor-avaliacao-em-seguranca-publica\/","og_site_name":"O Coerente","article_published_time":"2026-04-24T12:41:46+00:00","article_modified_time":"2026-04-24T12:41:48+00:00","og_image":[{"width":1100,"height":610,"url":"https:\/\/ocoerente.com.br\/se\/wp-content\/uploads\/2026\/04\/9756cc5e368e96ff4a63b7ccb5e7f.jpg","type":"image\/jpeg"}],"author":"Reda\u00e7\u00e3o","twitter_card":"summary_large_image","twitter_misc":{"Escrito por":"Reda\u00e7\u00e3o","Est. tempo de leitura":"2 minutos"},"schema":{"@context":"https:\/\/schema.org","@graph":[{"@type":"Article","@id":"https:\/\/ocoerente.com.br\/se\/2026\/04\/24\/sergipe-esta-entre-os-tres-estados-brasileiros-com-melhor-avaliacao-em-seguranca-publica\/#article","isPartOf":{"@id":"https:\/\/ocoerente.com.br\/se\/2026\/04\/24\/sergipe-esta-entre-os-tres-estados-brasileiros-com-melhor-avaliacao-em-seguranca-publica\/"},"author":{"name":"Reda\u00e7\u00e3o","@id":"https:\/\/ocoerente.com.br\/se\/#\/schema\/person\/cc6bfd9fbca465e23543b0c963d8d037"},"headline":"Sergipe est\u00e1 entre os tr\u00eas estados brasileiros com melhor avalia\u00e7\u00e3o em seguran\u00e7a p\u00fablica","datePublished":"2026-04-24T12:41:46+00:00","dateModified":"2026-04-24T12:41:48+00:00","mainEntityOfPage":{"@id":"https:\/\/ocoerente.com.br\/se\/2026\/04\/24\/sergipe-esta-entre-os-tres-estados-brasileiros-com-melhor-avaliacao-em-seguranca-publica\/"},"wordCount":352,"publisher":{"@id":"https:\/\/ocoerente.com.br\/se\/#\/schema\/person\/cc6bfd9fbca465e23543b0c963d8d037"},"image":{"@id":"https:\/\/ocoerente.com.br\/se\/2026\/04\/24\/sergipe-esta-entre-os-tres-estados-brasileiros-com-melhor-avaliacao-em-seguranca-publica\/#primaryimage"},"thumbnailUrl":"https:\/\/ocoerente.com.br\/se\/wp-content\/uploads\/2026\/04\/9756cc5e368e96ff4a63b7ccb5e7f.jpg","articleSection":["Destaques","Sergipe"],"inLanguage":"pt-BR"},{"@type":"WebPage","@id":"https:\/\/ocoerente.com.br\/se\/2026\/04\/24\/sergipe-esta-entre-os-tres-estados-brasileiros-com-melhor-avaliacao-em-seguranca-publica\/","url":"https:\/\/ocoerente.com.br\/se\/2026\/04\/24\/sergipe-esta-entre-os-tres-estados-brasileiros-com-melhor-avaliacao-em-seguranca-publica\/","name":"Sergipe est\u00e1 entre os tr\u00eas estados brasileiros com melhor avalia\u00e7\u00e3o em seguran\u00e7a p\u00fablica - O Coerente","isPartOf":{"@id":"https:\/\/ocoerente.com.br\/se\/#website"},"primaryImageOfPage":{"@id":"https:\/\/ocoerente.com.br\/se\/2026\/04\/24\/sergipe-esta-entre-os-tres-estados-brasileiros-com-melhor-avaliacao-em-seguranca-publica\/#primaryimage"},"image":{"@id":"https:\/\/ocoerente.com.br\/se\/2026\/04\/24\/sergipe-esta-entre-os-tres-estados-brasileiros-com-melhor-avaliacao-em-seguranca-publica\/#primaryimage"},"thumbnailUrl":"https:\/\/ocoerente.com.br\/se\/wp-content\/uploads\/2026\/04\/9756cc5e368e96ff4a63b7ccb5e7f.jpg","datePublished":"2026-04-24T12:41:46+00:00","dateModified":"2026-04-24T12:41:48+00:00","breadcrumb":{"@id":"https:\/\/ocoerente.com.br\/se\/2026\/04\/24\/sergipe-esta-entre-os-tres-estados-brasileiros-com-melhor-avaliacao-em-seguranca-publica\/#breadcrumb"},"inLanguage":"pt-BR","potentialAction":[{"@type":"ReadAction","target":["https:\/\/ocoerente.com.br\/se\/2026\/04\/24\/sergipe-esta-entre-os-tres-estados-brasileiros-com-melhor-avaliacao-em-seguranca-publica\/"]}]},{"@type":"ImageObject","inLanguage":"pt-BR","@id":"https:\/\/ocoerente.com.br\/se\/2026\/04\/24\/sergipe-esta-entre-os-tres-estados-brasileiros-com-melhor-avaliacao-em-seguranca-publica\/#primaryimage","url":"https:\/\/ocoerente.com.br\/se\/wp-content\/uploads\/2026\/04\/9756cc5e368e96ff4a63b7ccb5e7f.jpg","contentUrl":"https:\/\/ocoerente.com.br\/se\/wp-content\/uploads\/2026\/04\/9756cc5e368e96ff4a63b7ccb5e7f.jpg","width":1100,"height":610,"caption":"Foto: Jorge Ara\u00fajo"},{"@type":"BreadcrumbList","@id":"https:\/\/ocoerente.com.br\/se\/2026\/04\/24\/sergipe-esta-entre-os-tres-estados-brasileiros-com-melhor-avaliacao-em-seguranca-publica\/#breadcrumb","itemListElement":[{"@type":"ListItem","position":1,"name":"In\u00edcio","item":"https:\/\/ocoerente.com.br\/se\/"},{"@type":"ListItem","position":2,"name":"Sergipe est\u00e1 entre os tr\u00eas estados brasileiros com melhor avalia\u00e7\u00e3o em seguran\u00e7a p\u00fablica"}]},{"@type":"WebSite","@id":"https:\/\/ocoerente.com.br\/se\/#website","url":"https:\/\/ocoerente.com.br\/se\/","name":"O Coerente","description":"","publisher":{"@id":"https:\/\/ocoerente.com.br\/se\/#\/schema\/person\/cc6bfd9fbca465e23543b0c963d8d037"},"potentialAction":[{"@type":"SearchAction","target":{"@type":"EntryPoint","urlTemplate":"https:\/\/ocoerente.com.br\/se\/?s={search_term_string}"},"query-input":{"@type":"PropertyValueSpecification","valueRequired":true,"valueName":"search_term_string"}}],"inLanguage":"pt-BR"},{"@type":["Person","Organization"],"@id":"https:\/\/ocoerente.com.br\/se\/#\/schema\/person\/cc6bfd9fbca465e23543b0c963d8d037","name":"Reda\u00e7\u00e3o","image":{"@type":"ImageObject","inLanguage":"pt-BR","@id":"https:\/\/ocoerente.com.br\/se\/wp-content\/uploads\/2020\/01\/ocoerente-1.png","url":"https:\/\/ocoerente.com.br\/se\/wp-content\/uploads\/2020\/01\/ocoerente-1.png","contentUrl":"https:\/\/ocoerente.com.br\/se\/wp-content\/uploads\/2020\/01\/ocoerente-1.png","width":50,"height":50,"caption":"Reda\u00e7\u00e3o"},"logo":{"@id":"https:\/\/ocoerente.com.br\/se\/wp-content\/uploads\/2020\/01\/ocoerente-1.png"},"url":"https:\/\/ocoerente.com.br\/se\/author\/vasticlsales\/"}]}},"_links":{"self":[{"href":"https:\/\/ocoerente.com.br\/se\/wp-json\/wp\/v2\/posts\/19317","targetHints":{"allow":["GET"]}}],"collection":[{"href":"https:\/\/ocoerente.com.br\/se\/wp-json\/wp\/v2\/posts"}],"about":[{"href":"https:\/\/ocoerente.com.br\/se\/wp-json\/wp\/v2\/types\/post"}],"author":[{"embeddable":true,"href":"https:\/\/ocoerente.com.br\/se\/wp-json\/wp\/v2\/users\/1"}],"replies":[{"embeddable":true,"href":"https:\/\/ocoerente.com.br\/se\/wp-json\/wp\/v2\/comments?post=19317"}],"version-history":[{"count":1,"href":"https:\/\/ocoerente.com.br\/se\/wp-json\/wp\/v2\/posts\/19317\/revisions"}],"predecessor-version":[{"id":19319,"href":"https:\/\/ocoerente.com.br\/se\/wp-json\/wp\/v2\/posts\/19317\/revisions\/19319"}],"wp:featuredmedia":[{"embeddable":true,"href":"https:\/\/ocoerente.com.br\/se\/wp-json\/wp\/v2\/media\/19318"}],"wp:attachment":[{"href":"https:\/\/ocoerente.com.br\/se\/wp-json\/wp\/v2\/media?parent=19317"}],"wp:term":[{"taxonomy":"category","embeddable":true,"href":"https:\/\/ocoerente.com.br\/se\/wp-json\/wp\/v2\/categories?post=19317"},{"taxonomy":"post_tag","embeddable":true,"href":"https:\/\/ocoerente.com.br\/se\/wp-json\/wp\/v2\/tags?post=19317"}],"curies":[{"name":"wp","href":"https:\/\/api.w.org\/{rel}","templated":true}]}}