{"id":19314,"date":"2026-04-24T09:40:40","date_gmt":"2026-04-24T12:40:40","guid":{"rendered":"https:\/\/ocoerente.com.br\/se\/?p=19314"},"modified":"2026-04-24T09:40:41","modified_gmt":"2026-04-24T12:40:41","slug":"governo-de-sergipe-emite-aviso-meteorologico-e-alerta-para-chuvas-moderadas-a-intensas-em-todo-o-estado","status":"publish","type":"post","link":"https:\/\/ocoerente.com.br\/se\/2026\/04\/24\/governo-de-sergipe-emite-aviso-meteorologico-e-alerta-para-chuvas-moderadas-a-intensas-em-todo-o-estado\/","title":{"rendered":"Governo de Sergipe emite aviso meteorol\u00f3gico e alerta para chuvas moderadas a intensas em todo o estado"},"content":{"rendered":"\n<p><em>Previs\u00e3o indica chuvas que podem ultrapassar 50 mm por dia, e velocidade dos ventos de 40 km\/h a 70 km\/h<\/em><\/p>\n\n\n\n<p>O Governo de Sergipe, por meio da Secretaria de Estado do Meio Ambiente, Sustentabilidade e A\u00e7\u00f5es Clim\u00e1ticas (Semac), emitiu aviso meteorol\u00f3gico para chuvas moderadas a intensas em todo o estado. &nbsp;A previs\u00e3o \u00e9 v\u00e1lida das 10h desta quarta-feira, 22 de abril, at\u00e9 as 23h59 da quinta-feira, 23, devido \u00e0s condi\u00e7\u00f5es atmosf\u00e9ricas favor\u00e1veis \u00e0 ocorr\u00eancia de precipita\u00e7\u00f5es.<\/p>\n\n\n\n<p>Para o per\u00edodo, h\u00e1 possibilidade de acumulados expressivos, podendo ultrapassar 50 mil\u00edmetros (mm) por dia, al\u00e9m da ocorr\u00eancia de ventos intensos, com velocidades entre 40 km\/h e 70 km\/h, e descargas el\u00e9tricas em pontos isolados. Sergipe est\u00e1 em estado de aten\u00e7\u00e3o para chuvas desde da \u00faltima ter\u00e7a-feira, 21, e, at\u00e9 as 23h59 de quinta, o acumulado dos tr\u00eas dias deve ultrapassar 200 mm em munic\u00edpios do litoral e agreste. As estimativas s\u00e3o da equipe t\u00e9cnica de meteorologia da Semac.&nbsp;<\/p>\n\n\n\n<p>Ainda de acordo com a an\u00e1lise meteorol\u00f3gica, a atua\u00e7\u00e3o de um cavado em baixos n\u00edveis da atmosfera na costa do Nordeste, ao associado escoamento de ventos de sudeste em dire\u00e7\u00e3o ao leste da regi\u00e3o, torna a atmosfera inst\u00e1vel e favorece a ocorr\u00eancia de chuvas volumosas no estado de Sergipe.<\/p>\n\n\n\n<p><strong>Riscos associados<\/strong><\/p>\n\n\n\n<p>As condi\u00e7\u00f5es previstas indicam risco de riscos de transbordamento dos principais rios e lagoas do estado, e de transbordamento de pequenos c\u00f3rregos, riachos, rios e lagoas em diferentes regi\u00f5es.&nbsp;<\/p>\n\n\n\n<p>O acumulado de precipita\u00e7\u00e3o tamb\u00e9m pode trazer riscos para o tr\u00e1fego em rodovias, al\u00e9m de alagamentos, deslizamentos de encostas, destelhamentos de im\u00f3veis, queda de \u00e1rvores e de placas mal fixadas.&nbsp;<br>&nbsp;<br>A Semac refor\u00e7a a import\u00e2ncia de aten\u00e7\u00e3o redobrada por parte da popula\u00e7\u00e3o, especialmente em \u00e1reas mais vulner\u00e1veis, e recomenda o acompanhamento das atualiza\u00e7\u00f5es dos boletins meteorol\u00f3gicos e das orienta\u00e7\u00f5es da Defesa Civil.<\/p>\n\n\n\n<p>A Ger\u00eancia de Meteorologia e Mudan\u00e7as Clim\u00e1ticas da Semac segue monitorando continuamente as condi\u00e7\u00f5es atmosf\u00e9ricas, e novas atualiza\u00e7\u00f5es poder\u00e3o ser emitidas a qualquer momento.<\/p>\n\n\n\n<p><a href=\"https:\/\/www.se.gov.br\/anexos\/uploads\/download\/midia\/437\/76402a5f07a05dbac1cc89016139adef.pdf\">Confira aqui<\/a>&nbsp;a \u00edntegra do aviso Meteorol\u00f3gico emitido pela Semac.<\/p>\n\n\n\n<p>GOV\/SE<\/p>\n","protected":false},"excerpt":{"rendered":"<p>Previs\u00e3o indica chuvas que podem ultrapassar 50 mm por dia, e velocidade dos ventos de 40 km\/h a 70 km\/h O Governo de Sergipe, por meio da Secretaria de Estado do Meio Ambiente, Sustentabilidade e A\u00e7\u00f5es Clim\u00e1ticas (Semac), emitiu aviso meteorol\u00f3gico para chuvas moderadas a intensas em todo o estado. &nbsp;A previs\u00e3o \u00e9 v\u00e1lida das [&hellip;]<\/p>\n","protected":false},"author":1,"featured_media":19315,"comment_status":"closed","ping_status":"closed","sticky":false,"template":"","format":"standard","meta":{"footnotes":""},"categories":[53,43],"tags":[],"class_list":["post-19314","post","type-post","status-publish","format-standard","has-post-thumbnail","hentry","category-destaques","category-sergipe"],"yoast_head":"<!-- This site is optimized with the Yoast SEO plugin v27.4 - https:\/\/yoast.com\/product\/yoast-seo-wordpress\/ -->\n<title>Governo de Sergipe emite aviso meteorol\u00f3gico e alerta para chuvas moderadas a intensas em todo o estado - O Coerente<\/title>\n<meta name=\"robots\" content=\"index, follow, max-snippet:-1, max-image-preview:large, max-video-preview:-1\" \/>\n<link rel=\"canonical\" href=\"https:\/\/ocoerente.com.br\/se\/2026\/04\/24\/governo-de-sergipe-emite-aviso-meteorologico-e-alerta-para-chuvas-moderadas-a-intensas-em-todo-o-estado\/\" \/>\n<meta property=\"og:locale\" content=\"pt_BR\" \/>\n<meta property=\"og:type\" content=\"article\" \/>\n<meta property=\"og:title\" content=\"Governo de Sergipe emite aviso meteorol\u00f3gico e alerta para chuvas moderadas a intensas em todo o estado - O Coerente\" \/>\n<meta property=\"og:description\" content=\"Previs\u00e3o indica chuvas que podem ultrapassar 50 mm por dia, e velocidade dos ventos de 40 km\/h a 70 km\/h O Governo de Sergipe, por meio da Secretaria de Estado do Meio Ambiente, Sustentabilidade e A\u00e7\u00f5es Clim\u00e1ticas (Semac), emitiu aviso meteorol\u00f3gico para chuvas moderadas a intensas em todo o estado. &nbsp;A previs\u00e3o \u00e9 v\u00e1lida das [&hellip;]\" \/>\n<meta property=\"og:url\" content=\"https:\/\/ocoerente.com.br\/se\/2026\/04\/24\/governo-de-sergipe-emite-aviso-meteorologico-e-alerta-para-chuvas-moderadas-a-intensas-em-todo-o-estado\/\" \/>\n<meta property=\"og:site_name\" content=\"O Coerente\" \/>\n<meta property=\"article:published_time\" content=\"2026-04-24T12:40:40+00:00\" \/>\n<meta property=\"article:modified_time\" content=\"2026-04-24T12:40:41+00:00\" \/>\n<meta property=\"og:image\" content=\"https:\/\/ocoerente.com.br\/se\/wp-content\/uploads\/2026\/04\/67664ff0bc716956e0fb8681ccc.jpg\" \/>\n\t<meta property=\"og:image:width\" content=\"1100\" \/>\n\t<meta property=\"og:image:height\" content=\"610\" \/>\n\t<meta property=\"og:image:type\" content=\"image\/jpeg\" \/>\n<meta name=\"author\" content=\"Reda\u00e7\u00e3o\" \/>\n<meta name=\"twitter:card\" content=\"summary_large_image\" \/>\n<meta name=\"twitter:label1\" content=\"Escrito por\" \/>\n\t<meta name=\"twitter:data1\" content=\"Reda\u00e7\u00e3o\" \/>\n\t<meta name=\"twitter:label2\" content=\"Est. tempo de leitura\" \/>\n\t<meta name=\"twitter:data2\" content=\"3 minutos\" \/>\n<script type=\"application\/ld+json\" class=\"yoast-schema-graph\">{\"@context\":\"https:\\\/\\\/schema.org\",\"@graph\":[{\"@type\":\"Article\",\"@id\":\"https:\\\/\\\/ocoerente.com.br\\\/se\\\/2026\\\/04\\\/24\\\/governo-de-sergipe-emite-aviso-meteorologico-e-alerta-para-chuvas-moderadas-a-intensas-em-todo-o-estado\\\/#article\",\"isPartOf\":{\"@id\":\"https:\\\/\\\/ocoerente.com.br\\\/se\\\/2026\\\/04\\\/24\\\/governo-de-sergipe-emite-aviso-meteorologico-e-alerta-para-chuvas-moderadas-a-intensas-em-todo-o-estado\\\/\"},\"author\":{\"name\":\"Reda\u00e7\u00e3o\",\"@id\":\"https:\\\/\\\/ocoerente.com.br\\\/se\\\/#\\\/schema\\\/person\\\/cc6bfd9fbca465e23543b0c963d8d037\"},\"headline\":\"Governo de Sergipe emite aviso meteorol\u00f3gico e alerta para chuvas moderadas a intensas em todo o estado\",\"datePublished\":\"2026-04-24T12:40:40+00:00\",\"dateModified\":\"2026-04-24T12:40:41+00:00\",\"mainEntityOfPage\":{\"@id\":\"https:\\\/\\\/ocoerente.com.br\\\/se\\\/2026\\\/04\\\/24\\\/governo-de-sergipe-emite-aviso-meteorologico-e-alerta-para-chuvas-moderadas-a-intensas-em-todo-o-estado\\\/\"},\"wordCount\":403,\"publisher\":{\"@id\":\"https:\\\/\\\/ocoerente.com.br\\\/se\\\/#\\\/schema\\\/person\\\/cc6bfd9fbca465e23543b0c963d8d037\"},\"image\":{\"@id\":\"https:\\\/\\\/ocoerente.com.br\\\/se\\\/2026\\\/04\\\/24\\\/governo-de-sergipe-emite-aviso-meteorologico-e-alerta-para-chuvas-moderadas-a-intensas-em-todo-o-estado\\\/#primaryimage\"},\"thumbnailUrl\":\"https:\\\/\\\/ocoerente.com.br\\\/se\\\/wp-content\\\/uploads\\\/2026\\\/04\\\/67664ff0bc716956e0fb8681ccc.jpg\",\"articleSection\":[\"Destaques\",\"Sergipe\"],\"inLanguage\":\"pt-BR\"},{\"@type\":\"WebPage\",\"@id\":\"https:\\\/\\\/ocoerente.com.br\\\/se\\\/2026\\\/04\\\/24\\\/governo-de-sergipe-emite-aviso-meteorologico-e-alerta-para-chuvas-moderadas-a-intensas-em-todo-o-estado\\\/\",\"url\":\"https:\\\/\\\/ocoerente.com.br\\\/se\\\/2026\\\/04\\\/24\\\/governo-de-sergipe-emite-aviso-meteorologico-e-alerta-para-chuvas-moderadas-a-intensas-em-todo-o-estado\\\/\",\"name\":\"Governo de Sergipe emite aviso meteorol\u00f3gico e alerta para chuvas moderadas a intensas em todo o estado - O Coerente\",\"isPartOf\":{\"@id\":\"https:\\\/\\\/ocoerente.com.br\\\/se\\\/#website\"},\"primaryImageOfPage\":{\"@id\":\"https:\\\/\\\/ocoerente.com.br\\\/se\\\/2026\\\/04\\\/24\\\/governo-de-sergipe-emite-aviso-meteorologico-e-alerta-para-chuvas-moderadas-a-intensas-em-todo-o-estado\\\/#primaryimage\"},\"image\":{\"@id\":\"https:\\\/\\\/ocoerente.com.br\\\/se\\\/2026\\\/04\\\/24\\\/governo-de-sergipe-emite-aviso-meteorologico-e-alerta-para-chuvas-moderadas-a-intensas-em-todo-o-estado\\\/#primaryimage\"},\"thumbnailUrl\":\"https:\\\/\\\/ocoerente.com.br\\\/se\\\/wp-content\\\/uploads\\\/2026\\\/04\\\/67664ff0bc716956e0fb8681ccc.jpg\",\"datePublished\":\"2026-04-24T12:40:40+00:00\",\"dateModified\":\"2026-04-24T12:40:41+00:00\",\"breadcrumb\":{\"@id\":\"https:\\\/\\\/ocoerente.com.br\\\/se\\\/2026\\\/04\\\/24\\\/governo-de-sergipe-emite-aviso-meteorologico-e-alerta-para-chuvas-moderadas-a-intensas-em-todo-o-estado\\\/#breadcrumb\"},\"inLanguage\":\"pt-BR\",\"potentialAction\":[{\"@type\":\"ReadAction\",\"target\":[\"https:\\\/\\\/ocoerente.com.br\\\/se\\\/2026\\\/04\\\/24\\\/governo-de-sergipe-emite-aviso-meteorologico-e-alerta-para-chuvas-moderadas-a-intensas-em-todo-o-estado\\\/\"]}]},{\"@type\":\"ImageObject\",\"inLanguage\":\"pt-BR\",\"@id\":\"https:\\\/\\\/ocoerente.com.br\\\/se\\\/2026\\\/04\\\/24\\\/governo-de-sergipe-emite-aviso-meteorologico-e-alerta-para-chuvas-moderadas-a-intensas-em-todo-o-estado\\\/#primaryimage\",\"url\":\"https:\\\/\\\/ocoerente.com.br\\\/se\\\/wp-content\\\/uploads\\\/2026\\\/04\\\/67664ff0bc716956e0fb8681ccc.jpg\",\"contentUrl\":\"https:\\\/\\\/ocoerente.com.br\\\/se\\\/wp-content\\\/uploads\\\/2026\\\/04\\\/67664ff0bc716956e0fb8681ccc.jpg\",\"width\":1100,\"height\":610,\"caption\":\"Foto: Arthuro Paganini\"},{\"@type\":\"BreadcrumbList\",\"@id\":\"https:\\\/\\\/ocoerente.com.br\\\/se\\\/2026\\\/04\\\/24\\\/governo-de-sergipe-emite-aviso-meteorologico-e-alerta-para-chuvas-moderadas-a-intensas-em-todo-o-estado\\\/#breadcrumb\",\"itemListElement\":[{\"@type\":\"ListItem\",\"position\":1,\"name\":\"In\u00edcio\",\"item\":\"https:\\\/\\\/ocoerente.com.br\\\/se\\\/\"},{\"@type\":\"ListItem\",\"position\":2,\"name\":\"Governo de Sergipe emite aviso meteorol\u00f3gico e alerta para chuvas moderadas a intensas em todo o estado\"}]},{\"@type\":\"WebSite\",\"@id\":\"https:\\\/\\\/ocoerente.com.br\\\/se\\\/#website\",\"url\":\"https:\\\/\\\/ocoerente.com.br\\\/se\\\/\",\"name\":\"O Coerente\",\"description\":\"\",\"publisher\":{\"@id\":\"https:\\\/\\\/ocoerente.com.br\\\/se\\\/#\\\/schema\\\/person\\\/cc6bfd9fbca465e23543b0c963d8d037\"},\"potentialAction\":[{\"@type\":\"SearchAction\",\"target\":{\"@type\":\"EntryPoint\",\"urlTemplate\":\"https:\\\/\\\/ocoerente.com.br\\\/se\\\/?s={search_term_string}\"},\"query-input\":{\"@type\":\"PropertyValueSpecification\",\"valueRequired\":true,\"valueName\":\"search_term_string\"}}],\"inLanguage\":\"pt-BR\"},{\"@type\":[\"Person\",\"Organization\"],\"@id\":\"https:\\\/\\\/ocoerente.com.br\\\/se\\\/#\\\/schema\\\/person\\\/cc6bfd9fbca465e23543b0c963d8d037\",\"name\":\"Reda\u00e7\u00e3o\",\"image\":{\"@type\":\"ImageObject\",\"inLanguage\":\"pt-BR\",\"@id\":\"https:\\\/\\\/ocoerente.com.br\\\/se\\\/wp-content\\\/uploads\\\/2020\\\/01\\\/ocoerente-1.png\",\"url\":\"https:\\\/\\\/ocoerente.com.br\\\/se\\\/wp-content\\\/uploads\\\/2020\\\/01\\\/ocoerente-1.png\",\"contentUrl\":\"https:\\\/\\\/ocoerente.com.br\\\/se\\\/wp-content\\\/uploads\\\/2020\\\/01\\\/ocoerente-1.png\",\"width\":50,\"height\":50,\"caption\":\"Reda\u00e7\u00e3o\"},\"logo\":{\"@id\":\"https:\\\/\\\/ocoerente.com.br\\\/se\\\/wp-content\\\/uploads\\\/2020\\\/01\\\/ocoerente-1.png\"},\"url\":\"https:\\\/\\\/ocoerente.com.br\\\/se\\\/author\\\/vasticlsales\\\/\"}]}<\/script>\n<!-- \/ Yoast SEO plugin. -->","yoast_head_json":{"title":"Governo de Sergipe emite aviso meteorol\u00f3gico e alerta para chuvas moderadas a intensas em todo o estado - O Coerente","robots":{"index":"index","follow":"follow","max-snippet":"max-snippet:-1","max-image-preview":"max-image-preview:large","max-video-preview":"max-video-preview:-1"},"canonical":"https:\/\/ocoerente.com.br\/se\/2026\/04\/24\/governo-de-sergipe-emite-aviso-meteorologico-e-alerta-para-chuvas-moderadas-a-intensas-em-todo-o-estado\/","og_locale":"pt_BR","og_type":"article","og_title":"Governo de Sergipe emite aviso meteorol\u00f3gico e alerta para chuvas moderadas a intensas em todo o estado - O Coerente","og_description":"Previs\u00e3o indica chuvas que podem ultrapassar 50 mm por dia, e velocidade dos ventos de 40 km\/h a 70 km\/h O Governo de Sergipe, por meio da Secretaria de Estado do Meio Ambiente, Sustentabilidade e A\u00e7\u00f5es Clim\u00e1ticas (Semac), emitiu aviso meteorol\u00f3gico para chuvas moderadas a intensas em todo o estado. &nbsp;A previs\u00e3o \u00e9 v\u00e1lida das [&hellip;]","og_url":"https:\/\/ocoerente.com.br\/se\/2026\/04\/24\/governo-de-sergipe-emite-aviso-meteorologico-e-alerta-para-chuvas-moderadas-a-intensas-em-todo-o-estado\/","og_site_name":"O Coerente","article_published_time":"2026-04-24T12:40:40+00:00","article_modified_time":"2026-04-24T12:40:41+00:00","og_image":[{"width":1100,"height":610,"url":"https:\/\/ocoerente.com.br\/se\/wp-content\/uploads\/2026\/04\/67664ff0bc716956e0fb8681ccc.jpg","type":"image\/jpeg"}],"author":"Reda\u00e7\u00e3o","twitter_card":"summary_large_image","twitter_misc":{"Escrito por":"Reda\u00e7\u00e3o","Est. tempo de leitura":"3 minutos"},"schema":{"@context":"https:\/\/schema.org","@graph":[{"@type":"Article","@id":"https:\/\/ocoerente.com.br\/se\/2026\/04\/24\/governo-de-sergipe-emite-aviso-meteorologico-e-alerta-para-chuvas-moderadas-a-intensas-em-todo-o-estado\/#article","isPartOf":{"@id":"https:\/\/ocoerente.com.br\/se\/2026\/04\/24\/governo-de-sergipe-emite-aviso-meteorologico-e-alerta-para-chuvas-moderadas-a-intensas-em-todo-o-estado\/"},"author":{"name":"Reda\u00e7\u00e3o","@id":"https:\/\/ocoerente.com.br\/se\/#\/schema\/person\/cc6bfd9fbca465e23543b0c963d8d037"},"headline":"Governo de Sergipe emite aviso meteorol\u00f3gico e alerta para chuvas moderadas a intensas em todo o estado","datePublished":"2026-04-24T12:40:40+00:00","dateModified":"2026-04-24T12:40:41+00:00","mainEntityOfPage":{"@id":"https:\/\/ocoerente.com.br\/se\/2026\/04\/24\/governo-de-sergipe-emite-aviso-meteorologico-e-alerta-para-chuvas-moderadas-a-intensas-em-todo-o-estado\/"},"wordCount":403,"publisher":{"@id":"https:\/\/ocoerente.com.br\/se\/#\/schema\/person\/cc6bfd9fbca465e23543b0c963d8d037"},"image":{"@id":"https:\/\/ocoerente.com.br\/se\/2026\/04\/24\/governo-de-sergipe-emite-aviso-meteorologico-e-alerta-para-chuvas-moderadas-a-intensas-em-todo-o-estado\/#primaryimage"},"thumbnailUrl":"https:\/\/ocoerente.com.br\/se\/wp-content\/uploads\/2026\/04\/67664ff0bc716956e0fb8681ccc.jpg","articleSection":["Destaques","Sergipe"],"inLanguage":"pt-BR"},{"@type":"WebPage","@id":"https:\/\/ocoerente.com.br\/se\/2026\/04\/24\/governo-de-sergipe-emite-aviso-meteorologico-e-alerta-para-chuvas-moderadas-a-intensas-em-todo-o-estado\/","url":"https:\/\/ocoerente.com.br\/se\/2026\/04\/24\/governo-de-sergipe-emite-aviso-meteorologico-e-alerta-para-chuvas-moderadas-a-intensas-em-todo-o-estado\/","name":"Governo de Sergipe emite aviso meteorol\u00f3gico e alerta para chuvas moderadas a intensas em todo o estado - O Coerente","isPartOf":{"@id":"https:\/\/ocoerente.com.br\/se\/#website"},"primaryImageOfPage":{"@id":"https:\/\/ocoerente.com.br\/se\/2026\/04\/24\/governo-de-sergipe-emite-aviso-meteorologico-e-alerta-para-chuvas-moderadas-a-intensas-em-todo-o-estado\/#primaryimage"},"image":{"@id":"https:\/\/ocoerente.com.br\/se\/2026\/04\/24\/governo-de-sergipe-emite-aviso-meteorologico-e-alerta-para-chuvas-moderadas-a-intensas-em-todo-o-estado\/#primaryimage"},"thumbnailUrl":"https:\/\/ocoerente.com.br\/se\/wp-content\/uploads\/2026\/04\/67664ff0bc716956e0fb8681ccc.jpg","datePublished":"2026-04-24T12:40:40+00:00","dateModified":"2026-04-24T12:40:41+00:00","breadcrumb":{"@id":"https:\/\/ocoerente.com.br\/se\/2026\/04\/24\/governo-de-sergipe-emite-aviso-meteorologico-e-alerta-para-chuvas-moderadas-a-intensas-em-todo-o-estado\/#breadcrumb"},"inLanguage":"pt-BR","potentialAction":[{"@type":"ReadAction","target":["https:\/\/ocoerente.com.br\/se\/2026\/04\/24\/governo-de-sergipe-emite-aviso-meteorologico-e-alerta-para-chuvas-moderadas-a-intensas-em-todo-o-estado\/"]}]},{"@type":"ImageObject","inLanguage":"pt-BR","@id":"https:\/\/ocoerente.com.br\/se\/2026\/04\/24\/governo-de-sergipe-emite-aviso-meteorologico-e-alerta-para-chuvas-moderadas-a-intensas-em-todo-o-estado\/#primaryimage","url":"https:\/\/ocoerente.com.br\/se\/wp-content\/uploads\/2026\/04\/67664ff0bc716956e0fb8681ccc.jpg","contentUrl":"https:\/\/ocoerente.com.br\/se\/wp-content\/uploads\/2026\/04\/67664ff0bc716956e0fb8681ccc.jpg","width":1100,"height":610,"caption":"Foto: Arthuro Paganini"},{"@type":"BreadcrumbList","@id":"https:\/\/ocoerente.com.br\/se\/2026\/04\/24\/governo-de-sergipe-emite-aviso-meteorologico-e-alerta-para-chuvas-moderadas-a-intensas-em-todo-o-estado\/#breadcrumb","itemListElement":[{"@type":"ListItem","position":1,"name":"In\u00edcio","item":"https:\/\/ocoerente.com.br\/se\/"},{"@type":"ListItem","position":2,"name":"Governo de Sergipe emite aviso meteorol\u00f3gico e alerta para chuvas moderadas a intensas em todo o estado"}]},{"@type":"WebSite","@id":"https:\/\/ocoerente.com.br\/se\/#website","url":"https:\/\/ocoerente.com.br\/se\/","name":"O Coerente","description":"","publisher":{"@id":"https:\/\/ocoerente.com.br\/se\/#\/schema\/person\/cc6bfd9fbca465e23543b0c963d8d037"},"potentialAction":[{"@type":"SearchAction","target":{"@type":"EntryPoint","urlTemplate":"https:\/\/ocoerente.com.br\/se\/?s={search_term_string}"},"query-input":{"@type":"PropertyValueSpecification","valueRequired":true,"valueName":"search_term_string"}}],"inLanguage":"pt-BR"},{"@type":["Person","Organization"],"@id":"https:\/\/ocoerente.com.br\/se\/#\/schema\/person\/cc6bfd9fbca465e23543b0c963d8d037","name":"Reda\u00e7\u00e3o","image":{"@type":"ImageObject","inLanguage":"pt-BR","@id":"https:\/\/ocoerente.com.br\/se\/wp-content\/uploads\/2020\/01\/ocoerente-1.png","url":"https:\/\/ocoerente.com.br\/se\/wp-content\/uploads\/2020\/01\/ocoerente-1.png","contentUrl":"https:\/\/ocoerente.com.br\/se\/wp-content\/uploads\/2020\/01\/ocoerente-1.png","width":50,"height":50,"caption":"Reda\u00e7\u00e3o"},"logo":{"@id":"https:\/\/ocoerente.com.br\/se\/wp-content\/uploads\/2020\/01\/ocoerente-1.png"},"url":"https:\/\/ocoerente.com.br\/se\/author\/vasticlsales\/"}]}},"_links":{"self":[{"href":"https:\/\/ocoerente.com.br\/se\/wp-json\/wp\/v2\/posts\/19314","targetHints":{"allow":["GET"]}}],"collection":[{"href":"https:\/\/ocoerente.com.br\/se\/wp-json\/wp\/v2\/posts"}],"about":[{"href":"https:\/\/ocoerente.com.br\/se\/wp-json\/wp\/v2\/types\/post"}],"author":[{"embeddable":true,"href":"https:\/\/ocoerente.com.br\/se\/wp-json\/wp\/v2\/users\/1"}],"replies":[{"embeddable":true,"href":"https:\/\/ocoerente.com.br\/se\/wp-json\/wp\/v2\/comments?post=19314"}],"version-history":[{"count":1,"href":"https:\/\/ocoerente.com.br\/se\/wp-json\/wp\/v2\/posts\/19314\/revisions"}],"predecessor-version":[{"id":19316,"href":"https:\/\/ocoerente.com.br\/se\/wp-json\/wp\/v2\/posts\/19314\/revisions\/19316"}],"wp:featuredmedia":[{"embeddable":true,"href":"https:\/\/ocoerente.com.br\/se\/wp-json\/wp\/v2\/media\/19315"}],"wp:attachment":[{"href":"https:\/\/ocoerente.com.br\/se\/wp-json\/wp\/v2\/media?parent=19314"}],"wp:term":[{"taxonomy":"category","embeddable":true,"href":"https:\/\/ocoerente.com.br\/se\/wp-json\/wp\/v2\/categories?post=19314"},{"taxonomy":"post_tag","embeddable":true,"href":"https:\/\/ocoerente.com.br\/se\/wp-json\/wp\/v2\/tags?post=19314"}],"curies":[{"name":"wp","href":"https:\/\/api.w.org\/{rel}","templated":true}]}}