{"id":19311,"date":"2026-04-24T09:39:34","date_gmt":"2026-04-24T12:39:34","guid":{"rendered":"https:\/\/ocoerente.com.br\/se\/?p=19311"},"modified":"2026-04-24T09:39:36","modified_gmt":"2026-04-24T12:39:36","slug":"restaurante-popular-padre-pedro-garante-alimentacao-digna-em-quatro-unidades-localizadas-na-capital-sergipana","status":"publish","type":"post","link":"https:\/\/ocoerente.com.br\/se\/2026\/04\/24\/restaurante-popular-padre-pedro-garante-alimentacao-digna-em-quatro-unidades-localizadas-na-capital-sergipana\/","title":{"rendered":"Restaurante Popular Padre Pedro garante alimenta\u00e7\u00e3o digna em quatro unidades localizadas na capital sergipana"},"content":{"rendered":"\n<p><em>Programa estadual permanente oferta mais de 3.300 refei\u00e7\u00f5es di\u00e1rias nas unidades dos bairros Centro, Bugio, Jap\u00e3ozinho e Santa Maria, fortalecendo a rede socioassistencial e contribuindo para a redu\u00e7\u00e3o da inseguran\u00e7a alimentar no estado<\/em><\/p>\n\n\n\n<p>O movimento come\u00e7a cedo no Centro de Aracaju e, tamb\u00e9m, nos bairros Bugio, Jap\u00e3ozinho e Santa Maria, ainda por volta das 9h30. \u00c9 nesses quatro pontos da capital sergipana que o Restaurante Popular Padre Pedro, que faz parte dos programas do Governo do Estado, por meio da Secretaria de Estado da Assist\u00eancia Social, Inclus\u00e3o e Cidadania (Seasic), garante, diariamente, almo\u00e7o e jantar para a popula\u00e7\u00e3o em situa\u00e7\u00e3o de vulnerabilidade social, assegurando acesso \u00e0 alimenta\u00e7\u00e3o de qualidade ao valor social de R$ 1,00.<\/p>\n\n\n\n<p>Reinaugurado em 26 de agosto do ano passado em nova estrutura, no Espa\u00e7o Z\u00e9 Peixe, o restaurante passou por mudan\u00e7as que reorganizaram o atendimento e deram in\u00edcio \u00e0 descentraliza\u00e7\u00e3o do servi\u00e7o, ampliando, assim, para outros tr\u00eas bairros de Aracaju.&nbsp;<\/p>\n\n\n\n<p>Segundo a coordenadora-geral do Restaurante Popular Padre Pedro, Nayane Andrade, a principal mudan\u00e7a com a inaugura\u00e7\u00e3o no novo espa\u00e7o foi a melhoria no fluxo e no acompanhamento assistencial. \u201cAgora, por exemplo, temos a coleta de biometria, garantindo que cada benefici\u00e1rio receba apenas a sua quantidade e permitindo acesso aos dados por meio do CPF. A descentraliza\u00e7\u00e3o, levando, ainda, aos bairros Santa Maria, Bugio e Jap\u00e3ozinho, foi fundamental para que as refei\u00e7\u00f5es cheguem de maneira mais r\u00e1pida aos benefici\u00e1rios, evitando que pessoas de bairros mais distantes precisem se deslocar at\u00e9 o Centro\u201d, destacou.<\/p>\n\n\n\n<p>Atualmente, o programa distribui mais de 3.300 quentinhas diariamente, entre almo\u00e7o e jantar, nas quatro unidades. Para 2026, h\u00e1 previs\u00e3o de nova expans\u00e3o e aumento do quantitativo de refei\u00e7\u00f5es ofertadas.<\/p>\n\n\n\n<p><strong>Pol\u00edtica permanente e garantida por lei<\/strong><\/p>\n\n\n\n<p>A amplia\u00e7\u00e3o ganhou respaldo com a Lei n\u00ba 9.839, de 26 de dezembro de 2025, que transformou o Restaurante Popular Padre Pedro em programa estadual. De acordo com a diretora de seguran\u00e7a alimentar da Secretaria de Estado da Assist\u00eancia Social, Inclus\u00e3o e Cidadania (Seasic), Aline Ferreira, a mudan\u00e7a fortalece a pol\u00edtica p\u00fablica. \u201cA descentraliza\u00e7\u00e3o ocorreu no arcabou\u00e7o da publica\u00e7\u00e3o da Lei e fez com que o \u2018Padre Pedro\u2019 deixasse de ser um equipamento e passasse a ser um programa que garante a abertura de novos pontos e a possibilidade de aumento no quantitativo das refei\u00e7\u00f5es ofertadas\u201d, afirmou.<\/p>\n\n\n\n<p>Aline ressalta que, ao se tornar lei, o programa passa a existir independentemente de gest\u00f5es futuras. \u201cA partir do momento em que transformamos o Restaurante Popular Padre Pedro em lei, ele se torna uma pol\u00edtica permanente, independentemente de governo, continuando a prestar esse servi\u00e7o de tamanha import\u00e2ncia para a popula\u00e7\u00e3o em situa\u00e7\u00e3o de vulnerabilidade\u201d, enfatizou.&nbsp;<\/p>\n\n\n\n<p><strong>Qualidade nutricional e est\u00edmulo \u00e0 agricultura familiar<\/strong><\/p>\n\n\n\n<p>A equipe t\u00e9cnica de nutricionistas da Seasic acompanha todas as etapas, da produ\u00e7\u00e3o \u00e0 distribui\u00e7\u00e3o das refei\u00e7\u00f5es ofertadas nas unidades. \u201cA empresa fornece os alimentos, mas a equipe t\u00e9cnica da Seasic \u00e9 respons\u00e1vel por fiscalizar de perto todas as etapas. Os card\u00e1pios s\u00e3o rotativos e nutricionalmente equilibrados, com variedade de prote\u00ednas, controle de nutrientes e frutas como sobremesa. Al\u00e9m disso, 30% dos alimentos s\u00e3o adquiridos da agricultura familiar, estimulando pequenos produtores locais e fortalecendo a economia regional\u201d, ressaltou Nayane.&nbsp;<\/p>\n\n\n\n<p><strong>Muito al\u00e9m da alimenta\u00e7\u00e3o<\/strong><\/p>\n\n\n\n<p>O benef\u00edcio do restaurante ultrapassa o fornecimento di\u00e1rio de refei\u00e7\u00f5es. \u201c\u00c9 uma pol\u00edtica fundamental no enfrentamento \u00e0 fome e \u00e0 inseguran\u00e7a alimentar em Sergipe, garantindo, diariamente, o acesso a refei\u00e7\u00f5es de qualidade a pre\u00e7o acess\u00edvel e assegurando o direito \u00e0 alimenta\u00e7\u00e3o adequada. Nesse \u00faltimo ano, Sergipe teve uma queda de 27% no \u00edndice de inseguran\u00e7a alimentar grave, e o Restaurante Popular Padre Pedro \u00e9 uma das pol\u00edticas centrais e estrat\u00e9gicas para que a gente tenha conseguido reduzir esses \u00edndices\u201d, afirmou Aline. Segundo ela, a iniciativa integra o programa Sergipe Sem Fome, que re\u00fane outras a\u00e7\u00f5es de combate \u00e0 inseguran\u00e7a alimentar no estado.<\/p>\n\n\n\n<p>Integrado \u00e0 rede, o programa tamb\u00e9m garante atendimento socioassistencial; emiss\u00e3o da Carteira de Identifica\u00e7\u00e3o Nacional (CIN), especialmente para a popula\u00e7\u00e3o em situa\u00e7\u00e3o de rua; acesso a servi\u00e7os da Defensoria P\u00fablica; atividades de inclus\u00e3o pela arte para crian\u00e7as.<\/p>\n\n\n\n<p>A emiss\u00e3o de documentos tem sido estrat\u00e9gica para garantir cidadania a pessoas que, muitas vezes, n\u00e3o possuem registro civil. \u201cO restaurante tem feito esse servi\u00e7o de emiss\u00e3o da Carteira de Identifica\u00e7\u00e3o Nacional para pessoas que n\u00e3o possuem documenta\u00e7\u00e3o, possibilitando que sejam inseridas como cidad\u00e3s e tenham acesso a diversas pol\u00edticas p\u00fablicas\u201d, refor\u00e7ou Aline.<\/p>\n\n\n\n<p>Tamb\u00e9m s\u00e3o realizadas visitas domiciliares para benefici\u00e1rios que n\u00e3o conseguem se deslocar at\u00e9 as unidades por quest\u00f5es de sa\u00fade ou impedimentos f\u00edsicos. Ap\u00f3s avalia\u00e7\u00e3o da assist\u00eancia social, um respons\u00e1vel pode ser autorizado a retirar as refei\u00e7\u00f5es.&nbsp;<\/p>\n\n\n\n<p><strong>Um real que vale muito<\/strong><\/p>\n\n\n\n<p>No Espa\u00e7o Z\u00e9 Peixe, o aposentado Josias Germano resume o sentimento de quem frequenta o local. \u201cA comida \u00e9 espetacular, \u00e9 melhor do que a do com\u00e9rcio, 10 mil vezes, nem se compara. \u00c9 tudo bem cozinhado, tudo bem assado, o pessoal aqui trata a gente muito bem\u201d, afirmou.<\/p>\n\n\n\n<p>Tamb\u00e9m no Centro, o aposentado Jos\u00e9 Milton destacou o acolhimento. \u201cTemos que agradecer porque foi uma grande vit\u00f3ria para a popula\u00e7\u00e3o e as pessoas mais vulner\u00e1veis. Aqui \u00e9 como se fosse uma fam\u00edlia, considero como a minha casa. Somos bem recepcionados, com carinho, com cuidado\u201d, ressaltou.<\/p>\n\n\n\n<p>No Bugio, o aposentado Paulo C\u00e9sar afirma que a chegada da unidade transformou a realidade da comunidade. \u201cPara n\u00f3s, do Bugio, foi uma ben\u00e7\u00e3o. O g\u00e1s est\u00e1 muito caro e foi uma ben\u00e7\u00e3o a chegada do \u2018Padre Pedro\u2019. Ajuda muito, de todas as formas. A alimenta\u00e7\u00e3o vem adequada, excelente, e os funcion\u00e1rios tratam todos n\u00f3s com respeito\u201d, destacou.<\/p>\n\n\n\n<p>J\u00e1 no Jap\u00e3ozinho, Maria Izabel Moura dos Santos, dona de casa e aut\u00f4noma, relata que a refei\u00e7\u00e3o permitiu reorganizar prioridades. \u201cEsse \u2018Padre Pedro\u2019 veio para matar a necessidade realmente de muita gente. A equipe que trabalha aqui foi bem-vinda. O atendimento que eles t\u00eam com a gente, a dedica\u00e7\u00e3o e o cuidado s\u00e3o muito bons\u201d, enfatizou.<\/p>\n\n\n\n<p>Para Maria Helena Moura Santos, que atua com a\u00e7\u00f5es solid\u00e1rias na comunidade, a chegada do restaurante representa valoriza\u00e7\u00e3o. \u201cQuando chega uma coisa dessa para a nossa comunidade, devemos abra\u00e7ar com muito amor e carinho. A comida \u00e9 gostosa, perfeita, e as pessoas que trabalham sabem acolher a gente. Uma comunidade \u00e9 como uma fam\u00edlia e essa fam\u00edlia precisa ser abra\u00e7ada com amor. Dou gra\u00e7as a Deus pelo nosso governador ter ampliado o programa. Ele veio para valorizar nossa comunidade\u201d, relatou.<\/p>\n\n\n\n<p>Moradora do bairro Santa Maria h\u00e1 tr\u00eas d\u00e9cadas, a aposentada Maria Matildes Gomes, de 68 anos, conta que o Restaurante Popular Padre Pedro chegou em um momento de grande necessidade. Com apenas um sal\u00e1rio-m\u00ednimo, ela ajuda a pagar o aluguel de dois filhos e afirma que a refei\u00e7\u00e3o a baixo custo tem feito diferen\u00e7a no or\u00e7amento. Diante das despesas b\u00e1sicas, como \u00e1gua, luz e aluguel, garantir a alimenta\u00e7\u00e3o di\u00e1ria se torna um desafio.<\/p>\n\n\n\n<p>Segundo ela, o restaurante popular representa um al\u00edvio financeiro e uma seguran\u00e7a. \u201cFoi uma ben\u00e7\u00e3o enviada por Deus para essa comunidade carente. Quem ganha um sal\u00e1rio-m\u00ednimo para pagar \u00e1gua, luz e aluguel sabe como \u00e9 dif\u00edcil. Aqui, a gente paga s\u00f3 um real e tem arroz, feij\u00e3o, carne, verdura e suco\u201d, afirma, ao contar que frequenta o restaurante todos os dias, tanto no almo\u00e7o quanto no jantar, por morar pr\u00f3ximo ao local. \u201c\u00c9 s\u00f3 vit\u00f3ria. A alimenta\u00e7\u00e3o est\u00e1 garantida\u201d, frisou.&nbsp;<\/p>\n\n\n\n<p>Ao garantir alimento no prato, acompanhamento social e acesso \u00e0 cidadania, o Restaurante Popular Padre Pedro se consolida como uma pol\u00edtica p\u00fablica estruturante no enfrentamento \u00e0 inseguran\u00e7a alimentar em Sergipe. Mais do que a oferta de refei\u00e7\u00f5es a pre\u00e7o social, o programa reafirma o compromisso do Estado com a dignidade, o cuidado e a prote\u00e7\u00e3o das pessoas que mais precisam.<\/p>\n\n\n\n<p>GOV\/SE<\/p>\n","protected":false},"excerpt":{"rendered":"<p>Programa estadual permanente oferta mais de 3.300 refei\u00e7\u00f5es di\u00e1rias nas unidades dos bairros Centro, Bugio, Jap\u00e3ozinho e Santa Maria, fortalecendo a rede socioassistencial e contribuindo para a redu\u00e7\u00e3o da inseguran\u00e7a alimentar no estado O movimento come\u00e7a cedo no Centro de Aracaju e, tamb\u00e9m, nos bairros Bugio, Jap\u00e3ozinho e Santa Maria, ainda por volta das 9h30. [&hellip;]<\/p>\n","protected":false},"author":1,"featured_media":19312,"comment_status":"closed","ping_status":"closed","sticky":false,"template":"","format":"standard","meta":{"footnotes":""},"categories":[53,43],"tags":[],"class_list":["post-19311","post","type-post","status-publish","format-standard","has-post-thumbnail","hentry","category-destaques","category-sergipe"],"yoast_head":"<!-- This site is optimized with the Yoast SEO plugin v27.4 - https:\/\/yoast.com\/product\/yoast-seo-wordpress\/ -->\n<title>Restaurante Popular Padre Pedro garante alimenta\u00e7\u00e3o digna em quatro unidades localizadas na capital sergipana - O Coerente<\/title>\n<meta name=\"robots\" content=\"index, follow, max-snippet:-1, max-image-preview:large, max-video-preview:-1\" \/>\n<link rel=\"canonical\" href=\"https:\/\/ocoerente.com.br\/se\/2026\/04\/24\/restaurante-popular-padre-pedro-garante-alimentacao-digna-em-quatro-unidades-localizadas-na-capital-sergipana\/\" \/>\n<meta property=\"og:locale\" content=\"pt_BR\" \/>\n<meta property=\"og:type\" content=\"article\" \/>\n<meta property=\"og:title\" content=\"Restaurante Popular Padre Pedro garante alimenta\u00e7\u00e3o digna em quatro unidades localizadas na capital sergipana - O Coerente\" \/>\n<meta property=\"og:description\" content=\"Programa estadual permanente oferta mais de 3.300 refei\u00e7\u00f5es di\u00e1rias nas unidades dos bairros Centro, Bugio, Jap\u00e3ozinho e Santa Maria, fortalecendo a rede socioassistencial e contribuindo para a redu\u00e7\u00e3o da inseguran\u00e7a alimentar no estado O movimento come\u00e7a cedo no Centro de Aracaju e, tamb\u00e9m, nos bairros Bugio, Jap\u00e3ozinho e Santa Maria, ainda por volta das 9h30. [&hellip;]\" \/>\n<meta property=\"og:url\" content=\"https:\/\/ocoerente.com.br\/se\/2026\/04\/24\/restaurante-popular-padre-pedro-garante-alimentacao-digna-em-quatro-unidades-localizadas-na-capital-sergipana\/\" \/>\n<meta property=\"og:site_name\" content=\"O Coerente\" \/>\n<meta property=\"article:published_time\" content=\"2026-04-24T12:39:34+00:00\" \/>\n<meta property=\"article:modified_time\" content=\"2026-04-24T12:39:36+00:00\" \/>\n<meta property=\"og:image\" content=\"https:\/\/ocoerente.com.br\/se\/wp-content\/uploads\/2026\/04\/49f20f65543408a51a7273d468.jpg\" \/>\n\t<meta property=\"og:image:width\" content=\"1100\" \/>\n\t<meta property=\"og:image:height\" content=\"610\" \/>\n\t<meta property=\"og:image:type\" content=\"image\/jpeg\" \/>\n<meta name=\"author\" content=\"Reda\u00e7\u00e3o\" \/>\n<meta name=\"twitter:card\" content=\"summary_large_image\" \/>\n<meta name=\"twitter:label1\" content=\"Escrito por\" \/>\n\t<meta name=\"twitter:data1\" content=\"Reda\u00e7\u00e3o\" \/>\n\t<meta name=\"twitter:label2\" content=\"Est. tempo de leitura\" \/>\n\t<meta name=\"twitter:data2\" content=\"8 minutos\" \/>\n<script type=\"application\/ld+json\" class=\"yoast-schema-graph\">{\"@context\":\"https:\\\/\\\/schema.org\",\"@graph\":[{\"@type\":\"Article\",\"@id\":\"https:\\\/\\\/ocoerente.com.br\\\/se\\\/2026\\\/04\\\/24\\\/restaurante-popular-padre-pedro-garante-alimentacao-digna-em-quatro-unidades-localizadas-na-capital-sergipana\\\/#article\",\"isPartOf\":{\"@id\":\"https:\\\/\\\/ocoerente.com.br\\\/se\\\/2026\\\/04\\\/24\\\/restaurante-popular-padre-pedro-garante-alimentacao-digna-em-quatro-unidades-localizadas-na-capital-sergipana\\\/\"},\"author\":{\"name\":\"Reda\u00e7\u00e3o\",\"@id\":\"https:\\\/\\\/ocoerente.com.br\\\/se\\\/#\\\/schema\\\/person\\\/cc6bfd9fbca465e23543b0c963d8d037\"},\"headline\":\"Restaurante Popular Padre Pedro garante alimenta\u00e7\u00e3o digna em quatro unidades localizadas na capital sergipana\",\"datePublished\":\"2026-04-24T12:39:34+00:00\",\"dateModified\":\"2026-04-24T12:39:36+00:00\",\"mainEntityOfPage\":{\"@id\":\"https:\\\/\\\/ocoerente.com.br\\\/se\\\/2026\\\/04\\\/24\\\/restaurante-popular-padre-pedro-garante-alimentacao-digna-em-quatro-unidades-localizadas-na-capital-sergipana\\\/\"},\"wordCount\":1415,\"publisher\":{\"@id\":\"https:\\\/\\\/ocoerente.com.br\\\/se\\\/#\\\/schema\\\/person\\\/cc6bfd9fbca465e23543b0c963d8d037\"},\"image\":{\"@id\":\"https:\\\/\\\/ocoerente.com.br\\\/se\\\/2026\\\/04\\\/24\\\/restaurante-popular-padre-pedro-garante-alimentacao-digna-em-quatro-unidades-localizadas-na-capital-sergipana\\\/#primaryimage\"},\"thumbnailUrl\":\"https:\\\/\\\/ocoerente.com.br\\\/se\\\/wp-content\\\/uploads\\\/2026\\\/04\\\/49f20f65543408a51a7273d468.jpg\",\"articleSection\":[\"Destaques\",\"Sergipe\"],\"inLanguage\":\"pt-BR\"},{\"@type\":\"WebPage\",\"@id\":\"https:\\\/\\\/ocoerente.com.br\\\/se\\\/2026\\\/04\\\/24\\\/restaurante-popular-padre-pedro-garante-alimentacao-digna-em-quatro-unidades-localizadas-na-capital-sergipana\\\/\",\"url\":\"https:\\\/\\\/ocoerente.com.br\\\/se\\\/2026\\\/04\\\/24\\\/restaurante-popular-padre-pedro-garante-alimentacao-digna-em-quatro-unidades-localizadas-na-capital-sergipana\\\/\",\"name\":\"Restaurante Popular Padre Pedro garante alimenta\u00e7\u00e3o digna em quatro unidades localizadas na capital sergipana - O Coerente\",\"isPartOf\":{\"@id\":\"https:\\\/\\\/ocoerente.com.br\\\/se\\\/#website\"},\"primaryImageOfPage\":{\"@id\":\"https:\\\/\\\/ocoerente.com.br\\\/se\\\/2026\\\/04\\\/24\\\/restaurante-popular-padre-pedro-garante-alimentacao-digna-em-quatro-unidades-localizadas-na-capital-sergipana\\\/#primaryimage\"},\"image\":{\"@id\":\"https:\\\/\\\/ocoerente.com.br\\\/se\\\/2026\\\/04\\\/24\\\/restaurante-popular-padre-pedro-garante-alimentacao-digna-em-quatro-unidades-localizadas-na-capital-sergipana\\\/#primaryimage\"},\"thumbnailUrl\":\"https:\\\/\\\/ocoerente.com.br\\\/se\\\/wp-content\\\/uploads\\\/2026\\\/04\\\/49f20f65543408a51a7273d468.jpg\",\"datePublished\":\"2026-04-24T12:39:34+00:00\",\"dateModified\":\"2026-04-24T12:39:36+00:00\",\"breadcrumb\":{\"@id\":\"https:\\\/\\\/ocoerente.com.br\\\/se\\\/2026\\\/04\\\/24\\\/restaurante-popular-padre-pedro-garante-alimentacao-digna-em-quatro-unidades-localizadas-na-capital-sergipana\\\/#breadcrumb\"},\"inLanguage\":\"pt-BR\",\"potentialAction\":[{\"@type\":\"ReadAction\",\"target\":[\"https:\\\/\\\/ocoerente.com.br\\\/se\\\/2026\\\/04\\\/24\\\/restaurante-popular-padre-pedro-garante-alimentacao-digna-em-quatro-unidades-localizadas-na-capital-sergipana\\\/\"]}]},{\"@type\":\"ImageObject\",\"inLanguage\":\"pt-BR\",\"@id\":\"https:\\\/\\\/ocoerente.com.br\\\/se\\\/2026\\\/04\\\/24\\\/restaurante-popular-padre-pedro-garante-alimentacao-digna-em-quatro-unidades-localizadas-na-capital-sergipana\\\/#primaryimage\",\"url\":\"https:\\\/\\\/ocoerente.com.br\\\/se\\\/wp-content\\\/uploads\\\/2026\\\/04\\\/49f20f65543408a51a7273d468.jpg\",\"contentUrl\":\"https:\\\/\\\/ocoerente.com.br\\\/se\\\/wp-content\\\/uploads\\\/2026\\\/04\\\/49f20f65543408a51a7273d468.jpg\",\"width\":1100,\"height\":610,\"caption\":\"O Restaurante Popular Padre Pedro garante diariamente almo\u00e7o e jantar para a popula\u00e7\u00e3o em situa\u00e7\u00e3o de vulnerabilidade social, assegurando acesso \u00e0 alimenta\u00e7\u00e3o de qualidade \\\/\\\/ Fotos: Thiago Santos\"},{\"@type\":\"BreadcrumbList\",\"@id\":\"https:\\\/\\\/ocoerente.com.br\\\/se\\\/2026\\\/04\\\/24\\\/restaurante-popular-padre-pedro-garante-alimentacao-digna-em-quatro-unidades-localizadas-na-capital-sergipana\\\/#breadcrumb\",\"itemListElement\":[{\"@type\":\"ListItem\",\"position\":1,\"name\":\"In\u00edcio\",\"item\":\"https:\\\/\\\/ocoerente.com.br\\\/se\\\/\"},{\"@type\":\"ListItem\",\"position\":2,\"name\":\"Restaurante Popular Padre Pedro garante alimenta\u00e7\u00e3o digna em quatro unidades localizadas na capital sergipana\"}]},{\"@type\":\"WebSite\",\"@id\":\"https:\\\/\\\/ocoerente.com.br\\\/se\\\/#website\",\"url\":\"https:\\\/\\\/ocoerente.com.br\\\/se\\\/\",\"name\":\"O Coerente\",\"description\":\"\",\"publisher\":{\"@id\":\"https:\\\/\\\/ocoerente.com.br\\\/se\\\/#\\\/schema\\\/person\\\/cc6bfd9fbca465e23543b0c963d8d037\"},\"potentialAction\":[{\"@type\":\"SearchAction\",\"target\":{\"@type\":\"EntryPoint\",\"urlTemplate\":\"https:\\\/\\\/ocoerente.com.br\\\/se\\\/?s={search_term_string}\"},\"query-input\":{\"@type\":\"PropertyValueSpecification\",\"valueRequired\":true,\"valueName\":\"search_term_string\"}}],\"inLanguage\":\"pt-BR\"},{\"@type\":[\"Person\",\"Organization\"],\"@id\":\"https:\\\/\\\/ocoerente.com.br\\\/se\\\/#\\\/schema\\\/person\\\/cc6bfd9fbca465e23543b0c963d8d037\",\"name\":\"Reda\u00e7\u00e3o\",\"image\":{\"@type\":\"ImageObject\",\"inLanguage\":\"pt-BR\",\"@id\":\"https:\\\/\\\/ocoerente.com.br\\\/se\\\/wp-content\\\/uploads\\\/2020\\\/01\\\/ocoerente-1.png\",\"url\":\"https:\\\/\\\/ocoerente.com.br\\\/se\\\/wp-content\\\/uploads\\\/2020\\\/01\\\/ocoerente-1.png\",\"contentUrl\":\"https:\\\/\\\/ocoerente.com.br\\\/se\\\/wp-content\\\/uploads\\\/2020\\\/01\\\/ocoerente-1.png\",\"width\":50,\"height\":50,\"caption\":\"Reda\u00e7\u00e3o\"},\"logo\":{\"@id\":\"https:\\\/\\\/ocoerente.com.br\\\/se\\\/wp-content\\\/uploads\\\/2020\\\/01\\\/ocoerente-1.png\"},\"url\":\"https:\\\/\\\/ocoerente.com.br\\\/se\\\/author\\\/vasticlsales\\\/\"}]}<\/script>\n<!-- \/ Yoast SEO plugin. -->","yoast_head_json":{"title":"Restaurante Popular Padre Pedro garante alimenta\u00e7\u00e3o digna em quatro unidades localizadas na capital sergipana - O Coerente","robots":{"index":"index","follow":"follow","max-snippet":"max-snippet:-1","max-image-preview":"max-image-preview:large","max-video-preview":"max-video-preview:-1"},"canonical":"https:\/\/ocoerente.com.br\/se\/2026\/04\/24\/restaurante-popular-padre-pedro-garante-alimentacao-digna-em-quatro-unidades-localizadas-na-capital-sergipana\/","og_locale":"pt_BR","og_type":"article","og_title":"Restaurante Popular Padre Pedro garante alimenta\u00e7\u00e3o digna em quatro unidades localizadas na capital sergipana - O Coerente","og_description":"Programa estadual permanente oferta mais de 3.300 refei\u00e7\u00f5es di\u00e1rias nas unidades dos bairros Centro, Bugio, Jap\u00e3ozinho e Santa Maria, fortalecendo a rede socioassistencial e contribuindo para a redu\u00e7\u00e3o da inseguran\u00e7a alimentar no estado O movimento come\u00e7a cedo no Centro de Aracaju e, tamb\u00e9m, nos bairros Bugio, Jap\u00e3ozinho e Santa Maria, ainda por volta das 9h30. [&hellip;]","og_url":"https:\/\/ocoerente.com.br\/se\/2026\/04\/24\/restaurante-popular-padre-pedro-garante-alimentacao-digna-em-quatro-unidades-localizadas-na-capital-sergipana\/","og_site_name":"O Coerente","article_published_time":"2026-04-24T12:39:34+00:00","article_modified_time":"2026-04-24T12:39:36+00:00","og_image":[{"width":1100,"height":610,"url":"https:\/\/ocoerente.com.br\/se\/wp-content\/uploads\/2026\/04\/49f20f65543408a51a7273d468.jpg","type":"image\/jpeg"}],"author":"Reda\u00e7\u00e3o","twitter_card":"summary_large_image","twitter_misc":{"Escrito por":"Reda\u00e7\u00e3o","Est. tempo de leitura":"8 minutos"},"schema":{"@context":"https:\/\/schema.org","@graph":[{"@type":"Article","@id":"https:\/\/ocoerente.com.br\/se\/2026\/04\/24\/restaurante-popular-padre-pedro-garante-alimentacao-digna-em-quatro-unidades-localizadas-na-capital-sergipana\/#article","isPartOf":{"@id":"https:\/\/ocoerente.com.br\/se\/2026\/04\/24\/restaurante-popular-padre-pedro-garante-alimentacao-digna-em-quatro-unidades-localizadas-na-capital-sergipana\/"},"author":{"name":"Reda\u00e7\u00e3o","@id":"https:\/\/ocoerente.com.br\/se\/#\/schema\/person\/cc6bfd9fbca465e23543b0c963d8d037"},"headline":"Restaurante Popular Padre Pedro garante alimenta\u00e7\u00e3o digna em quatro unidades localizadas na capital sergipana","datePublished":"2026-04-24T12:39:34+00:00","dateModified":"2026-04-24T12:39:36+00:00","mainEntityOfPage":{"@id":"https:\/\/ocoerente.com.br\/se\/2026\/04\/24\/restaurante-popular-padre-pedro-garante-alimentacao-digna-em-quatro-unidades-localizadas-na-capital-sergipana\/"},"wordCount":1415,"publisher":{"@id":"https:\/\/ocoerente.com.br\/se\/#\/schema\/person\/cc6bfd9fbca465e23543b0c963d8d037"},"image":{"@id":"https:\/\/ocoerente.com.br\/se\/2026\/04\/24\/restaurante-popular-padre-pedro-garante-alimentacao-digna-em-quatro-unidades-localizadas-na-capital-sergipana\/#primaryimage"},"thumbnailUrl":"https:\/\/ocoerente.com.br\/se\/wp-content\/uploads\/2026\/04\/49f20f65543408a51a7273d468.jpg","articleSection":["Destaques","Sergipe"],"inLanguage":"pt-BR"},{"@type":"WebPage","@id":"https:\/\/ocoerente.com.br\/se\/2026\/04\/24\/restaurante-popular-padre-pedro-garante-alimentacao-digna-em-quatro-unidades-localizadas-na-capital-sergipana\/","url":"https:\/\/ocoerente.com.br\/se\/2026\/04\/24\/restaurante-popular-padre-pedro-garante-alimentacao-digna-em-quatro-unidades-localizadas-na-capital-sergipana\/","name":"Restaurante Popular Padre Pedro garante alimenta\u00e7\u00e3o digna em quatro unidades localizadas na capital sergipana - O Coerente","isPartOf":{"@id":"https:\/\/ocoerente.com.br\/se\/#website"},"primaryImageOfPage":{"@id":"https:\/\/ocoerente.com.br\/se\/2026\/04\/24\/restaurante-popular-padre-pedro-garante-alimentacao-digna-em-quatro-unidades-localizadas-na-capital-sergipana\/#primaryimage"},"image":{"@id":"https:\/\/ocoerente.com.br\/se\/2026\/04\/24\/restaurante-popular-padre-pedro-garante-alimentacao-digna-em-quatro-unidades-localizadas-na-capital-sergipana\/#primaryimage"},"thumbnailUrl":"https:\/\/ocoerente.com.br\/se\/wp-content\/uploads\/2026\/04\/49f20f65543408a51a7273d468.jpg","datePublished":"2026-04-24T12:39:34+00:00","dateModified":"2026-04-24T12:39:36+00:00","breadcrumb":{"@id":"https:\/\/ocoerente.com.br\/se\/2026\/04\/24\/restaurante-popular-padre-pedro-garante-alimentacao-digna-em-quatro-unidades-localizadas-na-capital-sergipana\/#breadcrumb"},"inLanguage":"pt-BR","potentialAction":[{"@type":"ReadAction","target":["https:\/\/ocoerente.com.br\/se\/2026\/04\/24\/restaurante-popular-padre-pedro-garante-alimentacao-digna-em-quatro-unidades-localizadas-na-capital-sergipana\/"]}]},{"@type":"ImageObject","inLanguage":"pt-BR","@id":"https:\/\/ocoerente.com.br\/se\/2026\/04\/24\/restaurante-popular-padre-pedro-garante-alimentacao-digna-em-quatro-unidades-localizadas-na-capital-sergipana\/#primaryimage","url":"https:\/\/ocoerente.com.br\/se\/wp-content\/uploads\/2026\/04\/49f20f65543408a51a7273d468.jpg","contentUrl":"https:\/\/ocoerente.com.br\/se\/wp-content\/uploads\/2026\/04\/49f20f65543408a51a7273d468.jpg","width":1100,"height":610,"caption":"O Restaurante Popular Padre Pedro garante diariamente almo\u00e7o e jantar para a popula\u00e7\u00e3o em situa\u00e7\u00e3o de vulnerabilidade social, assegurando acesso \u00e0 alimenta\u00e7\u00e3o de qualidade \/\/ Fotos: Thiago Santos"},{"@type":"BreadcrumbList","@id":"https:\/\/ocoerente.com.br\/se\/2026\/04\/24\/restaurante-popular-padre-pedro-garante-alimentacao-digna-em-quatro-unidades-localizadas-na-capital-sergipana\/#breadcrumb","itemListElement":[{"@type":"ListItem","position":1,"name":"In\u00edcio","item":"https:\/\/ocoerente.com.br\/se\/"},{"@type":"ListItem","position":2,"name":"Restaurante Popular Padre Pedro garante alimenta\u00e7\u00e3o digna em quatro unidades localizadas na capital sergipana"}]},{"@type":"WebSite","@id":"https:\/\/ocoerente.com.br\/se\/#website","url":"https:\/\/ocoerente.com.br\/se\/","name":"O Coerente","description":"","publisher":{"@id":"https:\/\/ocoerente.com.br\/se\/#\/schema\/person\/cc6bfd9fbca465e23543b0c963d8d037"},"potentialAction":[{"@type":"SearchAction","target":{"@type":"EntryPoint","urlTemplate":"https:\/\/ocoerente.com.br\/se\/?s={search_term_string}"},"query-input":{"@type":"PropertyValueSpecification","valueRequired":true,"valueName":"search_term_string"}}],"inLanguage":"pt-BR"},{"@type":["Person","Organization"],"@id":"https:\/\/ocoerente.com.br\/se\/#\/schema\/person\/cc6bfd9fbca465e23543b0c963d8d037","name":"Reda\u00e7\u00e3o","image":{"@type":"ImageObject","inLanguage":"pt-BR","@id":"https:\/\/ocoerente.com.br\/se\/wp-content\/uploads\/2020\/01\/ocoerente-1.png","url":"https:\/\/ocoerente.com.br\/se\/wp-content\/uploads\/2020\/01\/ocoerente-1.png","contentUrl":"https:\/\/ocoerente.com.br\/se\/wp-content\/uploads\/2020\/01\/ocoerente-1.png","width":50,"height":50,"caption":"Reda\u00e7\u00e3o"},"logo":{"@id":"https:\/\/ocoerente.com.br\/se\/wp-content\/uploads\/2020\/01\/ocoerente-1.png"},"url":"https:\/\/ocoerente.com.br\/se\/author\/vasticlsales\/"}]}},"_links":{"self":[{"href":"https:\/\/ocoerente.com.br\/se\/wp-json\/wp\/v2\/posts\/19311","targetHints":{"allow":["GET"]}}],"collection":[{"href":"https:\/\/ocoerente.com.br\/se\/wp-json\/wp\/v2\/posts"}],"about":[{"href":"https:\/\/ocoerente.com.br\/se\/wp-json\/wp\/v2\/types\/post"}],"author":[{"embeddable":true,"href":"https:\/\/ocoerente.com.br\/se\/wp-json\/wp\/v2\/users\/1"}],"replies":[{"embeddable":true,"href":"https:\/\/ocoerente.com.br\/se\/wp-json\/wp\/v2\/comments?post=19311"}],"version-history":[{"count":1,"href":"https:\/\/ocoerente.com.br\/se\/wp-json\/wp\/v2\/posts\/19311\/revisions"}],"predecessor-version":[{"id":19313,"href":"https:\/\/ocoerente.com.br\/se\/wp-json\/wp\/v2\/posts\/19311\/revisions\/19313"}],"wp:featuredmedia":[{"embeddable":true,"href":"https:\/\/ocoerente.com.br\/se\/wp-json\/wp\/v2\/media\/19312"}],"wp:attachment":[{"href":"https:\/\/ocoerente.com.br\/se\/wp-json\/wp\/v2\/media?parent=19311"}],"wp:term":[{"taxonomy":"category","embeddable":true,"href":"https:\/\/ocoerente.com.br\/se\/wp-json\/wp\/v2\/categories?post=19311"},{"taxonomy":"post_tag","embeddable":true,"href":"https:\/\/ocoerente.com.br\/se\/wp-json\/wp\/v2\/tags?post=19311"}],"curies":[{"name":"wp","href":"https:\/\/api.w.org\/{rel}","templated":true}]}}