{"id":19308,"date":"2026-04-24T09:38:11","date_gmt":"2026-04-24T12:38:11","guid":{"rendered":"https:\/\/ocoerente.com.br\/se\/?p=19308"},"modified":"2026-04-24T09:38:13","modified_gmt":"2026-04-24T12:38:13","slug":"maior-plano-de-pavimentacao-da-historia-avanca-em-nossa-senhora-aparecida","status":"publish","type":"post","link":"https:\/\/ocoerente.com.br\/se\/2026\/04\/24\/maior-plano-de-pavimentacao-da-historia-avanca-em-nossa-senhora-aparecida\/","title":{"rendered":"Maior plano de pavimenta\u00e7\u00e3o da hist\u00f3ria avan\u00e7a em Nossa Senhora Aparecida"},"content":{"rendered":"\n<p>O munic\u00edpio de Nossa Senhora Aparecida vive um momento hist\u00f3rico com a execu\u00e7\u00e3o do maior plano de pavimenta\u00e7\u00e3o j\u00e1 realizado na cidade. As obras seguem em ritmo acelerado e j\u00e1 contemplam dezenas de ruas com pavimenta\u00e7\u00e3o em intertravado, beneficiando diretamente moradores de diferentes regi\u00f5es da sede.<\/p>\n\n\n\n<p>Ao todo, est\u00e3o sendo executados cerca de 20 mil metros quadrados de pavimenta\u00e7\u00e3o, garantindo mais mobilidade urbana, seguran\u00e7a e qualidade de vida para a popula\u00e7\u00e3o.<\/p>\n\n\n\n<p>O deputado federal \u00cdcaro de Valmir destacou que os investimentos v\u00e3o al\u00e9m da infraestrutura, impactando diretamente o bem-estar da popula\u00e7\u00e3o.<\/p>\n\n\n\n<p>\u201cEsse \u00e9 um trabalho que leva dignidade para as pessoas. A gente sabe o quanto a poeira prejudica a sa\u00fade no per\u00edodo seco e a lama dificulta a vida no inverno. Com essas ruas pavimentadas, estamos garantindo mais sa\u00fade, mais conforto e respeito para o nosso povo\u201d, afirmou.<\/p>\n\n\n\n<p>A prefeita Jeane da Farm\u00e1cia tem acompanhado de perto cada etapa da execu\u00e7\u00e3o, refor\u00e7ando o compromisso da gest\u00e3o com a agilidade e a qualidade das obras.<\/p>\n\n\n\n<p>\u201cEstamos presentes, fiscalizando e cobrando para que tudo avance com rapidez. Nosso foco \u00e9 atender a popula\u00e7\u00e3o o quanto antes, levando melhorias reais para o dia a dia das pessoas\u201d, destacou.<\/p>\n\n\n\n<p>O conjunto de obras representa um marco no desenvolvimento urbano de Nossa Senhora Aparecida, consolidando um novo tempo para a cidade, com mais infraestrutura e melhores condi\u00e7\u00f5es de vida para todos.<\/p>\n","protected":false},"excerpt":{"rendered":"<p>O munic\u00edpio de Nossa Senhora Aparecida vive um momento hist\u00f3rico com a execu\u00e7\u00e3o do maior plano de pavimenta\u00e7\u00e3o j\u00e1 realizado na cidade. As obras seguem em ritmo acelerado e j\u00e1 contemplam dezenas de ruas com pavimenta\u00e7\u00e3o em intertravado, beneficiando diretamente moradores de diferentes regi\u00f5es da sede. Ao todo, est\u00e3o sendo executados cerca de 20 mil [&hellip;]<\/p>\n","protected":false},"author":1,"featured_media":19309,"comment_status":"closed","ping_status":"closed","sticky":false,"template":"","format":"standard","meta":{"footnotes":""},"categories":[53,43],"tags":[],"class_list":["post-19308","post","type-post","status-publish","format-standard","has-post-thumbnail","hentry","category-destaques","category-sergipe"],"yoast_head":"<!-- This site is optimized with the Yoast SEO plugin v27.4 - https:\/\/yoast.com\/product\/yoast-seo-wordpress\/ -->\n<title>Maior plano de pavimenta\u00e7\u00e3o da hist\u00f3ria avan\u00e7a em Nossa Senhora Aparecida - O Coerente<\/title>\n<meta name=\"robots\" content=\"index, follow, max-snippet:-1, max-image-preview:large, max-video-preview:-1\" \/>\n<link rel=\"canonical\" href=\"https:\/\/ocoerente.com.br\/se\/2026\/04\/24\/maior-plano-de-pavimentacao-da-historia-avanca-em-nossa-senhora-aparecida\/\" \/>\n<meta property=\"og:locale\" content=\"pt_BR\" \/>\n<meta property=\"og:type\" content=\"article\" \/>\n<meta property=\"og:title\" content=\"Maior plano de pavimenta\u00e7\u00e3o da hist\u00f3ria avan\u00e7a em Nossa Senhora Aparecida - O Coerente\" \/>\n<meta property=\"og:description\" content=\"O munic\u00edpio de Nossa Senhora Aparecida vive um momento hist\u00f3rico com a execu\u00e7\u00e3o do maior plano de pavimenta\u00e7\u00e3o j\u00e1 realizado na cidade. As obras seguem em ritmo acelerado e j\u00e1 contemplam dezenas de ruas com pavimenta\u00e7\u00e3o em intertravado, beneficiando diretamente moradores de diferentes regi\u00f5es da sede. Ao todo, est\u00e3o sendo executados cerca de 20 mil [&hellip;]\" \/>\n<meta property=\"og:url\" content=\"https:\/\/ocoerente.com.br\/se\/2026\/04\/24\/maior-plano-de-pavimentacao-da-historia-avanca-em-nossa-senhora-aparecida\/\" \/>\n<meta property=\"og:site_name\" content=\"O Coerente\" \/>\n<meta property=\"article:published_time\" content=\"2026-04-24T12:38:11+00:00\" \/>\n<meta property=\"article:modified_time\" content=\"2026-04-24T12:38:13+00:00\" \/>\n<meta property=\"og:image\" content=\"https:\/\/ocoerente.com.br\/se\/wp-content\/uploads\/2026\/04\/4ac8-9e58-c26e614e9515.jpg\" \/>\n\t<meta property=\"og:image:width\" content=\"1600\" \/>\n\t<meta property=\"og:image:height\" content=\"1200\" \/>\n\t<meta property=\"og:image:type\" content=\"image\/jpeg\" \/>\n<meta name=\"author\" content=\"Reda\u00e7\u00e3o\" \/>\n<meta name=\"twitter:card\" content=\"summary_large_image\" \/>\n<meta name=\"twitter:label1\" content=\"Escrito por\" \/>\n\t<meta name=\"twitter:data1\" content=\"Reda\u00e7\u00e3o\" \/>\n\t<meta name=\"twitter:label2\" content=\"Est. tempo de leitura\" \/>\n\t<meta name=\"twitter:data2\" content=\"2 minutos\" \/>\n<script type=\"application\/ld+json\" class=\"yoast-schema-graph\">{\"@context\":\"https:\\\/\\\/schema.org\",\"@graph\":[{\"@type\":\"Article\",\"@id\":\"https:\\\/\\\/ocoerente.com.br\\\/se\\\/2026\\\/04\\\/24\\\/maior-plano-de-pavimentacao-da-historia-avanca-em-nossa-senhora-aparecida\\\/#article\",\"isPartOf\":{\"@id\":\"https:\\\/\\\/ocoerente.com.br\\\/se\\\/2026\\\/04\\\/24\\\/maior-plano-de-pavimentacao-da-historia-avanca-em-nossa-senhora-aparecida\\\/\"},\"author\":{\"name\":\"Reda\u00e7\u00e3o\",\"@id\":\"https:\\\/\\\/ocoerente.com.br\\\/se\\\/#\\\/schema\\\/person\\\/cc6bfd9fbca465e23543b0c963d8d037\"},\"headline\":\"Maior plano de pavimenta\u00e7\u00e3o da hist\u00f3ria avan\u00e7a em Nossa Senhora Aparecida\",\"datePublished\":\"2026-04-24T12:38:11+00:00\",\"dateModified\":\"2026-04-24T12:38:13+00:00\",\"mainEntityOfPage\":{\"@id\":\"https:\\\/\\\/ocoerente.com.br\\\/se\\\/2026\\\/04\\\/24\\\/maior-plano-de-pavimentacao-da-historia-avanca-em-nossa-senhora-aparecida\\\/\"},\"wordCount\":260,\"publisher\":{\"@id\":\"https:\\\/\\\/ocoerente.com.br\\\/se\\\/#\\\/schema\\\/person\\\/cc6bfd9fbca465e23543b0c963d8d037\"},\"image\":{\"@id\":\"https:\\\/\\\/ocoerente.com.br\\\/se\\\/2026\\\/04\\\/24\\\/maior-plano-de-pavimentacao-da-historia-avanca-em-nossa-senhora-aparecida\\\/#primaryimage\"},\"thumbnailUrl\":\"https:\\\/\\\/ocoerente.com.br\\\/se\\\/wp-content\\\/uploads\\\/2026\\\/04\\\/4ac8-9e58-c26e614e9515.jpg\",\"articleSection\":[\"Destaques\",\"Sergipe\"],\"inLanguage\":\"pt-BR\"},{\"@type\":\"WebPage\",\"@id\":\"https:\\\/\\\/ocoerente.com.br\\\/se\\\/2026\\\/04\\\/24\\\/maior-plano-de-pavimentacao-da-historia-avanca-em-nossa-senhora-aparecida\\\/\",\"url\":\"https:\\\/\\\/ocoerente.com.br\\\/se\\\/2026\\\/04\\\/24\\\/maior-plano-de-pavimentacao-da-historia-avanca-em-nossa-senhora-aparecida\\\/\",\"name\":\"Maior plano de pavimenta\u00e7\u00e3o da hist\u00f3ria avan\u00e7a em Nossa Senhora Aparecida - O Coerente\",\"isPartOf\":{\"@id\":\"https:\\\/\\\/ocoerente.com.br\\\/se\\\/#website\"},\"primaryImageOfPage\":{\"@id\":\"https:\\\/\\\/ocoerente.com.br\\\/se\\\/2026\\\/04\\\/24\\\/maior-plano-de-pavimentacao-da-historia-avanca-em-nossa-senhora-aparecida\\\/#primaryimage\"},\"image\":{\"@id\":\"https:\\\/\\\/ocoerente.com.br\\\/se\\\/2026\\\/04\\\/24\\\/maior-plano-de-pavimentacao-da-historia-avanca-em-nossa-senhora-aparecida\\\/#primaryimage\"},\"thumbnailUrl\":\"https:\\\/\\\/ocoerente.com.br\\\/se\\\/wp-content\\\/uploads\\\/2026\\\/04\\\/4ac8-9e58-c26e614e9515.jpg\",\"datePublished\":\"2026-04-24T12:38:11+00:00\",\"dateModified\":\"2026-04-24T12:38:13+00:00\",\"breadcrumb\":{\"@id\":\"https:\\\/\\\/ocoerente.com.br\\\/se\\\/2026\\\/04\\\/24\\\/maior-plano-de-pavimentacao-da-historia-avanca-em-nossa-senhora-aparecida\\\/#breadcrumb\"},\"inLanguage\":\"pt-BR\",\"potentialAction\":[{\"@type\":\"ReadAction\",\"target\":[\"https:\\\/\\\/ocoerente.com.br\\\/se\\\/2026\\\/04\\\/24\\\/maior-plano-de-pavimentacao-da-historia-avanca-em-nossa-senhora-aparecida\\\/\"]}]},{\"@type\":\"ImageObject\",\"inLanguage\":\"pt-BR\",\"@id\":\"https:\\\/\\\/ocoerente.com.br\\\/se\\\/2026\\\/04\\\/24\\\/maior-plano-de-pavimentacao-da-historia-avanca-em-nossa-senhora-aparecida\\\/#primaryimage\",\"url\":\"https:\\\/\\\/ocoerente.com.br\\\/se\\\/wp-content\\\/uploads\\\/2026\\\/04\\\/4ac8-9e58-c26e614e9515.jpg\",\"contentUrl\":\"https:\\\/\\\/ocoerente.com.br\\\/se\\\/wp-content\\\/uploads\\\/2026\\\/04\\\/4ac8-9e58-c26e614e9515.jpg\",\"width\":1600,\"height\":1200},{\"@type\":\"BreadcrumbList\",\"@id\":\"https:\\\/\\\/ocoerente.com.br\\\/se\\\/2026\\\/04\\\/24\\\/maior-plano-de-pavimentacao-da-historia-avanca-em-nossa-senhora-aparecida\\\/#breadcrumb\",\"itemListElement\":[{\"@type\":\"ListItem\",\"position\":1,\"name\":\"In\u00edcio\",\"item\":\"https:\\\/\\\/ocoerente.com.br\\\/se\\\/\"},{\"@type\":\"ListItem\",\"position\":2,\"name\":\"Maior plano de pavimenta\u00e7\u00e3o da hist\u00f3ria avan\u00e7a em Nossa Senhora Aparecida\"}]},{\"@type\":\"WebSite\",\"@id\":\"https:\\\/\\\/ocoerente.com.br\\\/se\\\/#website\",\"url\":\"https:\\\/\\\/ocoerente.com.br\\\/se\\\/\",\"name\":\"O Coerente\",\"description\":\"\",\"publisher\":{\"@id\":\"https:\\\/\\\/ocoerente.com.br\\\/se\\\/#\\\/schema\\\/person\\\/cc6bfd9fbca465e23543b0c963d8d037\"},\"potentialAction\":[{\"@type\":\"SearchAction\",\"target\":{\"@type\":\"EntryPoint\",\"urlTemplate\":\"https:\\\/\\\/ocoerente.com.br\\\/se\\\/?s={search_term_string}\"},\"query-input\":{\"@type\":\"PropertyValueSpecification\",\"valueRequired\":true,\"valueName\":\"search_term_string\"}}],\"inLanguage\":\"pt-BR\"},{\"@type\":[\"Person\",\"Organization\"],\"@id\":\"https:\\\/\\\/ocoerente.com.br\\\/se\\\/#\\\/schema\\\/person\\\/cc6bfd9fbca465e23543b0c963d8d037\",\"name\":\"Reda\u00e7\u00e3o\",\"image\":{\"@type\":\"ImageObject\",\"inLanguage\":\"pt-BR\",\"@id\":\"https:\\\/\\\/ocoerente.com.br\\\/se\\\/wp-content\\\/uploads\\\/2020\\\/01\\\/ocoerente-1.png\",\"url\":\"https:\\\/\\\/ocoerente.com.br\\\/se\\\/wp-content\\\/uploads\\\/2020\\\/01\\\/ocoerente-1.png\",\"contentUrl\":\"https:\\\/\\\/ocoerente.com.br\\\/se\\\/wp-content\\\/uploads\\\/2020\\\/01\\\/ocoerente-1.png\",\"width\":50,\"height\":50,\"caption\":\"Reda\u00e7\u00e3o\"},\"logo\":{\"@id\":\"https:\\\/\\\/ocoerente.com.br\\\/se\\\/wp-content\\\/uploads\\\/2020\\\/01\\\/ocoerente-1.png\"},\"url\":\"https:\\\/\\\/ocoerente.com.br\\\/se\\\/author\\\/vasticlsales\\\/\"}]}<\/script>\n<!-- \/ Yoast SEO plugin. -->","yoast_head_json":{"title":"Maior plano de pavimenta\u00e7\u00e3o da hist\u00f3ria avan\u00e7a em Nossa Senhora Aparecida - O Coerente","robots":{"index":"index","follow":"follow","max-snippet":"max-snippet:-1","max-image-preview":"max-image-preview:large","max-video-preview":"max-video-preview:-1"},"canonical":"https:\/\/ocoerente.com.br\/se\/2026\/04\/24\/maior-plano-de-pavimentacao-da-historia-avanca-em-nossa-senhora-aparecida\/","og_locale":"pt_BR","og_type":"article","og_title":"Maior plano de pavimenta\u00e7\u00e3o da hist\u00f3ria avan\u00e7a em Nossa Senhora Aparecida - O Coerente","og_description":"O munic\u00edpio de Nossa Senhora Aparecida vive um momento hist\u00f3rico com a execu\u00e7\u00e3o do maior plano de pavimenta\u00e7\u00e3o j\u00e1 realizado na cidade. As obras seguem em ritmo acelerado e j\u00e1 contemplam dezenas de ruas com pavimenta\u00e7\u00e3o em intertravado, beneficiando diretamente moradores de diferentes regi\u00f5es da sede. Ao todo, est\u00e3o sendo executados cerca de 20 mil [&hellip;]","og_url":"https:\/\/ocoerente.com.br\/se\/2026\/04\/24\/maior-plano-de-pavimentacao-da-historia-avanca-em-nossa-senhora-aparecida\/","og_site_name":"O Coerente","article_published_time":"2026-04-24T12:38:11+00:00","article_modified_time":"2026-04-24T12:38:13+00:00","og_image":[{"width":1600,"height":1200,"url":"https:\/\/ocoerente.com.br\/se\/wp-content\/uploads\/2026\/04\/4ac8-9e58-c26e614e9515.jpg","type":"image\/jpeg"}],"author":"Reda\u00e7\u00e3o","twitter_card":"summary_large_image","twitter_misc":{"Escrito por":"Reda\u00e7\u00e3o","Est. tempo de leitura":"2 minutos"},"schema":{"@context":"https:\/\/schema.org","@graph":[{"@type":"Article","@id":"https:\/\/ocoerente.com.br\/se\/2026\/04\/24\/maior-plano-de-pavimentacao-da-historia-avanca-em-nossa-senhora-aparecida\/#article","isPartOf":{"@id":"https:\/\/ocoerente.com.br\/se\/2026\/04\/24\/maior-plano-de-pavimentacao-da-historia-avanca-em-nossa-senhora-aparecida\/"},"author":{"name":"Reda\u00e7\u00e3o","@id":"https:\/\/ocoerente.com.br\/se\/#\/schema\/person\/cc6bfd9fbca465e23543b0c963d8d037"},"headline":"Maior plano de pavimenta\u00e7\u00e3o da hist\u00f3ria avan\u00e7a em Nossa Senhora Aparecida","datePublished":"2026-04-24T12:38:11+00:00","dateModified":"2026-04-24T12:38:13+00:00","mainEntityOfPage":{"@id":"https:\/\/ocoerente.com.br\/se\/2026\/04\/24\/maior-plano-de-pavimentacao-da-historia-avanca-em-nossa-senhora-aparecida\/"},"wordCount":260,"publisher":{"@id":"https:\/\/ocoerente.com.br\/se\/#\/schema\/person\/cc6bfd9fbca465e23543b0c963d8d037"},"image":{"@id":"https:\/\/ocoerente.com.br\/se\/2026\/04\/24\/maior-plano-de-pavimentacao-da-historia-avanca-em-nossa-senhora-aparecida\/#primaryimage"},"thumbnailUrl":"https:\/\/ocoerente.com.br\/se\/wp-content\/uploads\/2026\/04\/4ac8-9e58-c26e614e9515.jpg","articleSection":["Destaques","Sergipe"],"inLanguage":"pt-BR"},{"@type":"WebPage","@id":"https:\/\/ocoerente.com.br\/se\/2026\/04\/24\/maior-plano-de-pavimentacao-da-historia-avanca-em-nossa-senhora-aparecida\/","url":"https:\/\/ocoerente.com.br\/se\/2026\/04\/24\/maior-plano-de-pavimentacao-da-historia-avanca-em-nossa-senhora-aparecida\/","name":"Maior plano de pavimenta\u00e7\u00e3o da hist\u00f3ria avan\u00e7a em Nossa Senhora Aparecida - O Coerente","isPartOf":{"@id":"https:\/\/ocoerente.com.br\/se\/#website"},"primaryImageOfPage":{"@id":"https:\/\/ocoerente.com.br\/se\/2026\/04\/24\/maior-plano-de-pavimentacao-da-historia-avanca-em-nossa-senhora-aparecida\/#primaryimage"},"image":{"@id":"https:\/\/ocoerente.com.br\/se\/2026\/04\/24\/maior-plano-de-pavimentacao-da-historia-avanca-em-nossa-senhora-aparecida\/#primaryimage"},"thumbnailUrl":"https:\/\/ocoerente.com.br\/se\/wp-content\/uploads\/2026\/04\/4ac8-9e58-c26e614e9515.jpg","datePublished":"2026-04-24T12:38:11+00:00","dateModified":"2026-04-24T12:38:13+00:00","breadcrumb":{"@id":"https:\/\/ocoerente.com.br\/se\/2026\/04\/24\/maior-plano-de-pavimentacao-da-historia-avanca-em-nossa-senhora-aparecida\/#breadcrumb"},"inLanguage":"pt-BR","potentialAction":[{"@type":"ReadAction","target":["https:\/\/ocoerente.com.br\/se\/2026\/04\/24\/maior-plano-de-pavimentacao-da-historia-avanca-em-nossa-senhora-aparecida\/"]}]},{"@type":"ImageObject","inLanguage":"pt-BR","@id":"https:\/\/ocoerente.com.br\/se\/2026\/04\/24\/maior-plano-de-pavimentacao-da-historia-avanca-em-nossa-senhora-aparecida\/#primaryimage","url":"https:\/\/ocoerente.com.br\/se\/wp-content\/uploads\/2026\/04\/4ac8-9e58-c26e614e9515.jpg","contentUrl":"https:\/\/ocoerente.com.br\/se\/wp-content\/uploads\/2026\/04\/4ac8-9e58-c26e614e9515.jpg","width":1600,"height":1200},{"@type":"BreadcrumbList","@id":"https:\/\/ocoerente.com.br\/se\/2026\/04\/24\/maior-plano-de-pavimentacao-da-historia-avanca-em-nossa-senhora-aparecida\/#breadcrumb","itemListElement":[{"@type":"ListItem","position":1,"name":"In\u00edcio","item":"https:\/\/ocoerente.com.br\/se\/"},{"@type":"ListItem","position":2,"name":"Maior plano de pavimenta\u00e7\u00e3o da hist\u00f3ria avan\u00e7a em Nossa Senhora Aparecida"}]},{"@type":"WebSite","@id":"https:\/\/ocoerente.com.br\/se\/#website","url":"https:\/\/ocoerente.com.br\/se\/","name":"O Coerente","description":"","publisher":{"@id":"https:\/\/ocoerente.com.br\/se\/#\/schema\/person\/cc6bfd9fbca465e23543b0c963d8d037"},"potentialAction":[{"@type":"SearchAction","target":{"@type":"EntryPoint","urlTemplate":"https:\/\/ocoerente.com.br\/se\/?s={search_term_string}"},"query-input":{"@type":"PropertyValueSpecification","valueRequired":true,"valueName":"search_term_string"}}],"inLanguage":"pt-BR"},{"@type":["Person","Organization"],"@id":"https:\/\/ocoerente.com.br\/se\/#\/schema\/person\/cc6bfd9fbca465e23543b0c963d8d037","name":"Reda\u00e7\u00e3o","image":{"@type":"ImageObject","inLanguage":"pt-BR","@id":"https:\/\/ocoerente.com.br\/se\/wp-content\/uploads\/2020\/01\/ocoerente-1.png","url":"https:\/\/ocoerente.com.br\/se\/wp-content\/uploads\/2020\/01\/ocoerente-1.png","contentUrl":"https:\/\/ocoerente.com.br\/se\/wp-content\/uploads\/2020\/01\/ocoerente-1.png","width":50,"height":50,"caption":"Reda\u00e7\u00e3o"},"logo":{"@id":"https:\/\/ocoerente.com.br\/se\/wp-content\/uploads\/2020\/01\/ocoerente-1.png"},"url":"https:\/\/ocoerente.com.br\/se\/author\/vasticlsales\/"}]}},"_links":{"self":[{"href":"https:\/\/ocoerente.com.br\/se\/wp-json\/wp\/v2\/posts\/19308","targetHints":{"allow":["GET"]}}],"collection":[{"href":"https:\/\/ocoerente.com.br\/se\/wp-json\/wp\/v2\/posts"}],"about":[{"href":"https:\/\/ocoerente.com.br\/se\/wp-json\/wp\/v2\/types\/post"}],"author":[{"embeddable":true,"href":"https:\/\/ocoerente.com.br\/se\/wp-json\/wp\/v2\/users\/1"}],"replies":[{"embeddable":true,"href":"https:\/\/ocoerente.com.br\/se\/wp-json\/wp\/v2\/comments?post=19308"}],"version-history":[{"count":1,"href":"https:\/\/ocoerente.com.br\/se\/wp-json\/wp\/v2\/posts\/19308\/revisions"}],"predecessor-version":[{"id":19310,"href":"https:\/\/ocoerente.com.br\/se\/wp-json\/wp\/v2\/posts\/19308\/revisions\/19310"}],"wp:featuredmedia":[{"embeddable":true,"href":"https:\/\/ocoerente.com.br\/se\/wp-json\/wp\/v2\/media\/19309"}],"wp:attachment":[{"href":"https:\/\/ocoerente.com.br\/se\/wp-json\/wp\/v2\/media?parent=19308"}],"wp:term":[{"taxonomy":"category","embeddable":true,"href":"https:\/\/ocoerente.com.br\/se\/wp-json\/wp\/v2\/categories?post=19308"},{"taxonomy":"post_tag","embeddable":true,"href":"https:\/\/ocoerente.com.br\/se\/wp-json\/wp\/v2\/tags?post=19308"}],"curies":[{"name":"wp","href":"https:\/\/api.w.org\/{rel}","templated":true}]}}