{"id":18856,"date":"2026-03-03T07:50:13","date_gmt":"2026-03-03T10:50:13","guid":{"rendered":"https:\/\/ocoerente.com.br\/se\/?p=18856"},"modified":"2026-03-03T07:50:14","modified_gmt":"2026-03-03T10:50:14","slug":"prazo-para-inscricoes-no-garantia-safra-e-prorrogado","status":"publish","type":"post","link":"https:\/\/ocoerente.com.br\/se\/2026\/03\/03\/prazo-para-inscricoes-no-garantia-safra-e-prorrogado\/","title":{"rendered":"Prazo para inscri\u00e7\u00f5es no Garantia-Safra \u00e9 prorrogado"},"content":{"rendered":"\n<p><em>At\u00e9 o momento, foram inscritos 15.749 agricultores de 23 munic\u00edpios, para a safra atual de 2025\/2026; com amplia\u00e7\u00e3o do prazo esse n\u00famero ser\u00e1 ampliado<\/em><\/p>\n\n\n\n<p>Agricultores familiares ter\u00e3o prazo a mais para fazer inscri\u00e7\u00e3o no programa Garantia-Safra. A data de encerramento marcada para dia 20 de fevereiro foi prorrogada at\u00e9 o dia 10 de mar\u00e7o de 2026. A coordena\u00e7\u00e3o estadual do programa, por meio da Secretaria de Estado da Agricultura, Desenvolvimento Agr\u00e1rio e da Pesca (Seagri), destaca que a prorroga\u00e7\u00e3o foi autorizada pelo Minist\u00e9rio do Desenvolvimento Agr\u00e1rio para os estados de Sergipe e Alagoas.<\/p>\n\n\n\n<p>De acordo com o coordenador do programa em Sergipe, S\u00e9rgio Santana, a prorroga\u00e7\u00e3o possibilita que os munic\u00edpios, por meio dos sindicatos de trabalhadores rurais e Secretarias Municipais da Agricultura, possam ampliar o n\u00famero de benefici\u00e1rios. \u201cO Minist\u00e9rio do Desenvolvimento Agr\u00e1rio e Agricultura Familiar [MDA] disponibilizou para Sergipe 22 mil cotas e a equipe do programa Garantia-Safra, por meio da Seagri, est\u00e1 trabalhando com afinco para levar o seguro ao maior n\u00famero de agricultores. Hoje, temos 15.749 &nbsp;agricultores de 23 munic\u00edpios inscritos para a safra atual de 2025\/2026, e podemos ampliar esse n\u00famero\u201d, afirmou.<\/p>\n\n\n\n<p>A coordena\u00e7\u00e3o estadual do programa destacou os motivos que levaram o MDA a prorrogar o prazo . \u201cA prorroga\u00e7\u00e3o levou em considera\u00e7\u00e3o a indisponibilidade tempor\u00e1ria do Sistema de Cadastro da Agricultura Familiar [CAF], que impossibilitou a atualiza\u00e7\u00e3o de cadastros existentes, bem como o calend\u00e1rio administrativo do per\u00edodo de Carnaval que abrangeu o per\u00edodo final de inscri\u00e7\u00e3o. Nesse contexto, foi oferecida flexibiliza\u00e7\u00e3o pela coordena\u00e7\u00e3o nacional do programa, garantindo que o agricultor e os gestores possam concluir as etapas necess\u00e1rias sem prejudicar o andamento da implementa\u00e7\u00e3o do programa Garantia-Safra\u201d , explicou S\u00e9rgio.<\/p>\n\n\n\n<p>Ainda conforme o coordenador, o pedido de prorroga\u00e7\u00e3o n\u00e3o causa nenhum preju\u00edzo que venha prejudicar nem o agricultor, nem o Estado, nem o programa. \u201cAs outras etapas de implementa\u00e7\u00e3o tamb\u00e9m ser\u00e3o ampliadas, ou seja, prorrogando a data das inscri\u00e7\u00f5es do programa Garantia-Safra no estado de Sergipe, fica, tamb\u00e9m, prorrogado, at\u00e9 o dia 24 de mar\u00e7o, o prazo de pagamento dos boletos banc\u00e1rios pelos agricultores familiares, confirmando assim suas inscri\u00e7\u00f5es\u201d, indicou.<\/p>\n\n\n\n<p><strong>Inscri\u00e7\u00f5es<\/strong><\/p>\n\n\n\n<p>Para realizar a inscri\u00e7\u00e3o, os agricultores devem procurar as secretarias municipais da Agricultura, escrit\u00f3rios da Empresa de Desenvolvimento Agropecu\u00e1rio de Sergipe (Emdagro), ou sindicatos dos trabalhadores rurais, com documentos de identifica\u00e7\u00e3o em m\u00e3os. Ao completar a inscri\u00e7\u00e3o, o agricultor recebe um boleto banc\u00e1rio, que pode ser pago na Caixa Econ\u00f4mica ou em casas lot\u00e9ricas. \u201cA ades\u00e3o do agricultor \u00e9 efetivada com o pagamento simb\u00f3lico de R$ 24, por meio de boleto banc\u00e1rio\u201d, acrescenta o coordenador.<\/p>\n\n\n\n<p>Podem se inscrever os agricultores que possuam renda familiar mensal de, no m\u00e1ximo, um sal\u00e1rio m\u00ednimo e meio, que n\u00e3o estejam trabalhando com carteira assinada e que plantam entre 0,6 e cinco hectares das culturas tradicionais do semi\u00e1rido, como feij\u00e3o, milho, arroz, mandioca ou algod\u00e3o. O benef\u00edcio \u00e9 pago quando a seca ou o excesso de chuvas provoca a perda de, pelo menos, metade da produ\u00e7\u00e3o.<\/p>\n\n\n\n<p>GOV\/SE<\/p>\n","protected":false},"excerpt":{"rendered":"<p>At\u00e9 o momento, foram inscritos 15.749 agricultores de 23 munic\u00edpios, para a safra atual de 2025\/2026; com amplia\u00e7\u00e3o do prazo esse n\u00famero ser\u00e1 ampliado Agricultores familiares ter\u00e3o prazo a mais para fazer inscri\u00e7\u00e3o no programa Garantia-Safra. A data de encerramento marcada para dia 20 de fevereiro foi prorrogada at\u00e9 o dia 10 de mar\u00e7o de [&hellip;]<\/p>\n","protected":false},"author":1,"featured_media":18857,"comment_status":"closed","ping_status":"closed","sticky":false,"template":"","format":"standard","meta":{"footnotes":""},"categories":[53,43],"tags":[],"class_list":["post-18856","post","type-post","status-publish","format-standard","has-post-thumbnail","hentry","category-destaques","category-sergipe"],"yoast_head":"<!-- This site is optimized with the Yoast SEO plugin v27.4 - https:\/\/yoast.com\/product\/yoast-seo-wordpress\/ -->\n<title>Prazo para inscri\u00e7\u00f5es no Garantia-Safra \u00e9 prorrogado - O Coerente<\/title>\n<meta name=\"robots\" content=\"index, follow, max-snippet:-1, max-image-preview:large, max-video-preview:-1\" \/>\n<link rel=\"canonical\" href=\"https:\/\/ocoerente.com.br\/se\/2026\/03\/03\/prazo-para-inscricoes-no-garantia-safra-e-prorrogado\/\" \/>\n<meta property=\"og:locale\" content=\"pt_BR\" \/>\n<meta property=\"og:type\" content=\"article\" \/>\n<meta property=\"og:title\" content=\"Prazo para inscri\u00e7\u00f5es no Garantia-Safra \u00e9 prorrogado - O Coerente\" \/>\n<meta property=\"og:description\" content=\"At\u00e9 o momento, foram inscritos 15.749 agricultores de 23 munic\u00edpios, para a safra atual de 2025\/2026; com amplia\u00e7\u00e3o do prazo esse n\u00famero ser\u00e1 ampliado Agricultores familiares ter\u00e3o prazo a mais para fazer inscri\u00e7\u00e3o no programa Garantia-Safra. A data de encerramento marcada para dia 20 de fevereiro foi prorrogada at\u00e9 o dia 10 de mar\u00e7o de [&hellip;]\" \/>\n<meta property=\"og:url\" content=\"https:\/\/ocoerente.com.br\/se\/2026\/03\/03\/prazo-para-inscricoes-no-garantia-safra-e-prorrogado\/\" \/>\n<meta property=\"og:site_name\" content=\"O Coerente\" \/>\n<meta property=\"article:published_time\" content=\"2026-03-03T10:50:13+00:00\" \/>\n<meta property=\"article:modified_time\" content=\"2026-03-03T10:50:14+00:00\" \/>\n<meta property=\"og:image\" content=\"https:\/\/ocoerente.com.br\/se\/wp-content\/uploads\/2026\/03\/2e0a8133cda2fd5612f.jpg\" \/>\n\t<meta property=\"og:image:width\" content=\"1100\" \/>\n\t<meta property=\"og:image:height\" content=\"610\" \/>\n\t<meta property=\"og:image:type\" content=\"image\/jpeg\" \/>\n<meta name=\"author\" content=\"Reda\u00e7\u00e3o\" \/>\n<meta name=\"twitter:card\" content=\"summary_large_image\" \/>\n<meta name=\"twitter:label1\" content=\"Escrito por\" \/>\n\t<meta name=\"twitter:data1\" content=\"Reda\u00e7\u00e3o\" \/>\n\t<meta name=\"twitter:label2\" content=\"Est. tempo de leitura\" \/>\n\t<meta name=\"twitter:data2\" content=\"3 minutos\" \/>\n<script type=\"application\/ld+json\" class=\"yoast-schema-graph\">{\"@context\":\"https:\\\/\\\/schema.org\",\"@graph\":[{\"@type\":\"Article\",\"@id\":\"https:\\\/\\\/ocoerente.com.br\\\/se\\\/2026\\\/03\\\/03\\\/prazo-para-inscricoes-no-garantia-safra-e-prorrogado\\\/#article\",\"isPartOf\":{\"@id\":\"https:\\\/\\\/ocoerente.com.br\\\/se\\\/2026\\\/03\\\/03\\\/prazo-para-inscricoes-no-garantia-safra-e-prorrogado\\\/\"},\"author\":{\"name\":\"Reda\u00e7\u00e3o\",\"@id\":\"https:\\\/\\\/ocoerente.com.br\\\/se\\\/#\\\/schema\\\/person\\\/cc6bfd9fbca465e23543b0c963d8d037\"},\"headline\":\"Prazo para inscri\u00e7\u00f5es no Garantia-Safra \u00e9 prorrogado\",\"datePublished\":\"2026-03-03T10:50:13+00:00\",\"dateModified\":\"2026-03-03T10:50:14+00:00\",\"mainEntityOfPage\":{\"@id\":\"https:\\\/\\\/ocoerente.com.br\\\/se\\\/2026\\\/03\\\/03\\\/prazo-para-inscricoes-no-garantia-safra-e-prorrogado\\\/\"},\"wordCount\":549,\"publisher\":{\"@id\":\"https:\\\/\\\/ocoerente.com.br\\\/se\\\/#\\\/schema\\\/person\\\/cc6bfd9fbca465e23543b0c963d8d037\"},\"image\":{\"@id\":\"https:\\\/\\\/ocoerente.com.br\\\/se\\\/2026\\\/03\\\/03\\\/prazo-para-inscricoes-no-garantia-safra-e-prorrogado\\\/#primaryimage\"},\"thumbnailUrl\":\"https:\\\/\\\/ocoerente.com.br\\\/se\\\/wp-content\\\/uploads\\\/2026\\\/03\\\/2e0a8133cda2fd5612f.jpg\",\"articleSection\":[\"Destaques\",\"Sergipe\"],\"inLanguage\":\"pt-BR\"},{\"@type\":\"WebPage\",\"@id\":\"https:\\\/\\\/ocoerente.com.br\\\/se\\\/2026\\\/03\\\/03\\\/prazo-para-inscricoes-no-garantia-safra-e-prorrogado\\\/\",\"url\":\"https:\\\/\\\/ocoerente.com.br\\\/se\\\/2026\\\/03\\\/03\\\/prazo-para-inscricoes-no-garantia-safra-e-prorrogado\\\/\",\"name\":\"Prazo para inscri\u00e7\u00f5es no Garantia-Safra \u00e9 prorrogado - O Coerente\",\"isPartOf\":{\"@id\":\"https:\\\/\\\/ocoerente.com.br\\\/se\\\/#website\"},\"primaryImageOfPage\":{\"@id\":\"https:\\\/\\\/ocoerente.com.br\\\/se\\\/2026\\\/03\\\/03\\\/prazo-para-inscricoes-no-garantia-safra-e-prorrogado\\\/#primaryimage\"},\"image\":{\"@id\":\"https:\\\/\\\/ocoerente.com.br\\\/se\\\/2026\\\/03\\\/03\\\/prazo-para-inscricoes-no-garantia-safra-e-prorrogado\\\/#primaryimage\"},\"thumbnailUrl\":\"https:\\\/\\\/ocoerente.com.br\\\/se\\\/wp-content\\\/uploads\\\/2026\\\/03\\\/2e0a8133cda2fd5612f.jpg\",\"datePublished\":\"2026-03-03T10:50:13+00:00\",\"dateModified\":\"2026-03-03T10:50:14+00:00\",\"breadcrumb\":{\"@id\":\"https:\\\/\\\/ocoerente.com.br\\\/se\\\/2026\\\/03\\\/03\\\/prazo-para-inscricoes-no-garantia-safra-e-prorrogado\\\/#breadcrumb\"},\"inLanguage\":\"pt-BR\",\"potentialAction\":[{\"@type\":\"ReadAction\",\"target\":[\"https:\\\/\\\/ocoerente.com.br\\\/se\\\/2026\\\/03\\\/03\\\/prazo-para-inscricoes-no-garantia-safra-e-prorrogado\\\/\"]}]},{\"@type\":\"ImageObject\",\"inLanguage\":\"pt-BR\",\"@id\":\"https:\\\/\\\/ocoerente.com.br\\\/se\\\/2026\\\/03\\\/03\\\/prazo-para-inscricoes-no-garantia-safra-e-prorrogado\\\/#primaryimage\",\"url\":\"https:\\\/\\\/ocoerente.com.br\\\/se\\\/wp-content\\\/uploads\\\/2026\\\/03\\\/2e0a8133cda2fd5612f.jpg\",\"contentUrl\":\"https:\\\/\\\/ocoerente.com.br\\\/se\\\/wp-content\\\/uploads\\\/2026\\\/03\\\/2e0a8133cda2fd5612f.jpg\",\"width\":1100,\"height\":610,\"caption\":\"Fotos: Vieira Neto\\\/Ascom Seagri\"},{\"@type\":\"BreadcrumbList\",\"@id\":\"https:\\\/\\\/ocoerente.com.br\\\/se\\\/2026\\\/03\\\/03\\\/prazo-para-inscricoes-no-garantia-safra-e-prorrogado\\\/#breadcrumb\",\"itemListElement\":[{\"@type\":\"ListItem\",\"position\":1,\"name\":\"In\u00edcio\",\"item\":\"https:\\\/\\\/ocoerente.com.br\\\/se\\\/\"},{\"@type\":\"ListItem\",\"position\":2,\"name\":\"Prazo para inscri\u00e7\u00f5es no Garantia-Safra \u00e9 prorrogado\"}]},{\"@type\":\"WebSite\",\"@id\":\"https:\\\/\\\/ocoerente.com.br\\\/se\\\/#website\",\"url\":\"https:\\\/\\\/ocoerente.com.br\\\/se\\\/\",\"name\":\"O Coerente\",\"description\":\"\",\"publisher\":{\"@id\":\"https:\\\/\\\/ocoerente.com.br\\\/se\\\/#\\\/schema\\\/person\\\/cc6bfd9fbca465e23543b0c963d8d037\"},\"potentialAction\":[{\"@type\":\"SearchAction\",\"target\":{\"@type\":\"EntryPoint\",\"urlTemplate\":\"https:\\\/\\\/ocoerente.com.br\\\/se\\\/?s={search_term_string}\"},\"query-input\":{\"@type\":\"PropertyValueSpecification\",\"valueRequired\":true,\"valueName\":\"search_term_string\"}}],\"inLanguage\":\"pt-BR\"},{\"@type\":[\"Person\",\"Organization\"],\"@id\":\"https:\\\/\\\/ocoerente.com.br\\\/se\\\/#\\\/schema\\\/person\\\/cc6bfd9fbca465e23543b0c963d8d037\",\"name\":\"Reda\u00e7\u00e3o\",\"image\":{\"@type\":\"ImageObject\",\"inLanguage\":\"pt-BR\",\"@id\":\"https:\\\/\\\/ocoerente.com.br\\\/se\\\/wp-content\\\/uploads\\\/2020\\\/01\\\/ocoerente-1.png\",\"url\":\"https:\\\/\\\/ocoerente.com.br\\\/se\\\/wp-content\\\/uploads\\\/2020\\\/01\\\/ocoerente-1.png\",\"contentUrl\":\"https:\\\/\\\/ocoerente.com.br\\\/se\\\/wp-content\\\/uploads\\\/2020\\\/01\\\/ocoerente-1.png\",\"width\":50,\"height\":50,\"caption\":\"Reda\u00e7\u00e3o\"},\"logo\":{\"@id\":\"https:\\\/\\\/ocoerente.com.br\\\/se\\\/wp-content\\\/uploads\\\/2020\\\/01\\\/ocoerente-1.png\"},\"url\":\"https:\\\/\\\/ocoerente.com.br\\\/se\\\/author\\\/vasticlsales\\\/\"}]}<\/script>\n<!-- \/ Yoast SEO plugin. -->","yoast_head_json":{"title":"Prazo para inscri\u00e7\u00f5es no Garantia-Safra \u00e9 prorrogado - O Coerente","robots":{"index":"index","follow":"follow","max-snippet":"max-snippet:-1","max-image-preview":"max-image-preview:large","max-video-preview":"max-video-preview:-1"},"canonical":"https:\/\/ocoerente.com.br\/se\/2026\/03\/03\/prazo-para-inscricoes-no-garantia-safra-e-prorrogado\/","og_locale":"pt_BR","og_type":"article","og_title":"Prazo para inscri\u00e7\u00f5es no Garantia-Safra \u00e9 prorrogado - O Coerente","og_description":"At\u00e9 o momento, foram inscritos 15.749 agricultores de 23 munic\u00edpios, para a safra atual de 2025\/2026; com amplia\u00e7\u00e3o do prazo esse n\u00famero ser\u00e1 ampliado Agricultores familiares ter\u00e3o prazo a mais para fazer inscri\u00e7\u00e3o no programa Garantia-Safra. A data de encerramento marcada para dia 20 de fevereiro foi prorrogada at\u00e9 o dia 10 de mar\u00e7o de [&hellip;]","og_url":"https:\/\/ocoerente.com.br\/se\/2026\/03\/03\/prazo-para-inscricoes-no-garantia-safra-e-prorrogado\/","og_site_name":"O Coerente","article_published_time":"2026-03-03T10:50:13+00:00","article_modified_time":"2026-03-03T10:50:14+00:00","og_image":[{"width":1100,"height":610,"url":"https:\/\/ocoerente.com.br\/se\/wp-content\/uploads\/2026\/03\/2e0a8133cda2fd5612f.jpg","type":"image\/jpeg"}],"author":"Reda\u00e7\u00e3o","twitter_card":"summary_large_image","twitter_misc":{"Escrito por":"Reda\u00e7\u00e3o","Est. tempo de leitura":"3 minutos"},"schema":{"@context":"https:\/\/schema.org","@graph":[{"@type":"Article","@id":"https:\/\/ocoerente.com.br\/se\/2026\/03\/03\/prazo-para-inscricoes-no-garantia-safra-e-prorrogado\/#article","isPartOf":{"@id":"https:\/\/ocoerente.com.br\/se\/2026\/03\/03\/prazo-para-inscricoes-no-garantia-safra-e-prorrogado\/"},"author":{"name":"Reda\u00e7\u00e3o","@id":"https:\/\/ocoerente.com.br\/se\/#\/schema\/person\/cc6bfd9fbca465e23543b0c963d8d037"},"headline":"Prazo para inscri\u00e7\u00f5es no Garantia-Safra \u00e9 prorrogado","datePublished":"2026-03-03T10:50:13+00:00","dateModified":"2026-03-03T10:50:14+00:00","mainEntityOfPage":{"@id":"https:\/\/ocoerente.com.br\/se\/2026\/03\/03\/prazo-para-inscricoes-no-garantia-safra-e-prorrogado\/"},"wordCount":549,"publisher":{"@id":"https:\/\/ocoerente.com.br\/se\/#\/schema\/person\/cc6bfd9fbca465e23543b0c963d8d037"},"image":{"@id":"https:\/\/ocoerente.com.br\/se\/2026\/03\/03\/prazo-para-inscricoes-no-garantia-safra-e-prorrogado\/#primaryimage"},"thumbnailUrl":"https:\/\/ocoerente.com.br\/se\/wp-content\/uploads\/2026\/03\/2e0a8133cda2fd5612f.jpg","articleSection":["Destaques","Sergipe"],"inLanguage":"pt-BR"},{"@type":"WebPage","@id":"https:\/\/ocoerente.com.br\/se\/2026\/03\/03\/prazo-para-inscricoes-no-garantia-safra-e-prorrogado\/","url":"https:\/\/ocoerente.com.br\/se\/2026\/03\/03\/prazo-para-inscricoes-no-garantia-safra-e-prorrogado\/","name":"Prazo para inscri\u00e7\u00f5es no Garantia-Safra \u00e9 prorrogado - O Coerente","isPartOf":{"@id":"https:\/\/ocoerente.com.br\/se\/#website"},"primaryImageOfPage":{"@id":"https:\/\/ocoerente.com.br\/se\/2026\/03\/03\/prazo-para-inscricoes-no-garantia-safra-e-prorrogado\/#primaryimage"},"image":{"@id":"https:\/\/ocoerente.com.br\/se\/2026\/03\/03\/prazo-para-inscricoes-no-garantia-safra-e-prorrogado\/#primaryimage"},"thumbnailUrl":"https:\/\/ocoerente.com.br\/se\/wp-content\/uploads\/2026\/03\/2e0a8133cda2fd5612f.jpg","datePublished":"2026-03-03T10:50:13+00:00","dateModified":"2026-03-03T10:50:14+00:00","breadcrumb":{"@id":"https:\/\/ocoerente.com.br\/se\/2026\/03\/03\/prazo-para-inscricoes-no-garantia-safra-e-prorrogado\/#breadcrumb"},"inLanguage":"pt-BR","potentialAction":[{"@type":"ReadAction","target":["https:\/\/ocoerente.com.br\/se\/2026\/03\/03\/prazo-para-inscricoes-no-garantia-safra-e-prorrogado\/"]}]},{"@type":"ImageObject","inLanguage":"pt-BR","@id":"https:\/\/ocoerente.com.br\/se\/2026\/03\/03\/prazo-para-inscricoes-no-garantia-safra-e-prorrogado\/#primaryimage","url":"https:\/\/ocoerente.com.br\/se\/wp-content\/uploads\/2026\/03\/2e0a8133cda2fd5612f.jpg","contentUrl":"https:\/\/ocoerente.com.br\/se\/wp-content\/uploads\/2026\/03\/2e0a8133cda2fd5612f.jpg","width":1100,"height":610,"caption":"Fotos: Vieira Neto\/Ascom Seagri"},{"@type":"BreadcrumbList","@id":"https:\/\/ocoerente.com.br\/se\/2026\/03\/03\/prazo-para-inscricoes-no-garantia-safra-e-prorrogado\/#breadcrumb","itemListElement":[{"@type":"ListItem","position":1,"name":"In\u00edcio","item":"https:\/\/ocoerente.com.br\/se\/"},{"@type":"ListItem","position":2,"name":"Prazo para inscri\u00e7\u00f5es no Garantia-Safra \u00e9 prorrogado"}]},{"@type":"WebSite","@id":"https:\/\/ocoerente.com.br\/se\/#website","url":"https:\/\/ocoerente.com.br\/se\/","name":"O Coerente","description":"","publisher":{"@id":"https:\/\/ocoerente.com.br\/se\/#\/schema\/person\/cc6bfd9fbca465e23543b0c963d8d037"},"potentialAction":[{"@type":"SearchAction","target":{"@type":"EntryPoint","urlTemplate":"https:\/\/ocoerente.com.br\/se\/?s={search_term_string}"},"query-input":{"@type":"PropertyValueSpecification","valueRequired":true,"valueName":"search_term_string"}}],"inLanguage":"pt-BR"},{"@type":["Person","Organization"],"@id":"https:\/\/ocoerente.com.br\/se\/#\/schema\/person\/cc6bfd9fbca465e23543b0c963d8d037","name":"Reda\u00e7\u00e3o","image":{"@type":"ImageObject","inLanguage":"pt-BR","@id":"https:\/\/ocoerente.com.br\/se\/wp-content\/uploads\/2020\/01\/ocoerente-1.png","url":"https:\/\/ocoerente.com.br\/se\/wp-content\/uploads\/2020\/01\/ocoerente-1.png","contentUrl":"https:\/\/ocoerente.com.br\/se\/wp-content\/uploads\/2020\/01\/ocoerente-1.png","width":50,"height":50,"caption":"Reda\u00e7\u00e3o"},"logo":{"@id":"https:\/\/ocoerente.com.br\/se\/wp-content\/uploads\/2020\/01\/ocoerente-1.png"},"url":"https:\/\/ocoerente.com.br\/se\/author\/vasticlsales\/"}]}},"_links":{"self":[{"href":"https:\/\/ocoerente.com.br\/se\/wp-json\/wp\/v2\/posts\/18856","targetHints":{"allow":["GET"]}}],"collection":[{"href":"https:\/\/ocoerente.com.br\/se\/wp-json\/wp\/v2\/posts"}],"about":[{"href":"https:\/\/ocoerente.com.br\/se\/wp-json\/wp\/v2\/types\/post"}],"author":[{"embeddable":true,"href":"https:\/\/ocoerente.com.br\/se\/wp-json\/wp\/v2\/users\/1"}],"replies":[{"embeddable":true,"href":"https:\/\/ocoerente.com.br\/se\/wp-json\/wp\/v2\/comments?post=18856"}],"version-history":[{"count":1,"href":"https:\/\/ocoerente.com.br\/se\/wp-json\/wp\/v2\/posts\/18856\/revisions"}],"predecessor-version":[{"id":18858,"href":"https:\/\/ocoerente.com.br\/se\/wp-json\/wp\/v2\/posts\/18856\/revisions\/18858"}],"wp:featuredmedia":[{"embeddable":true,"href":"https:\/\/ocoerente.com.br\/se\/wp-json\/wp\/v2\/media\/18857"}],"wp:attachment":[{"href":"https:\/\/ocoerente.com.br\/se\/wp-json\/wp\/v2\/media?parent=18856"}],"wp:term":[{"taxonomy":"category","embeddable":true,"href":"https:\/\/ocoerente.com.br\/se\/wp-json\/wp\/v2\/categories?post=18856"},{"taxonomy":"post_tag","embeddable":true,"href":"https:\/\/ocoerente.com.br\/se\/wp-json\/wp\/v2\/tags?post=18856"}],"curies":[{"name":"wp","href":"https:\/\/api.w.org\/{rel}","templated":true}]}}